{"id":338451,"date":"2023-06-01T07:55:06","date_gmt":"2023-06-01T05:55:06","guid":{"rendered":"https:\/\/www.radiopiu.net\/wordpress\/?p=338451"},"modified":"2023-06-01T09:05:41","modified_gmt":"2023-06-01T07:05:41","slug":"dal-1983-ogni-giorno-alle-otto-del-mattino-la-rassegna-stampa-locale-di-mirko-mezzacasa-2","status":"publish","type":"post","link":"https:\/\/www.radiopiu.net\/wordpress\/dal-1983-ogni-giorno-alle-otto-del-mattino-la-rassegna-stampa-locale-di-mirko-mezzacasa-2\/","title":{"rendered":"DAL 1983, OGNI GIORNO ALLE OTTO DEL MATTINO: LA RASSEGNA STAMPA LOCALE di mirko mezzacasa"},"content":{"rendered":"<p>&nbsp;<\/p>\n<p><iframe loading=\"lazy\" title=\"RASSEGNA STAMPA LOCALE\" width=\"1200\" height=\"675\" src=\"https:\/\/www.youtube.com\/embed\/TtSnxx_HIKQ?feature=oembed\" frameborder=\"0\" allow=\"accelerometer; autoplay; clipboard-write; encrypted-media; gyroscope; picture-in-picture; web-share\" allowfullscreen><\/iframe><\/p>\n<p><strong>BELLUNO<\/strong> Un problema all&#8217;impianto frenante \u00e8 la causa della chiusura della rampa B della scala mobile, in discesa, rimarr\u00e0 ferma in attesa del pezzo da sostituire fino a met\u00e0 luglio.<br \/>\n<strong>FELTRE<\/strong> Un nuovo canale per fermare il problema degli allagamenti. Via libera al progetto del canale di scolo tra via Scuole e via Della Grande a Mugnai.<br \/>\n<strong>SANTA GIUSTINA<\/strong> Aumentano le tariffe per la raccolta dei rifiuti alla RSA di Meano, la casa di riposo pagher\u00e0 10mila euro l&#8217;anno.<br \/>\n<strong>BELLUNO<\/strong> Quando l&#8217;evento non e&#8217; sport va annullato. Le regole valgono per tutti anche per Matteo Gracis al quale \u00e8 stata negata la Spes Arena.<br \/>\n<strong>DUE DEBUTTI<\/strong> Ieri sera a Canale d&#8217;Agordo giuramento e primo consiglio comunale del sindaco Massimo Murer. A Pieve di Cadore sala gremita per il primo consiglio del sindaco Sindi Manushi<br \/>\n<strong>PIEVE DI CADORE<\/strong> Matteo Toscani con un grande salto da le dimissioni da consigliere di minoranza a Valle di Cadore (dove era stato votato anche se da una minima parte della popolazione) ad assessore a Pieve di Cadore, chiamato dal nuovo sindaco. Per il sindaco di Valle di Cadore Marianna Hofer: &#8221; una pessima pagina per i cittadini di Valle e per i suoi ex colleghi, chi ama il paese non abbandona la nave. A volte bisogna saper scindere tra chi amministra e chi fa politica. A Pieve non hanno preso un amministratore, ma un politico&#8221;<br \/>\n<strong>BELLUNO<\/strong> Il Commissario Dal ben assicura che la Ulss1 avr\u00e0 il secondo elicottero per tutta l&#8217;estate. Intanto novit\u00e0 per il centro prelievi, sar\u00e0 trasferito a San Gervasio.<br \/>\n<strong>BORGO VALBELLUNA<\/strong> Ieri sera alle 20:42 \u00e8 stata registrata una scossa di terremoto a Borgo Valbelluna. Un leggero movimento di magnitudo 1.5. Epicentro a Trichiana con una profondit\u00e0 di 10, 2 km<br \/>\n<strong>FELTRE<\/strong> La questura di Padova ha smantellato una banda specializzata nel furto di biciclette di pregio da garage privati e negozi. Un cittadino moldavo di 22 anni \u00e8 stato arrestato e un altro di 23 anni ha ricevuto il divieto di dimora in Veneto<br \/>\n<strong>PONTE NELLE ALPI<\/strong> Belluno \u00e8 una delle 22 province italiane scelte dalla Polizia di Stato per la consegna de \u201cIl mio Diario\u201d, l\u2019agenda scolastica che tratta temi di cittadinanza attiva, legalit\u00e0 e ambiente. La cerimonia di consegna alla scuola di Canevoi di Ponte nelle Alpi.<br \/>\n<strong>FELTRE<\/strong> La sala Ocri ha ospitato un incontro di formazione promosso dal Comune di Feltre e dal locale Comando di Polizia Locale, in collaborazione con l\u2019ANVU, l\u2019Associazione Professionale Polizia Locale d\u2019Italia, sul tema \u201cMobilit\u00e0 elettrica e sicurezza stradale: strumenti di contrasto alle violazioni e verifica delle caratteristiche tecniche\u201d.<br \/>\n<strong>BELLUNO<\/strong> Una serata a dir poco emozionante, il concerto di fine anno degli studenti del Liceo musicale Renier di Belluno, che ieri sera si sono esibiti sul palco del teatro Comunale. 84 giovanissimi elementi che si sono alternati in una girandola di musica classica , jazz e rock , guidati dai loro insegnanti passando dalle note di Bach, Ravel , Freddy Mercury, Carmen Consoli, Miles Davies e i Deep Purple con un mitico Smoke on the water sia in versione originale che jazz. Teatro gremito e tantissima ammirazione e invidia per chi, come ha sostenuto l\u2019assessore alla Cultura Barbara Olivotto, non sa suonare.<br \/>\n<strong>FALCADE<\/strong> Prorogata l\u2019ordinanza in scadenza domani. La nuova data di fine lavori \u00e8 fissata al 9 giugno. Per questo la provinciale 346 del San Pellegrino sar\u00e0 chiusa totalmente alla circolazione nel tratto bivio Passo Valles-Zingari Bassi, dalle 8 alle 12 e dalle 13 alle 17, esclusi festivi, sabato e domenica. Durante le riapertura senso unico alternato.<br \/>\n<strong>FALCADE<\/strong> I Gruppi Alpini rappresentano un importante pilastro della comunit\u00e0 locale, promuovendo attivit\u00e0 che uniscono tradizione, avventura e scoperta del patrimonio culturale. Nel contesto di queste iniziative, il Gruppo Alpini di Falcade ha annunciato una gita straordinaria che si terr\u00e0 l\u201911 giugno, con destinazione la Foiba di Basovizza e una deliziosa pausa pranzo a Lignano. informazioni 338 5628415.<\/p>\n<p><strong>HOCKEY SU GHIACCIO<\/strong> ALESSANDRO FONTANA E LA VOGLIA DI AFFRONTARE NUOVE SFIDE<br \/>\n<strong>MOTORI<\/strong> LA BELLA PRESTAZIONE DI \u201cBRIK\u201d AL RALLY DELLA MARCA<br \/>\n<strong>CALCIO<\/strong> SI AVVICINA SEMPRE DI PIU\u2019 LA GRANDE FESTA PER IL 60ESIMO DEL FIORI BARP MAS<br \/>\n<strong>NUOTO GIOVANILE<\/strong>, ATTIVAMENTE AGORDINO: ALLA GRANDE!\u00a0La piscina di Agordo ha ospitato la 5\u00aa giornata del circuito Propaganda, da sottolineare la super prova degli atleti dell\u2019Attivamente Agordino che vincono in tutte le gare eccezion fatta per i 50 delfino dorso femminili.<\/p>\n","protected":false},"excerpt":{"rendered":"<p>&nbsp; BELLUNO Un problema all&#8217;impianto frenante \u00e8 la causa della chiusura della rampa B della scala mobile, in discesa, rimarr\u00e0 ferma in attesa del pezzo da sostituire fino a met\u00e0 luglio. FELTRE Un nuovo canale per fermare il problema degli allagamenti. Via libera al progetto del canale di scolo tra via Scuole e via Della&hellip;<\/p>\n","protected":false},"author":4,"featured_media":338447,"comment_status":"closed","ping_status":"closed","sticky":false,"template":"","format":"standard","meta":{"_monsterinsights_skip_tracking":false,"_monsterinsights_sitenote_active":false,"_monsterinsights_sitenote_note":"","_monsterinsights_sitenote_category":0,"footnotes":""},"categories":[104,49,142],"tags":[],"class_list":["post-338451","post","type-post","status-publish","format-standard","has-post-thumbnail","hentry","category-evidenza_3","category-news-18","category-rassegna-stampa","category-104","category-49","category-142","description-off"],"img_url":"https:\/\/www.radiopiu.net\/wordpress\/wp-content\/uploads\/2023\/06\/Senza-nome.jpg","_links":{"self":[{"href":"https:\/\/www.radiopiu.net\/wordpress\/wp-json\/wp\/v2\/posts\/338451","targetHints":{"allow":["GET"]}}],"collection":[{"href":"https:\/\/www.radiopiu.net\/wordpress\/wp-json\/wp\/v2\/posts"}],"about":[{"href":"https:\/\/www.radiopiu.net\/wordpress\/wp-json\/wp\/v2\/types\/post"}],"author":[{"embeddable":true,"href":"https:\/\/www.radiopiu.net\/wordpress\/wp-json\/wp\/v2\/users\/4"}],"replies":[{"embeddable":true,"href":"https:\/\/www.radiopiu.net\/wordpress\/wp-json\/wp\/v2\/comments?post=338451"}],"version-history":[{"count":0,"href":"https:\/\/www.radiopiu.net\/wordpress\/wp-json\/wp\/v2\/posts\/338451\/revisions"}],"wp:featuredmedia":[{"embeddable":true,"href":"https:\/\/www.radiopiu.net\/wordpress\/wp-json\/wp\/v2\/media\/338447"}],"wp:attachment":[{"href":"https:\/\/www.radiopiu.net\/wordpress\/wp-json\/wp\/v2\/media?parent=338451"}],"wp:term":[{"taxonomy":"category","embeddable":true,"href":"https:\/\/www.radiopiu.net\/wordpress\/wp-json\/wp\/v2\/categories?post=338451"},{"taxonomy":"post_tag","embeddable":true,"href":"https:\/\/www.radiopiu.net\/wordpress\/wp-json\/wp\/v2\/tags?post=338451"}],"curies":[{"name":"wp","href":"https:\/\/api.w.org\/{rel}","templated":true}]}}