{"id":338469,"date":"2023-06-01T15:33:18","date_gmt":"2023-06-01T13:33:18","guid":{"rendered":"https:\/\/www.radiopiu.net\/wordpress\/?p=338469"},"modified":"2023-06-01T17:43:50","modified_gmt":"2023-06-01T15:43:50","slug":"istituita-limposta-di-soggiorno-anche-a-borgo-valbelluna","status":"publish","type":"post","link":"https:\/\/www.radiopiu.net\/wordpress\/istituita-limposta-di-soggiorno-anche-a-borgo-valbelluna\/","title":{"rendered":"ISTITUITA L&#8217;IMPOSTA DI SOGGIORNO ANCHE A BORGO VALBELLUNA"},"content":{"rendered":"<p><strong><a class=\"dt-pswp-item\" href=\"https:\/\/www.radiopiu.net\/wordpress\/wp-content\/uploads\/2023\/06\/MUNICIPIO-BORGO-VALBELLUNA.png\" data-dt-img-description=\"\" data-large_image_width=\"686\" data-large_image_height=\"452\"><img loading=\"lazy\" decoding=\"async\" class=\" wp-image-338470 alignleft\" src=\"https:\/\/www.radiopiu.net\/wordpress\/wp-content\/uploads\/2023\/06\/MUNICIPIO-BORGO-VALBELLUNA-300x198.png\" alt=\"\" width=\"179\" height=\"118\" srcset=\"https:\/\/www.radiopiu.net\/wordpress\/wp-content\/uploads\/2023\/06\/MUNICIPIO-BORGO-VALBELLUNA-300x198.png 300w, https:\/\/www.radiopiu.net\/wordpress\/wp-content\/uploads\/2023\/06\/MUNICIPIO-BORGO-VALBELLUNA.png 686w\" sizes=\"auto, (max-width: 179px) 100vw, 179px\" \/><\/a>BORGO VALBELLUNA <\/strong>Con il Consiglio comunale di marted\u00ec sera e la successiva delibera di Giunta, anche a Borgo Valbelluna \u00e8 stata istituita l\u2019imposta di soggiorno. Si tratta di un contributo introdotto a partire dal 1 agosto 2023 di 1 euro per ciascun giorno di pernottamento, ad eccezione di campeggi e ostelli che avranno un\u2019imposta di 0,50\u20ac e di alberghi a 4 e 5 stelle la cui imposta sar\u00e0 1,50\u20ac. L\u2019entit\u00e0 del contributo \u00e8 pressoch\u00e9 pari a quella dell\u2019Unione Montana Feltrina, territorio limitrofo che presenta caratteristiche turistiche molto simili a quelle del comune di Borgo Valbelluna. Nell\u2019anno 2022 le presenze turistiche nel Comune sono state circa 21.000 e si calcola che con questo numero di presenze, tenendo conto delle esenzioni, il gettito previsto sar\u00e0 di circa 15000 \u20ac. L\u2019imposta \u00e8 a carico dell\u2019ospite e sar\u00e0 introitata dall\u2019operatore che poi la verser\u00e0 ogni trimestre attraverso un apposito software, tra i pi\u00f9 diffusi sul territorio nazionale. \u201cGi\u00e0 ora investiamo 17.000\u20ac all\u2019anno nell\u2019apertura dell\u2019Ufficio Turistico e circa altri 50.000\u20ac in promozione, eventi, marchi, interventi e app ma in realt\u00e0 gli stanziamenti sono molto maggiori in quanto moltissime altre attivit\u00e0 hanno una correlazione turistica\u201d commenta Simone Deola, assessore al turismo \u201cCon l\u2019introduzione di questa imposta, l\u2019Amministrazione Comunale di Borgo Valbelluna, intende implementare i servizi e gli investimenti in tema turistico\u201d Sono previste diverse esenzioni tra le quali quella per i minori di 14 anni, gli studenti e insegnanti in visita scolastica, i volontari che operano in emergenza, i residenti in comune di Borgo Valbelluna, i portatori di handicap, ecc. L\u2019imposta si applica per il limite massimo di 10 pernottamenti consecutivi anche in strutture differenti. Luned\u00ec 19 giugno alle 18:30 presso l\u2019Auditorium San Pietro sar\u00e0 organizzato un primo incontro informativo con gli operatori.<\/p>\n<p><strong>DI ROBERTO BONA<\/strong><\/p>\n<audio class=\"wp-audio-shortcode\" id=\"audio-338469-1\" preload=\"none\" style=\"width: 100%;\" controls=\"controls\"><source type=\"audio\/mpeg\" src=\"https:\/\/www.radiopiu.net\/wordpress\/wp-content\/uploads\/2023\/06\/TassaSoggiornoBorgoValbelluna.mp3?_=1\" \/><a href=\"https:\/\/www.radiopiu.net\/wordpress\/wp-content\/uploads\/2023\/06\/TassaSoggiornoBorgoValbelluna.mp3\">https:\/\/www.radiopiu.net\/wordpress\/wp-content\/uploads\/2023\/06\/TassaSoggiornoBorgoValbelluna.mp3<\/a><\/audio>\n<p>&nbsp;<\/p>\n<p>*******<\/p>\n","protected":false},"excerpt":{"rendered":"<p>BORGO VALBELLUNA Con il Consiglio comunale di marted\u00ec sera e la successiva delibera di Giunta, anche a Borgo Valbelluna \u00e8 stata istituita l\u2019imposta di soggiorno. Si tratta di un contributo introdotto a partire dal 1 agosto 2023 di 1 euro per ciascun giorno di pernottamento, ad eccezione di campeggi e ostelli che avranno un\u2019imposta di&hellip;<\/p>\n","protected":false},"author":4,"featured_media":338470,"comment_status":"closed","ping_status":"closed","sticky":false,"template":"","format":"standard","meta":{"_monsterinsights_skip_tracking":false,"_monsterinsights_sitenote_active":false,"_monsterinsights_sitenote_note":"","_monsterinsights_sitenote_category":0,"footnotes":""},"categories":[49],"tags":[],"class_list":["post-338469","post","type-post","status-publish","format-standard","has-post-thumbnail","hentry","category-news-18","category-49","description-off"],"img_url":"https:\/\/www.radiopiu.net\/wordpress\/wp-content\/uploads\/2023\/06\/MUNICIPIO-BORGO-VALBELLUNA.png","_links":{"self":[{"href":"https:\/\/www.radiopiu.net\/wordpress\/wp-json\/wp\/v2\/posts\/338469","targetHints":{"allow":["GET"]}}],"collection":[{"href":"https:\/\/www.radiopiu.net\/wordpress\/wp-json\/wp\/v2\/posts"}],"about":[{"href":"https:\/\/www.radiopiu.net\/wordpress\/wp-json\/wp\/v2\/types\/post"}],"author":[{"embeddable":true,"href":"https:\/\/www.radiopiu.net\/wordpress\/wp-json\/wp\/v2\/users\/4"}],"replies":[{"embeddable":true,"href":"https:\/\/www.radiopiu.net\/wordpress\/wp-json\/wp\/v2\/comments?post=338469"}],"version-history":[{"count":0,"href":"https:\/\/www.radiopiu.net\/wordpress\/wp-json\/wp\/v2\/posts\/338469\/revisions"}],"wp:featuredmedia":[{"embeddable":true,"href":"https:\/\/www.radiopiu.net\/wordpress\/wp-json\/wp\/v2\/media\/338470"}],"wp:attachment":[{"href":"https:\/\/www.radiopiu.net\/wordpress\/wp-json\/wp\/v2\/media?parent=338469"}],"wp:term":[{"taxonomy":"category","embeddable":true,"href":"https:\/\/www.radiopiu.net\/wordpress\/wp-json\/wp\/v2\/categories?post=338469"},{"taxonomy":"post_tag","embeddable":true,"href":"https:\/\/www.radiopiu.net\/wordpress\/wp-json\/wp\/v2\/tags?post=338469"}],"curies":[{"name":"wp","href":"https:\/\/api.w.org\/{rel}","templated":true}]}}