{"id":338503,"date":"2023-06-01T17:33:47","date_gmt":"2023-06-01T15:33:47","guid":{"rendered":"https:\/\/www.radiopiu.net\/wordpress\/?p=338503"},"modified":"2023-06-01T17:33:47","modified_gmt":"2023-06-01T15:33:47","slug":"100-anni-di-radio-40-anni-di-radio-piu","status":"publish","type":"post","link":"https:\/\/www.radiopiu.net\/wordpress\/100-anni-di-radio-40-anni-di-radio-piu\/","title":{"rendered":"100 ANNI DI RADIO &#8211; 40 ANNI DI RADIO PI\u00d9"},"content":{"rendered":"<div class=\"flex-1 overflow-hidden\">\n<div class=\"react-scroll-to-bottom--css-ubhin-79elbk h-full dark:bg-gray-800\">\n<div class=\"react-scroll-to-bottom--css-ubhin-1n7m0yu\">\n<div class=\"flex flex-col text-sm dark:bg-gray-800\">\n<div class=\"group w-full text-gray-800 dark:text-gray-100 border-b border-black\/10 dark:border-gray-900\/50 bg-gray-50 dark:bg-[#444654]\">\n<div class=\"flex p-4 gap-4 text-base md:gap-6 md:max-w-2xl lg:max-w-xl xl:max-w-3xl md:py-6 lg:px-0 m-auto\">\n<div class=\"relative flex w-[calc(100%-50px)] flex-col gap-1 md:gap-3 lg:w-[calc(100%-115px)]\">\n<div class=\"flex flex-grow flex-col gap-3\">\n<div class=\"min-h-[20px] flex flex-col items-start gap-4 whitespace-pre-wrap break-words\">\n<div class=\"markdown prose w-full break-words dark:prose-invert light\">\n<p><a class=\"dt-pswp-item\" href=\"https:\/\/www.radiopiu.net\/wordpress\/wp-content\/uploads\/2023\/06\/Senza-nome-1.jpg\" data-dt-img-description=\"\" data-large_image_width=\"549\" data-large_image_height=\"429\"><img loading=\"lazy\" decoding=\"async\" class=\"size-medium wp-image-338505 alignleft\" src=\"https:\/\/www.radiopiu.net\/wordpress\/wp-content\/uploads\/2023\/06\/Senza-nome-1-300x234.jpg\" alt=\"\" width=\"300\" height=\"234\" srcset=\"https:\/\/www.radiopiu.net\/wordpress\/wp-content\/uploads\/2023\/06\/Senza-nome-1-300x234.jpg 300w, https:\/\/www.radiopiu.net\/wordpress\/wp-content\/uploads\/2023\/06\/Senza-nome-1.jpg 549w\" sizes=\"auto, (max-width: 300px) 100vw, 300px\" \/><\/a> Da quando l&#8217;Eiar diede il via alla sua prima trasmissione radiofonica nel lontano 1923, sono trascorsi ben cento anni dalla nascita di un mezzo di comunicazione che ha segnato la storia dell&#8217;umanit\u00e0. La radio, con la sua capacit\u00e0 di informare, intrattenere e connettere le persone, ha mantenuto la sua importanza nel corso dei decenni, adattandosi ai cambiamenti tecnologici e sociali. Dall&#8217;Eiar alla Rai, dalle radio locali ai gruppi nazionali privati, fino alle moderne radio web, l&#8217;evoluzione del panorama radiofonico ha seguito il mutare dei tempi. Sono stati quarant&#8217;anni dalla nascita di Radio Pi\u00f9, emittente che ha saputo <a class=\"dt-pswp-item\" href=\"https:\/\/www.radiopiu.net\/wordpress\/wp-content\/uploads\/2023\/06\/c4f41af3-b1f7-424a-a20c-3563652ec6a0.jpg\" data-dt-img-description=\"\" data-large_image_width=\"1024\" data-large_image_height=\"768\"><img loading=\"lazy\" decoding=\"async\" class=\"size-medium wp-image-338506 alignright\" src=\"https:\/\/www.radiopiu.net\/wordpress\/wp-content\/uploads\/2023\/06\/c4f41af3-b1f7-424a-a20c-3563652ec6a0-300x225.jpg\" alt=\"\" width=\"300\" height=\"225\" srcset=\"https:\/\/www.radiopiu.net\/wordpress\/wp-content\/uploads\/2023\/06\/c4f41af3-b1f7-424a-a20c-3563652ec6a0-300x225.jpg 300w, https:\/\/www.radiopiu.net\/wordpress\/wp-content\/uploads\/2023\/06\/c4f41af3-b1f7-424a-a20c-3563652ec6a0-768x576.jpg 768w, https:\/\/www.radiopiu.net\/wordpress\/wp-content\/uploads\/2023\/06\/c4f41af3-b1f7-424a-a20c-3563652ec6a0.jpg 1024w\" sizes=\"auto, (max-width: 300px) 100vw, 300px\" \/><\/a>raccontare il territorio e diventare un punto di riferimento per gli appassionati di musica, notizie e intrattenimento (foto in alto in esposizione a RADIOPIU della Pizzeria Costa, Canale d&#8217;Agordo).\u00a0 <strong>Per celebrare il valore intramontabile della radio, Radio Pi\u00f9 ha organizzato un evento speciale. Sabato 24, domenica 25 e luned\u00ec 26, nella suggestiva cornice di Taibon Agordino, in Piazza San Rocco, si terr\u00e0 &#8220;La Mostra delle Radio &#8211; Dal Secolo Scorso ad Oggi&#8221;. Un&#8217;iniziativa unica, nata dall&#8217;idea di Ivano Benvegn\u00f9, Franco Gnel Ben e Mirko Mezzacasa, che vuole ripercorrere la storia della radio attraverso le sue diverse epoche.<\/strong><\/p>\n<p><a class=\"dt-pswp-item\" href=\"https:\/\/www.radiopiu.net\/wordpress\/wp-content\/uploads\/2023\/06\/490861a5-5a3d-4404-8e46-65b0e77576bb.jpg\" data-dt-img-description=\"\" data-large_image_width=\"1500\" data-large_image_height=\"2000\"><img loading=\"lazy\" decoding=\"async\" class=\"size-medium wp-image-338508 alignleft\" src=\"https:\/\/www.radiopiu.net\/wordpress\/wp-content\/uploads\/2023\/06\/490861a5-5a3d-4404-8e46-65b0e77576bb-225x300.jpg\" alt=\"\" width=\"225\" height=\"300\" srcset=\"https:\/\/www.radiopiu.net\/wordpress\/wp-content\/uploads\/2023\/06\/490861a5-5a3d-4404-8e46-65b0e77576bb-225x300.jpg 225w, https:\/\/www.radiopiu.net\/wordpress\/wp-content\/uploads\/2023\/06\/490861a5-5a3d-4404-8e46-65b0e77576bb-768x1024.jpg 768w, https:\/\/www.radiopiu.net\/wordpress\/wp-content\/uploads\/2023\/06\/490861a5-5a3d-4404-8e46-65b0e77576bb-1152x1536.jpg 1152w, https:\/\/www.radiopiu.net\/wordpress\/wp-content\/uploads\/2023\/06\/490861a5-5a3d-4404-8e46-65b0e77576bb.jpg 1500w\" sizes=\"auto, (max-width: 225px) 100vw, 225px\" \/><\/a>La mostra sar\u00e0 un viaggio affascinante nel tempo, offrendo ai visitatori l&#8217;opportunit\u00e0 di esplorare l&#8217;evoluzione dei dispositivi radiofonici e delle trasmissioni nel corso dei decenni. Dagli antichi apparecchi a valvole fino ai moderni dispositivi digitali, sar\u00e0 possibile ammirare la tecnologia che ha reso possibile l&#8217;ascolto delle voci e delle storie provenienti da tutto il mondo. Oltre alla componente tecnologica, la mostra metter\u00e0 in luce l&#8217;impatto sociale e culturale della radio. Attraverso immagini, documenti d&#8217;epoca e testimonianze, si cercher\u00e0 di trasmettere l&#8217;importanza di questo mezzo di comunicazione nella vita quotidiana delle persone. La radio ha saputo accompagnare gli ascoltatori nelle loro giornate, diventando compagna di viaggio, fonte di informazione e stimolo per l&#8217;immaginazione e il sogno. Radio Pi\u00f9, con la sua lunga storia nel panorama radiofonico, \u00e8 orgogliosa di celebrare l&#8217;eredit\u00e0 della radio e il suo impatto duraturo sulla societ\u00e0. L&#8217;evento in Piazza San Rocco rappresenta un&#8217;occasione unica per rivivere i momenti salienti della radiofonia e per riflettere su come questo strumento abbia saputo evolversi e reinventarsi nel corso dei decenni. La radio continua ad essere un mezzo di comunicazione privilegiato, capace di creare un legame intimo tra le persone e di stimolare la fantasia. Proprio per questa ragione, Radio Pi\u00f9 invita tutti a partecipare a questa straordinaria mostra, per riscoprire insieme il fascino intramontabile della radio e per celebrare cento anni di storia e cultura radiofonica (foto a lato di Franco Ben)<\/p>\n<\/div>\n<p>&nbsp;<\/p>\n<\/div>\n<\/div>\n<div class=\"flex justify-between lg:block\"><\/div>\n<\/div>\n<\/div>\n<\/div>\n<\/div>\n<\/div>\n<\/div>\n<\/div>\n<div class=\"absolute bottom-0 left-0 w-full border-t md:border-t-0 dark:border-white\/20 md:border-transparent md:dark:border-transparent md:bg-vert-light-gradient bg-white dark:bg-gray-800 md:!bg-transparent dark:md:bg-vert-dark-gradient pt-2\">\n<form class=\"stretch mx-2 flex flex-row gap-3 last:mb-2 md:mx-4 md:last:mb-6 lg:mx-auto lg:max-w-2xl xl:max-w-3xl\">\n<div class=\"relative flex h-full flex-1 items-stretch md:flex-col\">\n<div class=\"h-full flex ml-1 md:w-full md:m-auto md:mb-2 gap-0 md:gap-2 justify-center\">\n<hr \/>\n<\/div>\n<\/div>\n<\/form>\n<\/div>\n","protected":false},"excerpt":{"rendered":"<p>Da quando l&#8217;Eiar diede il via alla sua prima trasmissione radiofonica nel lontano 1923, sono trascorsi ben cento anni dalla nascita di un mezzo di comunicazione che ha segnato la storia dell&#8217;umanit\u00e0. La radio, con la sua capacit\u00e0 di informare, intrattenere e connettere le persone, ha mantenuto la sua importanza nel corso dei decenni, adattandosi&hellip;<\/p>\n","protected":false},"author":4,"featured_media":338508,"comment_status":"closed","ping_status":"closed","sticky":false,"template":"","format":"standard","meta":{"_monsterinsights_skip_tracking":false,"_monsterinsights_sitenote_active":false,"_monsterinsights_sitenote_note":"","_monsterinsights_sitenote_category":0,"footnotes":""},"categories":[86,49],"tags":[],"class_list":["post-338503","post","type-post","status-publish","format-standard","has-post-thumbnail","hentry","category-gr","category-news-18","category-86","category-49","description-off"],"img_url":"https:\/\/www.radiopiu.net\/wordpress\/wp-content\/uploads\/2023\/06\/490861a5-5a3d-4404-8e46-65b0e77576bb.jpg","_links":{"self":[{"href":"https:\/\/www.radiopiu.net\/wordpress\/wp-json\/wp\/v2\/posts\/338503","targetHints":{"allow":["GET"]}}],"collection":[{"href":"https:\/\/www.radiopiu.net\/wordpress\/wp-json\/wp\/v2\/posts"}],"about":[{"href":"https:\/\/www.radiopiu.net\/wordpress\/wp-json\/wp\/v2\/types\/post"}],"author":[{"embeddable":true,"href":"https:\/\/www.radiopiu.net\/wordpress\/wp-json\/wp\/v2\/users\/4"}],"replies":[{"embeddable":true,"href":"https:\/\/www.radiopiu.net\/wordpress\/wp-json\/wp\/v2\/comments?post=338503"}],"version-history":[{"count":0,"href":"https:\/\/www.radiopiu.net\/wordpress\/wp-json\/wp\/v2\/posts\/338503\/revisions"}],"wp:featuredmedia":[{"embeddable":true,"href":"https:\/\/www.radiopiu.net\/wordpress\/wp-json\/wp\/v2\/media\/338508"}],"wp:attachment":[{"href":"https:\/\/www.radiopiu.net\/wordpress\/wp-json\/wp\/v2\/media?parent=338503"}],"wp:term":[{"taxonomy":"category","embeddable":true,"href":"https:\/\/www.radiopiu.net\/wordpress\/wp-json\/wp\/v2\/categories?post=338503"},{"taxonomy":"post_tag","embeddable":true,"href":"https:\/\/www.radiopiu.net\/wordpress\/wp-json\/wp\/v2\/tags?post=338503"}],"curies":[{"name":"wp","href":"https:\/\/api.w.org\/{rel}","templated":true}]}}