{"id":338566,"date":"2023-06-02T13:59:45","date_gmt":"2023-06-02T11:59:45","guid":{"rendered":"https:\/\/www.radiopiu.net\/wordpress\/?p=338566"},"modified":"2023-06-03T06:01:57","modified_gmt":"2023-06-03T04:01:57","slug":"alessandro-fontana-e-il-nuovo-allenatore-dellhockey-club-feltre","status":"publish","type":"post","link":"https:\/\/www.radiopiu.net\/wordpress\/alessandro-fontana-e-il-nuovo-allenatore-dellhockey-club-feltre\/","title":{"rendered":"ALESSANDRO FONTANA E&#8217; IL NUOVO ALLENATORE DELL&#8217;HOCKEY CLUB FELTRE"},"content":{"rendered":"<p><strong><a class=\"dt-pswp-item\" href=\"https:\/\/www.radiopiu.net\/wordpress\/wp-content\/uploads\/2023\/06\/SCR-20230602-mlbj.jpeg\" data-dt-img-description=\"\" data-large_image_width=\"682\" data-large_image_height=\"792\"><img loading=\"lazy\" decoding=\"async\" class=\"wp-image-338567 alignleft\" src=\"https:\/\/www.radiopiu.net\/wordpress\/wp-content\/uploads\/2023\/06\/SCR-20230602-mlbj-258x300.jpeg\" alt=\"\" width=\"121\" height=\"141\" srcset=\"https:\/\/www.radiopiu.net\/wordpress\/wp-content\/uploads\/2023\/06\/SCR-20230602-mlbj-258x300.jpeg 258w, https:\/\/www.radiopiu.net\/wordpress\/wp-content\/uploads\/2023\/06\/SCR-20230602-mlbj.jpeg 682w\" sizes=\"auto, (max-width: 121px) 100vw, 121px\" \/><\/a>di Marco Gaz<\/strong><\/p>\n<p><strong>REDAZIONE<\/strong> Sono passati pochi giorni dall&#8217;annuncio dell&#8217;addio di Alessandro Fontana all&#8217;Alleghe Hockey. Il coach alleghese ha deciso di abbandonare le civette per intraprendere nuove avventure in ambito hockeistico. Proprio pochi giorni aveva annunciato di aver ricevuto delle offerte da altre squadre e nella serata di gioved\u00ec \u00e8 arrivato l&#8217;annuncio ufficiale. Alessandro Fontana \u00e8 il nuovo allenatore dell&#8217;Hockey Club Feltre. Feltre che era rimasto senza allenatore alla vigilia della finale del campionato IHL Division I dopo le dimissioni di Fabio Zampol. Ora la conferma di Fontana alla guida della compagine feltrina.<\/p>\n<p>&nbsp;<\/p>\n<p>&nbsp;<\/p>\n<p>********<\/p>\n","protected":false},"excerpt":{"rendered":"<p>di Marco Gaz REDAZIONE Sono passati pochi giorni dall&#8217;annuncio dell&#8217;addio di Alessandro Fontana all&#8217;Alleghe Hockey. Il coach alleghese ha deciso di abbandonare le civette per intraprendere nuove avventure in ambito hockeistico. Proprio pochi giorni aveva annunciato di aver ricevuto delle offerte da altre squadre e nella serata di gioved\u00ec \u00e8 arrivato l&#8217;annuncio ufficiale. Alessandro Fontana&hellip;<\/p>\n","protected":false},"author":4,"featured_media":338381,"comment_status":"closed","ping_status":"closed","sticky":false,"template":"","format":"standard","meta":{"_monsterinsights_skip_tracking":false,"_monsterinsights_sitenote_active":false,"_monsterinsights_sitenote_note":"","_monsterinsights_sitenote_category":0,"footnotes":""},"categories":[104,49],"tags":[],"class_list":["post-338566","post","type-post","status-publish","format-standard","has-post-thumbnail","hentry","category-evidenza_3","category-news-18","category-104","category-49","description-off"],"img_url":"https:\/\/www.radiopiu.net\/wordpress\/wp-content\/uploads\/2023\/05\/a523e83e-71ab-405e-8ec4-193854cb6431.jpg","_links":{"self":[{"href":"https:\/\/www.radiopiu.net\/wordpress\/wp-json\/wp\/v2\/posts\/338566","targetHints":{"allow":["GET"]}}],"collection":[{"href":"https:\/\/www.radiopiu.net\/wordpress\/wp-json\/wp\/v2\/posts"}],"about":[{"href":"https:\/\/www.radiopiu.net\/wordpress\/wp-json\/wp\/v2\/types\/post"}],"author":[{"embeddable":true,"href":"https:\/\/www.radiopiu.net\/wordpress\/wp-json\/wp\/v2\/users\/4"}],"replies":[{"embeddable":true,"href":"https:\/\/www.radiopiu.net\/wordpress\/wp-json\/wp\/v2\/comments?post=338566"}],"version-history":[{"count":0,"href":"https:\/\/www.radiopiu.net\/wordpress\/wp-json\/wp\/v2\/posts\/338566\/revisions"}],"wp:featuredmedia":[{"embeddable":true,"href":"https:\/\/www.radiopiu.net\/wordpress\/wp-json\/wp\/v2\/media\/338381"}],"wp:attachment":[{"href":"https:\/\/www.radiopiu.net\/wordpress\/wp-json\/wp\/v2\/media?parent=338566"}],"wp:term":[{"taxonomy":"category","embeddable":true,"href":"https:\/\/www.radiopiu.net\/wordpress\/wp-json\/wp\/v2\/categories?post=338566"},{"taxonomy":"post_tag","embeddable":true,"href":"https:\/\/www.radiopiu.net\/wordpress\/wp-json\/wp\/v2\/tags?post=338566"}],"curies":[{"name":"wp","href":"https:\/\/api.w.org\/{rel}","templated":true}]}}