{"id":338620,"date":"2023-06-05T05:32:00","date_gmt":"2023-06-05T03:32:00","guid":{"rendered":"https:\/\/www.radiopiu.net\/wordpress\/?p=338620"},"modified":"2023-06-05T16:11:31","modified_gmt":"2023-06-05T14:11:31","slug":"giornale-radiopiu-05-giugno-2023-direttore-mirko-mezzacasaverso-i-40-anni-25-giugno-1983-25-giugno-2023","status":"publish","type":"post","link":"https:\/\/www.radiopiu.net\/wordpress\/giornale-radiopiu-05-giugno-2023-direttore-mirko-mezzacasaverso-i-40-anni-25-giugno-1983-25-giugno-2023\/","title":{"rendered":"GIORNALE RADIOPIU 05 GIUGNO 2023 DIRETTORE MIRKO MEZZACASA\u2026VERSO I 40 ANNI 25 GIUGNO 1983-25 GIUGNO 2023"},"content":{"rendered":"<h2 style=\"text-align: left;\"><span style=\"color: #ff0000;\"><span style=\"vertical-align: inherit;\"><a class=\"dt-pswp-item\" href=\"https:\/\/www.radiopiu.net\/wordpress\/wp-content\/uploads\/2023\/04\/e0aad41d-951e-47b9-9fae-1a879a9bcb7e-1.jpg\" data-dt-img-description=\"\" data-large_image_width=\"1200\" data-large_image_height=\"1200\"><img loading=\"lazy\" decoding=\"async\" class=\"wp-image-333205 aligncenter\" src=\"https:\/\/www.radiopiu.net\/wordpress\/wp-content\/uploads\/2023\/04\/e0aad41d-951e-47b9-9fae-1a879a9bcb7e-1-300x300.jpg\" alt=\"\" width=\"110\" height=\"110\" srcset=\"https:\/\/www.radiopiu.net\/wordpress\/wp-content\/uploads\/2023\/04\/e0aad41d-951e-47b9-9fae-1a879a9bcb7e-1-300x300.jpg 300w, https:\/\/www.radiopiu.net\/wordpress\/wp-content\/uploads\/2023\/04\/e0aad41d-951e-47b9-9fae-1a879a9bcb7e-1-1024x1024.jpg 1024w, https:\/\/www.radiopiu.net\/wordpress\/wp-content\/uploads\/2023\/04\/e0aad41d-951e-47b9-9fae-1a879a9bcb7e-1-150x150.jpg 150w, https:\/\/www.radiopiu.net\/wordpress\/wp-content\/uploads\/2023\/04\/e0aad41d-951e-47b9-9fae-1a879a9bcb7e-1-768x768.jpg 768w, https:\/\/www.radiopiu.net\/wordpress\/wp-content\/uploads\/2023\/04\/e0aad41d-951e-47b9-9fae-1a879a9bcb7e-1.jpg 1200w\" sizes=\"auto, (max-width: 110px) 100vw, 110px\" \/><\/a><\/span><\/span><span style=\"color: #ff0000;\"><span style=\"vertical-align: inherit;\">ISCRIVITI AL NOSTRO CANALE\u00a0 <\/span><\/span><span style=\"vertical-align: inherit;\"> YOUTUBE PER SEGUIRE IN DIRETTA I PRINCIPALI PROGRAMMI DI RADIO PIU&#8217; E LE FUTURE DIRETTE IN ESTERNA. PER ISCRIVERTI <\/span><a style=\"color: #ff0000;\" href=\"https:\/\/youtube.com\/@radiopiu1527\"><span style=\"vertical-align: inherit;\">CLICCA QUI <\/span><\/a><span style=\"color: #ff0000; font-size: 14px; font-weight: normal;\"><span style=\"vertical-align: inherit;\">E PREMI\u00a0 &#8220;Iscriviti&#8221;\u00a0 \u00a0<\/span><\/span><\/h2>\n<p>&nbsp;<\/p>\n<p>&nbsp;<\/p>\n<hr \/>\n<p>&nbsp;<\/p>\n<blockquote>\n<h3>PROVINCIALE 26, VOLTAGO-RIVAMONTE CHIUSA PER QUATTRO GIORNI<\/h3>\n<\/blockquote>\n<blockquote>\n<h3><span style=\"color: #ff0000;\"><a class=\"dt-pswp-item\" href=\"https:\/\/www.radiopiu.net\/wordpress\/wp-content\/uploads\/2020\/05\/VENETO-STRADE.png\" data-dt-img-description=\"\" data-large_image_width=\"400\" data-large_image_height=\"400\"><img loading=\"lazy\" decoding=\"async\" class=\"wp-image-135574 alignleft\" src=\"https:\/\/www.radiopiu.net\/wordpress\/wp-content\/uploads\/2020\/05\/VENETO-STRADE-300x300.png\" alt=\"\" width=\"102\" height=\"102\" srcset=\"https:\/\/www.radiopiu.net\/wordpress\/wp-content\/uploads\/2020\/05\/VENETO-STRADE-300x300.png 300w, https:\/\/www.radiopiu.net\/wordpress\/wp-content\/uploads\/2020\/05\/VENETO-STRADE-150x150.png 150w, https:\/\/www.radiopiu.net\/wordpress\/wp-content\/uploads\/2020\/05\/VENETO-STRADE.png 400w\" sizes=\"auto, (max-width: 102px) 100vw, 102px\" \/><\/a>AGGIORNAMENTO QUOTIDIANO, IN\u00a0 COLLABORAZIONE CON VENETO STRADE<\/span><\/h3>\n<\/blockquote>\n<div class=\"flex-1 overflow-hidden\">\n<div class=\"react-scroll-to-bottom--css-blflc-79elbk h-full dark:bg-gray-800\">\n<div class=\"react-scroll-to-bottom--css-blflc-1n7m0yu\">\n<div class=\"flex flex-col items-center text-sm dark:bg-gray-800\">\n<div class=\"group w-full text-gray-800 dark:text-gray-100 border-b border-black\/10 dark:border-gray-900\/50 bg-gray-50 dark:bg-[#444654]\">\n<div class=\"flex p-4 gap-4 text-base md:gap-6 md:max-w-2xl lg:max-w-xl xl:max-w-3xl md:py-6 lg:px-0 m-auto\">\n<div class=\"relative flex flex-col w-[calc(100%-50px)] gap-1 md:gap-3 lg:w-[calc(100%-115px)]\">\n<div class=\"flex justify-between lg:block\">\n<div class=\"text-xs flex items-center justify-center gap-1 self-center pt-2 !invisible\"><\/div>\n<\/div>\n<\/div>\n<\/div>\n<\/div>\n<\/div>\n<\/div>\n<\/div>\n<\/div>\n<div class=\"absolute bottom-0 left-0 w-full border-t md:border-t-0 dark:border-white\/20 md:border-transparent md:dark:border-transparent md:bg-vert-light-gradient bg-white dark:bg-gray-800 md:!bg-transparent dark:md:bg-vert-dark-gradient pt-2\">\n<form class=\"stretch mx-2 flex flex-row gap-3 last:mb-2 md:mx-4 md:last:mb-6 lg:mx-auto lg:max-w-2xl xl:max-w-3xl\">\n<div class=\"relative flex h-full flex-1 items-stretch md:flex-col\">\n<div class=\"flex w-full items-center justify-center gap-2\">\n<blockquote><p><strong>SP 26 DI DIGOMAN<\/strong> localit\u00e0 Voltago,<span style=\"color: #800000;\"> fino all&#8217;8 giugno<\/span> INTERDIZIONE\u00a0 totale in entrambi i sensi di marcia dalle 7.30 alle 17.30. Negli altri orari senso unico alternato<\/p><\/blockquote>\n<p><strong>PROROGA ORDINANZA: 346 DEL SAN PELLEGRINO INTERDETTA FINO AL 9 GIUGNO (IN ORARI DI LAVORO)<\/strong><\/p>\n<\/div>\n<\/div>\n<\/form>\n<\/div>\n<p><strong>FALCADE\u00a0<\/strong> Prorogata l&#8217;ordinanza in scadenza\u00a0 La nuova data di fine lavori \u00e8 fissata al 9 giugno. Per questo la provinciale 346 del San Pellegrino sar\u00e0 chiusa totalmente alla circolazione nel tratto bivio Passo Valles-Zingari Bassi,\u00a0 dalle 8 alle 12 e dalle 13 alle 17, esclusi festivi, sabato e domenica. Durante le riapertura senso unico alternato.<\/p>\n<p>&nbsp;<\/p>\n<p><strong>STRADA DI DIGOMAN CHIUSA TRA IL 5 E IL 6 GIUGNO<\/strong><\/p>\n<p>La SP 26 di Digoman sar\u00e0 interessata da una chiusura tra le 17:30 di oggi e le 7:30 di domani. Interdizione totale alla circolazione stradale si legge sul comunicato di Veneto Strade. La chiusura interesser\u00e0 un tratto di strada di 200 metri in comune di Voltago.<\/p>\n<p>&nbsp;<\/p>\n<p><span style=\"color: #000000; font-size: large;\"><b><a class=\"dt-pswp-item\" href=\"https:\/\/www.radiopiu.net\/wordpress\/wp-content\/uploads\/2023\/06\/header-firma-summer-2022.jpg\" data-dt-img-description=\"\" data-large_image_width=\"600\" data-large_image_height=\"180\"><img loading=\"lazy\" decoding=\"async\" class=\"size-medium wp-image-338926 alignleft\" src=\"https:\/\/www.radiopiu.net\/wordpress\/wp-content\/uploads\/2023\/06\/header-firma-summer-2022-300x90.jpg\" alt=\"\" width=\"300\" height=\"90\" srcset=\"https:\/\/www.radiopiu.net\/wordpress\/wp-content\/uploads\/2023\/06\/header-firma-summer-2022-300x90.jpg 300w, https:\/\/www.radiopiu.net\/wordpress\/wp-content\/uploads\/2023\/06\/header-firma-summer-2022.jpg 600w\" sizes=\"auto, (max-width: 300px) 100vw, 300px\" \/><\/a>COMUNICAZIONE LIMITAZIONE AL TRAFFICO DEI PASSI <\/b><\/span><span style=\"color: #000000;\"><span style=\"font-size: large;\">CAMPOLONGO &#8211; PORDOI &#8211; SELLA &#8211; GARDENA <\/span><\/span><\/p>\n<p><span style=\"color: #000000;\"><span style=\"font-size: large;\">Ricordiamo che in occasione dell\u2019evento dedicato agli amanti della bicicletta: \u00a0 \u00a0<b> SELLARONDA BIKE DAY<\/b> di questo <b>sabato 10\/06\/2023<\/b> \u2014&gt; Sito manifestazione: <a class=\"moz-txt-link-abbreviated\" href=\"http:\/\/www.sellarondabikeday.com\">www.sellarondabikeday.com<\/a>\u00a0 l&#8217;orario di chiusura delle strade come da decreto del <\/span><\/span><span style=\"color: #000000;\"><span style=\"font-size: large;\">Prefetto di Belluno \u00e8 dalle ore 08:30 alle ore 16:00. Tratte interessate: strade attorno ai 4 Passi Dolomitici: Passo Campolongo, Passo Gardena, Passo Sella e Passo Pordoi.<br \/>\nAi partecipanti viene raccomandato il senso antiorario, quindi: Arabba &#8211; Passo Campolongo &#8211; Passo Gardena &#8211; Passo Sella &#8211; Passo Pordoi &#8211; Arabba.\u00a0<\/span><\/span><\/p>\n<p>&nbsp;<\/p>\n<hr \/>\n<p>&nbsp;<\/p>\n<blockquote>\n<h3>TRAGEDIA SFIORATA. SASSO SULL&#8217;AUTO DI UNA FAMIGLIA PADOVANA<\/h3>\n<\/blockquote>\n<p><strong>SEDICO\u00a0<\/strong>Ci risiamo, nella stessa zona un sasso che cade dalla montagna e finisce diritto sul tettuccio di un&#8217;auto. E&#8217; successo ieri alle 15:30 lungo la 203 Agordina in prossimit\u00e0 della centrale Enel, luogo dunque non nuovo a distacchi di sassi. All&#8217;interno dell&#8217;auto una famiglia di Abano Terme (PD), di ritorno da Alleghe, padre, madre e due bimbi piccoli. Fortunatamente tanta paura, ma tanta davvero, tutti illesi. Ettore Bordin che stava scendendo lungo la stessa strada racconta:<em> &#8220;I miei amici di paura ne hanno presa tanta, non si sono fatti nulla ma davvero \u00e8 il caso di ringraziare Sant&#8217;Antonio visto che sono di Abano, Padova. E&#8217; andata bene anche questa volta perch\u00e9 mi dicono non sia la prima volta che un sasso finisca direttamente in strada o contro le auto in transito&#8221;.<\/em><\/p>\n\n\t\t\t<style type='text\/css'>\n\t\t\t\t#gallery-1 {\n\t\t\t\t\tmargin: auto;\n\t\t\t\t}\n\t\t\t\t#gallery-1 .gallery-item {\n\t\t\t\t\tfloat: left;\n\t\t\t\t\tmargin-top: 10px;\n\t\t\t\t\ttext-align: center;\n\t\t\t\t\twidth: 33%;\n\t\t\t\t}\n\t\t\t\t#gallery-1 img {\n\t\t\t\t\tborder: 2px solid #cfcfcf;\n\t\t\t\t}\n\t\t\t\t#gallery-1 .gallery-caption {\n\t\t\t\t\tmargin-left: 0;\n\t\t\t\t}\n\t\t\t\t\/* see gallery_shortcode() in wp-includes\/media.php *\/\n\t\t\t<\/style>\n\t\t<div id='gallery-1' class='dt-gallery-container gallery galleryid-338620 gallery-columns-3 gallery-size-medium'><dl class='gallery-item'>\n\t\t\t\t<dt class='gallery-icon portrait'>\n\t\t\t\t\t<a class=\"rollover rollover-zoom dt-pswp-item\" title=\"e226204a-a522-40bc-a2a7-378a0e53fa69\" data-dt-img-description=\"\" data-large_image_width=\"900\" data-large_image_height=\"1600\"href='https:\/\/www.radiopiu.net\/wordpress\/wp-content\/uploads\/2023\/06\/e226204a-a522-40bc-a2a7-378a0e53fa69.jpg'><img loading=\"lazy\" decoding=\"async\" width=\"169\" height=\"300\" src=\"https:\/\/www.radiopiu.net\/wordpress\/wp-content\/uploads\/2023\/06\/e226204a-a522-40bc-a2a7-378a0e53fa69-169x300.jpg\" class=\"attachment-medium size-medium\" alt=\"\" srcset=\"https:\/\/www.radiopiu.net\/wordpress\/wp-content\/uploads\/2023\/06\/e226204a-a522-40bc-a2a7-378a0e53fa69-169x300.jpg 169w, https:\/\/www.radiopiu.net\/wordpress\/wp-content\/uploads\/2023\/06\/e226204a-a522-40bc-a2a7-378a0e53fa69-576x1024.jpg 576w, https:\/\/www.radiopiu.net\/wordpress\/wp-content\/uploads\/2023\/06\/e226204a-a522-40bc-a2a7-378a0e53fa69-768x1365.jpg 768w, https:\/\/www.radiopiu.net\/wordpress\/wp-content\/uploads\/2023\/06\/e226204a-a522-40bc-a2a7-378a0e53fa69-864x1536.jpg 864w, https:\/\/www.radiopiu.net\/wordpress\/wp-content\/uploads\/2023\/06\/e226204a-a522-40bc-a2a7-378a0e53fa69.jpg 900w\" sizes=\"auto, (max-width: 169px) 100vw, 169px\" \/><\/a>\n\t\t\t\t<\/dt><\/dl><dl class='gallery-item'>\n\t\t\t\t<dt class='gallery-icon portrait'>\n\t\t\t\t\t<a class=\"rollover rollover-zoom dt-pswp-item\" title=\"c4204958-a072-43f5-bf25-b042cd906d15\" data-dt-img-description=\"\" data-large_image_width=\"900\" data-large_image_height=\"1600\"href='https:\/\/www.radiopiu.net\/wordpress\/wp-content\/uploads\/2023\/06\/c4204958-a072-43f5-bf25-b042cd906d15.jpg'><img loading=\"lazy\" decoding=\"async\" width=\"169\" height=\"300\" src=\"https:\/\/www.radiopiu.net\/wordpress\/wp-content\/uploads\/2023\/06\/c4204958-a072-43f5-bf25-b042cd906d15-169x300.jpg\" class=\"attachment-medium size-medium\" alt=\"\" srcset=\"https:\/\/www.radiopiu.net\/wordpress\/wp-content\/uploads\/2023\/06\/c4204958-a072-43f5-bf25-b042cd906d15-169x300.jpg 169w, https:\/\/www.radiopiu.net\/wordpress\/wp-content\/uploads\/2023\/06\/c4204958-a072-43f5-bf25-b042cd906d15-576x1024.jpg 576w, https:\/\/www.radiopiu.net\/wordpress\/wp-content\/uploads\/2023\/06\/c4204958-a072-43f5-bf25-b042cd906d15-768x1365.jpg 768w, https:\/\/www.radiopiu.net\/wordpress\/wp-content\/uploads\/2023\/06\/c4204958-a072-43f5-bf25-b042cd906d15-864x1536.jpg 864w, https:\/\/www.radiopiu.net\/wordpress\/wp-content\/uploads\/2023\/06\/c4204958-a072-43f5-bf25-b042cd906d15.jpg 900w\" sizes=\"auto, (max-width: 169px) 100vw, 169px\" \/><\/a>\n\t\t\t\t<\/dt><\/dl><dl class='gallery-item'>\n\t\t\t\t<dt class='gallery-icon portrait'>\n\t\t\t\t\t<a class=\"rollover rollover-zoom dt-pswp-item\" title=\"415230e5-1b42-4b25-9dcf-4fbda5cc51ae\" data-dt-img-description=\"\" data-large_image_width=\"900\" data-large_image_height=\"1600\"href='https:\/\/www.radiopiu.net\/wordpress\/wp-content\/uploads\/2023\/06\/415230e5-1b42-4b25-9dcf-4fbda5cc51ae.jpg'><img loading=\"lazy\" decoding=\"async\" width=\"169\" height=\"300\" src=\"https:\/\/www.radiopiu.net\/wordpress\/wp-content\/uploads\/2023\/06\/415230e5-1b42-4b25-9dcf-4fbda5cc51ae-169x300.jpg\" class=\"attachment-medium size-medium\" alt=\"\" srcset=\"https:\/\/www.radiopiu.net\/wordpress\/wp-content\/uploads\/2023\/06\/415230e5-1b42-4b25-9dcf-4fbda5cc51ae-169x300.jpg 169w, https:\/\/www.radiopiu.net\/wordpress\/wp-content\/uploads\/2023\/06\/415230e5-1b42-4b25-9dcf-4fbda5cc51ae-576x1024.jpg 576w, https:\/\/www.radiopiu.net\/wordpress\/wp-content\/uploads\/2023\/06\/415230e5-1b42-4b25-9dcf-4fbda5cc51ae-768x1365.jpg 768w, https:\/\/www.radiopiu.net\/wordpress\/wp-content\/uploads\/2023\/06\/415230e5-1b42-4b25-9dcf-4fbda5cc51ae-864x1536.jpg 864w, https:\/\/www.radiopiu.net\/wordpress\/wp-content\/uploads\/2023\/06\/415230e5-1b42-4b25-9dcf-4fbda5cc51ae.jpg 900w\" sizes=\"auto, (max-width: 169px) 100vw, 169px\" \/><\/a>\n\t\t\t\t<\/dt><\/dl><br style=\"clear: both\" \/><dl class='gallery-item'>\n\t\t\t\t<dt class='gallery-icon portrait'>\n\t\t\t\t\t<a class=\"rollover rollover-zoom dt-pswp-item\" title=\"59789990-40d5-46c5-99ca-ea72154451fa\" data-dt-img-description=\"\" data-large_image_width=\"900\" data-large_image_height=\"1600\"href='https:\/\/www.radiopiu.net\/wordpress\/wp-content\/uploads\/2023\/06\/59789990-40d5-46c5-99ca-ea72154451fa.jpg'><img loading=\"lazy\" decoding=\"async\" width=\"169\" height=\"300\" src=\"https:\/\/www.radiopiu.net\/wordpress\/wp-content\/uploads\/2023\/06\/59789990-40d5-46c5-99ca-ea72154451fa-169x300.jpg\" class=\"attachment-medium size-medium\" alt=\"\" srcset=\"https:\/\/www.radiopiu.net\/wordpress\/wp-content\/uploads\/2023\/06\/59789990-40d5-46c5-99ca-ea72154451fa-169x300.jpg 169w, https:\/\/www.radiopiu.net\/wordpress\/wp-content\/uploads\/2023\/06\/59789990-40d5-46c5-99ca-ea72154451fa-576x1024.jpg 576w, https:\/\/www.radiopiu.net\/wordpress\/wp-content\/uploads\/2023\/06\/59789990-40d5-46c5-99ca-ea72154451fa-768x1365.jpg 768w, https:\/\/www.radiopiu.net\/wordpress\/wp-content\/uploads\/2023\/06\/59789990-40d5-46c5-99ca-ea72154451fa-864x1536.jpg 864w, https:\/\/www.radiopiu.net\/wordpress\/wp-content\/uploads\/2023\/06\/59789990-40d5-46c5-99ca-ea72154451fa.jpg 900w\" sizes=\"auto, (max-width: 169px) 100vw, 169px\" \/><\/a>\n\t\t\t\t<\/dt><\/dl><dl class='gallery-item'>\n\t\t\t\t<dt class='gallery-icon portrait'>\n\t\t\t\t\t<a class=\"rollover rollover-zoom dt-pswp-item\" title=\"cdeb2936-144b-4416-b6e2-c08e25c4f97e\" data-dt-img-description=\"\" data-large_image_width=\"899\" data-large_image_height=\"1599\"href='https:\/\/www.radiopiu.net\/wordpress\/wp-content\/uploads\/2023\/06\/cdeb2936-144b-4416-b6e2-c08e25c4f97e.jpg'><img loading=\"lazy\" decoding=\"async\" width=\"169\" height=\"300\" src=\"https:\/\/www.radiopiu.net\/wordpress\/wp-content\/uploads\/2023\/06\/cdeb2936-144b-4416-b6e2-c08e25c4f97e-169x300.jpg\" class=\"attachment-medium size-medium\" alt=\"\" srcset=\"https:\/\/www.radiopiu.net\/wordpress\/wp-content\/uploads\/2023\/06\/cdeb2936-144b-4416-b6e2-c08e25c4f97e-169x300.jpg 169w, https:\/\/www.radiopiu.net\/wordpress\/wp-content\/uploads\/2023\/06\/cdeb2936-144b-4416-b6e2-c08e25c4f97e-576x1024.jpg 576w, https:\/\/www.radiopiu.net\/wordpress\/wp-content\/uploads\/2023\/06\/cdeb2936-144b-4416-b6e2-c08e25c4f97e-768x1366.jpg 768w, https:\/\/www.radiopiu.net\/wordpress\/wp-content\/uploads\/2023\/06\/cdeb2936-144b-4416-b6e2-c08e25c4f97e-864x1536.jpg 864w, https:\/\/www.radiopiu.net\/wordpress\/wp-content\/uploads\/2023\/06\/cdeb2936-144b-4416-b6e2-c08e25c4f97e.jpg 899w\" sizes=\"auto, (max-width: 169px) 100vw, 169px\" \/><\/a>\n\t\t\t\t<\/dt><\/dl><dl class='gallery-item'>\n\t\t\t\t<dt class='gallery-icon portrait'>\n\t\t\t\t\t<a class=\"rollover rollover-zoom dt-pswp-item\" title=\"17b1f662-4dfe-403a-9ca5-2e23220a620e\" data-dt-img-description=\"\" data-large_image_width=\"1500\" data-large_image_height=\"2000\"href='https:\/\/www.radiopiu.net\/wordpress\/wp-content\/uploads\/2023\/06\/17b1f662-4dfe-403a-9ca5-2e23220a620e.jpg'><img loading=\"lazy\" decoding=\"async\" width=\"225\" height=\"300\" src=\"https:\/\/www.radiopiu.net\/wordpress\/wp-content\/uploads\/2023\/06\/17b1f662-4dfe-403a-9ca5-2e23220a620e-225x300.jpg\" class=\"attachment-medium size-medium\" alt=\"\" srcset=\"https:\/\/www.radiopiu.net\/wordpress\/wp-content\/uploads\/2023\/06\/17b1f662-4dfe-403a-9ca5-2e23220a620e-225x300.jpg 225w, https:\/\/www.radiopiu.net\/wordpress\/wp-content\/uploads\/2023\/06\/17b1f662-4dfe-403a-9ca5-2e23220a620e-768x1024.jpg 768w, https:\/\/www.radiopiu.net\/wordpress\/wp-content\/uploads\/2023\/06\/17b1f662-4dfe-403a-9ca5-2e23220a620e-1152x1536.jpg 1152w, https:\/\/www.radiopiu.net\/wordpress\/wp-content\/uploads\/2023\/06\/17b1f662-4dfe-403a-9ca5-2e23220a620e.jpg 1500w\" sizes=\"auto, (max-width: 225px) 100vw, 225px\" \/><\/a>\n\t\t\t\t<\/dt><\/dl><br style=\"clear: both\" \/>\n\t\t\t<\/div>\n\n<p>&nbsp;<\/p>\n<blockquote>\n<h3>203 AGORDINA PERICOLO COSTANTE, TRA SASSI IN CADUTA LIBERA E UNGULATI IN PASSEGGIATA TRA CORDEVOLE E ASFALTO<\/h3>\n<\/blockquote>\n<div class=\"articlePlainText\">Masso atterra sull&#8217;auto, ma un&#8217;intera famiglia \u00e8 salva.\u00a0 Andrea Farn\u00e8 alla guida, la moglie Elisa sulla poltrona del passeggero e i figli Alessandro di 10 anni e Adele di 6 sul\u00a0 sedile\u00a0 posteriore. Tra la vita e la morte, una questione di centimetri. \u00a0Non \u00e8 tanto questione dell&#8217;autovelox di Candaten, Improvvisamente il masso,\u00a0 un rumore terrificante.\u00a0 Dopo l&#8217;allarme, sono arrivati i vigili del fuoco, l&#8217;ambulanza e i carabinieri, oltre al personale di Veneto Strade, che \u00e8 l&#8217;ente gestore della via di comunicazione. Lungo la strada, la certezza sempre pi\u00f9 pesante di aver rischiato la vita per una gita in montagna.<\/div>\n<div><\/div>\n<div><strong>\u00a0<\/strong><\/div>\n<div><strong>IERI SERA, VENETO STRADE: ATTENZIONE<\/strong> <span class=\"x3nfvp2 x1j61x8r x1fcty0u xdj266r xhhsvwb xat24cr xgzva0m xxymvpz xlup9mm x1kky2od\"><img loading=\"lazy\" decoding=\"async\" src=\"https:\/\/static.xx.fbcdn.net\/images\/emoji.php\/v9\/tbd\/1\/16\/26d4.png\" alt=\"&#x26d4;&#xfe0f;\" width=\"16\" height=\"16\" \/><\/span> <span class=\"x3nfvp2 x1j61x8r x1fcty0u xdj266r xhhsvwb xat24cr xgzva0m xxymvpz xlup9mm x1kky2od\"><img loading=\"lazy\" decoding=\"async\" src=\"https:\/\/static.xx.fbcdn.net\/images\/emoji.php\/v9\/tbd\/1\/16\/26d4.png\" alt=\"&#x26d4;&#xfe0f;\" width=\"16\" height=\"16\" \/><\/span><span class=\"x3nfvp2 x1j61x8r x1fcty0u xdj266r xhhsvwb xat24cr xgzva0m xxymvpz xlup9mm x1kky2od\"><img loading=\"lazy\" decoding=\"async\" src=\"https:\/\/static.xx.fbcdn.net\/images\/emoji.php\/v9\/tbd\/1\/16\/26d4.png\" alt=\"&#x26d4;&#xfe0f;\" width=\"16\" height=\"16\" \/><\/span> Nel pomeriggio sulla SR 203 Agordina presso localit\u00e0 La Pissa, un sasso \u00e8 caduto mentre transitava un automobile. Non ci sono feriti ma solo danni all\u2019auto. Le cause sono dovute, probabilmente, alla pioggia caduta in queste ore. Si \u00e8 trattato di un episodio isolato. Oggi squadre di Veneto Strade verificheranno le condizioni del versante roccioso alla luce delle avverse situazioni meteo verificatesi.<\/div>\n<div><\/div>\n<div>\n\n\t\t\t<style type='text\/css'>\n\t\t\t\t#gallery-2 {\n\t\t\t\t\tmargin: auto;\n\t\t\t\t}\n\t\t\t\t#gallery-2 .gallery-item {\n\t\t\t\t\tfloat: left;\n\t\t\t\t\tmargin-top: 10px;\n\t\t\t\t\ttext-align: center;\n\t\t\t\t\twidth: 33%;\n\t\t\t\t}\n\t\t\t\t#gallery-2 img {\n\t\t\t\t\tborder: 2px solid #cfcfcf;\n\t\t\t\t}\n\t\t\t\t#gallery-2 .gallery-caption {\n\t\t\t\t\tmargin-left: 0;\n\t\t\t\t}\n\t\t\t\t\/* see gallery_shortcode() in wp-includes\/media.php *\/\n\t\t\t<\/style>\n\t\t<div id='gallery-2' class='dt-gallery-container gallery galleryid-338620 gallery-columns-3 gallery-size-thumbnail'><dl class='gallery-item'>\n\t\t\t\t<dt class='gallery-icon landscape'>\n\t\t\t\t\t<a class=\"rollover rollover-zoom dt-pswp-item\" title=\"351793842_6893042117376113_8092854522066656727_n\" data-dt-img-description=\"\" data-large_image_width=\"600\" data-large_image_height=\"338\"href='https:\/\/www.radiopiu.net\/wordpress\/wp-content\/uploads\/2023\/06\/351793842_6893042117376113_8092854522066656727_n.jpg'><img loading=\"lazy\" decoding=\"async\" width=\"150\" height=\"150\" src=\"https:\/\/www.radiopiu.net\/wordpress\/wp-content\/uploads\/2023\/06\/351793842_6893042117376113_8092854522066656727_n-150x150.jpg\" class=\"attachment-thumbnail size-thumbnail\" alt=\"\" \/><\/a>\n\t\t\t\t<\/dt><\/dl><dl class='gallery-item'>\n\t\t\t\t<dt class='gallery-icon landscape'>\n\t\t\t\t\t<a class=\"rollover rollover-zoom dt-pswp-item\" title=\"352017998_1309124129812314_2874068970158904691_n\" data-dt-img-description=\"\" data-large_image_width=\"600\" data-large_image_height=\"338\"href='https:\/\/www.radiopiu.net\/wordpress\/wp-content\/uploads\/2023\/06\/352017998_1309124129812314_2874068970158904691_n.jpg'><img loading=\"lazy\" decoding=\"async\" width=\"150\" height=\"150\" src=\"https:\/\/www.radiopiu.net\/wordpress\/wp-content\/uploads\/2023\/06\/352017998_1309124129812314_2874068970158904691_n-150x150.jpg\" class=\"attachment-thumbnail size-thumbnail\" alt=\"\" \/><\/a>\n\t\t\t\t<\/dt><\/dl><dl class='gallery-item'>\n\t\t\t\t<dt class='gallery-icon landscape'>\n\t\t\t\t\t<a class=\"rollover rollover-zoom dt-pswp-item\" title=\"350660873_673378154634200_4676614437337713405_n\" data-dt-img-description=\"\" data-large_image_width=\"600\" data-large_image_height=\"444\"href='https:\/\/www.radiopiu.net\/wordpress\/wp-content\/uploads\/2023\/06\/350660873_673378154634200_4676614437337713405_n.jpg'><img loading=\"lazy\" decoding=\"async\" width=\"150\" height=\"150\" src=\"https:\/\/www.radiopiu.net\/wordpress\/wp-content\/uploads\/2023\/06\/350660873_673378154634200_4676614437337713405_n-150x150.jpg\" class=\"attachment-thumbnail size-thumbnail\" alt=\"\" \/><\/a>\n\t\t\t\t<\/dt><\/dl><br style=\"clear: both\" \/>\n\t\t\t<\/div>\n\n<\/div>\n<p>&nbsp;<\/p>\n<hr \/>\n<p>&nbsp;<\/p>\n<blockquote>\n<h3>SOCCORSO ALPINO IMPEGNATO A CORTINA ED AURONZO<\/h3>\n<\/blockquote>\n<p><strong><a class=\"dt-pswp-item\" href=\"https:\/\/www.radiopiu.net\/wordpress\/wp-content\/uploads\/2022\/07\/salt_20220725_132211_968.jpg\" data-dt-img-description=\"\" data-large_image_width=\"2364\" data-large_image_height=\"1773\"><img loading=\"lazy\" decoding=\"async\" class=\" wp-image-289179 alignleft\" src=\"https:\/\/www.radiopiu.net\/wordpress\/wp-content\/uploads\/2022\/07\/salt_20220725_132211_968-300x225.jpg\" alt=\"\" width=\"199\" height=\"149\" srcset=\"https:\/\/www.radiopiu.net\/wordpress\/wp-content\/uploads\/2022\/07\/salt_20220725_132211_968-300x225.jpg 300w, https:\/\/www.radiopiu.net\/wordpress\/wp-content\/uploads\/2022\/07\/salt_20220725_132211_968-1024x768.jpg 1024w, https:\/\/www.radiopiu.net\/wordpress\/wp-content\/uploads\/2022\/07\/salt_20220725_132211_968-768x576.jpg 768w, https:\/\/www.radiopiu.net\/wordpress\/wp-content\/uploads\/2022\/07\/salt_20220725_132211_968-1536x1152.jpg 1536w, https:\/\/www.radiopiu.net\/wordpress\/wp-content\/uploads\/2022\/07\/salt_20220725_132211_968-2048x1536.jpg 2048w\" sizes=\"auto, (max-width: 199px) 100vw, 199px\" \/><\/a>CORTINA <\/strong>Verso le 16.30 di sabato il Soccorso alpino di Cortina \u00e8 stato attivato, per una famiglia polacca in difficolt\u00e0 lungo il Sentiero attrezzato dei Kaiserj\u00e4ger. Pap\u00e0, mamma, assieme ai due figli di 8 e 11 anni, erano infatti arrivati in un punto dove i cavi erano nascosti dalla neve e non se la sentivano di proseguire per non mettere i bambini in situazione di rischio. I quattro sono stati raggiunti dai soccorritori con il Soccorso alpino della Guardia di finanza. Una volta assicurati per superare il tratto impegnativo, sono poi stati accompagnati fino agli impianti.<\/p>\n<p><strong>AURONZO <\/strong>Una squadra del Soccorso alpino di Auronzo \u00e8 intervenuta in fuoristrada sul sentiero 105, sotto le Tre Cime di Lavaredo, in aiuto di due escursioniste di 56 e 48 anni di Cosenza, che, affaticate, non riuscivano pi\u00f9 a proseguire e sono state trasportate al Rifugio Auronzo.<\/p>\n<p>&nbsp;<\/p>\n<hr \/>\n<p>&nbsp;<\/p>\n<blockquote>\n<h3>IN COMELICO, LACRIME PER VITTORIO CARBOGNO<\/h3>\n<\/blockquote>\n<p><strong><a class=\"dt-pswp-item\" href=\"https:\/\/www.radiopiu.net\/wordpress\/wp-content\/uploads\/2023\/06\/dnome.png\" data-dt-img-description=\"\" data-large_image_width=\"129\" data-large_image_height=\"109\"><img loading=\"lazy\" decoding=\"async\" class=\"size-full wp-image-338900 alignleft\" src=\"https:\/\/www.radiopiu.net\/wordpress\/wp-content\/uploads\/2023\/06\/dnome.png\" alt=\"\" width=\"129\" height=\"109\" \/><\/a>COMELICO<\/strong> \u00abHai lasciato un paese senza parole, te ne sei andato silenziosamente, proprio come eri tu, di poche parole, ma sempre presente se c&#8217;era bisogno di una mano. Fai buon viaggio Toio, mancherai a tutti noi\u00bb. Questo il messaggio dell&#8217;associazione sportiva Comelico NordicSki per salutare Vittorio &#8220;Toio&#8221; Carbogno,\u00a0 morto sabato a seguito di un&#8217;operazione a cuore aperto eseguita a Treviso. \u00a0Operazione\u00a0 impegnativa e la situazione\u00a0 era stata descritta dai medici come decisamente delicata ed a rischio.\u00a0 Classe 1946, Vittorio Carbogno era pensionato, dopo aver lavorato una vita come artigiano imbianchino. Lascia la moglie Wanda, i figli Simonetta e Mirco e 7 nipoti. I funerali nella chiesa di Padola mercoled\u00ec alle 14,30<\/p>\n<p>&nbsp;<\/p>\n<hr \/>\n<p>&nbsp;<\/p>\n<blockquote>\n<h3><a class=\"dt-pswp-item\" href=\"https:\/\/www.radiopiu.net\/wordpress\/wp-content\/uploads\/2023\/06\/alessandra.png\" data-dt-img-description=\"\" data-large_image_width=\"252\" data-large_image_height=\"304\"><img loading=\"lazy\" decoding=\"async\" class=\"wp-image-338899 alignleft\" src=\"https:\/\/www.radiopiu.net\/wordpress\/wp-content\/uploads\/2023\/06\/alessandra-249x300.png\" alt=\"\" width=\"106\" height=\"128\" srcset=\"https:\/\/www.radiopiu.net\/wordpress\/wp-content\/uploads\/2023\/06\/alessandra-249x300.png 249w, https:\/\/www.radiopiu.net\/wordpress\/wp-content\/uploads\/2023\/06\/alessandra.png 252w\" sizes=\"auto, (max-width: 106px) 100vw, 106px\" \/><\/a>OGGI I FUNERALI DI ALESSANDRA, L&#8217;ARTIGIANA<\/h3>\n<\/blockquote>\n<p><strong>PONTE NELLE ALPI\u00a0\u00a0<\/strong> \u00a0Alessandra De Min\u00a0 aveva 55 anni ed era la titolare di Le Papier, il laboratorio artigianale, all&#8217;inizio di viale Dolomiti, a Ponte nelle Alpi. Soffriva di un male incurabile.\u00a0 De Min era molto conosciuta e apprezzata a Ponte nelle Alpi, ma non solo in paese. Alessandra De Min lascia il marito Emanuele e i figli Riccardo, Beatrice ed Enrico. I funerali si svolgono oggi pomeriggio alle 15, nella chiesa parrocchiale di Polpet. Saranno gradite offerte all&#8217;associazione Francesco Cucchini.<\/p>\n<p>&nbsp;<\/p>\n<hr \/>\n<p>&nbsp;<\/p>\n<blockquote>\n<h3>OLTRE 50 MILA EURO PER RISOLVERE I PROBLEMI DELLA VAL DE VIE<\/h3>\n<\/blockquote>\n<p><strong>AGORDO<\/strong><\/p>\n<p>di Gianni Santomaso<\/p>\n<audio class=\"wp-audio-shortcode\" id=\"audio-338620-1\" preload=\"none\" style=\"width: 100%;\" controls=\"controls\"><source type=\"audio\/mpeg\" src=\"https:\/\/www.radiopiu.net\/wordpress\/wp-content\/uploads\/2023\/06\/GIANNI-50-MILA-EURO-PER-RISOLVERE-I-PROBLEMI-DELLA-VAL-DE-VIE.mp3?_=1\" \/><a href=\"https:\/\/www.radiopiu.net\/wordpress\/wp-content\/uploads\/2023\/06\/GIANNI-50-MILA-EURO-PER-RISOLVERE-I-PROBLEMI-DELLA-VAL-DE-VIE.mp3\">https:\/\/www.radiopiu.net\/wordpress\/wp-content\/uploads\/2023\/06\/GIANNI-50-MILA-EURO-PER-RISOLVERE-I-PROBLEMI-DELLA-VAL-DE-VIE.mp3<\/a><\/audio>\n<p>&nbsp;<\/p>\n\n\t\t\t<style type='text\/css'>\n\t\t\t\t#gallery-3 {\n\t\t\t\t\tmargin: auto;\n\t\t\t\t}\n\t\t\t\t#gallery-3 .gallery-item {\n\t\t\t\t\tfloat: left;\n\t\t\t\t\tmargin-top: 10px;\n\t\t\t\t\ttext-align: center;\n\t\t\t\t\twidth: 50%;\n\t\t\t\t}\n\t\t\t\t#gallery-3 img {\n\t\t\t\t\tborder: 2px solid #cfcfcf;\n\t\t\t\t}\n\t\t\t\t#gallery-3 .gallery-caption {\n\t\t\t\t\tmargin-left: 0;\n\t\t\t\t}\n\t\t\t\t\/* see gallery_shortcode() in wp-includes\/media.php *\/\n\t\t\t<\/style>\n\t\t<div id='gallery-3' class='dt-gallery-container gallery galleryid-338620 gallery-columns-2 gallery-size-medium'><dl class='gallery-item'>\n\t\t\t\t<dt class='gallery-icon portrait'>\n\t\t\t\t\t<a class=\"rollover rollover-zoom dt-pswp-item\" title=\"2fe3009a-8413-4c39-9ef4-eca4337a6624\" data-dt-img-description=\"\" data-large_image_width=\"768\" data-large_image_height=\"1024\"href='https:\/\/www.radiopiu.net\/wordpress\/wp-content\/uploads\/2023\/06\/2fe3009a-8413-4c39-9ef4-eca4337a6624.jpg'><img loading=\"lazy\" decoding=\"async\" width=\"225\" height=\"300\" src=\"https:\/\/www.radiopiu.net\/wordpress\/wp-content\/uploads\/2023\/06\/2fe3009a-8413-4c39-9ef4-eca4337a6624-225x300.jpg\" class=\"attachment-medium size-medium\" alt=\"\" srcset=\"https:\/\/www.radiopiu.net\/wordpress\/wp-content\/uploads\/2023\/06\/2fe3009a-8413-4c39-9ef4-eca4337a6624-225x300.jpg 225w, https:\/\/www.radiopiu.net\/wordpress\/wp-content\/uploads\/2023\/06\/2fe3009a-8413-4c39-9ef4-eca4337a6624.jpg 768w\" sizes=\"auto, (max-width: 225px) 100vw, 225px\" \/><\/a>\n\t\t\t\t<\/dt><\/dl><dl class='gallery-item'>\n\t\t\t\t<dt class='gallery-icon portrait'>\n\t\t\t\t\t<a class=\"rollover rollover-zoom dt-pswp-item\" title=\"94ad75d9-b46b-4bd1-b0ba-4f21013e855b\" data-dt-img-description=\"\" data-large_image_width=\"768\" data-large_image_height=\"1024\"href='https:\/\/www.radiopiu.net\/wordpress\/wp-content\/uploads\/2023\/06\/94ad75d9-b46b-4bd1-b0ba-4f21013e855b.jpg'><img loading=\"lazy\" decoding=\"async\" width=\"225\" height=\"300\" src=\"https:\/\/www.radiopiu.net\/wordpress\/wp-content\/uploads\/2023\/06\/94ad75d9-b46b-4bd1-b0ba-4f21013e855b-225x300.jpg\" class=\"attachment-medium size-medium\" alt=\"\" srcset=\"https:\/\/www.radiopiu.net\/wordpress\/wp-content\/uploads\/2023\/06\/94ad75d9-b46b-4bd1-b0ba-4f21013e855b-225x300.jpg 225w, https:\/\/www.radiopiu.net\/wordpress\/wp-content\/uploads\/2023\/06\/94ad75d9-b46b-4bd1-b0ba-4f21013e855b.jpg 768w\" sizes=\"auto, (max-width: 225px) 100vw, 225px\" \/><\/a>\n\t\t\t\t<\/dt><\/dl><br style=\"clear: both\" \/>\n\t\t\t<\/div>\n\n<p>&nbsp;<\/p>\n<hr \/>\n<p>&nbsp;<\/p>\n<blockquote>\n<h3>LA GIORNATA NAZIONALE DELLO SPORT<\/h3>\n<\/blockquote>\n<p><strong><a class=\"dt-pswp-item\" href=\"https:\/\/www.radiopiu.net\/wordpress\/wp-content\/uploads\/2023\/06\/IMG-20230521-WA0031.jpg\" data-dt-img-description=\"\" data-large_image_width=\"1600\" data-large_image_height=\"900\"><img loading=\"lazy\" decoding=\"async\" class=\" wp-image-338718 alignleft\" src=\"https:\/\/www.radiopiu.net\/wordpress\/wp-content\/uploads\/2023\/06\/IMG-20230521-WA0031-300x169.jpg\" alt=\"\" width=\"193\" height=\"109\" srcset=\"https:\/\/www.radiopiu.net\/wordpress\/wp-content\/uploads\/2023\/06\/IMG-20230521-WA0031-300x169.jpg 300w, https:\/\/www.radiopiu.net\/wordpress\/wp-content\/uploads\/2023\/06\/IMG-20230521-WA0031-1024x576.jpg 1024w, https:\/\/www.radiopiu.net\/wordpress\/wp-content\/uploads\/2023\/06\/IMG-20230521-WA0031-768x432.jpg 768w, https:\/\/www.radiopiu.net\/wordpress\/wp-content\/uploads\/2023\/06\/IMG-20230521-WA0031-1536x864.jpg 1536w, https:\/\/www.radiopiu.net\/wordpress\/wp-content\/uploads\/2023\/06\/IMG-20230521-WA0031.jpg 1600w\" sizes=\"auto, (max-width: 193px) 100vw, 193px\" \/><\/a>BELLUNO <\/strong>Ieri si \u00e8 svolta la giornata nazionale dello sport, istituita a livello nazionale per sensibilizzare sull\u2019importanza dello sport e dell\u2019attivit\u00e0 fisica. L\u2019Ulss Dolomiti \u00e8 impegnata nella promozione dell\u2019attivit\u00e0 fisica, come principio cardine di uno stile di vita salutare, per tutte le fasce d\u2019et\u00e0, partendo dai pi\u00f9 piccoli. Per gli adulti sono attive le Palestre della Salute e la prescrizione dell\u2019esercizio fisico in collaborazione con i Medici di Medicina Generale. Inoltre,\u00a0 con diversi Comuni del territorio, sono stati individuati e dotati di segnaletica diversi percorsi di 1 km sicuri e accessibili. L\u2019importanza del movimento nello stile di vita si impara fin da bambini. Per questo, nell\u2019ambito dell\u2019offerta formativa per la promozione della salute nelle scuole, \u00e8 attivo da anni il progetto \u201cCorro lontano perch\u00e9 mangio sano\u201d, che coinvolge bambini e ragazzi delle scuole di tutta la provincia di ogni ordine e grado.<\/p>\n<p>&nbsp;<\/p>\n<p>&nbsp;<\/p>\n<hr \/>\n<p>&nbsp;<\/p>\n<blockquote>\n<h3>LA GASTROENTEROLOGIA DEL SAN MARTINO CONFERMA LA CERTIFICAZIONE SIED<\/h3>\n<\/blockquote>\n<p><strong><a class=\"dt-pswp-item\" href=\"https:\/\/www.radiopiu.net\/wordpress\/wp-content\/uploads\/2023\/06\/pannello-2022-scaled.jpg\" data-dt-img-description=\"\" data-large_image_width=\"2560\" data-large_image_height=\"1829\"><img loading=\"lazy\" decoding=\"async\" class=\" wp-image-338716 alignleft\" src=\"https:\/\/www.radiopiu.net\/wordpress\/wp-content\/uploads\/2023\/06\/pannello-2022-300x214.jpg\" alt=\"\" width=\"196\" height=\"140\" srcset=\"https:\/\/www.radiopiu.net\/wordpress\/wp-content\/uploads\/2023\/06\/pannello-2022-300x214.jpg 300w, https:\/\/www.radiopiu.net\/wordpress\/wp-content\/uploads\/2023\/06\/pannello-2022-1024x731.jpg 1024w, https:\/\/www.radiopiu.net\/wordpress\/wp-content\/uploads\/2023\/06\/pannello-2022-768x549.jpg 768w, https:\/\/www.radiopiu.net\/wordpress\/wp-content\/uploads\/2023\/06\/pannello-2022-1536x1097.jpg 1536w, https:\/\/www.radiopiu.net\/wordpress\/wp-content\/uploads\/2023\/06\/pannello-2022-2048x1463.jpg 2048w\" sizes=\"auto, (max-width: 196px) 100vw, 196px\" \/><\/a>BELLUNO <\/strong>Per la terza volta, l\u2019Unit\u00e0 Operativa di Gastroenterologia ed Endoscopia Digestiva dell\u2019Ospedale San Martino di Belluno ha ottenuto l\u2019accreditamento come centro di eccellenza per la gastroenterologia ed l\u2019 endoscopia digestiva SIED (Societ\u00e0 Italiana di Endoscopia Digestiva) e ANOTE (Associazione nazionale operatori di tecniche endoscopiche). La prima certificazione era stata ottenuta nel 2017, rinnovata nel 2019 e confermata anche nel 2023. Capacit\u00e0 di operare all\u2019interno dell\u2019attuale sistema sanitario, competenze organizzative ed elevati standard clinici, aggiornamento continuo, sia per quanto riguarda la tecnologia, sia \u00a0in termine di adesione alle pi\u00f9 recenti linee guida, qualit\u00e0 e sicurezza delle procedure adottate, perseguimento del miglioramento continuo delle prestazioni ponendo sempre al centro il paziente, sono alcune delle attestazioni ottenute dalla Unit\u00e0 Operativa. Ad oggi, sono 6 le Unit\u00e0 Operative di Gastroenterologia del Triveneto che hanno ottenuto questo accreditamento. L\u2019importante riconoscimento \u00e8 giunto dopo la visita ispettiva della commissione esaminatrice all\u2019interno della struttura nell\u2019ambito di un percorso che ha coinvolto tutti gli operatori sanitari coordinati dal direttore dell\u2019unit\u00e0 operativa\u00a0 Bastianello German\u00e0 e dalla coordinatrice infermieristica Ellen Losso, con l\u2019indispensabile collaborazione di tutto lo staff che ha sostenuto il grande lavoro di preparazione per raggiungere e soprattutto mantenere nel tempo gli standard necessari per la conferma dell\u2019accreditamento.<\/p>\n<p>&nbsp;<\/p>\n<p>&nbsp;<\/p>\n<hr \/>\n<p>&nbsp;<\/p>\n<blockquote>\n<h3>CONCLUSO IL PROGETTO DI SOSTEGNO AL SETTORE LATTIERO-CASEARIO: LA PROVINCIA HA LIQUIDATO 1,2 MILIONI DI EURO A FAVORE DI 12 LATTERIE DEL TERRITORIO<\/h3>\n<\/blockquote>\n<p><strong><a class=\"dt-pswp-item\" href=\"https:\/\/www.radiopiu.net\/wordpress\/wp-content\/uploads\/2020\/03\/latte.jpg\" data-dt-img-description=\"\" data-large_image_width=\"1920\" data-large_image_height=\"1517\"><img loading=\"lazy\" decoding=\"async\" class=\" wp-image-124751 alignleft\" src=\"https:\/\/www.radiopiu.net\/wordpress\/wp-content\/uploads\/2020\/03\/latte-300x237.jpg\" alt=\"\" width=\"180\" height=\"142\" srcset=\"https:\/\/www.radiopiu.net\/wordpress\/wp-content\/uploads\/2020\/03\/latte-300x237.jpg 300w, https:\/\/www.radiopiu.net\/wordpress\/wp-content\/uploads\/2020\/03\/latte-1024x809.jpg 1024w, https:\/\/www.radiopiu.net\/wordpress\/wp-content\/uploads\/2020\/03\/latte-768x607.jpg 768w, https:\/\/www.radiopiu.net\/wordpress\/wp-content\/uploads\/2020\/03\/latte-1536x1214.jpg 1536w, https:\/\/www.radiopiu.net\/wordpress\/wp-content\/uploads\/2020\/03\/latte.jpg 1920w\" sizes=\"auto, (max-width: 180px) 100vw, 180px\" \/><\/a>BELLUNO<\/strong> Qualcuno ha acquistato nuovi serbatoi per lo stoccaggio del latte, qualcun altro ha installato una macchina scrematrice, comprato nuovi mezzi di trasporto per vendere il prodotto finito. Altri hanno ampliato il banco frigo, sistemato la cella di affumicatura e messo a posto la vasca del siero. Sono solo alcuni degli investimenti effettuati dalle piccole latterie bellunesi grazie al piano varato dalla Provincia nel 2021 a sostegno del settore lattiero-caseario. Nei giorni scorsi il progetto si \u00e8 concluso, con la rendicontazione di tutti gli interventi. \u00abLa cifra finale \u00e8 davvero importante: sono stati liquidati oltre 1,2 milioni di euro a favore delle piccole latterie. Senza contare le risorse aggiuntive messe in campo per la formazione dei nuovi casari, in collaborazione con l\u2019Istituto agrario di Feltre\u00bb, spiega il presidente della Provincia di Belluno, Roberto Padrin. \u00abAbbiamo ritenuto fondamentale dare un aiuto concreto al settore primario, che nel nostro territorio rappresenta non solo un segmento economico, ma anche un presidio della montagna e insieme una parte importante del turismo. E per questo ci siamo concentrati sulle piccole latterie\u00bb.\u00a0La Latteria di Vallata (Agordo) ad esempio aveva preparato un progetto di investimento per migliorare le prestazioni e la sostenibilit\u00e0 della latteria. Con un contributo di 176mila euro ha sostituito la scrematrice per ottimizzare la produzione in termini di tempo e sprechi, ha acquistato un serbatoio per il siero, una macchina confezionatrice per lo yogurt, un nuovo banco frigo con elevate prestazioni di risparmio energetico, un maturatore per la panna e un furgone per la consegna dei prodotti.<\/p>\n<p>&nbsp;<\/p>\n<p>&nbsp;<\/p>\n<hr \/>\n<p>&nbsp;<\/p>\n<blockquote>\n<h3>I GIOVANI PARTECIPANO IN MASSA ALLA SERATA ORGANIZZATA DA LIBERA<\/h3>\n<\/blockquote>\n<p><strong><a class=\"dt-pswp-item\" href=\"https:\/\/www.radiopiu.net\/wordpress\/wp-content\/uploads\/2023\/06\/DSCF4081-scaled.jpg\" data-dt-img-description=\"\" data-large_image_width=\"2560\" data-large_image_height=\"1440\"><img loading=\"lazy\" decoding=\"async\" class=\" wp-image-338746 alignleft\" src=\"https:\/\/www.radiopiu.net\/wordpress\/wp-content\/uploads\/2023\/06\/DSCF4081-300x169.jpg\" alt=\"\" width=\"206\" height=\"116\" srcset=\"https:\/\/www.radiopiu.net\/wordpress\/wp-content\/uploads\/2023\/06\/DSCF4081-300x169.jpg 300w, https:\/\/www.radiopiu.net\/wordpress\/wp-content\/uploads\/2023\/06\/DSCF4081-1024x576.jpg 1024w, https:\/\/www.radiopiu.net\/wordpress\/wp-content\/uploads\/2023\/06\/DSCF4081-768x432.jpg 768w, https:\/\/www.radiopiu.net\/wordpress\/wp-content\/uploads\/2023\/06\/DSCF4081-1536x864.jpg 1536w, https:\/\/www.radiopiu.net\/wordpress\/wp-content\/uploads\/2023\/06\/DSCF4081-2048x1152.jpg 2048w\" sizes=\"auto, (max-width: 206px) 100vw, 206px\" \/><\/a>AGORDO<\/strong><\/p>\n<p>di Gianni Santomaso<\/p>\n<audio class=\"wp-audio-shortcode\" id=\"audio-338620-2\" preload=\"none\" style=\"width: 100%;\" controls=\"controls\"><source type=\"audio\/mpeg\" src=\"https:\/\/www.radiopiu.net\/wordpress\/wp-content\/uploads\/2023\/06\/GIANNI-I-GIOVANI-PARTECIPANO-IN-MASSA-ALLA-SERATA-ORGANIZZATA-DA-LIBERA.mp3?_=2\" \/><a href=\"https:\/\/www.radiopiu.net\/wordpress\/wp-content\/uploads\/2023\/06\/GIANNI-I-GIOVANI-PARTECIPANO-IN-MASSA-ALLA-SERATA-ORGANIZZATA-DA-LIBERA.mp3\">https:\/\/www.radiopiu.net\/wordpress\/wp-content\/uploads\/2023\/06\/GIANNI-I-GIOVANI-PARTECIPANO-IN-MASSA-ALLA-SERATA-ORGANIZZATA-DA-LIBERA.mp3<\/a><\/audio>\n<p>&nbsp;<\/p>\n<blockquote class=\"wp-embedded-content\" data-secret=\"AUgbUyl9JV\"><p><a href=\"https:\/\/www.radiopiu.net\/wordpress\/i-giornalini-del-concorso-la-bellezza-dellimpegno\/\">I GIORNALINI DEL CONCORSO &#8220;LA BELLEZZA DELL&#8217;IMPEGNO&#8221;<\/a><\/p><\/blockquote>\n<p><iframe loading=\"lazy\" class=\"wp-embedded-content\" sandbox=\"allow-scripts\" security=\"restricted\" style=\"position: absolute; clip: rect(1px, 1px, 1px, 1px);\" title=\"&#8220;I GIORNALINI DEL CONCORSO &#8220;LA BELLEZZA DELL&#8217;IMPEGNO&#8221;&#8221; &#8212; Radio Pi\u00f9\" src=\"https:\/\/www.radiopiu.net\/wordpress\/i-giornalini-del-concorso-la-bellezza-dellimpegno\/embed\/#?secret=pytwtLPyvM#?secret=AUgbUyl9JV\" data-secret=\"AUgbUyl9JV\" width=\"600\" height=\"338\" frameborder=\"0\" marginwidth=\"0\" marginheight=\"0\" scrolling=\"no\"><\/iframe><\/p>\n<p>&nbsp;<\/p>\n<hr \/>\n<p>&nbsp;<\/p>\n<blockquote>\n<h3>GLI OCCHIALI DEL PRESIDENTE DELLA REPUBBLICA ARRIVANO AL MUSEO DELL\u2019OCCHIALE<\/h3>\n<\/blockquote>\n<p><strong>PIEVE DI CADORE <\/strong>Venerd\u00ec alle 11, al Museo dell\u2019Occhiale di Pieve di Cadore, Vittorio Tabacchi, presidente della Fondazione Museo dell\u2019Occhiale onlus, presenter\u00e0 l\u2019ultima donazione ricevuta: un paio di occhiali appartenuti al Presidente della Repubblica Italiana, Sergio Mattarella. Questa donazione contribuisce ad accrescere l\u2019importanza delle collezioni conservate al Museo, anche al fine di raggiungere una maggiore visibilit\u00e0, e si inserisce all\u2019interno di un progetto che la Fondazione intende realizzare, mirato ad accogliere occhiali appartenuti a personaggi rilevanti, il cui volto spesso \u00e8 fortemente caratterizzato dalla presenza di una particolare montatura.<\/p>\n<p>&nbsp;<\/p>\n<p>&nbsp;<\/p>\n<hr \/>\n<p>&nbsp;<\/p>\n<blockquote>\n<h3>IL SAGGIO DI FINE ANNO PER LA POLISPORTIVA ASTRA<\/h3>\n<\/blockquote>\n<p><strong>PONTE NELLE ALPI <\/strong>Palazzetto dello Sport gremito per il saggio finale di ginnastica artistica, promosso dalla Polisportiva Astra.<span class=\"gmail-Apple-converted-space\"> \u00a0<\/span>La disciplina sportiva \u00e8 maggiormente praticata dalle ragazze, ma anche diversi maschietti frequentano in maniera assidua e continua i corsi proposti ogni anno dalla Polisportiva: a Ponte nelle Alpi, con un centinaio di iscritti, e in Alpago, con una trentina. L\u2019Astra \u00e8 una realt\u00e0 importante, riconosciuta per i validi risultati livello regionale e nazionale, oltre che per lo spessore di uno staff preparato e consolidato, capace di seguire nel dettaglio le iscritte e gli iscritti dagli 8 anni in poi.<span class=\"gmail-Apple-converted-space\">\u00a0<\/span><\/p>\n<p>&nbsp;<\/p>\n<p>&nbsp;<\/p>\n<hr \/>\n<p>&nbsp;<\/p>\n<blockquote>\n<h3>DONA E VINCI<\/h3>\n<\/blockquote>\n<p><strong>FELTRE<\/strong> A partire da oggi inizia il progetto \u201cDONA E VINCI\u201d, promosso dal gruppo Giovani Donatori dell\u2019Associazione Feltrina Donatori Volontari di Sangue. Chi dona sangue o plasma presso il Centro Trasfusionale di Feltre, avr\u00e0 la possibilit\u00e0 di partecipare ad un\u2019estrazione e vincere dei premi: ogni donazione effettuata dar\u00e0 al donatore un biglietto virtuale valido per l\u2019estrazione finale<\/p>\n<p>&nbsp;<\/p>\n<hr \/>\n<p>&nbsp;<\/p>\n<blockquote>\n<h3><span style=\"color: #ff0000;\">dal giornale radio del 14 maggio 2023 di ROBERTO BONA\u00a0<\/span><\/h3>\n<p>IL FIORI BARP FESTEGGIA I 60 ANNI DI ATTIVITA&#8217;<\/p><\/blockquote>\n<p><strong><a class=\"dt-pswp-item\" href=\"https:\/\/www.radiopiu.net\/wordpress\/wp-content\/uploads\/2020\/10\/fiori-barp.png\" data-dt-img-description=\"\" data-large_image_width=\"334\" data-large_image_height=\"475\"><img loading=\"lazy\" decoding=\"async\" class=\" wp-image-164208 alignleft\" src=\"https:\/\/www.radiopiu.net\/wordpress\/wp-content\/uploads\/2020\/10\/fiori-barp-211x300.png\" alt=\"\" width=\"120\" height=\"171\" srcset=\"https:\/\/www.radiopiu.net\/wordpress\/wp-content\/uploads\/2020\/10\/fiori-barp-211x300.png 211w, https:\/\/www.radiopiu.net\/wordpress\/wp-content\/uploads\/2020\/10\/fiori-barp.png 334w\" sizes=\"auto, (max-width: 120px) 100vw, 120px\" \/><\/a>SEDICO<\/strong><\/p>\n<p>di Roberto Bona<\/p>\n<audio class=\"wp-audio-shortcode\" id=\"audio-338620-3\" preload=\"none\" style=\"width: 100%;\" controls=\"controls\"><source type=\"audio\/mpeg\" src=\"https:\/\/www.radiopiu.net\/wordpress\/wp-content\/uploads\/2023\/05\/Festa60FioriBarp.mp3?_=3\" \/><a href=\"https:\/\/www.radiopiu.net\/wordpress\/wp-content\/uploads\/2023\/05\/Festa60FioriBarp.mp3\">https:\/\/www.radiopiu.net\/wordpress\/wp-content\/uploads\/2023\/05\/Festa60FioriBarp.mp3<\/a><\/audio>\n<p>&nbsp;<\/p>\n<p>&nbsp;<\/p>\n<hr \/>\n<p>&nbsp;<\/p>\n<h2><span style=\"color: #ff0000;\"><a class=\"dt-pswp-item\" href=\"https:\/\/www.radiopiu.net\/wordpress\/wp-content\/uploads\/2023\/06\/0.png\" data-dt-img-description=\"\" data-large_image_width=\"830\" data-large_image_height=\"855\"><img loading=\"lazy\" decoding=\"async\" class=\" wp-image-338807 alignleft\" src=\"https:\/\/www.radiopiu.net\/wordpress\/wp-content\/uploads\/2023\/06\/0-291x300.png\" alt=\"\" width=\"133\" height=\"138\" srcset=\"https:\/\/www.radiopiu.net\/wordpress\/wp-content\/uploads\/2023\/06\/0-291x300.png 291w, https:\/\/www.radiopiu.net\/wordpress\/wp-content\/uploads\/2023\/06\/0-768x791.png 768w, https:\/\/www.radiopiu.net\/wordpress\/wp-content\/uploads\/2023\/06\/0.png 830w\" sizes=\"auto, (max-width: 133px) 100vw, 133px\" \/><\/a>DAL CORRIERE DELLE ALPI<\/span><\/h2>\n<h2><span style=\"color: #0000ff;\">VIVERE L&#8217;AGORDINO<\/span><\/h2>\n<h3>OTTAVIO ROSSI: UNA VITA DEDICATA ALLA PITTURA MA A VOLTE INCOMPRESA<\/h3>\n<p>di Gianni Santomaso<\/p>\n<p>&nbsp;<\/p>\n<hr \/>\n<p>&nbsp;<\/p>\n<blockquote>\n<h3>ATELIER TEATRO DANZA PER UNICEF<\/h3>\n<\/blockquote>\n<p>di Brunella Moro<\/p>\n<p><strong>BELLUNO\u00a0<\/strong> Un\u2019altra volta tra i giovani il teatro Comunale \u00e8 stato testimone di una serata indimenticabile .<br \/>\nUno spettacolo iniziato subito con emozione, grazie alla piccolissima Vanessa che con una voce fresca e ben impostata ha aperto le danze cantando il brano \u201cVolare\u201ddi Modugno. A introdurre lo spettacolo le parole di ringraziamento del presidente della provincia Roberto Padrin, l\u2019 assessore alla cultura Roberta Olivotto e la rappresentante per l\u2019Unicef Maria Teresa Zoleo che ha annunciato che l\u2019intero incasso sarebbe stato devoluto ai bambini pi\u00f9 sfortunati di cui Unicef Belluno si occupa. Un alternarsi vario di stili, di danze che si alternavano dalla moderna alla jazz all\u2019hip hop e alla break dance rese suggestive da musiche eccezionali scelte con cura per assecondare i passi delle varie classi ed et\u00e0 dei ragazzi, ecco la trama dello spettacolo! Tanta emozione tra il pubblico ma soprattutto tanta gratitudine verso l\u2019Atelier di danza di Belluno, verso i tanti insegnanti che si dedicano a trasmettere questa difficile arte, e che, accendendo il talento dei ragazzi fanno loro scoprire pur nella bellezza la gioia del sacrificio e la determinazione nella conquista di un obiettivo.<\/p>\n<div style=\"width: 848px;\" class=\"wp-video\"><video class=\"wp-video-shortcode\" id=\"video-338620-1\" width=\"848\" height=\"480\" preload=\"metadata\" controls=\"controls\"><source type=\"video\/mp4\" src=\"https:\/\/www.radiopiu.net\/wordpress\/wp-content\/uploads\/2023\/06\/WhatsApp-Video-2023-06-04-at-21.33.09.mp4?_=1\" \/><a href=\"https:\/\/www.radiopiu.net\/wordpress\/wp-content\/uploads\/2023\/06\/WhatsApp-Video-2023-06-04-at-21.33.09.mp4\">https:\/\/www.radiopiu.net\/wordpress\/wp-content\/uploads\/2023\/06\/WhatsApp-Video-2023-06-04-at-21.33.09.mp4<\/a><\/video><\/div>\n<p>&nbsp;<\/p>\n\n\t\t\t<style type='text\/css'>\n\t\t\t\t#gallery-4 {\n\t\t\t\t\tmargin: auto;\n\t\t\t\t}\n\t\t\t\t#gallery-4 .gallery-item {\n\t\t\t\t\tfloat: left;\n\t\t\t\t\tmargin-top: 10px;\n\t\t\t\t\ttext-align: center;\n\t\t\t\t\twidth: 20%;\n\t\t\t\t}\n\t\t\t\t#gallery-4 img {\n\t\t\t\t\tborder: 2px solid #cfcfcf;\n\t\t\t\t}\n\t\t\t\t#gallery-4 .gallery-caption {\n\t\t\t\t\tmargin-left: 0;\n\t\t\t\t}\n\t\t\t\t\/* see gallery_shortcode() in wp-includes\/media.php *\/\n\t\t\t<\/style>\n\t\t<div id='gallery-4' class='dt-gallery-container gallery galleryid-338620 gallery-columns-5 gallery-size-thumbnail'><dl class='gallery-item'>\n\t\t\t\t<dt class='gallery-icon portrait'>\n\t\t\t\t\t<a class=\"rollover rollover-zoom dt-pswp-item\" title=\"f442b491-edeb-4538-9419-da16d4471f9c\" data-dt-img-description=\"\" data-large_image_width=\"648\" data-large_image_height=\"1024\"href='https:\/\/www.radiopiu.net\/wordpress\/wp-content\/uploads\/2023\/06\/f442b491-edeb-4538-9419-da16d4471f9c.jpg'><img loading=\"lazy\" decoding=\"async\" width=\"150\" height=\"150\" src=\"https:\/\/www.radiopiu.net\/wordpress\/wp-content\/uploads\/2023\/06\/f442b491-edeb-4538-9419-da16d4471f9c-150x150.jpg\" class=\"attachment-thumbnail size-thumbnail\" alt=\"\" \/><\/a>\n\t\t\t\t<\/dt><\/dl><dl class='gallery-item'>\n\t\t\t\t<dt class='gallery-icon portrait'>\n\t\t\t\t\t<a class=\"rollover rollover-zoom dt-pswp-item\" title=\"095513ab-ccbd-48b7-a145-af4484cfefa0\" data-dt-img-description=\"\" data-large_image_width=\"940\" data-large_image_height=\"1024\"href='https:\/\/www.radiopiu.net\/wordpress\/wp-content\/uploads\/2023\/06\/095513ab-ccbd-48b7-a145-af4484cfefa0.jpg'><img loading=\"lazy\" decoding=\"async\" width=\"150\" height=\"150\" src=\"https:\/\/www.radiopiu.net\/wordpress\/wp-content\/uploads\/2023\/06\/095513ab-ccbd-48b7-a145-af4484cfefa0-150x150.jpg\" class=\"attachment-thumbnail size-thumbnail\" alt=\"\" \/><\/a>\n\t\t\t\t<\/dt><\/dl><dl class='gallery-item'>\n\t\t\t\t<dt class='gallery-icon portrait'>\n\t\t\t\t\t<a class=\"rollover rollover-zoom dt-pswp-item\" title=\"da6cc80c-7d74-482b-a9c4-72ef9038fbc2\" data-dt-img-description=\"\" data-large_image_width=\"768\" data-large_image_height=\"1024\"href='https:\/\/www.radiopiu.net\/wordpress\/wp-content\/uploads\/2023\/06\/da6cc80c-7d74-482b-a9c4-72ef9038fbc2.jpg'><img loading=\"lazy\" decoding=\"async\" width=\"150\" height=\"150\" src=\"https:\/\/www.radiopiu.net\/wordpress\/wp-content\/uploads\/2023\/06\/da6cc80c-7d74-482b-a9c4-72ef9038fbc2-150x150.jpg\" class=\"attachment-thumbnail size-thumbnail\" alt=\"\" \/><\/a>\n\t\t\t\t<\/dt><\/dl><dl class='gallery-item'>\n\t\t\t\t<dt class='gallery-icon landscape'>\n\t\t\t\t\t<a class=\"rollover rollover-zoom dt-pswp-item\" title=\"2b1b05f9-402a-441c-b111-35b843fbaff3\" data-dt-img-description=\"\" data-large_image_width=\"1024\" data-large_image_height=\"528\"href='https:\/\/www.radiopiu.net\/wordpress\/wp-content\/uploads\/2023\/06\/2b1b05f9-402a-441c-b111-35b843fbaff3.jpg'><img loading=\"lazy\" decoding=\"async\" width=\"150\" height=\"150\" src=\"https:\/\/www.radiopiu.net\/wordpress\/wp-content\/uploads\/2023\/06\/2b1b05f9-402a-441c-b111-35b843fbaff3-150x150.jpg\" class=\"attachment-thumbnail size-thumbnail\" alt=\"\" \/><\/a>\n\t\t\t\t<\/dt><\/dl><dl class='gallery-item'>\n\t\t\t\t<dt class='gallery-icon landscape'>\n\t\t\t\t\t<a class=\"rollover rollover-zoom dt-pswp-item\" title=\"34e99bda-6237-45d1-a218-2112c634ee15\" data-dt-img-description=\"\" data-large_image_width=\"1024\" data-large_image_height=\"609\"href='https:\/\/www.radiopiu.net\/wordpress\/wp-content\/uploads\/2023\/06\/34e99bda-6237-45d1-a218-2112c634ee15.jpg'><img loading=\"lazy\" decoding=\"async\" width=\"150\" height=\"150\" src=\"https:\/\/www.radiopiu.net\/wordpress\/wp-content\/uploads\/2023\/06\/34e99bda-6237-45d1-a218-2112c634ee15-150x150.jpg\" class=\"attachment-thumbnail size-thumbnail\" alt=\"\" \/><\/a>\n\t\t\t\t<\/dt><\/dl><br style=\"clear: both\" \/><dl class='gallery-item'>\n\t\t\t\t<dt class='gallery-icon landscape'>\n\t\t\t\t\t<a class=\"rollover rollover-zoom dt-pswp-item\" title=\"45ddc891-94a8-45f8-8fb2-a37a6b8ab3aa\" data-dt-img-description=\"\" data-large_image_width=\"1024\" data-large_image_height=\"501\"href='https:\/\/www.radiopiu.net\/wordpress\/wp-content\/uploads\/2023\/06\/45ddc891-94a8-45f8-8fb2-a37a6b8ab3aa.jpg'><img loading=\"lazy\" decoding=\"async\" width=\"150\" height=\"150\" src=\"https:\/\/www.radiopiu.net\/wordpress\/wp-content\/uploads\/2023\/06\/45ddc891-94a8-45f8-8fb2-a37a6b8ab3aa-150x150.jpg\" class=\"attachment-thumbnail size-thumbnail\" alt=\"\" \/><\/a>\n\t\t\t\t<\/dt><\/dl><dl class='gallery-item'>\n\t\t\t\t<dt class='gallery-icon landscape'>\n\t\t\t\t\t<a class=\"rollover rollover-zoom dt-pswp-item\" title=\"ef0655fe-45ce-4435-b21c-adfa1ca7e95b\" data-dt-img-description=\"\" data-large_image_width=\"1024\" data-large_image_height=\"475\"href='https:\/\/www.radiopiu.net\/wordpress\/wp-content\/uploads\/2023\/06\/ef0655fe-45ce-4435-b21c-adfa1ca7e95b.jpg'><img loading=\"lazy\" decoding=\"async\" width=\"150\" height=\"150\" src=\"https:\/\/www.radiopiu.net\/wordpress\/wp-content\/uploads\/2023\/06\/ef0655fe-45ce-4435-b21c-adfa1ca7e95b-150x150.jpg\" class=\"attachment-thumbnail size-thumbnail\" alt=\"\" \/><\/a>\n\t\t\t\t<\/dt><\/dl><dl class='gallery-item'>\n\t\t\t\t<dt class='gallery-icon landscape'>\n\t\t\t\t\t<a class=\"rollover rollover-zoom dt-pswp-item\" title=\"8e6aa258-7099-415a-8872-209cd7ef0905\" data-dt-img-description=\"\" data-large_image_width=\"1024\" data-large_image_height=\"601\"href='https:\/\/www.radiopiu.net\/wordpress\/wp-content\/uploads\/2023\/06\/8e6aa258-7099-415a-8872-209cd7ef0905.jpg'><img loading=\"lazy\" decoding=\"async\" width=\"150\" height=\"150\" src=\"https:\/\/www.radiopiu.net\/wordpress\/wp-content\/uploads\/2023\/06\/8e6aa258-7099-415a-8872-209cd7ef0905-150x150.jpg\" class=\"attachment-thumbnail size-thumbnail\" alt=\"\" \/><\/a>\n\t\t\t\t<\/dt><\/dl><dl class='gallery-item'>\n\t\t\t\t<dt class='gallery-icon landscape'>\n\t\t\t\t\t<a class=\"rollover rollover-zoom dt-pswp-item\" title=\"a12087bf-3239-4bb6-bcb2-32f46c3ec642\" data-dt-img-description=\"\" data-large_image_width=\"1024\" data-large_image_height=\"344\"href='https:\/\/www.radiopiu.net\/wordpress\/wp-content\/uploads\/2023\/06\/a12087bf-3239-4bb6-bcb2-32f46c3ec642.jpg'><img loading=\"lazy\" decoding=\"async\" width=\"150\" height=\"150\" src=\"https:\/\/www.radiopiu.net\/wordpress\/wp-content\/uploads\/2023\/06\/a12087bf-3239-4bb6-bcb2-32f46c3ec642-150x150.jpg\" class=\"attachment-thumbnail size-thumbnail\" alt=\"\" \/><\/a>\n\t\t\t\t<\/dt><\/dl><dl class='gallery-item'>\n\t\t\t\t<dt class='gallery-icon landscape'>\n\t\t\t\t\t<a class=\"rollover rollover-zoom dt-pswp-item\" title=\"a4aaa16b-4a58-4d5f-b759-53debbf58faf\" data-dt-img-description=\"\" data-large_image_width=\"1024\" data-large_image_height=\"998\"href='https:\/\/www.radiopiu.net\/wordpress\/wp-content\/uploads\/2023\/06\/a4aaa16b-4a58-4d5f-b759-53debbf58faf.jpg'><img loading=\"lazy\" decoding=\"async\" width=\"150\" height=\"150\" src=\"https:\/\/www.radiopiu.net\/wordpress\/wp-content\/uploads\/2023\/06\/a4aaa16b-4a58-4d5f-b759-53debbf58faf-150x150.jpg\" class=\"attachment-thumbnail size-thumbnail\" alt=\"\" \/><\/a>\n\t\t\t\t<\/dt><\/dl><br style=\"clear: both\" \/>\n\t\t\t<\/div>\n\n<p>&nbsp;<\/p>\n<hr \/>\n<p>&nbsp;<\/p>\n<blockquote>\n<h3>AD AGORDO IL CONI CONSEGNA TARGHE E CONTRIBUTI<\/h3>\n<\/blockquote>\n<div class=\"articlePlainText\"><strong>AGORDO\u00a0<\/strong> Il Coni Belluno si propone ad Agordo con la\u00a0 &#8220;Giornata nazionale dello sport&#8221; e consegna le targhe ai centri Coni del bellunese: Attivamente Agordino (Agordo); Valbelluna Sport Academy (Borgo Valbelluna); Iefeso, Shotokan Karate (Calalzo di Cadore); Limana Cavarzano calcio (Limana); Fight Academy Belluno (Santo Stefano di Cadore); Wushu Dolomiti (Sedico); Sci Club Val Fiorentina (Selva di Cadore); Attivamente Scuola e Sport (Taibon). Oltre al delegato Simone Soccal, all&#8217;evento non mancavano i fiduciari Coni Belluno, un componente della giunta regionale e il sindaco di Agordo, Roberto Chissal\u00e8.<\/div>\n<p><a class=\"dt-pswp-item\" href=\"https:\/\/www.radiopiu.net\/wordpress\/wp-content\/uploads\/2023\/06\/snome.png\" data-dt-img-description=\"\" data-large_image_width=\"795\" data-large_image_height=\"324\"><img loading=\"lazy\" decoding=\"async\" class=\"alignnone wp-image-338907 size-full\" src=\"https:\/\/www.radiopiu.net\/wordpress\/wp-content\/uploads\/2023\/06\/snome.png\" alt=\"\" width=\"795\" height=\"324\" srcset=\"https:\/\/www.radiopiu.net\/wordpress\/wp-content\/uploads\/2023\/06\/snome.png 795w, https:\/\/www.radiopiu.net\/wordpress\/wp-content\/uploads\/2023\/06\/snome-300x122.png 300w, https:\/\/www.radiopiu.net\/wordpress\/wp-content\/uploads\/2023\/06\/snome-768x313.png 768w\" sizes=\"auto, (max-width: 795px) 100vw, 795px\" \/><\/a><\/p>\n<p>&nbsp;<\/p>\n<p>&nbsp;<\/p>\n<hr \/>\n<p>&nbsp;<\/p>\n<blockquote>\n<h3 class=\"entry-title\">E\u2019 L\u2019ULTIMO WEEKEND CHE LAVORIAMO PER IL FISCO. OGNI VENETO VERSA ALLO STATO 10.660 EURO ALL\u2019ANNO<\/h3>\n<\/blockquote>\n<p class=\"photoswipe-wrapper\"><a class=\"dt-pswp-item pspw-wrap-ready\" href=\"https:\/\/www.radiopiu.net\/wordpress\/wp-content\/uploads\/2023\/06\/t-1.jpg\" data-dt-img-description=\"\" data-large_image_width=\"778\" data-large_image_height=\"2154\"><img loading=\"lazy\" decoding=\"async\" class=\"size-medium wp-image-338682 alignleft\" src=\"https:\/\/www.radiopiu.net\/wordpress\/wp-content\/uploads\/2023\/06\/t-1-108x300.jpg\" sizes=\"auto, (max-width: 108px) 100vw, 108px\" srcset=\"https:\/\/www.radiopiu.net\/wordpress\/wp-content\/uploads\/2023\/06\/t-1-108x300.jpg 108w, https:\/\/www.radiopiu.net\/wordpress\/wp-content\/uploads\/2023\/06\/t-1-370x1024.jpg 370w, https:\/\/www.radiopiu.net\/wordpress\/wp-content\/uploads\/2023\/06\/t-1-768x2126.jpg 768w, https:\/\/www.radiopiu.net\/wordpress\/wp-content\/uploads\/2023\/06\/t-1-555x1536.jpg 555w, https:\/\/www.radiopiu.net\/wordpress\/wp-content\/uploads\/2023\/06\/t-1-740x2048.jpg 740w, https:\/\/www.radiopiu.net\/wordpress\/wp-content\/uploads\/2023\/06\/t-1.jpg 778w\" alt=\"\" width=\"108\" height=\"300\" \/><\/a>Questo che ci apprestiamo a concludere \u00e8 l\u2019ultimo weekend dell\u2019anno che, anche i veneti, lavorano per il fisco. In linea puramente teorica, infatti, mercoled\u00ec prossimo tutti i contribuenti terminano di pagare le tasse, le imposte, i tributi e i contributi sociali necessari per far funzionare le scuole, gli ospedali, i trasporti, per pagare gli stipendi ai dipendenti pubblici, le pensioni, etc. Gioved\u00ec 8 giugno, pertanto, festeggiamo il \u201cgiorno di liberazione fiscale\u201d; in altre parole, se dall\u2019 inizio di gennaio al 7 giugno abbiamo lavorato per onorare le richieste del fisco, dal giorno successivo e fino al prossimo 31 dicembre, invece, lo facciamo per noi stessi e per le nostre famiglie. Da questo caso di scuola messo a punto dall\u2019Ufficio studi della CGIA, emerge che per l\u2019anno in corso sono stati necessari ben 158 giorni di lavoro (sabati e domeniche inclusi) per adempiere a tutti i versamenti fiscali previsti quest\u2019anno (Irpef, Imu, Iva, Irap, Ires, addizionali varie, contributi previdenziali\/assicurativi, etc.). Rispetto al 2022, il tax freedom day di quest\u2019anno \u201ccade\u201d un giorno prima (vedi Tab. 1 e Graf. 1).<\/p>\n<p><strong>La metodologia di calcolo<\/strong><br \/>\nCome si \u00e8 giunti a stabilire che l\u20198 giugno \u00e8 il \u201cgiorno di liberazione fiscale\u201d del 2023?\u00a0 La stima del Pil nazionale prevista quest\u2019anno (2.018.045 milioni di euro) \u00e8 stata suddivisa per 365 giorni, ottenendo cos\u00ec un dato medio giornaliero (5.528,9 milioni di euro). Di seguito sono state \u201crecuperate\u201d le previsioni di gettito delle imposte, delle tasse e dei contributi sociali che i percettori di reddito verseranno quest\u2019anno (874.132 milioni di euro) e sono state rapportate al Pil giornaliero. Il risultato di questa operazione\u00a0ha consentito all\u2019Ufficio studi della CGIA di calcolare il tax freedom day del 2023 dopo 158 giorni dall\u2019inizio dell\u2019anno, ovvero il prossimo 8 giugno.<\/p>\n<p><strong>Ogni veneto paga al fisco 10.660 euro all\u2019anno<\/strong><br \/>\nSono i cittadini della Provincia Autonoma di Bolzano a versare il maggior numero di tasse al fisco. Nel 2019 ogni residente di questo territorio ha pagato mediamente 13.158 euro tra tasse, imposte e tributi. Seguono i lombardi con 12.579 euro, i valdostani con 12.033 euro, gli emiliano-romagnoli con 11.537 e i laziali con 11.231 euro. I cittadini veneti si classificano all\u20198\u00b0 posto a livello nazionale con 10.660 euro pro capite. Tuttavia, se prendiamo in considerazione solo i tributi versati allo Stato centrale, il Veneto recupera due posizioni a livello nazionale, scavalcando Liguria e Piemonte.<\/p>\n<p><img loading=\"lazy\" decoding=\"async\" class=\"size-medium wp-image-338687 alignleft\" src=\"https:\/\/www.radiopiu.net\/wordpress\/wp-content\/uploads\/2023\/06\/2-t-104x300.png\" sizes=\"auto, (max-width: 104px) 100vw, 104px\" srcset=\"https:\/\/www.radiopiu.net\/wordpress\/wp-content\/uploads\/2023\/06\/2-t-104x300.png 104w, https:\/\/www.radiopiu.net\/wordpress\/wp-content\/uploads\/2023\/06\/2-t-355x1024.png 355w, https:\/\/www.radiopiu.net\/wordpress\/wp-content\/uploads\/2023\/06\/2-t-533x1536.png 533w, https:\/\/www.radiopiu.net\/wordpress\/wp-content\/uploads\/2023\/06\/2-t.png 576w\" alt=\"\" width=\"104\" height=\"300\" \/>Questo vuol dire che il nostro dato medio totale \u00e8 trascinato all\u2019ingi\u00f9, perch\u00e9 versiamo meno tasse locali degli altri. Infatti, siamo praticamente gli unici a livello nazionale a non pagare l\u2019addizionale regionale Irpef a cui si aggiunge il fatto che i Sindaci della nostra regione risultano essere, in linea di massima, meno \u201cpretenziosi\u201d degli altri. Tronando alla graduatoria nazionale degli importi riferiti alle entrate tributarie versate all\u2019erario, la Calabria \u00e8 l\u2019area del Paese dove il \u201cpeso\u201d del fisco \u00e8 pi\u00f9 contenuto: ogni residente di questo territorio ha pagato all\u2019erario mediamente 5.892 euro. Il dato medio nazionale \u00e8 pari a 9.581 euro (vedi Tab. 3). Il forte divario tra Nord e Sud \u2013 segnala l\u2019Ufficio studi della CGIA \u2013 non ci deve sorprendere. Il nostro sistema tributario, infatti, \u00e8 basato sul criterio della progressivit\u00e0. Pertanto, nelle regioni dove i livelli di reddito sono maggiori, grazie a condizioni economiche e sociali migliori, anche il gettito tributario presenta dimensioni pi\u00f9 elevate che altrove. Va altres\u00ec segnalato che nelle aree geografiche dove il settore primario ha un\u2019incidenza rilevante sull\u2019economia complessiva, come il Veneto, le agevolazioni previste dal legislatore (in particolare le deduzioni fiscali) riducono in misura importante la base imponibile dei contribuenti appartenenti a queste attivit\u00e0 e, conseguentemente, anche il gettito totale delle imposte versate all\u2019Erario da quella regione. Infine, per il calcolo del gettito pro capite regionale \u00e8 stato considerato l\u2019ammontare complessivo delle imposte versate al fisco da ciascun territorio; pertanto il dato sar\u00e0 maggiore in particolar modo nelle realt\u00e0 geografiche dove la presenza delle attivit\u00e0 economiche \u00e8 pi\u00f9 diffusa.<\/p>\n<p><strong>L\u2019ingorgo fiscale di giugno: 115 scadenze, mediamente 4 al giorno<\/strong><br \/>\nSe lo studio della CGIA rappresenta un vero e proprio caso di scuola, la realt\u00e0, purtroppo, presenta ancora livelli di complicazione\/difficolt\u00e0 molto elevati. In questo mese di giugno, ad esempio, i contribuenti italiani sono \u201cattesi\u201d da ben 115 \u201cappuntamenti\u201d fiscali, in media quasi 4 al giorno. Il calendario prevede:<br \/>\n50 scadenze (imposta sostitutiva, Iva, ritenute, Tobin tax, imposta intrattenimenti, etc.), entro il 16 giugno;<br \/>\n1 comunicazione del canone Tv entro il 20 giugno;<br \/>\n55 versamenti (Irpef, addizionali, cedolare secca, ritenute, Iva, Ires, Irap, imposte sostitutive, etc.), 4 dichiarazioni (Irpef, sostitutive, Intra, etc.), 4 comunicazioni (contratti di locazione, informazioni finanziarie a fini fiscali tra stati UE, etc.) e una istanza canone Tv entro il 30 giugno.<br \/>\nSono scadenze, ovviamente, che non interesseranno tutti i contribuenti, tuttavia danno il senso della farraginosit\u00e0 e della complessit\u00e0 del nostro fisco.<\/p>\n<p class=\"photoswipe-wrapper\"><strong>Nel 2022 record storico della pressione fiscale<br \/>\n<\/strong>Dal 1995, la data del \u201cgiorno di liberazione fiscale\u201d meno in l\u00e0 nel calendario si \u00e8 verificata nel 2005. In quell\u2019occasione, la pressione fiscale si attest\u00f2 al 39 per cento e ai contribuenti italiani \u201cbast\u00f2\u201d raggiungere il 23 maggio (142 giorni lavorativi) per lasciarsi alle spalle l\u2019impegno economico richiesto dal fisco. Osservando sempre il calendario, quello pi\u00f9 in \u201critardo\u201c, invece, si \u00e8 registrato nel 2022, allorch\u00e9 la pressione fiscale ha raggiunto il record storico del 43,5 per cento e, di conseguenza, il \u201cgiorno di liberazione fiscale\u201d \u00e8 \u201cscoccato\u201d il 9 giugno. E\u2019 corretto segnalare che il picco record di pressione fiscale toccato l\u2019anno scorso non \u00e8 ascrivibile ad un aumento del prelievo imposto a famiglie e imprese, ma da una serie di altri fattori che si sono concentrati nel 2022. In particolar modo: dall\u2019impennata del costo dei prodotti energetici importati e dal deciso aumento dell\u2019inflazione che hanno spinto all\u2019ins\u00f9 il gettito dell\u2019Iva; dall\u2019aumento dell\u2019occupazione che ha contribuito ad aumentare le imposte dirette\u00a0<a class=\"dt-pswp-item pspw-wrap-ready\" href=\"https:\/\/www.radiopiu.net\/wordpress\/wp-content\/uploads\/2023\/06\/Schermata-2023-06-03-alle-09.27.11.png\" data-dt-img-description=\"\" data-large_image_width=\"1000\" data-large_image_height=\"1572\"><img loading=\"lazy\" decoding=\"async\" class=\"size-medium wp-image-338683 alignleft\" src=\"https:\/\/www.radiopiu.net\/wordpress\/wp-content\/uploads\/2023\/06\/Schermata-2023-06-03-alle-09.27.11-191x300.png\" sizes=\"auto, (max-width: 191px) 100vw, 191px\" srcset=\"https:\/\/www.radiopiu.net\/wordpress\/wp-content\/uploads\/2023\/06\/Schermata-2023-06-03-alle-09.27.11-191x300.png 191w, https:\/\/www.radiopiu.net\/wordpress\/wp-content\/uploads\/2023\/06\/Schermata-2023-06-03-alle-09.27.11-651x1024.png 651w, https:\/\/www.radiopiu.net\/wordpress\/wp-content\/uploads\/2023\/06\/Schermata-2023-06-03-alle-09.27.11-768x1207.png 768w, https:\/\/www.radiopiu.net\/wordpress\/wp-content\/uploads\/2023\/06\/Schermata-2023-06-03-alle-09.27.11-977x1536.png 977w, https:\/\/www.radiopiu.net\/wordpress\/wp-content\/uploads\/2023\/06\/Schermata-2023-06-03-alle-09.27.11.png 1000w\" alt=\"\" width=\"191\" height=\"300\" \/><\/a>e i contributi previdenziali. Contemporaneamente \u2013 nel rispetto dei dettami europei relativi alla contabilit\u00e0 pubblica \u2013 le risorse per finanziare i bonus edilizi e i crediti di imposta, introdotti per mitigare il caro bollette, sono state classificate come maggiore spesa pubblica e non come minori entrate.<\/p>\n<p><strong>In UE solo Francia e Belgio pagano pi\u00f9 di noi<\/strong><br \/>\nIl \u201cgiorno di liberazione fiscale\u201d non costituisce un principio assoluto, ma un esercizio teorico che dimostra empiricamente, se ancora ce ne fosse bisogno, quanto sia eccessivo il carico fiscale che grava sugli italiani. Una specificit\u00e0 che emerge in misura altrettanto evidente anche quando confrontiamo la nostra pressione fiscale con quella dei paesi UE. Nel 2022, infatti, solo la Francia e il Belgio hanno registrato un peso fiscale superiore al nostro. Se a Parigi la pressione fiscale era al 47,7 per cento del Pil, a Bruxelles si \u00e8 attestata al 45,1 per cento. Da noi, invece, ha toccato la soglia record del 43,5 per cento. Tra i 27 dell\u2019UE, l\u2019Italia occupa il terzo posto. La Germania, invece, si \u00e8 posizionata al 9\u00b0 posto con una pressione fiscale del 41,9 per cento, mentre la Spagna la scorgiamo al 12\u00b0 posto con il 38,5 per cento. La media dei Paesi dell\u2019Area dell\u2019Euro \u00e8 stata del 41,9 per cento (vedi Tab. 2).<\/p>\n<p>&nbsp;<\/p>\n<p>&nbsp;<\/p>\n<hr \/>\n<p>&nbsp;<\/p>\n<blockquote>\n<h2 class=\"entry-title\" style=\"text-align: center;\"><span style=\"color: #ff0000;\">100 ANNI DI RADIO \u2013 40 ANNI DI RADIO PI\u00d9<\/span><\/h2>\n<\/blockquote>\n<p class=\"photoswipe-wrapper\"><a class=\"dt-pswp-item pspw-wrap-ready\" href=\"https:\/\/www.radiopiu.net\/wordpress\/wp-content\/uploads\/2023\/06\/Senza-nome-1.jpg\" data-dt-img-description=\"\" data-large_image_width=\"549\" data-large_image_height=\"429\"><img loading=\"lazy\" decoding=\"async\" class=\"size-medium wp-image-338505 alignleft\" src=\"https:\/\/www.radiopiu.net\/wordpress\/wp-content\/uploads\/2023\/06\/Senza-nome-1-300x234.jpg\" sizes=\"auto, (max-width: 300px) 100vw, 300px\" srcset=\"https:\/\/www.radiopiu.net\/wordpress\/wp-content\/uploads\/2023\/06\/Senza-nome-1-300x234.jpg 300w, https:\/\/www.radiopiu.net\/wordpress\/wp-content\/uploads\/2023\/06\/Senza-nome-1.jpg 549w\" alt=\"\" width=\"300\" height=\"234\" \/><\/a>Da quando l\u2019Eiar diede il via alla sua prima trasmissione radiofonica nel lontano 1923, sono trascorsi ben cento anni dalla nascita di un mezzo di comunicazione che ha segnato la storia dell\u2019umanit\u00e0. La radio, con la sua capacit\u00e0 di informare, intrattenere e connettere le persone, ha mantenuto la sua importanza nel corso dei decenni, adattandosi ai cambiamenti tecnologici e sociali. Dall\u2019Eiar alla Rai, dalle radio locali ai gruppi nazionali privati, fino alle moderne radio web, l\u2019evoluzione del panorama radiofonico ha seguito il mutare dei tempi. Sono stati quarant\u2019anni dalla nascita di Radio Pi\u00f9, emittente che ha saputo\u00a0<a class=\"dt-pswp-item pspw-wrap-ready\" href=\"https:\/\/www.radiopiu.net\/wordpress\/wp-content\/uploads\/2023\/06\/c4f41af3-b1f7-424a-a20c-3563652ec6a0.jpg\" data-dt-img-description=\"\" data-large_image_width=\"1024\" data-large_image_height=\"768\"><img loading=\"lazy\" decoding=\"async\" class=\"size-medium wp-image-338506 alignright\" src=\"https:\/\/www.radiopiu.net\/wordpress\/wp-content\/uploads\/2023\/06\/c4f41af3-b1f7-424a-a20c-3563652ec6a0-300x225.jpg\" sizes=\"auto, (max-width: 300px) 100vw, 300px\" srcset=\"https:\/\/www.radiopiu.net\/wordpress\/wp-content\/uploads\/2023\/06\/c4f41af3-b1f7-424a-a20c-3563652ec6a0-300x225.jpg 300w, https:\/\/www.radiopiu.net\/wordpress\/wp-content\/uploads\/2023\/06\/c4f41af3-b1f7-424a-a20c-3563652ec6a0-768x576.jpg 768w, https:\/\/www.radiopiu.net\/wordpress\/wp-content\/uploads\/2023\/06\/c4f41af3-b1f7-424a-a20c-3563652ec6a0.jpg 1024w\" alt=\"\" width=\"300\" height=\"225\" \/><\/a>raccontare il territorio e diventare un punto di riferimento per gli appassionati di musica, notizie e intrattenimento (foto in alto in esposizione a RADIOPIU della Pizzeria Costa, Canale d\u2019Agordo).\u00a0\u00a0<strong>Per celebrare il valore intramontabile della radio, Radio Pi\u00f9 ha organizzato un evento speciale. Sabato 24, domenica 25 e luned\u00ec 26, nella suggestiva cornice di Taibon Agordino, in Piazza San Rocco, si terr\u00e0 \u201cLa Mostra delle Radio \u2013 Dal Secolo Scorso ad Oggi\u201d. Un\u2019iniziativa unica, nata dall\u2019idea di Ivano Benvegn\u00f9, Franco Gnel Ben e Mirko Mezzacasa, che vuole ripercorrere la storia della radio attraverso le sue diverse epoche.<\/strong><\/p>\n<p class=\"photoswipe-wrapper\"><a class=\"dt-pswp-item pspw-wrap-ready\" href=\"https:\/\/www.radiopiu.net\/wordpress\/wp-content\/uploads\/2023\/06\/490861a5-5a3d-4404-8e46-65b0e77576bb.jpg\" data-dt-img-description=\"\" data-large_image_width=\"1500\" data-large_image_height=\"2000\"><img loading=\"lazy\" decoding=\"async\" class=\"size-medium wp-image-338508 alignleft\" src=\"https:\/\/www.radiopiu.net\/wordpress\/wp-content\/uploads\/2023\/06\/490861a5-5a3d-4404-8e46-65b0e77576bb-225x300.jpg\" sizes=\"auto, (max-width: 225px) 100vw, 225px\" srcset=\"https:\/\/www.radiopiu.net\/wordpress\/wp-content\/uploads\/2023\/06\/490861a5-5a3d-4404-8e46-65b0e77576bb-225x300.jpg 225w, https:\/\/www.radiopiu.net\/wordpress\/wp-content\/uploads\/2023\/06\/490861a5-5a3d-4404-8e46-65b0e77576bb-768x1024.jpg 768w, https:\/\/www.radiopiu.net\/wordpress\/wp-content\/uploads\/2023\/06\/490861a5-5a3d-4404-8e46-65b0e77576bb-1152x1536.jpg 1152w, https:\/\/www.radiopiu.net\/wordpress\/wp-content\/uploads\/2023\/06\/490861a5-5a3d-4404-8e46-65b0e77576bb.jpg 1500w\" alt=\"\" width=\"225\" height=\"300\" \/><\/a>La mostra sar\u00e0 un viaggio affascinante nel tempo, offrendo ai visitatori l\u2019opportunit\u00e0 di esplorare l\u2019evoluzione dei dispositivi radiofonici e delle trasmissioni nel corso dei decenni. Dagli antichi apparecchi a valvole fino ai moderni dispositivi digitali, sar\u00e0 possibile ammirare la tecnologia che ha reso possibile l\u2019ascolto delle voci e delle storie provenienti da tutto il mondo. Oltre alla componente tecnologica, la mostra metter\u00e0 in luce l\u2019impatto sociale e culturale della radio. Attraverso immagini, documenti d\u2019epoca e testimonianze, si cercher\u00e0 di trasmettere l\u2019importanza di questo mezzo di comunicazione nella vita quotidiana delle persone. La radio ha saputo accompagnare gli ascoltatori nelle loro giornate, diventando compagna di viaggio, fonte di informazione e stimolo per l\u2019immaginazione e il sogno. Radio Pi\u00f9, con la sua lunga storia nel panorama radiofonico, \u00e8 orgogliosa di celebrare l\u2019eredit\u00e0 della radio e il suo impatto duraturo sulla societ\u00e0. L\u2019evento in Piazza San Rocco rappresenta un\u2019occasione unica per rivivere i momenti salienti della radiofonia e per riflettere su come questo strumento abbia saputo evolversi e reinventarsi nel corso dei decenni. La radio continua ad essere un mezzo di comunicazione privilegiato, capace di creare un legame intimo tra le persone e di stimolare la fantasia. Proprio per questa ragione, Radio Pi\u00f9 invita tutti a partecipare a questa straordinaria mostra, per riscoprire insieme il fascino intramontabile della radio e per celebrare cento anni di storia e cultura radiofonica (foto a lato di Franco Ben)<\/p>\n<p>&nbsp;<\/p>\n<hr \/>\n<p>&nbsp;<\/p>\n<blockquote class=\"wp-embedded-content\" data-secret=\"8rFuAYv4SO\"><p><a href=\"https:\/\/www.radiopiu.net\/wordpress\/sentimental-le-storie-damore-di-paola-lanciato\/\">SENTIMENTAL,\u00a0 &#8220;le storie d&#8217;amore&#8221; DI PAOLA LANCIATO<\/a><\/p><\/blockquote>\n<p><iframe loading=\"lazy\" class=\"wp-embedded-content\" sandbox=\"allow-scripts\" security=\"restricted\" style=\"position: absolute; clip: rect(1px, 1px, 1px, 1px);\" title=\"&#8220;SENTIMENTAL,\u00a0 &#8220;le storie d&#8217;amore&#8221; DI PAOLA LANCIATO&#8221; &#8212; Radio Pi\u00f9\" src=\"https:\/\/www.radiopiu.net\/wordpress\/sentimental-le-storie-damore-di-paola-lanciato\/embed\/#?secret=HgQdi1q9sF#?secret=8rFuAYv4SO\" data-secret=\"8rFuAYv4SO\" width=\"600\" height=\"338\" frameborder=\"0\" marginwidth=\"0\" marginheight=\"0\" scrolling=\"no\"><\/iframe><\/p>\n<p>&nbsp;<\/p>\n<hr \/>\n<p>&nbsp;<\/p>\n<blockquote class=\"wp-embedded-content\" data-secret=\"8lzmVzmlEk\"><p><a href=\"https:\/\/www.radiopiu.net\/wordpress\/ncontonse-in-ladino-su-radio-piu-quarta-puntata\/\">&#8220;NCONTONSE&#8221; IN LADINO SU RADIO PI\u00d9, quarta  puntata<\/a><\/p><\/blockquote>\n<p><iframe loading=\"lazy\" class=\"wp-embedded-content\" sandbox=\"allow-scripts\" security=\"restricted\" style=\"position: absolute; clip: rect(1px, 1px, 1px, 1px);\" title=\"&#8220;&#8220;NCONTONSE&#8221; IN LADINO SU RADIO PI\u00d9, quarta  puntata&#8221; &#8212; Radio Pi\u00f9\" src=\"https:\/\/www.radiopiu.net\/wordpress\/ncontonse-in-ladino-su-radio-piu-quarta-puntata\/embed\/#?secret=egPDEogtIP#?secret=8lzmVzmlEk\" data-secret=\"8lzmVzmlEk\" width=\"600\" height=\"338\" frameborder=\"0\" marginwidth=\"0\" marginheight=\"0\" scrolling=\"no\"><\/iframe><\/p>\n<p>&nbsp;<\/p>\n<hr \/>\n<p>&nbsp;<\/p>\n<blockquote class=\"wp-embedded-content\" data-secret=\"Ectm985fSX\"><p><a href=\"https:\/\/www.radiopiu.net\/wordpress\/rimasti-piu-avanti-alla-scoperta-della-musica-bellunese-con-marco-v-dal-farra\/\">&#8220;RIMASTI PIU&#8217; AVANTI&#8221;, ALLA SCOPERTA DELLA MUSICA BELLUNESE CON MARCO V. DAL FARRA<\/a><\/p><\/blockquote>\n<p><iframe loading=\"lazy\" class=\"wp-embedded-content\" sandbox=\"allow-scripts\" security=\"restricted\" style=\"position: absolute; clip: rect(1px, 1px, 1px, 1px);\" title=\"&#8220;&#8220;RIMASTI PIU&#8217; AVANTI&#8221;, ALLA SCOPERTA DELLA MUSICA BELLUNESE CON MARCO V. DAL FARRA&#8221; &#8212; Radio Pi\u00f9\" src=\"https:\/\/www.radiopiu.net\/wordpress\/rimasti-piu-avanti-alla-scoperta-della-musica-bellunese-con-marco-v-dal-farra\/embed\/#?secret=xxQlDKMisW#?secret=Ectm985fSX\" data-secret=\"Ectm985fSX\" width=\"600\" height=\"338\" frameborder=\"0\" marginwidth=\"0\" marginheight=\"0\" scrolling=\"no\"><\/iframe><\/p>\n<p>&nbsp;<\/p>\n<hr \/>\n<p>&nbsp;<\/p>\n<p><a class=\"dt-pswp-item\" href=\"https:\/\/www.radiopiu.net\/wordpress\/wp-content\/uploads\/2023\/05\/07b370aa-6c88-4a9c-929f-e4e6e20e615b.jpg\" data-dt-img-description=\"\" data-large_image_width=\"832\" data-large_image_height=\"1024\"><img loading=\"lazy\" decoding=\"async\" class=\"size-medium wp-image-337511 aligncenter\" src=\"https:\/\/www.radiopiu.net\/wordpress\/wp-content\/uploads\/2023\/05\/07b370aa-6c88-4a9c-929f-e4e6e20e615b-244x300.jpg\" alt=\"\" width=\"244\" height=\"300\" srcset=\"https:\/\/www.radiopiu.net\/wordpress\/wp-content\/uploads\/2023\/05\/07b370aa-6c88-4a9c-929f-e4e6e20e615b-244x300.jpg 244w, https:\/\/www.radiopiu.net\/wordpress\/wp-content\/uploads\/2023\/05\/07b370aa-6c88-4a9c-929f-e4e6e20e615b-768x945.jpg 768w, https:\/\/www.radiopiu.net\/wordpress\/wp-content\/uploads\/2023\/05\/07b370aa-6c88-4a9c-929f-e4e6e20e615b.jpg 832w\" sizes=\"auto, (max-width: 244px) 100vw, 244px\" \/><\/a><\/p>\n<blockquote>\n<h3>TORNA IL &#8220;MINIERE SUNSET&#8221; NELL&#8217;ESTATE DEL CAFFE&#8217; MINIERE DI AGORDO<\/h3>\n<\/blockquote>\n<p><strong><a class=\"dt-pswp-item\" href=\"https:\/\/www.radiopiu.net\/wordpress\/wp-content\/uploads\/2023\/05\/SCR-20230525-kofy.jpeg\" data-dt-img-description=\"\" data-large_image_width=\"1166\" data-large_image_height=\"646\"><img loading=\"lazy\" decoding=\"async\" class=\" wp-image-337439 alignleft\" src=\"https:\/\/www.radiopiu.net\/wordpress\/wp-content\/uploads\/2023\/05\/SCR-20230525-kofy-300x166.jpeg\" alt=\"\" width=\"154\" height=\"85\" srcset=\"https:\/\/www.radiopiu.net\/wordpress\/wp-content\/uploads\/2023\/05\/SCR-20230525-kofy-300x166.jpeg 300w, https:\/\/www.radiopiu.net\/wordpress\/wp-content\/uploads\/2023\/05\/SCR-20230525-kofy-1024x567.jpeg 1024w, https:\/\/www.radiopiu.net\/wordpress\/wp-content\/uploads\/2023\/05\/SCR-20230525-kofy-768x425.jpeg 768w, https:\/\/www.radiopiu.net\/wordpress\/wp-content\/uploads\/2023\/05\/SCR-20230525-kofy.jpeg 1166w\" sizes=\"auto, (max-width: 154px) 100vw, 154px\" \/><\/a>AGORDO<\/strong> Si torna a ballare nell&#8217;estate 2023. Il Caff\u00e8 Miniere di Agordo organizza il &#8220;Miniere Sunset&#8221;, un appuntamento a cadenza mensile con cocktail bar e DJ Set dalle 18 alle 24. Tre mercoled\u00ec di festa. Il 14 giugno con DJ Jack &amp; RDJ, il 19 luglio e il 30 agosto con Morgan &amp; Battaglia DJ&#8217;s. Tutte le serate saranno in diretta su Radio Pi\u00f9 con ospiti a sorpresa.<\/p>\n<p>&nbsp;<\/p>\n<p>&nbsp;<\/p>\n<hr \/>\n<p>&nbsp;<\/p>\n<blockquote>\n<h3><a class=\"dt-pswp-item\" href=\"https:\/\/www.radiopiu.net\/wordpress\/wp-content\/uploads\/2021\/06\/ebe0e140-b21f-4a97-a898-717eb7fd126f.jpg\" data-dt-img-description=\"\" data-large_image_width=\"2000\" data-large_image_height=\"1500\"><img loading=\"lazy\" decoding=\"async\" class=\" wp-image-215869 alignleft\" src=\"https:\/\/www.radiopiu.net\/wordpress\/wp-content\/uploads\/2021\/06\/ebe0e140-b21f-4a97-a898-717eb7fd126f-300x225.jpg\" alt=\"\" width=\"241\" height=\"181\" srcset=\"https:\/\/www.radiopiu.net\/wordpress\/wp-content\/uploads\/2021\/06\/ebe0e140-b21f-4a97-a898-717eb7fd126f-300x225.jpg 300w, https:\/\/www.radiopiu.net\/wordpress\/wp-content\/uploads\/2021\/06\/ebe0e140-b21f-4a97-a898-717eb7fd126f-1024x768.jpg 1024w, https:\/\/www.radiopiu.net\/wordpress\/wp-content\/uploads\/2021\/06\/ebe0e140-b21f-4a97-a898-717eb7fd126f-768x576.jpg 768w, https:\/\/www.radiopiu.net\/wordpress\/wp-content\/uploads\/2021\/06\/ebe0e140-b21f-4a97-a898-717eb7fd126f-1536x1152.jpg 1536w, https:\/\/www.radiopiu.net\/wordpress\/wp-content\/uploads\/2021\/06\/ebe0e140-b21f-4a97-a898-717eb7fd126f.jpg 2000w\" sizes=\"auto, (max-width: 241px) 100vw, 241px\" \/><\/a>SANT&#8217;ANTONIO&#8230; LA SAGRA A RIVAMONTE!<\/h3>\n<\/blockquote>\n<p><strong>VENERDI 9 GIUGNO<\/strong> ALLE 17 APERTURA TENDONE, SERATA BAVARESE CON LA SPRITZ BAND; <strong>SABATO 10<\/strong> DALLE 17 DJ MORGAN E BATTAGLIA, AL CHIOSCO FANTASIOSI COCKTAIL. IN SERATA LA MUSICA DI WILMER, GNOCH CO LA POINA E ALTRE SPECIALITA&#8217;, DALLA MEZZANOTTE DJ MORGAN A BATTAGLIA.<strong> DOMENICA 11<\/strong> IL TENDONE APRE ALLE 9, ALLE 10 LA CORSA PODISTICA RIVARON, DALLE 12 SI MANGIA, POMERIGGIO CON DJ BISSO E IN SERATA L&#8217;ORCHESTRA PIERETTE ENSAMBLE. PER I BIMBI LA NOVITA&#8217; BUBBLE TEA. <strong>LUNEDI SERA<\/strong> IL TENDONE APRE ALLE 17, IN SERATA SI BALLA CON EROS E KARIN.<strong> MARTEDI 13<\/strong> IL GIORNO SI SANT&#8217;ANTONIO, UNA LUNGA GIORNATA DI FESTA CON IL BALLO FINALE DELLA TUA IDEA. SANT&#8217;ANTONIO, LA SAGRA, CON LA PROLOCO DI RIVAMONTE.<\/p>\n<div class=\"page-title-breadcrumbs\">\n<p>&nbsp;<\/p>\n<p>&nbsp;<\/p>\n<hr \/>\n<p>&nbsp;<\/p>\n<h2><span style=\"color: #ff0000;\">GLI APPUNTAMENTI DELLA SETTIMANA<\/span><\/h2>\n<blockquote>\n<h3>FLAUTO E CLARINETTO<\/h3>\n<\/blockquote>\n<p><strong>BELLUNO\u00a0<\/strong>Linee irregolari: declinazioni melodiche novecentesche e contemporanee \u00e8 il tema del programma che la flautista Cecilia Vendrasco e il clarinettista Vincenzo Paci presentano a Belluno, oggi,\u00a0 alle 20:30, alla Casa dei Maestri (ex Sala De Luca) a Borgo Pra. Organizzazione Circolo Culturale Bellunese<\/p>\n<p>&nbsp;<\/p>\n<blockquote>\n<h3>Il Gruppo Alpini organizza una gita indimenticabile alla Foiba di Basovizza con pranzo di pesce a Lignano<\/h3>\n<\/blockquote>\n<p><strong>FALCADE <\/strong>\u00a0I Gruppi Alpini rappresentano un importante pilastro della comunit\u00e0 locale, promuovendo attivit\u00e0 che uniscono tradizione, avventura e scoperta del patrimonio culturale. Nel contesto di queste iniziative, il Gruppo Alpini di Falcade ha annunciato una gita straordinaria che si terr\u00e0 l&#8217;11 giugno, con destinazione la Foiba di Basovizza e una deliziosa pausa pranzo a Lignano.\u00a0 Remo Secchi, responsabile delle iscrizioni, sar\u00e0 il punto di riferimento per tutti coloro che desiderano partecipare. Per prenotare un posto e per ulteriori informazioni, \u00e8 possibile contattare\u00a0 il\u00a0 338 5628415.<\/p>\n<p>&nbsp;<\/p>\n<p>&nbsp;<\/p>\n<hr \/>\n<p>&nbsp;<\/p>\n<h2><span style=\"color: #ff0000;\">PROSSIMAMENTE&#8230;<\/span><\/h2>\n\n\t\t\t<style type='text\/css'>\n\t\t\t\t#gallery-5 {\n\t\t\t\t\tmargin: auto;\n\t\t\t\t}\n\t\t\t\t#gallery-5 .gallery-item {\n\t\t\t\t\tfloat: left;\n\t\t\t\t\tmargin-top: 10px;\n\t\t\t\t\ttext-align: center;\n\t\t\t\t\twidth: 100%;\n\t\t\t\t}\n\t\t\t\t#gallery-5 img {\n\t\t\t\t\tborder: 2px solid #cfcfcf;\n\t\t\t\t}\n\t\t\t\t#gallery-5 .gallery-caption {\n\t\t\t\t\tmargin-left: 0;\n\t\t\t\t}\n\t\t\t\t\/* see gallery_shortcode() in wp-includes\/media.php *\/\n\t\t\t<\/style>\n\t\t<div id='gallery-5' class='dt-gallery-container gallery galleryid-338620 gallery-columns-1 gallery-size-medium'><dl class='gallery-item'>\n\t\t\t\t<dt class='gallery-icon portrait'>\n\t\t\t\t\t<a class=\"rollover rollover-zoom dt-pswp-item\" title=\"42abf5ad-ee3c-42c9-9043-e91339305204\" data-dt-img-description=\"\" data-large_image_width=\"915\" data-large_image_height=\"1280\"href='https:\/\/www.radiopiu.net\/wordpress\/wp-content\/uploads\/2023\/05\/42abf5ad-ee3c-42c9-9043-e91339305204.jpg'><img loading=\"lazy\" decoding=\"async\" width=\"214\" height=\"300\" src=\"https:\/\/www.radiopiu.net\/wordpress\/wp-content\/uploads\/2023\/05\/42abf5ad-ee3c-42c9-9043-e91339305204-214x300.jpg\" class=\"attachment-medium size-medium\" alt=\"\" srcset=\"https:\/\/www.radiopiu.net\/wordpress\/wp-content\/uploads\/2023\/05\/42abf5ad-ee3c-42c9-9043-e91339305204-214x300.jpg 214w, https:\/\/www.radiopiu.net\/wordpress\/wp-content\/uploads\/2023\/05\/42abf5ad-ee3c-42c9-9043-e91339305204-732x1024.jpg 732w, https:\/\/www.radiopiu.net\/wordpress\/wp-content\/uploads\/2023\/05\/42abf5ad-ee3c-42c9-9043-e91339305204-768x1074.jpg 768w, https:\/\/www.radiopiu.net\/wordpress\/wp-content\/uploads\/2023\/05\/42abf5ad-ee3c-42c9-9043-e91339305204.jpg 915w\" sizes=\"auto, (max-width: 214px) 100vw, 214px\" \/><\/a>\n\t\t\t\t<\/dt><\/dl><br style=\"clear: both\" \/>\n\t\t\t<\/div>\n\n<p>&nbsp;<\/p>\n<\/div>\n<p>&nbsp;<\/p>\n<div class=\"page-title-breadcrumbs\">\n<blockquote>\n<h3>LA SERATA DI PRESENTAZIONE DI UNIONETICA<\/h3>\n<\/blockquote>\n<p><strong>BELLUNO<\/strong> Luned\u00ec 12 giugno alle 20:30 alla Sala Eliseo Dal Pont Bianchi di Belluno verr\u00e0 presentata l&#8217;associazione UnionEtica, associazione sindacale che raccoglie famiglie e piccole\/microimprese. Interverranno Diego Moschini, consulente del lavoro, e Daniele Trabucco, Costituzionalista ed autore. Ingresso a offerta libera<\/p>\n<p>&nbsp;<\/p>\n<p>&nbsp;<\/p>\n<p>&nbsp;<\/p>\n<hr \/>\n<p>&nbsp;<\/p>\n<blockquote>\n<h3>MARCO V. DAL FARRA E IL NUOVO SINGOLO &#8220;TUTTO DA SCRIVERE&#8221;<\/h3>\n<\/blockquote>\n<p><strong>REDAZIONE<\/strong> Gli ascoltatori di Radio Pi\u00f9 lo conoscono bene. Ha iniziato da poco un nuovo programma dove parla delle band e cantautori bellunesi che va in onda il mercoled\u00ec alle 14 e alle 23 che si intitola &#8220;Rimasti Pi\u00f9 Avanti&#8221;. Stiamo parlando di Marco V. Dal Farra che da alcune settimane \u00e8 uscito con un nuovo singolo dal titolo &#8220;Tutto Da Scrivere&#8221; Marco \u00e8 stato ospite negli studi di Radio Pi\u00f9 per presentarci la canzone e per parlare anche dei progetti futuri.<\/p>\n\n\t\t\t<style type='text\/css'>\n\t\t\t\t#gallery-6 {\n\t\t\t\t\tmargin: auto;\n\t\t\t\t}\n\t\t\t\t#gallery-6 .gallery-item {\n\t\t\t\t\tfloat: left;\n\t\t\t\t\tmargin-top: 10px;\n\t\t\t\t\ttext-align: center;\n\t\t\t\t\twidth: 50%;\n\t\t\t\t}\n\t\t\t\t#gallery-6 img {\n\t\t\t\t\tborder: 2px solid #cfcfcf;\n\t\t\t\t}\n\t\t\t\t#gallery-6 .gallery-caption {\n\t\t\t\t\tmargin-left: 0;\n\t\t\t\t}\n\t\t\t\t\/* see gallery_shortcode() in wp-includes\/media.php *\/\n\t\t\t<\/style>\n\t\t<div id='gallery-6' class='dt-gallery-container gallery galleryid-338620 gallery-columns-2 gallery-size-medium'><dl class='gallery-item'>\n\t\t\t\t<dt class='gallery-icon landscape'>\n\t\t\t\t\t<a class=\"rollover rollover-zoom dt-pswp-item\" title=\"maxresdefault\" data-dt-img-description=\"\" data-large_image_width=\"1280\" data-large_image_height=\"720\"href='https:\/\/www.radiopiu.net\/wordpress\/wp-content\/uploads\/2023\/06\/maxresdefault.jpg'><img loading=\"lazy\" decoding=\"async\" width=\"300\" height=\"169\" src=\"https:\/\/www.radiopiu.net\/wordpress\/wp-content\/uploads\/2023\/06\/maxresdefault-300x169.jpg\" class=\"attachment-medium size-medium\" alt=\"\" srcset=\"https:\/\/www.radiopiu.net\/wordpress\/wp-content\/uploads\/2023\/06\/maxresdefault-300x169.jpg 300w, https:\/\/www.radiopiu.net\/wordpress\/wp-content\/uploads\/2023\/06\/maxresdefault-1024x576.jpg 1024w, https:\/\/www.radiopiu.net\/wordpress\/wp-content\/uploads\/2023\/06\/maxresdefault-768x432.jpg 768w, https:\/\/www.radiopiu.net\/wordpress\/wp-content\/uploads\/2023\/06\/maxresdefault.jpg 1280w\" sizes=\"auto, (max-width: 300px) 100vw, 300px\" \/><\/a>\n\t\t\t\t<\/dt><\/dl><dl class='gallery-item'>\n\t\t\t\t<dt class='gallery-icon landscape'>\n\t\t\t\t\t<a class=\"rollover rollover-zoom dt-pswp-item\" title=\"d2dca95c-f37d-4220-bb70-9bab6e359ae7\" data-dt-img-description=\"\" data-large_image_width=\"1024\" data-large_image_height=\"768\"href='https:\/\/www.radiopiu.net\/wordpress\/wp-content\/uploads\/2023\/06\/d2dca95c-f37d-4220-bb70-9bab6e359ae7.jpg'><img loading=\"lazy\" decoding=\"async\" width=\"300\" height=\"225\" src=\"https:\/\/www.radiopiu.net\/wordpress\/wp-content\/uploads\/2023\/06\/d2dca95c-f37d-4220-bb70-9bab6e359ae7-300x225.jpg\" class=\"attachment-medium size-medium\" alt=\"\" srcset=\"https:\/\/www.radiopiu.net\/wordpress\/wp-content\/uploads\/2023\/06\/d2dca95c-f37d-4220-bb70-9bab6e359ae7-300x225.jpg 300w, https:\/\/www.radiopiu.net\/wordpress\/wp-content\/uploads\/2023\/06\/d2dca95c-f37d-4220-bb70-9bab6e359ae7-768x576.jpg 768w, https:\/\/www.radiopiu.net\/wordpress\/wp-content\/uploads\/2023\/06\/d2dca95c-f37d-4220-bb70-9bab6e359ae7.jpg 1024w\" sizes=\"auto, (max-width: 300px) 100vw, 300px\" \/><\/a>\n\t\t\t\t<\/dt><\/dl><br style=\"clear: both\" \/>\n\t\t\t<\/div>\n\n<p>&nbsp;<\/p>\n<p><strong>L&#8217;INTERVISTA<\/strong><\/p>\n<audio class=\"wp-audio-shortcode\" id=\"audio-338620-4\" preload=\"none\" style=\"width: 100%;\" controls=\"controls\"><source type=\"audio\/mpeg\" src=\"https:\/\/www.radiopiu.net\/wordpress\/wp-content\/uploads\/2023\/06\/MARCO-V-DAL-FARRA-tutto-da-scrivere.mp3?_=4\" \/><a href=\"https:\/\/www.radiopiu.net\/wordpress\/wp-content\/uploads\/2023\/06\/MARCO-V-DAL-FARRA-tutto-da-scrivere.mp3\">https:\/\/www.radiopiu.net\/wordpress\/wp-content\/uploads\/2023\/06\/MARCO-V-DAL-FARRA-tutto-da-scrivere.mp3<\/a><\/audio>\n<p>&nbsp;<\/p>\n<p><iframe loading=\"lazy\" title=\"Marco V. Dal Farra - Tutto da scrivere\" width=\"1200\" height=\"675\" src=\"https:\/\/www.youtube.com\/embed\/3i13vdLCLzE?feature=oembed\" frameborder=\"0\" allow=\"accelerometer; autoplay; clipboard-write; encrypted-media; gyroscope; picture-in-picture; web-share\" allowfullscreen><\/iframe><\/p>\n<p>&nbsp;<\/p>\n<hr \/>\n<p>&nbsp;<\/p>\n<blockquote class=\"wp-embedded-content\" data-secret=\"RlUKVJYGDv\"><p><a href=\"https:\/\/www.radiopiu.net\/wordpress\/la-costruzione-in-pietra-del-ponte-di-lantrago-e-le-grandi-alluvioni-a-la-valle-agordina-nella-seconda-meta-del-1800-seconda-parte\/\">LA COSTRUZIONE IN PIETRA DEL PONTE DI LANTRAGO E LE GRANDI ALLUVIONI A LA VALLE AGORDINA NELLA SECONDA MET\u00c0 DEL 1800 \u2013 SECONDA PARTE<\/a><\/p><\/blockquote>\n<p><iframe loading=\"lazy\" class=\"wp-embedded-content\" sandbox=\"allow-scripts\" security=\"restricted\" style=\"position: absolute; clip: rect(1px, 1px, 1px, 1px);\" title=\"&#8220;LA COSTRUZIONE IN PIETRA DEL PONTE DI LANTRAGO E LE GRANDI ALLUVIONI A LA VALLE AGORDINA NELLA SECONDA MET\u00c0 DEL 1800 \u2013 SECONDA PARTE&#8221; &#8212; Radio Pi\u00f9\" src=\"https:\/\/www.radiopiu.net\/wordpress\/la-costruzione-in-pietra-del-ponte-di-lantrago-e-le-grandi-alluvioni-a-la-valle-agordina-nella-seconda-meta-del-1800-seconda-parte\/embed\/#?secret=OAB2QYuZPq#?secret=RlUKVJYGDv\" data-secret=\"RlUKVJYGDv\" width=\"600\" height=\"338\" frameborder=\"0\" marginwidth=\"0\" marginheight=\"0\" scrolling=\"no\"><\/iframe><\/p>\n<p>&nbsp;<\/p>\n<hr \/>\n<p>&nbsp;<\/p>\n<h2><a class=\"dt-pswp-item\" href=\"https:\/\/www.radiopiu.net\/wordpress\/wp-content\/uploads\/2020\/12\/DON-GIORGIO-LISE.jpg\" data-dt-img-description=\"\" data-large_image_width=\"1600\" data-large_image_height=\"901\"><img loading=\"lazy\" decoding=\"async\" class=\" wp-image-177420 alignleft\" src=\"https:\/\/www.radiopiu.net\/wordpress\/wp-content\/uploads\/2020\/12\/DON-GIORGIO-LISE-300x169.jpg\" alt=\"\" width=\"222\" height=\"125\" srcset=\"https:\/\/www.radiopiu.net\/wordpress\/wp-content\/uploads\/2020\/12\/DON-GIORGIO-LISE-300x169.jpg 300w, https:\/\/www.radiopiu.net\/wordpress\/wp-content\/uploads\/2020\/12\/DON-GIORGIO-LISE-1024x577.jpg 1024w, https:\/\/www.radiopiu.net\/wordpress\/wp-content\/uploads\/2020\/12\/DON-GIORGIO-LISE-768x432.jpg 768w, https:\/\/www.radiopiu.net\/wordpress\/wp-content\/uploads\/2020\/12\/DON-GIORGIO-LISE-1536x865.jpg 1536w, https:\/\/www.radiopiu.net\/wordpress\/wp-content\/uploads\/2020\/12\/DON-GIORGIO-LISE.jpg 1600w\" sizes=\"auto, (max-width: 222px) 100vw, 222px\" \/><\/a><span style=\"color: #33cccc;\">DUE MINUTI PER TE<\/span><\/h2>\n<p><strong>APPUNTAMENTO DELLA DOMENICA CON IL PENSIERO DI MONSIGNOR GIORGIO LISE<\/strong><\/p>\n<audio class=\"wp-audio-shortcode\" id=\"audio-338620-5\" preload=\"none\" style=\"width: 100%;\" controls=\"controls\"><source type=\"audio\/mpeg\" src=\"https:\/\/www.radiopiu.net\/wordpress\/wp-content\/uploads\/2023\/06\/DON-GIORGIO.mp3?_=5\" \/><a href=\"https:\/\/www.radiopiu.net\/wordpress\/wp-content\/uploads\/2023\/06\/DON-GIORGIO.mp3\">https:\/\/www.radiopiu.net\/wordpress\/wp-content\/uploads\/2023\/06\/DON-GIORGIO.mp3<\/a><\/audio>\n<p>&nbsp;<\/p>\n<hr \/>\n<p>&nbsp;<\/p>\n<div dir=\"auto\">\n<div class=\"message spoilers-container\" dir=\"auto\">\n<div>\n<div class=\"b654a4as d2edcug0\">\n<div class=\"rq0escxv hkbzh7o3 jwdofwj8 n8tt0mok r8blr3vg hyh9befq\">\n<p><a class=\"dt-pswp-item\" href=\"https:\/\/www.radiopiu.net\/wordpress\/wp-content\/uploads\/2020\/10\/pp.jpg\" data-dt-img-description=\"\" data-large_image_width=\"640\" data-large_image_height=\"640\"><img loading=\"lazy\" decoding=\"async\" class=\"wp-image-163678 alignleft\" src=\"https:\/\/www.radiopiu.net\/wordpress\/wp-content\/uploads\/2020\/10\/pp-300x300.jpg\" alt=\"\" width=\"106\" height=\"106\" srcset=\"https:\/\/www.radiopiu.net\/wordpress\/wp-content\/uploads\/2020\/10\/pp-300x300.jpg 300w, https:\/\/www.radiopiu.net\/wordpress\/wp-content\/uploads\/2020\/10\/pp-150x150.jpg 150w, https:\/\/www.radiopiu.net\/wordpress\/wp-content\/uploads\/2020\/10\/pp-125x125.jpg 125w, https:\/\/www.radiopiu.net\/wordpress\/wp-content\/uploads\/2020\/10\/pp-200x200.jpg 200w, https:\/\/www.radiopiu.net\/wordpress\/wp-content\/uploads\/2020\/10\/pp-80x80.jpg 80w, https:\/\/www.radiopiu.net\/wordpress\/wp-content\/uploads\/2020\/10\/pp-480x480.jpg 480w, https:\/\/www.radiopiu.net\/wordpress\/wp-content\/uploads\/2020\/10\/pp.jpg 640w\" sizes=\"auto, (max-width: 106px) 100vw, 106px\" \/><\/a><\/p>\n<\/div>\n<\/div>\n<\/div>\n<\/div>\n<div class=\"message spoilers-container\" dir=\"auto\">\n<div class=\"page-title-head hgroup\">\n<div class=\"page-title-head hgroup\">\n<div class=\"b654a4as d2edcug0\">\n<div class=\"j83agx80 btwxx1t3 lhclo0ds hop8lmos nkwizq5d scwd0bx6 roh60bw9\">\n<div class=\"rq0escxv hkbzh7o3 jwdofwj8 n8tt0mok r8blr3vg hyh9befq\">\n<div class=\"do00u71z l9j0dhe7 k4urcfbm\" style=\"text-align: left;\">\n<h2><span style=\"color: #000080;\">DON CESARE, IL PENSIERO DEL GIORNO. ALLA RADIO ALLE 7 DEL MATTINO E ALLE 19.30 DELLA SERA<\/span><\/h2>\n<p>&nbsp;<\/p>\n<\/div>\n<div class=\"do00u71z l9j0dhe7 k4urcfbm\" style=\"text-align: left;\">\n<audio class=\"wp-audio-shortcode\" id=\"audio-338620-6\" preload=\"none\" style=\"width: 100%;\" controls=\"controls\"><source type=\"audio\/mpeg\" src=\"https:\/\/www.radiopiu.net\/wordpress\/wp-content\/uploads\/2023\/06\/cesare.mp3?_=6\" \/><a href=\"https:\/\/www.radiopiu.net\/wordpress\/wp-content\/uploads\/2023\/06\/cesare.mp3\">https:\/\/www.radiopiu.net\/wordpress\/wp-content\/uploads\/2023\/06\/cesare.mp3<\/a><\/audio>\n<\/div>\n<\/div>\n<\/div>\n<\/div>\n<\/div>\n<\/div>\n<\/div>\n<\/div>\n<blockquote>\n<div class=\"message spoilers-container\" dir=\"auto\">\n<p>&nbsp;<\/p>\n<\/div>\n<\/blockquote>\n<p>&nbsp;<\/p>\n<div class=\"message spoilers-container\" dir=\"auto\">\n<hr \/>\n<\/div>\n<div class=\"message spoilers-container\" dir=\"auto\">\n<div class=\"column\">\n<p>&nbsp;<\/p>\n<h2><strong><a class=\"dt-pswp-item\" href=\"https:\/\/www.radiopiu.net\/wordpress\/wp-content\/uploads\/2022\/05\/ANDREA-BALDASSI.jpg\" data-dt-img-description=\"\" data-large_image_width=\"1218\" data-large_image_height=\"1600\"><img loading=\"lazy\" decoding=\"async\" class=\" wp-image-274017 alignleft\" src=\"https:\/\/www.radiopiu.net\/wordpress\/wp-content\/uploads\/2022\/05\/ANDREA-BALDASSI-228x300.jpg\" alt=\"\" width=\"109\" height=\"143\" srcset=\"https:\/\/www.radiopiu.net\/wordpress\/wp-content\/uploads\/2022\/05\/ANDREA-BALDASSI-228x300.jpg 228w, https:\/\/www.radiopiu.net\/wordpress\/wp-content\/uploads\/2022\/05\/ANDREA-BALDASSI-780x1024.jpg 780w, https:\/\/www.radiopiu.net\/wordpress\/wp-content\/uploads\/2022\/05\/ANDREA-BALDASSI-768x1009.jpg 768w, https:\/\/www.radiopiu.net\/wordpress\/wp-content\/uploads\/2022\/05\/ANDREA-BALDASSI-1169x1536.jpg 1169w, https:\/\/www.radiopiu.net\/wordpress\/wp-content\/uploads\/2022\/05\/ANDREA-BALDASSI.jpg 1218w\" sizes=\"auto, (max-width: 109px) 100vw, 109px\" \/><\/a><\/strong><span style=\"color: #008000;\">LA RASSEGNA STAMPA DA L&#8217;AMICO DEL POPOLO<\/span><\/h2>\n<p><strong>di Gianni Santomaso<\/strong><\/p>\n<p>OSPITE: Andrea Baldassi, responsabile Comitato Calcio Agordino<\/p>\n<audio class=\"wp-audio-shortcode\" id=\"audio-338620-7\" preload=\"none\" style=\"width: 100%;\" controls=\"controls\"><source type=\"audio\/mpeg\" src=\"https:\/\/www.radiopiu.net\/wordpress\/wp-content\/uploads\/2023\/06\/RASSEGNA-GIANNI.mp3?_=7\" \/><a href=\"https:\/\/www.radiopiu.net\/wordpress\/wp-content\/uploads\/2023\/06\/RASSEGNA-GIANNI.mp3\">https:\/\/www.radiopiu.net\/wordpress\/wp-content\/uploads\/2023\/06\/RASSEGNA-GIANNI.mp3<\/a><\/audio>\n<p>&nbsp;<\/p>\n<hr \/>\n<p>&nbsp;<\/p>\n<p><img loading=\"lazy\" decoding=\"async\" class=\"aligncenter wp-image-61954 size-full\" src=\"https:\/\/www.radiopiu.net\/wordpress\/wp-content\/uploads\/2018\/09\/viabilita.jpeg\" sizes=\"auto, (max-width: 800px) 100vw, 800px\" srcset=\"https:\/\/www.radiopiu.net\/wordpress\/wp-content\/uploads\/2018\/09\/viabilita.jpeg 800w, https:\/\/www.radiopiu.net\/wordpress\/wp-content\/uploads\/2018\/09\/viabilita-300x38.jpeg 300w, https:\/\/www.radiopiu.net\/wordpress\/wp-content\/uploads\/2018\/09\/viabilita-768x96.jpeg 768w\" alt=\"\" width=\"800\" height=\"100\" \/><\/p>\n<\/div>\n<\/div>\n<div class=\"message spoilers-container\" dir=\"auto\">\n<div class=\"column\">\n<p>&nbsp;<\/p>\n<\/div>\n<\/div>\n<div class=\"message spoilers-container\" dir=\"auto\">\n<div class=\"column\">\n<div>\n<div dir=\"ltr\">\n<div class=\"gmail_quote\">\n<div dir=\"ltr\">\n<div>\n<blockquote class=\"wp-embedded-content\" data-secret=\"vAy8M6owKz\"><p><a href=\"https:\/\/www.radiopiu.net\/wordpress\/viabilita\/\">viabilita<\/a><\/p><\/blockquote>\n<p><iframe loading=\"lazy\" class=\"wp-embedded-content\" sandbox=\"allow-scripts\" security=\"restricted\" style=\"position: absolute; clip: rect(1px, 1px, 1px, 1px);\" title=\"&#8220;viabilita&#8221; &#8212; Radio Pi\u00f9\" src=\"https:\/\/www.radiopiu.net\/wordpress\/viabilita\/embed\/#?secret=PRmDwp0aiU#?secret=vAy8M6owKz\" data-secret=\"vAy8M6owKz\" width=\"600\" height=\"338\" frameborder=\"0\" marginwidth=\"0\" marginheight=\"0\" scrolling=\"no\"><\/iframe><\/p>\n<\/div>\n<div><\/div>\n<div><\/div>\n<div><\/div>\n<\/div>\n<\/div>\n<\/div>\n<\/div>\n<hr \/>\n<p>&nbsp;<\/p>\n<p><a class=\"dt-pswp-item\" href=\"https:\/\/www.radiopiu.net\/wordpress\/wp-content\/uploads\/2018\/09\/WhatsApp-Image-2018-09-20-at-16.04.06.jpeg\" data-dt-img-description=\"\" data-large_image_width=\"800\" data-large_image_height=\"100\"><img loading=\"lazy\" decoding=\"async\" class=\"wp-image-61378 size-full aligncenter\" src=\"https:\/\/www.radiopiu.net\/wordpress\/wp-content\/uploads\/2018\/09\/WhatsApp-Image-2018-09-20-at-16.04.06.jpeg\" alt=\"\" width=\"800\" height=\"100\" srcset=\"https:\/\/www.radiopiu.net\/wordpress\/wp-content\/uploads\/2018\/09\/WhatsApp-Image-2018-09-20-at-16.04.06.jpeg 800w, https:\/\/www.radiopiu.net\/wordpress\/wp-content\/uploads\/2018\/09\/WhatsApp-Image-2018-09-20-at-16.04.06-300x38.jpeg 300w, https:\/\/www.radiopiu.net\/wordpress\/wp-content\/uploads\/2018\/09\/WhatsApp-Image-2018-09-20-at-16.04.06-768x96.jpeg 768w\" sizes=\"auto, (max-width: 800px) 100vw, 800px\" \/><\/a><\/p>\n<\/div>\n<\/div>\n<div class=\"message spoilers-container\" dir=\"auto\"><\/div>\n<p><center><\/center><center><b>OGGI<\/b><\/center><b>Tempo atteso: <\/b>Tempo ancora complessivamente instabile, con nuvolosit\u00e0 irregolare spesso estesa, anche per attivit\u00e0 cumuliforme moderata\/intensa, specie nelle ore centrali e pomeridiane. Il rischio di fenomeni sar\u00e0 presente soprattutto al pomeriggio, ma non escluso anche nelle altre ore del giorno.<br \/>\n<b>Precipitazioni: <\/b>Nella notte e al mattino possibili rovesci\/temporali isolati (30\/50%), spesso assenti sulle Dolomiti, che diverranno maggiormente diffusi tra le ore centrali e il pomeriggio (60\/80%), per poi risultare in attenuazione in serata\/notte.<br \/>\n<b>Temperature: <\/b>Senza variazioni di rilievo le minime; massime in contenuto calo nelle valli, stazionarie in quota.<\/p>\n<hr \/>\n<p><center><b>DOMANI<\/b><\/center><b>Tempo atteso: <\/b>Tempo variabile\/instabile, con qualche schiarita un po&#8217; pi\u00f9 presente dei giorni precedenti specie al mattino, ma sempre con possibili fenomeni, soprattutto al pomeriggio.<br \/>\n<b>Precipitazioni: <\/b>Nella notte e fino a met\u00e0 mattina generalmente assenti (0\/20%); dalle ore centrali e al pomeriggio ripresa dell&#8217;attivit\u00e0 termoconvettiva con rovesci e temporali sparsi (50\/70%).<br \/>\n<b>Temperature: <\/b>Minime in lieve aumento in quota e in calo nelle valli in caso di schiarite notturne; massime in ripresa.<\/p>\n<hr \/>\n<p><center><b>MERCOLEDI<\/b><\/center>Tempo sempre variabile\/instabile, con nuvolosit\u00e0 che torner\u00e0 ad essere pi\u00f9 estesa rispetto a marted\u00ec, con il rischio di qualche rovescio o temporale sparso, specie al pomeriggio. Temperature senza variazioni di rilievo.<\/p>\n<hr \/>\n<p><center><b>GIOVEDI<\/b><\/center>Tempo maggiormente soleggiato dei giorni precedenti, con schiarite ampie e formazione di cumuli pomeridiani, solo localmente a sviluppo moderato\/forte, che potranno ancora dare qualche rovescio o temporale locale. Ulteriore rialzo termico diurno.<\/p>\n<p>&nbsp;<\/p>\n<div class=\"message spoilers-container\" dir=\"auto\">\n<hr \/>\n<p>&nbsp;<\/p>\n<p><a class=\"dt-pswp-item\" href=\"https:\/\/www.radiopiu.net\/wordpress\/wp-content\/uploads\/2018\/09\/sport.jpg\" data-dt-img-description=\"\" data-large_image_width=\"800\" data-large_image_height=\"100\"><img loading=\"lazy\" decoding=\"async\" class=\"aligncenter wp-image-60761 size-full\" src=\"https:\/\/www.radiopiu.net\/wordpress\/wp-content\/uploads\/2018\/09\/sport.jpg\" alt=\"\" width=\"800\" height=\"100\" srcset=\"https:\/\/www.radiopiu.net\/wordpress\/wp-content\/uploads\/2018\/09\/sport.jpg 800w, https:\/\/www.radiopiu.net\/wordpress\/wp-content\/uploads\/2018\/09\/sport-300x38.jpg 300w, https:\/\/www.radiopiu.net\/wordpress\/wp-content\/uploads\/2018\/09\/sport-768x96.jpg 768w\" sizes=\"auto, (max-width: 800px) 100vw, 800px\" \/><\/a><\/p>\n<\/div>\n<div class=\"message spoilers-container\" dir=\"auto\">\n<p>&nbsp;<\/p>\n<p><span style=\"color: #0000ff;\"><strong>CALCIO A 5<\/strong><\/span><\/p>\n<blockquote>\n<h3>PER LA CANOTTIERI BELLUNO E&#8217; PROMOZIONE IN A2<\/h3>\n<\/blockquote>\n<p><span style=\"color: #ff0000;\"><strong><a class=\"dt-pswp-item\" href=\"https:\/\/www.radiopiu.net\/wordpress\/wp-content\/uploads\/2023\/06\/351336687_1262979437673260_2643789043538570012_n.jpg\" data-dt-img-description=\"\" data-large_image_width=\"2048\" data-large_image_height=\"1152\"><img loading=\"lazy\" decoding=\"async\" class=\"size-medium wp-image-338754 alignleft\" src=\"https:\/\/www.radiopiu.net\/wordpress\/wp-content\/uploads\/2023\/06\/351336687_1262979437673260_2643789043538570012_n-300x169.jpg\" alt=\"\" width=\"300\" height=\"169\" srcset=\"https:\/\/www.radiopiu.net\/wordpress\/wp-content\/uploads\/2023\/06\/351336687_1262979437673260_2643789043538570012_n-300x169.jpg 300w, https:\/\/www.radiopiu.net\/wordpress\/wp-content\/uploads\/2023\/06\/351336687_1262979437673260_2643789043538570012_n-1024x576.jpg 1024w, https:\/\/www.radiopiu.net\/wordpress\/wp-content\/uploads\/2023\/06\/351336687_1262979437673260_2643789043538570012_n-768x432.jpg 768w, https:\/\/www.radiopiu.net\/wordpress\/wp-content\/uploads\/2023\/06\/351336687_1262979437673260_2643789043538570012_n-1536x864.jpg 1536w, https:\/\/www.radiopiu.net\/wordpress\/wp-content\/uploads\/2023\/06\/351336687_1262979437673260_2643789043538570012_n.jpg 2048w\" sizes=\"auto, (max-width: 300px) 100vw, 300px\" \/><\/a>PLAYOFF SERIE B<\/strong><\/span><\/p>\n<p><strong>CANOTTIERI BELLUNO \u2013 VIRTUS LIBERA ISCHIA 3-0<\/strong><\/p>\n<p>Reti: PT 19.00 Gheno, 19.18 Dall\u2019\u00d2; ST 12.41 Kevin Dal Farra<\/p>\n<p>(FOTO: Dalla Libera)<\/p>\n<p><strong>IL SERVIZIO DI ANTONIO FIABANE, PORTAVOCE DELLA CANOTTIERI BELLUNO<\/strong><\/p>\n<audio class=\"wp-audio-shortcode\" id=\"audio-338620-8\" preload=\"none\" style=\"width: 100%;\" controls=\"controls\"><source type=\"audio\/mpeg\" src=\"https:\/\/www.radiopiu.net\/wordpress\/wp-content\/uploads\/2023\/06\/CANOTTIERI-SITO.mp3?_=8\" \/><a href=\"https:\/\/www.radiopiu.net\/wordpress\/wp-content\/uploads\/2023\/06\/CANOTTIERI-SITO.mp3\">https:\/\/www.radiopiu.net\/wordpress\/wp-content\/uploads\/2023\/06\/CANOTTIERI-SITO.mp3<\/a><\/audio>\n<p>&nbsp;<\/p>\n<p><strong>REDAZIONE<\/strong> Impresa compiuta per la Canottieri Belluno di Alessio Bortolini. In una Spes Arena gremita di gente la compagine del presidente Alvise Bortolini strappa il pass per la Serie A2. Una stagione da incorniciare per la squadra bellunese che sotterra Ischia nella finalissima playoff della serie B. Una grande festa a fine partita per il salto di categoria dopo 9 anni nella serie cadetta.<\/p>\n<p><a class=\"dt-pswp-item\" href=\"https:\/\/www.radiopiu.net\/wordpress\/wp-content\/uploads\/2023\/06\/25682ede-b67a-4996-937d-dbcbe0a8a0ed.jpg\" data-dt-img-description=\"\" data-large_image_width=\"1600\" data-large_image_height=\"1200\"><img loading=\"lazy\" decoding=\"async\" class=\"aligncenter wp-image-338732 size-large\" src=\"https:\/\/www.radiopiu.net\/wordpress\/wp-content\/uploads\/2023\/06\/25682ede-b67a-4996-937d-dbcbe0a8a0ed-1024x768.jpg\" alt=\"\" width=\"1024\" height=\"768\" srcset=\"https:\/\/www.radiopiu.net\/wordpress\/wp-content\/uploads\/2023\/06\/25682ede-b67a-4996-937d-dbcbe0a8a0ed-1024x768.jpg 1024w, https:\/\/www.radiopiu.net\/wordpress\/wp-content\/uploads\/2023\/06\/25682ede-b67a-4996-937d-dbcbe0a8a0ed-300x225.jpg 300w, https:\/\/www.radiopiu.net\/wordpress\/wp-content\/uploads\/2023\/06\/25682ede-b67a-4996-937d-dbcbe0a8a0ed-768x576.jpg 768w, https:\/\/www.radiopiu.net\/wordpress\/wp-content\/uploads\/2023\/06\/25682ede-b67a-4996-937d-dbcbe0a8a0ed-1536x1152.jpg 1536w, https:\/\/www.radiopiu.net\/wordpress\/wp-content\/uploads\/2023\/06\/25682ede-b67a-4996-937d-dbcbe0a8a0ed.jpg 1600w\" sizes=\"auto, (max-width: 1024px) 100vw, 1024px\" \/><\/a><\/p>\n<h2><span style=\"color: #ff0000;\"><strong>\u00a0<\/strong><\/span><\/h2>\n<h2><span style=\"color: #ff0000;\"><strong>LE INTERVISTE DI GIANLUCA DA POIAN<\/strong><\/span><\/h2>\n<p><strong>IL COMMOVENTE RICORDO DI ALESSIO BORTOLINI<\/strong><\/p>\n<audio class=\"wp-audio-shortcode\" id=\"audio-338620-9\" preload=\"none\" style=\"width: 100%;\" controls=\"controls\"><source type=\"audio\/mpeg\" src=\"https:\/\/www.radiopiu.net\/wordpress\/wp-content\/uploads\/2023\/06\/ALESSIO-BORTOLINI.mp3?_=9\" \/><a href=\"https:\/\/www.radiopiu.net\/wordpress\/wp-content\/uploads\/2023\/06\/ALESSIO-BORTOLINI.mp3\">https:\/\/www.radiopiu.net\/wordpress\/wp-content\/uploads\/2023\/06\/ALESSIO-BORTOLINI.mp3<\/a><\/audio>\n<p>&nbsp;<\/p>\n<p><strong>MASSIMO DALL&#8217;O&#8217;, CAPOCANNONIERE DI STAGIONE CON 35 GOL, CLASSE 2003<\/strong><\/p>\n<audio class=\"wp-audio-shortcode\" id=\"audio-338620-10\" preload=\"none\" style=\"width: 100%;\" controls=\"controls\"><source type=\"audio\/mpeg\" src=\"https:\/\/www.radiopiu.net\/wordpress\/wp-content\/uploads\/2023\/06\/MASSIMO-DALLO.mp3?_=10\" \/><a href=\"https:\/\/www.radiopiu.net\/wordpress\/wp-content\/uploads\/2023\/06\/MASSIMO-DALLO.mp3\">https:\/\/www.radiopiu.net\/wordpress\/wp-content\/uploads\/2023\/06\/MASSIMO-DALLO.mp3<\/a><\/audio>\n<p>&nbsp;<\/p>\n<p><span style=\"color: #0000ff;\"><strong>CALCIO<\/strong><\/span><\/p>\n<blockquote>\n<h3>NESSUN PAREGGIO NELLA PRIMA GIORNATA DEL MEMORIAL ATTILIO MORETTI. A SORPRESA GOSALDO E TAIBON PERDONO<\/h3>\n<\/blockquote>\n<p><strong><a class=\"dt-pswp-item\" href=\"https:\/\/www.radiopiu.net\/wordpress\/wp-content\/uploads\/2023\/06\/LE-VILLE.jpg\" data-dt-img-description=\"\" data-large_image_width=\"1024\" data-large_image_height=\"768\"><img loading=\"lazy\" decoding=\"async\" class=\" wp-image-338823 alignleft\" src=\"https:\/\/www.radiopiu.net\/wordpress\/wp-content\/uploads\/2023\/06\/LE-VILLE-300x225.jpg\" alt=\"\" width=\"191\" height=\"143\" srcset=\"https:\/\/www.radiopiu.net\/wordpress\/wp-content\/uploads\/2023\/06\/LE-VILLE-300x225.jpg 300w, https:\/\/www.radiopiu.net\/wordpress\/wp-content\/uploads\/2023\/06\/LE-VILLE-768x576.jpg 768w, https:\/\/www.radiopiu.net\/wordpress\/wp-content\/uploads\/2023\/06\/LE-VILLE.jpg 1024w\" sizes=\"auto, (max-width: 191px) 100vw, 191px\" \/><\/a>di Marco Gaz<\/strong><\/p>\n<p><strong>REDAZIONE <\/strong>Primi verdetti dopo la primo turno della 48esima edizione del Campionato Agordino di calcio. Nella prima giornata del Memorial Attilio Moretti i campioni in carica del Voltago alzano subito la voce rifilando 5 gol al Cencenighe. Risultato a sorpresa nel match di sabato al \u201cCesare Scatena\u201d di Taibon dove il Le Ville (foto) vince con il Taibon dopo aver giocato 70\u2019 con l\u2019uomo in meno. Nel big match di Gosaldo il Caprile vince di misura contro i padroni di casa. A Vallada la squadra di casa incamera tre punti con l\u2019Alleghe ma con il minimo sfrozo. Punteggio tennistico a Rivamonte dove il La Valle fa la voce grossa contro la formazione allenata da Gianni Farenzena. A Cernadoi il Fodom mette a segno la prima vittoria contro il Canale.<\/p>\n<p><strong>I RISULTATI DELLA PRIMA GIORNATA. <\/strong>GIRONE A: Voltago \u2013 Cencenighe 5-0, Fodom \u2013 Canale 2-0 , Rivamonte \u2013 La Valle 1-6. GIRONE B: Le Ville \u2013 Taibon 3-1, Gosaldo \u2013 Caprile 1-2, Vallada \u2013 Alleghe 3-0.<\/p>\n<p><strong>LA CLASSIFICA. <\/strong>GIRONE A: Voltago, Fodom e La Valle 3, Cencenighe, Canale e Rivamonte 0 GIRONE B: Le Ville, Caprile e Vallada 3, Taibon, Gosaldo e Alleghe 0.<\/p>\n<p><strong>PROSSIMO TURNO: <\/strong>GIRONE A: sabato alle 20:30 Cencenighe \u2013 Fodom, domenica alle 16 La Valle \u2013 Canale e Voltago \u2013 Rivamonte. GIRONE B: sabato alle 20:30 Alleghe \u2013 Le Ville, domenica alle 16 Taibon \u2013 Gosaldo e Vallada \u2013 Caprile.<\/p>\n<p>&nbsp;<\/p>\n<p><span style=\"color: #0000ff;\"><strong>CORSA IN MONTAGNA<\/strong><\/span><\/p>\n<blockquote>\n<h3>LA COPPIA BARATTIN-BONATI SI AGGIUDICA LA 4 PAS IN DOI 2023<\/h3>\n<\/blockquote>\n<p><strong>AGORDO<\/strong> Si \u00e8 svolta la 4 Pas in Doi, l&#8217;edizione 2023 della corsa in montagna organizzata da AD Agordo Pro Loco. Oltre 600 iscritti tra le varie categorie e la 4 Pas In Doi Bocoi. Gara con partenza e arrivo sul Broi di Agordo che ha visto vincere in ambito maschile la coppia formata da Gianpietro Barattin ed Enrico Bonati che si sono imposti sul tracciato di 16 km con il tempo di 1h25&#8217;41&#8221;. Luca Mosena e Ruggero Berolo al secondo posto, terzi Nicola Pais Bianco e Federico Vecelio Patis. In ambito femminile Miriam Minella e Lara Comiotto sono state le prime a passare il traguardo in 1h55&#8217;40&#8221;. Seconde Monica e Michela Bortoluzzi, terzo posto per Francesca Bortoluzzi e Michela Zanon. Nella categoria giovanile i primi ad arrivare sul Broi sono stati Nicolas Bettini e Francesco Vianello. Tra le donne Siria Del Din e Laila Soppelsa.<\/p>\n<p><strong>LE FOTO DEL PODIO DALLA PAGINA FACEBOOK &#8220;4 PAS IN DOI&#8221;<\/strong><\/p>\n\n\t\t\t<style type='text\/css'>\n\t\t\t\t#gallery-7 {\n\t\t\t\t\tmargin: auto;\n\t\t\t\t}\n\t\t\t\t#gallery-7 .gallery-item {\n\t\t\t\t\tfloat: left;\n\t\t\t\t\tmargin-top: 10px;\n\t\t\t\t\ttext-align: center;\n\t\t\t\t\twidth: 33%;\n\t\t\t\t}\n\t\t\t\t#gallery-7 img {\n\t\t\t\t\tborder: 2px solid #cfcfcf;\n\t\t\t\t}\n\t\t\t\t#gallery-7 .gallery-caption {\n\t\t\t\t\tmargin-left: 0;\n\t\t\t\t}\n\t\t\t\t\/* see gallery_shortcode() in wp-includes\/media.php *\/\n\t\t\t<\/style>\n\t\t<div id='gallery-7' class='dt-gallery-container gallery galleryid-338620 gallery-columns-3 gallery-size-medium'><dl class='gallery-item'>\n\t\t\t\t<dt class='gallery-icon landscape'>\n\t\t\t\t\t<a class=\"rollover rollover-zoom dt-pswp-item\" title=\"351003146_269145362276868_9025715099381304427_n\" data-dt-img-description=\"\" data-large_image_width=\"1065\" data-large_image_height=\"710\"href='https:\/\/www.radiopiu.net\/wordpress\/wp-content\/uploads\/2023\/06\/351003146_269145362276868_9025715099381304427_n.jpg'><img loading=\"lazy\" decoding=\"async\" width=\"300\" height=\"200\" src=\"https:\/\/www.radiopiu.net\/wordpress\/wp-content\/uploads\/2023\/06\/351003146_269145362276868_9025715099381304427_n-300x200.jpg\" class=\"attachment-medium size-medium\" alt=\"\" srcset=\"https:\/\/www.radiopiu.net\/wordpress\/wp-content\/uploads\/2023\/06\/351003146_269145362276868_9025715099381304427_n-300x200.jpg 300w, https:\/\/www.radiopiu.net\/wordpress\/wp-content\/uploads\/2023\/06\/351003146_269145362276868_9025715099381304427_n-1024x683.jpg 1024w, https:\/\/www.radiopiu.net\/wordpress\/wp-content\/uploads\/2023\/06\/351003146_269145362276868_9025715099381304427_n-768x512.jpg 768w, https:\/\/www.radiopiu.net\/wordpress\/wp-content\/uploads\/2023\/06\/351003146_269145362276868_9025715099381304427_n.jpg 1065w\" sizes=\"auto, (max-width: 300px) 100vw, 300px\" \/><\/a>\n\t\t\t\t<\/dt><\/dl><dl class='gallery-item'>\n\t\t\t\t<dt class='gallery-icon landscape'>\n\t\t\t\t\t<a class=\"rollover rollover-zoom dt-pswp-item\" title=\"351469421_1432736167483408_8817851311455305768_n\" data-dt-img-description=\"\" data-large_image_width=\"1066\" data-large_image_height=\"710\"href='https:\/\/www.radiopiu.net\/wordpress\/wp-content\/uploads\/2023\/06\/351469421_1432736167483408_8817851311455305768_n.jpg'><img loading=\"lazy\" decoding=\"async\" width=\"300\" height=\"200\" src=\"https:\/\/www.radiopiu.net\/wordpress\/wp-content\/uploads\/2023\/06\/351469421_1432736167483408_8817851311455305768_n-300x200.jpg\" class=\"attachment-medium size-medium\" alt=\"\" srcset=\"https:\/\/www.radiopiu.net\/wordpress\/wp-content\/uploads\/2023\/06\/351469421_1432736167483408_8817851311455305768_n-300x200.jpg 300w, https:\/\/www.radiopiu.net\/wordpress\/wp-content\/uploads\/2023\/06\/351469421_1432736167483408_8817851311455305768_n-1024x682.jpg 1024w, https:\/\/www.radiopiu.net\/wordpress\/wp-content\/uploads\/2023\/06\/351469421_1432736167483408_8817851311455305768_n-768x512.jpg 768w, https:\/\/www.radiopiu.net\/wordpress\/wp-content\/uploads\/2023\/06\/351469421_1432736167483408_8817851311455305768_n.jpg 1066w\" sizes=\"auto, (max-width: 300px) 100vw, 300px\" \/><\/a>\n\t\t\t\t<\/dt><\/dl><dl class='gallery-item'>\n\t\t\t\t<dt class='gallery-icon landscape'>\n\t\t\t\t\t<a class=\"rollover rollover-zoom dt-pswp-item\" title=\"351522842_3528040424108649_6719715077114060551_n\" data-dt-img-description=\"\" data-large_image_width=\"1066\" data-large_image_height=\"710\"href='https:\/\/www.radiopiu.net\/wordpress\/wp-content\/uploads\/2023\/06\/351522842_3528040424108649_6719715077114060551_n.jpg'><img loading=\"lazy\" decoding=\"async\" width=\"300\" height=\"200\" src=\"https:\/\/www.radiopiu.net\/wordpress\/wp-content\/uploads\/2023\/06\/351522842_3528040424108649_6719715077114060551_n-300x200.jpg\" class=\"attachment-medium size-medium\" alt=\"\" srcset=\"https:\/\/www.radiopiu.net\/wordpress\/wp-content\/uploads\/2023\/06\/351522842_3528040424108649_6719715077114060551_n-300x200.jpg 300w, https:\/\/www.radiopiu.net\/wordpress\/wp-content\/uploads\/2023\/06\/351522842_3528040424108649_6719715077114060551_n-1024x682.jpg 1024w, https:\/\/www.radiopiu.net\/wordpress\/wp-content\/uploads\/2023\/06\/351522842_3528040424108649_6719715077114060551_n-768x512.jpg 768w, https:\/\/www.radiopiu.net\/wordpress\/wp-content\/uploads\/2023\/06\/351522842_3528040424108649_6719715077114060551_n.jpg 1066w\" sizes=\"auto, (max-width: 300px) 100vw, 300px\" \/><\/a>\n\t\t\t\t<\/dt><\/dl><br style=\"clear: both\" \/>\n\t\t\t<\/div>\n\n<p>&nbsp;<\/p>\n<p><strong>LE CLASSIFICHE <a href=\"https:\/\/sportdolomiti.it\/4pasindoi_classifiche_23\">CLICCA QUI<\/a><\/strong><\/p>\n<p>&nbsp;<\/p>\n<p><strong>LE DIRETTE RADIO PIU&#8217;<\/strong><\/p>\n<blockquote class=\"wp-embedded-content\" data-secret=\"9gkFcU7KQU\"><p><a href=\"https:\/\/www.radiopiu.net\/wordpress\/il-giorno-della-4-pas-in-doi-la-diretta\/\">IL GIORNO DELLA 4 PAS IN DOI &#8211; LA DIRETTA<\/a><\/p><\/blockquote>\n<p><iframe loading=\"lazy\" class=\"wp-embedded-content\" sandbox=\"allow-scripts\" security=\"restricted\" style=\"position: absolute; clip: rect(1px, 1px, 1px, 1px);\" title=\"&#8220;IL GIORNO DELLA 4 PAS IN DOI &#8211; LA DIRETTA&#8221; &#8212; Radio Pi\u00f9\" src=\"https:\/\/www.radiopiu.net\/wordpress\/il-giorno-della-4-pas-in-doi-la-diretta\/embed\/#?secret=yH0UQRSuNC#?secret=9gkFcU7KQU\" data-secret=\"9gkFcU7KQU\" width=\"600\" height=\"338\" frameborder=\"0\" marginwidth=\"0\" marginheight=\"0\" scrolling=\"no\"><\/iframe><\/p>\n<p>&nbsp;<\/p>\n<hr \/>\n<p>&nbsp;<\/p>\n<blockquote>\n<h3>IL RITORNO DI UNA GRANDE ASTRID MIOLA<\/h3>\n<\/blockquote>\n<blockquote>\n<div dir=\"auto\"><em><a class=\"dt-pswp-item\" href=\"https:\/\/www.radiopiu.net\/wordpress\/wp-content\/uploads\/2023\/06\/351142996_3370538819922902_7080259102995827625_n-1.jpg\" data-dt-img-description=\"\" data-large_image_width=\"526\" data-large_image_height=\"526\"><img loading=\"lazy\" decoding=\"async\" class=\" wp-image-338903 alignleft\" src=\"https:\/\/www.radiopiu.net\/wordpress\/wp-content\/uploads\/2023\/06\/351142996_3370538819922902_7080259102995827625_n-1-300x300.jpg\" alt=\"\" width=\"184\" height=\"184\" srcset=\"https:\/\/www.radiopiu.net\/wordpress\/wp-content\/uploads\/2023\/06\/351142996_3370538819922902_7080259102995827625_n-1-300x300.jpg 300w, https:\/\/www.radiopiu.net\/wordpress\/wp-content\/uploads\/2023\/06\/351142996_3370538819922902_7080259102995827625_n-1-150x150.jpg 150w, https:\/\/www.radiopiu.net\/wordpress\/wp-content\/uploads\/2023\/06\/351142996_3370538819922902_7080259102995827625_n-1.jpg 526w\" sizes=\"auto, (max-width: 184px) 100vw, 184px\" \/><\/a>&#8220;La vera vittoria di oggi \u00e8 stata quella di essere riuscita a riprendere un po&#8217; di confidenza con la bici, il resto passa in secondo piano&#8230; anche se s\u00ec, lo ammetto, vincere \u00e8 bello (e con 14 minuti di vantaggio in un xc ancora di pi\u00f9&#8221;\u00a0<\/em><\/div>\n<\/blockquote>\n<div dir=\"auto\"><strong>VIGO DI CADORE<\/strong> In quasi quattrocento ieri a Laggio di Vigo di Cadore per &#8220;Dolomiti XC&#8221; in memoria di Maurizio Da Rin Zanco.\u00a0 \u00a0Le vittorie portano le firme di: Astrid Miola (El Coridor) che, reduce da una brutta caduta a Courmayeur la settimana scorsa in Italia bike cup, si \u00e8 aggiudicata il successo Open donne; Martina De Silvestro (Spiquy team), prima tra le Women1; Nicola Savi (Pavanello Racing team), primo tra i Master 1; Michele Festini Puraln (Spiquy team), primo nella categoria Master 4. Sul secondo gradino del podio sono saliti Davide Mancin Majoni (Bike Pro Action, MasterElite), Mauro Scagliarini (Bettini bike team, Master 5), Ivo Savi (Bettini bike team, Master 8), Elia Mares (Gc Montegrappa, Juniores), Rosita Turra (Pedale Feltrino, Juniores) e Alessandro Zandegiacomo (El Coridor, Master 4). Il terzo posto, infine, \u00e8 stato appannaggio di Alessia Rossa (Pedale Feltrino, Under), Stefano Fratta (Spiquy team, Master 3), Marco Agricola (Four Es, Master 4) e Simone De Bona (Cube Crazy Victoria Bike, Master Elite).<\/div>\n<div dir=\"auto\"><\/div>\n<div dir=\"auto\"><\/div>\n<p>&nbsp;<\/p>\n<p>&nbsp;<\/p>\n<p>&nbsp;<\/p>\n<hr \/>\n<p>&nbsp;<\/p>\n<p><span style=\"color: #0000ff;\"><strong>NUOTO<\/strong><\/span><\/p>\n<blockquote>\n<h3>SPORTIVAMENTE BELLUNO UNDICESIMA ASSOLUTA AL TROFEO ALBERTO CASTAGNETTI<\/h3>\n<\/blockquote>\n<p><strong><a class=\"dt-pswp-item\" href=\"https:\/\/www.radiopiu.net\/wordpress\/wp-content\/uploads\/2023\/06\/Anna_Simon_sul_podio.jpg\" data-dt-img-description=\"\" data-large_image_width=\"603\" data-large_image_height=\"640\"><img loading=\"lazy\" decoding=\"async\" class=\" wp-image-338829 alignleft\" src=\"https:\/\/www.radiopiu.net\/wordpress\/wp-content\/uploads\/2023\/06\/Anna_Simon_sul_podio-283x300.jpg\" alt=\"\" width=\"184\" height=\"195\" srcset=\"https:\/\/www.radiopiu.net\/wordpress\/wp-content\/uploads\/2023\/06\/Anna_Simon_sul_podio-283x300.jpg 283w, https:\/\/www.radiopiu.net\/wordpress\/wp-content\/uploads\/2023\/06\/Anna_Simon_sul_podio.jpg 603w\" sizes=\"auto, (max-width: 184px) 100vw, 184px\" \/><\/a>BELLUNO <\/strong>Al Trofeo Alberto Castagnetti, la Sportivamente Belluno si ritaglia un ruolo di assoluto rilievo. E lo fa con gli atleti Finp, Esordienti e di categoria. Alla fine, matura un undicesimo posto nella classifica generale davvero da applausi. Entrando nelle pieghe del weekend veronese, brilla il il terzo posto nei 100 rana (1\u201920\u201d79) di Anna Simon. La quale sfiora il podio nei 50 stile (27\u201d98), arrivando a soli 4 centesimi dal tempo degli Italiani. Non \u00e8 da meno il compagno di squadra Filippo Monestier: terzo nei 50 delfino (26\u201d9) e 50 stile (24\u201d6), mentre nei 200 stile, col tempo di 1\u201959\u201d3, sfiora per 4 decimi il pass per Roma. Migliorano pure Sara Sommacal nei 50 delfino (30\u201d7), Elisa Petten\u00f2 nei 100 dorso (1\u201907\u201d6) e nei 50 stile (27\u201d8), e Giacomo Bianchini nei 100 dorso (1\u201908\u201d7). Ottime anche le prove degli atleti Finp: Daniela Belletti, Eleonora Dal Paos. E Nicol\u00f2 Guido Pierni, premiato assieme ad altri ragazzi per le migliori prestazioni tecniche della competizione. Per quanto riguarda gli Esordienti B, nonostante la pioggia battente i piccoli non si sono scoraggiati e hanno timbrato risultati e tempi di tutto rispetto: con Rodolfo Zanon nei 50 (36&#8243;55) e 100 stile (1\u201918\u201d56) ed Elisa Thomas nei 100 stile (1\u201929\u201d56), mentre Alessandro Morra riesce a primeggiare nei 50 stile col tempo di 31\u201d8. Partecipa alla classifica generale a squadre anche Laura Ivessa, che porta a casa punti importanti nei 50 e 100 stile. Nel pomeriggio, torna il sole sulla piscina olimpica del Centro federale di Verona. E a tuffarsi in acqua sono gli Esordienti A, che conquistano un bellissimo argento nei 100 rana con Vincenzo Iuliano (1\u201919\u201d94): risultato poi bissato nei 50 rana, chiusi in 37\u201d35. Crescono, inoltre, Mario Dalla Riva nei 50 dorso (36\u201d54), Niccol\u00f2 Longi e Beatrice Mezzacasa nei 100 rana, Alex Brianti, Marta De Min nei 100 stile libero, Federico Nerviani e Mattia Don\u00e0 nei 50 stile libero, Camilla Fistarol e Samuele Sommacal nei 100 delfino (1\u201925\u201d19 e 1\u201920\u201d47). Di spessore anche le prove nei 100 dorso di Niccol\u00f2 Longi (1\u201918\u201d13), Mattia Don\u00e0 (1\u201918\u201d30), Mario Dalla Riva (1\u201920\u201d31) e Beatrice Mezzacasa (1\u201923\u201d74), E, nei 200 misti, di Marta De Min, Dora Bortoluzzi, Alex Brianti e Federico Nerviani capaci di migliorare il personale di vasca corta. \u00abNonostante le difficolt\u00e0 di nuotare in vasca lunga e all\u2019aperto &#8211; commenta il tecnico Daniela Piermarini &#8211; i ragazzi si sono difesi alla grande. Ora non resta che prepararci al prossimo appuntamento, fra due settimane, quando i nostri atleti esordienti gareggeranno al Trofeo Canova Sport di Monselice\u00bb.<\/p>\n<p>&nbsp;<\/p>\n<p>&nbsp;<\/p>\n<blockquote class=\"wp-embedded-content\" data-secret=\"GKXw3MgveR\"><p><a href=\"https:\/\/www.radiopiu.net\/wordpress\/william-da-roit-in-islanda-per-la-runiceland\/\">WILLIAM DA ROIT IN ISLANDA PER LA RUNICELAND<\/a><\/p><\/blockquote>\n<p><iframe loading=\"lazy\" class=\"wp-embedded-content\" sandbox=\"allow-scripts\" security=\"restricted\" style=\"position: absolute; clip: rect(1px, 1px, 1px, 1px);\" title=\"&#8220;WILLIAM DA ROIT IN ISLANDA PER LA RUNICELAND&#8221; &#8212; Radio Pi\u00f9\" src=\"https:\/\/www.radiopiu.net\/wordpress\/william-da-roit-in-islanda-per-la-runiceland\/embed\/#?secret=AxRsXv8Ij5#?secret=GKXw3MgveR\" data-secret=\"GKXw3MgveR\" width=\"600\" height=\"338\" frameborder=\"0\" marginwidth=\"0\" marginheight=\"0\" scrolling=\"no\"><\/iframe><\/p>\n<\/div>\n<\/div>\n","protected":false},"excerpt":{"rendered":"<p>ISCRIVITI AL NOSTRO CANALE\u00a0 YOUTUBE PER SEGUIRE IN DIRETTA I PRINCIPALI PROGRAMMI DI RADIO PIU&#8217; E LE FUTURE DIRETTE IN ESTERNA. PER ISCRIVERTI CLICCA QUI E PREMI\u00a0 &#8220;Iscriviti&#8221;\u00a0 \u00a0 &nbsp; &nbsp; &nbsp; PROVINCIALE 26, VOLTAGO-RIVAMONTE CHIUSA PER QUATTRO GIORNI AGGIORNAMENTO QUOTIDIANO, IN\u00a0 COLLABORAZIONE CON VENETO STRADE SP 26 DI DIGOMAN localit\u00e0 Voltago, fino all&#8217;8 giugno&hellip;<\/p>\n","protected":false},"author":4,"featured_media":338888,"comment_status":"closed","ping_status":"closed","sticky":false,"template":"","format":"standard","meta":{"_monsterinsights_skip_tracking":false,"_monsterinsights_sitenote_active":false,"_monsterinsights_sitenote_note":"","_monsterinsights_sitenote_category":0,"footnotes":""},"categories":[51,86,49],"tags":[],"class_list":["post-338620","post","type-post","status-publish","format-standard","has-post-thumbnail","hentry","category-evidenza-top","category-gr","category-news-18","category-51","category-86","category-49","description-off"],"img_url":"https:\/\/www.radiopiu.net\/wordpress\/wp-content\/uploads\/2023\/06\/34e99bda-6237-45d1-a218-2112c634ee15.jpg","_links":{"self":[{"href":"https:\/\/www.radiopiu.net\/wordpress\/wp-json\/wp\/v2\/posts\/338620","targetHints":{"allow":["GET"]}}],"collection":[{"href":"https:\/\/www.radiopiu.net\/wordpress\/wp-json\/wp\/v2\/posts"}],"about":[{"href":"https:\/\/www.radiopiu.net\/wordpress\/wp-json\/wp\/v2\/types\/post"}],"author":[{"embeddable":true,"href":"https:\/\/www.radiopiu.net\/wordpress\/wp-json\/wp\/v2\/users\/4"}],"replies":[{"embeddable":true,"href":"https:\/\/www.radiopiu.net\/wordpress\/wp-json\/wp\/v2\/comments?post=338620"}],"version-history":[{"count":0,"href":"https:\/\/www.radiopiu.net\/wordpress\/wp-json\/wp\/v2\/posts\/338620\/revisions"}],"wp:featuredmedia":[{"embeddable":true,"href":"https:\/\/www.radiopiu.net\/wordpress\/wp-json\/wp\/v2\/media\/338888"}],"wp:attachment":[{"href":"https:\/\/www.radiopiu.net\/wordpress\/wp-json\/wp\/v2\/media?parent=338620"}],"wp:term":[{"taxonomy":"category","embeddable":true,"href":"https:\/\/www.radiopiu.net\/wordpress\/wp-json\/wp\/v2\/categories?post=338620"},{"taxonomy":"post_tag","embeddable":true,"href":"https:\/\/www.radiopiu.net\/wordpress\/wp-json\/wp\/v2\/tags?post=338620"}],"curies":[{"name":"wp","href":"https:\/\/api.w.org\/{rel}","templated":true}]}}