{"id":338729,"date":"2023-06-03T19:57:04","date_gmt":"2023-06-03T17:57:04","guid":{"rendered":"https:\/\/www.radiopiu.net\/wordpress\/?p=338729"},"modified":"2023-06-03T19:57:04","modified_gmt":"2023-06-03T17:57:04","slug":"soccorso-alpino-impegnato-a-cortina-ed-auronzo","status":"publish","type":"post","link":"https:\/\/www.radiopiu.net\/wordpress\/soccorso-alpino-impegnato-a-cortina-ed-auronzo\/","title":{"rendered":"SOCCORSO ALPINO IMPEGNATO A CORTINA ED AURONZO"},"content":{"rendered":"<p><strong><a class=\"dt-pswp-item\" href=\"https:\/\/www.radiopiu.net\/wordpress\/wp-content\/uploads\/2022\/07\/salt_20220725_132211_968.jpg\" data-dt-img-description=\"\" data-large_image_width=\"2364\" data-large_image_height=\"1773\"><img loading=\"lazy\" decoding=\"async\" class=\" wp-image-289179 alignleft\" src=\"https:\/\/www.radiopiu.net\/wordpress\/wp-content\/uploads\/2022\/07\/salt_20220725_132211_968-300x225.jpg\" alt=\"\" width=\"199\" height=\"149\" srcset=\"https:\/\/www.radiopiu.net\/wordpress\/wp-content\/uploads\/2022\/07\/salt_20220725_132211_968-300x225.jpg 300w, https:\/\/www.radiopiu.net\/wordpress\/wp-content\/uploads\/2022\/07\/salt_20220725_132211_968-1024x768.jpg 1024w, https:\/\/www.radiopiu.net\/wordpress\/wp-content\/uploads\/2022\/07\/salt_20220725_132211_968-768x576.jpg 768w, https:\/\/www.radiopiu.net\/wordpress\/wp-content\/uploads\/2022\/07\/salt_20220725_132211_968-1536x1152.jpg 1536w, https:\/\/www.radiopiu.net\/wordpress\/wp-content\/uploads\/2022\/07\/salt_20220725_132211_968-2048x1536.jpg 2048w\" sizes=\"auto, (max-width: 199px) 100vw, 199px\" \/><\/a>CORTINA <\/strong>Verso le 16.30 il Soccorso alpino di Cortina \u00e8 stato attivato, per una famiglia polacca in difficolt\u00e0 lungo il Sentiero attrezzato dei Kaiserj\u00e4ger. Pap\u00e0, mamma, assieme ai due figli di 8 e 11 anni, erano infatti arrivati in un punto dove i cavi erano nascosti dalla neve e non se la sentivano di proseguire per non mettere i bambini in situazione di rischio. I quattro sono stati raggiunti dai soccorritori con il Soccorso alpino della Guardia di finanza. Una volta assicurati per superare il tratto impegnativo, sono poi stati accompagnati fino agli impianti.<\/p>\n<p><strong>AURONZO <\/strong>Una squadra del Soccorso alpino di Auronzo \u00e8 intervenuta in fuoristrada sul sentiero 105, sotto le Tre Cime di Lavaredo, in aiuto di due escursioniste di 56 e 48 anni di Cosenza, che, affaticate, non riuscivano pi\u00f9 a proseguire e sono state trasportate al Rifugio Auronzo.<\/p>\n<p>&nbsp;<\/p>\n<p>&nbsp;<\/p>\n<p>*****<\/p>\n","protected":false},"excerpt":{"rendered":"<p>CORTINA Verso le 16.30 il Soccorso alpino di Cortina \u00e8 stato attivato, per una famiglia polacca in difficolt\u00e0 lungo il Sentiero attrezzato dei Kaiserj\u00e4ger. Pap\u00e0, mamma, assieme ai due figli di 8 e 11 anni, erano infatti arrivati in un punto dove i cavi erano nascosti dalla neve e non se la sentivano di proseguire&hellip;<\/p>\n","protected":false},"author":4,"featured_media":289179,"comment_status":"closed","ping_status":"closed","sticky":false,"template":"","format":"standard","meta":{"_monsterinsights_skip_tracking":false,"_monsterinsights_sitenote_active":false,"_monsterinsights_sitenote_note":"","_monsterinsights_sitenote_category":0,"footnotes":""},"categories":[51,49],"tags":[],"class_list":["post-338729","post","type-post","status-publish","format-standard","has-post-thumbnail","hentry","category-evidenza-top","category-news-18","category-51","category-49","description-off"],"img_url":"https:\/\/www.radiopiu.net\/wordpress\/wp-content\/uploads\/2022\/07\/salt_20220725_132211_968.jpg","_links":{"self":[{"href":"https:\/\/www.radiopiu.net\/wordpress\/wp-json\/wp\/v2\/posts\/338729","targetHints":{"allow":["GET"]}}],"collection":[{"href":"https:\/\/www.radiopiu.net\/wordpress\/wp-json\/wp\/v2\/posts"}],"about":[{"href":"https:\/\/www.radiopiu.net\/wordpress\/wp-json\/wp\/v2\/types\/post"}],"author":[{"embeddable":true,"href":"https:\/\/www.radiopiu.net\/wordpress\/wp-json\/wp\/v2\/users\/4"}],"replies":[{"embeddable":true,"href":"https:\/\/www.radiopiu.net\/wordpress\/wp-json\/wp\/v2\/comments?post=338729"}],"version-history":[{"count":0,"href":"https:\/\/www.radiopiu.net\/wordpress\/wp-json\/wp\/v2\/posts\/338729\/revisions"}],"wp:featuredmedia":[{"embeddable":true,"href":"https:\/\/www.radiopiu.net\/wordpress\/wp-json\/wp\/v2\/media\/289179"}],"wp:attachment":[{"href":"https:\/\/www.radiopiu.net\/wordpress\/wp-json\/wp\/v2\/media?parent=338729"}],"wp:term":[{"taxonomy":"category","embeddable":true,"href":"https:\/\/www.radiopiu.net\/wordpress\/wp-json\/wp\/v2\/categories?post=338729"},{"taxonomy":"post_tag","embeddable":true,"href":"https:\/\/www.radiopiu.net\/wordpress\/wp-json\/wp\/v2\/tags?post=338729"}],"curies":[{"name":"wp","href":"https:\/\/api.w.org\/{rel}","templated":true}]}}