{"id":338775,"date":"2023-06-05T13:30:44","date_gmt":"2023-06-05T11:30:44","guid":{"rendered":"https:\/\/www.radiopiu.net\/wordpress\/?p=338775"},"modified":"2023-06-04T11:47:50","modified_gmt":"2023-06-04T09:47:50","slug":"i-racconti-di-paolo-soppelsa-puntata-179","status":"publish","type":"post","link":"https:\/\/www.radiopiu.net\/wordpress\/i-racconti-di-paolo-soppelsa-puntata-179\/","title":{"rendered":"I RACCONTI DI PAOLO SOPPELSA &#8211; PUNTATA 179"},"content":{"rendered":"<p><strong>LA PRIMA VOLTA A ERTO<\/strong><\/p>\n<p><strong>AUDIO<\/strong><\/p>\n<audio class=\"wp-audio-shortcode\" id=\"audio-338775-1\" preload=\"none\" style=\"width: 100%;\" controls=\"controls\"><source type=\"audio\/mpeg\" src=\"https:\/\/www.radiopiu.net\/wordpress\/wp-content\/uploads\/2023\/06\/PAOLO-SOPPELSA-LA-PRIMA-VOLTA-A-ERTO.mp3?_=1\" \/><a href=\"https:\/\/www.radiopiu.net\/wordpress\/wp-content\/uploads\/2023\/06\/PAOLO-SOPPELSA-LA-PRIMA-VOLTA-A-ERTO.mp3\">https:\/\/www.radiopiu.net\/wordpress\/wp-content\/uploads\/2023\/06\/PAOLO-SOPPELSA-LA-PRIMA-VOLTA-A-ERTO.mp3<\/a><\/audio>\n<p>&nbsp;<\/p>\n<p><a class=\"dt-pswp-item\" href=\"https:\/\/www.radiopiu.net\/wordpress\/wp-content\/uploads\/2023\/06\/1d657147-ef22-4f5b-8199-c00a41f8f736.jpg\" data-dt-img-description=\"\" data-large_image_width=\"1600\" data-large_image_height=\"1200\"><img loading=\"lazy\" decoding=\"async\" class=\" wp-image-338777 alignleft\" src=\"https:\/\/www.radiopiu.net\/wordpress\/wp-content\/uploads\/2023\/06\/1d657147-ef22-4f5b-8199-c00a41f8f736-300x225.jpg\" alt=\"\" width=\"188\" height=\"141\" srcset=\"https:\/\/www.radiopiu.net\/wordpress\/wp-content\/uploads\/2023\/06\/1d657147-ef22-4f5b-8199-c00a41f8f736-300x225.jpg 300w, https:\/\/www.radiopiu.net\/wordpress\/wp-content\/uploads\/2023\/06\/1d657147-ef22-4f5b-8199-c00a41f8f736-1024x768.jpg 1024w, https:\/\/www.radiopiu.net\/wordpress\/wp-content\/uploads\/2023\/06\/1d657147-ef22-4f5b-8199-c00a41f8f736-768x576.jpg 768w, https:\/\/www.radiopiu.net\/wordpress\/wp-content\/uploads\/2023\/06\/1d657147-ef22-4f5b-8199-c00a41f8f736-1536x1152.jpg 1536w, https:\/\/www.radiopiu.net\/wordpress\/wp-content\/uploads\/2023\/06\/1d657147-ef22-4f5b-8199-c00a41f8f736.jpg 1600w\" sizes=\"auto, (max-width: 188px) 100vw, 188px\" \/><\/a>Fu esattamente alla met\u00e0 degli anni &#8217;90 che mi recai per la prima volta ad Erto. Non ricordo quale fu il motivo preciso che spinse tre amici a far visita al paese situato a mezza costa nella valle del Vajont. A quel tempo un alone di malinconico silenzio avvolgeva l&#8217;intera triste vicenda che riguardava la grande tragedia che colp\u00ec Longarone ed Erto. La splendida e toccante Orazione Civile di Marco Paolini sarebbe stata trasmessa due anni dopo e internet era ancora un qualcosa di primordiale e quasi sconosciuto, pertanto non era semplice, allora, carpire informazioni in merito a questo drammatico evento che segn\u00f2 per sempre la vita di troppe persone. Noi, del Vajont, a quei tempi sapevamo che una enorme frana era caduta nel lago artificiale, che la diga per altezza era fra le prime al mondo e che i morti erano stati quasi duemila. Partimmo cos\u00ec, curiosi e quasi totalmente ignoranti in materia, alla volta della diga del Vajont e poi di Erto, un paese di cui conoscevamo solamente il nome. La Uno verde sal\u00ec spedita lungo gli ampi tornanti della strada che sale da Codissago fino al momento in cui trov\u00f2 la luce rossa del semaforo a fermare la sua corsa. La galleria scavata nella viva roccia era un budello buio; niente lampade arancioni come quelle della galleria delle Anime a Cencenighe, solo un buco nero illuminato dai fari stanchi della Uno che procedeva con la dovuta circospezione nonostante il momentaneo senso unico indotto dal semaforo. All&#8217;uscita trovammo la diga alla nostra destra, e la prima visione di quel muro chiaro e ricurvo in tutte le direzioni ci ammutol\u00ec. Eppure avevo visto altre dighe presenti in provincia, quella del Mis ad esempio, oppure la sua quasi gemella di Pontesei in Val di Zoldo; erano opere imponenti, ma al cospetto di quella che ora avevamo di fronte, apparivano come delle miniature. Parcheggiammo alla meglio e poi guardammo gi\u00f9 nella gola, la visione era da autentica vertigine e non riuscimmo a vedere nemmeno il piede della diga che sembrava scendere all&#8217;infinito in quell&#8217;abisso di nuda roccia. Dopo qualche minuto ripartimmo alla volta di Erto; parcheggiammo nei pressi del cimitero all&#8217;entrata del paese vecchio e poi ci incamminammo lungo la strada che taglia in due il borgo. Ricordo le case alte con le finestre piccole ornate da perfetti stipiti in pietra, alcune rimesse a nuovo, altre, invece, vittime del trascorrere inesorabile del tempo. Guardammo attraverso alcune finestre ormai prive dei vetri e vedemmo travi ricurvi, solai sfondati, antichi focolari che da decenni non riscaldavano pi\u00f9 anime e stanze. Continuammo la nostra visita discreta fra le case senza incontrare nessuno lungo il nostro percorso; ricordo il silenzio e il muschio che rinverdiva gli antichi selciati, gli stretti viottoli che si diramavano dalla via principale salendo lungo il pendio e, dall&#8217;altro lato, scendendo verso ci\u00f2 che rimaneva del grande lago artificiale. Giunti al termine del borgo guardammo in alto e scorgemmo il paese nuovo, quello ricostruito dopo la catastrofe. Salimmo una lunga scalinata in cemento e ci inoltrammo fra gli edifici anch&#8217;essi costruiti in cemento armato; in pochi minuti eravamo passati dall&#8217;antico al moderno, ed era strano camminare lungo quelle vie asfaltate che sapevano di quasi citt\u00e0. Poi entrammo in bar per bere qualcosa e fu in quell&#8217;occasione che, per la prima volta, potei ascoltare la parlata ertana e, nonostante quel ladino dolomitico duro, parecchio diverso dal mio dialetto agordino, riuscii a capire quasi tutto ci\u00f2 che dicevano i pochi avventori che fra una parola e l&#8217;altra ci osservavano con la giusta curiosit\u00e0. Ci fermammo poco, poi prendemmo la via del ritorno fermandoci appena qualche minuto ad osservare alcuni free climber impegnati lungo le difficili vie della famosa palestra di roccia. Termin\u00f2 cos\u00ec la nostra prima visita al paese di Erto, e per me fu la prima di tante perch\u00e9 in quel giorno ormai lontano, questi luoghi mi entrarono subito nel cuore.<\/p>\n<p>&nbsp;<\/p>\n<p>&nbsp;<\/p>\n<p>******<\/p>\n","protected":false},"excerpt":{"rendered":"<p>LA PRIMA VOLTA A ERTO AUDIO &nbsp; Fu esattamente alla met\u00e0 degli anni &#8217;90 che mi recai per la prima volta ad Erto. Non ricordo quale fu il motivo preciso che spinse tre amici a far visita al paese situato a mezza costa nella valle del Vajont. A quel tempo un alone di malinconico silenzio&hellip;<\/p>\n","protected":false},"author":4,"featured_media":338777,"comment_status":"closed","ping_status":"closed","sticky":false,"template":"","format":"standard","meta":{"_monsterinsights_skip_tracking":false,"_monsterinsights_sitenote_active":false,"_monsterinsights_sitenote_note":"","_monsterinsights_sitenote_category":0,"footnotes":""},"categories":[49,112],"tags":[],"class_list":["post-338775","post","type-post","status-publish","format-standard","has-post-thumbnail","hentry","category-news-18","category-racconti-soppelsa","category-49","category-112","description-off"],"img_url":"https:\/\/www.radiopiu.net\/wordpress\/wp-content\/uploads\/2023\/06\/1d657147-ef22-4f5b-8199-c00a41f8f736.jpg","_links":{"self":[{"href":"https:\/\/www.radiopiu.net\/wordpress\/wp-json\/wp\/v2\/posts\/338775","targetHints":{"allow":["GET"]}}],"collection":[{"href":"https:\/\/www.radiopiu.net\/wordpress\/wp-json\/wp\/v2\/posts"}],"about":[{"href":"https:\/\/www.radiopiu.net\/wordpress\/wp-json\/wp\/v2\/types\/post"}],"author":[{"embeddable":true,"href":"https:\/\/www.radiopiu.net\/wordpress\/wp-json\/wp\/v2\/users\/4"}],"replies":[{"embeddable":true,"href":"https:\/\/www.radiopiu.net\/wordpress\/wp-json\/wp\/v2\/comments?post=338775"}],"version-history":[{"count":0,"href":"https:\/\/www.radiopiu.net\/wordpress\/wp-json\/wp\/v2\/posts\/338775\/revisions"}],"wp:featuredmedia":[{"embeddable":true,"href":"https:\/\/www.radiopiu.net\/wordpress\/wp-json\/wp\/v2\/media\/338777"}],"wp:attachment":[{"href":"https:\/\/www.radiopiu.net\/wordpress\/wp-json\/wp\/v2\/media?parent=338775"}],"wp:term":[{"taxonomy":"category","embeddable":true,"href":"https:\/\/www.radiopiu.net\/wordpress\/wp-json\/wp\/v2\/categories?post=338775"},{"taxonomy":"post_tag","embeddable":true,"href":"https:\/\/www.radiopiu.net\/wordpress\/wp-json\/wp\/v2\/tags?post=338775"}],"curies":[{"name":"wp","href":"https:\/\/api.w.org\/{rel}","templated":true}]}}