{"id":338930,"date":"2023-06-05T07:55:21","date_gmt":"2023-06-05T05:55:21","guid":{"rendered":"https:\/\/www.radiopiu.net\/wordpress\/?p=338930"},"modified":"2023-06-05T08:00:11","modified_gmt":"2023-06-05T06:00:11","slug":"alle-otto-del-mattino-da-40-anni-alla-radio-la-rassegna-stampa-locale","status":"publish","type":"post","link":"https:\/\/www.radiopiu.net\/wordpress\/alle-otto-del-mattino-da-40-anni-alla-radio-la-rassegna-stampa-locale\/","title":{"rendered":"ALLE OTTO DEL MATTINO DA 40 ANNI ALLA RADIO: LA RASSEGNA STAMPA LOCALE"},"content":{"rendered":"<p>&nbsp;<\/p>\n<blockquote class=\"wp-embedded-content\" data-secret=\"6LSrLYd85F\"><p><a href=\"https:\/\/www.radiopiu.net\/wordpress\/alle-otto-del-mattino-da-40-anni-alla-radio-la-rassegna-stampa-locale\/\">ALLE OTTO DEL MATTINO DA 40 ANNI ALLA RADIO: LA RASSEGNA STAMPA LOCALE<\/a><\/p><\/blockquote>\n<p><iframe loading=\"lazy\" class=\"wp-embedded-content\" sandbox=\"allow-scripts\" security=\"restricted\" style=\"position: absolute; clip: rect(1px, 1px, 1px, 1px);\" title=\"&#8220;ALLE OTTO DEL MATTINO DA 40 ANNI ALLA RADIO: LA RASSEGNA STAMPA LOCALE&#8221; &#8212; Radio Pi\u00f9\" src=\"https:\/\/www.radiopiu.net\/wordpress\/alle-otto-del-mattino-da-40-anni-alla-radio-la-rassegna-stampa-locale\/embed\/#?secret=VpeNz38XeQ#?secret=6LSrLYd85F\" data-secret=\"6LSrLYd85F\" width=\"600\" height=\"338\" frameborder=\"0\" marginwidth=\"0\" marginheight=\"0\" scrolling=\"no\"><\/iframe><\/p>\n<p>&nbsp;<\/p>\n<p><strong>SEDICO<\/strong> Auto centrata da un masso lungo la regionale 203 agordina, per miracolo salva un&#8217;intera famiglia, padre, madre e due figli piccoli. Spavento inenerrabile. &#8220;Ma siamo vivi, conta questo&#8221; il commento del pap\u00e0.<br \/>\n<strong>CORTINA<\/strong> famiglia polacca in difficolt\u00e0 lungo il Sentiero attrezzato dei Kaiserj\u00e4ger. Pap\u00e0, mamma, assieme ai due figli di 8 e 11 anni, sono stati raggiunti dai soccorritori con il Soccorso alpino della Guardia di finanza E accompagnati fino agli impianti.<br \/>\n<strong>COMELICO<\/strong> Lacrime per la scomparsa di Toio, Classe 1946, Vittorio Carbogno era pensionato, dopo aver lavorato una vita come artigiano imbianchino. Lascia la moglie Wanda, i figli Simonetta e Mirco e 7 nipoti. I funerali nella chiesa di Padola mercoled\u00ec alle 14, 30<br \/>\n<strong>BELLUNO\u00a0<\/strong> \u00a0Alessandra De aveva 55 anni ed era la titolare di Le Papier, il laboratorio artigianale a Ponte nelle Alpi. Soffriva di un male incurabile.\u00a0 Lascia il marito Emanuele e i figli Riccardo, Beatrice ed Enrico. I funerali si svolgono oggi pomeriggio alle 15, nella chiesa parrocchiale di Polpet.<br \/>\n<strong>VOLTAGO<\/strong> La SP 26 di Digoman sar\u00e0 interessata da una chiusura tra le 17:30 di oggi e le 7:30 di domani. Interdizione totale alla circolazione stradale si legge sul comunicato di Veneto Strade. La chiusura interesser\u00e0 un tratto di strada di 200 metri in comune di Voltago.<br \/>\n<strong>BELLUNO<\/strong> Ieri si \u00e8 svolta la giornata nazionale dello sport, istituita a livello nazionale per sensibilizzare sull\u2019importanza dello sport e dell\u2019attivit\u00e0 fisica. L\u2019Ulss Dolomiti \u00e8 impegnata nella promozione dell\u2019attivit\u00e0 fisica, come principio cardine di uno stile di vita salutare, per tutte le fasce d\u2019et\u00e0<br \/>\n<strong>BELLUNO<\/strong> Per la terza volta, l\u2019Unit\u00e0 Operativa di Gastroenterologia ed Endoscopia Digestiva dell\u2019Ospedale San Martino di Belluno ha ottenuto l\u2019accreditamento come centro di eccellenza per la gastroenterologia ed l\u2019 endoscopia digestiva<br \/>\n<strong>BELLUNO<\/strong> Piano varato dalla Provincia nel 2021 a sostegno del settore lattiero-caseario. Nei giorni scorsi il progetto si \u00e8 concluso, con la rendicontazione di tutti gli interventi. La cifra finale oltre 1,2 milioni di euro a favore delle piccole latterie.<br \/>\n<strong>AGORDO\u00a0<\/strong> Il Coni Belluno si propone ad Agordo con la\u00a0 &#8220;Giornata nazionale dello sport&#8221; e consegna le targhe ai centri Coni del bellunese<br \/>\n<strong>CALCIO A 5<\/strong> PER LA CANOTTIERI BELLUNO E&#8217; PROMOZIONE IN A2<br \/>\n<strong>CALCIO<\/strong> NESSUN PAREGGIO NELLA PRIMA GIORNATA DEL MEMORIAL ATTILIO MORETTI. A SORPRESA GOSALDO E TAIBON PERDONO<br \/>\n<strong>CORSA IN MONTAGNA<\/strong> LA COPPIA BARATTIN-BONATI SI AGGIUDICA LA 4 PAS IN DOI 2023<br \/>\n<strong>MTB<\/strong> IL RITORNO DI UNA GRANDE ASTRID MIOLA<br \/>\n<strong>NUOTO<\/strong> SPORTIVAMENTE BELLUNO UNDICESIMA ASSOLUTA AL TROFEO ALBERTO CASTAGNETTI<\/p>\n","protected":false},"excerpt":{"rendered":"<p>&nbsp; ALLE OTTO DEL MATTINO DA 40 ANNI ALLA RADIO: LA RASSEGNA STAMPA LOCALE &nbsp; SEDICO Auto centrata da un masso lungo la regionale 203 agordina, per miracolo salva un&#8217;intera famiglia, padre, madre e due figli piccoli. Spavento inenerrabile. &#8220;Ma siamo vivi, conta questo&#8221; il commento del pap\u00e0. CORTINA famiglia polacca in difficolt\u00e0 lungo il&hellip;<\/p>\n","protected":false},"author":4,"featured_media":338908,"comment_status":"closed","ping_status":"closed","sticky":false,"template":"","format":"standard","meta":{"_monsterinsights_skip_tracking":false,"_monsterinsights_sitenote_active":false,"_monsterinsights_sitenote_note":"","_monsterinsights_sitenote_category":0,"footnotes":""},"categories":[104,49,142],"tags":[],"class_list":["post-338930","post","type-post","status-publish","format-standard","has-post-thumbnail","hentry","category-evidenza_3","category-news-18","category-rassegna-stampa","category-104","category-49","category-142","description-off"],"img_url":"https:\/\/www.radiopiu.net\/wordpress\/wp-content\/uploads\/2023\/06\/COPE.png","_links":{"self":[{"href":"https:\/\/www.radiopiu.net\/wordpress\/wp-json\/wp\/v2\/posts\/338930","targetHints":{"allow":["GET"]}}],"collection":[{"href":"https:\/\/www.radiopiu.net\/wordpress\/wp-json\/wp\/v2\/posts"}],"about":[{"href":"https:\/\/www.radiopiu.net\/wordpress\/wp-json\/wp\/v2\/types\/post"}],"author":[{"embeddable":true,"href":"https:\/\/www.radiopiu.net\/wordpress\/wp-json\/wp\/v2\/users\/4"}],"replies":[{"embeddable":true,"href":"https:\/\/www.radiopiu.net\/wordpress\/wp-json\/wp\/v2\/comments?post=338930"}],"version-history":[{"count":0,"href":"https:\/\/www.radiopiu.net\/wordpress\/wp-json\/wp\/v2\/posts\/338930\/revisions"}],"wp:featuredmedia":[{"embeddable":true,"href":"https:\/\/www.radiopiu.net\/wordpress\/wp-json\/wp\/v2\/media\/338908"}],"wp:attachment":[{"href":"https:\/\/www.radiopiu.net\/wordpress\/wp-json\/wp\/v2\/media?parent=338930"}],"wp:term":[{"taxonomy":"category","embeddable":true,"href":"https:\/\/www.radiopiu.net\/wordpress\/wp-json\/wp\/v2\/categories?post=338930"},{"taxonomy":"post_tag","embeddable":true,"href":"https:\/\/www.radiopiu.net\/wordpress\/wp-json\/wp\/v2\/tags?post=338930"}],"curies":[{"name":"wp","href":"https:\/\/api.w.org\/{rel}","templated":true}]}}