{"id":338944,"date":"2023-06-06T05:26:53","date_gmt":"2023-06-06T03:26:53","guid":{"rendered":"https:\/\/www.radiopiu.net\/wordpress\/?p=338944"},"modified":"2023-06-06T05:26:53","modified_gmt":"2023-06-06T03:26:53","slug":"giornale-radiopiu-06-giugno-2023-direttore-mirko-mezzacasaverso-i-40-anni-25-giugno-1983-25-giugno-2023","status":"publish","type":"post","link":"https:\/\/www.radiopiu.net\/wordpress\/giornale-radiopiu-06-giugno-2023-direttore-mirko-mezzacasaverso-i-40-anni-25-giugno-1983-25-giugno-2023\/","title":{"rendered":"GIORNALE RADIOPIU 06 GIUGNO 2023 DIRETTORE MIRKO MEZZACASA\u2026VERSO I 40 ANNI 25 GIUGNO 1983-25 GIUGNO 2023"},"content":{"rendered":"<h2 style=\"text-align: left;\"><span style=\"color: #ff0000;\"><span style=\"vertical-align: inherit;\"><a class=\"dt-pswp-item\" href=\"https:\/\/www.radiopiu.net\/wordpress\/wp-content\/uploads\/2023\/04\/e0aad41d-951e-47b9-9fae-1a879a9bcb7e-1.jpg\" data-dt-img-description=\"\" data-large_image_width=\"1200\" data-large_image_height=\"1200\"><img loading=\"lazy\" decoding=\"async\" class=\"wp-image-333205 aligncenter\" src=\"https:\/\/www.radiopiu.net\/wordpress\/wp-content\/uploads\/2023\/04\/e0aad41d-951e-47b9-9fae-1a879a9bcb7e-1-300x300.jpg\" alt=\"\" width=\"110\" height=\"110\" srcset=\"https:\/\/www.radiopiu.net\/wordpress\/wp-content\/uploads\/2023\/04\/e0aad41d-951e-47b9-9fae-1a879a9bcb7e-1-300x300.jpg 300w, https:\/\/www.radiopiu.net\/wordpress\/wp-content\/uploads\/2023\/04\/e0aad41d-951e-47b9-9fae-1a879a9bcb7e-1-1024x1024.jpg 1024w, https:\/\/www.radiopiu.net\/wordpress\/wp-content\/uploads\/2023\/04\/e0aad41d-951e-47b9-9fae-1a879a9bcb7e-1-150x150.jpg 150w, https:\/\/www.radiopiu.net\/wordpress\/wp-content\/uploads\/2023\/04\/e0aad41d-951e-47b9-9fae-1a879a9bcb7e-1-768x768.jpg 768w, https:\/\/www.radiopiu.net\/wordpress\/wp-content\/uploads\/2023\/04\/e0aad41d-951e-47b9-9fae-1a879a9bcb7e-1.jpg 1200w\" sizes=\"auto, (max-width: 110px) 100vw, 110px\" \/><\/a><\/span><\/span><span style=\"color: #ff0000;\"><span style=\"vertical-align: inherit;\">ISCRIVITI AL NOSTRO CANALE\u00a0 <\/span><\/span><span style=\"vertical-align: inherit;\"> YOUTUBE PER SEGUIRE IN DIRETTA I PRINCIPALI PROGRAMMI DI RADIO PIU&#8217; E LE FUTURE DIRETTE IN ESTERNA. PER ISCRIVERTI <\/span><a style=\"color: #ff0000;\" href=\"https:\/\/youtube.com\/@radiopiu1527\"><span style=\"vertical-align: inherit;\">CLICCA QUI <\/span><\/a><span style=\"color: #ff0000; font-size: 14px; font-weight: normal;\"><span style=\"vertical-align: inherit;\">E PREMI\u00a0 &#8220;Iscriviti&#8221;\u00a0 \u00a0<\/span><\/span><\/h2>\n<p>&nbsp;<\/p>\n<p>&nbsp;<\/p>\n<hr \/>\n<p>&nbsp;<\/p>\n<blockquote>\n<h3>PROVINCIALE 26, VOLTAGO-RIVAMONTE CHIUSA PER QUATTRO GIORNI<\/h3>\n<\/blockquote>\n<blockquote>\n<h3><span style=\"color: #ff0000;\"><a class=\"dt-pswp-item\" href=\"https:\/\/www.radiopiu.net\/wordpress\/wp-content\/uploads\/2020\/05\/VENETO-STRADE.png\" data-dt-img-description=\"\" data-large_image_width=\"400\" data-large_image_height=\"400\"><img loading=\"lazy\" decoding=\"async\" class=\"wp-image-135574 alignleft\" src=\"https:\/\/www.radiopiu.net\/wordpress\/wp-content\/uploads\/2020\/05\/VENETO-STRADE-300x300.png\" alt=\"\" width=\"102\" height=\"102\" srcset=\"https:\/\/www.radiopiu.net\/wordpress\/wp-content\/uploads\/2020\/05\/VENETO-STRADE-300x300.png 300w, https:\/\/www.radiopiu.net\/wordpress\/wp-content\/uploads\/2020\/05\/VENETO-STRADE-150x150.png 150w, https:\/\/www.radiopiu.net\/wordpress\/wp-content\/uploads\/2020\/05\/VENETO-STRADE.png 400w\" sizes=\"auto, (max-width: 102px) 100vw, 102px\" \/><\/a>AGGIORNAMENTO QUOTIDIANO, IN\u00a0 COLLABORAZIONE CON VENETO STRADE<\/span><\/h3>\n<\/blockquote>\n<div class=\"flex-1 overflow-hidden\">\n<div class=\"react-scroll-to-bottom--css-blflc-79elbk h-full dark:bg-gray-800\">\n<div class=\"react-scroll-to-bottom--css-blflc-1n7m0yu\">\n<div class=\"flex flex-col items-center text-sm dark:bg-gray-800\">\n<div class=\"group w-full text-gray-800 dark:text-gray-100 border-b border-black\/10 dark:border-gray-900\/50 bg-gray-50 dark:bg-[#444654]\">\n<div class=\"flex p-4 gap-4 text-base md:gap-6 md:max-w-2xl lg:max-w-xl xl:max-w-3xl md:py-6 lg:px-0 m-auto\">\n<div class=\"relative flex flex-col w-[calc(100%-50px)] gap-1 md:gap-3 lg:w-[calc(100%-115px)]\">\n<div class=\"flex justify-between lg:block\">\n<div class=\"text-xs flex items-center justify-center gap-1 self-center pt-2 !invisible\"><\/div>\n<\/div>\n<\/div>\n<\/div>\n<\/div>\n<\/div>\n<\/div>\n<\/div>\n<\/div>\n<div class=\"absolute bottom-0 left-0 w-full border-t md:border-t-0 dark:border-white\/20 md:border-transparent md:dark:border-transparent md:bg-vert-light-gradient bg-white dark:bg-gray-800 md:!bg-transparent dark:md:bg-vert-dark-gradient pt-2\">\n<form class=\"stretch mx-2 flex flex-row gap-3 last:mb-2 md:mx-4 md:last:mb-6 lg:mx-auto lg:max-w-2xl xl:max-w-3xl\">\n<div class=\"relative flex h-full flex-1 items-stretch md:flex-col\">\n<div class=\"flex w-full items-center justify-center gap-2\">\n<blockquote><p><strong>SP 26 DI DIGOMAN<\/strong> localit\u00e0 Voltago,<span style=\"color: #800000;\"> fino all&#8217;8 giugno<\/span> INTERDIZIONE\u00a0 totale in entrambi i sensi di marcia dalle 7.30 alle 17.30. Negli altri orari senso unico alternato<\/p><\/blockquote>\n<p><strong>PROROGA ORDINANZA: 346 DEL SAN PELLEGRINO INTERDETTA FINO AL 9 GIUGNO (IN ORARI DI LAVORO)<\/strong><\/p>\n<\/div>\n<\/div>\n<\/form>\n<\/div>\n<p><strong>FALCADE\u00a0<\/strong> Prorogata l&#8217;ordinanza in scadenza\u00a0 La nuova data di fine lavori \u00e8 fissata al 9 giugno. Per questo la provinciale 346 del San Pellegrino sar\u00e0 chiusa totalmente alla circolazione nel tratto bivio Passo Valles-Zingari Bassi,\u00a0 dalle 8 alle 12 e dalle 13 alle 17, esclusi festivi, sabato e domenica. Durante le riapertura senso unico alternato.<\/p>\n<p>&nbsp;<\/p>\n<p><span style=\"color: #000000; font-size: large;\"><b><a class=\"dt-pswp-item\" href=\"https:\/\/www.radiopiu.net\/wordpress\/wp-content\/uploads\/2023\/06\/header-firma-summer-2022.jpg\" data-dt-img-description=\"\" data-large_image_width=\"600\" data-large_image_height=\"180\"><img loading=\"lazy\" decoding=\"async\" class=\"size-medium wp-image-338926 alignleft\" src=\"https:\/\/www.radiopiu.net\/wordpress\/wp-content\/uploads\/2023\/06\/header-firma-summer-2022-300x90.jpg\" alt=\"\" width=\"300\" height=\"90\" srcset=\"https:\/\/www.radiopiu.net\/wordpress\/wp-content\/uploads\/2023\/06\/header-firma-summer-2022-300x90.jpg 300w, https:\/\/www.radiopiu.net\/wordpress\/wp-content\/uploads\/2023\/06\/header-firma-summer-2022.jpg 600w\" sizes=\"auto, (max-width: 300px) 100vw, 300px\" \/><\/a>COMUNICAZIONE LIMITAZIONE AL TRAFFICO DEI PASSI <\/b><\/span><span style=\"color: #000000;\"><span style=\"font-size: large;\">CAMPOLONGO &#8211; PORDOI &#8211; SELLA &#8211; GARDENA <\/span><\/span><\/p>\n<p><span style=\"color: #000000;\"><span style=\"font-size: large;\">Ricordiamo che in occasione dell\u2019evento dedicato agli amanti della bicicletta: \u00a0 \u00a0<b> SELLARONDA BIKE DAY<\/b> di questo <b>sabato 10\/06\/2023<\/b> \u2014&gt; Sito manifestazione: <a class=\"moz-txt-link-abbreviated\" href=\"http:\/\/www.sellarondabikeday.com\">www.sellarondabikeday.com<\/a>\u00a0 l&#8217;orario di chiusura delle strade come da decreto del <\/span><\/span><span style=\"color: #000000;\"><span style=\"font-size: large;\">Prefetto di Belluno \u00e8 dalle ore 08:30 alle ore 16:00. Tratte interessate: strade attorno ai 4 Passi Dolomitici: Passo Campolongo, Passo Gardena, Passo Sella e Passo Pordoi.<br \/>\nAi partecipanti viene raccomandato il senso antiorario, quindi: Arabba &#8211; Passo Campolongo &#8211; Passo Gardena &#8211; Passo Sella &#8211; Passo Pordoi &#8211; Arabba.\u00a0<\/span><\/span><\/p>\n<p>&nbsp;<\/p>\n<p>&nbsp;<\/p>\n<hr \/>\n<p>&nbsp;<\/p>\n<blockquote>\n<h3><strong>SICUREZZA STRADALE.\u00a0 NEL 2022 13 MILA INCIDENTI E 17 MILA FERITI.\u00a0<\/strong><\/h3>\n<\/blockquote>\n<p><strong>VENEZIA<\/strong> Ancora troppi incidenti sulle strade, ancora centinaia di morti e migliaia di feriti. I dati sono ancora in corso di validazione, ma si stima che, nel 2022, in Veneto si siano verificati pi\u00f9 di 13 mila incidenti stradali, in media 35 al giorno, con 300 vittime e pi\u00f9 di 17 mila feriti. Per tentare di dare una risposta a questa vera e propria emergenza, la Regione Veneto ha ulteriormente incentivato le sue iniziative. In questo quadro si inserisce un concorso tra scuole del Veneto, le cui vincitrici sono state premiate\u00a0 a Palazzo Balbi, sede della Giunta regionale. Il primo premio (cinquemila euro in denaro) \u00e8 andato all\u2019Istituto Isis \u201cObici\u201d di Oderz; secondo classificato l\u2019Istituto Superiore Rosselli di Castelfranco Veneto (tremila euro); terzo posto per l\u2019ITS \u201cEinaudi \u2013 Scarpa\u201d di Montebelluna (duemila euro). I lavori saranno il fulcro di una campagna della Regione.<\/p>\n<p>&nbsp;<\/p>\n<hr \/>\n<p>&nbsp;<\/p>\n<blockquote>\n<h3>203 AGORDINA, I PERICOLI DALL&#8217;ALTO I TIMORI DI CHI SI MUOVE una roulette russa<\/h3>\n<\/blockquote>\n<p><strong>SEDICO<\/strong> Il rischio \u00e8 quotidiano, i cervi attraversano, i sassi cadono e se tira forte il vento anche\u00a0 il rischio di trovare rami o alberi in strada. Questa la situazione lungo la regionale 203 agordina. L&#8217;asticella dell&#8217;attenzione si \u00e8 alzata dopo che un sasso, domenica, ha sconfato il tettuttuccio di un&#8217;auto di turisti padovani, fortunatamente tutti 4 (pap\u00e0 mamma e due figli piccoli) illesi. Ieri i rocciatori incaricati da Veneto Strade hanno effettuato un primo sopralluogo sulla strada di propriet\u00e0 della Regione e gestita dalla societ\u00e0, anche con il supporto di un geologo che in queste ore <a class=\"dt-pswp-item\" href=\"https:\/\/www.radiopiu.net\/wordpress\/wp-content\/uploads\/2019\/05\/VALLADA-FABIO-LUCCHETTA.jpeg\" data-dt-img-description=\"\" data-large_image_width=\"1396\" data-large_image_height=\"1600\"><img loading=\"lazy\" decoding=\"async\" class=\"wp-image-86485 alignleft\" src=\"https:\/\/www.radiopiu.net\/wordpress\/wp-content\/uploads\/2019\/05\/VALLADA-FABIO-LUCCHETTA-262x300.jpeg\" alt=\"\" width=\"143\" height=\"164\" srcset=\"https:\/\/www.radiopiu.net\/wordpress\/wp-content\/uploads\/2019\/05\/VALLADA-FABIO-LUCCHETTA-262x300.jpeg 262w, https:\/\/www.radiopiu.net\/wordpress\/wp-content\/uploads\/2019\/05\/VALLADA-FABIO-LUCCHETTA-768x880.jpeg 768w, https:\/\/www.radiopiu.net\/wordpress\/wp-content\/uploads\/2019\/05\/VALLADA-FABIO-LUCCHETTA-893x1024.jpeg 893w, https:\/\/www.radiopiu.net\/wordpress\/wp-content\/uploads\/2019\/05\/VALLADA-FABIO-LUCCHETTA.jpeg 1396w\" sizes=\"auto, (max-width: 143px) 100vw, 143px\" \/><\/a>sta preparando la sua relazione, ma \u00e8 gi\u00e0 previsto che ci siano ulteriori verifiche anche con l&#8217;utilizzo di un drone.<\/p>\n<blockquote><p>Il consigliere provinciale delegato alle strade, Fabio Luchetta, ricorda il documento con il quale due anni fa i sindaci hanno dichiarato l&#8217;Agordina come la priorit\u00e0 delle priorit\u00e0 bellunesi: i.<em>\u00abI problemi legati ai versanti dell&#8217;Agordina sono noti e sono sempre stati monitorati, anche se dopo la tempesta Vaia la fragilit\u00e0 \u00e8 aumentata. In un recente studio sulla viabilit\u00e0 bellunese \u2013 commissionato dall&#8217;Unione montana Agordina e poi sposato anche dall&#8217;amministrazione provinciale \u2013 c&#8217;\u00e8 un&#8217;analisi della 203 e per la messa in sicurezza e lo sviluppo di questa arteria importantissima sono previsti, se non erro, oltre 60 milioni\u00a0<\/em><\/p><\/blockquote>\n<p>Da Villa Pat a Sedico, sede di Veneto Strade il dirigente Alessandro Zago:\u00a0<em>\u00abC&#8217;\u00e8 un&#8217;ipotesi di messa in sicurezza dell&#8217;Agordina che per\u00f2 ha dei costi enormi. Si tratta di un piano di allontanamento dall&#8217;attuale sedime della regionale 203 in quel tratto, ma attualmente non fa parte della programmazione di Veneto Strade perch\u00e9 ha costi che devono essere concordati con Regione e Provincia. In questo momento non c&#8217;\u00e8 un budget a disposizione della direzione operativa per questo intervento\u00bb .<\/em><\/p>\n<blockquote>\n<h3><em>OGGI PER IL SECONDO GIORNO, IL CORRIERE DELLE ALPI PROPONE UNA PAGINA DI APPROFONDIMENTO DI IRENE ALIPRANDI\u00a0<\/em><\/h3>\n<\/blockquote>\n<p><a class=\"dt-pswp-item\" href=\"https:\/\/www.radiopiu.net\/wordpress\/wp-content\/uploads\/2023\/06\/Senza-nome-3.png\" data-dt-img-description=\"\" data-large_image_width=\"346\" data-large_image_height=\"269\"><img loading=\"lazy\" decoding=\"async\" class=\"size-medium wp-image-339055 aligncenter\" src=\"https:\/\/www.radiopiu.net\/wordpress\/wp-content\/uploads\/2023\/06\/Senza-nome-3-300x233.png\" alt=\"\" width=\"300\" height=\"233\" srcset=\"https:\/\/www.radiopiu.net\/wordpress\/wp-content\/uploads\/2023\/06\/Senza-nome-3-300x233.png 300w, https:\/\/www.radiopiu.net\/wordpress\/wp-content\/uploads\/2023\/06\/Senza-nome-3.png 346w\" sizes=\"auto, (max-width: 300px) 100vw, 300px\" \/><\/a><\/p>\n<p>&nbsp;<\/p>\n<hr \/>\n<p>&nbsp;<\/p>\n<blockquote>\n<h3>SENZA BIGLIETTO E ANCHE VIOLENTO\u00a0 verso il dibattimento<\/h3>\n<\/blockquote>\n<p><strong>BELLUNO<\/strong> Un viaggiatore senza biglietto aggredisce il capotreno di Trenitalia, un dipendente di Belluno. Il capotreno subisce contusioni diffuse da aggressione e viene diagnosticata una prognosi di cinque giorni. L&#8217;aggressore \u00e8 stato condannato a 4 mesi di reclusione, pena\u00a0 convertita in una multa di 9.000 euro. Gli eventi si sono verificati il 27 agosto di due anni fa. Nonostante la possibilit\u00e0 di pagare la multa del decreto penale, la difesa ha deciso di affrontare il dibattimento<\/p>\n<div class=\"flex-1 overflow-hidden\">\n<div class=\"react-scroll-to-bottom--css-skxps-79elbk h-full dark:bg-gray-800\">\n<div class=\"react-scroll-to-bottom--css-skxps-1n7m0yu\">\n<div class=\"flex flex-col text-sm dark:bg-gray-800\">\n<div class=\"h-32 md:h-48 flex-shrink-0\">\n<hr \/>\n<\/div>\n<blockquote>\n<h3>BELLA VITA CON I SOLDI DELL&#8217;AMICA si va a processo<\/h3>\n<\/blockquote>\n<div><strong>FELTRE<\/strong> Prosciuga il conto di un&#8217;anziana amica e finisce in tribunale per appropriazione indebita di quasi 60 mila euro. L&#8217;accusato, M.A. di Feltre, era autorizzato ad operare sul conto corrente della donna di Pedavena, ma secondo la Procura, ha sfruttato questa posizione per i suoi interessi personali.\u00a0 Nel marzo 2020, il totale prelevato ammontava a 59.150 euro.\u00a0 La donna si \u00e8 costituita parte civile tramite l&#8217;amministratore di sostegno e l&#8217;avvocato Patrizia Zannini. Il giudice Paolo Velo ha fissato le prime deposizioni per il 22 gennaio dell&#8217;anno prossimo. L&#8217;imputato afferma che questi soldi erano al massimo dei compensi.<\/div>\n<div><\/div>\n<div><\/div>\n<\/div>\n<p><button class=\"cursor-pointer absolute right-6 bottom-[124px] md:bottom-[120px] z-10 rounded-full border border-gray-200 bg-gray-50 text-gray-600 dark:border-white\/10 dark:bg-white\/10 dark:text-gray-200\"><\/button><\/div>\n<\/div>\n<\/div>\n<hr \/>\n<p>&nbsp;<\/p>\n<blockquote>\n<h3>I CARABINIERI FESTEGGIANO IL 209\u00b0 ANNIVERSARIO DELLA FONDAZIONE IN PIAZZA DUOMO A BELLUNO<\/h3>\n<\/blockquote>\n<p><strong>BELLUNO\u00a0 <\/strong><\/p>\n<p><strong>DI DANIELE DAL VIT\u00a0\u00a0<\/strong><\/p>\n<audio class=\"wp-audio-shortcode\" id=\"audio-338944-1\" preload=\"none\" style=\"width: 100%;\" controls=\"controls\"><source type=\"audio\/mpeg\" src=\"https:\/\/www.radiopiu.net\/wordpress\/wp-content\/uploads\/2023\/06\/Radio-Piu-Servizio-Festa-Carabinieri-2023.mp3?_=1\" \/><a href=\"https:\/\/www.radiopiu.net\/wordpress\/wp-content\/uploads\/2023\/06\/Radio-Piu-Servizio-Festa-Carabinieri-2023.mp3\">https:\/\/www.radiopiu.net\/wordpress\/wp-content\/uploads\/2023\/06\/Radio-Piu-Servizio-Festa-Carabinieri-2023.mp3<\/a><\/audio>\n<blockquote><p>&nbsp;<\/p><\/blockquote>\n<p><strong><a class=\"dt-pswp-item\" href=\"https:\/\/www.radiopiu.net\/wordpress\/wp-content\/uploads\/2021\/10\/d114a40e-bd5d-4ed4-969a-c1cfff9b1497.jpg\" data-dt-img-description=\"\" data-large_image_width=\"2000\" data-large_image_height=\"1496\"><img loading=\"lazy\" decoding=\"async\" class=\" wp-image-237169 alignleft\" src=\"https:\/\/www.radiopiu.net\/wordpress\/wp-content\/uploads\/2021\/10\/d114a40e-bd5d-4ed4-969a-c1cfff9b1497-300x224.jpg\" alt=\"\" width=\"167\" height=\"125\" srcset=\"https:\/\/www.radiopiu.net\/wordpress\/wp-content\/uploads\/2021\/10\/d114a40e-bd5d-4ed4-969a-c1cfff9b1497-300x224.jpg 300w, https:\/\/www.radiopiu.net\/wordpress\/wp-content\/uploads\/2021\/10\/d114a40e-bd5d-4ed4-969a-c1cfff9b1497-1024x766.jpg 1024w, https:\/\/www.radiopiu.net\/wordpress\/wp-content\/uploads\/2021\/10\/d114a40e-bd5d-4ed4-969a-c1cfff9b1497-768x574.jpg 768w, https:\/\/www.radiopiu.net\/wordpress\/wp-content\/uploads\/2021\/10\/d114a40e-bd5d-4ed4-969a-c1cfff9b1497-1536x1149.jpg 1536w, https:\/\/www.radiopiu.net\/wordpress\/wp-content\/uploads\/2021\/10\/d114a40e-bd5d-4ed4-969a-c1cfff9b1497.jpg 2000w\" sizes=\"auto, (max-width: 167px) 100vw, 167px\" \/><\/a>BELLUNO\u00a0 <\/strong>Nella splendida cornice di piazza del Duomo a Belluno, dinanzi al palazzo dei Rettori, sede della Prefettura, circondati dalla Basilica Cattedrale di San Martino e Palazzo Rosso, si \u00e8 tenuta ieri mattina la cerimonia per il 209\u00b0 Annuale della Fondazione dell\u2019Arma dei Carabinieri. Alla presenza del Prefetto di Belluno, di moltissimi Sindaci e delle autorit\u00e0 civili, religiose e militari della provincia, i Carabinieri hanno sfilato per le vie cittadine accompagnati dalla \u201cFedelissima\u201d, marcia d\u2019ordinanza della Benemerita, sino a giungere nel luogo della cerimonia. Tra gli ospiti d\u2019onore anche l\u2019Alfiere della Repubblica Maddalena Da Rozze, giovanissima studentessa di Sedico che lo scorso febbraio \u00e8 stata insignita del prestigioso attestato d\u2019onore dal Presidente della Repubblica.<\/p>\n<p><iframe loading=\"lazy\" title=\"209\u00b0 Annuale di Fondazione dell\u2019Arma dei Carabinieri 2023\" width=\"1200\" height=\"675\" src=\"https:\/\/www.youtube.com\/embed\/HauUuP0YGss?feature=oembed\" frameborder=\"0\" allow=\"accelerometer; autoplay; clipboard-write; encrypted-media; gyroscope; picture-in-picture; web-share\" allowfullscreen><\/iframe><\/p>\n<p>&nbsp;<\/p>\n<hr \/>\n<p>&nbsp;<\/p>\n<blockquote>\n<h3>IL PREMIO: MENO MALE CHE A CENCENIGHE C&#8217;E&#8217; UNA STAZIONE DEI CARABINIERI IN PIENA ATTIVITA&#8217;<\/h3>\n<\/blockquote>\n<p><strong><a class=\"dt-pswp-item\" href=\"https:\/\/www.radiopiu.net\/wordpress\/wp-content\/uploads\/2023\/06\/3c425c4d-57ea-445e-a18a-0e6ee82e2214.jpg\" data-dt-img-description=\"\" data-large_image_width=\"1200\" data-large_image_height=\"1600\"><img loading=\"lazy\" decoding=\"async\" class=\" wp-image-338959 alignleft\" src=\"https:\/\/www.radiopiu.net\/wordpress\/wp-content\/uploads\/2023\/06\/3c425c4d-57ea-445e-a18a-0e6ee82e2214-225x300.jpg\" alt=\"\" width=\"173\" height=\"231\" srcset=\"https:\/\/www.radiopiu.net\/wordpress\/wp-content\/uploads\/2023\/06\/3c425c4d-57ea-445e-a18a-0e6ee82e2214-225x300.jpg 225w, https:\/\/www.radiopiu.net\/wordpress\/wp-content\/uploads\/2023\/06\/3c425c4d-57ea-445e-a18a-0e6ee82e2214-768x1024.jpg 768w, https:\/\/www.radiopiu.net\/wordpress\/wp-content\/uploads\/2023\/06\/3c425c4d-57ea-445e-a18a-0e6ee82e2214-1152x1536.jpg 1152w, https:\/\/www.radiopiu.net\/wordpress\/wp-content\/uploads\/2023\/06\/3c425c4d-57ea-445e-a18a-0e6ee82e2214.jpg 1200w\" sizes=\"auto, (max-width: 173px) 100vw, 173px\" \/><\/a>BELLUNO<\/strong> Durante la cerimonia per il 209\u00b0 Annuale della Fondazione dell\u2019Arma dei Carabinieri, alla presenza del Prefetto di Belluno, di moltissimi Sindaci e delle autorit\u00e0 civili, religiose e militari della provincia, un particolare riconoscimento viene assegnato agli uomini e donne dell&#8217;Arma di Cencenighe.<\/p>\n<p><strong>Elogio di Reparto concesso alla Stazione Carabinieri di Cencenighe<\/strong><\/p>\n<p>\u201cComandante e militari addetti a stazione distaccata, con un corale e prolungato impegno, dimostrando elevato senso del dovere, spirito di corpo e capacit\u00e0 investigative, fornivano una efficace risposta istituzionale al fenomeno dei reati predatori sul territorio, avviando un\u2019attivit\u00e0 di indagine che, all\u2019esito, consentiva l\u2019individuazione del responsabile di 13 furti in abitazione ed esercizi pubblici, commessi nella valle agordina, e traendo infine in arresto l\u2019autore. L\u2019operazione si concludeva con il sequestro di un ingente quantitativo di refurtiva e la restituzione dei beni ai legittimi proprietari. Agordo, San Tomaso Agordino e La Valle Agordina, ottobre-novembre 2022 (ritireranno la ricompensa, in rappresentanza della Stazione di Cencenighe, il Mar. Enrico Danese, l\u2019App. Sc. Rolando Massaroni e il Car. Antonio Bua)<\/p>\n<p>&nbsp;<\/p>\n<hr \/>\n<p>&nbsp;<\/p>\n<blockquote>\n<h3><a class=\"dt-pswp-item\" href=\"https:\/\/www.radiopiu.net\/wordpress\/wp-content\/uploads\/2023\/05\/sede-Cisl-Tai-di-CadoreOK.jpeg\" data-dt-img-description=\"\" data-large_image_width=\"1600\" data-large_image_height=\"900\"><img loading=\"lazy\" decoding=\"async\" class=\" wp-image-337628 alignleft\" src=\"https:\/\/www.radiopiu.net\/wordpress\/wp-content\/uploads\/2023\/05\/sede-Cisl-Tai-di-CadoreOK-300x169.jpeg\" alt=\"\" width=\"185\" height=\"104\" srcset=\"https:\/\/www.radiopiu.net\/wordpress\/wp-content\/uploads\/2023\/05\/sede-Cisl-Tai-di-CadoreOK-300x169.jpeg 300w, https:\/\/www.radiopiu.net\/wordpress\/wp-content\/uploads\/2023\/05\/sede-Cisl-Tai-di-CadoreOK-1024x576.jpeg 1024w, https:\/\/www.radiopiu.net\/wordpress\/wp-content\/uploads\/2023\/05\/sede-Cisl-Tai-di-CadoreOK-768x432.jpeg 768w, https:\/\/www.radiopiu.net\/wordpress\/wp-content\/uploads\/2023\/05\/sede-Cisl-Tai-di-CadoreOK-1536x864.jpeg 1536w, https:\/\/www.radiopiu.net\/wordpress\/wp-content\/uploads\/2023\/05\/sede-Cisl-Tai-di-CadoreOK.jpeg 1600w\" sizes=\"auto, (max-width: 185px) 100vw, 185px\" \/><\/a>OGGI L&#8217;INAUGURAZIONE DELLA NUOVA SEDE CISL A TAI DI CADORE<\/h3>\n<\/blockquote>\n<p><strong>TAI DI CADORE<\/strong> Oggi alle 11 sar\u00e0 inaugurata la nuova sede della Cisl a Tai di Cadore, in via Coletti 84. Uno spazio moderno e accogliente, di cento metri quadrati, con sei postazioni e parcheggio attiguo agli uffici e nelle immediate vicinanze. Il trasferimento dalla vecchia sede di piazza Tiziano a Pieve alla nuova nella frazione di Tai rappresenta il primo passo di progetto pi\u00f9 ampio di efficientamento e potenziamento di uffici, sedi e servizi Cisl in tutto il territorio cadorino, da Santo Stefano a Cortina, nell\u2019ottica di mantenere e rafforzare il presidio nelle zone montane.<\/p>\n<p>&nbsp;<\/p>\n<hr \/>\n<p>&nbsp;<\/p>\n<blockquote>\n<h3>FORMAZIONE E AGGIORNAMENTO PROFESSIONALE CON LA POLIZIA PROVINCIALE<\/h3>\n<\/blockquote>\n<p><strong><a class=\"dt-pswp-item\" href=\"https:\/\/www.radiopiu.net\/wordpress\/wp-content\/uploads\/2023\/06\/corso-Polizia-provinciale-scaled.jpg\" data-dt-img-description=\"\" data-large_image_width=\"2560\" data-large_image_height=\"1920\"><img loading=\"lazy\" decoding=\"async\" class=\"size-medium wp-image-339011 alignleft\" src=\"https:\/\/www.radiopiu.net\/wordpress\/wp-content\/uploads\/2023\/06\/corso-Polizia-provinciale-300x225.jpg\" alt=\"\" width=\"300\" height=\"225\" srcset=\"https:\/\/www.radiopiu.net\/wordpress\/wp-content\/uploads\/2023\/06\/corso-Polizia-provinciale-300x225.jpg 300w, https:\/\/www.radiopiu.net\/wordpress\/wp-content\/uploads\/2023\/06\/corso-Polizia-provinciale-1024x768.jpg 1024w, https:\/\/www.radiopiu.net\/wordpress\/wp-content\/uploads\/2023\/06\/corso-Polizia-provinciale-768x576.jpg 768w, https:\/\/www.radiopiu.net\/wordpress\/wp-content\/uploads\/2023\/06\/corso-Polizia-provinciale-1536x1152.jpg 1536w, https:\/\/www.radiopiu.net\/wordpress\/wp-content\/uploads\/2023\/06\/corso-Polizia-provinciale-2048x1536.jpg 2048w\" sizes=\"auto, (max-width: 300px) 100vw, 300px\" \/><\/a>BELLUNO\u00a0<\/strong> La Polizia Provinciale di Belluno fa scuola ai colleghi delle altre Province. Nell\u2019ambito di una serie di corsi di formazione continua, si \u00e8 concluso pochi giorni fa un approfondimento specifico sull\u2019utilizzo del fucile lanciasiringhe, strumento in dotazione per la sedazione e la cattura degli animali selvatici (perlopi\u00f9 a scopo scientifico). Alle lezioni in aula ha partecipato anche la Polizia Provinciale di Treviso, con sei guardie, pi\u00f9 un operatore del Parco naturale Dolomiti d\u2019Ampezzo.\u00a0\u00a0<em> \u00abNell\u2019ultimo anno, in considerazione dei pensionamenti che verranno avanti, si \u00e8 deciso con la dirigente Daniela De Carli di sfruttare la specializzazione di alcune guardie su attivit\u00e0 specifiche, cos\u00ec da passare il testimone ai colleghi e alle nuove forze che arriveranno. Entro fine anno infatti sono attesi i bandi per il reclutamento di nuovo personale delle Polizie Provinciali\u00bb.\u00a0<\/em><\/p>\n<p>&nbsp;<\/p>\n<hr \/>\n<p>&nbsp;<\/p>\n<blockquote>\n<h3>PUNTO COVID\u00a0 MENSILE<\/h3>\n<\/blockquote>\n<p><strong>BELLUNO<\/strong> Ulteriore forte raffreddamento epidemico, con un\u2019incidenza settimanale pari a 24 casi su 100.000 abitanti (met\u00e0 della soglia epidemica di 50 casi su 100.000 abitanti) ed una casistica clinicamente significativa molto contenuta. Sono attualmente ricoverate per covid 6 persone, in area non critica.<\/p>\n<p>Nella mappa dei contagi Comune per Comune \u00e8 evidente la situazione ottimistica, la gran parte dei territori bianchi, ovvero senza contagi da una settimana. Qualche casi limite a Pieve di Cadore Calalzo, Livinallongo e San Gregorio con 51-100 contagi ogni 100 mila abitanti: nulla di preoccupante<\/p>\n<p>&nbsp;<\/p>\n<hr \/>\n<p>&nbsp;<\/p>\n<blockquote>\n<h3>ESSILORLUXOTTICA E I NUOVI CORSI DI LEADERSHIP E MANAGEMENT<\/h3>\n<\/blockquote>\n<p><strong><img loading=\"lazy\" decoding=\"async\" class=\"alignleft\" src=\"https:\/\/www.radiopiu.net\/wordpress\/wp-content\/uploads\/2022\/02\/EL_Logotype_black.png\" width=\"367\" height=\"40\" \/>AGORDO<\/strong> EssilorLuxottica e Harvard Business Publishing, parte di Harvard University, collaborano per formare i dipendenti di EssilorLuxottica e decine di migliaia di professionisti della vista in tutto il mondo, su tematiche di business e leadership. Con l\u2019ambizione di elevare il settore supportando i talenti e promuovendo nuove competenze, sia personali che professionali, in un mondo in continua evoluzione, Leonardo offrir\u00e0 un accesso dedicato ai corsi di Harvard Business Publishing. La nuova offerta formativa, che andr\u00e0 ad arricchire il catalogo<br \/>\ngi\u00e0 disponibile sulla piattaforma Leonardo, sar\u00e0 visibile in un&#8217;area dedicata suddivisa in due sezioni:<br \/>\nHarvard ManageMentor e Harvard ManageMentor Spark.<\/p>\n<blockquote><p><strong> Alessandra Senici, Head of Leonardo di EssilorLuxottica. <\/strong><em>\u201cDal lancio, Leonardo ha erogato quasi quattro milioni di ore di formazione diventando il punto di riferimento nel nostro settore. Siamo particolarmente orgogliosi di aver costruito una piattaforma inclusiva che supporta la crescita di ogni membro della nostra comunit\u00e0, dagli ottici fino ai membri dello staff. La nostra partnership con Harvard Business Publishing \u00e8 un\u2019evoluzione importante, che arricchisce la piattaforma con i contenuti di una delle istituzioni pi\u00f9 rinomate nel mondo del business. Siamo certi che questo elever\u00e0 ulteriormente la nostra offerta, dando nuova linfa al talento che abbiamo <\/em><br \/>\n<em>nel campo della cura della vista&#8221;\u00a0<\/em><\/p>\n<p>&nbsp;<\/p><\/blockquote>\n<p>&nbsp;<\/p>\n<hr \/>\n<p>&nbsp;<\/p>\n<blockquote>\n<h3>CALCIO VENEZIA A FALCADE PER SFIDARE IL GENOA, IL RITIRO DAL 14 LUGLIO<\/h3>\n<\/blockquote>\n<p><strong><a class=\"dt-pswp-item\" href=\"https:\/\/www.radiopiu.net\/wordpress\/wp-content\/uploads\/2022\/12\/MUNICIPIO-FALCADE.png\" data-dt-img-description=\"\" data-large_image_width=\"941\" data-large_image_height=\"655\"><img loading=\"lazy\" decoding=\"async\" class=\" wp-image-314065 alignleft\" src=\"https:\/\/www.radiopiu.net\/wordpress\/wp-content\/uploads\/2022\/12\/MUNICIPIO-FALCADE-300x209.png\" alt=\"\" width=\"211\" height=\"147\" srcset=\"https:\/\/www.radiopiu.net\/wordpress\/wp-content\/uploads\/2022\/12\/MUNICIPIO-FALCADE-300x209.png 300w, https:\/\/www.radiopiu.net\/wordpress\/wp-content\/uploads\/2022\/12\/MUNICIPIO-FALCADE-768x535.png 768w, https:\/\/www.radiopiu.net\/wordpress\/wp-content\/uploads\/2022\/12\/MUNICIPIO-FALCADE.png 941w\" sizes=\"auto, (max-width: 211px) 100vw, 211px\" \/><\/a>FALCADE\u00a0<\/strong><\/p>\n<p>&nbsp;<\/p>\n<p>OGGI L&#8217;ULTIMO INCONTRO<\/p>\n<p>di Gianni Santomaso<\/p>\n<p>&nbsp;<\/p>\n<audio class=\"wp-audio-shortcode\" id=\"audio-338944-2\" preload=\"none\" style=\"width: 100%;\" controls=\"controls\"><source type=\"audio\/mpeg\" src=\"https:\/\/www.radiopiu.net\/wordpress\/wp-content\/uploads\/2023\/06\/GIANNI-VENEZIA.mp3?_=2\" \/><a href=\"https:\/\/www.radiopiu.net\/wordpress\/wp-content\/uploads\/2023\/06\/GIANNI-VENEZIA.mp3\">https:\/\/www.radiopiu.net\/wordpress\/wp-content\/uploads\/2023\/06\/GIANNI-VENEZIA.mp3<\/a><\/audio>\n<p>*******<\/p>\n<p>&nbsp;<\/p>\n<p>&nbsp;<\/p>\n<hr \/>\n<p>&nbsp;<\/p>\n<blockquote>\n<h3>INSIEME SI PU\u00d2 AL FIANCO DELLA CASA FAMIGLIA S. GIOVANNI BOSCO DI FAENZA<\/h3>\n<\/blockquote>\n<p><strong><a class=\"dt-pswp-item\" href=\"https:\/\/www.radiopiu.net\/wordpress\/wp-content\/uploads\/2023\/06\/isp_emergenza-alluvione-emilia-romagna_3.jpeg\" data-dt-img-description=\"\" data-large_image_width=\"2048\" data-large_image_height=\"1536\"><img loading=\"lazy\" decoding=\"async\" class=\" wp-image-338992 alignleft\" src=\"https:\/\/www.radiopiu.net\/wordpress\/wp-content\/uploads\/2023\/06\/isp_emergenza-alluvione-emilia-romagna_3-300x225.jpeg\" alt=\"\" width=\"155\" height=\"116\" srcset=\"https:\/\/www.radiopiu.net\/wordpress\/wp-content\/uploads\/2023\/06\/isp_emergenza-alluvione-emilia-romagna_3-300x225.jpeg 300w, https:\/\/www.radiopiu.net\/wordpress\/wp-content\/uploads\/2023\/06\/isp_emergenza-alluvione-emilia-romagna_3-1024x768.jpeg 1024w, https:\/\/www.radiopiu.net\/wordpress\/wp-content\/uploads\/2023\/06\/isp_emergenza-alluvione-emilia-romagna_3-768x576.jpeg 768w, https:\/\/www.radiopiu.net\/wordpress\/wp-content\/uploads\/2023\/06\/isp_emergenza-alluvione-emilia-romagna_3-1536x1152.jpeg 1536w, https:\/\/www.radiopiu.net\/wordpress\/wp-content\/uploads\/2023\/06\/isp_emergenza-alluvione-emilia-romagna_3.jpeg 2048w\" sizes=\"auto, (max-width: 155px) 100vw, 155px\" \/><\/a>BELLUNO <\/strong>La Casa Famiglia San Giovanni Bosco di Faenza (RA), dell\u2019Associazione Comunit\u00e0 Papa Giovanni XXIII, \u00e8 una struttura residenziale che da 30 anni accoglie bambini abbandonati, adolescenti, persone con disabilit\u00e0, ex tossicodipendenti, profughi, giovani e adulti con disturbi psichici che qui trovano non solo una casa, ma una vera e propria famiglia che ogni giorno si prende cura di loro. Anche qui la violenta alluvione che tra il 15 e il 17 maggio ha colpito l\u2019Emilia Romagna ha provocato gravi danni, tanto da dover trasferire nell\u2019emergenza gli ospiti presso la casa di una volontaria, dove attualmente si trovano. L\u2019Associazione \u201cInsieme si pu\u00f2\u2026\u201d\u00a0si \u00e8 impegnata nel contributo all\u2019acquisto di un nuovo automezzo a sette posti attrezzato per il trasporto degli ospiti della Casa Famiglia: uno strumento fondamentale per gli operatori, che consente loro di agevolare gli spostamenti nelle necessit\u00e0 e impegni quotidiani. L\u2019acquisto del mezzo prevede una\u00a0spesa totale di 25.000 euro, e Insieme si pu\u00f2 ha confermato un primo impegno immediato di 10.000 euro.Per contribuire a sostenere questo intervento si pu\u00f2 donare direttamente online con carta di credito o Paypal sul sito di Insieme si pu\u00f2 www.donazioni.365giorni.org, fare un bonifico bancario al conto corrente IT 23 A 08511 61240 00000 0023078 (CortinaBanca) oppure un bollettino postale al conto corrente n\u00b0 13737325 intestato ad Associazione Gruppi Insieme si pu\u00f2 onlus con causale \u201cErogazione liberale &#8211; emergenza alluvione Emilia Romagna\u201d.<\/p>\n<p>&nbsp;<\/p>\n<p>&nbsp;<\/p>\n<hr \/>\n<p>&nbsp;<\/p>\n<blockquote>\n<h3>DOPPIO APPUNTAMENTO INTERNAZIONALE PER IL GELATO DI LONGARONE FIERE<\/h3>\n<\/blockquote>\n<p><strong><a class=\"dt-pswp-item\" href=\"https:\/\/www.radiopiu.net\/wordpress\/wp-content\/uploads\/2023\/06\/Gusto-dell-anno-in-Germania-2023-Rosso-Tiziano-scaled.jpg\" data-dt-img-description=\"\" data-large_image_width=\"2560\" data-large_image_height=\"1440\"><img loading=\"lazy\" decoding=\"async\" class=\" wp-image-338984 alignleft\" src=\"https:\/\/www.radiopiu.net\/wordpress\/wp-content\/uploads\/2023\/06\/Gusto-dell-anno-in-Germania-2023-Rosso-Tiziano-300x169.jpg\" alt=\"\" width=\"163\" height=\"92\" srcset=\"https:\/\/www.radiopiu.net\/wordpress\/wp-content\/uploads\/2023\/06\/Gusto-dell-anno-in-Germania-2023-Rosso-Tiziano-300x169.jpg 300w, https:\/\/www.radiopiu.net\/wordpress\/wp-content\/uploads\/2023\/06\/Gusto-dell-anno-in-Germania-2023-Rosso-Tiziano-1024x576.jpg 1024w, https:\/\/www.radiopiu.net\/wordpress\/wp-content\/uploads\/2023\/06\/Gusto-dell-anno-in-Germania-2023-Rosso-Tiziano-768x432.jpg 768w, https:\/\/www.radiopiu.net\/wordpress\/wp-content\/uploads\/2023\/06\/Gusto-dell-anno-in-Germania-2023-Rosso-Tiziano-1536x864.jpg 1536w, https:\/\/www.radiopiu.net\/wordpress\/wp-content\/uploads\/2023\/06\/Gusto-dell-anno-in-Germania-2023-Rosso-Tiziano-2048x1152.jpg 2048w\" sizes=\"auto, (max-width: 163px) 100vw, 163px\" \/><\/a>LONGARONE <\/strong>Domani a Cordoba in Argentina, alla Fiera FITHEP Expoalimentaria, si terr\u00e0 la prima edizione della \u201cCopa de Oro\u201d. Organizzata in collaborazione con l\u2019associazione dei gelatieri argentini, AFADHYA, individuer\u00e0 il miglior gelatiere albiceleste. A guidare la giuria a decidere chi si guadagner\u00e0 un viaggio in Italia per competere nella finale della Coppa d\u2019Oro a MIG 2023, in rappresentanza della Fiera di Longarone, lo chef glacier Antonio Mezzalira. Praticamente nello stesso momento, oggi e domani, una rappresentanza di Longarone Fiere si recher\u00e0 in Germania, e pi\u00f9 precisamente a Berlino, per la presentazione ufficiale e il primo incontro tra i partner del progetto GELATOn the ROAD, finanziato dalla Commissione Europea attraverso il programma \u201cEuropa Creativa\u201d, che parte con i migliori auspici grazie alla lode per l\u2019altissimo punteggio raggiunto.<\/p>\n<p>&nbsp;<\/p>\n<p>&nbsp;<\/p>\n<hr \/>\n<p>&nbsp;<\/p>\n<p>&nbsp;<\/p>\n<blockquote>\n<h3>QUATTRO BORSE DI STUDIO NEL RICORDO DEL DOTT. HAMID<\/h3>\n<\/blockquote>\n<p><strong>SOSPIROLO<\/strong> Quattro borse di studio\u00a0 dedicate al Dott. Hamid Reza Faramarzi, gi\u00e0 direttore della farmacia di Sospirolo, ad altrettanti studenti\u00a0 \u00a0che si sono distinti quest\u2019anno: Anna Tamburlin della prima A, Cecilia Kapa della prima B, Viola Lotto della seconda A e Gabriele Da Rold della terza A , scelti dai loro compagni. Premi consegnati dalla dottoressa Anna Maria Pradel, moglie di Hamid. L\u2019iniziativa, nata lo scorso anno su iniziativa dei titolari delle Farmacie del Piave (Sedico, Lentiai ,Villa di Villa e Sospirolo ) \u00e8\u00a0 coordinata dalla vedova del Dott.Hamid, professoressa Anna Maria Pradel, ex dirigente scolastico di Cesiomaggiore, dalla Prof. Laura Fattori, ex dirigente del comprensivo di Sedico e dalla prof. Cristina Da Rold,di Sospirolo<\/p>\n\n\t\t\t<style type='text\/css'>\n\t\t\t\t#gallery-1 {\n\t\t\t\t\tmargin: auto;\n\t\t\t\t}\n\t\t\t\t#gallery-1 .gallery-item {\n\t\t\t\t\tfloat: left;\n\t\t\t\t\tmargin-top: 10px;\n\t\t\t\t\ttext-align: center;\n\t\t\t\t\twidth: 33%;\n\t\t\t\t}\n\t\t\t\t#gallery-1 img {\n\t\t\t\t\tborder: 2px solid #cfcfcf;\n\t\t\t\t}\n\t\t\t\t#gallery-1 .gallery-caption {\n\t\t\t\t\tmargin-left: 0;\n\t\t\t\t}\n\t\t\t\t\/* see gallery_shortcode() in wp-includes\/media.php *\/\n\t\t\t<\/style>\n\t\t<div id='gallery-1' class='dt-gallery-container gallery galleryid-338944 gallery-columns-3 gallery-size-thumbnail'><dl class='gallery-item'>\n\t\t\t\t<dt class='gallery-icon portrait'>\n\t\t\t\t\t<a class=\"rollover rollover-zoom dt-pswp-item\" title=\"x Hamid 1\" data-dt-img-description=\"\" data-large_image_width=\"1133\" data-large_image_height=\"1600\"href='https:\/\/www.radiopiu.net\/wordpress\/wp-content\/uploads\/2023\/06\/x-Hamid-1.jpg'><img loading=\"lazy\" decoding=\"async\" width=\"150\" height=\"150\" src=\"https:\/\/www.radiopiu.net\/wordpress\/wp-content\/uploads\/2023\/06\/x-Hamid-1-150x150.jpg\" class=\"attachment-thumbnail size-thumbnail\" alt=\"\" \/><\/a>\n\t\t\t\t<\/dt><\/dl><dl class='gallery-item'>\n\t\t\t\t<dt class='gallery-icon portrait'>\n\t\t\t\t\t<a class=\"rollover rollover-zoom dt-pswp-item\" title=\"x Hamid 3\" data-dt-img-description=\"\" data-large_image_width=\"768\" data-large_image_height=\"1024\"href='https:\/\/www.radiopiu.net\/wordpress\/wp-content\/uploads\/2023\/06\/x-Hamid-3.jpg'><img loading=\"lazy\" decoding=\"async\" width=\"150\" height=\"150\" src=\"https:\/\/www.radiopiu.net\/wordpress\/wp-content\/uploads\/2023\/06\/x-Hamid-3-150x150.jpg\" class=\"attachment-thumbnail size-thumbnail\" alt=\"\" \/><\/a>\n\t\t\t\t<\/dt><\/dl><dl class='gallery-item'>\n\t\t\t\t<dt class='gallery-icon landscape'>\n\t\t\t\t\t<a class=\"rollover rollover-zoom dt-pswp-item\" title=\"x Hamid 4\" data-dt-img-description=\"\" data-large_image_width=\"1024\" data-large_image_height=\"768\"href='https:\/\/www.radiopiu.net\/wordpress\/wp-content\/uploads\/2023\/06\/x-Hamid-4.jpg'><img loading=\"lazy\" decoding=\"async\" width=\"150\" height=\"150\" src=\"https:\/\/www.radiopiu.net\/wordpress\/wp-content\/uploads\/2023\/06\/x-Hamid-4-150x150.jpg\" class=\"attachment-thumbnail size-thumbnail\" alt=\"\" \/><\/a>\n\t\t\t\t<\/dt><\/dl><br style=\"clear: both\" \/><dl class='gallery-item'>\n\t\t\t\t<dt class='gallery-icon portrait'>\n\t\t\t\t\t<a class=\"rollover rollover-zoom dt-pswp-item\" title=\"Hamid2\" data-dt-img-description=\"\" data-large_image_width=\"768\" data-large_image_height=\"1024\"href='https:\/\/www.radiopiu.net\/wordpress\/wp-content\/uploads\/2023\/06\/Hamid2.jpg'><img loading=\"lazy\" decoding=\"async\" width=\"150\" height=\"150\" src=\"https:\/\/www.radiopiu.net\/wordpress\/wp-content\/uploads\/2023\/06\/Hamid2-150x150.jpg\" class=\"attachment-thumbnail size-thumbnail\" alt=\"\" \/><\/a>\n\t\t\t\t<\/dt><\/dl><dl class='gallery-item'>\n\t\t\t\t<dt class='gallery-icon landscape'>\n\t\t\t\t\t<a class=\"rollover rollover-zoom dt-pswp-item\" title=\"x Hamid 2\" data-dt-img-description=\"\" data-large_image_width=\"1024\" data-large_image_height=\"768\"href='https:\/\/www.radiopiu.net\/wordpress\/wp-content\/uploads\/2023\/06\/x-Hamid-2.jpg'><img loading=\"lazy\" decoding=\"async\" width=\"150\" height=\"150\" src=\"https:\/\/www.radiopiu.net\/wordpress\/wp-content\/uploads\/2023\/06\/x-Hamid-2-150x150.jpg\" class=\"attachment-thumbnail size-thumbnail\" alt=\"\" \/><\/a>\n\t\t\t\t<\/dt><\/dl>\n\t\t\t\t<br style='clear: both' \/>\n\t\t\t<\/div>\n\n<blockquote><p><em>Un piacevole intermezzo musicale a cura dei ragazzi del plesso di Sedico, con chitarra e clarinetto, diretto dai prof. Stefano Parisinotto ed Alberto Opalio, ha dato il via alla seconda parte della cerimonia. A seguire, hanno animato lo spettacolo i musicisti iraniani Hadani e la danzatrice sufi Michela Oliviero.<\/em><\/p><\/blockquote>\n<p>&nbsp;<\/p>\n<p>&nbsp;<\/p>\n<hr \/>\n<p>&nbsp;<\/p>\n<p>&nbsp;<\/p>\n<h2><span style=\"color: #ff00ff;\"><strong><a class=\"dt-pswp-item\" href=\"https:\/\/www.radiopiu.net\/wordpress\/wp-content\/uploads\/2023\/05\/linda-podcast.png\" data-dt-img-description=\"\" data-large_image_width=\"2000\" data-large_image_height=\"2000\"><img loading=\"lazy\" decoding=\"async\" class=\" wp-image-334514 alignleft\" src=\"https:\/\/www.radiopiu.net\/wordpress\/wp-content\/uploads\/2023\/05\/linda-podcast-300x300.png\" alt=\"\" width=\"137\" height=\"137\" srcset=\"https:\/\/www.radiopiu.net\/wordpress\/wp-content\/uploads\/2023\/05\/linda-podcast-300x300.png 300w, https:\/\/www.radiopiu.net\/wordpress\/wp-content\/uploads\/2023\/05\/linda-podcast-1024x1024.png 1024w, https:\/\/www.radiopiu.net\/wordpress\/wp-content\/uploads\/2023\/05\/linda-podcast-150x150.png 150w, https:\/\/www.radiopiu.net\/wordpress\/wp-content\/uploads\/2023\/05\/linda-podcast-768x768.png 768w, https:\/\/www.radiopiu.net\/wordpress\/wp-content\/uploads\/2023\/05\/linda-podcast-1536x1536.png 1536w, https:\/\/www.radiopiu.net\/wordpress\/wp-content\/uploads\/2023\/05\/linda-podcast.png 2000w\" sizes=\"auto, (max-width: 137px) 100vw, 137px\" \/><\/a><\/strong>IERI ALLA RADIO\u00a0<\/span><\/h2>\n<blockquote>\n<h3>&#8220;NCONTONSE&#8221; IN LADINO SU RADIO PI\u00d9, quarta puntata<\/h3>\n<\/blockquote>\n<p><strong>PUNTATA 05\u00a0 Sergio Di Pol _prima parte<\/strong><\/p>\n<audio class=\"wp-audio-shortcode\" id=\"audio-338944-3\" preload=\"none\" style=\"width: 100%;\" controls=\"controls\"><source type=\"audio\/mpeg\" src=\"https:\/\/www.radiopiu.net\/wordpress\/wp-content\/uploads\/2023\/06\/puntata-LADINO.mp3?_=3\" \/><a href=\"https:\/\/www.radiopiu.net\/wordpress\/wp-content\/uploads\/2023\/06\/puntata-LADINO.mp3\">https:\/\/www.radiopiu.net\/wordpress\/wp-content\/uploads\/2023\/06\/puntata-LADINO.mp3<\/a><\/audio>\n<p>&nbsp;<\/p>\n<p>&nbsp;<\/p>\n<hr \/>\n<p>&nbsp;<\/p>\n<p>&nbsp;<\/p>\n<p>&nbsp;<\/p>\n<h2><span style=\"color: #008000;\">PERITI MINERARI DALL\u2019AGORDINO AL MONDO \u2013 PUNTATA 04 &#8211; FAUSTINO DA VANZO<\/span><\/h2>\n<p><strong>REDAZIONE<\/strong> Continuano la serie di racconti con i periti minerari agordini. Oggi \u00e8 il turno di Faustino Da Vanzo. I racconti dei periti minerari agordini che hanno lavorato nel mondo, ogni luned\u00ec alle 10:30 e alle 19 su Radio Pi\u00f9.<\/p>\n<p><iframe loading=\"lazy\" title=\"FAUSTINO DA VANZO\" width=\"1200\" height=\"675\" src=\"https:\/\/www.youtube.com\/embed\/_LhLo-BvSR0?start=15&#038;feature=oembed\" frameborder=\"0\" allow=\"accelerometer; autoplay; clipboard-write; encrypted-media; gyroscope; picture-in-picture; web-share\" allowfullscreen><\/iframe><\/p>\n<p>&nbsp;<\/p>\n<p><strong>LA RACCOLTA COMPLETA<\/strong><\/p>\n<blockquote class=\"wp-embedded-content\" data-secret=\"U5pYoSXiGO\"><p><a href=\"https:\/\/www.radiopiu.net\/wordpress\/periti-minerari-dallagordino-al-mondo\/\">Periti minerari dall&#8217;agordino al mondo<\/a><\/p><\/blockquote>\n<p><iframe loading=\"lazy\" class=\"wp-embedded-content\" sandbox=\"allow-scripts\" security=\"restricted\" style=\"position: absolute; clip: rect(1px, 1px, 1px, 1px);\" title=\"&#8220;Periti minerari dall&#8217;agordino al mondo&#8221; &#8212; Radio Pi\u00f9\" src=\"https:\/\/www.radiopiu.net\/wordpress\/periti-minerari-dallagordino-al-mondo\/embed\/#?secret=hcwYVmcFL5#?secret=U5pYoSXiGO\" data-secret=\"U5pYoSXiGO\" width=\"600\" height=\"338\" frameborder=\"0\" marginwidth=\"0\" marginheight=\"0\" scrolling=\"no\"><\/iframe><\/p>\n<p>&nbsp;<\/p>\n<h2><span style=\"color: #0000ff;\">SALUTE &amp; SOCIETA&#8217;<\/span><\/h2>\n<p><a class=\"dt-pswp-item\" href=\"https:\/\/www.radiopiu.net\/wordpress\/wp-content\/uploads\/2023\/06\/e8ceb8cc-9912-fb2a-a91d-237dc71c1ec3.jpg\" data-dt-img-description=\"nerve cell in a blue background, 3D illustration\" data-large_image_width=\"800\" data-large_image_height=\"445\"><img loading=\"lazy\" decoding=\"async\" class=\"alignleft wp-image-338964 \" src=\"https:\/\/www.radiopiu.net\/wordpress\/wp-content\/uploads\/2023\/06\/e8ceb8cc-9912-fb2a-a91d-237dc71c1ec3-300x167.jpg\" alt=\"\" width=\"153\" height=\"85\" srcset=\"https:\/\/www.radiopiu.net\/wordpress\/wp-content\/uploads\/2023\/06\/e8ceb8cc-9912-fb2a-a91d-237dc71c1ec3-300x167.jpg 300w, https:\/\/www.radiopiu.net\/wordpress\/wp-content\/uploads\/2023\/06\/e8ceb8cc-9912-fb2a-a91d-237dc71c1ec3-768x427.jpg 768w, https:\/\/www.radiopiu.net\/wordpress\/wp-content\/uploads\/2023\/06\/e8ceb8cc-9912-fb2a-a91d-237dc71c1ec3.jpg 800w\" sizes=\"auto, (max-width: 153px) 100vw, 153px\" \/><\/a><strong>Congresso Nazionale AURO <\/strong>Si \u00e8 tenuto a Roma il trentesimo Congresso Nazionale AURO.it. Un programma molto ricco in cui sono stati affrontati argomenti di alto valore scientifico ma trattati con taglio pratico per poterli integrare efficacemente con la pratica clinica quotidiana.<br \/>\nSclerosi laterale amiotrofica. Patologia neurodegenerativa per antonomasia, la SLA \u00e8 causata dalla morte dei motoneuroni nel cervello e nel midollo spinale.<\/p>\n<audio class=\"wp-audio-shortcode\" id=\"audio-338944-4\" preload=\"none\" style=\"width: 100%;\" controls=\"controls\"><source type=\"audio\/mpeg\" src=\"https:\/\/www.radiopiu.net\/wordpress\/wp-content\/uploads\/2023\/06\/SALUTE.mp3?_=4\" \/><a href=\"https:\/\/www.radiopiu.net\/wordpress\/wp-content\/uploads\/2023\/06\/SALUTE.mp3\">https:\/\/www.radiopiu.net\/wordpress\/wp-content\/uploads\/2023\/06\/SALUTE.mp3<\/a><\/audio>\n<p>&nbsp;<\/p>\n<h2><span style=\"color: #ff0000;\">SENTIMENTAL<\/span><\/h2>\n<p><strong>PUNTATA 07 Chopin e Sand<\/strong><\/p>\n<audio class=\"wp-audio-shortcode\" id=\"audio-338944-5\" preload=\"none\" style=\"width: 100%;\" controls=\"controls\"><source type=\"audio\/mpeg\" src=\"https:\/\/www.radiopiu.net\/wordpress\/wp-content\/uploads\/2023\/05\/PALA.mp3?_=5\" \/><a href=\"https:\/\/www.radiopiu.net\/wordpress\/wp-content\/uploads\/2023\/05\/PALA.mp3\">https:\/\/www.radiopiu.net\/wordpress\/wp-content\/uploads\/2023\/05\/PALA.mp3<\/a><\/audio>\n<p>&nbsp;<\/p>\n<p><strong>LA RACCOLTA COMPLETA<\/strong><\/p>\n<blockquote class=\"wp-embedded-content\" data-secret=\"W5dzGQTtR1\"><p><a href=\"https:\/\/www.radiopiu.net\/wordpress\/sentimental-le-storie-damore-di-paola-lanciato\/\">SENTIMENTAL,\u00a0 &#8220;le storie d&#8217;amore&#8221; DI PAOLA LANCIATO<\/a><\/p><\/blockquote>\n<p><iframe loading=\"lazy\" class=\"wp-embedded-content\" sandbox=\"allow-scripts\" security=\"restricted\" style=\"position: absolute; clip: rect(1px, 1px, 1px, 1px);\" title=\"&#8220;SENTIMENTAL,\u00a0 &#8220;le storie d&#8217;amore&#8221; DI PAOLA LANCIATO&#8221; &#8212; Radio Pi\u00f9\" src=\"https:\/\/www.radiopiu.net\/wordpress\/sentimental-le-storie-damore-di-paola-lanciato\/embed\/#?secret=Ygrhhh7PIE#?secret=W5dzGQTtR1\" data-secret=\"W5dzGQTtR1\" width=\"600\" height=\"338\" frameborder=\"0\" marginwidth=\"0\" marginheight=\"0\" scrolling=\"no\"><\/iframe><\/p>\n<p>&nbsp;<\/p>\n<h2><span style=\"color: #0000ff;\">I RACCONTI DI SKY CIELO BLU, CON GIULIANA DA RONCH E MORENA<\/span><\/h2>\n<p><strong>Puntata 2 &#8211; EL SALT DE CARNIA<\/strong><\/p>\n<audio class=\"wp-audio-shortcode\" id=\"audio-338944-6\" preload=\"none\" style=\"width: 100%;\" controls=\"controls\"><source type=\"audio\/mpeg\" src=\"https:\/\/www.radiopiu.net\/wordpress\/wp-content\/uploads\/2023\/06\/giuliana-da-ronh-SALT-DE-CARNIA.mp3?_=6\" \/><a href=\"https:\/\/www.radiopiu.net\/wordpress\/wp-content\/uploads\/2023\/06\/giuliana-da-ronh-SALT-DE-CARNIA.mp3\">https:\/\/www.radiopiu.net\/wordpress\/wp-content\/uploads\/2023\/06\/giuliana-da-ronh-SALT-DE-CARNIA.mp3<\/a><\/audio>\n\n\t\t\t<style type='text\/css'>\n\t\t\t\t#gallery-2 {\n\t\t\t\t\tmargin: auto;\n\t\t\t\t}\n\t\t\t\t#gallery-2 .gallery-item {\n\t\t\t\t\tfloat: left;\n\t\t\t\t\tmargin-top: 10px;\n\t\t\t\t\ttext-align: center;\n\t\t\t\t\twidth: 33%;\n\t\t\t\t}\n\t\t\t\t#gallery-2 img {\n\t\t\t\t\tborder: 2px solid #cfcfcf;\n\t\t\t\t}\n\t\t\t\t#gallery-2 .gallery-caption {\n\t\t\t\t\tmargin-left: 0;\n\t\t\t\t}\n\t\t\t\t\/* see gallery_shortcode() in wp-includes\/media.php *\/\n\t\t\t<\/style>\n\t\t<div id='gallery-2' class='dt-gallery-container gallery galleryid-338944 gallery-columns-3 gallery-size-thumbnail'><dl class='gallery-item'>\n\t\t\t\t<dt class='gallery-icon landscape'>\n\t\t\t\t\t<a class=\"rollover rollover-zoom dt-pswp-item\" title=\"d3e115e7-3e7a-4b64-9ced-748d9fab281b\" data-dt-img-description=\"\" data-large_image_width=\"1600\" data-large_image_height=\"740\"href='https:\/\/www.radiopiu.net\/wordpress\/wp-content\/uploads\/2023\/06\/d3e115e7-3e7a-4b64-9ced-748d9fab281b.jpg'><img loading=\"lazy\" decoding=\"async\" width=\"150\" height=\"150\" src=\"https:\/\/www.radiopiu.net\/wordpress\/wp-content\/uploads\/2023\/06\/d3e115e7-3e7a-4b64-9ced-748d9fab281b-150x150.jpg\" class=\"attachment-thumbnail size-thumbnail\" alt=\"\" \/><\/a>\n\t\t\t\t<\/dt><\/dl><dl class='gallery-item'>\n\t\t\t\t<dt class='gallery-icon portrait'>\n\t\t\t\t\t<a class=\"rollover rollover-zoom dt-pswp-item\" title=\"bd364ae1-837b-4795-8ee8-e7f4adf13b1e\" data-dt-img-description=\"\" data-large_image_width=\"740\" data-large_image_height=\"1600\"href='https:\/\/www.radiopiu.net\/wordpress\/wp-content\/uploads\/2023\/06\/bd364ae1-837b-4795-8ee8-e7f4adf13b1e.jpg'><img loading=\"lazy\" decoding=\"async\" width=\"150\" height=\"150\" src=\"https:\/\/www.radiopiu.net\/wordpress\/wp-content\/uploads\/2023\/06\/bd364ae1-837b-4795-8ee8-e7f4adf13b1e-150x150.jpg\" class=\"attachment-thumbnail size-thumbnail\" alt=\"\" \/><\/a>\n\t\t\t\t<\/dt><\/dl><dl class='gallery-item'>\n\t\t\t\t<dt class='gallery-icon landscape'>\n\t\t\t\t\t<a class=\"rollover rollover-zoom dt-pswp-item\" title=\"c7c9dfbf-4e42-44f6-a983-e68d22ae7be8\" data-dt-img-description=\"\" data-large_image_width=\"1600\" data-large_image_height=\"739\"href='https:\/\/www.radiopiu.net\/wordpress\/wp-content\/uploads\/2023\/06\/c7c9dfbf-4e42-44f6-a983-e68d22ae7be8.jpg'><img loading=\"lazy\" decoding=\"async\" width=\"150\" height=\"150\" src=\"https:\/\/www.radiopiu.net\/wordpress\/wp-content\/uploads\/2023\/06\/c7c9dfbf-4e42-44f6-a983-e68d22ae7be8-150x150.jpg\" class=\"attachment-thumbnail size-thumbnail\" alt=\"\" \/><\/a>\n\t\t\t\t<\/dt><\/dl><br style=\"clear: both\" \/>\n\t\t\t<\/div>\n\n<p>&nbsp;<\/p>\n<hr \/>\n<p>&nbsp;<\/p>\n<blockquote>\n<h3>59.ma Assemblea Associazione Bellunesi nel Mondo<\/h3>\n<\/blockquote>\n<p><strong><a class=\"dt-pswp-item\" href=\"https:\/\/www.radiopiu.net\/wordpress\/wp-content\/uploads\/2023\/06\/conclusione_assemblea_abm.jpeg\" data-dt-img-description=\"\" data-large_image_width=\"2016\" data-large_image_height=\"1134\"><img loading=\"lazy\" decoding=\"async\" class=\" wp-image-339017 alignleft\" src=\"https:\/\/www.radiopiu.net\/wordpress\/wp-content\/uploads\/2023\/06\/conclusione_assemblea_abm-300x169.jpeg\" alt=\"\" width=\"341\" height=\"192\" srcset=\"https:\/\/www.radiopiu.net\/wordpress\/wp-content\/uploads\/2023\/06\/conclusione_assemblea_abm-300x169.jpeg 300w, https:\/\/www.radiopiu.net\/wordpress\/wp-content\/uploads\/2023\/06\/conclusione_assemblea_abm-1024x576.jpeg 1024w, https:\/\/www.radiopiu.net\/wordpress\/wp-content\/uploads\/2023\/06\/conclusione_assemblea_abm-768x432.jpeg 768w, https:\/\/www.radiopiu.net\/wordpress\/wp-content\/uploads\/2023\/06\/conclusione_assemblea_abm-1536x864.jpeg 1536w, https:\/\/www.radiopiu.net\/wordpress\/wp-content\/uploads\/2023\/06\/conclusione_assemblea_abm.jpeg 2016w\" sizes=\"auto, (max-width: 341px) 100vw, 341px\" \/><\/a>BELLUNO <\/strong>L&#8217;Associazione Bellunesi nel Mondo si \u00e8 riunita in assemblea nella sala &#8220;Bianchi&#8221; a Belluno per fare il bilancio delle attivit\u00e0 svolte nel 2022 e discutere dei progetti per il 2023. Durante l&#8217;assemblea si \u00e8 riflettuto sul fenomeno dell&#8217;emigrazione, in particolare sulla migrazione dei giovani alla ricerca di opportunit\u00e0 altrove. Il presidente dell&#8217;Abm, Oscar De Bona, ha ringraziato il presidente Sergio Mattarella per aver ricordato gli italiani all&#8217;estero nel suo discorso per la Festa della Repubblica, auspicando che l&#8217;emigrazione sia una scelta e non un obbligo. De Bona ha elencato le azioni dell&#8217;Associazione nel 2022, tra cui il concorso letterario &#8220;Raccontare l&#8217;emigrazione veneta&#8221; e il progetto &#8220;SiAmo Italia&#8221; finanziato dalla Farnesina per raccontare storie di successo italiani all&#8217;estero. Sono state menzionate anche attivit\u00e0 culturali, editoriali e di comunicazione, oltre al supporto offerto agli emigranti e a coloro che vogliono partire. Per il 2023 sono stati annunciati progetti legati al turismo delle radici, alla creazione del Museo dell&#8217;emigrazione triveneta e all&#8217;istituzione di borse di studio per studenti bisognosi grazie alle risorse fornite dai circoli di Milano e Lugano. Durante l&#8217;assemblea, sono intervenuti soci provenienti anche dall&#8217;estero e autorit\u00e0 locali, tra cui il presidente della Provincia di Belluno, Roberto Padrin, che ha incoraggiato i giovani a partecipare alle attivit\u00e0 dell&#8217;Associazione.<\/p>\n<hr \/>\n<p>&nbsp;<\/p>\n<blockquote>\n<h2 class=\"entry-title\" style=\"text-align: center;\"><span style=\"color: #ff0000;\">100 ANNI DI RADIO \u2013 40 ANNI DI RADIO PI\u00d9<\/span><\/h2>\n<\/blockquote>\n<p class=\"photoswipe-wrapper\"><a class=\"dt-pswp-item pspw-wrap-ready\" href=\"https:\/\/www.radiopiu.net\/wordpress\/wp-content\/uploads\/2023\/06\/Senza-nome-1.jpg\" data-dt-img-description=\"\" data-large_image_width=\"549\" data-large_image_height=\"429\"><img loading=\"lazy\" decoding=\"async\" class=\"size-medium wp-image-338505 alignleft\" src=\"https:\/\/www.radiopiu.net\/wordpress\/wp-content\/uploads\/2023\/06\/Senza-nome-1-300x234.jpg\" sizes=\"auto, (max-width: 300px) 100vw, 300px\" srcset=\"https:\/\/www.radiopiu.net\/wordpress\/wp-content\/uploads\/2023\/06\/Senza-nome-1-300x234.jpg 300w, https:\/\/www.radiopiu.net\/wordpress\/wp-content\/uploads\/2023\/06\/Senza-nome-1.jpg 549w\" alt=\"\" width=\"300\" height=\"234\" \/><\/a>Da quando l\u2019Eiar diede il via alla sua prima trasmissione radiofonica nel lontano 1923, sono trascorsi ben cento anni dalla nascita di un mezzo di comunicazione che ha segnato la storia dell\u2019umanit\u00e0. La radio, con la sua capacit\u00e0 di informare, intrattenere e connettere le persone, ha mantenuto la sua importanza nel corso dei decenni, adattandosi ai cambiamenti tecnologici e sociali. Dall\u2019Eiar alla Rai, dalle radio locali ai gruppi nazionali privati, fino alle moderne radio web, l\u2019evoluzione del panorama radiofonico ha seguito il mutare dei tempi. Sono stati quarant\u2019anni dalla nascita di Radio Pi\u00f9, emittente che ha saputo\u00a0<a class=\"dt-pswp-item pspw-wrap-ready\" href=\"https:\/\/www.radiopiu.net\/wordpress\/wp-content\/uploads\/2023\/06\/c4f41af3-b1f7-424a-a20c-3563652ec6a0.jpg\" data-dt-img-description=\"\" data-large_image_width=\"1024\" data-large_image_height=\"768\"><img loading=\"lazy\" decoding=\"async\" class=\"size-medium wp-image-338506 alignright\" src=\"https:\/\/www.radiopiu.net\/wordpress\/wp-content\/uploads\/2023\/06\/c4f41af3-b1f7-424a-a20c-3563652ec6a0-300x225.jpg\" sizes=\"auto, (max-width: 300px) 100vw, 300px\" srcset=\"https:\/\/www.radiopiu.net\/wordpress\/wp-content\/uploads\/2023\/06\/c4f41af3-b1f7-424a-a20c-3563652ec6a0-300x225.jpg 300w, https:\/\/www.radiopiu.net\/wordpress\/wp-content\/uploads\/2023\/06\/c4f41af3-b1f7-424a-a20c-3563652ec6a0-768x576.jpg 768w, https:\/\/www.radiopiu.net\/wordpress\/wp-content\/uploads\/2023\/06\/c4f41af3-b1f7-424a-a20c-3563652ec6a0.jpg 1024w\" alt=\"\" width=\"300\" height=\"225\" \/><\/a>raccontare il territorio e diventare un punto di riferimento per gli appassionati di musica, notizie e intrattenimento (foto in alto in esposizione a RADIOPIU della Pizzeria Costa, Canale d\u2019Agordo).\u00a0\u00a0<strong>Per celebrare il valore intramontabile della radio, Radio Pi\u00f9 ha organizzato un evento speciale. Sabato 24, domenica 25 e luned\u00ec 26, nella suggestiva cornice di Taibon Agordino, in Piazza San Rocco, si terr\u00e0 \u201cLa Mostra delle Radio \u2013 Dal Secolo Scorso ad Oggi\u201d. Un\u2019iniziativa unica, nata dall\u2019idea di Ivano Benvegn\u00f9, Franco Gnel Ben e Mirko Mezzacasa, che vuole ripercorrere la storia della radio attraverso le sue diverse epoche.<\/strong><\/p>\n<p class=\"photoswipe-wrapper\"><a class=\"dt-pswp-item pspw-wrap-ready\" href=\"https:\/\/www.radiopiu.net\/wordpress\/wp-content\/uploads\/2023\/06\/490861a5-5a3d-4404-8e46-65b0e77576bb.jpg\" data-dt-img-description=\"\" data-large_image_width=\"1500\" data-large_image_height=\"2000\"><img loading=\"lazy\" decoding=\"async\" class=\"size-medium wp-image-338508 alignleft\" src=\"https:\/\/www.radiopiu.net\/wordpress\/wp-content\/uploads\/2023\/06\/490861a5-5a3d-4404-8e46-65b0e77576bb-225x300.jpg\" sizes=\"auto, (max-width: 225px) 100vw, 225px\" srcset=\"https:\/\/www.radiopiu.net\/wordpress\/wp-content\/uploads\/2023\/06\/490861a5-5a3d-4404-8e46-65b0e77576bb-225x300.jpg 225w, https:\/\/www.radiopiu.net\/wordpress\/wp-content\/uploads\/2023\/06\/490861a5-5a3d-4404-8e46-65b0e77576bb-768x1024.jpg 768w, https:\/\/www.radiopiu.net\/wordpress\/wp-content\/uploads\/2023\/06\/490861a5-5a3d-4404-8e46-65b0e77576bb-1152x1536.jpg 1152w, https:\/\/www.radiopiu.net\/wordpress\/wp-content\/uploads\/2023\/06\/490861a5-5a3d-4404-8e46-65b0e77576bb.jpg 1500w\" alt=\"\" width=\"225\" height=\"300\" \/><\/a>La mostra sar\u00e0 un viaggio affascinante nel tempo, offrendo ai visitatori l\u2019opportunit\u00e0 di esplorare l\u2019evoluzione dei dispositivi radiofonici e delle trasmissioni nel corso dei decenni. Dagli antichi apparecchi a valvole fino ai moderni dispositivi digitali, sar\u00e0 possibile ammirare la tecnologia che ha reso possibile l\u2019ascolto delle voci e delle storie provenienti da tutto il mondo. Oltre alla componente tecnologica, la mostra metter\u00e0 in luce l\u2019impatto sociale e culturale della radio. Attraverso immagini, documenti d\u2019epoca e testimonianze, si cercher\u00e0 di trasmettere l\u2019importanza di questo mezzo di comunicazione nella vita quotidiana delle persone. La radio ha saputo accompagnare gli ascoltatori nelle loro giornate, diventando compagna di viaggio, fonte di informazione e stimolo per l\u2019immaginazione e il sogno. Radio Pi\u00f9, con la sua lunga storia nel panorama radiofonico, \u00e8 orgogliosa di celebrare l\u2019eredit\u00e0 della radio e il suo impatto duraturo sulla societ\u00e0. L\u2019evento in Piazza San Rocco rappresenta un\u2019occasione unica per rivivere i momenti salienti della radiofonia e per riflettere su come questo strumento abbia saputo evolversi e reinventarsi nel corso dei decenni. La radio continua ad essere un mezzo di comunicazione privilegiato, capace di creare un legame intimo tra le persone e di stimolare la fantasia. Proprio per questa ragione, Radio Pi\u00f9 invita tutti a partecipare a questa straordinaria mostra, per riscoprire insieme il fascino intramontabile della radio e per celebrare cento anni di storia e cultura radiofonica (foto a lato di Franco Ben)<\/p>\n<p>&nbsp;<\/p>\n<p>&nbsp;<\/p>\n<hr \/>\n<p>&nbsp;<\/p>\n<blockquote class=\"wp-embedded-content\" data-secret=\"0sYaqNQqnq\"><p><a href=\"https:\/\/www.radiopiu.net\/wordpress\/ncontonse-in-ladino-su-radio-piu-quarta-puntata\/\">&#8220;NCONTONSE&#8221; IN LADINO SU RADIO PI\u00d9, quarta  puntata<\/a><\/p><\/blockquote>\n<p><iframe loading=\"lazy\" class=\"wp-embedded-content\" sandbox=\"allow-scripts\" security=\"restricted\" style=\"position: absolute; clip: rect(1px, 1px, 1px, 1px);\" title=\"&#8220;&#8220;NCONTONSE&#8221; IN LADINO SU RADIO PI\u00d9, quarta  puntata&#8221; &#8212; Radio Pi\u00f9\" src=\"https:\/\/www.radiopiu.net\/wordpress\/ncontonse-in-ladino-su-radio-piu-quarta-puntata\/embed\/#?secret=472pz8J6HF#?secret=0sYaqNQqnq\" data-secret=\"0sYaqNQqnq\" width=\"600\" height=\"338\" frameborder=\"0\" marginwidth=\"0\" marginheight=\"0\" scrolling=\"no\"><\/iframe><\/p>\n<p>&nbsp;<\/p>\n<hr \/>\n<p>&nbsp;<\/p>\n<blockquote class=\"wp-embedded-content\" data-secret=\"gBxJlvmxNZ\"><p><a href=\"https:\/\/www.radiopiu.net\/wordpress\/rimasti-piu-avanti-alla-scoperta-della-musica-bellunese-con-marco-v-dal-farra\/\">&#8220;RIMASTI PIU&#8217; AVANTI&#8221;, ALLA SCOPERTA DELLA MUSICA BELLUNESE CON MARCO V. DAL FARRA<\/a><\/p><\/blockquote>\n<p><iframe loading=\"lazy\" class=\"wp-embedded-content\" sandbox=\"allow-scripts\" security=\"restricted\" style=\"position: absolute; clip: rect(1px, 1px, 1px, 1px);\" title=\"&#8220;&#8220;RIMASTI PIU&#8217; AVANTI&#8221;, ALLA SCOPERTA DELLA MUSICA BELLUNESE CON MARCO V. DAL FARRA&#8221; &#8212; Radio Pi\u00f9\" src=\"https:\/\/www.radiopiu.net\/wordpress\/rimasti-piu-avanti-alla-scoperta-della-musica-bellunese-con-marco-v-dal-farra\/embed\/#?secret=gCMGXyZxII#?secret=gBxJlvmxNZ\" data-secret=\"gBxJlvmxNZ\" width=\"600\" height=\"338\" frameborder=\"0\" marginwidth=\"0\" marginheight=\"0\" scrolling=\"no\"><\/iframe><\/p>\n<p>&nbsp;<\/p>\n<hr \/>\n<p>&nbsp;<\/p>\n<p><a class=\"dt-pswp-item\" href=\"https:\/\/www.radiopiu.net\/wordpress\/wp-content\/uploads\/2023\/05\/07b370aa-6c88-4a9c-929f-e4e6e20e615b.jpg\" data-dt-img-description=\"\" data-large_image_width=\"832\" data-large_image_height=\"1024\"><img loading=\"lazy\" decoding=\"async\" class=\"size-medium wp-image-337511 aligncenter\" src=\"https:\/\/www.radiopiu.net\/wordpress\/wp-content\/uploads\/2023\/05\/07b370aa-6c88-4a9c-929f-e4e6e20e615b-244x300.jpg\" alt=\"\" width=\"244\" height=\"300\" srcset=\"https:\/\/www.radiopiu.net\/wordpress\/wp-content\/uploads\/2023\/05\/07b370aa-6c88-4a9c-929f-e4e6e20e615b-244x300.jpg 244w, https:\/\/www.radiopiu.net\/wordpress\/wp-content\/uploads\/2023\/05\/07b370aa-6c88-4a9c-929f-e4e6e20e615b-768x945.jpg 768w, https:\/\/www.radiopiu.net\/wordpress\/wp-content\/uploads\/2023\/05\/07b370aa-6c88-4a9c-929f-e4e6e20e615b.jpg 832w\" sizes=\"auto, (max-width: 244px) 100vw, 244px\" \/><\/a><\/p>\n<blockquote>\n<h3>TORNA IL &#8220;MINIERE SUNSET&#8221; NELL&#8217;ESTATE DEL CAFFE&#8217; MINIERE DI AGORDO<\/h3>\n<\/blockquote>\n<p><strong><a class=\"dt-pswp-item\" href=\"https:\/\/www.radiopiu.net\/wordpress\/wp-content\/uploads\/2023\/05\/SCR-20230525-kofy.jpeg\" data-dt-img-description=\"\" data-large_image_width=\"1166\" data-large_image_height=\"646\"><img loading=\"lazy\" decoding=\"async\" class=\" wp-image-337439 alignleft\" src=\"https:\/\/www.radiopiu.net\/wordpress\/wp-content\/uploads\/2023\/05\/SCR-20230525-kofy-300x166.jpeg\" alt=\"\" width=\"154\" height=\"85\" srcset=\"https:\/\/www.radiopiu.net\/wordpress\/wp-content\/uploads\/2023\/05\/SCR-20230525-kofy-300x166.jpeg 300w, https:\/\/www.radiopiu.net\/wordpress\/wp-content\/uploads\/2023\/05\/SCR-20230525-kofy-1024x567.jpeg 1024w, https:\/\/www.radiopiu.net\/wordpress\/wp-content\/uploads\/2023\/05\/SCR-20230525-kofy-768x425.jpeg 768w, https:\/\/www.radiopiu.net\/wordpress\/wp-content\/uploads\/2023\/05\/SCR-20230525-kofy.jpeg 1166w\" sizes=\"auto, (max-width: 154px) 100vw, 154px\" \/><\/a>AGORDO<\/strong> Si torna a ballare nell&#8217;estate 2023. Il Caff\u00e8 Miniere di Agordo organizza il &#8220;Miniere Sunset&#8221;, un appuntamento a cadenza mensile con cocktail bar e DJ Set dalle 18 alle 24. Tre mercoled\u00ec di festa. Il 14 giugno con DJ Jack &amp; RDJ, il 19 luglio e il 30 agosto con Morgan &amp; Battaglia DJ&#8217;s. Tutte le serate saranno in diretta su Radio Pi\u00f9 con ospiti a sorpresa.<\/p>\n<p>&nbsp;<\/p>\n<div class=\"page-title-breadcrumbs\">\n<p>&nbsp;<\/p>\n<p>&nbsp;<\/p>\n<hr \/>\n<p>&nbsp;<\/p>\n<h2><span style=\"color: #ff0000;\">GLI APPUNTAMENTI DELLA SETTIMANA<\/span><\/h2>\n<blockquote>\n<blockquote>\n<h3><a class=\"dt-pswp-item\" href=\"https:\/\/www.radiopiu.net\/wordpress\/wp-content\/uploads\/2021\/06\/ebe0e140-b21f-4a97-a898-717eb7fd126f.jpg\" data-dt-img-description=\"\" data-large_image_width=\"2000\" data-large_image_height=\"1500\"><img loading=\"lazy\" decoding=\"async\" class=\" wp-image-215869 alignleft\" src=\"https:\/\/www.radiopiu.net\/wordpress\/wp-content\/uploads\/2021\/06\/ebe0e140-b21f-4a97-a898-717eb7fd126f-300x225.jpg\" alt=\"\" width=\"241\" height=\"181\" srcset=\"https:\/\/www.radiopiu.net\/wordpress\/wp-content\/uploads\/2021\/06\/ebe0e140-b21f-4a97-a898-717eb7fd126f-300x225.jpg 300w, https:\/\/www.radiopiu.net\/wordpress\/wp-content\/uploads\/2021\/06\/ebe0e140-b21f-4a97-a898-717eb7fd126f-1024x768.jpg 1024w, https:\/\/www.radiopiu.net\/wordpress\/wp-content\/uploads\/2021\/06\/ebe0e140-b21f-4a97-a898-717eb7fd126f-768x576.jpg 768w, https:\/\/www.radiopiu.net\/wordpress\/wp-content\/uploads\/2021\/06\/ebe0e140-b21f-4a97-a898-717eb7fd126f-1536x1152.jpg 1536w, https:\/\/www.radiopiu.net\/wordpress\/wp-content\/uploads\/2021\/06\/ebe0e140-b21f-4a97-a898-717eb7fd126f.jpg 2000w\" sizes=\"auto, (max-width: 241px) 100vw, 241px\" \/><\/a>SANT&#8217;ANTONIO&#8230; LA SAGRA A RIVAMONTE!<\/h3>\n<\/blockquote>\n<p><strong>VENERDI 9 GIUGNO<\/strong> ALLE 17 APERTURA TENDONE, SERATA BAVARESE CON LA SPRITZ BAND; <strong>SABATO 10<\/strong> DALLE 17 DJ MORGAN E BATTAGLIA, AL CHIOSCO FANTASIOSI COCKTAIL. IN SERATA LA MUSICA DI WILMER, GNOCH CO LA POINA E ALTRE SPECIALITA&#8217;, DALLA MEZZANOTTE DJ MORGAN A BATTAGLIA.<strong> DOMENICA 11<\/strong> IL TENDONE APRE ALLE 9, ALLE 10 LA CORSA PODISTICA RIVARON, DALLE 12 SI MANGIA, POMERIGGIO CON DJ BISSO E IN SERATA L&#8217;ORCHESTRA PIERETTE ENSAMBLE. PER I BIMBI LA NOVITA&#8217; BUBBLE TEA. <strong>LUNEDI SERA<\/strong> IL TENDONE APRE ALLE 17, IN SERATA SI BALLA CON EROS E KARIN.<strong> MARTEDI 13<\/strong> IL GIORNO SI SANT&#8217;ANTONIO, UNA LUNGA GIORNATA DI FESTA CON IL BALLO FINALE DELLA TUA IDEA. SANT&#8217;ANTONIO, LA SAGRA, CON LA PROLOCO DI RIVAMONTE.<\/p><\/blockquote>\n<p>&nbsp;<\/p>\n<p><strong>L&#8217;INTERVISTA<\/strong><\/p>\n<p><strong><a class=\"dt-pswp-item\" href=\"https:\/\/www.radiopiu.net\/wordpress\/wp-content\/uploads\/2023\/02\/giacomo-bressan.png\" data-dt-img-description=\"\" data-large_image_width=\"622\" data-large_image_height=\"430\"><img loading=\"lazy\" decoding=\"async\" class=\" wp-image-324033 alignleft\" src=\"https:\/\/www.radiopiu.net\/wordpress\/wp-content\/uploads\/2023\/02\/giacomo-bressan-300x207.png\" alt=\"\" width=\"151\" height=\"104\" srcset=\"https:\/\/www.radiopiu.net\/wordpress\/wp-content\/uploads\/2023\/02\/giacomo-bressan-300x207.png 300w, https:\/\/www.radiopiu.net\/wordpress\/wp-content\/uploads\/2023\/02\/giacomo-bressan.png 622w\" sizes=\"auto, (max-width: 151px) 100vw, 151px\" \/><\/a>di Mirko Mezzacasa<\/strong><\/p>\n<p>OSPITE: Giacomo Bressan, presidente della Pro Loco Rivamonte<\/p>\n<audio class=\"wp-audio-shortcode\" id=\"audio-338944-7\" preload=\"none\" style=\"width: 100%;\" controls=\"controls\"><source type=\"audio\/mpeg\" src=\"https:\/\/www.radiopiu.net\/wordpress\/wp-content\/uploads\/2023\/05\/giacomo-bressan-proloco-rivamonte-sanantosnio-1.mp3?_=7\" \/><a href=\"https:\/\/www.radiopiu.net\/wordpress\/wp-content\/uploads\/2023\/05\/giacomo-bressan-proloco-rivamonte-sanantosnio-1.mp3\">https:\/\/www.radiopiu.net\/wordpress\/wp-content\/uploads\/2023\/05\/giacomo-bressan-proloco-rivamonte-sanantosnio-1.mp3<\/a><\/audio>\n<p>&nbsp;<\/p>\n<hr \/>\n<p>&nbsp;<\/p>\n<blockquote>\n<h3>Il Gruppo Alpini organizza una gita indimenticabile alla Foiba di Basovizza con pranzo di pesce a Lignano<\/h3>\n<\/blockquote>\n<p><strong>FALCADE <\/strong>\u00a0I Gruppi Alpini rappresentano un importante pilastro della comunit\u00e0 locale, promuovendo attivit\u00e0 che uniscono tradizione, avventura e scoperta del patrimonio culturale. Nel contesto di queste iniziative, il Gruppo Alpini di Falcade ha annunciato una gita straordinaria che si terr\u00e0 l&#8217;11 giugno, con destinazione la Foiba di Basovizza e una deliziosa pausa pranzo a Lignano.\u00a0 Remo Secchi, responsabile delle iscrizioni, sar\u00e0 il punto di riferimento per tutti coloro che desiderano partecipare. Per prenotare un posto e per ulteriori informazioni, \u00e8 possibile contattare\u00a0 il\u00a0 338 5628415.<\/p>\n<p>&nbsp;<\/p>\n<p>&nbsp;<\/p>\n<hr \/>\n<p>&nbsp;<\/p>\n<h2><span style=\"color: #ff0000;\">PROSSIMAMENTE&#8230;<\/span><\/h2>\n\n\t\t\t<style type='text\/css'>\n\t\t\t\t#gallery-3 {\n\t\t\t\t\tmargin: auto;\n\t\t\t\t}\n\t\t\t\t#gallery-3 .gallery-item {\n\t\t\t\t\tfloat: left;\n\t\t\t\t\tmargin-top: 10px;\n\t\t\t\t\ttext-align: center;\n\t\t\t\t\twidth: 100%;\n\t\t\t\t}\n\t\t\t\t#gallery-3 img {\n\t\t\t\t\tborder: 2px solid #cfcfcf;\n\t\t\t\t}\n\t\t\t\t#gallery-3 .gallery-caption {\n\t\t\t\t\tmargin-left: 0;\n\t\t\t\t}\n\t\t\t\t\/* see gallery_shortcode() in wp-includes\/media.php *\/\n\t\t\t<\/style>\n\t\t<div id='gallery-3' class='dt-gallery-container gallery galleryid-338944 gallery-columns-1 gallery-size-medium'><dl class='gallery-item'>\n\t\t\t\t<dt class='gallery-icon portrait'>\n\t\t\t\t\t<a class=\"rollover rollover-zoom dt-pswp-item\" title=\"42abf5ad-ee3c-42c9-9043-e91339305204\" data-dt-img-description=\"\" data-large_image_width=\"915\" data-large_image_height=\"1280\"href='https:\/\/www.radiopiu.net\/wordpress\/wp-content\/uploads\/2023\/05\/42abf5ad-ee3c-42c9-9043-e91339305204.jpg'><img loading=\"lazy\" decoding=\"async\" width=\"214\" height=\"300\" src=\"https:\/\/www.radiopiu.net\/wordpress\/wp-content\/uploads\/2023\/05\/42abf5ad-ee3c-42c9-9043-e91339305204-214x300.jpg\" class=\"attachment-medium size-medium\" alt=\"\" srcset=\"https:\/\/www.radiopiu.net\/wordpress\/wp-content\/uploads\/2023\/05\/42abf5ad-ee3c-42c9-9043-e91339305204-214x300.jpg 214w, https:\/\/www.radiopiu.net\/wordpress\/wp-content\/uploads\/2023\/05\/42abf5ad-ee3c-42c9-9043-e91339305204-732x1024.jpg 732w, https:\/\/www.radiopiu.net\/wordpress\/wp-content\/uploads\/2023\/05\/42abf5ad-ee3c-42c9-9043-e91339305204-768x1074.jpg 768w, https:\/\/www.radiopiu.net\/wordpress\/wp-content\/uploads\/2023\/05\/42abf5ad-ee3c-42c9-9043-e91339305204.jpg 915w\" sizes=\"auto, (max-width: 214px) 100vw, 214px\" \/><\/a>\n\t\t\t\t<\/dt><\/dl><br style=\"clear: both\" \/>\n\t\t\t<\/div>\n\n<p>&nbsp;<\/p>\n<\/div>\n<p>&nbsp;<\/p>\n<div class=\"page-title-breadcrumbs\">\n<blockquote>\n<h3>LA SERATA DI PRESENTAZIONE DI UNIONETICA<\/h3>\n<\/blockquote>\n<p><strong>BELLUNO<\/strong> Luned\u00ec 12 giugno alle 20:30 alla Sala Eliseo Dal Pont Bianchi di Belluno verr\u00e0 presentata l&#8217;associazione UnionEtica, associazione sindacale che raccoglie famiglie e piccole\/microimprese. Interverranno Diego Moschini, consulente del lavoro, e Daniele Trabucco, Costituzionalista ed autore. Ingresso a offerta libera<\/p>\n<p>&nbsp;<\/p>\n<p>&nbsp;<\/p>\n<hr \/>\n<p>&nbsp;<\/p>\n<p>&nbsp;<\/p>\n<blockquote class=\"wp-embedded-content\" data-secret=\"WuAwI1mmpw\"><p><a href=\"https:\/\/www.radiopiu.net\/wordpress\/la-costruzione-in-pietra-del-ponte-di-lantrago-e-le-grandi-alluvioni-a-la-valle-agordina-nella-seconda-meta-del-1800-seconda-parte\/\">LA COSTRUZIONE IN PIETRA DEL PONTE DI LANTRAGO E LE GRANDI ALLUVIONI A LA VALLE AGORDINA NELLA SECONDA MET\u00c0 DEL 1800 \u2013 SECONDA PARTE<\/a><\/p><\/blockquote>\n<p><iframe loading=\"lazy\" class=\"wp-embedded-content\" sandbox=\"allow-scripts\" security=\"restricted\" style=\"position: absolute; clip: rect(1px, 1px, 1px, 1px);\" title=\"&#8220;LA COSTRUZIONE IN PIETRA DEL PONTE DI LANTRAGO E LE GRANDI ALLUVIONI A LA VALLE AGORDINA NELLA SECONDA MET\u00c0 DEL 1800 \u2013 SECONDA PARTE&#8221; &#8212; Radio Pi\u00f9\" src=\"https:\/\/www.radiopiu.net\/wordpress\/la-costruzione-in-pietra-del-ponte-di-lantrago-e-le-grandi-alluvioni-a-la-valle-agordina-nella-seconda-meta-del-1800-seconda-parte\/embed\/#?secret=kUBELW7QFB#?secret=WuAwI1mmpw\" data-secret=\"WuAwI1mmpw\" width=\"600\" height=\"338\" frameborder=\"0\" marginwidth=\"0\" marginheight=\"0\" scrolling=\"no\"><\/iframe><\/p>\n<p>&nbsp;<\/p>\n<hr \/>\n<p>&nbsp;<\/p>\n<div dir=\"auto\">\n<div class=\"message spoilers-container\" dir=\"auto\">\n<div>\n<div class=\"b654a4as d2edcug0\">\n<div class=\"rq0escxv hkbzh7o3 jwdofwj8 n8tt0mok r8blr3vg hyh9befq\">\n<p><a class=\"dt-pswp-item\" href=\"https:\/\/www.radiopiu.net\/wordpress\/wp-content\/uploads\/2020\/10\/pp.jpg\" data-dt-img-description=\"\" data-large_image_width=\"640\" data-large_image_height=\"640\"><img loading=\"lazy\" decoding=\"async\" class=\"wp-image-163678 alignleft\" src=\"https:\/\/www.radiopiu.net\/wordpress\/wp-content\/uploads\/2020\/10\/pp-300x300.jpg\" alt=\"\" width=\"106\" height=\"106\" srcset=\"https:\/\/www.radiopiu.net\/wordpress\/wp-content\/uploads\/2020\/10\/pp-300x300.jpg 300w, https:\/\/www.radiopiu.net\/wordpress\/wp-content\/uploads\/2020\/10\/pp-150x150.jpg 150w, https:\/\/www.radiopiu.net\/wordpress\/wp-content\/uploads\/2020\/10\/pp-125x125.jpg 125w, https:\/\/www.radiopiu.net\/wordpress\/wp-content\/uploads\/2020\/10\/pp-200x200.jpg 200w, https:\/\/www.radiopiu.net\/wordpress\/wp-content\/uploads\/2020\/10\/pp-80x80.jpg 80w, https:\/\/www.radiopiu.net\/wordpress\/wp-content\/uploads\/2020\/10\/pp-480x480.jpg 480w, https:\/\/www.radiopiu.net\/wordpress\/wp-content\/uploads\/2020\/10\/pp.jpg 640w\" sizes=\"auto, (max-width: 106px) 100vw, 106px\" \/><\/a><\/p>\n<\/div>\n<\/div>\n<\/div>\n<\/div>\n<div class=\"message spoilers-container\" dir=\"auto\">\n<div class=\"page-title-head hgroup\">\n<div class=\"page-title-head hgroup\">\n<div class=\"b654a4as d2edcug0\">\n<div class=\"j83agx80 btwxx1t3 lhclo0ds hop8lmos nkwizq5d scwd0bx6 roh60bw9\">\n<div class=\"rq0escxv hkbzh7o3 jwdofwj8 n8tt0mok r8blr3vg hyh9befq\">\n<div class=\"do00u71z l9j0dhe7 k4urcfbm\" style=\"text-align: left;\">\n<h2><span style=\"color: #000080;\">DON CESARE, IL PENSIERO DEL GIORNO. ALLA RADIO ALLE 7 DEL MATTINO E ALLE 19.30 DELLA SERA<\/span><\/h2>\n<p>&nbsp;<\/p>\n<\/div>\n<div>\n<audio class=\"wp-audio-shortcode\" id=\"audio-338944-8\" preload=\"none\" style=\"width: 100%;\" controls=\"controls\"><source type=\"audio\/mpeg\" src=\"https:\/\/www.radiopiu.net\/wordpress\/wp-content\/uploads\/2023\/06\/CESARE-2.mp3?_=8\" \/><a href=\"https:\/\/www.radiopiu.net\/wordpress\/wp-content\/uploads\/2023\/06\/CESARE-2.mp3\">https:\/\/www.radiopiu.net\/wordpress\/wp-content\/uploads\/2023\/06\/CESARE-2.mp3<\/a><\/audio>\n<\/div>\n<\/div>\n<\/div>\n<\/div>\n<\/div>\n<\/div>\n<\/div>\n<\/div>\n<blockquote>\n<div class=\"message spoilers-container\" dir=\"auto\">\n<p>&nbsp;<\/p>\n<\/div>\n<\/blockquote>\n<p>&nbsp;<\/p>\n<div class=\"message spoilers-container\" dir=\"auto\">\n<hr \/>\n<\/div>\n<div class=\"message spoilers-container\" dir=\"auto\">\n<div class=\"column\">\n<p>&nbsp;<\/p>\n<h2><strong><a class=\"dt-pswp-item\" href=\"https:\/\/www.radiopiu.net\/wordpress\/wp-content\/uploads\/2022\/05\/ANDREA-BALDASSI.jpg\" data-dt-img-description=\"\" data-large_image_width=\"1218\" data-large_image_height=\"1600\"><img loading=\"lazy\" decoding=\"async\" class=\" wp-image-274017 alignleft\" src=\"https:\/\/www.radiopiu.net\/wordpress\/wp-content\/uploads\/2022\/05\/ANDREA-BALDASSI-228x300.jpg\" alt=\"\" width=\"109\" height=\"143\" srcset=\"https:\/\/www.radiopiu.net\/wordpress\/wp-content\/uploads\/2022\/05\/ANDREA-BALDASSI-228x300.jpg 228w, https:\/\/www.radiopiu.net\/wordpress\/wp-content\/uploads\/2022\/05\/ANDREA-BALDASSI-780x1024.jpg 780w, https:\/\/www.radiopiu.net\/wordpress\/wp-content\/uploads\/2022\/05\/ANDREA-BALDASSI-768x1009.jpg 768w, https:\/\/www.radiopiu.net\/wordpress\/wp-content\/uploads\/2022\/05\/ANDREA-BALDASSI-1169x1536.jpg 1169w, https:\/\/www.radiopiu.net\/wordpress\/wp-content\/uploads\/2022\/05\/ANDREA-BALDASSI.jpg 1218w\" sizes=\"auto, (max-width: 109px) 100vw, 109px\" \/><\/a><\/strong><span style=\"color: #008000;\">LA RASSEGNA STAMPA DA L&#8217;AMICO DEL POPOLO<\/span><\/h2>\n<p><strong>di Gianni Santomaso<\/strong><\/p>\n<p>OSPITE: Andrea Baldassi, responsabile Comitato Calcio Agordino<\/p>\n<audio class=\"wp-audio-shortcode\" id=\"audio-338944-9\" preload=\"none\" style=\"width: 100%;\" controls=\"controls\"><source type=\"audio\/mpeg\" src=\"https:\/\/www.radiopiu.net\/wordpress\/wp-content\/uploads\/2023\/06\/RASSEGNA-GIANNI.mp3?_=9\" \/><a href=\"https:\/\/www.radiopiu.net\/wordpress\/wp-content\/uploads\/2023\/06\/RASSEGNA-GIANNI.mp3\">https:\/\/www.radiopiu.net\/wordpress\/wp-content\/uploads\/2023\/06\/RASSEGNA-GIANNI.mp3<\/a><\/audio>\n<p>&nbsp;<\/p>\n<hr \/>\n<p>&nbsp;<\/p>\n<p><img loading=\"lazy\" decoding=\"async\" class=\"aligncenter wp-image-61954 size-full\" src=\"https:\/\/www.radiopiu.net\/wordpress\/wp-content\/uploads\/2018\/09\/viabilita.jpeg\" sizes=\"auto, (max-width: 800px) 100vw, 800px\" srcset=\"https:\/\/www.radiopiu.net\/wordpress\/wp-content\/uploads\/2018\/09\/viabilita.jpeg 800w, https:\/\/www.radiopiu.net\/wordpress\/wp-content\/uploads\/2018\/09\/viabilita-300x38.jpeg 300w, https:\/\/www.radiopiu.net\/wordpress\/wp-content\/uploads\/2018\/09\/viabilita-768x96.jpeg 768w\" alt=\"\" width=\"800\" height=\"100\" \/><\/p>\n<\/div>\n<\/div>\n<div class=\"message spoilers-container\" dir=\"auto\">\n<div class=\"column\">\n<p>&nbsp;<\/p>\n<\/div>\n<\/div>\n<div class=\"message spoilers-container\" dir=\"auto\">\n<div class=\"column\">\n<div>\n<div dir=\"ltr\">\n<div class=\"gmail_quote\">\n<div dir=\"ltr\">\n<div>\n<blockquote class=\"wp-embedded-content\" data-secret=\"HCKOQlSrKI\"><p><a href=\"https:\/\/www.radiopiu.net\/wordpress\/viabilita\/\">viabilita<\/a><\/p><\/blockquote>\n<p><iframe loading=\"lazy\" class=\"wp-embedded-content\" sandbox=\"allow-scripts\" security=\"restricted\" style=\"position: absolute; clip: rect(1px, 1px, 1px, 1px);\" title=\"&#8220;viabilita&#8221; &#8212; Radio Pi\u00f9\" src=\"https:\/\/www.radiopiu.net\/wordpress\/viabilita\/embed\/#?secret=oa9pgcs4WS#?secret=HCKOQlSrKI\" data-secret=\"HCKOQlSrKI\" width=\"600\" height=\"338\" frameborder=\"0\" marginwidth=\"0\" marginheight=\"0\" scrolling=\"no\"><\/iframe><\/p>\n<\/div>\n<div><\/div>\n<div><\/div>\n<div><\/div>\n<\/div>\n<\/div>\n<\/div>\n<\/div>\n<hr \/>\n<p>&nbsp;<\/p>\n<p><a class=\"dt-pswp-item\" href=\"https:\/\/www.radiopiu.net\/wordpress\/wp-content\/uploads\/2018\/09\/WhatsApp-Image-2018-09-20-at-16.04.06.jpeg\" data-dt-img-description=\"\" data-large_image_width=\"800\" data-large_image_height=\"100\"><img loading=\"lazy\" decoding=\"async\" class=\"wp-image-61378 size-full aligncenter\" src=\"https:\/\/www.radiopiu.net\/wordpress\/wp-content\/uploads\/2018\/09\/WhatsApp-Image-2018-09-20-at-16.04.06.jpeg\" alt=\"\" width=\"800\" height=\"100\" srcset=\"https:\/\/www.radiopiu.net\/wordpress\/wp-content\/uploads\/2018\/09\/WhatsApp-Image-2018-09-20-at-16.04.06.jpeg 800w, https:\/\/www.radiopiu.net\/wordpress\/wp-content\/uploads\/2018\/09\/WhatsApp-Image-2018-09-20-at-16.04.06-300x38.jpeg 300w, https:\/\/www.radiopiu.net\/wordpress\/wp-content\/uploads\/2018\/09\/WhatsApp-Image-2018-09-20-at-16.04.06-768x96.jpeg 768w\" sizes=\"auto, (max-width: 800px) 100vw, 800px\" \/><\/a><\/p>\n<\/div>\n<\/div>\n<div class=\"message spoilers-container\" dir=\"auto\"><\/div>\n<p><center><\/center><center><b>OGGI<\/b><\/center><b>Tempo atteso: <\/b>Tempo discreto al mattino con tratti soleggiati e primi annuvolamenti per comparsa di stratocumuli. Al pomeriggio riduzione del soleggiamento per attivit\u00e0 cumuliforme irregolare, associata a qualche fenomeno convettivo.<br \/>\n<b>Precipitazioni: <\/b>Nella notte e al mattino assenti (0%); dalle ore centrali e al pomeriggio ripresa dell&#8217;instabilit\u00e0 convettiva con qualche rovescio sparso (40-60%), occasionalmente anche temporalesco sulle fascia prealpina, mentre l&#8217;insidia temporalesca sar\u00e0 assai minore sulle Dolomiti (10%).<br \/>\n<b>Temperature: <\/b>Minime in lieve aumento in quota e in calo nelle valli in caso di schiarite notturne; massime in ripresa.<\/p>\n<hr \/>\n<p><center><b>DOMANI<\/b><\/center><b>Tempo atteso: <\/b>Al mattino ampi tratti di sole con temporanei annuvolamenti medio-alti. Al pomeriggio riduzione del soleggiamento per attivit\u00e0 cumuliforme irregolare, responsabile di qualche focolaio temporalesco.<br \/>\n<b>Precipitazioni: <\/b>Al mattino assenti (0%); al pomeriggio contenuto rischio di qualche rovescio o temporale sparso (40-50%).<br \/>\n<b>Temperature: <\/b>In generale aumento, eccetto lieve calo delle minime nella valli.<\/p>\n<hr \/>\n<p><center><b>GIOVEDI<\/b><\/center>Tempo maggiormente soleggiato al mattino, con lunghi tratti di cielo sereno. Poi attivit\u00e0 cumuliforme da moderata a forte. L&#8217;insidia di fenomeni convettivi, anche temporaleschi torner\u00e0 ad aumentare. Temperature in generale aumento.<\/p>\n<hr \/>\n<p><center><b>VENERDI<\/b><\/center>Tempo in prevalenza soleggiato al mattino, poi sensibile riduzione del soleggiamento per moderata\/forte attivit\u00e0 cumuliforme associata a rovesci e temporali. La maggiore convezione diurna favorir\u00e0 un&#8217;instabilit\u00e0 pi\u00f9 spiccata rispetto a gioved\u00ec. Temperature in generale aumento.<\/p>\n<p>&nbsp;<\/p>\n<div class=\"message spoilers-container\" dir=\"auto\">\n<hr \/>\n<p>&nbsp;<\/p>\n<p><a class=\"dt-pswp-item\" href=\"https:\/\/www.radiopiu.net\/wordpress\/wp-content\/uploads\/2018\/09\/sport.jpg\" data-dt-img-description=\"\" data-large_image_width=\"800\" data-large_image_height=\"100\"><img loading=\"lazy\" decoding=\"async\" class=\"aligncenter wp-image-60761 size-full\" src=\"https:\/\/www.radiopiu.net\/wordpress\/wp-content\/uploads\/2018\/09\/sport.jpg\" alt=\"\" width=\"800\" height=\"100\" srcset=\"https:\/\/www.radiopiu.net\/wordpress\/wp-content\/uploads\/2018\/09\/sport.jpg 800w, https:\/\/www.radiopiu.net\/wordpress\/wp-content\/uploads\/2018\/09\/sport-300x38.jpg 300w, https:\/\/www.radiopiu.net\/wordpress\/wp-content\/uploads\/2018\/09\/sport-768x96.jpg 768w\" sizes=\"auto, (max-width: 800px) 100vw, 800px\" \/><\/a><\/p>\n<\/div>\n<div class=\"message spoilers-container\" dir=\"auto\">\n<blockquote>\n<h3><\/h3>\n<h2>DIRETTA RADIOPIU CAMPIONATO AGORDINO SHOW puntata 1<\/h2>\n<\/blockquote>\n<p><iframe loading=\"lazy\" title=\"CAMPIONATO AGORDINO SHOW 2023 - 1\u00b0 PUNTATA\" width=\"1200\" height=\"675\" src=\"https:\/\/www.youtube.com\/embed\/-hmSigBYREY?feature=oembed\" frameborder=\"0\" allow=\"accelerometer; autoplay; clipboard-write; encrypted-media; gyroscope; picture-in-picture; web-share\" allowfullscreen><\/iframe><\/p>\n<blockquote><p>&nbsp;<\/p>\n<p>&nbsp;<\/p>\n<hr \/>\n<h3>WILLIAM E FEDERICO IN ISLANDA, la prima tappa 12 chilometri<\/h3>\n<\/blockquote>\n<blockquote>\n<blockquote>\n<h3><a class=\"dt-pswp-item\" href=\"https:\/\/www.radiopiu.net\/wordpress\/wp-content\/uploads\/2023\/06\/0b4c0fbd-7c6e-4432-b302-0b950b51110c.jpg\" data-dt-img-description=\"\" data-large_image_width=\"768\" data-large_image_height=\"1024\"><img loading=\"lazy\" decoding=\"async\" class=\"wp-image-339050 alignleft\" src=\"https:\/\/www.radiopiu.net\/wordpress\/wp-content\/uploads\/2023\/06\/0b4c0fbd-7c6e-4432-b302-0b950b51110c-225x300.jpg\" alt=\"\" width=\"104\" height=\"139\" srcset=\"https:\/\/www.radiopiu.net\/wordpress\/wp-content\/uploads\/2023\/06\/0b4c0fbd-7c6e-4432-b302-0b950b51110c-225x300.jpg 225w, https:\/\/www.radiopiu.net\/wordpress\/wp-content\/uploads\/2023\/06\/0b4c0fbd-7c6e-4432-b302-0b950b51110c.jpg 768w\" sizes=\"auto, (max-width: 104px) 100vw, 104px\" \/><\/a><\/h3>\n<\/blockquote>\n<p><strong>REDAZIONE<\/strong> Inizia la RunIsland a tappe. Cinque giorni di gare al circolo polare artico. Una competizione a tappe in un&#8217;isola che in questo periodo ha luce 24 ore al giorno. Nonostante si collochi nel circolo polare artico, l&#8217;islanda \u00e8 un&#8217;isola verde e William Da Roit assieme a Federico De Col gareggeranno per scoprire questo posto da favola.<\/p>\n<p>&nbsp;<\/p>\n<p>CON LA COLLABORAZIONE DI FEDERICO DE\u00a0 COL<\/p>\n<p>&nbsp;<\/p>\n<p><strong><span style=\"color: #ff0000;\">PUNTATA 02 &#8211; DA ROIT-DE COL<\/span><\/strong><\/p>\n<audio class=\"wp-audio-shortcode\" id=\"audio-338944-10\" preload=\"none\" style=\"width: 100%;\" controls=\"controls\"><source type=\"audio\/mpeg\" src=\"https:\/\/www.radiopiu.net\/wordpress\/wp-content\/uploads\/2023\/06\/williamn2.mp3?_=10\" \/><a href=\"https:\/\/www.radiopiu.net\/wordpress\/wp-content\/uploads\/2023\/06\/williamn2.mp3\">https:\/\/www.radiopiu.net\/wordpress\/wp-content\/uploads\/2023\/06\/williamn2.mp3<\/a><\/audio>\n<p>&nbsp;<\/p>\n<p><span style=\"color: #ff0000;\"><strong>PUNTATA 01 &#8211; IN VIAGGIO VERSO L&#8217;ISLANDA<\/strong><\/span><\/p>\n<audio class=\"wp-audio-shortcode\" id=\"audio-338944-11\" preload=\"none\" style=\"width: 100%;\" controls=\"controls\"><source type=\"audio\/mpeg\" src=\"https:\/\/www.radiopiu.net\/wordpress\/wp-content\/uploads\/2023\/06\/WILLIAM-01.mp3?_=11\" \/><a href=\"https:\/\/www.radiopiu.net\/wordpress\/wp-content\/uploads\/2023\/06\/WILLIAM-01.mp3\">https:\/\/www.radiopiu.net\/wordpress\/wp-content\/uploads\/2023\/06\/WILLIAM-01.mp3<\/a><\/audio>\n<p>&nbsp;<\/p>\n<p>&nbsp;<\/p>\n\n\t\t\t<style type='text\/css'>\n\t\t\t\t#gallery-4 {\n\t\t\t\t\tmargin: auto;\n\t\t\t\t}\n\t\t\t\t#gallery-4 .gallery-item {\n\t\t\t\t\tfloat: left;\n\t\t\t\t\tmargin-top: 10px;\n\t\t\t\t\ttext-align: center;\n\t\t\t\t\twidth: 33%;\n\t\t\t\t}\n\t\t\t\t#gallery-4 img {\n\t\t\t\t\tborder: 2px solid #cfcfcf;\n\t\t\t\t}\n\t\t\t\t#gallery-4 .gallery-caption {\n\t\t\t\t\tmargin-left: 0;\n\t\t\t\t}\n\t\t\t\t\/* see gallery_shortcode() in wp-includes\/media.php *\/\n\t\t\t<\/style>\n\t\t<div id='gallery-4' class='dt-gallery-container gallery galleryid-338944 gallery-columns-3 gallery-size-thumbnail'><dl class='gallery-item'>\n\t\t\t\t<dt class='gallery-icon landscape'>\n\t\t\t\t\t<a class=\"rollover rollover-zoom dt-pswp-item\" title=\"49780c04-91a2-40bc-891f-4d86f9522876\" data-dt-img-description=\"\" data-large_image_width=\"2048\" data-large_image_height=\"1539\"href='https:\/\/www.radiopiu.net\/wordpress\/wp-content\/uploads\/2023\/06\/49780c04-91a2-40bc-891f-4d86f9522876.jpg'><img loading=\"lazy\" decoding=\"async\" width=\"150\" height=\"150\" src=\"https:\/\/www.radiopiu.net\/wordpress\/wp-content\/uploads\/2023\/06\/49780c04-91a2-40bc-891f-4d86f9522876-150x150.jpg\" class=\"attachment-thumbnail size-thumbnail\" alt=\"\" \/><\/a>\n\t\t\t\t<\/dt><\/dl><dl class='gallery-item'>\n\t\t\t\t<dt class='gallery-icon portrait'>\n\t\t\t\t\t<a class=\"rollover rollover-zoom dt-pswp-item\" title=\"ec352ebc-c4e9-42a6-b605-3c2539e493c9\" data-dt-img-description=\"\" data-large_image_width=\"1128\" data-large_image_height=\"2000\"href='https:\/\/www.radiopiu.net\/wordpress\/wp-content\/uploads\/2023\/06\/ec352ebc-c4e9-42a6-b605-3c2539e493c9.jpg'><img loading=\"lazy\" decoding=\"async\" width=\"150\" height=\"150\" src=\"https:\/\/www.radiopiu.net\/wordpress\/wp-content\/uploads\/2023\/06\/ec352ebc-c4e9-42a6-b605-3c2539e493c9-150x150.jpg\" class=\"attachment-thumbnail size-thumbnail\" alt=\"\" \/><\/a>\n\t\t\t\t<\/dt><\/dl><dl class='gallery-item'>\n\t\t\t\t<dt class='gallery-icon landscape'>\n\t\t\t\t\t<a class=\"rollover rollover-zoom dt-pswp-item\" title=\"419697e0-c6b0-48fb-8b9d-b967644d0f16\" data-dt-img-description=\"\" data-large_image_width=\"2048\" data-large_image_height=\"1539\"href='https:\/\/www.radiopiu.net\/wordpress\/wp-content\/uploads\/2023\/06\/419697e0-c6b0-48fb-8b9d-b967644d0f16.jpg'><img loading=\"lazy\" decoding=\"async\" width=\"150\" height=\"150\" src=\"https:\/\/www.radiopiu.net\/wordpress\/wp-content\/uploads\/2023\/06\/419697e0-c6b0-48fb-8b9d-b967644d0f16-150x150.jpg\" class=\"attachment-thumbnail size-thumbnail\" alt=\"\" \/><\/a>\n\t\t\t\t<\/dt><\/dl><br style=\"clear: both\" \/>\n\t\t\t<\/div>\n\n<p>&nbsp;<\/p><\/blockquote>\n<p><strong>CALCIO<\/strong><\/p>\n<p>IL PUNTO DOPO LA PRIMA GIORNATA DEL CAMPIONATO AGORDINO DI CALCIO<\/p>\n<p><strong><a class=\"dt-pswp-item\" href=\"https:\/\/www.radiopiu.net\/wordpress\/wp-content\/uploads\/2023\/03\/CAMPIONATO-AGORDINO-2023.png\" data-dt-img-description=\"\" data-large_image_width=\"1434\" data-large_image_height=\"938\"><img loading=\"lazy\" decoding=\"async\" class=\" wp-image-327073 alignleft\" src=\"https:\/\/www.radiopiu.net\/wordpress\/wp-content\/uploads\/2023\/03\/CAMPIONATO-AGORDINO-2023-300x196.png\" alt=\"\" width=\"174\" height=\"114\" srcset=\"https:\/\/www.radiopiu.net\/wordpress\/wp-content\/uploads\/2023\/03\/CAMPIONATO-AGORDINO-2023-300x196.png 300w, https:\/\/www.radiopiu.net\/wordpress\/wp-content\/uploads\/2023\/03\/CAMPIONATO-AGORDINO-2023-1024x670.png 1024w, https:\/\/www.radiopiu.net\/wordpress\/wp-content\/uploads\/2023\/03\/CAMPIONATO-AGORDINO-2023-768x502.png 768w, https:\/\/www.radiopiu.net\/wordpress\/wp-content\/uploads\/2023\/03\/CAMPIONATO-AGORDINO-2023.png 1434w\" sizes=\"auto, (max-width: 174px) 100vw, 174px\" \/><\/a>di Marco Gaz<\/strong><\/p>\n<p><strong>REDAZIONE <\/strong>Dopo i primi ottanta minuti di gioco del Memorial Attilio Moretti, si evince che c\u2019\u00e8 poco equilibrio tra le 12 formazioni del Campionato Agordino di calcio. Infatti, nessuna partita \u00e8 terminata in parit\u00e0 e nei due gironi ci sono solo squadre a punteggio pieno. L\u2019unica partita rimasta in bilico fino alla fine \u00e8 quella di Gosaldo dove i padroni di casa hanno perso di misura contro un Caprile che ha saputo sfruttare al meglio le uniche due occasioni del match. Voltago e La Valle hanno fatto la voce grossa rifilando rispettivamente 5 gol al Cencenighe e 6 al Rivamonte. Bene anche il Vallada che esordisce con una vittoria contro l\u2019Alleghe. Il Taibon invece gioca solo 30\u2019 con il Le Ville e perde nonostante l\u2019uomo in pi\u00f9 dopo un\u2019espulsione arrivata dopo pochi minuti di gioco. A partire dalla prossima settimana si inizier\u00e0 a fare sul serio e le formazioni che hanno come obbiettivo la qualificazione diretta ai quarti dovranno stare attente, in primis Taibon e Gosaldo che giocheranno lo scontro diretto domenica al \u201cCesare Scatena\u201d.<\/p>\n<p>&nbsp;<\/p>\n<p><span style=\"color: #0000ff;\"><strong>NUOTO<\/strong><\/span><\/p>\n<blockquote>\n<h3><strong><a class=\"dt-pswp-item\" href=\"https:\/\/www.radiopiu.net\/wordpress\/wp-content\/uploads\/2023\/06\/Foto-Conferenza.jpg\" data-dt-img-description=\"\" data-large_image_width=\"2016\" data-large_image_height=\"1512\"><img loading=\"lazy\" decoding=\"async\" class=\" wp-image-339020 alignleft\" src=\"https:\/\/www.radiopiu.net\/wordpress\/wp-content\/uploads\/2023\/06\/Foto-Conferenza-300x225.jpg\" alt=\"\" width=\"225\" height=\"169\" srcset=\"https:\/\/www.radiopiu.net\/wordpress\/wp-content\/uploads\/2023\/06\/Foto-Conferenza-300x225.jpg 300w, https:\/\/www.radiopiu.net\/wordpress\/wp-content\/uploads\/2023\/06\/Foto-Conferenza-1024x768.jpg 1024w, https:\/\/www.radiopiu.net\/wordpress\/wp-content\/uploads\/2023\/06\/Foto-Conferenza-768x576.jpg 768w, https:\/\/www.radiopiu.net\/wordpress\/wp-content\/uploads\/2023\/06\/Foto-Conferenza-1536x1152.jpg 1536w, https:\/\/www.radiopiu.net\/wordpress\/wp-content\/uploads\/2023\/06\/Foto-Conferenza.jpg 2016w\" sizes=\"auto, (max-width: 225px) 100vw, 225px\" \/><\/a>10\u00b0 Edizione Vascalonga in piscina a Lambioi<\/strong><\/h3>\n<\/blockquote>\n<p><strong>BELLUNO<\/strong> Dopo la pausa forzata del Covid, sabato ritorna l\u2019amata staffetta a squadre in piscina a Belluno giunta alla propria decima edizione. Come hanno ricordato Stefano Caldart ed Anna Fontana di SportivamenteBelluno, saranno 25 le squadre presenti composte ciascuna da 18 atleti. Quindi ben 450 nuotatori che si alterneranno ogni 20 minuto dalle ore 14 fino alle ore 20 di sabato. La Vascalonga vede la collaborazione fattiva con l\u2019Associazione Pollicino che si occupa della parte ludica ed enogastronomica dell\u2019evento nel piazzale antistante la piscina. \u00a0Una tre giorni intensa dove praticare lo sport che si ama e fare del bene con la devoluzione dell\u2019introito ai bambini di Casa Pollicino, reso possibile dall\u2019instancabile lavoro di oltre 100 volontari della piscina ed i quasi 50 dell\u2019associazione Pollicino.<\/p>\n<p>&nbsp;<\/p>\n<p><span style=\"color: #0000ff;\"><strong>EQUITAZIONE<\/strong><\/span><\/p>\n<blockquote>\n<h3>UN QUINTO POSTO PER IL PR RANCH NELLA PRIMA TAPPA DELLA COPPA DELLE REGIONI<\/h3>\n<\/blockquote>\n<p><strong><a class=\"dt-pswp-item\" href=\"https:\/\/www.radiopiu.net\/wordpress\/wp-content\/uploads\/2020\/07\/PR-RANCH-LA-VALLE.jpg\" data-dt-img-description=\"\" data-large_image_width=\"300\" data-large_image_height=\"225\"><img loading=\"lazy\" decoding=\"async\" class=\" wp-image-147368 alignleft\" src=\"https:\/\/www.radiopiu.net\/wordpress\/wp-content\/uploads\/2020\/07\/PR-RANCH-LA-VALLE.jpg\" alt=\"\" width=\"135\" height=\"101\" \/><\/a>REDAZIONE<\/strong> E&#8217; terminata la prima tappa della Coppa Delle Regioni di Equitazione. In provincia di Monza Brianza le ultime gare che ha visto anche il PR Ranch protagonista nella categoria E di volteggio. I ragazzi agordini hanno chiuso al quinto posto con tanta soddisfazione da parte degli allenatori che non si aspettavano un risultato cos\u00ec di rilievo in ambito nazionale. Da segnalare che era la prima esperienza in una gara FISE per gli atleti del PR Ranch.<\/p>\n<p>&nbsp;<\/p>\n<p>&nbsp;<\/p>\n<p>&nbsp;<\/p>\n<\/div>\n<\/div>\n","protected":false},"excerpt":{"rendered":"<p>ISCRIVITI AL NOSTRO CANALE\u00a0 YOUTUBE PER SEGUIRE IN DIRETTA I PRINCIPALI PROGRAMMI DI RADIO PIU&#8217; E LE FUTURE DIRETTE IN ESTERNA. PER ISCRIVERTI CLICCA QUI E PREMI\u00a0 &#8220;Iscriviti&#8221;\u00a0 \u00a0 &nbsp; &nbsp; &nbsp; PROVINCIALE 26, VOLTAGO-RIVAMONTE CHIUSA PER QUATTRO GIORNI AGGIORNAMENTO QUOTIDIANO, IN\u00a0 COLLABORAZIONE CON VENETO STRADE SP 26 DI DIGOMAN localit\u00e0 Voltago, fino all&#8217;8 giugno&hellip;<\/p>\n","protected":false},"author":4,"featured_media":339003,"comment_status":"closed","ping_status":"closed","sticky":false,"template":"","format":"standard","meta":{"_monsterinsights_skip_tracking":false,"_monsterinsights_sitenote_active":false,"_monsterinsights_sitenote_note":"","_monsterinsights_sitenote_category":0,"footnotes":""},"categories":[51,86,49],"tags":[],"class_list":["post-338944","post","type-post","status-publish","format-standard","has-post-thumbnail","hentry","category-evidenza-top","category-gr","category-news-18","category-51","category-86","category-49","description-off"],"img_url":"https:\/\/www.radiopiu.net\/wordpress\/wp-content\/uploads\/2023\/06\/68e70bee-34fd-41df-930c-f62f9357a86a.jpg","_links":{"self":[{"href":"https:\/\/www.radiopiu.net\/wordpress\/wp-json\/wp\/v2\/posts\/338944","targetHints":{"allow":["GET"]}}],"collection":[{"href":"https:\/\/www.radiopiu.net\/wordpress\/wp-json\/wp\/v2\/posts"}],"about":[{"href":"https:\/\/www.radiopiu.net\/wordpress\/wp-json\/wp\/v2\/types\/post"}],"author":[{"embeddable":true,"href":"https:\/\/www.radiopiu.net\/wordpress\/wp-json\/wp\/v2\/users\/4"}],"replies":[{"embeddable":true,"href":"https:\/\/www.radiopiu.net\/wordpress\/wp-json\/wp\/v2\/comments?post=338944"}],"version-history":[{"count":0,"href":"https:\/\/www.radiopiu.net\/wordpress\/wp-json\/wp\/v2\/posts\/338944\/revisions"}],"wp:featuredmedia":[{"embeddable":true,"href":"https:\/\/www.radiopiu.net\/wordpress\/wp-json\/wp\/v2\/media\/339003"}],"wp:attachment":[{"href":"https:\/\/www.radiopiu.net\/wordpress\/wp-json\/wp\/v2\/media?parent=338944"}],"wp:term":[{"taxonomy":"category","embeddable":true,"href":"https:\/\/www.radiopiu.net\/wordpress\/wp-json\/wp\/v2\/categories?post=338944"},{"taxonomy":"post_tag","embeddable":true,"href":"https:\/\/www.radiopiu.net\/wordpress\/wp-json\/wp\/v2\/tags?post=338944"}],"curies":[{"name":"wp","href":"https:\/\/api.w.org\/{rel}","templated":true}]}}