{"id":338949,"date":"2023-06-06T05:18:36","date_gmt":"2023-06-06T03:18:36","guid":{"rendered":"https:\/\/www.radiopiu.net\/wordpress\/?p=338949"},"modified":"2023-06-06T05:31:05","modified_gmt":"2023-06-06T03:31:05","slug":"i-carabinieri-festeggiano-il-209-anniversario-della-fondazione-in-piazza-duomo-a-belluno","status":"publish","type":"post","link":"https:\/\/www.radiopiu.net\/wordpress\/i-carabinieri-festeggiano-il-209-anniversario-della-fondazione-in-piazza-duomo-a-belluno\/","title":{"rendered":"I CARABINIERI FESTEGGIANO IL 209\u00b0 ANNIVERSARIO DELLA FONDAZIONE IN PIAZZA DUOMO A BELLUNO"},"content":{"rendered":"<p>&nbsp;<\/p>\n<p><strong>BELLUNO<\/strong><\/p>\n<p><strong>di DANIELE DAL VIT<\/strong><\/p>\n<audio class=\"wp-audio-shortcode\" id=\"audio-338949-1\" preload=\"none\" style=\"width: 100%;\" controls=\"controls\"><source type=\"audio\/mpeg\" src=\"https:\/\/www.radiopiu.net\/wordpress\/wp-content\/uploads\/2023\/06\/Radio-Piu-Servizio-Festa-Carabinieri-2023.mp3?_=1\" \/><a href=\"https:\/\/www.radiopiu.net\/wordpress\/wp-content\/uploads\/2023\/06\/Radio-Piu-Servizio-Festa-Carabinieri-2023.mp3\">https:\/\/www.radiopiu.net\/wordpress\/wp-content\/uploads\/2023\/06\/Radio-Piu-Servizio-Festa-Carabinieri-2023.mp3<\/a><\/audio>\n<p>&nbsp;<\/p>\n\n\t\t\t<style type='text\/css'>\n\t\t\t\t#gallery-1 {\n\t\t\t\t\tmargin: auto;\n\t\t\t\t}\n\t\t\t\t#gallery-1 .gallery-item {\n\t\t\t\t\tfloat: left;\n\t\t\t\t\tmargin-top: 10px;\n\t\t\t\t\ttext-align: center;\n\t\t\t\t\twidth: 33%;\n\t\t\t\t}\n\t\t\t\t#gallery-1 img {\n\t\t\t\t\tborder: 2px solid #cfcfcf;\n\t\t\t\t}\n\t\t\t\t#gallery-1 .gallery-caption {\n\t\t\t\t\tmargin-left: 0;\n\t\t\t\t}\n\t\t\t\t\/* see gallery_shortcode() in wp-includes\/media.php *\/\n\t\t\t<\/style>\n\t\t<div id='gallery-1' class='dt-gallery-container gallery galleryid-338949 gallery-columns-3 gallery-size-thumbnail'><dl class='gallery-item'>\n\t\t\t\t<dt class='gallery-icon landscape'>\n\t\t\t\t\t<a class=\"rollover rollover-zoom dt-pswp-item\" title=\"f6eb81ba-bc25-487b-8381-895f29005886\" data-dt-img-description=\"\" data-large_image_width=\"2048\" data-large_image_height=\"1536\"href='https:\/\/www.radiopiu.net\/wordpress\/wp-content\/uploads\/2023\/06\/f6eb81ba-bc25-487b-8381-895f29005886.jpg'><img loading=\"lazy\" decoding=\"async\" width=\"150\" height=\"150\" src=\"https:\/\/www.radiopiu.net\/wordpress\/wp-content\/uploads\/2023\/06\/f6eb81ba-bc25-487b-8381-895f29005886-150x150.jpg\" class=\"attachment-thumbnail size-thumbnail\" alt=\"\" \/><\/a>\n\t\t\t\t<\/dt><\/dl><dl class='gallery-item'>\n\t\t\t\t<dt class='gallery-icon landscape'>\n\t\t\t\t\t<a class=\"rollover rollover-zoom dt-pswp-item\" title=\"68e70bee-34fd-41df-930c-f62f9357a86a\" data-dt-img-description=\"\" data-large_image_width=\"2048\" data-large_image_height=\"1536\"href='https:\/\/www.radiopiu.net\/wordpress\/wp-content\/uploads\/2023\/06\/68e70bee-34fd-41df-930c-f62f9357a86a.jpg'><img loading=\"lazy\" decoding=\"async\" width=\"150\" height=\"150\" src=\"https:\/\/www.radiopiu.net\/wordpress\/wp-content\/uploads\/2023\/06\/68e70bee-34fd-41df-930c-f62f9357a86a-150x150.jpg\" class=\"attachment-thumbnail size-thumbnail\" alt=\"\" \/><\/a>\n\t\t\t\t<\/dt><\/dl><dl class='gallery-item'>\n\t\t\t\t<dt class='gallery-icon landscape'>\n\t\t\t\t\t<a class=\"rollover rollover-zoom dt-pswp-item\" title=\"e0c672d0-31b9-4342-bc81-b1fc0fe76710\" data-dt-img-description=\"\" data-large_image_width=\"2048\" data-large_image_height=\"1536\"href='https:\/\/www.radiopiu.net\/wordpress\/wp-content\/uploads\/2023\/06\/e0c672d0-31b9-4342-bc81-b1fc0fe76710.jpg'><img loading=\"lazy\" decoding=\"async\" width=\"150\" height=\"150\" src=\"https:\/\/www.radiopiu.net\/wordpress\/wp-content\/uploads\/2023\/06\/e0c672d0-31b9-4342-bc81-b1fc0fe76710-150x150.jpg\" class=\"attachment-thumbnail size-thumbnail\" alt=\"\" \/><\/a>\n\t\t\t\t<\/dt><\/dl><br style=\"clear: both\" \/>\n\t\t\t<\/div>\n\n<p>&nbsp;<\/p>\n<hr \/>\n<p><strong><a class=\"dt-pswp-item\" href=\"https:\/\/www.radiopiu.net\/wordpress\/wp-content\/uploads\/2021\/10\/d114a40e-bd5d-4ed4-969a-c1cfff9b1497.jpg\" data-dt-img-description=\"\" data-large_image_width=\"2000\" data-large_image_height=\"1496\"><img loading=\"lazy\" decoding=\"async\" class=\" wp-image-237169 alignleft\" src=\"https:\/\/www.radiopiu.net\/wordpress\/wp-content\/uploads\/2021\/10\/d114a40e-bd5d-4ed4-969a-c1cfff9b1497-300x224.jpg\" alt=\"\" width=\"167\" height=\"125\" srcset=\"https:\/\/www.radiopiu.net\/wordpress\/wp-content\/uploads\/2021\/10\/d114a40e-bd5d-4ed4-969a-c1cfff9b1497-300x224.jpg 300w, https:\/\/www.radiopiu.net\/wordpress\/wp-content\/uploads\/2021\/10\/d114a40e-bd5d-4ed4-969a-c1cfff9b1497-1024x766.jpg 1024w, https:\/\/www.radiopiu.net\/wordpress\/wp-content\/uploads\/2021\/10\/d114a40e-bd5d-4ed4-969a-c1cfff9b1497-768x574.jpg 768w, https:\/\/www.radiopiu.net\/wordpress\/wp-content\/uploads\/2021\/10\/d114a40e-bd5d-4ed4-969a-c1cfff9b1497-1536x1149.jpg 1536w, https:\/\/www.radiopiu.net\/wordpress\/wp-content\/uploads\/2021\/10\/d114a40e-bd5d-4ed4-969a-c1cfff9b1497.jpg 2000w\" sizes=\"auto, (max-width: 167px) 100vw, 167px\" \/><\/a>BELLUNO\u00a0 <\/strong>Nella splendida cornice di piazza del Duomo a Belluno, dinanzi al palazzo dei Rettori, sede della Prefettura, circondati dalla Basilica Cattedrale di San Martino e Palazzo Rosso, si \u00e8 tenuta questa mattina la cerimonia per il 209\u00b0 Annuale della Fondazione dell\u2019Arma dei Carabinieri. Alla presenza del Prefetto di Belluno, di moltissimi Sindaci e delle autorit\u00e0 civili, religiose e militari della provincia, i Carabinieri hanno sfilato per le vie cittadine accompagnati dalla \u201cFedelissima\u201d, marcia d\u2019ordinanza della Benemerita, sino a giungere nel luogo della cerimonia. Tra gli ospiti d\u2019onore anche l\u2019Alfiere della Repubblica Maddalena Da Rozze, giovanissima studentessa di Sedico che lo scorso febbraio \u00e8 stata insignita del prestigioso attestato d\u2019onore dal Presidente della Repubblica.<\/p>\n<p><iframe loading=\"lazy\" title=\"209\u00b0 Annuale di Fondazione dell\u2019Arma dei Carabinieri 2023\" width=\"1200\" height=\"675\" src=\"https:\/\/www.youtube.com\/embed\/HauUuP0YGss?feature=oembed\" frameborder=\"0\" allow=\"accelerometer; autoplay; clipboard-write; encrypted-media; gyroscope; picture-in-picture; web-share\" allowfullscreen><\/iframe><\/p>\n<p>&nbsp;<\/p>\n<p><strong>LA STORIA<\/strong><\/p>\n<p><a class=\"dt-pswp-item\" href=\"https:\/\/www.radiopiu.net\/wordpress\/wp-content\/uploads\/2019\/12\/CARABINIERI-FELTRE-2.jpg\" data-dt-img-description=\"\" data-large_image_width=\"1280\" data-large_image_height=\"960\"><img loading=\"lazy\" decoding=\"async\" class=\" wp-image-110913 alignright\" src=\"https:\/\/www.radiopiu.net\/wordpress\/wp-content\/uploads\/2019\/12\/CARABINIERI-FELTRE-2-300x225.jpg\" alt=\"\" width=\"204\" height=\"153\" srcset=\"https:\/\/www.radiopiu.net\/wordpress\/wp-content\/uploads\/2019\/12\/CARABINIERI-FELTRE-2-300x225.jpg 300w, https:\/\/www.radiopiu.net\/wordpress\/wp-content\/uploads\/2019\/12\/CARABINIERI-FELTRE-2-1024x768.jpg 1024w, https:\/\/www.radiopiu.net\/wordpress\/wp-content\/uploads\/2019\/12\/CARABINIERI-FELTRE-2-768x576.jpg 768w, https:\/\/www.radiopiu.net\/wordpress\/wp-content\/uploads\/2019\/12\/CARABINIERI-FELTRE-2.jpg 1280w\" sizes=\"auto, (max-width: 204px) 100vw, 204px\" \/><\/a>Sono trascorsi 209 anni da quando, nel 1814, a Torino, venne costituito un Corpo di militari <em>\u201cper buona condotta e saviezza distinti\u201d<\/em>, incaricato di <em>\u201ccontribuire alla difesa dello Stato in tempo di guerra e di vigilare alla conservazione della pubblica e privata sicurezza\u201d<\/em> in tempo di pace. L\u2019atto costitutivo dell\u2019Arma tracciava &#8211; con straordinaria lungimiranza &#8211; l\u2019identit\u00e0 dell\u2019Arma, una forza militare in servizio di polizia, con una duplice missione: la difesa della Patria e la sicurezza dei suoi cittadini. L\u2019Arma, oggi come allora, \u00e8 impegnata al servizio dei cittadini con un modello organizzativo che si distingue per la vicinanza al cittadino. L\u2019Arma, patrimonio delle comunit\u00e0, si fonda sulla sua cellula base, la Stazione dei Carabinieri, presente sin nelle pi\u00f9 piccole realt\u00e0 locali quale presidio di legalit\u00e0 e simbolo concreto di prossimit\u00e0 delle Istituzioni. Sin dalla loro nascita, i Carabinieri hanno conservato la peculiarit\u00e0 di essere \u201csoldati in servizio di polizia\u201d e quindi protagonisti della storia d&#8217;Italia, di cui \u00e8 diventata parte integrante quella dell&#8217;Arma. Il 20 maggio 1814, Vittorio Emanuele I, sovrano di Sardegna, per fronteggiare il disordine e le precarie condizioni di sicurezza del regno, dispose che la Segreteria di Guerra approntasse immediatamente un \u201cProgetto di istituzione di un Corpo militare per il mantenimento del buono ordine\u201d. Il progetto prese vita con le Regie Patenti del 13 luglio 1814, istitutive del Corpo dei Carabinieri Reali, gi\u00e0 militarmente impegnato nella carica di Grenoble il 6 luglio 1815. Il 12 ottobre del 1822, la competenza dei Carabinieri Reali fu estesa anche alla Sardegna. Nel 1834, il Carabiniere Giovan Battista Scapaccino, caduto in un&#8217;imboscata di riottosi nell&#8217;abitato di Les Eschelles, scelse la morte pur di non rinnegare il giuramento di fedelt\u00e0 prestato al Re, venendo insignito per tale episodio di M.O.V.M, la prima di una storica serie che ha visto protagonisti i militari dell\u2019Arma. Nel 1848, i Carabinieri si distinsero nell&#8217;eroica carica di Pastrengo, con un intervento decisivo per l&#8217;esito favorevole della battaglia. Nel 1861, con la costituzione del Regno d&#8217;Italia, il Corpo dei Carabinieri Reali divenne &#8220;Arma&#8221; del Regio Esercito e anche in quella nuova configurazione, i Carabinieri continuarono ad assolvere contestualmente le funzioni di prima Arma dell&#8217;Esercito e di Corpo di Polizia. Notevole, nella prima guerra mondiale, fu l&#8217;impegno dei Reparti dell&#8217;Arma, sempre in prima linea. Tra gli episodi di fulgido eroismo, si ricordano l&#8217;assalto del Podgora del 19 luglio 1915, allorch\u00e9 i Carabinieri attaccarono all&#8217;arma bianca una posizione saldamente difesa da un avversario preponderante: l&#8217;operazione cost\u00f2 53 caduti, 143 feriti e 10 dispersi. Il 5 giugno 1920, per il contributo offerto alle sorti del primo conflitto Mondiale, la Bandiera dell&#8217;Arma venne insignita della prima Medaglia d&#8217;Oro al Valor Militare. Consistente fu anche l&#8217;impegno dell&#8217;Arma nelle operazioni della campagna d&#8217;Africa, in Libia, Somalia, nelle Regioni della Tripolitania e della Cirenaica, dove fu determinante l&#8217;apporto degli Zapti\u00e8. Per la valente azione svolta in terra d&#8217;Africa dalle Divisioni Carabinieri di Tripolitania e Cirenaica, furono concesse alla Bandiera dell&#8217;Arma 2 Croci di guerra al Valor Militare. Segu\u00ec la partecipazione alle operazioni belliche del 2\u00b0 conflitto Mondiale, che vide i Reparti dell&#8217;Arma impegnati in delicatissimi momenti bellici sia all\u2019estero che nel territorio nazionale, con mirabili esempi che hanno sacrificato la loro vita per salvare le popolazioni a loro affidate, come il Vice Brigadiere Salvo D\u2019Acquisto, medaglia d\u2019oro al valor militare alla memoria, sempre a tutela e difesa della popolazione e delle istituzioni democratiche. L&#8217;Arma dei Carabinieri, &#8220;prima Arma dell&#8217;Esercito&#8221;, nell\u2019anno 2000 \u00e8 stata elevata al rango di Forza Armata, con l\u2019effetto, tra gli altri, di esprimere il proprio Comandante Generale fra gli Ufficiali Generali della Benemerita. In ragione della sua peculiare connotazione di \u201cForza di polizia ad ordinamento militare\u201d, l\u2019Arma dei Carabinieri ha avuto negli anni un ruolo molto importante nel contesto internazionale, impegnandosi in prima linea in importanti missioni all\u2019estero sotto l\u2019egida delle Nazioni Unite e della NATO, con compiti di Polizia Militare e di Polizia di Stabilit\u00e0. Sono passati quasi 170 anni da quel lontano 1855, in cui per la prima volta le uniformi della Benemerita varcarono i confini nazionali per approdare, con il Corpo di Spedizione sardo in Crimea: Libano, Somalia, Bosnia Erzegovina, Kosovo, Iraq, Afghanistan, Gibuti e altri, sono stati poi teatri di operazioni di pace impegnative, in cui la Benemerita, a difesa dei diritti umani, della sicurezza e libert\u00e0 dei popoli, del patrimonio artistico, culturale e ambientale, in ogni angolo del pianeta, ha visto operare i propri militari in servizi umanitari e di addestramento delle ricostituite polizie locali. Ma da sempre, in ogni angolo del Paese, anche nelle localit\u00e0 pi\u00f9 remote, la gente riconosce il lavoro silenzioso dei tanti Carabinieri delle Stazioni, patrimonio delle comunit\u00e0 che operano instancabilmente al servizio dei cittadini e delle Istituzioni, per svolgere una funzione di rassicurazione sociale che \u00e8 parte integrante della loro missione.<\/p>\n<p><strong>LO SCHIERAMENTO<\/strong><\/p>\n<p>Alle 10.30 ha avuto luogo la cerimonia militare, con l\u2019ingresso in piazza Duomo dei Reparti dei Carabinieri che, partiti dal Teatro Comunale, dopo aver percorso piazza dei Martiri, si sono schierati davanti al Palazzo del Governo, sulle note della \u201cfedelissima\u201d, la marcia d\u2019ordinanza dei Carabinieri: il primo plotone di Carabinieri in Grande Uniforme Storica; il secondo plotone, formato dai Comandanti di Stazione del Comando Provinciale di Belluno; il terzo plotone costituito da militari delle diverse specialit\u00e0 e organizzazioni dell\u2019Arma (sciatori, rocciatori, elicotteristi, carabinieri forestali e militari impiegati nelle missioni internazionali). Nel 3\u00b0 plotone, era schierata anche una rappresentanza delle Infermiere Volontarie della Croce Rossa Italiana, con tre sorelle del Comitato di Belluno. Le Infermiere Volontarie e la Croce Rossa Italiana sono sempre accanto all\u2019Arma dei Carabinieri nei complessi scenari di crisi internazionale nel mondo, dove la Benemerita conduce operazioni di Polizia Militare e di Polizia di Stabilit\u00e0, a protezione delle popolazioni, dell\u2019ambiente e del patrimonio culturale. Tutti intorno i labari dell\u2019Associazione Nazionale Carabinieri e delle Associazioni Combattentistiche e d\u2019Arma, unitamente al Gonfalone del Comune di Belluno, decorato di MDVM e Croce al Merito di Guerra, accompagnato dai Gonfaloni decorati delle Citt\u00e0 e Comuni della provincia di Belluno. \u00a0Inoltre erano presenti i mezzi in uso all\u2019Arma dei Carabinieri, gli stand espositivi dell\u2019Organizzazione Forestale, due unit\u00e0 a cavallo e l\u2019elicottero del 14\u00b0 Nucleo Elicotteri di Belluno ha sorvolato l\u2019area, unendosi idealmente al Reparto schierato.<\/p>\n<p>&nbsp;<\/p>\n<p><strong>L\u2019ALZABANDIERA<\/strong><\/p>\n<p>La cerimonia \u00e8 iniziata con la resa degli onori al Prefetto di Belluno e al Comandante Provinciale dei Carabinieri, che hanno passato in rassegna lo schieramento, accompagnati dal Capitano Alessandro Bui, Comandante della Compagnia di Cortina d\u2019Ampezzo che, indossando la Grande Uniforme Speciale, ha assunto il comando del Reparto in armi. A seguire uno dei momenti pi\u00f9 emozionanti della cerimonia. Due Carabinieri della Stazione di Longarone, scelti per issare il Vessillo Nazionale, proprio per ricordare il 60\u00b0 annuale del tragico evento del Vajont, in cui perirono anche molti Carabinieri di quella Stazione e le loro famiglie, si sono portati al centro della piazza. Subito dopo l\u2019Alfiere della Repubblica, Maddalena Da Rozze, insieme a due bambini della Scuola Elementare Gabelli di Belluno, hanno consegnato la Bandiera Italiana ai Carabinieri, per dare avvio all\u2019Alzabandiera, sulle note dell\u2019Inno Nazionale.<\/p>\n<p>&nbsp;<\/p>\n<p><strong>IL DISCORSO DEL COMANDANTE PROVINCIALE <\/strong><\/p>\n<p>Il Colonnello Enrico Pigozzo ha preso la parola rivolgendo un doveroso pensiero alle vittime e a quanti hanno sofferto per i recenti eventi alluvionali occorsi in Emilia Romagna. \u201c<em>Questa cerimonia, cos\u00ec prossima agli eventi, non pu\u00f2 che mantenere un carattere sobrio, per un doveroso rispetto ai nostri concittadini deceduti e per quelle migliaia di persone che hanno subito ingenti danni. L\u2019impegno di tutte le Istituzioni del pubblico soccorso \u00e8 ancora vivo nel nostro ricordo, per sostenere le comunit\u00e0 di quei territori. A loro oggi va il nostro grazie per l\u2019impegno profuso<\/em>\u201d. Ha poi ringraziato tutte le autorit\u00e0 e i cittadini presenti. Ma ha voluto ringraziare in particolar modo la giovanissima Maddalena Da Rozze, Alfiere della Repubblica, insignita a febbraio scorso del prestigioso attestato d\u2019onore dal nostro Presidente della Repubblica. \u201c<em>Grazie Maddalena di essere presente qui con noi oggi con la tua famiglia: sei un esempio per i giovani e un motivo di orgoglio per questa terra<\/em>\u201d. Si \u00e8 poi rivolto ai suoi Carabinieri, verso i quali ha indirizzato l\u2019intero suo intervento, caratterizzato dall\u2019emozione di potersi rivolgere a loro, per la prima volta, da Comandante Provinciale \u201c<em>per la prima volta, da Comandante Provinciale, mi \u00e8 dato l\u2019onore di rappresentare la mia Istituzione nel rivolgermi a voi, miei cari Carabinieri, cos\u00ec come alle autorit\u00e0, agli studenti e ai cittadini presenti. E questo credetemi non \u00e8 poco per chi, sin da bambino, sognava di indossare l\u2019uniforme dei Carabinieri e oggi, con immenso orgoglio, guarda voi, qui schierati, a cui ho promesso, nel giorno del mio insediamento, di donare ogni mia energia, tutto il mio impegno ed esperienza, per consentirvi di svolgere con serenit\u00e0 e determinazione il vostro servizio in favore delle nostre comunit\u00e0<\/em>\u201d. Il Comandante Provinciale ha poi voluto evitare di ripercorre durante il suo discorso i dati dell\u2019attivit\u00e0 operativa dell\u2019Arma. \u201c<em>i risultati ci sono, sono tanti e importanti: dall\u2019attivit\u00e0 di prevenzione a quella di contrasto ad ogni forma di criminalit\u00e0, senza dimenticare l\u2019impegno per garantire quella cos\u00ec importante funzione di rassicurazione sociale che passa attraverso l\u2019educazione alla legalit\u00e0 nelle scuole, la sensibilizzazione sul tema della violenza di genere, lo sforzo a contrastare le truffe agli anziani, a promuovere, in sintesi, l\u2019importanza di un corretto vivere civile di comunit\u00e0<\/em>\u201d ha detto il Colonnello Pigozzo, ma ha poi aggiunto \u201c<em>questi dati, misura parziale del nostro impegno, li leggete certamente perch\u00e9 li forniremo agli organi di informazione, che voglio ringraziare per la qualit\u00e0 del loro lavoro, per una informazione libera ed equilibrata, e per l\u2019attenzione che sempre ci dedicano. Risultati che si uniscono ai tanti che l\u2019Arma, su tutto il territorio nazionale, ogni giorno consegue, in uno sforzo corale<\/em>\u201d. Ha quindi ricordato i risultai dell\u2019intera Arma sul territorio nazionale e la gioia vissuta, in particolare, nel momento dell\u2019arresto del latitante Matteo Messina Denaro, ricordando le vittime di mafia \u201c<em>eroi delle forze di polizia, della magistratura, semplici cittadini<\/em>\u201d, rimarcando che quel giorno dell\u2019arresto \u201c<em>eravamo felici tutti. Perch\u00e9 la Repubblica quel giorno ha vinto, come ogni giorno, da un capo all\u2019altro d\u2019Italia, quando vincono i buoni, semplicemente i buoni<\/em>\u201d. E poi \u00e8 tornato a rivolgersi ai suoi Carabinieri \u201c<em>uomini e donne con gli Alamari cuciti sulla pelle<\/em>\u201d ha detto, ricordando che \u201c<em>un Carabiniere, da Lampedusa a Vipiteno, passando per Belluno, \u00e8 ovunque un convinto servitore dello Stato, un militare che conosce e si riconosce nelle parole onore, dovere, fedelt\u00e0, coraggio ed etica del servizio<\/em>\u201d. Nel suo breve ma intenso intervento, il Colonnello Pigozzo ha ricordato il senso del giuramento prestato alla Patria \u201c<em>perch\u00e9 a Lei abbiamo giurato fedelt\u00e0, una fedelt\u00e0 che rinnoviamo ogni giorno, quando intraprendiamo il nostro servizio. Una fedelt\u00e0 che abbiamo giurato sulla Costituzione, cuore pulsante e vivo del Paese, della quale vogliamo essere attenti, vigili, premurosi custodi e garanti, come lo sono tutti quei cittadini onesti che sono risorsa preziosa della Repubblica<\/em>\u201d, ha rinnovato, con le sue parole, l\u2019impegno dell\u2019Arma al servizio dei cittadini \u201c<em>alle comunit\u00e0 che ci sono affidate e che a noi si affidano con fiducia<\/em>\u201d e delle Istituzioni della Repubblica, sottolineando che \u201c<em>non si sceglie di fare il Carabiniere, si sceglie di essere Carabiniere<\/em>\u201d, citando infine un vecchio libro sui Carabinieri che \u201c<em>riportava in una pagina &#8211; ormai sgualcita dal tempo \u2013 l\u2019immagine di un Carabiniere sorridente. E sotto &#8211; nella descrizione &#8211; una frase: la bandoliera a tracolla e il sorriso sulle labbra indicano che il Carabiniere \u00e8 in servizio<\/em>\u201d per sottolineare che \u201c<em>imporre il rispetto della legge, la forza della legge, non significa arroganza, ma determinazione. E si pu\u00f2 essere determinati anche con gentilezza, con umilt\u00e0 e rispetto, col sorriso. Questo rende credibile la nostra Istituzione, da oltre 200 anni, questo rende credibile agli occhi degli italiani e delle Istituzioni, i Carabinieri, dal pi\u00f9 giovane al pi\u00f9 anziano. Questo ci rende fieri di essere Carabinieri<\/em>\u201d.<\/p>\n<p><strong>ATTIVITA\u2019 OPERATIVA 2022-2023<\/strong><\/p>\n<p><a class=\"dt-pswp-item\" href=\"https:\/\/www.radiopiu.net\/wordpress\/wp-content\/uploads\/2022\/11\/la-pattuglia-dei-Carabinieri-intervenuta-sul-luogo-del-tentato-furto-.jpg\" data-dt-img-description=\"\" data-large_image_width=\"1174\" data-large_image_height=\"798\"><img loading=\"lazy\" decoding=\"async\" class=\" wp-image-307732 alignleft\" src=\"https:\/\/www.radiopiu.net\/wordpress\/wp-content\/uploads\/2022\/11\/la-pattuglia-dei-Carabinieri-intervenuta-sul-luogo-del-tentato-furto--300x204.jpg\" alt=\"\" width=\"166\" height=\"113\" srcset=\"https:\/\/www.radiopiu.net\/wordpress\/wp-content\/uploads\/2022\/11\/la-pattuglia-dei-Carabinieri-intervenuta-sul-luogo-del-tentato-furto--300x204.jpg 300w, https:\/\/www.radiopiu.net\/wordpress\/wp-content\/uploads\/2022\/11\/la-pattuglia-dei-Carabinieri-intervenuta-sul-luogo-del-tentato-furto--1024x696.jpg 1024w, https:\/\/www.radiopiu.net\/wordpress\/wp-content\/uploads\/2022\/11\/la-pattuglia-dei-Carabinieri-intervenuta-sul-luogo-del-tentato-furto--768x522.jpg 768w, https:\/\/www.radiopiu.net\/wordpress\/wp-content\/uploads\/2022\/11\/la-pattuglia-dei-Carabinieri-intervenuta-sul-luogo-del-tentato-furto-.jpg 1174w\" sizes=\"auto, (max-width: 166px) 100vw, 166px\" \/><\/a>I dati dell\u2019intensa attivit\u00e0 operativa dell\u2019Arma in Provincia, come ha ricordato il Comandante Provinciale, sono \u201c<em>misura parziale del nostro impegno<\/em>\u201d, ma i numeri dimostrano quanto sia stato significativo l\u2019operato dell\u2019Arma nello scorso anno, a cominciare dai servizi di prevenzione generale che hanno visto impegnati militari delle Stazioni, delle Aliquote Radiomobili e dei Carabinieri di Quartiere in pi\u00f9 di 15.000 servizi di prevenzione sul territorio provinciale, nel corso dei quali sono stati controllati oltre 30.000 veicoli e identificate 42.000 persone, nonch\u00e9 verificati circa 12.500 documenti di guida o di identit\u00e0. Ai servizi di prevenzione generale si sono poi aggiunti oltre 30 servizi \u201cad alto impatto\u201d, con l\u2019impiego di decine di pattuglie dell\u2019Arma in diversi punti del territorio provinciale per contrastare fenomeni specifici, legati alla prevenzione dei furti, alla sicurezza stradale, all\u2019abuso di alcoolici o al contrasto allo spaccio di stupefacenti. Questi i risultati conseguiti: nel periodo dal primo giugno 2022 al mese di maggio 2023, l\u2019Arma ha denunciato 1.350 persone all\u2019Autorit\u00e0 Giudiziaria, arrestandone 62. Sono stati perseguiti oltre 3618 reati dei 4402 totali denunciati complessivamente in Provincia alle Forze di Polizia, pari al 82% del totale, segno di come la capillarit\u00e0 dell\u2019Arma consenta ai cittadini di avere una immediata risposta alle loro esigenze di sicurezza. Di questi, ben 1127 sono stati scoperti dai Carabinieri, riscontrando che l\u2019Arma ha identificato l\u201984% degli autori \u201cnoti\u201d dei reati commessi nella provincia. Particolarmente incisivi sono i dati relativi ai controlli sulla sicurezza stradale che hanno visto la contestazione di ben 1.376 sanzioni al codice della strada per un importo di oltre 230.000 euro, violazioni queste principalmente legate al mancato uso della cintura di sicurezza e all\u2019uso del telefonino, ma anche per velocit\u00e0 pericolosa. I controlli nello specifico settore hanno portato a scoprire 82 casi di guida in stato di ebbrezza alcolica e 4 di quelle dovute all\u2019uso sotto l\u2019effetto di stupefacenti. Sono stati gestiti quasi 300 interventi di soccorso e 495 sinistri stradali. Sempre nello specifico settore, sono state segnalate all\u2019Autorit\u00e0 Giudiziaria 7 persone per \u201comicidio stradale\u201d e altre 25 per \u201clesioni stradali gravi o gravissime\u201d. La lotta ai furti e alle truffe \u00e8 stata affrontata con determinazione, con la conseguente denuncia all\u2019Autorit\u00e0 Giudiziaria rispettivamente di 149 e 167 soggetti, dei quali 5 in stato di arresto. Sul fronte del contrasto all\u2019uso e traffico di stupefacenti, i Carabinieri hanno arrestato 1 persona denunciandone a piede libero altre 11, segnalando inoltre 23 consumatori alla locale Prefettura. Complessivamente il sequestro di sostanze stupefacenti o psicotrope ammonta a 1050 grammi di hashish, 575 di marijuana, 390 di cocaina e 110 di altre sostanze. I Carabinieri hanno, poi, affrontato con grande determinazione i cosiddetti \u201creati di genere\u201d, ampia categoria che comprende tutte quelle forme di violenza fisica o psicologica nei confronti di soggetti \u201cdeboli\u201d. I dati forniti danno un quadro della situazione: sono state 17 le presunte violenze sessuali trattate, 57 i casi di maltrattamenti familiari e 22 quelli di atti persecutori altrimenti definiti \u201cStalking\u201d. La delicata attivit\u00e0 di indagine ha visto particolarmente impegnata la specifica Aliquota del Nucleo Investigativo del Reparto Operativo provinciale, che ha proceduto a ben 37 audizioni protette, avvalendosi con incredibile frequenza della sala di ascolto, la cosiddetta \u201cstanza tutta per s\u00e9\u201d realizzata presso il Comando Provinciale con il contributo del Club \u201cSoroptimist International\u201d. Sono state applicate, come disposte dall\u2019Autorit\u00e0 Giudiziaria competente, 2 misure cautelari di divieto di avvicinamento ai luoghi frequentati dalla parte offesa e 1 di allontanamento dalla casa familiare.Parte integrante del dispositivo di vigilanza e sicurezza del territorio \u00e8 anche il servizio di vigilanza e soccorso sulle piste, svolto dai Carabinieri Sciatori in 7 comprensori sciistici della provincia; nella stagione invernale 2022\/2023 sono stati impiegati giornalmente oltre 20 unit\u00e0 specializzate nel soccorso piste, per un totale di 921 servizi. Sono stati 930 gli interventi per soccorso agli infortunati e sono state comminate oltre 30 sanzioni per comportamenti scorretti posti in essere da sciatori. Sotto l\u2019aspetto preventivo, l\u2019Arma ha fornito il proprio contributo alla sensibilizzazione dei giovani su tematiche quali il bullismo, i pericoli del web e nell\u2019utilizzo dei social network, la sicurezza stradale e sugli stupefacenti, attraverso numerose conferenze tenute nelle scuole primarie e secondarie della provincia nell\u2019ambito dei progetti di educazione alla legalit\u00e0. Particolarmente proficui si sono rivelati anche gli incontri sul tema delle truffe con la popolazione anziana, in sinergia con AUSER, APPIA-CNA e molte amministrazioni comunali, che hanno visto centinaia di persone presenti agli incontri, nel corso dei quali sono stati dispensati utili consigli per la sensibilizzazione sul fenomeno delle cosiddette \u201ctruffe agli anziani\u201d. Da segnalare anche i qualificati interventi operati dal militare Negoziatore del Comando Provinciale di Belluno. Si tratta di personale altamente qualificato e specificamente formato per la risoluzione di situazioni di crisi (intenzioni suicidarie, barricamenti domestici da parte di persone in difficolt\u00e0, gestione di soggetti psichiatrici o soggetti pericolosi) che \u00e8 stato recentemente affiancato da un team di negoziazione capace di operare in modo sinergico sull\u2019intero territorio provinciale. Nell\u2019anno trascorso sono stati 8 i casi di intervento del Negoziatore dei Carabinieri (connessi soprattutto a tentativi di suicidio), tutti conclusisi con successo. Alcune operazioni vanno ricordate in particolare. Tra queste certamente l\u2019ingente sequestro di stupefacenti operato a Cortina d\u2019Ampezzo nel marzo scorso, l\u2019ingente quantitativo di refurtiva recuperato di Carabinieri di Feltre poche settimane fa, l\u2019identificazione degli autori di una rapina da parte dei Carabinieri di Belluno, operazioni che sono state valorizzate dalla consegna di alcune ricompense durante la cerimonia odierna. Ma va anche ricordata la rapidissima risoluzione, con l\u2019arresto del responsabile, dell\u2019omicidio volontario di Fener di Alano di Piave, dove un uomo \u00e8 stato ucciso con un coltello, o ancora, il caso di omicidio \u2013 suicidio occorso a Mel lo scorso 15 novembre, per il quale le puntuali indagini condotte dai Carabinieri hanno consentito di escludere l\u2019opera di terzi nel tragico evento. Con riferimento al controllo delle armi sul territorio, l\u2019attivit\u00e0 di monitoraggio e repressione ha portato al rinvenimento di un ingente quantitativo materiale bellico (nell\u2019ultimo anno sono state rinvenute quasi 100 bombe a mano e 18 da mortaio, esplosivi, oltre a 16 fucili e numerose cartucce) con il conseguente arresto di 4 incauti cercatori di cimeli dei conflitti mondiali. I Carabinieri Forestali, che operano a tutela dell\u2019ambiente, del territorio e delle acque, nonch\u00e9 nel campo della sicurezza e dei controlli nel settore agroalimentare e sono presenti capillarmente nel territorio bellunese, hanno effettuato 13.849 controlli complessivi, identificato 3.994 persone e 1.160 veicoli, rilevando 389 infrazioni. Nello stesso periodo hanno perseguito 101 reati, segnalando alla A.G. 70 persone, eseguendo 4 arresti, 15 sequestri e 10 perquisizioni. Sul piano della Polizia Amministrativa sono state contestate 373 violazioni a carico di 356 persone, per complessivi 123.000 euro, oltre ad 1 sequestro amministrativo.<a class=\"dt-pswp-item\" href=\"https:\/\/www.radiopiu.net\/wordpress\/wp-content\/uploads\/2021\/11\/IMG-20200918-WA0041.jpg\" data-dt-img-description=\"\" data-large_image_width=\"1024\" data-large_image_height=\"768\"><img loading=\"lazy\" decoding=\"async\" class=\" wp-image-243335 alignright\" src=\"https:\/\/www.radiopiu.net\/wordpress\/wp-content\/uploads\/2021\/11\/IMG-20200918-WA0041-300x225.jpg\" alt=\"\" width=\"167\" height=\"125\" srcset=\"https:\/\/www.radiopiu.net\/wordpress\/wp-content\/uploads\/2021\/11\/IMG-20200918-WA0041-300x225.jpg 300w, https:\/\/www.radiopiu.net\/wordpress\/wp-content\/uploads\/2021\/11\/IMG-20200918-WA0041-768x576.jpg 768w, https:\/\/www.radiopiu.net\/wordpress\/wp-content\/uploads\/2021\/11\/IMG-20200918-WA0041.jpg 1024w\" sizes=\"auto, (max-width: 167px) 100vw, 167px\" \/><\/a> Presso il Gruppo Carabinieri Forestale di Belluno ha sede anche il \u201cCentro Settore Meteomont Veneto e Friuli Venezia Giulia\u201d che coordina l\u2019attivit\u00e0 del personale specializzato (51 Osservatori, 12 Esperti Neve e Valanghe e 10 Previsori) nel monitoraggio e rilevazione delle condizioni del manto nevoso per l\u2019emissione del bollettino quotidiano di pericolo valanghe. I bollettini vengono messi a disposizione degli organi di Protezione Civile e pubblicati sul sito e sulla app: complessivamente nella stagione appena conclusa sono stati effettuati 1.934 rilievi sulle stazioni meteonivometriche fisse, svolti 458 nuclei itineranti di rilevamento in alta montagna e pubblicati 346 bollettini. Intensa anche l\u2019attivit\u00e0 dei Reparti Speciali dell\u2019Arma in Provincia. Il Nucleo Antisofisticazioni e Sanit\u00e0 di Treviso, competente anche sulla nostra provincia, ha effettuato 269 controlli presso strutture sanitarie o commerciali, elevando 188 violazioni amministrative di carattere igienico-sanitario per un importo pari a circa 138.000 euro e segnalando all\u2019Autorit\u00e0 Giudiziaria 16 persone per un totale di 39 reati accertati. L\u2019importo della merce sequestrata ammonta a 25.000 euro. Il Nucleo Carabinieri Ispettorato del Lavoro di Belluno ha sottoposto a verifica ispettiva oltre 180 aziende, ove \u00e8 stata riscontrata la presenza di pi\u00f9 di 300 lavoratori, per i quali \u00e8 stata vagliata ogni singola posizione lavorativa pervenendo al riscontro di 9 situazioni irregolari e 6 lavoratori \u201cin nero\u201d. I controlli, rivolti massivamente alla verifica del rispetto delle norme sulla sicurezza negli ambienti di lavoro, in particolare nel settore dell\u2019edilizia, hanno portato al deferimento in stato di libert\u00e0 di 52 persone e ad elevare sanzioni e ammende per circa 160.000 \u20ac. Sono stati, altres\u00ec, adottati 4 provvedimenti di sospensione dell\u2019attivit\u00e0 imprenditoriale, sia per la presenza sul luogo di lavoro di lavoratori irregolari, sia per gravi e reiterate violazioni in materia di tutela della salute e della sicurezza sul lavoro. Infine, il 14\u00b0 Nucleo Elicotteri Carabinieri di Belluno, con sede presso l\u2019aeroporto \u201cArturo dell\u2019Oro\u201d, nel corso di circa 150 ore di volo, ha fornito il supporto ai reparti territoriali per il controllo del territorio, ma ha operato anche in favore dei Carabinieri Forestali per il sorvolo di aree boschive e protette nonch\u00e9 per l\u2019attivit\u00e0 del Meteomont finalizzato alla valutazione del rischio valanghe. Il supporto \u00e8 stato garantito anche ai vari reparti speciali dell\u2019Arma per il monitoraggio di aree paesaggistiche, archeologiche, sottoposte a tutela ambientale. Il N.E.C. \u00e8 sede del Centro per il Coordinamento e Soccorso della Protezione Civile (CCS) attivato dal Prefetto in occasione di emergenze e calamit\u00e0. In quella sede hanno luogo inoltre le esercitazioni di Protezione Civile.<\/p>\n<p><strong>I CARABINIERI PREMIATI <\/strong><\/p>\n<p>Ecco i nomi dei Carabinieri che sono stati premiati durante la cerimonia della Festa dell\u2019Arma dei Carabinieri 2023.<\/p>\n<p><strong>Elogio concesso al Mar. Ca. Marco Mazzotta, al V. Brig. Marco Rova e al V. Brig. Gioele Guglielmi, in servizio al Nucleo Operativo e Radiomobile della Compagnia Carabinieri di Feltre.<\/strong><\/p>\n<p>\u201cAddetti al Nucleo Operativo e Radiomobile della Compagnia Carabinieri di Feltre, con elevata professionalit\u00e0 e spiccato acume investigativo, conducevano e sviluppavano una complessa e prolungata attivit\u00e0 d\u2019indagine che consentiva di individuare e denunciare all\u2019Autorit\u00e0 Giudiziaria gli autori di 13 furti commessi, da luglio 2022 ad aprile 2023, in danno di abitazioni, imprese e aziende agricole operanti nel territorio feltrino e in altre province del Veneto. L\u2019attivit\u00e0 si concludeva con l\u2019arresto di uno degli autori, il sequestro di un ingente quantitativo di refurtiva e la restituzione dei beni ai legittimi proprietari, riscuotendo l\u2019apprezzamento della comunit\u00e0.\u201d Feltre, province di Treviso e Vicenza, luglio 2022-aprile 2023<\/p>\n<p><strong>Elogio concesso al V. Brig. Dionigi Giusti e al Car. Federico Masc\u00eca, in servizio alla Stazione Carabinieri di Belluno.<\/strong><\/p>\n<p>\u201cAddetti alla Stazione Carabinieri di Belluno, evidenziando spiccata professionalit\u00e0, acume investigativo ed elevatissimo impegno, sviluppavano rapide e decisive attivit\u00e0 di indagine, volte all\u2019identificazione degli autori di una rapina in danno di un cittadino extracomunitario, perpetrata nei pressi di un parco cittadino. L\u2019operazione, che dimostrava l\u2019efficacia del servizio di prevenzione espresso dall\u2019Arma sul territorio, si concludeva con l\u2019esecuzione di 3 misure cautelari a carico di altrettanti soggetti, riscuotendo il plauso dell\u2019Autorit\u00e0 Giudiziaria e della comunit\u00e0 tutta.\u201d Belluno, marzo 2023<\/p>\n<p><strong>Elogio concesso al Lgt. Fabio Schiavone, al Brig. Ca. Q.S. (<em>ora in congedo<\/em>) Andrea Pin e al Brig. Maria Luisa Giordano, in servizio al Nucleo Investigativo del Reparto Operativo del Comando Provinciale di Belluno <\/strong><\/p>\n<p>\u201cMilitari effettivi al Nucleo Investigativo del Comando Provinciale Carabinieri di Belluno, con encomiabile dedizione, senso del dovere e spiccata sensibilit\u00e0, si sono distinti per il costante, elevatissimo impegno nelle attivit\u00e0 di contrasto al fenomeno della violenza di genere sul territorio provinciale. Solerti ed efficaci nella risposta istituzionale, hanno svolto numerosissime attivit\u00e0 investigative, delicate e complesse, a supporto dell\u2019Autorit\u00e0 Giudiziaria, raccogliendo indispensabili fonti di prova, assicurando i responsabili delle azioni criminali, aiutando e rassicurando le vittime in ogni circostanza. Provincia di Belluno, gennaio 2022-maggio 2023<\/p>\n<p><strong>Elogio di Reparto concesso alla Stazione Carabinieri di Cencenighe<\/strong><\/p>\n<p>\u201cComandante e militari addetti a stazione distaccata, con un corale e prolungato impegno, dimostrando elevato senso del dovere, spirito di corpo e capacit\u00e0 investigative, fornivano una efficace risposta istituzionale al fenomeno dei reati predatori sul territorio, avviando un\u2019attivit\u00e0 di indagine che, all\u2019esito, consentiva l\u2019individuazione del responsabile di 13 furti in abitazione ed esercizi pubblici, commessi nella valle agordina, e traendo infine in arresto l\u2019autore. L\u2019operazione si concludeva con il sequestro di un ingente quantitativo di refurtiva e la restituzione dei beni ai legittimi proprietari. Agordo, San Tomaso Agordino e La Valle Agordina, ottobre-novembre 2022 (hanno ritirato la ricompensa, in rappresentanza della Stazione di Cencenighe, il Mar. Enrico Danese, l\u2019App. Sc. Rolando Massaroni e il Car. Antonio Bua)<\/p>\n<p><strong>Elogio concesso al Lgt. C.S. Antonio Alibrandi e al Brig. Massimiliano De Bastiani <\/strong><\/p>\n<p>\u201cComandante ed addetto al Nucleo Operativo e Radiomobile della Compagnia Carabinieri di Cortina d\u2019Ampezzo, con encomiabile impegno ed elevata professionalit\u00e0, avviavano una efficace azione di contrasto al fenomeno dello spaccio di stupefacenti nell\u2019ampezzano. Le protratte attivit\u00e0 investigative condotte sul territorio, si concludevano col sequestro di oltre 1 chilogrammo di sostanze stupefacenti, numeroso materiale per il confezionamento e lo spaccio, pi\u00f9 di 17.000 euro in contanti e l\u2019arresto dell\u2019autore. L\u2019operazione ha riscosso il plauso delle autorit\u00e0 locali e della cittadinanza, contribuendo a consolidare il prestigio dell\u2019Arma nel territorio. Cortina d\u2019Ampezzo, gennaio-febbraio 2023<\/p>\n<p>&nbsp;<\/p>\n<p>&nbsp;<\/p>\n<p>&nbsp;<\/p>\n<p>*******<\/p>\n","protected":false},"excerpt":{"rendered":"<p>&nbsp; BELLUNO di DANIELE DAL VIT &nbsp; &nbsp; BELLUNO\u00a0 Nella splendida cornice di piazza del Duomo a Belluno, dinanzi al palazzo dei Rettori, sede della Prefettura, circondati dalla Basilica Cattedrale di San Martino e Palazzo Rosso, si \u00e8 tenuta questa mattina la cerimonia per il 209\u00b0 Annuale della Fondazione dell\u2019Arma dei Carabinieri. Alla presenza del&hellip;<\/p>\n","protected":false},"author":4,"featured_media":237169,"comment_status":"closed","ping_status":"closed","sticky":false,"template":"","format":"standard","meta":{"_monsterinsights_skip_tracking":false,"_monsterinsights_sitenote_active":false,"_monsterinsights_sitenote_note":"","_monsterinsights_sitenote_category":0,"footnotes":""},"categories":[51,49],"tags":[],"class_list":["post-338949","post","type-post","status-publish","format-standard","has-post-thumbnail","hentry","category-evidenza-top","category-news-18","category-51","category-49","description-off"],"img_url":"https:\/\/www.radiopiu.net\/wordpress\/wp-content\/uploads\/2021\/10\/d114a40e-bd5d-4ed4-969a-c1cfff9b1497.jpg","_links":{"self":[{"href":"https:\/\/www.radiopiu.net\/wordpress\/wp-json\/wp\/v2\/posts\/338949","targetHints":{"allow":["GET"]}}],"collection":[{"href":"https:\/\/www.radiopiu.net\/wordpress\/wp-json\/wp\/v2\/posts"}],"about":[{"href":"https:\/\/www.radiopiu.net\/wordpress\/wp-json\/wp\/v2\/types\/post"}],"author":[{"embeddable":true,"href":"https:\/\/www.radiopiu.net\/wordpress\/wp-json\/wp\/v2\/users\/4"}],"replies":[{"embeddable":true,"href":"https:\/\/www.radiopiu.net\/wordpress\/wp-json\/wp\/v2\/comments?post=338949"}],"version-history":[{"count":0,"href":"https:\/\/www.radiopiu.net\/wordpress\/wp-json\/wp\/v2\/posts\/338949\/revisions"}],"wp:featuredmedia":[{"embeddable":true,"href":"https:\/\/www.radiopiu.net\/wordpress\/wp-json\/wp\/v2\/media\/237169"}],"wp:attachment":[{"href":"https:\/\/www.radiopiu.net\/wordpress\/wp-json\/wp\/v2\/media?parent=338949"}],"wp:term":[{"taxonomy":"category","embeddable":true,"href":"https:\/\/www.radiopiu.net\/wordpress\/wp-json\/wp\/v2\/categories?post=338949"},{"taxonomy":"post_tag","embeddable":true,"href":"https:\/\/www.radiopiu.net\/wordpress\/wp-json\/wp\/v2\/tags?post=338949"}],"curies":[{"name":"wp","href":"https:\/\/api.w.org\/{rel}","templated":true}]}}