{"id":339061,"date":"2023-06-07T06:00:59","date_gmt":"2023-06-07T04:00:59","guid":{"rendered":"https:\/\/www.radiopiu.net\/wordpress\/?p=339061"},"modified":"2023-06-07T08:42:19","modified_gmt":"2023-06-07T06:42:19","slug":"giornale-radiopiu-07-giugno-2023-direttore-mirko-mezzacasaverso-i-40-anni-25-giugno-1983-25-giugno-2023","status":"publish","type":"post","link":"https:\/\/www.radiopiu.net\/wordpress\/giornale-radiopiu-07-giugno-2023-direttore-mirko-mezzacasaverso-i-40-anni-25-giugno-1983-25-giugno-2023\/","title":{"rendered":"GIORNALE RADIOPIU 07 GIUGNO 2023 DIRETTORE MIRKO MEZZACASA\u2026VERSO I 40 ANNI 25 GIUGNO 1983-25 GIUGNO 2023"},"content":{"rendered":"<h2 style=\"text-align: left;\"><span style=\"color: #ff0000;\"><span style=\"vertical-align: inherit;\"><a class=\"dt-pswp-item\" href=\"https:\/\/www.radiopiu.net\/wordpress\/wp-content\/uploads\/2023\/04\/e0aad41d-951e-47b9-9fae-1a879a9bcb7e-1.jpg\" data-dt-img-description=\"\" data-large_image_width=\"1200\" data-large_image_height=\"1200\"><img loading=\"lazy\" decoding=\"async\" class=\"wp-image-333205 aligncenter\" src=\"https:\/\/www.radiopiu.net\/wordpress\/wp-content\/uploads\/2023\/04\/e0aad41d-951e-47b9-9fae-1a879a9bcb7e-1-300x300.jpg\" alt=\"\" width=\"110\" height=\"110\" srcset=\"https:\/\/www.radiopiu.net\/wordpress\/wp-content\/uploads\/2023\/04\/e0aad41d-951e-47b9-9fae-1a879a9bcb7e-1-300x300.jpg 300w, https:\/\/www.radiopiu.net\/wordpress\/wp-content\/uploads\/2023\/04\/e0aad41d-951e-47b9-9fae-1a879a9bcb7e-1-1024x1024.jpg 1024w, https:\/\/www.radiopiu.net\/wordpress\/wp-content\/uploads\/2023\/04\/e0aad41d-951e-47b9-9fae-1a879a9bcb7e-1-150x150.jpg 150w, https:\/\/www.radiopiu.net\/wordpress\/wp-content\/uploads\/2023\/04\/e0aad41d-951e-47b9-9fae-1a879a9bcb7e-1-768x768.jpg 768w, https:\/\/www.radiopiu.net\/wordpress\/wp-content\/uploads\/2023\/04\/e0aad41d-951e-47b9-9fae-1a879a9bcb7e-1.jpg 1200w\" sizes=\"auto, (max-width: 110px) 100vw, 110px\" \/><\/a><\/span><\/span><span style=\"color: #ff0000;\"><span style=\"vertical-align: inherit;\">ISCRIVITI AL NOSTRO CANALE\u00a0 <\/span><\/span><span style=\"vertical-align: inherit;\"> YOUTUBE PER SEGUIRE IN DIRETTA I PRINCIPALI PROGRAMMI DI RADIO PIU&#8217; E LE FUTURE DIRETTE IN ESTERNA. PER ISCRIVERTI <\/span><a style=\"color: #ff0000;\" href=\"https:\/\/youtube.com\/@radiopiu1527\"><span style=\"vertical-align: inherit;\">CLICCA QUI <\/span><\/a><span style=\"color: #ff0000; font-size: 14px; font-weight: normal;\"><span style=\"vertical-align: inherit;\">E PREMI\u00a0 &#8220;Iscriviti&#8221;\u00a0 \u00a0<\/span><\/span><\/h2>\n<p>&nbsp;<\/p>\n<p>&nbsp;<\/p>\n<hr \/>\n<p>&nbsp;<\/p>\n<blockquote>\n<h3>PROVINCIALE 26, VOLTAGO-RIVAMONTE CHIUSA PER QUATTRO GIORNI<\/h3>\n<\/blockquote>\n<blockquote>\n<h3><span style=\"color: #ff0000;\"><a class=\"dt-pswp-item\" href=\"https:\/\/www.radiopiu.net\/wordpress\/wp-content\/uploads\/2020\/05\/VENETO-STRADE.png\" data-dt-img-description=\"\" data-large_image_width=\"400\" data-large_image_height=\"400\"><img loading=\"lazy\" decoding=\"async\" class=\"wp-image-135574 alignleft\" src=\"https:\/\/www.radiopiu.net\/wordpress\/wp-content\/uploads\/2020\/05\/VENETO-STRADE-300x300.png\" alt=\"\" width=\"102\" height=\"102\" srcset=\"https:\/\/www.radiopiu.net\/wordpress\/wp-content\/uploads\/2020\/05\/VENETO-STRADE-300x300.png 300w, https:\/\/www.radiopiu.net\/wordpress\/wp-content\/uploads\/2020\/05\/VENETO-STRADE-150x150.png 150w, https:\/\/www.radiopiu.net\/wordpress\/wp-content\/uploads\/2020\/05\/VENETO-STRADE.png 400w\" sizes=\"auto, (max-width: 102px) 100vw, 102px\" \/><\/a>AGGIORNAMENTO QUOTIDIANO, IN\u00a0 COLLABORAZIONE CON VENETO STRADE<\/span><\/h3>\n<\/blockquote>\n<div class=\"flex-1 overflow-hidden\">\n<div class=\"react-scroll-to-bottom--css-blflc-79elbk h-full dark:bg-gray-800\">\n<div class=\"react-scroll-to-bottom--css-blflc-1n7m0yu\">\n<div class=\"flex flex-col items-center text-sm dark:bg-gray-800\">\n<div class=\"group w-full text-gray-800 dark:text-gray-100 border-b border-black\/10 dark:border-gray-900\/50 bg-gray-50 dark:bg-[#444654]\">\n<div class=\"flex p-4 gap-4 text-base md:gap-6 md:max-w-2xl lg:max-w-xl xl:max-w-3xl md:py-6 lg:px-0 m-auto\">\n<div class=\"relative flex flex-col w-[calc(100%-50px)] gap-1 md:gap-3 lg:w-[calc(100%-115px)]\">\n<div class=\"flex justify-between lg:block\">\n<div class=\"text-xs flex items-center justify-center gap-1 self-center pt-2 !invisible\"><\/div>\n<\/div>\n<\/div>\n<\/div>\n<\/div>\n<\/div>\n<\/div>\n<\/div>\n<\/div>\n<div class=\"absolute bottom-0 left-0 w-full border-t md:border-t-0 dark:border-white\/20 md:border-transparent md:dark:border-transparent md:bg-vert-light-gradient bg-white dark:bg-gray-800 md:!bg-transparent dark:md:bg-vert-dark-gradient pt-2\">\n<form class=\"stretch mx-2 flex flex-row gap-3 last:mb-2 md:mx-4 md:last:mb-6 lg:mx-auto lg:max-w-2xl xl:max-w-3xl\">\n<div class=\"relative flex h-full flex-1 items-stretch md:flex-col\">\n<div class=\"flex w-full items-center justify-center gap-2\">\n<blockquote><p><strong>SP 26 DI DIGOMAN<\/strong> localit\u00e0 Voltago,<span style=\"color: #800000;\"> fino a domani<\/span> INTERDIZIONE\u00a0 totale in entrambi i sensi di marcia dalle 7.30 alle 17.30. Negli altri orari senso unico alternato<\/p><\/blockquote>\n<p><strong>PROROGA ORDINANZA: 346 DEL SAN PELLEGRINO INTERDETTA FINO AL 9 GIUGNO (IN ORARI DI LAVORO)<\/strong><\/p>\n<\/div>\n<\/div>\n<\/form>\n<\/div>\n<p><strong>FALCADE\u00a0<\/strong> Prorogata l&#8217;ordinanza in scadenza\u00a0 La nuova data di fine lavori \u00e8 fissata al 9 giugno. Per questo la provinciale 346 del San Pellegrino sar\u00e0 chiusa totalmente alla circolazione nel tratto bivio Passo Valles-Zingari Bassi,\u00a0 dalle 8 alle 12 e dalle 13 alle 17, esclusi festivi, sabato e domenica. Durante le riapertura senso unico alternato.<\/p>\n<p>&nbsp;<\/p>\n<p><span style=\"color: #000000; font-size: large;\"><b><a class=\"dt-pswp-item\" href=\"https:\/\/www.radiopiu.net\/wordpress\/wp-content\/uploads\/2023\/06\/header-firma-summer-2022.jpg\" data-dt-img-description=\"\" data-large_image_width=\"600\" data-large_image_height=\"180\"><img loading=\"lazy\" decoding=\"async\" class=\"size-medium wp-image-338926 alignleft\" src=\"https:\/\/www.radiopiu.net\/wordpress\/wp-content\/uploads\/2023\/06\/header-firma-summer-2022-300x90.jpg\" alt=\"\" width=\"300\" height=\"90\" srcset=\"https:\/\/www.radiopiu.net\/wordpress\/wp-content\/uploads\/2023\/06\/header-firma-summer-2022-300x90.jpg 300w, https:\/\/www.radiopiu.net\/wordpress\/wp-content\/uploads\/2023\/06\/header-firma-summer-2022.jpg 600w\" sizes=\"auto, (max-width: 300px) 100vw, 300px\" \/><\/a>COMUNICAZIONE LIMITAZIONE AL TRAFFICO DEI PASSI <\/b><\/span><span style=\"color: #000000;\"><span style=\"font-size: large;\">CAMPOLONGO &#8211; PORDOI &#8211; SELLA &#8211; GARDENA <\/span><\/span><\/p>\n<p><span style=\"color: #000000;\"><span style=\"font-size: large;\">Ricordiamo che in occasione dell\u2019evento dedicato agli amanti della bicicletta: \u00a0 \u00a0<b> SELLARONDA BIKE DAY<\/b> di questo <b>sabato 10\/06\/2023<\/b> \u2014&gt; Sito manifestazione: <a class=\"moz-txt-link-abbreviated\" href=\"http:\/\/www.sellarondabikeday.com\">www.sellarondabikeday.com<\/a>\u00a0 l&#8217;orario di chiusura delle strade come da decreto del <\/span><\/span><span style=\"color: #000000;\"><span style=\"font-size: large;\">Prefetto di Belluno \u00e8 dalle ore 08:30 alle ore 16:00. Tratte interessate: strade attorno ai 4 Passi Dolomitici: Passo Campolongo, Passo Gardena, Passo Sella e Passo Pordoi.<br \/>\nAi partecipanti viene raccomandato il senso antiorario, quindi: Arabba &#8211; Passo Campolongo &#8211; Passo Gardena &#8211; Passo Sella &#8211; Passo Pordoi &#8211; Arabba.\u00a0<\/span><\/span><\/p>\n<p>&nbsp;<\/p>\n<blockquote>\n<h3>SP 473 DI CROCE D&#8217;AUNE CHIUSA PER QUATTRO MESI. LAVORI A SERVO DI SOVRAMONTE<\/h3>\n<\/blockquote>\n<p>Veneto strade comunica che a partire dal 12 giugno e fino al 9 ottobre la SP 473 di Croce D&#8217;Aune sar\u00e0 interdetta al traffico. Chiusura che comprende anche sabati domenica e festivi. Il tratto di strada chiuso al traffico in Via Vittorio Veneto, localit\u00e0 Servo di Sovramonte. Ci sar\u00e0 una deviazione su viabilit\u00e0 alternativa<\/p>\n<p>&nbsp;<\/p>\n<p>&nbsp;<\/p>\n<hr \/>\n<p>&nbsp;<\/p>\n<blockquote>\n<h3>LAVORI PROGRAMMATI BIM GSP<\/h3>\n<\/blockquote>\n<p><strong>LIVINALLONGO<\/strong> Gestione Servizi Pubblici informa che, per lavori alla rete idrica comunale, il giorno 08\/06 dalle 09:00 a FINE LAVORI, verr\u00e0 sospesa l\u2019erogazione dell\u2019acqua a LIVINALLONGO DEL COL DI LANA nelle vie PRECUMON e GLIERA. Il personale addetto operer\u00e0 per limitare il pi\u00f9 possibile i disagi alla popolazione.<\/p>\n<p>&nbsp;<\/p>\n<p>&nbsp;<\/p>\n<hr \/>\n<p>&nbsp;<\/p>\n<blockquote>\n<h3>SOPRALLUOGO CON IL DRONE SULLA 203 AGORDINA. NESSUNA GROSSA MASSA INSTABILE<\/h3>\n<\/blockquote>\n<p><strong>AGORDO<\/strong> Risulta essere un masso isolato quello caduto sulla 203 Agordina domenica scorsa. Lungo la parete alta una ottantina di metri che sovrasta l&#8217;Agordina, infatti, \u00abnon ci sono masse instabili di grosse dimensioni\u00bb. Dice questo la relazione del geologo trasmessa ieri pomeriggio a Veneto Strade, dopo il nuovo sopralluogo compiuto in mattinata con l&#8217;aiuto di un drone. Il sopralluogo tecnico disposto dall&#8217;azienda stradale regionale, dunque, da un lato rassicura \u2013 escludendo la presenza di grossi movimenti di materiale in corso \u2013 ma dall&#8217;altro conferma che la parete, per le sue caratteristiche, \u00e8 soggetta a fenomeni di degrado naturale. Il masso di domenica \u00e8 caduto da una trentina di metri di altezza, \u00e8 rimbalzato su una cengia ed \u00e8 quindi precipitato in direzione della carreggiata, colpendo sul tettuccio un suv Touran che stava procedendo sull&#8217;Agordina.<\/p>\n<p>&nbsp;<\/p>\n<p>&nbsp;<\/p>\n<hr \/>\n<p>&nbsp;<\/p>\n<blockquote>\n<h3>L&#8217;AGORDINO E&#8217; TERRA DI NESSUNO PER WALTER DE CASSAN<\/h3>\n<\/blockquote>\n<p><strong><a class=\"dt-pswp-item\" href=\"https:\/\/www.radiopiu.net\/wordpress\/wp-content\/uploads\/2023\/06\/352017998_1309124129812314_2874068970158904691_n.jpg\" data-dt-img-description=\"\" data-large_image_width=\"600\" data-large_image_height=\"338\"><img loading=\"lazy\" decoding=\"async\" class=\" wp-image-338910 alignleft\" src=\"https:\/\/www.radiopiu.net\/wordpress\/wp-content\/uploads\/2023\/06\/352017998_1309124129812314_2874068970158904691_n-300x169.jpg\" alt=\"\" width=\"179\" height=\"101\" srcset=\"https:\/\/www.radiopiu.net\/wordpress\/wp-content\/uploads\/2023\/06\/352017998_1309124129812314_2874068970158904691_n-300x169.jpg 300w, https:\/\/www.radiopiu.net\/wordpress\/wp-content\/uploads\/2023\/06\/352017998_1309124129812314_2874068970158904691_n.jpg 600w\" sizes=\"auto, (max-width: 179px) 100vw, 179px\" \/><\/a>AGORDO<\/strong><\/p>\n<p>di Gianni Santomaso<\/p>\n<audio class=\"wp-audio-shortcode\" id=\"audio-339061-1\" preload=\"none\" style=\"width: 100%;\" controls=\"controls\"><source type=\"audio\/mpeg\" src=\"https:\/\/www.radiopiu.net\/wordpress\/wp-content\/uploads\/2023\/06\/GIANNI-LAGORDINO-E-TERRA-DI-NESSUNO-PER-WALTER-DE-CASSAN.mp3?_=1\" \/><a href=\"https:\/\/www.radiopiu.net\/wordpress\/wp-content\/uploads\/2023\/06\/GIANNI-LAGORDINO-E-TERRA-DI-NESSUNO-PER-WALTER-DE-CASSAN.mp3\">https:\/\/www.radiopiu.net\/wordpress\/wp-content\/uploads\/2023\/06\/GIANNI-LAGORDINO-E-TERRA-DI-NESSUNO-PER-WALTER-DE-CASSAN.mp3<\/a><\/audio>\n<p>&nbsp;<\/p>\n<hr \/>\n<p>&nbsp;<\/p>\n<blockquote>\n<h3>PARTIRANNO AD OTTOBRE I CORSI ITS DEDICATI AL TURISMO<\/h3>\n<\/blockquote>\n<p><strong><a class=\"dt-pswp-item\" href=\"https:\/\/www.radiopiu.net\/wordpress\/wp-content\/uploads\/2023\/06\/WhatsApp-Image-2023-06-06-at-15.38.03.jpeg\" data-dt-img-description=\"\" data-large_image_width=\"1024\" data-large_image_height=\"768\"><img loading=\"lazy\" decoding=\"async\" class=\" wp-image-339169 alignleft\" src=\"https:\/\/www.radiopiu.net\/wordpress\/wp-content\/uploads\/2023\/06\/WhatsApp-Image-2023-06-06-at-15.38.03-300x225.jpeg\" alt=\"\" width=\"191\" height=\"143\" srcset=\"https:\/\/www.radiopiu.net\/wordpress\/wp-content\/uploads\/2023\/06\/WhatsApp-Image-2023-06-06-at-15.38.03-300x225.jpeg 300w, https:\/\/www.radiopiu.net\/wordpress\/wp-content\/uploads\/2023\/06\/WhatsApp-Image-2023-06-06-at-15.38.03-768x576.jpeg 768w, https:\/\/www.radiopiu.net\/wordpress\/wp-content\/uploads\/2023\/06\/WhatsApp-Image-2023-06-06-at-15.38.03.jpeg 1024w\" sizes=\"auto, (max-width: 191px) 100vw, 191px\" \/><\/a>BELLUNO<\/strong><\/p>\n<p>di Moreno Gioli<\/p>\n<audio class=\"wp-audio-shortcode\" id=\"audio-339061-2\" preload=\"none\" style=\"width: 100%;\" controls=\"controls\"><source type=\"audio\/mpeg\" src=\"https:\/\/www.radiopiu.net\/wordpress\/wp-content\/uploads\/2023\/06\/GIOLI-its-turismo.mp3?_=2\" \/><a href=\"https:\/\/www.radiopiu.net\/wordpress\/wp-content\/uploads\/2023\/06\/GIOLI-its-turismo.mp3\">https:\/\/www.radiopiu.net\/wordpress\/wp-content\/uploads\/2023\/06\/GIOLI-its-turismo.mp3<\/a><\/audio>\n<p>&nbsp;<\/p>\n<hr \/>\n<p>&nbsp;<\/p>\n<blockquote>\n<h3>SOCCORSO ALPINO. ZANONI (PD) RECLAMA 400 MILA EURO DI MANCATI CREDITI IN VENETO<\/h3>\n<\/blockquote>\n<p><strong><a class=\"dt-pswp-item\" href=\"https:\/\/www.radiopiu.net\/wordpress\/wp-content\/uploads\/2021\/09\/ZANONI-1-scaled.jpg\" data-dt-img-description=\"\" data-large_image_width=\"2560\" data-large_image_height=\"1707\"><img loading=\"lazy\" decoding=\"async\" class=\" wp-image-233260 alignleft\" src=\"https:\/\/www.radiopiu.net\/wordpress\/wp-content\/uploads\/2021\/09\/ZANONI-1-300x200.jpg\" alt=\"\" width=\"188\" height=\"125\" srcset=\"https:\/\/www.radiopiu.net\/wordpress\/wp-content\/uploads\/2021\/09\/ZANONI-1-300x200.jpg 300w, https:\/\/www.radiopiu.net\/wordpress\/wp-content\/uploads\/2021\/09\/ZANONI-1-1024x683.jpg 1024w, https:\/\/www.radiopiu.net\/wordpress\/wp-content\/uploads\/2021\/09\/ZANONI-1-768x512.jpg 768w, https:\/\/www.radiopiu.net\/wordpress\/wp-content\/uploads\/2021\/09\/ZANONI-1-1536x1024.jpg 1536w, https:\/\/www.radiopiu.net\/wordpress\/wp-content\/uploads\/2021\/09\/ZANONI-1-2048x1365.jpg 2048w\" sizes=\"auto, (max-width: 188px) 100vw, 188px\" \/><\/a>VENEZIA <\/strong>&#8220;Ammontano a 404 mila euro i mancati introiti registrati nel triennio 2020-2022, derivanti dal pagamento degli interventi di soccorso nelle montagne venete da parte di chi viene salvato. Un buco pari al 30% del fatturato totale e che vede insolventi tanto i cittadini italiani (per oltre 141 mila euro) quanto quelli esteri (per quasi 263 mila euro). Un problema che va urgentemente risolto&#8221;. A dirlo il consigliere regionale del PD Veneto, Andrea Zanoni, che riporta i dati contenuti nella risposta di Giunta ad una sua interrogazione dell&#8217;ottobre scorso. &#8220;Si tratta di interventi del Soccorso Alpino e Speleologico che, quando il trasportato risulta illeso, sono a carico totale dell&#8217;utente. Le cause che determinano l&#8217;esigenza di soccorso sono dovute a cadute (36,2%), perdita di orientamento (28%) o malori (11,5%). Mentre, per quanto riguarda le attivit\u00e0 in cui erano impegnate le persone soccorse, balza in testa l&#8217;escursionismo (50%), seguito da alpinismo, sci in lista ferrate e mountain bike, voci comprese tutte tra l&#8217;8 e il 6%&#8221;. In conclusione Zanoni ritiene&#8221;necessario rivedere i meccanismi di pagamento. Questo prevedendo in primis di imporre un versamento immediato, almeno parziale rispetto al totale ma comunque sostanzioso. In questo modo si riuscirebbe a limitare i danni e a sconfiggere questa forma di evasione&#8221;.<\/p>\n<p>&nbsp;<\/p>\n<p>&nbsp;<\/p>\n<hr \/>\n<p>&nbsp;<\/p>\n<blockquote>\n<h3>FIRMATO IL PROTOCOLLO LEGALITA&#8217; PER MONITORARE I CANTIERI DELLE VARIANTI DI TAI, VALLE E SAN VITO DI CADORE<\/h3>\n<\/blockquote>\n<p><strong><a class=\"dt-pswp-item\" href=\"https:\/\/www.radiopiu.net\/wordpress\/wp-content\/uploads\/2020\/04\/PREFETTURA-BELLUNO.jpeg\" data-dt-img-description=\"\" data-large_image_width=\"384\" data-large_image_height=\"384\"><img loading=\"lazy\" decoding=\"async\" class=\" wp-image-133575 alignleft\" src=\"https:\/\/www.radiopiu.net\/wordpress\/wp-content\/uploads\/2020\/04\/PREFETTURA-BELLUNO-300x300.jpeg\" alt=\"\" width=\"134\" height=\"134\" srcset=\"https:\/\/www.radiopiu.net\/wordpress\/wp-content\/uploads\/2020\/04\/PREFETTURA-BELLUNO-300x300.jpeg 300w, https:\/\/www.radiopiu.net\/wordpress\/wp-content\/uploads\/2020\/04\/PREFETTURA-BELLUNO-150x150.jpeg 150w, https:\/\/www.radiopiu.net\/wordpress\/wp-content\/uploads\/2020\/04\/PREFETTURA-BELLUNO.jpeg 384w\" sizes=\"auto, (max-width: 134px) 100vw, 134px\" \/><\/a>BELLUNO<\/strong><\/p>\n<p>di Moreno Gioli<\/p>\n<audio class=\"wp-audio-shortcode\" id=\"audio-339061-3\" preload=\"none\" style=\"width: 100%;\" controls=\"controls\"><source type=\"audio\/mpeg\" src=\"https:\/\/www.radiopiu.net\/wordpress\/wp-content\/uploads\/2023\/06\/protocollo-legalita.mp3?_=3\" \/><a href=\"https:\/\/www.radiopiu.net\/wordpress\/wp-content\/uploads\/2023\/06\/protocollo-legalita.mp3\">https:\/\/www.radiopiu.net\/wordpress\/wp-content\/uploads\/2023\/06\/protocollo-legalita.mp3<\/a><\/audio>\n<p>&nbsp;<\/p>\n<hr \/>\n<p>&nbsp;<\/p>\n<blockquote>\n<h3>IL MUNICIPIO DI AGORDO OSPITA IL CONSIGLIO PROVINCIALE ITINERANTE<\/h3>\n<\/blockquote>\n<p><strong><a class=\"dt-pswp-item\" href=\"https:\/\/www.radiopiu.net\/wordpress\/wp-content\/uploads\/2023\/06\/6ba91752-1520-4bcc-9a59-906abba01907.jpg\" data-dt-img-description=\"\" data-large_image_width=\"2048\" data-large_image_height=\"1536\"><img loading=\"lazy\" decoding=\"async\" class=\" wp-image-339124 alignleft\" src=\"https:\/\/www.radiopiu.net\/wordpress\/wp-content\/uploads\/2023\/06\/6ba91752-1520-4bcc-9a59-906abba01907-300x225.jpg\" alt=\"\" width=\"132\" height=\"99\" srcset=\"https:\/\/www.radiopiu.net\/wordpress\/wp-content\/uploads\/2023\/06\/6ba91752-1520-4bcc-9a59-906abba01907-300x225.jpg 300w, https:\/\/www.radiopiu.net\/wordpress\/wp-content\/uploads\/2023\/06\/6ba91752-1520-4bcc-9a59-906abba01907-1024x768.jpg 1024w, https:\/\/www.radiopiu.net\/wordpress\/wp-content\/uploads\/2023\/06\/6ba91752-1520-4bcc-9a59-906abba01907-768x576.jpg 768w, https:\/\/www.radiopiu.net\/wordpress\/wp-content\/uploads\/2023\/06\/6ba91752-1520-4bcc-9a59-906abba01907-1536x1152.jpg 1536w, https:\/\/www.radiopiu.net\/wordpress\/wp-content\/uploads\/2023\/06\/6ba91752-1520-4bcc-9a59-906abba01907.jpg 2048w\" sizes=\"auto, (max-width: 132px) 100vw, 132px\" \/><\/a>AGORDO<\/strong> E&#8217; stato il municipio di Agordo ad ospitare il consiglio provinciale itinererante; all&#8217;ordine del giorno, anche un importante intervento di messa in sicurezza della strada che conduce a Paluch di Taibon Agordino; un punto che per\u00f2 ha messo in luce ancora una volta le carenze di personale di Palazzo Piloni.<\/p>\n<p><strong>di Daniele Dalvit<\/strong><\/p>\n<audio class=\"wp-audio-shortcode\" id=\"audio-339061-4\" preload=\"none\" style=\"width: 100%;\" controls=\"controls\"><source type=\"audio\/mpeg\" src=\"https:\/\/www.radiopiu.net\/wordpress\/wp-content\/uploads\/2023\/06\/Radio-Piu-Servizio-Consiglio-provinciale-Agordo.mp3?_=4\" \/><a href=\"https:\/\/www.radiopiu.net\/wordpress\/wp-content\/uploads\/2023\/06\/Radio-Piu-Servizio-Consiglio-provinciale-Agordo.mp3\">https:\/\/www.radiopiu.net\/wordpress\/wp-content\/uploads\/2023\/06\/Radio-Piu-Servizio-Consiglio-provinciale-Agordo.mp3<\/a><\/audio>\n<p>&nbsp;<\/p>\n<hr \/>\n<p>&nbsp;<\/p>\n<blockquote>\n<h3>109 MILA EURO PER RIPRISTINARE IL PARAMASSI DI PALUCH A TAIBON<\/h3>\n<\/blockquote>\n<p><strong>AGORDO<\/strong><\/p>\n<p>di Gianni Santomaso<\/p>\n<audio class=\"wp-audio-shortcode\" id=\"audio-339061-5\" preload=\"none\" style=\"width: 100%;\" controls=\"controls\"><source type=\"audio\/mpeg\" src=\"https:\/\/www.radiopiu.net\/wordpress\/wp-content\/uploads\/2023\/06\/GIANNI-109-MILA-EURO-PER-RIPRISTINARE-IL-PARAMASSI-DI-PALUCH-A-TAIBON.mp3?_=5\" \/><a href=\"https:\/\/www.radiopiu.net\/wordpress\/wp-content\/uploads\/2023\/06\/GIANNI-109-MILA-EURO-PER-RIPRISTINARE-IL-PARAMASSI-DI-PALUCH-A-TAIBON.mp3\">https:\/\/www.radiopiu.net\/wordpress\/wp-content\/uploads\/2023\/06\/GIANNI-109-MILA-EURO-PER-RIPRISTINARE-IL-PARAMASSI-DI-PALUCH-A-TAIBON.mp3<\/a><\/audio>\n<p>&nbsp;<\/p>\n\n\t\t\t<style type='text\/css'>\n\t\t\t\t#gallery-1 {\n\t\t\t\t\tmargin: auto;\n\t\t\t\t}\n\t\t\t\t#gallery-1 .gallery-item {\n\t\t\t\t\tfloat: left;\n\t\t\t\t\tmargin-top: 10px;\n\t\t\t\t\ttext-align: center;\n\t\t\t\t\twidth: 50%;\n\t\t\t\t}\n\t\t\t\t#gallery-1 img {\n\t\t\t\t\tborder: 2px solid #cfcfcf;\n\t\t\t\t}\n\t\t\t\t#gallery-1 .gallery-caption {\n\t\t\t\t\tmargin-left: 0;\n\t\t\t\t}\n\t\t\t\t\/* see gallery_shortcode() in wp-includes\/media.php *\/\n\t\t\t<\/style>\n\t\t<div id='gallery-1' class='dt-gallery-container gallery galleryid-339061 gallery-columns-2 gallery-size-medium'><dl class='gallery-item'>\n\t\t\t\t<dt class='gallery-icon landscape'>\n\t\t\t\t\t<a class=\"rollover rollover-zoom dt-pswp-item\" title=\"a1025396-10af-4fd3-8997-54cdac24ed7f\" data-dt-img-description=\"\" data-large_image_width=\"2048\" data-large_image_height=\"1536\"href='https:\/\/www.radiopiu.net\/wordpress\/wp-content\/uploads\/2023\/06\/a1025396-10af-4fd3-8997-54cdac24ed7f.jpg'><img loading=\"lazy\" decoding=\"async\" width=\"300\" height=\"225\" src=\"https:\/\/www.radiopiu.net\/wordpress\/wp-content\/uploads\/2023\/06\/a1025396-10af-4fd3-8997-54cdac24ed7f-300x225.jpg\" class=\"attachment-medium size-medium\" alt=\"\" srcset=\"https:\/\/www.radiopiu.net\/wordpress\/wp-content\/uploads\/2023\/06\/a1025396-10af-4fd3-8997-54cdac24ed7f-300x225.jpg 300w, https:\/\/www.radiopiu.net\/wordpress\/wp-content\/uploads\/2023\/06\/a1025396-10af-4fd3-8997-54cdac24ed7f-1024x768.jpg 1024w, https:\/\/www.radiopiu.net\/wordpress\/wp-content\/uploads\/2023\/06\/a1025396-10af-4fd3-8997-54cdac24ed7f-768x576.jpg 768w, https:\/\/www.radiopiu.net\/wordpress\/wp-content\/uploads\/2023\/06\/a1025396-10af-4fd3-8997-54cdac24ed7f-1536x1152.jpg 1536w, https:\/\/www.radiopiu.net\/wordpress\/wp-content\/uploads\/2023\/06\/a1025396-10af-4fd3-8997-54cdac24ed7f.jpg 2048w\" sizes=\"auto, (max-width: 300px) 100vw, 300px\" \/><\/a>\n\t\t\t\t<\/dt><\/dl><dl class='gallery-item'>\n\t\t\t\t<dt class='gallery-icon landscape'>\n\t\t\t\t\t<a class=\"rollover rollover-zoom dt-pswp-item\" title=\"b3973681-7957-44b8-95ef-ded90ea4d7a8\" data-dt-img-description=\"\" data-large_image_width=\"2048\" data-large_image_height=\"1536\"href='https:\/\/www.radiopiu.net\/wordpress\/wp-content\/uploads\/2023\/06\/b3973681-7957-44b8-95ef-ded90ea4d7a8.jpg'><img loading=\"lazy\" decoding=\"async\" width=\"300\" height=\"225\" src=\"https:\/\/www.radiopiu.net\/wordpress\/wp-content\/uploads\/2023\/06\/b3973681-7957-44b8-95ef-ded90ea4d7a8-300x225.jpg\" class=\"attachment-medium size-medium\" alt=\"\" srcset=\"https:\/\/www.radiopiu.net\/wordpress\/wp-content\/uploads\/2023\/06\/b3973681-7957-44b8-95ef-ded90ea4d7a8-300x225.jpg 300w, https:\/\/www.radiopiu.net\/wordpress\/wp-content\/uploads\/2023\/06\/b3973681-7957-44b8-95ef-ded90ea4d7a8-1024x768.jpg 1024w, https:\/\/www.radiopiu.net\/wordpress\/wp-content\/uploads\/2023\/06\/b3973681-7957-44b8-95ef-ded90ea4d7a8-768x576.jpg 768w, https:\/\/www.radiopiu.net\/wordpress\/wp-content\/uploads\/2023\/06\/b3973681-7957-44b8-95ef-ded90ea4d7a8-1536x1152.jpg 1536w, https:\/\/www.radiopiu.net\/wordpress\/wp-content\/uploads\/2023\/06\/b3973681-7957-44b8-95ef-ded90ea4d7a8.jpg 2048w\" sizes=\"auto, (max-width: 300px) 100vw, 300px\" \/><\/a>\n\t\t\t\t<\/dt><\/dl><br style=\"clear: both\" \/>\n\t\t\t<\/div>\n\n<p>&nbsp;<\/p>\n<hr \/>\n<p>&nbsp;<\/p>\n<blockquote>\n<h3>LA STRADA DI VOLTAGO STA PER DIVENTARE PIU&#8217; BELLA<\/h3>\n<\/blockquote>\n<p><strong>VOLTAGO<\/strong> Lavori in corso a Voltago. La strada che scende dal municipio verso Digoman \u00e8 interessata da lavori di asfaltatura. Sono arrivati i macchinari per rendere la careggiata nuova e bella dopo essere stata martoriata da lavori per posa fibra e altro.<\/p>\n\n\t\t\t<style type='text\/css'>\n\t\t\t\t#gallery-2 {\n\t\t\t\t\tmargin: auto;\n\t\t\t\t}\n\t\t\t\t#gallery-2 .gallery-item {\n\t\t\t\t\tfloat: left;\n\t\t\t\t\tmargin-top: 10px;\n\t\t\t\t\ttext-align: center;\n\t\t\t\t\twidth: 25%;\n\t\t\t\t}\n\t\t\t\t#gallery-2 img {\n\t\t\t\t\tborder: 2px solid #cfcfcf;\n\t\t\t\t}\n\t\t\t\t#gallery-2 .gallery-caption {\n\t\t\t\t\tmargin-left: 0;\n\t\t\t\t}\n\t\t\t\t\/* see gallery_shortcode() in wp-includes\/media.php *\/\n\t\t\t<\/style>\n\t\t<div id='gallery-2' class='dt-gallery-container gallery galleryid-339061 gallery-columns-4 gallery-size-thumbnail'><dl class='gallery-item'>\n\t\t\t\t<dt class='gallery-icon landscape'>\n\t\t\t\t\t<a class=\"rollover rollover-zoom dt-pswp-item\" title=\"1d248ca3-e5ed-4f31-bc7f-cac1668f7781\" data-dt-img-description=\"\" data-large_image_width=\"2000\" data-large_image_height=\"1500\"href='https:\/\/www.radiopiu.net\/wordpress\/wp-content\/uploads\/2023\/06\/1d248ca3-e5ed-4f31-bc7f-cac1668f7781.jpg'><img loading=\"lazy\" decoding=\"async\" width=\"150\" height=\"150\" src=\"https:\/\/www.radiopiu.net\/wordpress\/wp-content\/uploads\/2023\/06\/1d248ca3-e5ed-4f31-bc7f-cac1668f7781-150x150.jpg\" class=\"attachment-thumbnail size-thumbnail\" alt=\"\" \/><\/a>\n\t\t\t\t<\/dt><\/dl><dl class='gallery-item'>\n\t\t\t\t<dt class='gallery-icon portrait'>\n\t\t\t\t\t<a class=\"rollover rollover-zoom dt-pswp-item\" title=\"d97e0244-0996-43dc-ae3e-89a30924bbba\" data-dt-img-description=\"\" data-large_image_width=\"1500\" data-large_image_height=\"2000\"href='https:\/\/www.radiopiu.net\/wordpress\/wp-content\/uploads\/2023\/06\/d97e0244-0996-43dc-ae3e-89a30924bbba.jpg'><img loading=\"lazy\" decoding=\"async\" width=\"150\" height=\"150\" src=\"https:\/\/www.radiopiu.net\/wordpress\/wp-content\/uploads\/2023\/06\/d97e0244-0996-43dc-ae3e-89a30924bbba-150x150.jpg\" class=\"attachment-thumbnail size-thumbnail\" alt=\"\" \/><\/a>\n\t\t\t\t<\/dt><\/dl><dl class='gallery-item'>\n\t\t\t\t<dt class='gallery-icon landscape'>\n\t\t\t\t\t<a class=\"rollover rollover-zoom dt-pswp-item\" title=\"efd4b386-8342-49f4-90e7-2c452db8a460\" data-dt-img-description=\"\" data-large_image_width=\"2000\" data-large_image_height=\"1500\"href='https:\/\/www.radiopiu.net\/wordpress\/wp-content\/uploads\/2023\/06\/efd4b386-8342-49f4-90e7-2c452db8a460.jpg'><img loading=\"lazy\" decoding=\"async\" width=\"150\" height=\"150\" src=\"https:\/\/www.radiopiu.net\/wordpress\/wp-content\/uploads\/2023\/06\/efd4b386-8342-49f4-90e7-2c452db8a460-150x150.jpg\" class=\"attachment-thumbnail size-thumbnail\" alt=\"\" \/><\/a>\n\t\t\t\t<\/dt><\/dl><dl class='gallery-item'>\n\t\t\t\t<dt class='gallery-icon landscape'>\n\t\t\t\t\t<a class=\"rollover rollover-zoom dt-pswp-item\" title=\"f7fa35bf-e2f2-459f-8664-b9bd390405ed\" data-dt-img-description=\"\" data-large_image_width=\"2000\" data-large_image_height=\"1500\"href='https:\/\/www.radiopiu.net\/wordpress\/wp-content\/uploads\/2023\/06\/f7fa35bf-e2f2-459f-8664-b9bd390405ed.jpg'><img loading=\"lazy\" decoding=\"async\" width=\"150\" height=\"150\" src=\"https:\/\/www.radiopiu.net\/wordpress\/wp-content\/uploads\/2023\/06\/f7fa35bf-e2f2-459f-8664-b9bd390405ed-150x150.jpg\" class=\"attachment-thumbnail size-thumbnail\" alt=\"\" \/><\/a>\n\t\t\t\t<\/dt><\/dl><br style=\"clear: both\" \/><dl class='gallery-item'>\n\t\t\t\t<dt class='gallery-icon landscape'>\n\t\t\t\t\t<a class=\"rollover rollover-zoom dt-pswp-item\" title=\"c9043491-b106-4687-a561-cd0947a19450\" data-dt-img-description=\"\" data-large_image_width=\"2000\" data-large_image_height=\"1500\"href='https:\/\/www.radiopiu.net\/wordpress\/wp-content\/uploads\/2023\/06\/c9043491-b106-4687-a561-cd0947a19450.jpg'><img loading=\"lazy\" decoding=\"async\" width=\"150\" height=\"150\" src=\"https:\/\/www.radiopiu.net\/wordpress\/wp-content\/uploads\/2023\/06\/c9043491-b106-4687-a561-cd0947a19450-150x150.jpg\" class=\"attachment-thumbnail size-thumbnail\" alt=\"\" \/><\/a>\n\t\t\t\t<\/dt><\/dl><dl class='gallery-item'>\n\t\t\t\t<dt class='gallery-icon landscape'>\n\t\t\t\t\t<a class=\"rollover rollover-zoom dt-pswp-item\" title=\"35733646-9b66-4d9d-b9b4-72213c5ae1e0\" data-dt-img-description=\"\" data-large_image_width=\"2000\" data-large_image_height=\"1500\"href='https:\/\/www.radiopiu.net\/wordpress\/wp-content\/uploads\/2023\/06\/35733646-9b66-4d9d-b9b4-72213c5ae1e0.jpg'><img loading=\"lazy\" decoding=\"async\" width=\"150\" height=\"150\" src=\"https:\/\/www.radiopiu.net\/wordpress\/wp-content\/uploads\/2023\/06\/35733646-9b66-4d9d-b9b4-72213c5ae1e0-150x150.jpg\" class=\"attachment-thumbnail size-thumbnail\" alt=\"\" \/><\/a>\n\t\t\t\t<\/dt><\/dl><dl class='gallery-item'>\n\t\t\t\t<dt class='gallery-icon landscape'>\n\t\t\t\t\t<a class=\"rollover rollover-zoom dt-pswp-item\" title=\"5416a5ab-8cd4-4f6b-bdf1-b45b88d118cd\" data-dt-img-description=\"\" data-large_image_width=\"2000\" data-large_image_height=\"1500\"href='https:\/\/www.radiopiu.net\/wordpress\/wp-content\/uploads\/2023\/06\/5416a5ab-8cd4-4f6b-bdf1-b45b88d118cd.jpg'><img loading=\"lazy\" decoding=\"async\" width=\"150\" height=\"150\" src=\"https:\/\/www.radiopiu.net\/wordpress\/wp-content\/uploads\/2023\/06\/5416a5ab-8cd4-4f6b-bdf1-b45b88d118cd-150x150.jpg\" class=\"attachment-thumbnail size-thumbnail\" alt=\"\" \/><\/a>\n\t\t\t\t<\/dt><\/dl>\n\t\t\t\t<br style='clear: both' \/>\n\t\t\t<\/div>\n\n<p>&nbsp;<\/p>\n<div style=\"width: 640px;\" class=\"wp-video\"><video class=\"wp-video-shortcode\" id=\"video-339061-1\" width=\"640\" height=\"352\" preload=\"metadata\" controls=\"controls\"><source type=\"video\/mp4\" src=\"https:\/\/www.radiopiu.net\/wordpress\/wp-content\/uploads\/2023\/06\/WhatsApp-Video-2023-06-06-at-08.49.00.mp4?_=1\" \/><a href=\"https:\/\/www.radiopiu.net\/wordpress\/wp-content\/uploads\/2023\/06\/WhatsApp-Video-2023-06-06-at-08.49.00.mp4\">https:\/\/www.radiopiu.net\/wordpress\/wp-content\/uploads\/2023\/06\/WhatsApp-Video-2023-06-06-at-08.49.00.mp4<\/a><\/video><\/div>\n<p>&nbsp;<\/p>\n<div style=\"width: 640px;\" class=\"wp-video\"><video class=\"wp-video-shortcode\" id=\"video-339061-2\" width=\"640\" height=\"360\" preload=\"metadata\" controls=\"controls\"><source type=\"video\/mp4\" src=\"https:\/\/www.radiopiu.net\/wordpress\/wp-content\/uploads\/2023\/06\/WhatsApp-Video-2023-06-06-at-13.32.02.mp4?_=2\" \/><a href=\"https:\/\/www.radiopiu.net\/wordpress\/wp-content\/uploads\/2023\/06\/WhatsApp-Video-2023-06-06-at-13.32.02.mp4\">https:\/\/www.radiopiu.net\/wordpress\/wp-content\/uploads\/2023\/06\/WhatsApp-Video-2023-06-06-at-13.32.02.mp4<\/a><\/video><\/div>\n<p>&nbsp;<\/p>\n<hr \/>\n<p>&nbsp;<\/p>\n<blockquote>\n<h3>ARRIVATE LE PRIME RICHIESTE PER L&#8217;OSTELLO DI VALLE IMPERINA<\/h3>\n<\/blockquote>\n<p><strong><a class=\"dt-pswp-item\" href=\"https:\/\/www.radiopiu.net\/wordpress\/wp-content\/uploads\/2020\/11\/36_Valle-Imperina.jpg\" data-dt-img-description=\"\" data-large_image_width=\"1280\" data-large_image_height=\"723\"><img loading=\"lazy\" decoding=\"async\" class=\" wp-image-170177 alignleft\" src=\"https:\/\/www.radiopiu.net\/wordpress\/wp-content\/uploads\/2020\/11\/36_Valle-Imperina-300x169.jpg\" alt=\"\" width=\"227\" height=\"128\" srcset=\"https:\/\/www.radiopiu.net\/wordpress\/wp-content\/uploads\/2020\/11\/36_Valle-Imperina-300x169.jpg 300w, https:\/\/www.radiopiu.net\/wordpress\/wp-content\/uploads\/2020\/11\/36_Valle-Imperina-1024x578.jpg 1024w, https:\/\/www.radiopiu.net\/wordpress\/wp-content\/uploads\/2020\/11\/36_Valle-Imperina-768x434.jpg 768w, https:\/\/www.radiopiu.net\/wordpress\/wp-content\/uploads\/2020\/11\/36_Valle-Imperina.jpg 1280w\" sizes=\"auto, (max-width: 227px) 100vw, 227px\" \/><\/a>RIVAMONTE<\/strong><\/p>\n<p>di Gianni Santomaso<\/p>\n<audio class=\"wp-audio-shortcode\" id=\"audio-339061-6\" preload=\"none\" style=\"width: 100%;\" controls=\"controls\"><source type=\"audio\/mpeg\" src=\"https:\/\/www.radiopiu.net\/wordpress\/wp-content\/uploads\/2023\/06\/GIANNI-ARRIVATE-LE-PRIME-RICHIESTE-PER-LOSTELLO-DI-VALLE-IMPERINA.mp3?_=6\" \/><a href=\"https:\/\/www.radiopiu.net\/wordpress\/wp-content\/uploads\/2023\/06\/GIANNI-ARRIVATE-LE-PRIME-RICHIESTE-PER-LOSTELLO-DI-VALLE-IMPERINA.mp3\">https:\/\/www.radiopiu.net\/wordpress\/wp-content\/uploads\/2023\/06\/GIANNI-ARRIVATE-LE-PRIME-RICHIESTE-PER-LOSTELLO-DI-VALLE-IMPERINA.mp3<\/a><\/audio>\n<p>&nbsp;<\/p>\n<hr \/>\n<p>&nbsp;<\/p>\n<blockquote>\n<h3>FOGNATURA DI COSTALTA: RICOSTRUITA LA TRATTA DANNEGGIATA DA VAIA<\/h3>\n<\/blockquote>\n<p><strong>BELLUNO <\/strong>Proseguono a pieno ritmo i lavori di posa della nuova rete fognaria a Costalta, in Comune di San Pietro di Cadore. Bim Gsp, con un investimento di 620mila euro, sta ripristinando la funzionalit\u00e0 di una tratta di fognatura \u2013 circa 610 metri &#8211; tra Costalta e Mare, porzione profondamente danneggiata dalla tempesta Vaia dell\u2019autunno 2018. Particolarmente impegnativa l\u2019esecuzione delle attivit\u00e0: le forti pendenze dell\u2019area di intervento, molto verticali in alcuni punti, e la tipologia di terreno, ricco di venute d\u2019acqua e per questo molto instabile, hanno reso necessario l\u2019utilizzo di mezzi speciali come l\u2019escavatore di tipo ragno per le lavorazioni e l\u2019elicottero per il trasporto dei materiali. Contestualmente alla posa delle nuove tubazioni, sono state realizzate opere di drenaggio su buona parte del versante interessato dall\u2019intervento, per garantirne una maggior stabilit\u00e0. Il cantiere, iniziato poco pi\u00f9 di due mesi fa, ha previsto anche l\u2019attraversamento in due punti della strada provinciale, principale via di accesso a Costalta: per ridurre al minimo i disagi ai residenti e consentire la regolarit\u00e0 nel transito veicolare, si \u00e8 operato in orario notturno. I lavori termineranno entro inizio estate<\/p>\n\n\t\t\t<style type='text\/css'>\n\t\t\t\t#gallery-3 {\n\t\t\t\t\tmargin: auto;\n\t\t\t\t}\n\t\t\t\t#gallery-3 .gallery-item {\n\t\t\t\t\tfloat: left;\n\t\t\t\t\tmargin-top: 10px;\n\t\t\t\t\ttext-align: center;\n\t\t\t\t\twidth: 33%;\n\t\t\t\t}\n\t\t\t\t#gallery-3 img {\n\t\t\t\t\tborder: 2px solid #cfcfcf;\n\t\t\t\t}\n\t\t\t\t#gallery-3 .gallery-caption {\n\t\t\t\t\tmargin-left: 0;\n\t\t\t\t}\n\t\t\t\t\/* see gallery_shortcode() in wp-includes\/media.php *\/\n\t\t\t<\/style>\n\t\t<div id='gallery-3' class='dt-gallery-container gallery galleryid-339061 gallery-columns-3 gallery-size-thumbnail'><dl class='gallery-item'>\n\t\t\t\t<dt class='gallery-icon portrait'>\n\t\t\t\t\t<a class=\"rollover rollover-zoom dt-pswp-item\" title=\"1_trasporto_materiali\" data-dt-img-description=\"\" data-large_image_width=\"850\" data-large_image_height=\"1134\"href='https:\/\/www.radiopiu.net\/wordpress\/wp-content\/uploads\/2023\/06\/1_trasporto_materiali.jpg'><img loading=\"lazy\" decoding=\"async\" width=\"150\" height=\"150\" src=\"https:\/\/www.radiopiu.net\/wordpress\/wp-content\/uploads\/2023\/06\/1_trasporto_materiali-150x150.jpg\" class=\"attachment-thumbnail size-thumbnail\" alt=\"\" \/><\/a>\n\t\t\t\t<\/dt><\/dl><dl class='gallery-item'>\n\t\t\t\t<dt class='gallery-icon landscape'>\n\t\t\t\t\t<a class=\"rollover rollover-zoom dt-pswp-item\" title=\"2_il cantiere\" data-dt-img-description=\"\" data-large_image_width=\"850\" data-large_image_height=\"638\"href='https:\/\/www.radiopiu.net\/wordpress\/wp-content\/uploads\/2023\/06\/2_il-cantiere.jpg'><img loading=\"lazy\" decoding=\"async\" width=\"150\" height=\"150\" src=\"https:\/\/www.radiopiu.net\/wordpress\/wp-content\/uploads\/2023\/06\/2_il-cantiere-150x150.jpg\" class=\"attachment-thumbnail size-thumbnail\" alt=\"\" \/><\/a>\n\t\t\t\t<\/dt><\/dl><dl class='gallery-item'>\n\t\t\t\t<dt class='gallery-icon landscape'>\n\t\t\t\t\t<a class=\"rollover rollover-zoom dt-pswp-item\" title=\"3_la condotta posata\" data-dt-img-description=\"\" data-large_image_width=\"850\" data-large_image_height=\"638\"href='https:\/\/www.radiopiu.net\/wordpress\/wp-content\/uploads\/2023\/06\/3_la-condotta-posata.jpg'><img loading=\"lazy\" decoding=\"async\" width=\"150\" height=\"150\" src=\"https:\/\/www.radiopiu.net\/wordpress\/wp-content\/uploads\/2023\/06\/3_la-condotta-posata-150x150.jpg\" class=\"attachment-thumbnail size-thumbnail\" alt=\"\" \/><\/a>\n\t\t\t\t<\/dt><\/dl><br style=\"clear: both\" \/>\n\t\t\t<\/div>\n\n<p>&nbsp;<\/p>\n<p>&nbsp;<\/p>\n<hr \/>\n<p>&nbsp;<\/p>\n<blockquote>\n<h3>SENTIERISTICA DI FONDOVALLE: IL PROGETTO PARTE DA FALCADE. SILVANO SAVIO LO HA PROPOSTO CON SUCCESSO NELLA CONCA AGORDINA<\/h3>\n<\/blockquote>\n<p><strong><a class=\"dt-pswp-item\" href=\"https:\/\/www.radiopiu.net\/wordpress\/wp-content\/uploads\/2023\/06\/SCR-20230606-ltfn.jpeg\" data-dt-img-description=\"\" data-large_image_width=\"876\" data-large_image_height=\"534\"><img loading=\"lazy\" decoding=\"async\" class=\" wp-image-339092 alignleft\" src=\"https:\/\/www.radiopiu.net\/wordpress\/wp-content\/uploads\/2023\/06\/SCR-20230606-ltfn-300x183.jpeg\" alt=\"\" width=\"221\" height=\"135\" srcset=\"https:\/\/www.radiopiu.net\/wordpress\/wp-content\/uploads\/2023\/06\/SCR-20230606-ltfn-300x183.jpeg 300w, https:\/\/www.radiopiu.net\/wordpress\/wp-content\/uploads\/2023\/06\/SCR-20230606-ltfn-768x468.jpeg 768w, https:\/\/www.radiopiu.net\/wordpress\/wp-content\/uploads\/2023\/06\/SCR-20230606-ltfn.jpeg 876w\" sizes=\"auto, (max-width: 221px) 100vw, 221px\" \/><\/a>AGORDO<\/strong> Il progetto della &#8220;sentieristica di fondovalle&#8221; \u00e8 partito da Falcade nel 2018, su iniziativa di Danilo Marmolada e supportato dall&#8217;Union Ladina Val Biois, il quale si \u00e8 esteso per tutta la valle, compreso Cencenighe. Silvano Savio, consigliere di minoranza ad Agordo ma che collabora con Falcade per la manutenzione e la vigilanza di una parte dei 24 percorsi, ha esteso a suo tempo la proposta all&#8217;Amministrazione Comunale di Taibon Agordino, tramite Fiorangela Beltrame, che ha la delega al turismo e dove il progetto \u00e8 stato favorevolmente accolto dalla stessa Amministrazione e posto in essere, come anche nelle altre zone, con la preziona collaborazione delle organizzazioni di volontariato. Ad Agordo, dove Savio \u00e8 consigliere di minoranza nella Lista &#8220;Agordo Cambia&#8221;, il progetto \u00e8 stato sollecitato da lui con lettera ufficiale nel settembre 2020 e Chiara Fontanive, Assessore al Turismo e alle Politiche Giovanili ha ritenuto di pianificare il progetto coinvolgendo appunto le politiche giovanili, in collaborazione con il C.A.I., attraverso dei bandi regionali, adottando le linee guida di Falcade ed offrendo cos\u00ec una chiave turistica omogenea su tutto il territorio, con l&#8217;auspicio che anche i Comuni di Voltago Agordino e Gosaldo\u00a0 ai quali Savio ha gi\u00e0 a suo tempo esteso il progetto, possano aderire all&#8217;iniziativa. Il lavoro di squadra \u00e8 indispensabile per il rilancio turistico della nostra zona nel contesto intercomunale e notevole importanza assume l&#8217;intesa tra minoranza e maggioranza all&#8217;interno delle Amministrazioni, come nel caso specifico, Chiara Fontanive ha colto la bont\u00e0 dell&#8217;idea di un consigliere della minoranza per la buona riuscita di un progetto che coinvolge i giovani, i quali si spera possano afferrare ed appassionarsi ad una reale vocazione turistica dell&#8217;intera Conca Agordina<\/p>\n<p><strong><em>Silvano Savio &#8211; Gruppo Consigliare &#8220;Agordo Cambia&#8221; Agordo<\/em><\/strong><\/p>\n<p>&nbsp;<\/p>\n<p>&nbsp;<\/p>\n<hr \/>\n<p>&nbsp;<\/p>\n<blockquote>\n<h3>INAUGURATA LA NUOVA SEDE CISL DI TAI DI CADORE<\/h3>\n<\/blockquote>\n<p><strong>TAI DI CADORE <\/strong>\u201c<em>Investire in una nuova sede in questo territorio, dove spopolamento e calo demografico sono purtroppo una realt\u00e0, \u00e8 un segnale importante, di presenza, prospettiva e vitalit\u00e0<\/em>\u201d. Queste parole del segretario generale della Cisl Belluno Treviso Massimiliano Paglini hanno preceduto ieri mattina il taglio del nastro della nuova sede Cisl di Tai di Cadore. Uno spazio moderno e accogliente, in via Coletti 84, con sei postazioni e parcheggio attiguo agli uffici e nelle immediate vicinanze. Il trasferimento dalla vecchia sede di piazza Tiziano a Pieve alla nuova nella frazione di Tai rappresenta il primo passo di progetto pi\u00f9 ampio di efficientamento, accessibilit\u00e0 e potenziamento di uffici, sedi e servizi Cisl in tutto il territorio cadorino, da Santo Stefano a Cortina, nell\u2019ottica di mantenere e rafforzare il presidio nelle zone montane.<\/p>\n<div style=\"width: 848px;\" class=\"wp-video\"><video class=\"wp-video-shortcode\" id=\"video-339061-3\" width=\"848\" height=\"480\" preload=\"metadata\" controls=\"controls\"><source type=\"video\/mp4\" src=\"https:\/\/www.radiopiu.net\/wordpress\/wp-content\/uploads\/2023\/06\/WhatsApp-Video-2023-06-06-at-15.31.56.mp4?_=3\" \/><a href=\"https:\/\/www.radiopiu.net\/wordpress\/wp-content\/uploads\/2023\/06\/WhatsApp-Video-2023-06-06-at-15.31.56.mp4\">https:\/\/www.radiopiu.net\/wordpress\/wp-content\/uploads\/2023\/06\/WhatsApp-Video-2023-06-06-at-15.31.56.mp4<\/a><\/video><\/div>\n<p>&nbsp;<\/p>\n\n\t\t\t<style type='text\/css'>\n\t\t\t\t#gallery-4 {\n\t\t\t\t\tmargin: auto;\n\t\t\t\t}\n\t\t\t\t#gallery-4 .gallery-item {\n\t\t\t\t\tfloat: left;\n\t\t\t\t\tmargin-top: 10px;\n\t\t\t\t\ttext-align: center;\n\t\t\t\t\twidth: 50%;\n\t\t\t\t}\n\t\t\t\t#gallery-4 img {\n\t\t\t\t\tborder: 2px solid #cfcfcf;\n\t\t\t\t}\n\t\t\t\t#gallery-4 .gallery-caption {\n\t\t\t\t\tmargin-left: 0;\n\t\t\t\t}\n\t\t\t\t\/* see gallery_shortcode() in wp-includes\/media.php *\/\n\t\t\t<\/style>\n\t\t<div id='gallery-4' class='dt-gallery-container gallery galleryid-339061 gallery-columns-2 gallery-size-medium'><dl class='gallery-item'>\n\t\t\t\t<dt class='gallery-icon landscape'>\n\t\t\t\t\t<a class=\"rollover rollover-zoom dt-pswp-item\" title=\"inaugurazione Cisl Tai di Cadore1\" data-dt-img-description=\"\" data-large_image_width=\"2560\" data-large_image_height=\"1920\"href='https:\/\/www.radiopiu.net\/wordpress\/wp-content\/uploads\/2023\/06\/inaugurazione-Cisl-Tai-di-Cadore1-scaled.jpg'><img loading=\"lazy\" decoding=\"async\" width=\"300\" height=\"225\" src=\"https:\/\/www.radiopiu.net\/wordpress\/wp-content\/uploads\/2023\/06\/inaugurazione-Cisl-Tai-di-Cadore1-300x225.jpg\" class=\"attachment-medium size-medium\" alt=\"\" srcset=\"https:\/\/www.radiopiu.net\/wordpress\/wp-content\/uploads\/2023\/06\/inaugurazione-Cisl-Tai-di-Cadore1-300x225.jpg 300w, https:\/\/www.radiopiu.net\/wordpress\/wp-content\/uploads\/2023\/06\/inaugurazione-Cisl-Tai-di-Cadore1-1024x768.jpg 1024w, https:\/\/www.radiopiu.net\/wordpress\/wp-content\/uploads\/2023\/06\/inaugurazione-Cisl-Tai-di-Cadore1-768x576.jpg 768w, https:\/\/www.radiopiu.net\/wordpress\/wp-content\/uploads\/2023\/06\/inaugurazione-Cisl-Tai-di-Cadore1-1536x1152.jpg 1536w, https:\/\/www.radiopiu.net\/wordpress\/wp-content\/uploads\/2023\/06\/inaugurazione-Cisl-Tai-di-Cadore1-2048x1536.jpg 2048w\" sizes=\"auto, (max-width: 300px) 100vw, 300px\" \/><\/a>\n\t\t\t\t<\/dt><\/dl><dl class='gallery-item'>\n\t\t\t\t<dt class='gallery-icon landscape'>\n\t\t\t\t\t<a class=\"rollover rollover-zoom dt-pswp-item\" title=\"inaugurazione Cisl Tai di Cadore2\" data-dt-img-description=\"\" data-large_image_width=\"2560\" data-large_image_height=\"1920\"href='https:\/\/www.radiopiu.net\/wordpress\/wp-content\/uploads\/2023\/06\/inaugurazione-Cisl-Tai-di-Cadore2-scaled.jpg'><img loading=\"lazy\" decoding=\"async\" width=\"300\" height=\"225\" src=\"https:\/\/www.radiopiu.net\/wordpress\/wp-content\/uploads\/2023\/06\/inaugurazione-Cisl-Tai-di-Cadore2-300x225.jpg\" class=\"attachment-medium size-medium\" alt=\"\" srcset=\"https:\/\/www.radiopiu.net\/wordpress\/wp-content\/uploads\/2023\/06\/inaugurazione-Cisl-Tai-di-Cadore2-300x225.jpg 300w, https:\/\/www.radiopiu.net\/wordpress\/wp-content\/uploads\/2023\/06\/inaugurazione-Cisl-Tai-di-Cadore2-1024x768.jpg 1024w, https:\/\/www.radiopiu.net\/wordpress\/wp-content\/uploads\/2023\/06\/inaugurazione-Cisl-Tai-di-Cadore2-768x576.jpg 768w, https:\/\/www.radiopiu.net\/wordpress\/wp-content\/uploads\/2023\/06\/inaugurazione-Cisl-Tai-di-Cadore2-1536x1152.jpg 1536w, https:\/\/www.radiopiu.net\/wordpress\/wp-content\/uploads\/2023\/06\/inaugurazione-Cisl-Tai-di-Cadore2-2048x1536.jpg 2048w\" sizes=\"auto, (max-width: 300px) 100vw, 300px\" \/><\/a>\n\t\t\t\t<\/dt><\/dl><br style=\"clear: both\" \/>\n\t\t\t<\/div>\n\n<p>&nbsp;<\/p>\n<p>&nbsp;<\/p>\n<hr \/>\n<p>&nbsp;<\/p>\n<blockquote>\n<h3>LA RACCOLTA FIRME DELLA FP CGIL ALL&#8217;OSPEDALE DI FELTRE<\/h3>\n<\/blockquote>\n<p><strong>FELTRE<\/strong> Ieri, davanti ai cancelli dell&#8217;Ospedale di Feltre, la FP CGIL ha raccolto le firme di lavoratrici e lavoratori e utenti della Ulss 1. Le richieste, a cui le persone hanno aderito con convinzione, sono: Basta tagli al Fondo Sanitario (-2,4% nel 2023), Risorse per il CCNL (nessuna risorsa nel 2022, n\u00e9 nel 2023, e probabilmente neanche nel 2024, visto il DEF), Togliere il tetto di spesa per il personale, Risorse straordinarie per rendere attrattivi i territori pi\u00f9 disagiati, Un piano straordinario delle assunzioni, visto che in 10 anni \u00e8 raddoppiato il numero degli ultra 55enni.<\/p>\n<p><strong>ANDREA FIOCCO, SEGRETARIO GENERALE FP CGIL BELLUNO, E LUISA FERTONANI, DELEGATA RSU CGIL IN ULSS 1 DOLOMITI<\/strong><\/p>\n<div style=\"width: 848px;\" class=\"wp-video\"><video class=\"wp-video-shortcode\" id=\"video-339061-4\" width=\"848\" height=\"480\" preload=\"metadata\" controls=\"controls\"><source type=\"video\/mp4\" src=\"https:\/\/www.radiopiu.net\/wordpress\/wp-content\/uploads\/2023\/06\/WhatsApp-Video-2023-06-06-at-17.17.41.mp4?_=4\" \/><a href=\"https:\/\/www.radiopiu.net\/wordpress\/wp-content\/uploads\/2023\/06\/WhatsApp-Video-2023-06-06-at-17.17.41.mp4\">https:\/\/www.radiopiu.net\/wordpress\/wp-content\/uploads\/2023\/06\/WhatsApp-Video-2023-06-06-at-17.17.41.mp4<\/a><\/video><\/div>\n<p>&nbsp;<\/p>\n<hr \/>\n<p>&nbsp;<\/p>\n<blockquote>\n<h3>PNRR E FONDI COESIONE. A ROMA INCONTRO TRA IL MINISTRO FITTO E IL PRESIDENTE ZAIA<\/h3>\n<\/blockquote>\n<p><strong><a class=\"dt-pswp-item\" href=\"https:\/\/www.radiopiu.net\/wordpress\/wp-content\/uploads\/2023\/06\/997-2023-PNRR-E-FONDI-COESIONE.-A-ROMA-INCONTRO-TRA-IL-MINISTRO-FITTO-E-IL.E-ZAIA.jpg\" data-dt-img-description=\"\" data-large_image_width=\"2048\" data-large_image_height=\"1536\"><img loading=\"lazy\" decoding=\"async\" class=\" wp-image-339131 alignleft\" src=\"https:\/\/www.radiopiu.net\/wordpress\/wp-content\/uploads\/2023\/06\/997-2023-PNRR-E-FONDI-COESIONE.-A-ROMA-INCONTRO-TRA-IL-MINISTRO-FITTO-E-IL.E-ZAIA-300x225.jpg\" alt=\"\" width=\"149\" height=\"112\" srcset=\"https:\/\/www.radiopiu.net\/wordpress\/wp-content\/uploads\/2023\/06\/997-2023-PNRR-E-FONDI-COESIONE.-A-ROMA-INCONTRO-TRA-IL-MINISTRO-FITTO-E-IL.E-ZAIA-300x225.jpg 300w, https:\/\/www.radiopiu.net\/wordpress\/wp-content\/uploads\/2023\/06\/997-2023-PNRR-E-FONDI-COESIONE.-A-ROMA-INCONTRO-TRA-IL-MINISTRO-FITTO-E-IL.E-ZAIA-1024x768.jpg 1024w, https:\/\/www.radiopiu.net\/wordpress\/wp-content\/uploads\/2023\/06\/997-2023-PNRR-E-FONDI-COESIONE.-A-ROMA-INCONTRO-TRA-IL-MINISTRO-FITTO-E-IL.E-ZAIA-768x576.jpg 768w, https:\/\/www.radiopiu.net\/wordpress\/wp-content\/uploads\/2023\/06\/997-2023-PNRR-E-FONDI-COESIONE.-A-ROMA-INCONTRO-TRA-IL-MINISTRO-FITTO-E-IL.E-ZAIA-1536x1152.jpg 1536w, https:\/\/www.radiopiu.net\/wordpress\/wp-content\/uploads\/2023\/06\/997-2023-PNRR-E-FONDI-COESIONE.-A-ROMA-INCONTRO-TRA-IL-MINISTRO-FITTO-E-IL.E-ZAIA.jpg 2048w\" sizes=\"auto, (max-width: 149px) 100vw, 149px\" \/><\/a>ROMA<\/strong> Nella sede di Palazzo Chigi, il Ministro per le Politiche di Coesione e PNRR, Raffaele Fitto, ha incontro il Presidente della Regione Veneto, Luca Zaia. Al centro dell\u2019incontro diversi temi, con l\u2019intento di arrivare in tempi brevi alla stesura di un accordo tra la Presidenza del Consiglio dei Ministri e la Regione del Veneto per l\u2019attuazione di un Piano di sviluppo territoriale. \u201cIl Ministro ha riconosciuto il pieno ed efficace utilizzo dei fondi per le politiche di coesione assegnati alla Regione Veneto per il periodo 2014-2020, che cubano 1 miliardo e 364 milioni di euro &#8211; dichiara il Presidente della Regione Veneto, Luca Zaia, al termine dell\u2019incontro -. Si guarda ora al futuro: con il Ministro Fitto abbiamo discusso l\u2019assegnazione del fondo per lo Sviluppo e la coesione (FSC) 2021-2027, che si stima per il Veneto in circa 650 milioni di euro: il fondo andr\u00e0 ad intervenire per finanziare progetti strategici in materia di infrastrutture, oltre a interventi sociali, servizi abitativi, digitalizzazione, competitivit\u00e0\u201d.<\/p>\n<p>&nbsp;<\/p>\n<p>&nbsp;<\/p>\n<hr \/>\n<p>&nbsp;<\/p>\n<blockquote>\n<h3>CONCORSO DI PROGETTAZIONE DI 212 NUOVE SCUOLE CON FONDI PNRR: MODIFICATE LE REGOLE<\/h3>\n<\/blockquote>\n<p><strong><a class=\"dt-pswp-item\" href=\"https:\/\/www.radiopiu.net\/wordpress\/wp-content\/uploads\/2023\/06\/FOAV.png\" data-dt-img-description=\"\" data-large_image_width=\"575\" data-large_image_height=\"89\"><img loading=\"lazy\" decoding=\"async\" class=\" wp-image-339101 alignleft\" src=\"https:\/\/www.radiopiu.net\/wordpress\/wp-content\/uploads\/2023\/06\/FOAV-300x46.png\" alt=\"\" width=\"215\" height=\"33\" srcset=\"https:\/\/www.radiopiu.net\/wordpress\/wp-content\/uploads\/2023\/06\/FOAV-300x46.png 300w, https:\/\/www.radiopiu.net\/wordpress\/wp-content\/uploads\/2023\/06\/FOAV.png 575w\" sizes=\"auto, (max-width: 215px) 100vw, 215px\" \/><\/a>BELLUNO <\/strong>In Italia, un concorso per la realizzazione di 212 scuole innovative ha visto la partecipazione di circa 1.700 architetti e ingegneri. Nonostante il bando garantisse ai vincitori la possibilit\u00e0 di svolgere le fasi successive della progettazione e la direzione dei lavori, il Governo ha deciso di affidare principalmente l&#8217;appalto integrato alle imprese appaltatrici, privando i vincitori del compenso previsto. Di conseguenza, il bando del concorso non garantisce pi\u00f9 ai vincitori la possibilit\u00e0 di svolgere le fasi successive della progettazione e della direzione dei lavori. Le scuole devono essere realizzate utilizzando fondi europei entro scadenze strette, ma le lunghe procedure amministrative determinate dalle norme legislative rallentano i tempi. Il Ministero dell&#8217;Istruzione, temendo di perdere i finanziamenti, ha emesso un decreto che, una volta concluso il concorso, espropria i progettisti delle attivit\u00e0 di progettazione, affidandole all&#8217;impresa appaltatrice. Si tratta di un cambiamento unilaterale delle regole, un vero e proprio tradimento dopo l&#8217;assegnazione del concorso. Questo rappresenta un duro colpo per la formula dei concorsi di progettazione, che aveva suscitato speranze di maggior ricorso a questa modalit\u00e0, offrendo ai giovani la possibilit\u00e0 di competere. Molti dei vincitori del concorso sono giovani senza esperienza o strutture, che cercavano opportunit\u00e0 e visibilit\u00e0. Gli architetti del Veneto stanno chiedendo il ritiro della norma sull&#8217;appalto integrato. Nel frattempo, l&#8217;appalto integrato \u00e8 gi\u00e0 stato attuato per accelerare la costruzione di nuove scuole in conformit\u00e0 con il Piano Nazionale di Ripresa e Resilienza (PNRR), con una procedura di gara indetta da Invitalia che prevede risorse di quasi 800 milioni<\/p>\n<p>&nbsp;<\/p>\n<p>&nbsp;<\/p>\n<hr \/>\n<p>&nbsp;<\/p>\n<blockquote>\n<h3>OGGI GIORNATA MONDIALE DELLA SICUREZZA ALIMENTARE<\/h3>\n<\/blockquote>\n<p><strong><a class=\"dt-pswp-item\" href=\"https:\/\/www.radiopiu.net\/wordpress\/wp-content\/uploads\/2023\/06\/Giornata-della-sicurezza-alimentare_consigli-1.png\" data-dt-img-description=\"\" data-large_image_width=\"1587\" data-large_image_height=\"2245\"><img loading=\"lazy\" decoding=\"async\" class=\" wp-image-339120 alignleft\" src=\"https:\/\/www.radiopiu.net\/wordpress\/wp-content\/uploads\/2023\/06\/Giornata-della-sicurezza-alimentare_consigli-1-212x300.png\" alt=\"\" width=\"163\" height=\"231\" srcset=\"https:\/\/www.radiopiu.net\/wordpress\/wp-content\/uploads\/2023\/06\/Giornata-della-sicurezza-alimentare_consigli-1-212x300.png 212w, https:\/\/www.radiopiu.net\/wordpress\/wp-content\/uploads\/2023\/06\/Giornata-della-sicurezza-alimentare_consigli-1-724x1024.png 724w, https:\/\/www.radiopiu.net\/wordpress\/wp-content\/uploads\/2023\/06\/Giornata-della-sicurezza-alimentare_consigli-1-768x1086.png 768w, https:\/\/www.radiopiu.net\/wordpress\/wp-content\/uploads\/2023\/06\/Giornata-della-sicurezza-alimentare_consigli-1-1086x1536.png 1086w, https:\/\/www.radiopiu.net\/wordpress\/wp-content\/uploads\/2023\/06\/Giornata-della-sicurezza-alimentare_consigli-1-1448x2048.png 1448w, https:\/\/www.radiopiu.net\/wordpress\/wp-content\/uploads\/2023\/06\/Giornata-della-sicurezza-alimentare_consigli-1.png 1587w\" sizes=\"auto, (max-width: 163px) 100vw, 163px\" \/><\/a>BELLUNO <\/strong>Oggi si celebra nel mondo la Giornata Mondiale della Sicurezza Alimentare, un\u2019occasione per accrescere la consapevolezza dell\u2019importanza della sicurezza alimentare. La sicurezza alimentare \u00e8 una responsabilit\u00e0 collettiva, condivisa tra operatori economici (chiamati ad applicare \u201cbuone pratiche di lavorazione\u201d per garantire la salubrit\u00e0 delle derrate immesse sul mercato), autorit\u00e0 sanitarie (chiamate a tutelare la salute dei cittadini mediante azioni di vigilanza e controllo sull\u2019intera filiera alimentare, secondo un approccio che l\u2019Unione Europea chiama \u201c<em>from the farm to the fork<\/em>\u201d, ovvero \u201c<em>dai campi alla tavola<\/em>\u201d) e consumatori finali (chiamati ad un utilizzo appropriato e corretto degli alimenti, con riferimento sia agli stili nutrizionali che alle modalit\u00e0 di conservazione, manipolazione e preparazione a livello domestico). Il miglioramento della sicurezza alimentare viene perseguito attraverso un approccio &#8220;One Health&#8221;, in quanto la salute umana \u00e8 strettamente legata alla salute degli animali e dell&#8217;ambiente: numerosi agenti patogeni sono, infatti, trasmissibili dagli animali all&#8217;uomo, sia per contatto diretto che attraverso il cibo, l&#8217;acqua e l&#8217;ambiente, con importanti implicazioni per la salute pubblica e il benessere socioeconomico, tra le quali \u00e8 sicuramente da ricordare anche la problematica emergente costituita dall\u2019antibioticoresistenza.<\/p>\n<p>&nbsp;<\/p>\n<p>&nbsp;<\/p>\n<hr \/>\n<p>&nbsp;<\/p>\n<blockquote>\n<h3>CHIUSO L&#8217;ANNO ACCADEMICO PER L&#8217;UNIVERSITA POPOLARI AUSER<\/h3>\n<\/blockquote>\n<p><strong><a class=\"dt-pswp-item\" href=\"https:\/\/www.radiopiu.net\/wordpress\/wp-content\/uploads\/2020\/09\/auser-1.jpg\" data-dt-img-description=\"\" data-large_image_width=\"1772\" data-large_image_height=\"811\"><img loading=\"lazy\" decoding=\"async\" class=\" wp-image-163020 alignleft\" src=\"https:\/\/www.radiopiu.net\/wordpress\/wp-content\/uploads\/2020\/09\/auser-1-300x137.jpg\" alt=\"\" width=\"188\" height=\"86\" srcset=\"https:\/\/www.radiopiu.net\/wordpress\/wp-content\/uploads\/2020\/09\/auser-1-300x137.jpg 300w, https:\/\/www.radiopiu.net\/wordpress\/wp-content\/uploads\/2020\/09\/auser-1-1024x469.jpg 1024w, https:\/\/www.radiopiu.net\/wordpress\/wp-content\/uploads\/2020\/09\/auser-1-768x351.jpg 768w, https:\/\/www.radiopiu.net\/wordpress\/wp-content\/uploads\/2020\/09\/auser-1-1536x703.jpg 1536w, https:\/\/www.radiopiu.net\/wordpress\/wp-content\/uploads\/2020\/09\/auser-1-640x293.jpg 640w, https:\/\/www.radiopiu.net\/wordpress\/wp-content\/uploads\/2020\/09\/auser-1.jpg 1772w\" sizes=\"auto, (max-width: 188px) 100vw, 188px\" \/><\/a>BELLUNO<\/strong> La cerimonia di chiusura dell&#8217;Anno accademico 2022-2023 delle Universit\u00e0 popolari venete dell&#8217;Auser si \u00e8 tenuta a Taglio di Po, nel Polesine di Rovigo. Circa cento Soci, rappresentanti dei Consigli Direttivi dei Circoli, si sono riuniti presso il Museo regionale delle bonifiche di C\u00e0 Ventramin. Durante l&#8217;anno, i Circoli hanno offerto un calendario di educazione permanente con lezioni in aula, escursioni, concerti e viaggi legati alle tematiche trattate. Anche l&#8217;Auser provinciale \u00e8 attivo con quattro Universit\u00e0 nell&#8217;Alpago, a Belluno, Domegge e Ponte nelle Alpi. Durante la manifestazione regionale dell&#8217;Auser, organizzata dalla sezione provinciale di Rovigo, \u00e8 stata proposta la candidatura di Longarone come sede per l&#8217;apertura dell&#8217;Anno accademico 2023-2024. L&#8217;occasione sar\u00e0 dedicata al ricordo delle vittime, dei superstiti e dei soccorritori della tragedia del Vajont, e offrir\u00e0 uno spunto di riflessione sui molteplici aspetti ambientali dell&#8217;acqua, in un luogo simbolo dell&#8217;errore umano da 60 anni. L&#8217;appuntamento \u00e8 fissato per l&#8217;11 novembre 2023 a Longarone, per l&#8217;Auser regionale e le Universit\u00e0 venete della Terza Et\u00e0 e del tempo libero.<\/p>\n<p>&nbsp;<\/p>\n<p>&nbsp;<\/p>\n<hr \/>\n<p>&nbsp;<\/p>\n<blockquote>\n<h3>CONSIGLIO DELL&#8217;UNIONE MONTANA AGORDINA<\/h3>\n<\/blockquote>\n<p><strong>AGORDO<\/strong> Il presidente dell&#8217;Unione Montana Agordina Paolo Frena ha convocato il consiglio in sala Don Tamis per luned\u00ec alle 20. Sono cinque i punti da discutere, tra questi la presa d&#8217;atto dei nuovi consiglieri dei comuni di Canale D&#8217;Agordo e Cencenighe, l&#8217;accordo quadro tra Casa di Soggiorno di Taibon ed ASCA e il rinnovo della convenzione per la gestione del comitato di pari opportunit\u00e0<\/p>\n<p>&nbsp;<\/p>\n<p>&nbsp;<\/p>\n<hr \/>\n<p>&nbsp;<\/p>\n<blockquote>\n<h3>TRE PUNTI NEL CONSIGLIO COMUNALE DI CENCENIGHE<\/h3>\n<\/blockquote>\n<p><strong>CENCENIGHE<\/strong> Il sindaco Mauro Soppelsa ha convocato i consiglieri comunali per luned\u00ec alle 20:30. Oltre all&#8217;approvazione della seduta precedente, si parler\u00e0 del rendiconto della gestione per l&#8217;esercizio finanziario 2022 e l&#8217;approvazione dello schema di convenzione cin il bacino &#8220;dolomiti Bellunesi&#8221; e BIM GSP per interventi urgenti all&#8217;acquedotto di Collaz-Bolp<\/p>\n<p>&nbsp;<\/p>\n<p>&nbsp;<\/p>\n<hr \/>\n<p>&nbsp;<\/p>\n<blockquote>\n<h3>MARTEDI&#8217; CONSIGLIO COMUNALE A SAN TOMASO<\/h3>\n<\/blockquote>\n<p><strong>SAN TOMASO<\/strong> Si svolger\u00e0 marted\u00ec alle 20 il consiglio comunale di San Tomaso. Il sindaco Moreno De Val ha chiamato a rapporto i consiglieri per trattare quattro punti tra cui due variazioni a bilancio e l&#8217;approvazione del regolamento di concessione dell&#8217;Arena 1082<\/p>\n<p>&nbsp;<\/p>\n<p>&nbsp;<\/p>\n<hr \/>\n<p>&nbsp;<\/p>\n<blockquote>\n<h3>IL SECONDO CONSIGLIO COMUNALE DI CANALE D&#8217;AGORDO IN POCHI GIORNI<\/h3>\n<\/blockquote>\n<p><strong>CANALE D&#8217;AGORDO<\/strong> Il sindaco di Canale D&#8217;Agordo Massimo Murer ha convocato i consiglieri comunali per mercoled\u00ec 14 giugno alle 20. Quattro i punti da discutere tra cui la nomina dei componenti della commissione elettorale comunale, l&#8217;approvazione del rediconto di gestione 2022 e la presentazione delle linee programmatiche relative alle azioni e progetti da realizzare nel corso del mandato.<\/p>\n<p>&nbsp;<\/p>\n<p>&nbsp;<\/p>\n<hr \/>\n<p>&nbsp;<\/p>\n<blockquote>\n<h3>LA 4 PAS IN DOI UN SUCCESSO. IL GRAZIE AI VOLONTARI<\/h3>\n<\/blockquote>\n<p><a class=\"dt-pswp-item\" href=\"https:\/\/www.radiopiu.net\/wordpress\/wp-content\/uploads\/2023\/06\/351176084_262223156477301_1786694889222384798_n.jpg\" data-dt-img-description=\"\" data-large_image_width=\"2000\" data-large_image_height=\"1500\"><img loading=\"lazy\" decoding=\"async\" class=\" wp-image-339083 alignleft\" src=\"https:\/\/www.radiopiu.net\/wordpress\/wp-content\/uploads\/2023\/06\/351176084_262223156477301_1786694889222384798_n-300x225.jpg\" alt=\"\" width=\"216\" height=\"162\" srcset=\"https:\/\/www.radiopiu.net\/wordpress\/wp-content\/uploads\/2023\/06\/351176084_262223156477301_1786694889222384798_n-300x225.jpg 300w, https:\/\/www.radiopiu.net\/wordpress\/wp-content\/uploads\/2023\/06\/351176084_262223156477301_1786694889222384798_n-1024x768.jpg 1024w, https:\/\/www.radiopiu.net\/wordpress\/wp-content\/uploads\/2023\/06\/351176084_262223156477301_1786694889222384798_n-768x576.jpg 768w, https:\/\/www.radiopiu.net\/wordpress\/wp-content\/uploads\/2023\/06\/351176084_262223156477301_1786694889222384798_n-1536x1152.jpg 1536w, https:\/\/www.radiopiu.net\/wordpress\/wp-content\/uploads\/2023\/06\/351176084_262223156477301_1786694889222384798_n.jpg 2000w\" sizes=\"auto, (max-width: 216px) 100vw, 216px\" \/><\/a>Domenica scorsa \u00e8 andata in scena l&#8217;edizione 2023 della 4 Pas In Doi. Un successo grazie ai tanti volontari che hanno reso possibile la gara organizzata da AD Agordo Pro Loco.<\/p>\n<p>&nbsp;<\/p>\n<p>&nbsp;<\/p>\n<p>&nbsp;<\/p>\n<p><strong>I RINGRAZIAMENTI MARTA MORETTI<\/strong><\/p>\n<audio class=\"wp-audio-shortcode\" id=\"audio-339061-7\" preload=\"none\" style=\"width: 100%;\" controls=\"controls\"><source type=\"audio\/mpeg\" src=\"https:\/\/www.radiopiu.net\/wordpress\/wp-content\/uploads\/2023\/06\/MARTA-MORETTI.mp3?_=7\" \/><a href=\"https:\/\/www.radiopiu.net\/wordpress\/wp-content\/uploads\/2023\/06\/MARTA-MORETTI.mp3\">https:\/\/www.radiopiu.net\/wordpress\/wp-content\/uploads\/2023\/06\/MARTA-MORETTI.mp3<\/a><\/audio>\n<p>&nbsp;<\/p>\n<hr \/>\n<p>&nbsp;<\/p>\n<blockquote>\n<h3>POLIZZA FURTI: AGEVOLAZIONE PER I CITTADINI DI PONTE NELLE ALPI<\/h3>\n<\/blockquote>\n<p><strong><a class=\"dt-pswp-item\" href=\"https:\/\/www.radiopiu.net\/wordpress\/wp-content\/uploads\/2023\/04\/Municipio_di_Ponte_nelle_Alpi-1.jpg\" data-dt-img-description=\"\" data-large_image_width=\"1024\" data-large_image_height=\"768\"><img loading=\"lazy\" decoding=\"async\" class=\" wp-image-331602 alignleft\" src=\"https:\/\/www.radiopiu.net\/wordpress\/wp-content\/uploads\/2023\/04\/Municipio_di_Ponte_nelle_Alpi-1-300x225.jpg\" alt=\"\" width=\"193\" height=\"145\" srcset=\"https:\/\/www.radiopiu.net\/wordpress\/wp-content\/uploads\/2023\/04\/Municipio_di_Ponte_nelle_Alpi-1-300x225.jpg 300w, https:\/\/www.radiopiu.net\/wordpress\/wp-content\/uploads\/2023\/04\/Municipio_di_Ponte_nelle_Alpi-1-768x576.jpg 768w, https:\/\/www.radiopiu.net\/wordpress\/wp-content\/uploads\/2023\/04\/Municipio_di_Ponte_nelle_Alpi-1.jpg 1024w\" sizes=\"auto, (max-width: 193px) 100vw, 193px\" \/><\/a>PONTE NELLE ALPI <\/strong>Anche quest\u2019anno il Comune di Ponte nelle Alpi offre alle famiglie del territorio la possibilit\u00e0 di aderire alla polizza contro i furti. C\u2019\u00e8 tempo fino a mercoled\u00ec 28 giugno: la nuova polizza avr\u00e0 effetto dalla mezzanotte del 30 giugno. E la durata sar\u00e0 di dodici mesi.<span class=\"gmail-Apple-converted-space\"> \u00a0<\/span>A fronte di un premio annuale di 25,50 euro per nucleo familiare, i massimali risarciti ammontano a 1.500 per i beni sottratti, 500 per il denaro prelevato agli sportelli e 3mila per guasti e atti vandalici. La novit\u00e0 \u00e8 legata al risarcimento fino a 500 euro per la truffa consumata all&#8217;interno dell\u2019abitazione, mentre la franchigia \u00e8 di 250 euro per qualsiasi sinistro e 100 per la truffa franchigia.<span class=\"gmail-Apple-converted-space\"> Per ulteriori informazioni \u00e8 possibile rivolgersi all\u2019Ufficio relazioni con il pubblico, al numero 0437.986724, o inviare una a mail <a href=\"mailto:urp@pna.bl.it\">urp@pna.bl.it<\/a>.<\/span><\/p>\n<p>&nbsp;<\/p>\n<p>&nbsp;<\/p>\n<hr \/>\n<p>&nbsp;<\/p>\n<blockquote>\n<h3><a class=\"dt-pswp-item\" href=\"https:\/\/www.radiopiu.net\/wordpress\/wp-content\/uploads\/2023\/06\/Immagine-WhatsApp-2023-05-17-ore-10.48.27.jpg\" data-dt-img-description=\"\" data-large_image_width=\"1600\" data-large_image_height=\"1600\"><img loading=\"lazy\" decoding=\"async\" class=\" wp-image-339075 alignleft\" src=\"https:\/\/www.radiopiu.net\/wordpress\/wp-content\/uploads\/2023\/06\/Immagine-WhatsApp-2023-05-17-ore-10.48.27-300x300.jpg\" alt=\"\" width=\"153\" height=\"153\" srcset=\"https:\/\/www.radiopiu.net\/wordpress\/wp-content\/uploads\/2023\/06\/Immagine-WhatsApp-2023-05-17-ore-10.48.27-300x300.jpg 300w, https:\/\/www.radiopiu.net\/wordpress\/wp-content\/uploads\/2023\/06\/Immagine-WhatsApp-2023-05-17-ore-10.48.27-1024x1024.jpg 1024w, https:\/\/www.radiopiu.net\/wordpress\/wp-content\/uploads\/2023\/06\/Immagine-WhatsApp-2023-05-17-ore-10.48.27-150x150.jpg 150w, https:\/\/www.radiopiu.net\/wordpress\/wp-content\/uploads\/2023\/06\/Immagine-WhatsApp-2023-05-17-ore-10.48.27-768x768.jpg 768w, https:\/\/www.radiopiu.net\/wordpress\/wp-content\/uploads\/2023\/06\/Immagine-WhatsApp-2023-05-17-ore-10.48.27-1536x1536.jpg 1536w, https:\/\/www.radiopiu.net\/wordpress\/wp-content\/uploads\/2023\/06\/Immagine-WhatsApp-2023-05-17-ore-10.48.27.jpg 1600w\" sizes=\"auto, (max-width: 153px) 100vw, 153px\" \/><\/a><\/h3>\n<h3>\u201cGENERATION FOR REGENERATION\u201d: I GIOVANI BELLUNESI PER LA SOSTENIBILIT\u00c0<\/h3>\n<\/blockquote>\n<p><strong>BELLUNO <\/strong>Educare i giovani del territorio alla sostenibilit\u00e0. \u00c8 questo l\u2019obiettivo del progetto dal titolo \u201cGeneration for Regeneration. Educare in rete per la svolta ecologica\u201d, avviato a fine 2021, promosso dal Comitato d\u2019Intesa e finanziato da Fondazione Cariverona nell\u2019ambito del bando \u201cFORMAT\u201d. Non solo formazione: il progetto intende infatti anche mobilitare e responsabilizzare i giovani coinvolti, favorendone la partecipazione attiva e stimolando l\u2019apprendimento attraverso l\u2019esperienza. Il progetto ha una durata di due anni e coinvolge come partner Cantiere della Provvidenza, Insieme Si Pu\u00f2\u2026, Portaperta SCS, Bellunesi nel Mondo, Amici delle Scuole in Rete.<br \/>\nProprio Scuole in Rete per un Mondo di Solidariet\u00e0 e Pace proporr\u00e0, venerd\u00ec dalle 8 alle 12.30 al Teatro Comunale di Belluno, il meeting di fine anno, quest\u2019anno dedicato alla sostenibilit\u00e0. Vi saranno la proiezione di un docufilm sulle dipendenze e uno spettacolo teatrale; in seguito, verranno presentati i progetti per la sostenibilit\u00e0, tra cui appunto \u201cGeneration for Regeneration\u201d con le testimonianze dei giovani under 30: i Green Ambassador (info su <a href=\"http:\/\/www.studentibelluno.it\">www.studentibelluno.it<\/a>).<\/p>\n<p>&nbsp;<\/p>\n<p>&nbsp;<\/p>\n<hr \/>\n<p>&nbsp;<\/p>\n<h2><span style=\"color: #ff00ff;\">IERI ALLA RADIO\u00a0<\/span><\/h2>\n<h2 class=\"style-scope ytd-watch-metadata\"><span style=\"color: #008000;\">TERRA, ACQUA, SOLE: EPCENTER PER IL BENESSERE<\/span><\/h2>\n<p><iframe loading=\"lazy\" title=\"TERRA, ACQUA, SOLE: EPCENTER PER IL BENESSERE\" width=\"1200\" height=\"675\" src=\"https:\/\/www.youtube.com\/embed\/Mzopk15bEn8?feature=oembed\" frameborder=\"0\" allow=\"accelerometer; autoplay; clipboard-write; encrypted-media; gyroscope; picture-in-picture; web-share\" allowfullscreen><\/iframe><\/p>\n<p>&nbsp;<\/p>\n<h2><span style=\"color: #008080;\">&#8220;DINTORN E FORA VIA&#8221;\u00a0<\/span><span style=\"color: #008080;\"> IL PROGRAMMA\u00a0 <\/span><span style=\"color: #008080;\">A CURA DEL MUSLA\u00a0\u00a0<\/span><\/h2>\n<h1 style=\"text-align: center;\"><\/h1>\n<h1 style=\"text-align: center;\"><strong><span style=\"color: #ff0000;\">SECONDO ANNO<\/span><\/strong><strong><span style=\"color: #ff0000;\">\u00a0<\/span><\/strong><\/h1>\n<p><strong><a class=\"dt-pswp-item\" href=\"https:\/\/www.radiopiu.net\/wordpress\/wp-content\/uploads\/2023\/04\/286468059_10225543269835880_1681823351224487741_n.jpg\" data-dt-img-description=\"\" data-large_image_width=\"958\" data-large_image_height=\"960\"><img loading=\"lazy\" decoding=\"async\" class=\"wp-image-331970 alignleft\" src=\"https:\/\/www.radiopiu.net\/wordpress\/wp-content\/uploads\/2023\/04\/286468059_10225543269835880_1681823351224487741_n-300x300.jpg\" alt=\"\" width=\"128\" height=\"128\" srcset=\"https:\/\/www.radiopiu.net\/wordpress\/wp-content\/uploads\/2023\/04\/286468059_10225543269835880_1681823351224487741_n-300x300.jpg 300w, https:\/\/www.radiopiu.net\/wordpress\/wp-content\/uploads\/2023\/04\/286468059_10225543269835880_1681823351224487741_n-150x150.jpg 150w, https:\/\/www.radiopiu.net\/wordpress\/wp-content\/uploads\/2023\/04\/286468059_10225543269835880_1681823351224487741_n-768x770.jpg 768w, https:\/\/www.radiopiu.net\/wordpress\/wp-content\/uploads\/2023\/04\/286468059_10225543269835880_1681823351224487741_n.jpg 958w\" sizes=\"auto, (max-width: 128px) 100vw, 128px\" \/><\/a>PUNTATA DEL 06 GIUGNO\u00a0 BEATRICE COLCUC<\/strong><\/p>\n<audio class=\"wp-audio-shortcode\" id=\"audio-339061-8\" preload=\"none\" style=\"width: 100%;\" controls=\"controls\"><source type=\"audio\/mpeg\" src=\"https:\/\/www.radiopiu.net\/wordpress\/wp-content\/uploads\/2023\/06\/MUSLA.mp3?_=8\" \/><a href=\"https:\/\/www.radiopiu.net\/wordpress\/wp-content\/uploads\/2023\/06\/MUSLA.mp3\">https:\/\/www.radiopiu.net\/wordpress\/wp-content\/uploads\/2023\/06\/MUSLA.mp3<\/a><\/audio>\n<p><strong>\u00a0<\/strong><\/p>\n<p><strong>LA RACCOLTA COMPLETA<\/strong><\/p>\n<blockquote class=\"wp-embedded-content\" data-secret=\"5FJHwoNFEQ\"><p><a href=\"https:\/\/www.radiopiu.net\/wordpress\/musla\/\">MUSLA<\/a><\/p><\/blockquote>\n<p><iframe loading=\"lazy\" class=\"wp-embedded-content\" sandbox=\"allow-scripts\" security=\"restricted\" style=\"position: absolute; clip: rect(1px, 1px, 1px, 1px);\" title=\"&#8220;MUSLA&#8221; &#8212; Radio Pi\u00f9\" src=\"https:\/\/www.radiopiu.net\/wordpress\/musla\/embed\/#?secret=1sXIoGuq7M#?secret=5FJHwoNFEQ\" data-secret=\"5FJHwoNFEQ\" width=\"600\" height=\"338\" frameborder=\"0\" marginwidth=\"0\" marginheight=\"0\" scrolling=\"no\"><\/iframe><\/p>\n<p>&nbsp;<\/p>\n<hr \/>\n<p>&nbsp;<\/p>\n<blockquote>\n<h2 class=\"entry-title\" style=\"text-align: center;\"><span style=\"color: #ff0000;\">100 ANNI DI RADIO \u2013 40 ANNI DI RADIO PI\u00d9<\/span><\/h2>\n<\/blockquote>\n<p class=\"photoswipe-wrapper\"><a class=\"dt-pswp-item pspw-wrap-ready\" href=\"https:\/\/www.radiopiu.net\/wordpress\/wp-content\/uploads\/2023\/06\/Senza-nome-1.jpg\" data-dt-img-description=\"\" data-large_image_width=\"549\" data-large_image_height=\"429\"><img loading=\"lazy\" decoding=\"async\" class=\"size-medium wp-image-338505 alignleft\" src=\"https:\/\/www.radiopiu.net\/wordpress\/wp-content\/uploads\/2023\/06\/Senza-nome-1-300x234.jpg\" sizes=\"auto, (max-width: 300px) 100vw, 300px\" srcset=\"https:\/\/www.radiopiu.net\/wordpress\/wp-content\/uploads\/2023\/06\/Senza-nome-1-300x234.jpg 300w, https:\/\/www.radiopiu.net\/wordpress\/wp-content\/uploads\/2023\/06\/Senza-nome-1.jpg 549w\" alt=\"\" width=\"300\" height=\"234\" \/><\/a>Da quando l\u2019Eiar diede il via alla sua prima trasmissione radiofonica nel lontano 1923, sono trascorsi ben cento anni dalla nascita di un mezzo di comunicazione che ha segnato la storia dell\u2019umanit\u00e0. La radio, con la sua capacit\u00e0 di informare, intrattenere e connettere le persone, ha mantenuto la sua importanza nel corso dei decenni, adattandosi ai cambiamenti tecnologici e sociali. Dall\u2019Eiar alla Rai, dalle radio locali ai gruppi nazionali privati, fino alle moderne radio web, l\u2019evoluzione del panorama radiofonico ha seguito il mutare dei tempi. Sono stati quarant\u2019anni dalla nascita di Radio Pi\u00f9, emittente che ha saputo\u00a0<a class=\"dt-pswp-item pspw-wrap-ready\" href=\"https:\/\/www.radiopiu.net\/wordpress\/wp-content\/uploads\/2023\/06\/c4f41af3-b1f7-424a-a20c-3563652ec6a0.jpg\" data-dt-img-description=\"\" data-large_image_width=\"1024\" data-large_image_height=\"768\"><img loading=\"lazy\" decoding=\"async\" class=\"size-medium wp-image-338506 alignright\" src=\"https:\/\/www.radiopiu.net\/wordpress\/wp-content\/uploads\/2023\/06\/c4f41af3-b1f7-424a-a20c-3563652ec6a0-300x225.jpg\" sizes=\"auto, (max-width: 300px) 100vw, 300px\" srcset=\"https:\/\/www.radiopiu.net\/wordpress\/wp-content\/uploads\/2023\/06\/c4f41af3-b1f7-424a-a20c-3563652ec6a0-300x225.jpg 300w, https:\/\/www.radiopiu.net\/wordpress\/wp-content\/uploads\/2023\/06\/c4f41af3-b1f7-424a-a20c-3563652ec6a0-768x576.jpg 768w, https:\/\/www.radiopiu.net\/wordpress\/wp-content\/uploads\/2023\/06\/c4f41af3-b1f7-424a-a20c-3563652ec6a0.jpg 1024w\" alt=\"\" width=\"300\" height=\"225\" \/><\/a>raccontare il territorio e diventare un punto di riferimento per gli appassionati di musica, notizie e intrattenimento (foto in alto in esposizione a RADIOPIU della Pizzeria Costa, Canale d\u2019Agordo).\u00a0\u00a0<strong>Per celebrare il valore intramontabile della radio, Radio Pi\u00f9 ha organizzato un evento speciale. Sabato 24, domenica 25 e luned\u00ec 26, nella suggestiva cornice di Taibon Agordino, in Piazza San Rocco, si terr\u00e0 \u201cLa Mostra delle Radio \u2013 Dal Secolo Scorso ad Oggi\u201d. Un\u2019iniziativa unica, nata dall\u2019idea di Ivano Benvegn\u00f9, Franco Gnel Ben e Mirko Mezzacasa, che vuole ripercorrere la storia della radio attraverso le sue diverse epoche.<\/strong><\/p>\n<p class=\"photoswipe-wrapper\"><a class=\"dt-pswp-item pspw-wrap-ready\" href=\"https:\/\/www.radiopiu.net\/wordpress\/wp-content\/uploads\/2023\/06\/490861a5-5a3d-4404-8e46-65b0e77576bb.jpg\" data-dt-img-description=\"\" data-large_image_width=\"1500\" data-large_image_height=\"2000\"><img loading=\"lazy\" decoding=\"async\" class=\"size-medium wp-image-338508 alignleft\" src=\"https:\/\/www.radiopiu.net\/wordpress\/wp-content\/uploads\/2023\/06\/490861a5-5a3d-4404-8e46-65b0e77576bb-225x300.jpg\" sizes=\"auto, (max-width: 225px) 100vw, 225px\" srcset=\"https:\/\/www.radiopiu.net\/wordpress\/wp-content\/uploads\/2023\/06\/490861a5-5a3d-4404-8e46-65b0e77576bb-225x300.jpg 225w, https:\/\/www.radiopiu.net\/wordpress\/wp-content\/uploads\/2023\/06\/490861a5-5a3d-4404-8e46-65b0e77576bb-768x1024.jpg 768w, https:\/\/www.radiopiu.net\/wordpress\/wp-content\/uploads\/2023\/06\/490861a5-5a3d-4404-8e46-65b0e77576bb-1152x1536.jpg 1152w, https:\/\/www.radiopiu.net\/wordpress\/wp-content\/uploads\/2023\/06\/490861a5-5a3d-4404-8e46-65b0e77576bb.jpg 1500w\" alt=\"\" width=\"225\" height=\"300\" \/><\/a>La mostra sar\u00e0 un viaggio affascinante nel tempo, offrendo ai visitatori l\u2019opportunit\u00e0 di esplorare l\u2019evoluzione dei dispositivi radiofonici e delle trasmissioni nel corso dei decenni. Dagli antichi apparecchi a valvole fino ai moderni dispositivi digitali, sar\u00e0 possibile ammirare la tecnologia che ha reso possibile l\u2019ascolto delle voci e delle storie provenienti da tutto il mondo. Oltre alla componente tecnologica, la mostra metter\u00e0 in luce l\u2019impatto sociale e culturale della radio. Attraverso immagini, documenti d\u2019epoca e testimonianze, si cercher\u00e0 di trasmettere l\u2019importanza di questo mezzo di comunicazione nella vita quotidiana delle persone. La radio ha saputo accompagnare gli ascoltatori nelle loro giornate, diventando compagna di viaggio, fonte di informazione e stimolo per l\u2019immaginazione e il sogno. Radio Pi\u00f9, con la sua lunga storia nel panorama radiofonico, \u00e8 orgogliosa di celebrare l\u2019eredit\u00e0 della radio e il suo impatto duraturo sulla societ\u00e0. L\u2019evento in Piazza San Rocco rappresenta un\u2019occasione unica per rivivere i momenti salienti della radiofonia e per riflettere su come questo strumento abbia saputo evolversi e reinventarsi nel corso dei decenni. La radio continua ad essere un mezzo di comunicazione privilegiato, capace di creare un legame intimo tra le persone e di stimolare la fantasia. Proprio per questa ragione, Radio Pi\u00f9 invita tutti a partecipare a questa straordinaria mostra, per riscoprire insieme il fascino intramontabile della radio e per celebrare cento anni di storia e cultura radiofonica (foto a lato di Franco Ben)<\/p>\n<p>&nbsp;<\/p>\n<hr \/>\n<p>&nbsp;<\/p>\n<blockquote class=\"wp-embedded-content\" data-secret=\"ZNvLFGsqhc\"><p><a href=\"https:\/\/www.radiopiu.net\/wordpress\/sentimental-le-storie-damore-di-paola-lanciato\/\">SENTIMENTAL,\u00a0 &#8220;le storie d&#8217;amore&#8221; DI PAOLA LANCIATO<\/a><\/p><\/blockquote>\n<p><iframe loading=\"lazy\" class=\"wp-embedded-content\" sandbox=\"allow-scripts\" security=\"restricted\" style=\"position: absolute; clip: rect(1px, 1px, 1px, 1px);\" title=\"&#8220;SENTIMENTAL,\u00a0 &#8220;le storie d&#8217;amore&#8221; DI PAOLA LANCIATO&#8221; &#8212; Radio Pi\u00f9\" src=\"https:\/\/www.radiopiu.net\/wordpress\/sentimental-le-storie-damore-di-paola-lanciato\/embed\/#?secret=Kuvqeed9Vk#?secret=ZNvLFGsqhc\" data-secret=\"ZNvLFGsqhc\" width=\"600\" height=\"338\" frameborder=\"0\" marginwidth=\"0\" marginheight=\"0\" scrolling=\"no\"><\/iframe><\/p>\n<p>&nbsp;<\/p>\n<hr \/>\n<p>&nbsp;<\/p>\n<blockquote class=\"wp-embedded-content\" data-secret=\"DpyCbGiNNZ\"><p><a href=\"https:\/\/www.radiopiu.net\/wordpress\/lad05\/\">&#8220;NCONTONSE&#8221; IN LADINO SU RADIO PI\u00d9, quinta   puntata<\/a><\/p><\/blockquote>\n<p><iframe loading=\"lazy\" class=\"wp-embedded-content\" sandbox=\"allow-scripts\" security=\"restricted\" style=\"position: absolute; clip: rect(1px, 1px, 1px, 1px);\" title=\"&#8220;&#8220;NCONTONSE&#8221; IN LADINO SU RADIO PI\u00d9, quinta   puntata&#8221; &#8212; Radio Pi\u00f9\" src=\"https:\/\/www.radiopiu.net\/wordpress\/lad05\/embed\/#?secret=x5HogvStwg#?secret=DpyCbGiNNZ\" data-secret=\"DpyCbGiNNZ\" width=\"600\" height=\"338\" frameborder=\"0\" marginwidth=\"0\" marginheight=\"0\" scrolling=\"no\"><\/iframe><\/p>\n<p>&nbsp;<\/p>\n<hr \/>\n<p>&nbsp;<\/p>\n<blockquote class=\"wp-embedded-content\" data-secret=\"CEkNlHQiGz\"><p><a href=\"https:\/\/www.radiopiu.net\/wordpress\/rimasti-piu-avanti-alla-scoperta-della-musica-bellunese-con-marco-v-dal-farra\/\">&#8220;RIMASTI PIU&#8217; AVANTI&#8221;, ALLA SCOPERTA DELLA MUSICA BELLUNESE CON MARCO V. DAL FARRA<\/a><\/p><\/blockquote>\n<p><iframe loading=\"lazy\" class=\"wp-embedded-content\" sandbox=\"allow-scripts\" security=\"restricted\" style=\"position: absolute; clip: rect(1px, 1px, 1px, 1px);\" title=\"&#8220;&#8220;RIMASTI PIU&#8217; AVANTI&#8221;, ALLA SCOPERTA DELLA MUSICA BELLUNESE CON MARCO V. DAL FARRA&#8221; &#8212; Radio Pi\u00f9\" src=\"https:\/\/www.radiopiu.net\/wordpress\/rimasti-piu-avanti-alla-scoperta-della-musica-bellunese-con-marco-v-dal-farra\/embed\/#?secret=ypeEbDgv3X#?secret=CEkNlHQiGz\" data-secret=\"CEkNlHQiGz\" width=\"600\" height=\"338\" frameborder=\"0\" marginwidth=\"0\" marginheight=\"0\" scrolling=\"no\"><\/iframe><\/p>\n<p>&nbsp;<\/p>\n<hr \/>\n<p>&nbsp;<\/p>\n<p><a class=\"dt-pswp-item\" href=\"https:\/\/www.radiopiu.net\/wordpress\/wp-content\/uploads\/2023\/05\/07b370aa-6c88-4a9c-929f-e4e6e20e615b.jpg\" data-dt-img-description=\"\" data-large_image_width=\"832\" data-large_image_height=\"1024\"><img loading=\"lazy\" decoding=\"async\" class=\"size-medium wp-image-337511 aligncenter\" src=\"https:\/\/www.radiopiu.net\/wordpress\/wp-content\/uploads\/2023\/05\/07b370aa-6c88-4a9c-929f-e4e6e20e615b-244x300.jpg\" alt=\"\" width=\"244\" height=\"300\" srcset=\"https:\/\/www.radiopiu.net\/wordpress\/wp-content\/uploads\/2023\/05\/07b370aa-6c88-4a9c-929f-e4e6e20e615b-244x300.jpg 244w, https:\/\/www.radiopiu.net\/wordpress\/wp-content\/uploads\/2023\/05\/07b370aa-6c88-4a9c-929f-e4e6e20e615b-768x945.jpg 768w, https:\/\/www.radiopiu.net\/wordpress\/wp-content\/uploads\/2023\/05\/07b370aa-6c88-4a9c-929f-e4e6e20e615b.jpg 832w\" sizes=\"auto, (max-width: 244px) 100vw, 244px\" \/><\/a><\/p>\n<blockquote>\n<h3>TORNA IL &#8220;MINIERE SUNSET&#8221; NELL&#8217;ESTATE DEL CAFFE&#8217; MINIERE DI AGORDO<\/h3>\n<\/blockquote>\n<p><strong><a class=\"dt-pswp-item\" href=\"https:\/\/www.radiopiu.net\/wordpress\/wp-content\/uploads\/2023\/05\/SCR-20230525-kofy.jpeg\" data-dt-img-description=\"\" data-large_image_width=\"1166\" data-large_image_height=\"646\"><img loading=\"lazy\" decoding=\"async\" class=\" wp-image-337439 alignleft\" src=\"https:\/\/www.radiopiu.net\/wordpress\/wp-content\/uploads\/2023\/05\/SCR-20230525-kofy-300x166.jpeg\" alt=\"\" width=\"154\" height=\"85\" srcset=\"https:\/\/www.radiopiu.net\/wordpress\/wp-content\/uploads\/2023\/05\/SCR-20230525-kofy-300x166.jpeg 300w, https:\/\/www.radiopiu.net\/wordpress\/wp-content\/uploads\/2023\/05\/SCR-20230525-kofy-1024x567.jpeg 1024w, https:\/\/www.radiopiu.net\/wordpress\/wp-content\/uploads\/2023\/05\/SCR-20230525-kofy-768x425.jpeg 768w, https:\/\/www.radiopiu.net\/wordpress\/wp-content\/uploads\/2023\/05\/SCR-20230525-kofy.jpeg 1166w\" sizes=\"auto, (max-width: 154px) 100vw, 154px\" \/><\/a>AGORDO<\/strong> Si torna a ballare nell&#8217;estate 2023. Il Caff\u00e8 Miniere di Agordo organizza il &#8220;Miniere Sunset&#8221;, un appuntamento a cadenza mensile con cocktail bar e DJ Set dalle 18 alle 24. Tre mercoled\u00ec di festa. Il 14 giugno con DJ Jack &amp; RDJ, il 19 luglio e il 30 agosto con Morgan &amp; Battaglia DJ&#8217;s. Tutte le serate saranno in diretta su Radio Pi\u00f9 con ospiti a sorpresa.<\/p>\n<p>&nbsp;<\/p>\n<div class=\"page-title-breadcrumbs\">\n<p>&nbsp;<\/p>\n<p>&nbsp;<\/p>\n<hr \/>\n<p>&nbsp;<\/p>\n<h2><span style=\"color: #ff0000;\">GLI APPUNTAMENTI DELLA SETTIMANA<\/span><\/h2>\n<blockquote>\n<blockquote>\n<h3><a class=\"dt-pswp-item\" href=\"https:\/\/www.radiopiu.net\/wordpress\/wp-content\/uploads\/2021\/06\/ebe0e140-b21f-4a97-a898-717eb7fd126f.jpg\" data-dt-img-description=\"\" data-large_image_width=\"2000\" data-large_image_height=\"1500\"><img loading=\"lazy\" decoding=\"async\" class=\" wp-image-215869 alignleft\" src=\"https:\/\/www.radiopiu.net\/wordpress\/wp-content\/uploads\/2021\/06\/ebe0e140-b21f-4a97-a898-717eb7fd126f-300x225.jpg\" alt=\"\" width=\"241\" height=\"181\" srcset=\"https:\/\/www.radiopiu.net\/wordpress\/wp-content\/uploads\/2021\/06\/ebe0e140-b21f-4a97-a898-717eb7fd126f-300x225.jpg 300w, https:\/\/www.radiopiu.net\/wordpress\/wp-content\/uploads\/2021\/06\/ebe0e140-b21f-4a97-a898-717eb7fd126f-1024x768.jpg 1024w, https:\/\/www.radiopiu.net\/wordpress\/wp-content\/uploads\/2021\/06\/ebe0e140-b21f-4a97-a898-717eb7fd126f-768x576.jpg 768w, https:\/\/www.radiopiu.net\/wordpress\/wp-content\/uploads\/2021\/06\/ebe0e140-b21f-4a97-a898-717eb7fd126f-1536x1152.jpg 1536w, https:\/\/www.radiopiu.net\/wordpress\/wp-content\/uploads\/2021\/06\/ebe0e140-b21f-4a97-a898-717eb7fd126f.jpg 2000w\" sizes=\"auto, (max-width: 241px) 100vw, 241px\" \/><\/a>SANT&#8217;ANTONIO&#8230; LA SAGRA A RIVAMONTE!<\/h3>\n<\/blockquote>\n<p><strong>VENERDI 9 GIUGNO<\/strong> ALLE 17 APERTURA TENDONE, SERATA BAVARESE CON LA SPRITZ BAND; <strong>SABATO 10<\/strong> DALLE 17 DJ MORGAN E BATTAGLIA, AL CHIOSCO FANTASIOSI COCKTAIL. IN SERATA LA MUSICA DI WILMER, GNOCH CO LA POINA E ALTRE SPECIALITA&#8217;, DALLA MEZZANOTTE DJ MORGAN A BATTAGLIA.<strong> DOMENICA 11<\/strong> IL TENDONE APRE ALLE 9, ALLE 10 LA CORSA PODISTICA RIVARON, DALLE 12 SI MANGIA, POMERIGGIO CON DJ BISSO E IN SERATA L&#8217;ORCHESTRA PIERETTE ENSAMBLE. PER I BIMBI LA NOVITA&#8217; BUBBLE TEA. <strong>LUNEDI SERA<\/strong> IL TENDONE APRE ALLE 17, IN SERATA SI BALLA CON EROS E KARIN.<strong> MARTEDI 13<\/strong> IL GIORNO SI SANT&#8217;ANTONIO, UNA LUNGA GIORNATA DI FESTA CON IL BALLO FINALE DELLA TUA IDEA. SANT&#8217;ANTONIO, LA SAGRA, CON LA PROLOCO DI RIVAMONTE.<\/p><\/blockquote>\n<p>&nbsp;<\/p>\n<p><strong>L&#8217;INTERVISTA<\/strong><\/p>\n<p><strong><a class=\"dt-pswp-item\" href=\"https:\/\/www.radiopiu.net\/wordpress\/wp-content\/uploads\/2023\/02\/giacomo-bressan.png\" data-dt-img-description=\"\" data-large_image_width=\"622\" data-large_image_height=\"430\"><img loading=\"lazy\" decoding=\"async\" class=\" wp-image-324033 alignleft\" src=\"https:\/\/www.radiopiu.net\/wordpress\/wp-content\/uploads\/2023\/02\/giacomo-bressan-300x207.png\" alt=\"\" width=\"151\" height=\"104\" srcset=\"https:\/\/www.radiopiu.net\/wordpress\/wp-content\/uploads\/2023\/02\/giacomo-bressan-300x207.png 300w, https:\/\/www.radiopiu.net\/wordpress\/wp-content\/uploads\/2023\/02\/giacomo-bressan.png 622w\" sizes=\"auto, (max-width: 151px) 100vw, 151px\" \/><\/a>di Mirko Mezzacasa<\/strong><\/p>\n<p>OSPITE: Giacomo Bressan, presidente della Pro Loco Rivamonte<\/p>\n<audio class=\"wp-audio-shortcode\" id=\"audio-339061-9\" preload=\"none\" style=\"width: 100%;\" controls=\"controls\"><source type=\"audio\/mpeg\" src=\"https:\/\/www.radiopiu.net\/wordpress\/wp-content\/uploads\/2023\/05\/giacomo-bressan-proloco-rivamonte-sanantosnio-1.mp3?_=9\" \/><a href=\"https:\/\/www.radiopiu.net\/wordpress\/wp-content\/uploads\/2023\/05\/giacomo-bressan-proloco-rivamonte-sanantosnio-1.mp3\">https:\/\/www.radiopiu.net\/wordpress\/wp-content\/uploads\/2023\/05\/giacomo-bressan-proloco-rivamonte-sanantosnio-1.mp3<\/a><\/audio>\n<p>&nbsp;<\/p>\n<hr \/>\n<p>&nbsp;<\/p>\n<blockquote>\n<h3>Il Gruppo Alpini organizza una gita indimenticabile alla Foiba di Basovizza con pranzo di pesce a Lignano<\/h3>\n<\/blockquote>\n<p><strong>FALCADE <\/strong>\u00a0I Gruppi Alpini rappresentano un importante pilastro della comunit\u00e0 locale, promuovendo attivit\u00e0 che uniscono tradizione, avventura e scoperta del patrimonio culturale. Nel contesto di queste iniziative, il Gruppo Alpini di Falcade ha annunciato una gita straordinaria che si terr\u00e0 l&#8217;11 giugno, con destinazione la Foiba di Basovizza e una deliziosa pausa pranzo a Lignano.\u00a0 Remo Secchi, responsabile delle iscrizioni, sar\u00e0 il punto di riferimento per tutti coloro che desiderano partecipare. Per prenotare un posto e per ulteriori informazioni, \u00e8 possibile contattare\u00a0 il\u00a0 338 5628415.<\/p>\n<p>&nbsp;<\/p>\n<p>&nbsp;<\/p>\n<hr \/>\n<p>&nbsp;<\/p>\n<h2><span style=\"color: #ff0000;\">PROSSIMAMENTE&#8230;<\/span><\/h2>\n\n\t\t\t<style type='text\/css'>\n\t\t\t\t#gallery-5 {\n\t\t\t\t\tmargin: auto;\n\t\t\t\t}\n\t\t\t\t#gallery-5 .gallery-item {\n\t\t\t\t\tfloat: left;\n\t\t\t\t\tmargin-top: 10px;\n\t\t\t\t\ttext-align: center;\n\t\t\t\t\twidth: 100%;\n\t\t\t\t}\n\t\t\t\t#gallery-5 img {\n\t\t\t\t\tborder: 2px solid #cfcfcf;\n\t\t\t\t}\n\t\t\t\t#gallery-5 .gallery-caption {\n\t\t\t\t\tmargin-left: 0;\n\t\t\t\t}\n\t\t\t\t\/* see gallery_shortcode() in wp-includes\/media.php *\/\n\t\t\t<\/style>\n\t\t<div id='gallery-5' class='dt-gallery-container gallery galleryid-339061 gallery-columns-1 gallery-size-medium'><dl class='gallery-item'>\n\t\t\t\t<dt class='gallery-icon portrait'>\n\t\t\t\t\t<a class=\"rollover rollover-zoom dt-pswp-item\" title=\"42abf5ad-ee3c-42c9-9043-e91339305204\" data-dt-img-description=\"\" data-large_image_width=\"915\" data-large_image_height=\"1280\"href='https:\/\/www.radiopiu.net\/wordpress\/wp-content\/uploads\/2023\/05\/42abf5ad-ee3c-42c9-9043-e91339305204.jpg'><img loading=\"lazy\" decoding=\"async\" width=\"214\" height=\"300\" src=\"https:\/\/www.radiopiu.net\/wordpress\/wp-content\/uploads\/2023\/05\/42abf5ad-ee3c-42c9-9043-e91339305204-214x300.jpg\" class=\"attachment-medium size-medium\" alt=\"\" srcset=\"https:\/\/www.radiopiu.net\/wordpress\/wp-content\/uploads\/2023\/05\/42abf5ad-ee3c-42c9-9043-e91339305204-214x300.jpg 214w, https:\/\/www.radiopiu.net\/wordpress\/wp-content\/uploads\/2023\/05\/42abf5ad-ee3c-42c9-9043-e91339305204-732x1024.jpg 732w, https:\/\/www.radiopiu.net\/wordpress\/wp-content\/uploads\/2023\/05\/42abf5ad-ee3c-42c9-9043-e91339305204-768x1074.jpg 768w, https:\/\/www.radiopiu.net\/wordpress\/wp-content\/uploads\/2023\/05\/42abf5ad-ee3c-42c9-9043-e91339305204.jpg 915w\" sizes=\"auto, (max-width: 214px) 100vw, 214px\" \/><\/a>\n\t\t\t\t<\/dt><\/dl><br style=\"clear: both\" \/>\n\t\t\t<\/div>\n\n<blockquote>\n<h3>PRESENTAZIONE DEI LAVORI DI AMMODERNAMENTO SUL SERVA<\/h3>\n<\/blockquote>\n<p><strong>BELLUNO <\/strong>Al centro Piero Rossi di Belluno in Piazza Piloni\u00a0 la presentazione dell\u2019intervento di ammodernamento delle vie ferrate Sperti e Marmol sul gruppo montuoso dello Schiara ricompreso nell\u2019ambito del progetto strategico \u201cMiglioramento dell&#8217;offerta turistica di alta montagna nelle aree di confine della provincia di Belluno\u201d.<\/p>\n<p>&nbsp;<\/p>\n<p>&nbsp;<\/p>\n<\/div>\n<div class=\"page-title-breadcrumbs\">\n<blockquote>\n<h3>LA SERATA DI PRESENTAZIONE DI UNIONETICA<\/h3>\n<\/blockquote>\n<p><strong>BELLUNO<\/strong> Luned\u00ec 12 giugno alle 20:30 alla Sala Eliseo Dal Pont Bianchi di Belluno verr\u00e0 presentata l&#8217;associazione UnionEtica, associazione sindacale che raccoglie famiglie e piccole\/microimprese. Interverranno Diego Moschini, consulente del lavoro, e Daniele Trabucco, Costituzionalista ed autore. Ingresso a offerta libera<\/p>\n<p>&nbsp;<\/p>\n<p>&nbsp;<\/p>\n<hr \/>\n<p>&nbsp;<\/p>\n<div dir=\"auto\">\n<div class=\"message spoilers-container\" dir=\"auto\">\n<div>\n<div class=\"b654a4as d2edcug0\">\n<div class=\"rq0escxv hkbzh7o3 jwdofwj8 n8tt0mok r8blr3vg hyh9befq\">\n<p><a class=\"dt-pswp-item\" href=\"https:\/\/www.radiopiu.net\/wordpress\/wp-content\/uploads\/2020\/10\/pp.jpg\" data-dt-img-description=\"\" data-large_image_width=\"640\" data-large_image_height=\"640\"><img loading=\"lazy\" decoding=\"async\" class=\"wp-image-163678 alignleft\" src=\"https:\/\/www.radiopiu.net\/wordpress\/wp-content\/uploads\/2020\/10\/pp-300x300.jpg\" alt=\"\" width=\"106\" height=\"106\" srcset=\"https:\/\/www.radiopiu.net\/wordpress\/wp-content\/uploads\/2020\/10\/pp-300x300.jpg 300w, https:\/\/www.radiopiu.net\/wordpress\/wp-content\/uploads\/2020\/10\/pp-150x150.jpg 150w, https:\/\/www.radiopiu.net\/wordpress\/wp-content\/uploads\/2020\/10\/pp-125x125.jpg 125w, https:\/\/www.radiopiu.net\/wordpress\/wp-content\/uploads\/2020\/10\/pp-200x200.jpg 200w, https:\/\/www.radiopiu.net\/wordpress\/wp-content\/uploads\/2020\/10\/pp-80x80.jpg 80w, https:\/\/www.radiopiu.net\/wordpress\/wp-content\/uploads\/2020\/10\/pp-480x480.jpg 480w, https:\/\/www.radiopiu.net\/wordpress\/wp-content\/uploads\/2020\/10\/pp.jpg 640w\" sizes=\"auto, (max-width: 106px) 100vw, 106px\" \/><\/a><\/p>\n<\/div>\n<\/div>\n<\/div>\n<\/div>\n<div class=\"message spoilers-container\" dir=\"auto\">\n<div class=\"page-title-head hgroup\">\n<div class=\"page-title-head hgroup\">\n<div class=\"b654a4as d2edcug0\">\n<div class=\"j83agx80 btwxx1t3 lhclo0ds hop8lmos nkwizq5d scwd0bx6 roh60bw9\">\n<div class=\"rq0escxv hkbzh7o3 jwdofwj8 n8tt0mok r8blr3vg hyh9befq\">\n<div class=\"do00u71z l9j0dhe7 k4urcfbm\" style=\"text-align: left;\">\n<h2><span style=\"color: #000080;\">DON CESARE, IL PENSIERO DEL GIORNO. ALLA RADIO ALLE 7 DEL MATTINO E ALLE 19.30 DELLA SERA<\/span><\/h2>\n<\/div>\n<div>\n<audio class=\"wp-audio-shortcode\" id=\"audio-339061-10\" preload=\"none\" style=\"width: 100%;\" controls=\"controls\"><source type=\"audio\/mpeg\" src=\"https:\/\/www.radiopiu.net\/wordpress\/wp-content\/uploads\/2023\/06\/CESARE-3.mp3?_=10\" \/><a href=\"https:\/\/www.radiopiu.net\/wordpress\/wp-content\/uploads\/2023\/06\/CESARE-3.mp3\">https:\/\/www.radiopiu.net\/wordpress\/wp-content\/uploads\/2023\/06\/CESARE-3.mp3<\/a><\/audio>\n<\/div>\n<\/div>\n<\/div>\n<\/div>\n<\/div>\n<\/div>\n<\/div>\n<\/div>\n<blockquote>\n<div class=\"message spoilers-container\" dir=\"auto\">\n<p>&nbsp;<\/p>\n<\/div>\n<\/blockquote>\n<p>&nbsp;<\/p>\n<div class=\"message spoilers-container\" dir=\"auto\">\n<hr \/>\n<\/div>\n<div class=\"message spoilers-container\" dir=\"auto\">\n<div class=\"column\">\n<p>&nbsp;<\/p>\n<h2><strong><a class=\"dt-pswp-item\" href=\"https:\/\/www.radiopiu.net\/wordpress\/wp-content\/uploads\/2022\/05\/ANDREA-BALDASSI.jpg\" data-dt-img-description=\"\" data-large_image_width=\"1218\" data-large_image_height=\"1600\"><img loading=\"lazy\" decoding=\"async\" class=\" wp-image-274017 alignleft\" src=\"https:\/\/www.radiopiu.net\/wordpress\/wp-content\/uploads\/2022\/05\/ANDREA-BALDASSI-228x300.jpg\" alt=\"\" width=\"109\" height=\"143\" srcset=\"https:\/\/www.radiopiu.net\/wordpress\/wp-content\/uploads\/2022\/05\/ANDREA-BALDASSI-228x300.jpg 228w, https:\/\/www.radiopiu.net\/wordpress\/wp-content\/uploads\/2022\/05\/ANDREA-BALDASSI-780x1024.jpg 780w, https:\/\/www.radiopiu.net\/wordpress\/wp-content\/uploads\/2022\/05\/ANDREA-BALDASSI-768x1009.jpg 768w, https:\/\/www.radiopiu.net\/wordpress\/wp-content\/uploads\/2022\/05\/ANDREA-BALDASSI-1169x1536.jpg 1169w, https:\/\/www.radiopiu.net\/wordpress\/wp-content\/uploads\/2022\/05\/ANDREA-BALDASSI.jpg 1218w\" sizes=\"auto, (max-width: 109px) 100vw, 109px\" \/><\/a><\/strong><span style=\"color: #008000;\">LA RASSEGNA STAMPA DA L&#8217;AMICO DEL POPOLO<\/span><\/h2>\n<p><strong>di Gianni Santomaso<\/strong><\/p>\n<p>OSPITE: Andrea Baldassi, responsabile Comitato Calcio Agordino<\/p>\n<audio class=\"wp-audio-shortcode\" id=\"audio-339061-11\" preload=\"none\" style=\"width: 100%;\" controls=\"controls\"><source type=\"audio\/mpeg\" src=\"https:\/\/www.radiopiu.net\/wordpress\/wp-content\/uploads\/2023\/06\/RASSEGNA-GIANNI.mp3?_=11\" \/><a href=\"https:\/\/www.radiopiu.net\/wordpress\/wp-content\/uploads\/2023\/06\/RASSEGNA-GIANNI.mp3\">https:\/\/www.radiopiu.net\/wordpress\/wp-content\/uploads\/2023\/06\/RASSEGNA-GIANNI.mp3<\/a><\/audio>\n<p>&nbsp;<\/p>\n<hr \/>\n<p>&nbsp;<\/p>\n<p><img loading=\"lazy\" decoding=\"async\" class=\"aligncenter wp-image-61954 size-full\" src=\"https:\/\/www.radiopiu.net\/wordpress\/wp-content\/uploads\/2018\/09\/viabilita.jpeg\" sizes=\"auto, (max-width: 800px) 100vw, 800px\" srcset=\"https:\/\/www.radiopiu.net\/wordpress\/wp-content\/uploads\/2018\/09\/viabilita.jpeg 800w, https:\/\/www.radiopiu.net\/wordpress\/wp-content\/uploads\/2018\/09\/viabilita-300x38.jpeg 300w, https:\/\/www.radiopiu.net\/wordpress\/wp-content\/uploads\/2018\/09\/viabilita-768x96.jpeg 768w\" alt=\"\" width=\"800\" height=\"100\" \/><\/p>\n<\/div>\n<\/div>\n<div class=\"message spoilers-container\" dir=\"auto\">\n<div class=\"column\">\n<p>&nbsp;<\/p>\n<\/div>\n<\/div>\n<div class=\"message spoilers-container\" dir=\"auto\">\n<div class=\"column\">\n<div>\n<div dir=\"ltr\">\n<div class=\"gmail_quote\">\n<div dir=\"ltr\">\n<div>\n<blockquote class=\"wp-embedded-content\" data-secret=\"MPOF0cFJyg\"><p><a href=\"https:\/\/www.radiopiu.net\/wordpress\/viabilita\/\">viabilita<\/a><\/p><\/blockquote>\n<p><iframe loading=\"lazy\" class=\"wp-embedded-content\" sandbox=\"allow-scripts\" security=\"restricted\" style=\"position: absolute; clip: rect(1px, 1px, 1px, 1px);\" title=\"&#8220;viabilita&#8221; &#8212; Radio Pi\u00f9\" src=\"https:\/\/www.radiopiu.net\/wordpress\/viabilita\/embed\/#?secret=22oPqWITs9#?secret=MPOF0cFJyg\" data-secret=\"MPOF0cFJyg\" width=\"600\" height=\"338\" frameborder=\"0\" marginwidth=\"0\" marginheight=\"0\" scrolling=\"no\"><\/iframe><\/p>\n<\/div>\n<div><\/div>\n<div><\/div>\n<div><\/div>\n<\/div>\n<\/div>\n<\/div>\n<\/div>\n<hr \/>\n<p>&nbsp;<\/p>\n<p><a class=\"dt-pswp-item\" href=\"https:\/\/www.radiopiu.net\/wordpress\/wp-content\/uploads\/2018\/09\/WhatsApp-Image-2018-09-20-at-16.04.06.jpeg\" data-dt-img-description=\"\" data-large_image_width=\"800\" data-large_image_height=\"100\"><img loading=\"lazy\" decoding=\"async\" class=\"wp-image-61378 size-full aligncenter\" src=\"https:\/\/www.radiopiu.net\/wordpress\/wp-content\/uploads\/2018\/09\/WhatsApp-Image-2018-09-20-at-16.04.06.jpeg\" alt=\"\" width=\"800\" height=\"100\" srcset=\"https:\/\/www.radiopiu.net\/wordpress\/wp-content\/uploads\/2018\/09\/WhatsApp-Image-2018-09-20-at-16.04.06.jpeg 800w, https:\/\/www.radiopiu.net\/wordpress\/wp-content\/uploads\/2018\/09\/WhatsApp-Image-2018-09-20-at-16.04.06-300x38.jpeg 300w, https:\/\/www.radiopiu.net\/wordpress\/wp-content\/uploads\/2018\/09\/WhatsApp-Image-2018-09-20-at-16.04.06-768x96.jpeg 768w\" sizes=\"auto, (max-width: 800px) 100vw, 800px\" \/><\/a><\/p>\n<\/div>\n<\/div>\n<div class=\"message spoilers-container\" dir=\"auto\"><\/div>\n<p><center><\/center><center><b>OGGI<\/b><\/center>Al mattino ampi tratti di sole con temporanei annuvolamenti medio-alti. Al pomeriggio riduzione del soleggiamento per attivit\u00e0 cumuliforme irregolare, responsabile di qualche focolaio di lieve instabilit\u00e0.<br \/>\n<b>Precipitazioni: <\/b>Al mattino assenti (0%); al pomeriggio contenuto rischio di qualche rovescio o occasionale temporale (30-50%).<br \/>\n<b>Temperature: <\/b>In generale lieve aumento, eccetto lieve calo delle minime nella valli e alle quote medio-alte fino sui 2000 m.<\/p>\n<hr \/>\n<p><center><b>DOMANI<\/b><\/center>Tempo maggiormente soleggiato al mattino, con lunghi tratti di cielo sereno. Poi attivit\u00e0 cumuliforme da moderata a forte. L&#8217;insidia di fenomeni convettivi, anche temporaleschi, torner\u00e0 ad aumentare per la maggiore convezione diurna<br \/>\n<b>Precipitazioni: <\/b>Al mattino probabilit\u00e0 bassa (0%). Al pomeriggio rischio medio-alto di rovesci e temporali sparsi (60-70%), non escluso possano verificarsi locali grandinate.<br \/>\n<b>Temperature: <\/b>Perlopi\u00f9 stazionarie, eccetto lievi e locali variazioni delle massime in funzione dell&#8217;instabilit\u00e0.<\/p>\n<hr \/>\n<p><center><b>VENERDI<\/b><\/center>Tempo in prevalenza soleggiato al mattino, poi sensibile riduzione del soleggiamento per moderata\/forte attivit\u00e0 cumuliforme associata a rovesci e temporali. La maggiore convezione diurna favorir\u00e0 un&#8217;instabilit\u00e0 pi\u00f9 spiccata rispetto a gioved\u00ec con rovesci e temporali, localmente grandinigeni. Temperature in generale lieve aumento.<\/p>\n<hr \/>\n<p><center><b>SABATO<\/b><\/center>Al mattino sole e cielo sereno, salvo sopraggiungere di sottili nubi alte, le quali tenderanno a infittirsi nelle ore centrali. Al pomeriggio modesta attivit\u00e0 cumuliforme con basso rischio di fenomeni convettivi su Dolomiti, mentre sar\u00e0 localmente intensa su Prealpi, dove non saranno esclusi occasionali rovesci o temporali. Temperature in ulteriore lieve aumento con valori diurni sempre pi\u00f9 estivi.<\/p>\n<p>&nbsp;<\/p>\n<div class=\"message spoilers-container\" dir=\"auto\">\n<hr \/>\n<p>&nbsp;<\/p>\n<p><a class=\"dt-pswp-item\" href=\"https:\/\/www.radiopiu.net\/wordpress\/wp-content\/uploads\/2018\/09\/sport.jpg\" data-dt-img-description=\"\" data-large_image_width=\"800\" data-large_image_height=\"100\"><img loading=\"lazy\" decoding=\"async\" class=\"aligncenter wp-image-60761 size-full\" src=\"https:\/\/www.radiopiu.net\/wordpress\/wp-content\/uploads\/2018\/09\/sport.jpg\" alt=\"\" width=\"800\" height=\"100\" srcset=\"https:\/\/www.radiopiu.net\/wordpress\/wp-content\/uploads\/2018\/09\/sport.jpg 800w, https:\/\/www.radiopiu.net\/wordpress\/wp-content\/uploads\/2018\/09\/sport-300x38.jpg 300w, https:\/\/www.radiopiu.net\/wordpress\/wp-content\/uploads\/2018\/09\/sport-768x96.jpg 768w\" sizes=\"auto, (max-width: 800px) 100vw, 800px\" \/><\/a><\/p>\n<\/div>\n<div class=\"message spoilers-container\" dir=\"auto\">\n<h3><\/h3>\n<p><span style=\"color: #0000ff;\"><strong>HOCKEY SU GHIACCIO<\/strong><\/span><\/p>\n<blockquote>\n<h3>PHIL GROENEVELD IN VISITA AD ALLEGHE<\/h3>\n<\/blockquote>\n<p><strong><a class=\"dt-pswp-item\" href=\"https:\/\/www.radiopiu.net\/wordpress\/wp-content\/uploads\/2023\/06\/phil.jpg\" data-dt-img-description=\"\" data-large_image_width=\"1193\" data-large_image_height=\"907\"><img loading=\"lazy\" decoding=\"async\" class=\" wp-image-339117 alignleft\" src=\"https:\/\/www.radiopiu.net\/wordpress\/wp-content\/uploads\/2023\/06\/phil-300x228.jpg\" alt=\"\" width=\"192\" height=\"146\" srcset=\"https:\/\/www.radiopiu.net\/wordpress\/wp-content\/uploads\/2023\/06\/phil-300x228.jpg 300w, https:\/\/www.radiopiu.net\/wordpress\/wp-content\/uploads\/2023\/06\/phil-1024x779.jpg 1024w, https:\/\/www.radiopiu.net\/wordpress\/wp-content\/uploads\/2023\/06\/phil-768x584.jpg 768w, https:\/\/www.radiopiu.net\/wordpress\/wp-content\/uploads\/2023\/06\/phil.jpg 1193w\" sizes=\"auto, (max-width: 192px) 100vw, 192px\" \/><\/a>di Marco Gaz<\/strong><\/p>\n<p><strong>REDAZIONE<\/strong> Piacevole visita ad Alleghe nelle ultime ore. In riva al lago \u00e8 tornato Phil Groeneveld, l&#8217;ex portiere dell&#8217;Alleghe nelle stagioni 2006\/07 e 2008\/09. Arrivato con la famiglia \u00e8 in vacanza in Europa nelle ultime ore ed ha voluto far visita ai posti dove fino a 15 anni fa ha giocato. Il portiere canadese con passaporto olandese, che oggi ha 48 anni, \u00e8 arrivato con la moglie e i figli Noah e Lily, anche loro portieri di hockey come il padre. Phil ora ha una scuola a Belleville in Canada dove insegna ai portieri le basi per rimanere tra i pali di una porta di hockey.<\/p>\n<p>&nbsp;<\/p>\n<p>&nbsp;<\/p>\n<blockquote class=\"wp-embedded-content\" data-secret=\"rXRqvjOKXu\"><p><a href=\"https:\/\/www.radiopiu.net\/wordpress\/william-e-federico-in-islanda-portata-a-termine-anche-la-seconda-tappa\/\">WILLIAM E FEDERICO  IN ISLANDA, portata a termine anche la seconda tappa<\/a><\/p><\/blockquote>\n<p><iframe loading=\"lazy\" class=\"wp-embedded-content\" sandbox=\"allow-scripts\" security=\"restricted\" style=\"position: absolute; clip: rect(1px, 1px, 1px, 1px);\" title=\"&#8220;WILLIAM E FEDERICO  IN ISLANDA, portata a termine anche la seconda tappa&#8221; &#8212; Radio Pi\u00f9\" src=\"https:\/\/www.radiopiu.net\/wordpress\/william-e-federico-in-islanda-portata-a-termine-anche-la-seconda-tappa\/embed\/#?secret=T0lrjbat6S#?secret=rXRqvjOKXu\" data-secret=\"rXRqvjOKXu\" width=\"600\" height=\"338\" frameborder=\"0\" marginwidth=\"0\" marginheight=\"0\" scrolling=\"no\"><\/iframe><\/p>\n<\/div>\n<\/div>\n","protected":false},"excerpt":{"rendered":"<p>ISCRIVITI AL NOSTRO CANALE\u00a0 YOUTUBE PER SEGUIRE IN DIRETTA I PRINCIPALI PROGRAMMI DI RADIO PIU&#8217; E LE FUTURE DIRETTE IN ESTERNA. PER ISCRIVERTI CLICCA QUI E PREMI\u00a0 &#8220;Iscriviti&#8221;\u00a0 \u00a0 &nbsp; &nbsp; &nbsp; PROVINCIALE 26, VOLTAGO-RIVAMONTE CHIUSA PER QUATTRO GIORNI AGGIORNAMENTO QUOTIDIANO, IN\u00a0 COLLABORAZIONE CON VENETO STRADE SP 26 DI DIGOMAN localit\u00e0 Voltago, fino a domani&hellip;<\/p>\n","protected":false},"author":4,"featured_media":339105,"comment_status":"closed","ping_status":"closed","sticky":false,"template":"","format":"standard","meta":{"_monsterinsights_skip_tracking":false,"_monsterinsights_sitenote_active":false,"_monsterinsights_sitenote_note":"","_monsterinsights_sitenote_category":0,"footnotes":""},"categories":[51,86,49],"tags":[],"class_list":["post-339061","post","type-post","status-publish","format-standard","has-post-thumbnail","hentry","category-evidenza-top","category-gr","category-news-18","category-51","category-86","category-49","description-off"],"img_url":"https:\/\/www.radiopiu.net\/wordpress\/wp-content\/uploads\/2023\/06\/c9043491-b106-4687-a561-cd0947a19450.jpg","_links":{"self":[{"href":"https:\/\/www.radiopiu.net\/wordpress\/wp-json\/wp\/v2\/posts\/339061","targetHints":{"allow":["GET"]}}],"collection":[{"href":"https:\/\/www.radiopiu.net\/wordpress\/wp-json\/wp\/v2\/posts"}],"about":[{"href":"https:\/\/www.radiopiu.net\/wordpress\/wp-json\/wp\/v2\/types\/post"}],"author":[{"embeddable":true,"href":"https:\/\/www.radiopiu.net\/wordpress\/wp-json\/wp\/v2\/users\/4"}],"replies":[{"embeddable":true,"href":"https:\/\/www.radiopiu.net\/wordpress\/wp-json\/wp\/v2\/comments?post=339061"}],"version-history":[{"count":0,"href":"https:\/\/www.radiopiu.net\/wordpress\/wp-json\/wp\/v2\/posts\/339061\/revisions"}],"wp:featuredmedia":[{"embeddable":true,"href":"https:\/\/www.radiopiu.net\/wordpress\/wp-json\/wp\/v2\/media\/339105"}],"wp:attachment":[{"href":"https:\/\/www.radiopiu.net\/wordpress\/wp-json\/wp\/v2\/media?parent=339061"}],"wp:term":[{"taxonomy":"category","embeddable":true,"href":"https:\/\/www.radiopiu.net\/wordpress\/wp-json\/wp\/v2\/categories?post=339061"},{"taxonomy":"post_tag","embeddable":true,"href":"https:\/\/www.radiopiu.net\/wordpress\/wp-json\/wp\/v2\/tags?post=339061"}],"curies":[{"name":"wp","href":"https:\/\/api.w.org\/{rel}","templated":true}]}}