{"id":339172,"date":"2023-06-07T07:50:09","date_gmt":"2023-06-07T05:50:09","guid":{"rendered":"https:\/\/www.radiopiu.net\/wordpress\/?p=339172"},"modified":"2023-06-08T08:06:49","modified_gmt":"2023-06-08T06:06:49","slug":"rs2","status":"publish","type":"post","link":"https:\/\/www.radiopiu.net\/wordpress\/rs2\/","title":{"rendered":"LA RASSEGNA STAMPA LOCALE DAL 1983 DI MIRKO MEZZACASA"},"content":{"rendered":"<p><iframe loading=\"lazy\" title=\"RASSEGNA STAMPA LOCALE\" width=\"1200\" height=\"675\" src=\"https:\/\/www.youtube.com\/embed\/fkpuEbt9jhw?feature=oembed\" frameborder=\"0\" allow=\"accelerometer; autoplay; clipboard-write; encrypted-media; gyroscope; picture-in-picture; web-share\" allowfullscreen><\/iframe><\/p>\n<p><strong>LIVINALLONGO<\/strong> Gestione Servizi Pubblici informa che, per lavori alla rete idrica comunale, domani dalle 09:00 a FINE LAVORI, verr\u00e0 sospesa l\u2019erogazione dell\u2019acqua a LIVINALLONGO DEL COL DI LANA nelle vie PRECUMON e GLIERA<\/p>\n<p><strong>AGORDO<\/strong> Risulta essere un masso isolato quello caduto sulla 203 Agordina domenica scorsa. Lungo la parete alta una ottantina di metri che sovrasta l&#8217;Agordina, infatti, \u00abnon ci sono masse instabili di grosse dimensioni\u00bb.Il masso di domenica \u00e8 caduto da una trentina di metri di altezza, \u00e8 rimbalzato su una cengia ed \u00e8 quindi precipitato in direzione della carreggiata, colpendo sul tettuccio un suv che stava procedendo sull&#8217;Agordina.<\/p>\n<p><strong>BELLUNO<\/strong> A ottobre partiranno i corsi ITS dedicati al turismo. Buona la risposta con le iscrizioni tanto che a Belluno si cercano alloggi<\/p>\n<p><strong>VENEZIA <\/strong>&#8220;Ammontano a 404 mila euro i mancati introiti registrati nel triennio 2020-2022, derivanti dal pagamento degli interventi di soccorso nelle montagne venete da parte di chi viene salvato. Un buco pari al 30% del fatturato totale e che vede insolventi tanto i cittadini italiani (per oltre 141 mila euro) quanto quelli esteri (per quasi 263 mila euro). Un problema che va urgentemente risolto&#8221;. A dirlo il consigliere regionale del PD Veneto, Andrea Zanoni, che riporta i dati contenuti nella risposta di Giunta ad una sua interrogazione dell&#8217;ottobre scorso<\/p>\n<p><strong>AGORDO<\/strong> E&#8217; stato il municipio di Agordo ad ospitare il consiglio provinciale itinererante; all&#8217;ordine del giorno, anche un importante intervento di messa in sicurezza della strada che conduce a Paluch di Taibon Agordino<\/p>\n<p><strong>VOLTAGO<\/strong> Lavori in corso a Voltago. La strada che scende dal municipio verso Digoman \u00e8 interessata da lavori di asfaltatura. Sono arrivati i macchinari per rendere la careggiata nuova e bella dopo essere stata martoriata da lavori per posa fibra e altro.<\/p>\n<p><strong>BELLUNO <\/strong>Proseguono a pieno ritmo i lavori di posa della nuova rete fognaria a Costalta, in Comune di San Pietro di Cadore. Bim Gsp, con un investimento di 620mila euro, sta ripristinando la funzionalit\u00e0 di una tratta di fognatura \u2013 circa 610 metri &#8211; tra Costalta e Mare, porzione profondamente danneggiata dalla tempesta Vaia dell\u2019autunno 2018.<\/p>\n<p><strong>TAI DI CADORE <\/strong>\u201c<em>Investire in una nuova sede in questo territorio, dove spopolamento e calo demografico sono purtroppo una realt\u00e0, \u00e8 un segnale importante, di presenza, prospettiva e vitalit\u00e0<\/em>\u201d. Queste parole del segretario generale della Cisl Belluno Treviso Massimiliano Paglini hanno preceduto ieri mattina il taglio del nastro della nuova sede Cisl di Tai di Cadore<\/p>\n<p><strong>FELTRE<\/strong> Ieri, davanti ai cancelli dell&#8217;Ospedale di Feltre, la FP CGIL ha raccolto le firme di lavoratrici e lavoratori e utenti della Ulss 1<\/p>\n<p><strong>BELLUNO <\/strong>Oggi si celebra nel mondo la Giornata Mondiale della Sicurezza Alimentare, un\u2019occasione per accrescere la consapevolezza dell\u2019importanza della sicurezza alimentare.<\/p>\n<p>Luned\u00ec consiglio dell&#8217;Unione Montana Agordina e a Cencenighe. Marted\u00ec tocca a San Tomaso e mercoled\u00ec a Canale D&#8217;Agordo<\/p>\n<p><strong>PONTE NELLE ALPI <\/strong>Anche quest\u2019anno il Comune di Ponte nelle Alpi offre alle famiglie del territorio la possibilit\u00e0 di aderire alla polizza contro i furti.<\/p>\n<p><strong>ALLEGHE <\/strong>Piacevole visita ad Alleghe nelle ultime ore. In riva al lago \u00e8 tornato Phil Groeneveld, l&#8217;ex portiere dell&#8217;Alleghe nelle stagioni 2006\/07 e 2008\/09. Arrivato con la famiglia \u00e8 in vacanza in Europa nelle ultime ore ed ha voluto far visita ai posti dove fino a 15 anni fa ha giocato.<\/p>\n<p>&nbsp;<\/p>\n<p><iframe loading=\"lazy\" title=\"RASSEGNA STAMPA LOCALE - 07 GIUGNO 2023\" width=\"1200\" height=\"675\" src=\"https:\/\/www.youtube.com\/embed\/VDSEWgD1QRU?feature=oembed\" frameborder=\"0\" allow=\"accelerometer; autoplay; clipboard-write; encrypted-media; gyroscope; picture-in-picture; web-share\" allowfullscreen><\/iframe><\/p>\n<p>&nbsp;<\/p>\n<p>*******<\/p>\n","protected":false},"excerpt":{"rendered":"<p>LIVINALLONGO Gestione Servizi Pubblici informa che, per lavori alla rete idrica comunale, domani dalle 09:00 a FINE LAVORI, verr\u00e0 sospesa l\u2019erogazione dell\u2019acqua a LIVINALLONGO DEL COL DI LANA nelle vie PRECUMON e GLIERA AGORDO Risulta essere un masso isolato quello caduto sulla 203 Agordina domenica scorsa. Lungo la parete alta una ottantina di metri che&hellip;<\/p>\n","protected":false},"author":4,"featured_media":339178,"comment_status":"closed","ping_status":"closed","sticky":false,"template":"","format":"standard","meta":{"_monsterinsights_skip_tracking":false,"_monsterinsights_sitenote_active":false,"_monsterinsights_sitenote_note":"","_monsterinsights_sitenote_category":0,"footnotes":""},"categories":[104,49],"tags":[],"class_list":["post-339172","post","type-post","status-publish","format-standard","has-post-thumbnail","hentry","category-evidenza_3","category-news-18","category-104","category-49","description-off"],"img_url":"https:\/\/www.radiopiu.net\/wordpress\/wp-content\/uploads\/2023\/06\/452679eb-6ede-4753-8925-43559d839579.jpg","_links":{"self":[{"href":"https:\/\/www.radiopiu.net\/wordpress\/wp-json\/wp\/v2\/posts\/339172","targetHints":{"allow":["GET"]}}],"collection":[{"href":"https:\/\/www.radiopiu.net\/wordpress\/wp-json\/wp\/v2\/posts"}],"about":[{"href":"https:\/\/www.radiopiu.net\/wordpress\/wp-json\/wp\/v2\/types\/post"}],"author":[{"embeddable":true,"href":"https:\/\/www.radiopiu.net\/wordpress\/wp-json\/wp\/v2\/users\/4"}],"replies":[{"embeddable":true,"href":"https:\/\/www.radiopiu.net\/wordpress\/wp-json\/wp\/v2\/comments?post=339172"}],"version-history":[{"count":0,"href":"https:\/\/www.radiopiu.net\/wordpress\/wp-json\/wp\/v2\/posts\/339172\/revisions"}],"wp:featuredmedia":[{"embeddable":true,"href":"https:\/\/www.radiopiu.net\/wordpress\/wp-json\/wp\/v2\/media\/339178"}],"wp:attachment":[{"href":"https:\/\/www.radiopiu.net\/wordpress\/wp-json\/wp\/v2\/media?parent=339172"}],"wp:term":[{"taxonomy":"category","embeddable":true,"href":"https:\/\/www.radiopiu.net\/wordpress\/wp-json\/wp\/v2\/categories?post=339172"},{"taxonomy":"post_tag","embeddable":true,"href":"https:\/\/www.radiopiu.net\/wordpress\/wp-json\/wp\/v2\/tags?post=339172"}],"curies":[{"name":"wp","href":"https:\/\/api.w.org\/{rel}","templated":true}]}}