{"id":339180,"date":"2023-06-08T05:36:33","date_gmt":"2023-06-08T03:36:33","guid":{"rendered":"https:\/\/www.radiopiu.net\/wordpress\/?p=339180"},"modified":"2023-06-08T05:45:11","modified_gmt":"2023-06-08T03:45:11","slug":"giornale-radiopiu-08-giugno-2023-direttore-mirko-mezzacasaverso-i-40-anni-25-giugno-1983-25-giugno-2023","status":"publish","type":"post","link":"https:\/\/www.radiopiu.net\/wordpress\/giornale-radiopiu-08-giugno-2023-direttore-mirko-mezzacasaverso-i-40-anni-25-giugno-1983-25-giugno-2023\/","title":{"rendered":"GIORNALE RADIOPIU 08 GIUGNO 2023 DIRETTORE MIRKO MEZZACASA\u2026VERSO I 40 ANNI 25 GIUGNO 1983-25 GIUGNO 2023"},"content":{"rendered":"<h2 style=\"text-align: left;\"><span style=\"color: #ff0000;\"><span style=\"vertical-align: inherit;\"><a class=\"dt-pswp-item\" href=\"https:\/\/www.radiopiu.net\/wordpress\/wp-content\/uploads\/2023\/04\/e0aad41d-951e-47b9-9fae-1a879a9bcb7e-1.jpg\" data-dt-img-description=\"\" data-large_image_width=\"1200\" data-large_image_height=\"1200\"><img loading=\"lazy\" decoding=\"async\" class=\"wp-image-333205 aligncenter\" src=\"https:\/\/www.radiopiu.net\/wordpress\/wp-content\/uploads\/2023\/04\/e0aad41d-951e-47b9-9fae-1a879a9bcb7e-1-300x300.jpg\" alt=\"\" width=\"110\" height=\"110\" srcset=\"https:\/\/www.radiopiu.net\/wordpress\/wp-content\/uploads\/2023\/04\/e0aad41d-951e-47b9-9fae-1a879a9bcb7e-1-300x300.jpg 300w, https:\/\/www.radiopiu.net\/wordpress\/wp-content\/uploads\/2023\/04\/e0aad41d-951e-47b9-9fae-1a879a9bcb7e-1-1024x1024.jpg 1024w, https:\/\/www.radiopiu.net\/wordpress\/wp-content\/uploads\/2023\/04\/e0aad41d-951e-47b9-9fae-1a879a9bcb7e-1-150x150.jpg 150w, https:\/\/www.radiopiu.net\/wordpress\/wp-content\/uploads\/2023\/04\/e0aad41d-951e-47b9-9fae-1a879a9bcb7e-1-768x768.jpg 768w, https:\/\/www.radiopiu.net\/wordpress\/wp-content\/uploads\/2023\/04\/e0aad41d-951e-47b9-9fae-1a879a9bcb7e-1.jpg 1200w\" sizes=\"auto, (max-width: 110px) 100vw, 110px\" \/><\/a><\/span><\/span><span style=\"color: #ff0000;\"><span style=\"vertical-align: inherit;\">ISCRIVITI AL NOSTRO CANALE\u00a0 <\/span><\/span><span style=\"vertical-align: inherit;\"> YOUTUBE PER SEGUIRE IN DIRETTA I PRINCIPALI PROGRAMMI DI RADIO PIU&#8217; E LE FUTURE DIRETTE IN ESTERNA. PER ISCRIVERTI <\/span><a style=\"color: #ff0000;\" href=\"https:\/\/youtube.com\/@radiopiu1527\"><span style=\"vertical-align: inherit;\">CLICCA QUI <\/span><\/a><span style=\"color: #ff0000; font-size: 14px; font-weight: normal;\"><span style=\"vertical-align: inherit;\">E PREMI\u00a0 &#8220;Iscriviti&#8221;\u00a0 \u00a0<\/span><\/span><\/h2>\n<p>&nbsp;<\/p>\n<p>&nbsp;<\/p>\n<hr \/>\n<p>&nbsp;<\/p>\n<blockquote>\n<h3>PROVINCIALE 26, VOLTAGO-RIVAMONTE CHIUSA PER QUATTRO GIORNI<\/h3>\n<\/blockquote>\n<blockquote>\n<h3><span style=\"color: #ff0000;\"><a class=\"dt-pswp-item\" href=\"https:\/\/www.radiopiu.net\/wordpress\/wp-content\/uploads\/2020\/05\/VENETO-STRADE.png\" data-dt-img-description=\"\" data-large_image_width=\"400\" data-large_image_height=\"400\"><img loading=\"lazy\" decoding=\"async\" class=\"wp-image-135574 alignleft\" src=\"https:\/\/www.radiopiu.net\/wordpress\/wp-content\/uploads\/2020\/05\/VENETO-STRADE-300x300.png\" alt=\"\" width=\"102\" height=\"102\" srcset=\"https:\/\/www.radiopiu.net\/wordpress\/wp-content\/uploads\/2020\/05\/VENETO-STRADE-300x300.png 300w, https:\/\/www.radiopiu.net\/wordpress\/wp-content\/uploads\/2020\/05\/VENETO-STRADE-150x150.png 150w, https:\/\/www.radiopiu.net\/wordpress\/wp-content\/uploads\/2020\/05\/VENETO-STRADE.png 400w\" sizes=\"auto, (max-width: 102px) 100vw, 102px\" \/><\/a>AGGIORNAMENTO QUOTIDIANO, IN\u00a0 COLLABORAZIONE CON VENETO STRADE<\/span><\/h3>\n<\/blockquote>\n<div class=\"flex-1 overflow-hidden\">\n<div class=\"react-scroll-to-bottom--css-blflc-79elbk h-full dark:bg-gray-800\">\n<div class=\"react-scroll-to-bottom--css-blflc-1n7m0yu\">\n<div class=\"flex flex-col items-center text-sm dark:bg-gray-800\">\n<div class=\"group w-full text-gray-800 dark:text-gray-100 border-b border-black\/10 dark:border-gray-900\/50 bg-gray-50 dark:bg-[#444654]\">\n<div class=\"flex p-4 gap-4 text-base md:gap-6 md:max-w-2xl lg:max-w-xl xl:max-w-3xl md:py-6 lg:px-0 m-auto\">\n<div class=\"relative flex flex-col w-[calc(100%-50px)] gap-1 md:gap-3 lg:w-[calc(100%-115px)]\">\n<div class=\"flex justify-between lg:block\">\n<div class=\"text-xs flex items-center justify-center gap-1 self-center pt-2 !invisible\"><\/div>\n<\/div>\n<\/div>\n<\/div>\n<\/div>\n<\/div>\n<\/div>\n<\/div>\n<\/div>\n<div class=\"absolute bottom-0 left-0 w-full border-t md:border-t-0 dark:border-white\/20 md:border-transparent md:dark:border-transparent md:bg-vert-light-gradient bg-white dark:bg-gray-800 md:!bg-transparent dark:md:bg-vert-dark-gradient pt-2\">\n<form class=\"stretch mx-2 flex flex-row gap-3 last:mb-2 md:mx-4 md:last:mb-6 lg:mx-auto lg:max-w-2xl xl:max-w-3xl\">\n<div class=\"relative flex h-full flex-1 items-stretch md:flex-col\">\n<div class=\"flex w-full items-center justify-center gap-2\">\n<blockquote><p><strong>SP 26 DI DIGOMAN<\/strong> localit\u00e0 Voltago,<span style=\"color: #800000;\"> fino a oggi<\/span> INTERDIZIONE\u00a0 totale in entrambi i sensi di marcia dalle 7.30 alle 17.30. Negli altri orari senso unico alternato<\/p><\/blockquote>\n<p><strong>PROROGA ORDINANZA: 346 DEL SAN PELLEGRINO INTERDETTA FINO AL 9 GIUGNO (IN ORARI DI LAVORO)<\/strong><\/p>\n<\/div>\n<\/div>\n<\/form>\n<\/div>\n<p><strong>FALCADE\u00a0<\/strong> Prorogata l&#8217;ordinanza in scadenza\u00a0 La nuova data di fine lavori \u00e8 fissata al 9 giugno. Per questo la provinciale 346 del San Pellegrino sar\u00e0 chiusa totalmente alla circolazione nel tratto bivio Passo Valles-Zingari Bassi,\u00a0 dalle 8 alle 12 e dalle 13 alle 17, esclusi festivi, sabato e domenica. Durante le riapertura senso unico alternato.<\/p>\n<p>&nbsp;<\/p>\n<p><span style=\"color: #000000; font-size: large;\"><b><a class=\"dt-pswp-item\" href=\"https:\/\/www.radiopiu.net\/wordpress\/wp-content\/uploads\/2023\/06\/header-firma-summer-2022.jpg\" data-dt-img-description=\"\" data-large_image_width=\"600\" data-large_image_height=\"180\"><img loading=\"lazy\" decoding=\"async\" class=\"size-medium wp-image-338926 alignleft\" src=\"https:\/\/www.radiopiu.net\/wordpress\/wp-content\/uploads\/2023\/06\/header-firma-summer-2022-300x90.jpg\" alt=\"\" width=\"300\" height=\"90\" srcset=\"https:\/\/www.radiopiu.net\/wordpress\/wp-content\/uploads\/2023\/06\/header-firma-summer-2022-300x90.jpg 300w, https:\/\/www.radiopiu.net\/wordpress\/wp-content\/uploads\/2023\/06\/header-firma-summer-2022.jpg 600w\" sizes=\"auto, (max-width: 300px) 100vw, 300px\" \/><\/a>COMUNICAZIONE LIMITAZIONE AL TRAFFICO DEI PASSI <\/b><\/span><span style=\"color: #000000;\"><span style=\"font-size: large;\">CAMPOLONGO &#8211; PORDOI &#8211; SELLA &#8211; GARDENA <\/span><\/span><\/p>\n<p><span style=\"color: #000000;\"><span style=\"font-size: large;\">Ricordiamo che in occasione dell\u2019evento dedicato agli amanti della bicicletta: \u00a0 \u00a0<b> SELLARONDA BIKE DAY<\/b> di questo <b>sabato 10\/06\/2023<\/b> \u2014&gt; Sito manifestazione: <a class=\"moz-txt-link-abbreviated\" href=\"http:\/\/www.sellarondabikeday.com\">www.sellarondabikeday.com<\/a>\u00a0 l&#8217;orario di chiusura delle strade come da decreto del <\/span><\/span><span style=\"color: #000000;\"><span style=\"font-size: large;\">Prefetto di Belluno \u00e8 dalle ore 08:30 alle ore 16:00. Tratte interessate: strade attorno ai 4 Passi Dolomitici: Passo Campolongo, Passo Gardena, Passo Sella e Passo Pordoi.<br \/>\nAi partecipanti viene raccomandato il senso antiorario, quindi: Arabba &#8211; Passo Campolongo &#8211; Passo Gardena &#8211; Passo Sella &#8211; Passo Pordoi &#8211; Arabba.\u00a0<\/span><\/span><\/p>\n<p>&nbsp;<\/p>\n<blockquote>\n<h3>SP 473 DI CROCE D&#8217;AUNE CHIUSA PER QUATTRO MESI. LAVORI A SERVO DI SOVRAMONTE<\/h3>\n<\/blockquote>\n<p>Veneto strade comunica che a partire dal 12 giugno e fino al 9 ottobre la SP 473 di Croce D&#8217;Aune sar\u00e0 interdetta al traffico. Chiusura che comprende anche sabati domenica e festivi. Il tratto di strada chiuso al traffico in Via Vittorio Veneto, localit\u00e0 Servo di Sovramonte. Ci sar\u00e0 una deviazione su viabilit\u00e0 alternativa<\/p>\n<p>&nbsp;<\/p>\n<blockquote>\n<h3>PONTE DI LANTRAGO CHIUSO AL TRAFFICO PER QUATTRO SETTIMANE<\/h3>\n<\/blockquote>\n<p><strong>LA VALLE<\/strong> Sar\u00e0 chiuso al traffico il ponte di Lantrago. Per quattro settimane il ponte in centro al paese di La Valle, all&#8217;ingresso del centro abitato, sar\u00e0 chiuso. L&#8217;interdizione totale alla circolazione sula SP 347 del Passo Cereda e Duran inizier\u00e0 il 12 giugno e fino al 7 luglio.<\/p>\n<p><a class=\"dt-pswp-item\" href=\"https:\/\/www.radiopiu.net\/wordpress\/wp-content\/uploads\/2023\/06\/ed117308-4483-4965-98ba-cf18ee1d6ca0.jpg\" data-dt-img-description=\"\" data-large_image_width=\"1536\" data-large_image_height=\"2048\"><img loading=\"lazy\" decoding=\"async\" class=\"size-medium wp-image-339210 aligncenter\" src=\"https:\/\/www.radiopiu.net\/wordpress\/wp-content\/uploads\/2023\/06\/ed117308-4483-4965-98ba-cf18ee1d6ca0-225x300.jpg\" alt=\"\" width=\"225\" height=\"300\" srcset=\"https:\/\/www.radiopiu.net\/wordpress\/wp-content\/uploads\/2023\/06\/ed117308-4483-4965-98ba-cf18ee1d6ca0-225x300.jpg 225w, https:\/\/www.radiopiu.net\/wordpress\/wp-content\/uploads\/2023\/06\/ed117308-4483-4965-98ba-cf18ee1d6ca0-768x1024.jpg 768w, https:\/\/www.radiopiu.net\/wordpress\/wp-content\/uploads\/2023\/06\/ed117308-4483-4965-98ba-cf18ee1d6ca0-1152x1536.jpg 1152w, https:\/\/www.radiopiu.net\/wordpress\/wp-content\/uploads\/2023\/06\/ed117308-4483-4965-98ba-cf18ee1d6ca0.jpg 1536w\" sizes=\"auto, (max-width: 225px) 100vw, 225px\" \/><\/a><\/p>\n<p>&nbsp;<\/p>\n<p>&nbsp;<\/p>\n<hr \/>\n<p>&nbsp;<\/p>\n<blockquote>\n<h3>LAVORI PROGRAMMATI BIM GSP<\/h3>\n<\/blockquote>\n<p><strong>LIVINALLONGO<\/strong> Gestione Servizi Pubblici informa che, per lavori alla rete idrica comunale, oggi dalle 09:00 a FINE LAVORI, verr\u00e0 sospesa l\u2019erogazione dell\u2019acqua a LIVINALLONGO DEL COL DI LANA nelle vie PRECUMON e GLIERA. Il personale addetto operer\u00e0 per limitare il pi\u00f9 possibile i disagi alla popolazione.<\/p>\n<p>&nbsp;<\/p>\n<p>&nbsp;<\/p>\n<hr \/>\n<p>&nbsp;<\/p>\n<blockquote>\n<h3>MASSI IN STRADA A CENCENIGHE. CHIUSA LA STRADA CHE PORTA A CHENET<\/h3>\n<\/blockquote>\n<p><strong>CENCENIGHE<\/strong> E&#8217; stata chiusa in via precauzionale la strada che dagli impianti sportivi porta alla frazione Chenet di Cencenighe. Nella giornata di marted\u00ec alcuni massi hanno invaso la carreggiata e di conseguenza la strada \u00e8 stata chiusa. Al momento la strada \u00e8 ancora chiusa e i massi sono stati spostati. Lo stesso tratto di strada in questi giorni era gi\u00e0 interessato da una chiusura a fasce orarie per lavori<\/p>\n<p>&nbsp;<\/p>\n<p><strong>DI GIANNI SANTOMASO<\/strong><\/p>\n<audio class=\"wp-audio-shortcode\" id=\"audio-339180-1\" preload=\"none\" style=\"width: 100%;\" controls=\"controls\"><source type=\"audio\/mpeg\" src=\"https:\/\/www.radiopiu.net\/wordpress\/wp-content\/uploads\/2023\/06\/CHENET-GIANNI.mp3?_=1\" \/><a href=\"https:\/\/www.radiopiu.net\/wordpress\/wp-content\/uploads\/2023\/06\/CHENET-GIANNI.mp3\">https:\/\/www.radiopiu.net\/wordpress\/wp-content\/uploads\/2023\/06\/CHENET-GIANNI.mp3<\/a><\/audio>\n<p><strong>IL SINDACO, MAURO SOPPELSA<\/strong><\/p>\n<audio class=\"wp-audio-shortcode\" id=\"audio-339180-2\" preload=\"none\" style=\"width: 100%;\" controls=\"controls\"><source type=\"audio\/mpeg\" src=\"https:\/\/www.radiopiu.net\/wordpress\/wp-content\/uploads\/2023\/06\/mauro.mp3?_=2\" \/><a href=\"https:\/\/www.radiopiu.net\/wordpress\/wp-content\/uploads\/2023\/06\/mauro.mp3\">https:\/\/www.radiopiu.net\/wordpress\/wp-content\/uploads\/2023\/06\/mauro.mp3<\/a><\/audio>\n<p>&nbsp;<\/p>\n\n\t\t\t<style type='text\/css'>\n\t\t\t\t#gallery-1 {\n\t\t\t\t\tmargin: auto;\n\t\t\t\t}\n\t\t\t\t#gallery-1 .gallery-item {\n\t\t\t\t\tfloat: left;\n\t\t\t\t\tmargin-top: 10px;\n\t\t\t\t\ttext-align: center;\n\t\t\t\t\twidth: 25%;\n\t\t\t\t}\n\t\t\t\t#gallery-1 img {\n\t\t\t\t\tborder: 2px solid #cfcfcf;\n\t\t\t\t}\n\t\t\t\t#gallery-1 .gallery-caption {\n\t\t\t\t\tmargin-left: 0;\n\t\t\t\t}\n\t\t\t\t\/* see gallery_shortcode() in wp-includes\/media.php *\/\n\t\t\t<\/style>\n\t\t<div id='gallery-1' class='dt-gallery-container gallery galleryid-339180 gallery-columns-4 gallery-size-thumbnail'><dl class='gallery-item'>\n\t\t\t\t<dt class='gallery-icon landscape'>\n\t\t\t\t\t<a class=\"rollover rollover-zoom dt-pswp-item\" title=\"413b140e-4bde-43b6-a0d0-0eb9d499aab0\" data-dt-img-description=\"\" data-large_image_width=\"1024\" data-large_image_height=\"768\"href='https:\/\/www.radiopiu.net\/wordpress\/wp-content\/uploads\/2023\/06\/413b140e-4bde-43b6-a0d0-0eb9d499aab0.jpg'><img loading=\"lazy\" decoding=\"async\" width=\"150\" height=\"150\" src=\"https:\/\/www.radiopiu.net\/wordpress\/wp-content\/uploads\/2023\/06\/413b140e-4bde-43b6-a0d0-0eb9d499aab0-150x150.jpg\" class=\"attachment-thumbnail size-thumbnail\" alt=\"\" \/><\/a>\n\t\t\t\t<\/dt><\/dl><dl class='gallery-item'>\n\t\t\t\t<dt class='gallery-icon landscape'>\n\t\t\t\t\t<a class=\"rollover rollover-zoom dt-pswp-item\" title=\"03337e1f-4491-4e8c-8fd3-9ec2184e57d9\" data-dt-img-description=\"\" data-large_image_width=\"1024\" data-large_image_height=\"768\"href='https:\/\/www.radiopiu.net\/wordpress\/wp-content\/uploads\/2023\/06\/03337e1f-4491-4e8c-8fd3-9ec2184e57d9.jpg'><img loading=\"lazy\" decoding=\"async\" width=\"150\" height=\"150\" src=\"https:\/\/www.radiopiu.net\/wordpress\/wp-content\/uploads\/2023\/06\/03337e1f-4491-4e8c-8fd3-9ec2184e57d9-150x150.jpg\" class=\"attachment-thumbnail size-thumbnail\" alt=\"\" \/><\/a>\n\t\t\t\t<\/dt><\/dl><dl class='gallery-item'>\n\t\t\t\t<dt class='gallery-icon portrait'>\n\t\t\t\t\t<a class=\"rollover rollover-zoom dt-pswp-item\" title=\"4f3c7d9a-9974-4e7c-935c-05793a9ed523\" data-dt-img-description=\"\" data-large_image_width=\"768\" data-large_image_height=\"1024\"href='https:\/\/www.radiopiu.net\/wordpress\/wp-content\/uploads\/2023\/06\/4f3c7d9a-9974-4e7c-935c-05793a9ed523.jpg'><img loading=\"lazy\" decoding=\"async\" width=\"150\" height=\"150\" src=\"https:\/\/www.radiopiu.net\/wordpress\/wp-content\/uploads\/2023\/06\/4f3c7d9a-9974-4e7c-935c-05793a9ed523-150x150.jpg\" class=\"attachment-thumbnail size-thumbnail\" alt=\"\" \/><\/a>\n\t\t\t\t<\/dt><\/dl><dl class='gallery-item'>\n\t\t\t\t<dt class='gallery-icon landscape'>\n\t\t\t\t\t<a class=\"rollover rollover-zoom dt-pswp-item\" title=\"b8b61fd1-cf1f-4a01-a910-8c322eef9601\" data-dt-img-description=\"\" data-large_image_width=\"1024\" data-large_image_height=\"768\"href='https:\/\/www.radiopiu.net\/wordpress\/wp-content\/uploads\/2023\/06\/b8b61fd1-cf1f-4a01-a910-8c322eef9601.jpg'><img loading=\"lazy\" decoding=\"async\" width=\"150\" height=\"150\" src=\"https:\/\/www.radiopiu.net\/wordpress\/wp-content\/uploads\/2023\/06\/b8b61fd1-cf1f-4a01-a910-8c322eef9601-150x150.jpg\" class=\"attachment-thumbnail size-thumbnail\" alt=\"\" \/><\/a>\n\t\t\t\t<\/dt><\/dl><br style=\"clear: both\" \/>\n\t\t\t<\/div>\n\n<p>&nbsp;<\/p>\n<p>&nbsp;<\/p>\n<hr \/>\n<p>&nbsp;<\/p>\n<blockquote>\n<h3>EDIFICIO PERICOLANTE, CHIUSA LA STRADA PER VIGNUI<\/h3>\n<\/blockquote>\n<div class=\"articlePlainText\"><strong>FELTRE<\/strong> Da luned\u00ec non si passa lungo via Vila de Vignui, strada interna del centro storico dell&#8217;omonima frazione. S La causa: il rischio crollo del vecchio edificio che ospitava la bottega e il bar del paese. Un bel disagio per i residenti di Vignui che utilizzano frequentemente quella strada per spostarsi, ad esempio per portare a piedi la spazzatura nella vicina piazza dove \u00e8 presente l&#8217;isola ecologica. L&#8217;edificio \u00e8 chiuso e abbandonato dagli anni 90 con un progressivo degrado<\/div>\n<div><\/div>\n<hr \/>\n<p>&nbsp;<\/p>\n<blockquote>\n<h3>PAURA PER UN PRINCIPIO D&#8217;INCENDIO AL MEZZO IN TRANSITO LUNGO L&#8217;AGORDINA<\/h3>\n<\/blockquote>\n<p>&nbsp;<\/p>\n<p><strong>TAIBON<\/strong>\u00a0 Un incendio si \u00e8 verificato ieri\u00a0 lungo la regionale 203 agordina, poco dopo la galleria di Listolade, causando momenti di paura per automobilisti soprattutto per l&#8217;autista del mezzo. Il rogo \u00e8 scoppiato nel vano motore di un mezzo adibito al trasporto di idrocarburi, ma fortunatamente non\u00a0 ci sono feriti. L&#8217;incidente ha richiesto un immediato intervento da parte dei vigili del fuoco e dei carabinieri, che sono giunti sul posto per\u00a0 garantire la sicurezza.<\/p>\n<p>grazie a Thomas per la segnalazione<\/p>\n<p>&nbsp;<\/p>\n\n\t\t\t<style type='text\/css'>\n\t\t\t\t#gallery-2 {\n\t\t\t\t\tmargin: auto;\n\t\t\t\t}\n\t\t\t\t#gallery-2 .gallery-item {\n\t\t\t\t\tfloat: left;\n\t\t\t\t\tmargin-top: 10px;\n\t\t\t\t\ttext-align: center;\n\t\t\t\t\twidth: 50%;\n\t\t\t\t}\n\t\t\t\t#gallery-2 img {\n\t\t\t\t\tborder: 2px solid #cfcfcf;\n\t\t\t\t}\n\t\t\t\t#gallery-2 .gallery-caption {\n\t\t\t\t\tmargin-left: 0;\n\t\t\t\t}\n\t\t\t\t\/* see gallery_shortcode() in wp-includes\/media.php *\/\n\t\t\t<\/style>\n\t\t<div id='gallery-2' class='dt-gallery-container gallery galleryid-339180 gallery-columns-2 gallery-size-medium'><dl class='gallery-item'>\n\t\t\t\t<dt class='gallery-icon portrait'>\n\t\t\t\t\t<a class=\"rollover rollover-zoom dt-pswp-item\" title=\"cecd1709-8b25-48cd-9ec8-53d3a3d69b25\" data-dt-img-description=\"\" data-large_image_width=\"1200\" data-large_image_height=\"1600\"href='https:\/\/www.radiopiu.net\/wordpress\/wp-content\/uploads\/2023\/06\/cecd1709-8b25-48cd-9ec8-53d3a3d69b25.jpg'><img loading=\"lazy\" decoding=\"async\" width=\"225\" height=\"300\" src=\"https:\/\/www.radiopiu.net\/wordpress\/wp-content\/uploads\/2023\/06\/cecd1709-8b25-48cd-9ec8-53d3a3d69b25-225x300.jpg\" class=\"attachment-medium size-medium\" alt=\"\" srcset=\"https:\/\/www.radiopiu.net\/wordpress\/wp-content\/uploads\/2023\/06\/cecd1709-8b25-48cd-9ec8-53d3a3d69b25-225x300.jpg 225w, https:\/\/www.radiopiu.net\/wordpress\/wp-content\/uploads\/2023\/06\/cecd1709-8b25-48cd-9ec8-53d3a3d69b25-768x1024.jpg 768w, https:\/\/www.radiopiu.net\/wordpress\/wp-content\/uploads\/2023\/06\/cecd1709-8b25-48cd-9ec8-53d3a3d69b25-1152x1536.jpg 1152w, https:\/\/www.radiopiu.net\/wordpress\/wp-content\/uploads\/2023\/06\/cecd1709-8b25-48cd-9ec8-53d3a3d69b25.jpg 1200w\" sizes=\"auto, (max-width: 225px) 100vw, 225px\" \/><\/a>\n\t\t\t\t<\/dt><\/dl><dl class='gallery-item'>\n\t\t\t\t<dt class='gallery-icon landscape'>\n\t\t\t\t\t<a class=\"rollover rollover-zoom dt-pswp-item\" title=\"Senza nome\" data-dt-img-description=\"\" data-large_image_width=\"551\" data-large_image_height=\"415\"href='https:\/\/www.radiopiu.net\/wordpress\/wp-content\/uploads\/2023\/06\/Senza-nome-4.png'><img loading=\"lazy\" decoding=\"async\" width=\"300\" height=\"226\" src=\"https:\/\/www.radiopiu.net\/wordpress\/wp-content\/uploads\/2023\/06\/Senza-nome-4-300x226.png\" class=\"attachment-medium size-medium\" alt=\"\" srcset=\"https:\/\/www.radiopiu.net\/wordpress\/wp-content\/uploads\/2023\/06\/Senza-nome-4-300x226.png 300w, https:\/\/www.radiopiu.net\/wordpress\/wp-content\/uploads\/2023\/06\/Senza-nome-4.png 551w\" sizes=\"auto, (max-width: 300px) 100vw, 300px\" \/><\/a>\n\t\t\t\t<\/dt><\/dl><br style=\"clear: both\" \/>\n\t\t\t<\/div>\n\n<p>&nbsp;<\/p>\n<hr \/>\n<p>&nbsp;<\/p>\n<blockquote>\n<h3>ADDIO VIRNA, CASTION IN LUTTO<\/h3>\n<\/blockquote>\n<p><strong><img loading=\"lazy\" decoding=\"async\" class=\"alignleft\" src=\"https:\/\/www.radiopiu.net\/wordpress\/wp-content\/uploads\/2023\/06\/Senza-nome-4.jpg\" width=\"142\" height=\"155\" \/>BELLUNO<\/strong> Virna Broi, una donna di 52 anni, residente a Castion, \u00e8 morta marted\u00ec a Casa Tua Due 2 dopo aver combattuto strenuamente contro una malattia. Lascia il marito Giancarlo, i figli Nicolas e Kristian con Natasha, i genitori, i fratelli e l&#8217;intera comunit\u00e0 afflitta dalla sua scomparsa. Il funerale di Virna si terr\u00e0 domani alle 10:30 nella chiesa arcipretale di Castion, seguito dalla cremazione del corpo. Conosciuta nella zona per aver gestito, insieme al marito, un distributore di carburante per molti anni, Virna era una persona solare e allegra. Ha affrontato la malattia con determinazione e combattivit\u00e0, lasciando un&#8217;impressione positiva a coloro che l&#8217;hanno conosciuta. Sar\u00e0 ricordata con affetto per il suo sorriso radioso e i suoi occhi blu pieni di gioia di vivere. Le offerte raccolte durante il servizio funebre saranno devolute a Casa Tua Due.<\/p>\n<p>&nbsp;<\/p>\n<hr \/>\n<p>&nbsp;<\/p>\n<blockquote>\n<h3>L&#8217;ADDIO ALLA PICCOLA MAI NATA<\/h3>\n<\/blockquote>\n<div class=\"articlePlainText\"><strong>SEDICO<\/strong> Ultimo saluto stamattina alla bimba nata senza vita all&#8217;ospedale San Martino. La famiglia ha scelto il rito civile, in forma privata.\u00a0La Procura ha aperto un inchiesta per l&#8217;ipotesi di reato di omicidio colposo per la morte dello scorso 26 maggio e sta indagando su un medico e due ostetriche.<\/div>\n<p>&nbsp;<\/p>\n<p>&nbsp;<\/p>\n<hr \/>\n<p>&nbsp;<\/p>\n<blockquote>\n<h3>Stalking e violenza sessuale in azienda sull&#8217;operaia: condannato l&#8217;ex capoturno della Epta Costan<\/h3>\n<\/blockquote>\n<p><strong><img loading=\"lazy\" decoding=\"async\" class=\"alignleft\" src=\"https:\/\/www.radiopiu.net\/wordpress\/wp-content\/uploads\/2021\/09\/tribunale-belluno.jpg\" width=\"263\" height=\"175\" \/>BELLUNO<\/strong> L&#8217;ex capoturno della Epta Costan, \u00e8 stato condannato a quattro anni e sei mesi di reclusione dal Tribunale collegiale. La sentenza lo ha ritenuto colpevole di atti persecutori nei confronti di un&#8217;operaia e di due episodi di palpeggiamenti pi\u00f9 recenti. Tuttavia, il tribunale ha deciso di non procedere per gli episodi pi\u00f9 datati a causa della querela presentata tardivamente. I giudici Coniglio, Montalto e Cittolin hanno considerato prevalentemente le attenuanti generiche rispetto alle aggravanti, infliggendo anche cinque anni di interdizione dai pubblici uffici e un anticipo di 10.000 euro come risarcimento danni. Tuttavia, sar\u00e0 necessario un procedimento civile per cercare di ottenere il resto del risarcimento.<\/p>\n<div class=\"flex-1 overflow-hidden\">\n<div class=\"react-scroll-to-bottom--css-awqoj-79elbk h-full dark:bg-gray-800\">\n<div class=\"react-scroll-to-bottom--css-awqoj-1n7m0yu\">\n<div class=\"flex flex-col text-sm dark:bg-gray-800\">\n<div class=\"group w-full text-gray-800 dark:text-gray-100 border-b border-black\/10 dark:border-gray-900\/50 bg-gray-50 dark:bg-[#444654]\">\n<div class=\"flex p-4 gap-4 text-base md:gap-6 md:max-w-2xl lg:max-w-[38rem] xl:max-w-3xl md:py-6 lg:px-0 m-auto\">\n<div class=\"relative flex w-[calc(100%-50px)] flex-col gap-1 md:gap-3 lg:w-[calc(100%-115px)]\">\n<div class=\"flex flex-grow flex-col gap-3\">\n<div class=\"min-h-[20px] flex flex-col items-start gap-4 whitespace-pre-wrap break-words\">\n<div class=\"markdown prose w-full break-words dark:prose-invert light\">\n<blockquote><p><em>Gli atti persecutori si sono verificati tra l&#8217;autunno del 2018 e settembre 2020, con continui messaggi e appostamenti sia sul luogo di lavoro che vicino alla casa della vittima. Le comunicazioni via WhatsApp includevano proposte esplicite di atti sessuali, con linguaggio volgare e dettagli anatomici. Le due violenze sessuali pi\u00f9 recenti sono avvenute il 7 agosto 2020, quando l&#8217;operaia \u00e8 stata palpeggiata alle spalle, e il 30 ottobre, quando Barp l&#8217;ha abbracciata e tentato di compiere atti sessuali non consensuali.<\/em><\/p><\/blockquote>\n<p>La sentenza di primo grado \u00e8 soggetta a motivazioni e pu\u00f2 essere oggetto di appello entro novanta giorni.<\/p>\n<\/div>\n<\/div>\n<\/div>\n<\/div>\n<\/div>\n<\/div>\n<\/div>\n<\/div>\n<\/div>\n<\/div>\n<p>&nbsp;<\/p>\n<p>&nbsp;<\/p>\n<hr \/>\n<p>&nbsp;<\/p>\n<blockquote>\n<h3>LA PROVINCIA CEDE L&#8217;EX CASERMA DEI CARABINIERI DI SANTO STEFANO ALL&#8217;UNIONE MONTANA COMELICO<\/h3>\n<\/blockquote>\n<p><strong><a class=\"dt-pswp-item\" href=\"https:\/\/www.radiopiu.net\/wordpress\/wp-content\/uploads\/2019\/02\/palazzo_piloni_belluno.jpg\" data-dt-img-description=\"\" data-large_image_width=\"1000\" data-large_image_height=\"667\"><img loading=\"lazy\" decoding=\"async\" class=\" wp-image-77618 alignleft\" src=\"https:\/\/www.radiopiu.net\/wordpress\/wp-content\/uploads\/2019\/02\/palazzo_piloni_belluno-300x200.jpg\" alt=\"\" width=\"150\" height=\"100\" srcset=\"https:\/\/www.radiopiu.net\/wordpress\/wp-content\/uploads\/2019\/02\/palazzo_piloni_belluno-300x200.jpg 300w, https:\/\/www.radiopiu.net\/wordpress\/wp-content\/uploads\/2019\/02\/palazzo_piloni_belluno-768x512.jpg 768w, https:\/\/www.radiopiu.net\/wordpress\/wp-content\/uploads\/2019\/02\/palazzo_piloni_belluno.jpg 1000w\" sizes=\"auto, (max-width: 150px) 100vw, 150px\" \/><\/a>BELLUNO<\/strong> La Provincia di Belluno ha ceduto l&#8217;ex caserma dei Carabinieri di Santo Stefano all&#8217;Unione Montana Comelico; una notizia attesa da anni in Comelico, dove si potr\u00e0 dare il via all&#8217;intervento per realizzare nuovi servizi per i cittadini.<\/p>\n<p><strong>di Daniele Dalvit<\/strong><\/p>\n<audio class=\"wp-audio-shortcode\" id=\"audio-339180-3\" preload=\"none\" style=\"width: 100%;\" controls=\"controls\"><source type=\"audio\/mpeg\" src=\"https:\/\/www.radiopiu.net\/wordpress\/wp-content\/uploads\/2023\/06\/Radio-Piu-Servizio-Provincia-vendita-caserma-Comelico.mp3?_=3\" \/><a href=\"https:\/\/www.radiopiu.net\/wordpress\/wp-content\/uploads\/2023\/06\/Radio-Piu-Servizio-Provincia-vendita-caserma-Comelico.mp3\">https:\/\/www.radiopiu.net\/wordpress\/wp-content\/uploads\/2023\/06\/Radio-Piu-Servizio-Provincia-vendita-caserma-Comelico.mp3<\/a><\/audio>\n<p>&nbsp;<\/p>\n<hr \/>\n<p>&nbsp;<\/p>\n<blockquote>\n<h3>A LEZIONE CON I CANI DEL SOCCORSO DELLA GUARDIA DI FINANZA<\/h3>\n<\/blockquote>\n<p><strong><a class=\"dt-pswp-item\" href=\"https:\/\/www.radiopiu.net\/wordpress\/wp-content\/uploads\/2023\/06\/CANE-FIUTA-OK.jpeg\" data-dt-img-description=\"\" data-large_image_width=\"1468\" data-large_image_height=\"1100\"><img loading=\"lazy\" decoding=\"async\" class=\" wp-image-339245 alignleft\" src=\"https:\/\/www.radiopiu.net\/wordpress\/wp-content\/uploads\/2023\/06\/CANE-FIUTA-OK-300x225.jpeg\" alt=\"\" width=\"144\" height=\"108\" srcset=\"https:\/\/www.radiopiu.net\/wordpress\/wp-content\/uploads\/2023\/06\/CANE-FIUTA-OK-300x225.jpeg 300w, https:\/\/www.radiopiu.net\/wordpress\/wp-content\/uploads\/2023\/06\/CANE-FIUTA-OK-1024x767.jpeg 1024w, https:\/\/www.radiopiu.net\/wordpress\/wp-content\/uploads\/2023\/06\/CANE-FIUTA-OK-768x575.jpeg 768w, https:\/\/www.radiopiu.net\/wordpress\/wp-content\/uploads\/2023\/06\/CANE-FIUTA-OK.jpeg 1468w\" sizes=\"auto, (max-width: 144px) 100vw, 144px\" \/><\/a>BELLUNO<\/strong> Circa quaranta bambini della Scuola dell&#8217;Infanzia di Cortina hanno partecipato a una dimostrazione delle unit\u00e0 cinofile del Soccorso Alpino della Guardia di Finanza. Dopo una presentazione sul ruolo della Guardia di Finanza nel soccorso in montagna, \u00e8 stato spiegato come vengono addestrati i cani del soccorso e l&#8217;importanza della sinergia con i loro conduttori. Sono stati coinvolti alcuni bambini che si sono nascosti e sono stati ritrovati dal cane &#8220;Etha&#8221;. L&#8217;istruttore cinofilo ha mostrato anche alcune fasi di addestramento, dimostrando l&#8217;abilit\u00e0 del cane nel trovare un oggetto con odore umano. La dimostrazione ha suscitato entusiasmo e ammirazione da parte dei bambini e degli insegnanti presenti, evidenziando l&#8217;importanza delle unit\u00e0 cinofile nel contesto del soccorso in montagna.<\/p>\n<p>&nbsp;<\/p>\n<p>&nbsp;<\/p>\n<hr \/>\n<p>&nbsp;<\/p>\n<blockquote>\n<h3>\u201cBELLUNO CITTA\u2019 DELLE RONDINI\u201d, RILANCIATO ANCHE QUEST\u2019ANNO IL PROGETTO CHE VEDE INSIEME COMUNE, PROVINCIA E PARCO<\/h3>\n<\/blockquote>\n<p><strong>BELLUNO<\/strong> \u00a0Belluno si conferma sempre pi\u00f9 \u201cCitt\u00e0 delle rondini\u201d. \u00c8 stata rilanciata anche quest\u2019anno la sinergia tra Comune e Provincia per la tutela e la valorizzazione dei nidi di rondine, rondone e balestruccio presenti nel centro storico del capoluogo. Con la nuova collaborazione del Parco nazionale Dolomiti bellunesi, avviata lo scorso anno, e il supporto di Ascom Confcommercio. Tutti i soggetti istituzionali hanno stampato il loro logo sui tappetini antiguano che sono stati installati ieri mattina, sotto i nidi abitati, insieme ad alcuni ombrelli messi a disposizione dal Parco. Un\u2019operazione che ha visto la collaborazione attiva della Polizia Provinciale, di alcuni volontari naturalisti e della Riserva alpina di caccia di Belluno, anche per il censimento dei nidi, che mostra un trend positivo, in crescita negli ultimi anni per quanto riguarda le presenze e le nidiate. All\u2019installazione dei tappetini hanno partecipato l\u2019assessore all\u2019ambiente del Comune di Belluno Lorenza De Kunovich e l\u2019ex consigliere provinciale Franco De Bon.<\/p>\n\n\t\t\t<style type='text\/css'>\n\t\t\t\t#gallery-3 {\n\t\t\t\t\tmargin: auto;\n\t\t\t\t}\n\t\t\t\t#gallery-3 .gallery-item {\n\t\t\t\t\tfloat: left;\n\t\t\t\t\tmargin-top: 10px;\n\t\t\t\t\ttext-align: center;\n\t\t\t\t\twidth: 33%;\n\t\t\t\t}\n\t\t\t\t#gallery-3 img {\n\t\t\t\t\tborder: 2px solid #cfcfcf;\n\t\t\t\t}\n\t\t\t\t#gallery-3 .gallery-caption {\n\t\t\t\t\tmargin-left: 0;\n\t\t\t\t}\n\t\t\t\t\/* see gallery_shortcode() in wp-includes\/media.php *\/\n\t\t\t<\/style>\n\t\t<div id='gallery-3' class='dt-gallery-container gallery galleryid-339180 gallery-columns-3 gallery-size-thumbnail'><dl class='gallery-item'>\n\t\t\t\t<dt class='gallery-icon landscape'>\n\t\t\t\t\t<a class=\"rollover rollover-zoom dt-pswp-item\" title=\"Rondini 2023_2\" data-dt-img-description=\"\" data-large_image_width=\"2560\" data-large_image_height=\"1920\"href='https:\/\/www.radiopiu.net\/wordpress\/wp-content\/uploads\/2023\/06\/Rondini-2023_2-scaled.jpg'><img loading=\"lazy\" decoding=\"async\" width=\"150\" height=\"150\" src=\"https:\/\/www.radiopiu.net\/wordpress\/wp-content\/uploads\/2023\/06\/Rondini-2023_2-150x150.jpg\" class=\"attachment-thumbnail size-thumbnail\" alt=\"\" \/><\/a>\n\t\t\t\t<\/dt><\/dl><dl class='gallery-item'>\n\t\t\t\t<dt class='gallery-icon landscape'>\n\t\t\t\t\t<a class=\"rollover rollover-zoom dt-pswp-item\" title=\"Rondini 2023_1\" data-dt-img-description=\"\" data-large_image_width=\"2560\" data-large_image_height=\"1920\"href='https:\/\/www.radiopiu.net\/wordpress\/wp-content\/uploads\/2023\/06\/Rondini-2023_1-scaled.jpg'><img loading=\"lazy\" decoding=\"async\" width=\"150\" height=\"150\" src=\"https:\/\/www.radiopiu.net\/wordpress\/wp-content\/uploads\/2023\/06\/Rondini-2023_1-150x150.jpg\" class=\"attachment-thumbnail size-thumbnail\" alt=\"\" \/><\/a>\n\t\t\t\t<\/dt><\/dl><dl class='gallery-item'>\n\t\t\t\t<dt class='gallery-icon portrait'>\n\t\t\t\t\t<a class=\"rollover rollover-zoom dt-pswp-item\" title=\"Rondini 2023_3\" data-dt-img-description=\"\" data-large_image_width=\"1920\" data-large_image_height=\"2560\"href='https:\/\/www.radiopiu.net\/wordpress\/wp-content\/uploads\/2023\/06\/Rondini-2023_3-scaled.jpg'><img loading=\"lazy\" decoding=\"async\" width=\"150\" height=\"150\" src=\"https:\/\/www.radiopiu.net\/wordpress\/wp-content\/uploads\/2023\/06\/Rondini-2023_3-150x150.jpg\" class=\"attachment-thumbnail size-thumbnail\" alt=\"\" \/><\/a>\n\t\t\t\t<\/dt><\/dl><br style=\"clear: both\" \/>\n\t\t\t<\/div>\n\n<p>&nbsp;<\/p>\n<hr \/>\n<p>&nbsp;<\/p>\n<blockquote>\n<h3><a class=\"dt-pswp-item\" href=\"https:\/\/www.radiopiu.net\/wordpress\/wp-content\/uploads\/2021\/02\/71784bc3-f71e-47de-bda2-16363539ce3c.jpg\" data-dt-img-description=\"SILVANO SAVIO\" data-large_image_width=\"312\" data-large_image_height=\"341\"><img loading=\"lazy\" decoding=\"async\" class=\"wp-image-193172 alignleft\" src=\"https:\/\/www.radiopiu.net\/wordpress\/wp-content\/uploads\/2021\/02\/71784bc3-f71e-47de-bda2-16363539ce3c-274x300.jpg\" alt=\"\" width=\"112\" height=\"122\" srcset=\"https:\/\/www.radiopiu.net\/wordpress\/wp-content\/uploads\/2021\/02\/71784bc3-f71e-47de-bda2-16363539ce3c-274x300.jpg 274w, https:\/\/www.radiopiu.net\/wordpress\/wp-content\/uploads\/2021\/02\/71784bc3-f71e-47de-bda2-16363539ce3c.jpg 312w\" sizes=\"auto, (max-width: 112px) 100vw, 112px\" \/><\/a>SENTIERI DI FONDOVALLE, MINORANZA SODDISFATTA<\/h3>\n<p><strong>AGORDO\u00a0<\/strong><\/p><\/blockquote>\n<p><strong>DI GIANNI SANTOMASO\u00a0<\/strong><\/p>\n<audio class=\"wp-audio-shortcode\" id=\"audio-339180-4\" preload=\"none\" style=\"width: 100%;\" controls=\"controls\"><source type=\"audio\/mpeg\" src=\"https:\/\/www.radiopiu.net\/wordpress\/wp-content\/uploads\/2023\/06\/SILVANO-GIANNI.mp3?_=4\" \/><a href=\"https:\/\/www.radiopiu.net\/wordpress\/wp-content\/uploads\/2023\/06\/SILVANO-GIANNI.mp3\">https:\/\/www.radiopiu.net\/wordpress\/wp-content\/uploads\/2023\/06\/SILVANO-GIANNI.mp3<\/a><\/audio>\n<p>&nbsp;<\/p>\n<hr \/>\n<p>&nbsp;<\/p>\n<blockquote>\n<h3>CRESCE LA PRODUZIONE, AUMENTANO LE IMPRESE: IL SETTORE BIKE FUNZIONA I NEGOZI BELLUNESI REGISTRANO STABILIT\u00c0 NELLE VENDITE. BENE I MODELLI GRAVEL ED ELETTRICI<\/h3>\n<\/blockquote>\n<p><strong><a class=\"dt-pswp-item\" href=\"https:\/\/www.radiopiu.net\/wordpress\/wp-content\/uploads\/2020\/09\/BICICLETTA.jpg\" data-dt-img-description=\"\" data-large_image_width=\"1920\" data-large_image_height=\"1280\"><img loading=\"lazy\" decoding=\"async\" class=\" wp-image-161990 alignleft\" src=\"https:\/\/www.radiopiu.net\/wordpress\/wp-content\/uploads\/2020\/09\/BICICLETTA-300x200.jpg\" alt=\"\" width=\"164\" height=\"109\" srcset=\"https:\/\/www.radiopiu.net\/wordpress\/wp-content\/uploads\/2020\/09\/BICICLETTA-300x200.jpg 300w, https:\/\/www.radiopiu.net\/wordpress\/wp-content\/uploads\/2020\/09\/BICICLETTA-1024x683.jpg 1024w, https:\/\/www.radiopiu.net\/wordpress\/wp-content\/uploads\/2020\/09\/BICICLETTA-768x512.jpg 768w, https:\/\/www.radiopiu.net\/wordpress\/wp-content\/uploads\/2020\/09\/BICICLETTA-1536x1024.jpg 1536w, https:\/\/www.radiopiu.net\/wordpress\/wp-content\/uploads\/2020\/09\/BICICLETTA-640x427.jpg 640w, https:\/\/www.radiopiu.net\/wordpress\/wp-content\/uploads\/2020\/09\/BICICLETTA.jpg 1920w\" sizes=\"auto, (max-width: 164px) 100vw, 164px\" \/><\/a>BELLUNO<\/strong> Sar\u00e0 la cultura green in forte ascesa. O i costi della crisi energetica che spingono a lasciare l\u2019auto in garage. Forse incidono anche la voglia di restare in forma e le nuove modalit\u00e0 di turismo lento che invitano a pedalare. Fatto sta che la bicicletta, prodotto di nicchia del Made in Italy, \u00e8 sempre pi\u00f9 un mezzo di trasporto in forte crescita. Lo conferma il Rapporto Meccanica 2023 dell\u2019Ufficio studi di Confartigianato, che in occasione del Giro d\u2019Italia ha dedicato proprio un focus alla bici. In una realt\u00e0 pur piccola come la provincia dolomitica, spicca la vitalit\u00e0 del settore. Sono una ventina le aziende che producono, vendono, noleggiano o fanno manutenzione di biciclette. Gli artigiani associati a Confartigianato Belluno ritengono che la bici sia tra i settori pi\u00f9 stabili, sia per le vendite sia per le riparazioni. La dinamica \u00e8 di forte sviluppo: in un anno le realt\u00e0 produttrici crescono dell\u20191,4% in controtendenza rispetto al calo dello 0,7% del totale delle imprese, trainate dal +7,5% del noleggio di biciclette a cui si affianca il +0,3% della riparazione.<\/p>\n<p>&nbsp;<\/p>\n<p>&nbsp;<\/p>\n<hr \/>\n<p>&nbsp;<\/p>\n<blockquote>\n<h3>ZECCHE: IL COMMISSARIO DAL BEN INVITA ALLA VACCINAZIONE ANTI TBE<\/h3>\n<\/blockquote>\n<p><strong>BELLUNO<\/strong><\/p>\n<p><strong>DI MORENO GIOLI<\/strong><\/p>\n<audio class=\"wp-audio-shortcode\" id=\"audio-339180-5\" preload=\"none\" style=\"width: 100%;\" controls=\"controls\"><source type=\"audio\/mpeg\" src=\"https:\/\/www.radiopiu.net\/wordpress\/wp-content\/uploads\/2023\/06\/vaccinazione-anti-tbe.mp3?_=5\" \/><a href=\"https:\/\/www.radiopiu.net\/wordpress\/wp-content\/uploads\/2023\/06\/vaccinazione-anti-tbe.mp3\">https:\/\/www.radiopiu.net\/wordpress\/wp-content\/uploads\/2023\/06\/vaccinazione-anti-tbe.mp3<\/a><\/audio>\n<p>&nbsp;<\/p>\n<p><strong><a class=\"dt-pswp-item\" href=\"https:\/\/www.radiopiu.net\/wordpress\/wp-content\/uploads\/2023\/06\/Dal-Ben-Vaccinazione-TBE.jpeg\" data-dt-img-description=\"\" data-large_image_width=\"1616\" data-large_image_height=\"1080\"><img loading=\"lazy\" decoding=\"async\" class=\" wp-image-339229 alignleft\" src=\"https:\/\/www.radiopiu.net\/wordpress\/wp-content\/uploads\/2023\/06\/Dal-Ben-Vaccinazione-TBE-300x200.jpeg\" alt=\"\" width=\"204\" height=\"136\" srcset=\"https:\/\/www.radiopiu.net\/wordpress\/wp-content\/uploads\/2023\/06\/Dal-Ben-Vaccinazione-TBE-300x200.jpeg 300w, https:\/\/www.radiopiu.net\/wordpress\/wp-content\/uploads\/2023\/06\/Dal-Ben-Vaccinazione-TBE-1024x684.jpeg 1024w, https:\/\/www.radiopiu.net\/wordpress\/wp-content\/uploads\/2023\/06\/Dal-Ben-Vaccinazione-TBE-768x513.jpeg 768w, https:\/\/www.radiopiu.net\/wordpress\/wp-content\/uploads\/2023\/06\/Dal-Ben-Vaccinazione-TBE-1536x1027.jpeg 1536w, https:\/\/www.radiopiu.net\/wordpress\/wp-content\/uploads\/2023\/06\/Dal-Ben-Vaccinazione-TBE.jpeg 1616w\" sizes=\"auto, (max-width: 204px) 100vw, 204px\" \/><\/a>BELLUNO <\/strong>Per la prevenzione della TBE, \u00e8 disponibile anche un vaccino che prevede un ciclo vaccinale a tre somministrazioni. Dal 2019, la vaccinazione \u00e8 gratuita per i residenti in provincia di Belluno, ed \u00e8 prenotabile dal sito <a href=\"http:\/\/www.aulss1.veneto.it\">www.aulss1.veneto.it<\/a>. Ad oggi sono state effettuate oltre 85 mila dosi anti TBE in Ulss Dolomiti.<\/p>\n<p>&nbsp;<\/p>\n<p>&nbsp;<\/p>\n<hr \/>\n<p>&nbsp;<\/p>\n<blockquote>\n<h3><a class=\"dt-pswp-item\" href=\"https:\/\/www.radiopiu.net\/wordpress\/wp-content\/uploads\/2021\/02\/DARIO-BOND.jpg\" data-dt-img-description=\"\" data-large_image_width=\"1600\" data-large_image_height=\"737\"><img loading=\"lazy\" decoding=\"async\" class=\"wp-image-191054 alignleft\" src=\"https:\/\/www.radiopiu.net\/wordpress\/wp-content\/uploads\/2021\/02\/DARIO-BOND-300x138.jpg\" alt=\"\" width=\"202\" height=\"93\" srcset=\"https:\/\/www.radiopiu.net\/wordpress\/wp-content\/uploads\/2021\/02\/DARIO-BOND-300x138.jpg 300w, https:\/\/www.radiopiu.net\/wordpress\/wp-content\/uploads\/2021\/02\/DARIO-BOND-1024x472.jpg 1024w, https:\/\/www.radiopiu.net\/wordpress\/wp-content\/uploads\/2021\/02\/DARIO-BOND-768x354.jpg 768w, https:\/\/www.radiopiu.net\/wordpress\/wp-content\/uploads\/2021\/02\/DARIO-BOND-1536x708.jpg 1536w, https:\/\/www.radiopiu.net\/wordpress\/wp-content\/uploads\/2021\/02\/DARIO-BOND.jpg 1600w\" sizes=\"auto, (max-width: 202px) 100vw, 202px\" \/><\/a>DARIO BOND RIMANE ALLA GUIDA DEL COMITATO PARITETICO PER I FONDI DI CONFINE<\/h3>\n<\/blockquote>\n<p><strong>ROMA\u00a0<\/strong> Dario Bond dopo la firma del ministro per gli Affari Regionali e le Autonomie, Roberto Calderoli,\u00a0 rimane alla guida del Comitato paritetico del Fondo dei Comuni Confinanti.\u00a0 Nella trattativa ha avuto la meglio Fratelli d&#8217;Italia, il partito al quale Bond si \u00e8 avvicinato dopo aver lasciato Forza Italia.<\/p>\n<div class=\"articlePlainText\"><\/div>\n<div><\/div>\n<hr \/>\n<p>&nbsp;<\/p>\n<blockquote>\n<h3>CON L&#8217;ACI E LA REGIONE L&#8217;EVENTO: FUOCO DELL&#8217;AMICIZIA<\/h3>\n<\/blockquote>\n<p><strong>BELLUNO<\/strong><\/p>\n<p><strong>DI DANIELE DALVIT<\/strong><\/p>\n<audio class=\"wp-audio-shortcode\" id=\"audio-339180-6\" preload=\"none\" style=\"width: 100%;\" controls=\"controls\"><source type=\"audio\/mpeg\" src=\"https:\/\/www.radiopiu.net\/wordpress\/wp-content\/uploads\/2023\/06\/Radio-Piu-Servizio-Fuoco-dellAmicizia-2023.mp3?_=6\" \/><a href=\"https:\/\/www.radiopiu.net\/wordpress\/wp-content\/uploads\/2023\/06\/Radio-Piu-Servizio-Fuoco-dellAmicizia-2023.mp3\">https:\/\/www.radiopiu.net\/wordpress\/wp-content\/uploads\/2023\/06\/Radio-Piu-Servizio-Fuoco-dellAmicizia-2023.mp3<\/a><\/audio>\n<p><a class=\"dt-pswp-item\" href=\"https:\/\/www.radiopiu.net\/wordpress\/wp-content\/uploads\/2023\/06\/53a1ae13-400f-41d3-b4d7-af91b2af2a1e.jpg\" data-dt-img-description=\"\" data-large_image_width=\"1600\" data-large_image_height=\"1357\"><img loading=\"lazy\" decoding=\"async\" class=\"size-medium wp-image-339274 aligncenter\" src=\"https:\/\/www.radiopiu.net\/wordpress\/wp-content\/uploads\/2023\/06\/53a1ae13-400f-41d3-b4d7-af91b2af2a1e-300x254.jpg\" alt=\"\" width=\"300\" height=\"254\" srcset=\"https:\/\/www.radiopiu.net\/wordpress\/wp-content\/uploads\/2023\/06\/53a1ae13-400f-41d3-b4d7-af91b2af2a1e-300x254.jpg 300w, https:\/\/www.radiopiu.net\/wordpress\/wp-content\/uploads\/2023\/06\/53a1ae13-400f-41d3-b4d7-af91b2af2a1e-1024x868.jpg 1024w, https:\/\/www.radiopiu.net\/wordpress\/wp-content\/uploads\/2023\/06\/53a1ae13-400f-41d3-b4d7-af91b2af2a1e-768x651.jpg 768w, https:\/\/www.radiopiu.net\/wordpress\/wp-content\/uploads\/2023\/06\/53a1ae13-400f-41d3-b4d7-af91b2af2a1e-1536x1303.jpg 1536w, https:\/\/www.radiopiu.net\/wordpress\/wp-content\/uploads\/2023\/06\/53a1ae13-400f-41d3-b4d7-af91b2af2a1e.jpg 1600w\" sizes=\"auto, (max-width: 300px) 100vw, 300px\" \/><\/a><\/p>\n<p>&nbsp;<\/p>\n<p>&nbsp;<\/p>\n<hr \/>\n<p>&nbsp;<\/p>\n<blockquote>\n<h3>DECORO URBANO A PONTE NELLE ALPI: L&#8217;AVVISO AI CITTADINI<\/h3>\n<\/blockquote>\n<p><strong><a class=\"dt-pswp-item\" href=\"https:\/\/www.radiopiu.net\/wordpress\/wp-content\/uploads\/2023\/06\/Decoro_urbano.jpg\" data-dt-img-description=\"\" data-large_image_width=\"700\" data-large_image_height=\"400\"><img loading=\"lazy\" decoding=\"async\" class=\" wp-image-339207 alignleft\" src=\"https:\/\/www.radiopiu.net\/wordpress\/wp-content\/uploads\/2023\/06\/Decoro_urbano-300x171.jpg\" alt=\"\" width=\"188\" height=\"107\" srcset=\"https:\/\/www.radiopiu.net\/wordpress\/wp-content\/uploads\/2023\/06\/Decoro_urbano-300x171.jpg 300w, https:\/\/www.radiopiu.net\/wordpress\/wp-content\/uploads\/2023\/06\/Decoro_urbano.jpg 700w\" sizes=\"auto, (max-width: 188px) 100vw, 188px\" \/><\/a>PONTE NELLE ALPI <\/strong>Decoro urbano: serve la collaborazione dei cittadini nello sfalcio dell\u2019erba e nel taglio delle siepi, per quanto riguarda le pertinenze private.<span class=\"gmail-Apple-converted-space\"> \u00a0<\/span>Come emerge dall\u2019informativa del Comando di Polizia locale, i proprietari dei fondi o terreni confinanti con le strade pubbliche devono provvedere a mantenere le siepi e le alberature, comprese le piante di alto fusto e ogni altro tipo di vegetazione. Piante che dovranno essere regolate, in maniera da evitare restringimenti della strada, garantire la visibilit\u00e0 e la sicurezza della circolazione, assicurare la piena visibilit\u00e0 e leggibilit\u00e0 della segnaletica stradale.<span class=\"gmail-Apple-converted-space\"> \u00a0<\/span>Inoltre, gli stessi proprietari sono tenuti a rimuovere gli alberi piantati in terreni laterali o le ramaglie di qualsiasi specie e dimensioni che, per effetto di intemperie o per qualsiasi altra causa, cadano sul piano stradale. In caso contrario, \u00e8 prevista una sanzione amministrativa da 25 a 500 euro.<span class=\"gmail-Apple-converted-space\">\u00a0<\/span><\/p>\n<p>&nbsp;<\/p>\n<p>&nbsp;<\/p>\n<hr \/>\n<p>&nbsp;<\/p>\n<blockquote>\n<h3>CONSIGLIO DELL&#8217;UNIONE MONTANA AGORDINA<\/h3>\n<\/blockquote>\n<p><strong>AGORDO<\/strong> Il presidente dell&#8217;Unione Montana Agordina Paolo Frena ha convocato il consiglio in sala Don Tamis per luned\u00ec alle 20. Sono cinque i punti da discutere, tra questi la presa d&#8217;atto dei nuovi consiglieri dei comuni di Canale D&#8217;Agordo e Cencenighe, l&#8217;accordo quadro tra Casa di Soggiorno di Taibon ed ASCA e il rinnovo della convenzione per la gestione del comitato di pari opportunit\u00e0<\/p>\n<p>&nbsp;<\/p>\n<p>&nbsp;<\/p>\n<hr \/>\n<p>&nbsp;<\/p>\n<blockquote>\n<h3>TRE PUNTI NEL CONSIGLIO COMUNALE DI CENCENIGHE<\/h3>\n<\/blockquote>\n<p><strong>CENCENIGHE<\/strong> Il sindaco Mauro Soppelsa ha convocato i consiglieri comunali per luned\u00ec alle 20:30. Oltre all&#8217;approvazione della seduta precedente, si parler\u00e0 del rendiconto della gestione per l&#8217;esercizio finanziario 2022 e l&#8217;approvazione dello schema di convenzione cin il bacino &#8220;dolomiti Bellunesi&#8221; e BIM GSP per interventi urgenti all&#8217;acquedotto di Collaz-Bolp<\/p>\n<p>&nbsp;<\/p>\n<p>&nbsp;<\/p>\n<hr \/>\n<p>&nbsp;<\/p>\n<blockquote>\n<h3>MARTEDI&#8217; CONSIGLIO COMUNALE A SAN TOMASO<\/h3>\n<\/blockquote>\n<p><strong>SAN TOMASO<\/strong> Si svolger\u00e0 marted\u00ec alle 20 il consiglio comunale di San Tomaso. Il sindaco Moreno De Val ha chiamato a rapporto i consiglieri per trattare quattro punti tra cui due variazioni a bilancio e l&#8217;approvazione del regolamento di concessione dell&#8217;Arena 1082<\/p>\n<p>&nbsp;<\/p>\n<p>&nbsp;<\/p>\n<hr \/>\n<p>&nbsp;<\/p>\n<blockquote>\n<h3>IL SECONDO CONSIGLIO COMUNALE DI CANALE D&#8217;AGORDO IN POCHI GIORNI<\/h3>\n<\/blockquote>\n<p><strong>CANALE D&#8217;AGORDO<\/strong> Il sindaco di Canale D&#8217;Agordo Massimo Murer ha convocato i consiglieri comunali per mercoled\u00ec 14 giugno alle 20. Quattro i punti da discutere tra cui la nomina dei componenti della commissione elettorale comunale, l&#8217;approvazione del rediconto di gestione 2022 e la presentazione delle linee programmatiche relative alle azioni e progetti da realizzare nel corso del mandato.<\/p>\n<p>&nbsp;<\/p>\n<p>&nbsp;<\/p>\n<hr \/>\n<p>&nbsp;<\/p>\n<blockquote>\n<h3>CGIL, CISL, UIL: VENERDI&#8217; UNA CONFERENZA STAMPA SULLE OLIMPIADI<\/h3>\n<\/blockquote>\n<p><strong><a class=\"dt-pswp-item\" href=\"https:\/\/www.radiopiu.net\/wordpress\/wp-content\/uploads\/2020\/03\/SINDACATI.jpg\" data-dt-img-description=\"\" data-large_image_width=\"2048\" data-large_image_height=\"2048\"><img loading=\"lazy\" decoding=\"async\" class=\" wp-image-121809 alignleft\" src=\"https:\/\/www.radiopiu.net\/wordpress\/wp-content\/uploads\/2020\/03\/SINDACATI-300x300.jpg\" alt=\"\" width=\"110\" height=\"110\" srcset=\"https:\/\/www.radiopiu.net\/wordpress\/wp-content\/uploads\/2020\/03\/SINDACATI-300x300.jpg 300w, https:\/\/www.radiopiu.net\/wordpress\/wp-content\/uploads\/2020\/03\/SINDACATI-1024x1024.jpg 1024w, https:\/\/www.radiopiu.net\/wordpress\/wp-content\/uploads\/2020\/03\/SINDACATI-150x150.jpg 150w, https:\/\/www.radiopiu.net\/wordpress\/wp-content\/uploads\/2020\/03\/SINDACATI-768x768.jpg 768w, https:\/\/www.radiopiu.net\/wordpress\/wp-content\/uploads\/2020\/03\/SINDACATI-1536x1536.jpg 1536w, https:\/\/www.radiopiu.net\/wordpress\/wp-content\/uploads\/2020\/03\/SINDACATI.jpg 2048w\" sizes=\"auto, (max-width: 110px) 100vw, 110px\" \/><\/a>BELLUNO <\/strong><span style=\"color: #000000; font-family: Helvetica;\">Le Segreterie territoriali di Cgil, Cisl e Uil ritengono che i Giochi olimpici invernali del 2026 possano e debbano rappresentare una importante occasione di sviluppo, promozione, messa in sicurezza, riqualificazione e rilancio del territorio bellunese all\u2019interno di coordinate di sostenibilit\u00e0 e di lascito per il territorio, che rispondano realmente ai canoni e ai principi che il Comitato Olimpico Internazionale definisce come fondamentali per le manifestazioni sportive, a partire proprio dai Giochi del 2026 e da quelli successivi.\u00a0 <\/span><span style=\"color: #000000; font-family: Helvetica;\">Il tema sar\u00e0 al centro di una conferenza stampa unitaria di Cgil Belluno, Cisl Belluno Treviso e Uil Belluno che si terr\u00e0 venerd\u00ec alle 11.00 nella sede Cisl di Belluno, in via Vittorio Veneto, 284.<\/span><\/p>\n<p>&nbsp;<\/p>\n<p>&nbsp;<\/p>\n<hr \/>\n<p>&nbsp;<\/p>\n<blockquote>\n<h3>FAGIOLO \u201cMAME FELTRINE\u201d: IMPORTANTE RICONOSCIMENTO DA PARTE DEL MINISTERO DELL\u2019AGRICOLTURA<\/h3>\n<\/blockquote>\n<p><strong><a class=\"dt-pswp-item\" href=\"https:\/\/www.radiopiu.net\/wordpress\/wp-content\/uploads\/2023\/06\/IIS-Feltre-colt-fagioli-Sanson-RID.jpg\" data-dt-img-description=\"\" data-large_image_width=\"1024\" data-large_image_height=\"768\"><img loading=\"lazy\" decoding=\"async\" class=\" wp-image-339198 alignleft\" src=\"https:\/\/www.radiopiu.net\/wordpress\/wp-content\/uploads\/2023\/06\/IIS-Feltre-colt-fagioli-Sanson-RID-300x225.jpg\" alt=\"\" width=\"159\" height=\"119\" srcset=\"https:\/\/www.radiopiu.net\/wordpress\/wp-content\/uploads\/2023\/06\/IIS-Feltre-colt-fagioli-Sanson-RID-300x225.jpg 300w, https:\/\/www.radiopiu.net\/wordpress\/wp-content\/uploads\/2023\/06\/IIS-Feltre-colt-fagioli-Sanson-RID-768x576.jpg 768w, https:\/\/www.radiopiu.net\/wordpress\/wp-content\/uploads\/2023\/06\/IIS-Feltre-colt-fagioli-Sanson-RID.jpg 1024w\" sizes=\"auto, (max-width: 159px) 100vw, 159px\" \/><\/a>FELTRE <\/strong>Salgono ufficialmente a cinque gli ecotipi di fagiolo bellunesi, oltre ai Lamon gi\u00e0 certificati IGP, quelli riconosciuti e iscritti nell&#8217;Elenco Nazionale dei Prodotti Agroalimentari Tradizionali (P.A.T.). Oltre al Fagiolo bala rossa feltrina, al Fagiolo bon\u00e8l di Fonzaso, al Fagiolo gial\u00e9t, alle Mame d&#8217;Alpago, dallo scorso 22 maggio con Decreto del Ministro dell&#8217;Agricoltura, si sono aggiunte finalmente anche delle Mame feltrine. Esistono localmente molti altri ecotipi di fagiolo, tuttavia quelli elencati, sono dotati una loro precisa e definita integrit\u00e0 e dinamicit\u00e0 genetica, tra i pi\u00f9 diffusi e coltivati e grazie a studi condotti con metodo scientifico, sono oggi provvisti di propria distintiva &#8220;carta d&#8217;identit\u00e0&#8221;.<\/p>\n<p>&nbsp;<\/p>\n<p>&nbsp;<\/p>\n<hr \/>\n<p>&nbsp;<\/p>\n<blockquote>\n<h3>IL RITORNO DI LUNGARDO IN FEST \u00c8 STATO UN SUCCESSO<\/h3>\n<\/blockquote>\n<p><strong><a class=\"dt-pswp-item\" href=\"https:\/\/www.radiopiu.net\/wordpress\/wp-content\/uploads\/2023\/06\/Casa-Polit-a-Lungardo-In-Fest.jpeg\" data-dt-img-description=\"\" data-large_image_width=\"2048\" data-large_image_height=\"1532\"><img loading=\"lazy\" decoding=\"async\" class=\" wp-image-339224 alignleft\" src=\"https:\/\/www.radiopiu.net\/wordpress\/wp-content\/uploads\/2023\/06\/Casa-Polit-a-Lungardo-In-Fest-300x224.jpeg\" alt=\"\" width=\"135\" height=\"101\" srcset=\"https:\/\/www.radiopiu.net\/wordpress\/wp-content\/uploads\/2023\/06\/Casa-Polit-a-Lungardo-In-Fest-300x224.jpeg 300w, https:\/\/www.radiopiu.net\/wordpress\/wp-content\/uploads\/2023\/06\/Casa-Polit-a-Lungardo-In-Fest-1024x766.jpeg 1024w, https:\/\/www.radiopiu.net\/wordpress\/wp-content\/uploads\/2023\/06\/Casa-Polit-a-Lungardo-In-Fest-768x575.jpeg 768w, https:\/\/www.radiopiu.net\/wordpress\/wp-content\/uploads\/2023\/06\/Casa-Polit-a-Lungardo-In-Fest-1536x1149.jpeg 1536w, https:\/\/www.radiopiu.net\/wordpress\/wp-content\/uploads\/2023\/06\/Casa-Polit-a-Lungardo-In-Fest.jpeg 2048w\" sizes=\"auto, (max-width: 135px) 100vw, 135px\" \/><\/a>BELLUNO <\/strong>La giornata di festa organizzata da Societ\u00e0 Nuova lo scorso 27 maggio ha fatto il pieno di partecipanti. Circa 3.000 le persone che sono passate in via Lungardo per la festa che, dopo quattro anni di stop forzato causa Covid, \u00e8 tornata ad animare il piazzale del Centro Diurno Borgo 77. Scopo dell\u2019evento: far conoscere alla comunit\u00e0 bellunese i tanti servizi che la Cooperativa offre. Sono stati proprio loro, i Servizi di Societ\u00e0 Nuova, i protagonisti della Lungardo In Fest. Nove postazioni allestite con fotografie e video che hanno promosso le attivit\u00e0 di ciascuno.<\/p>\n<p>&nbsp;<\/p>\n<p>&nbsp;<\/p>\n<hr \/>\n<p>&nbsp;<\/p>\n<h2><span style=\"color: #ff00ff;\">IERI ALLA RADIO\u00a0<\/span><\/h2>\n<h2><strong><a class=\"dt-pswp-item\" href=\"https:\/\/www.radiopiu.net\/wordpress\/wp-content\/uploads\/2023\/06\/riva-ron-2023.png\" data-dt-img-description=\"\" data-large_image_width=\"429\" data-large_image_height=\"319\"><img loading=\"lazy\" decoding=\"async\" class=\" wp-image-339185 alignleft\" src=\"https:\/\/www.radiopiu.net\/wordpress\/wp-content\/uploads\/2023\/06\/riva-ron-2023-300x223.png\" alt=\"\" width=\"157\" height=\"117\" srcset=\"https:\/\/www.radiopiu.net\/wordpress\/wp-content\/uploads\/2023\/06\/riva-ron-2023-300x223.png 300w, https:\/\/www.radiopiu.net\/wordpress\/wp-content\/uploads\/2023\/06\/riva-ron-2023.png 429w\" sizes=\"auto, (max-width: 157px) 100vw, 157px\" \/><\/a><\/strong><span style=\"color: #ffcc00;\">LA RIVA RON 2023 CON GIULIA SCHENA<\/span><\/h2>\n<p><strong>di Marco Gaz<\/strong><\/p>\n<p><strong>REDAZIONE<\/strong> Tutto pronto per l&#8217;edizione 2023 della Riva Ron, la gara di corsa campestre arrivata alla settima edizione e prima tappa del circuito Corri Poi. Iscrizioni aperte, due percorsi da 8 e 1,5 km. Abbiamo sentito uno degli organizzatori della gara, Giulia Schena<\/p>\n<p><strong>GIULIA SCHENA<\/strong><\/p>\n<audio class=\"wp-audio-shortcode\" id=\"audio-339180-7\" preload=\"none\" style=\"width: 100%;\" controls=\"controls\"><source type=\"audio\/mpeg\" src=\"https:\/\/www.radiopiu.net\/wordpress\/wp-content\/uploads\/2023\/06\/GIULIA-SCHENA-RIVA-RON-2023.mp3?_=7\" \/><a href=\"https:\/\/www.radiopiu.net\/wordpress\/wp-content\/uploads\/2023\/06\/GIULIA-SCHENA-RIVA-RON-2023.mp3\">https:\/\/www.radiopiu.net\/wordpress\/wp-content\/uploads\/2023\/06\/GIULIA-SCHENA-RIVA-RON-2023.mp3<\/a><\/audio>\n<p>&nbsp;<\/p>\n<h2><span style=\"color: #ff6600;\"><a class=\"dt-pswp-item\" href=\"https:\/\/www.radiopiu.net\/wordpress\/wp-content\/uploads\/2022\/11\/scuola-zaino.jpeg\" data-dt-img-description=\"\" data-large_image_width=\"626\" data-large_image_height=\"417\"><img loading=\"lazy\" decoding=\"async\" class=\" wp-image-306830 alignleft\" src=\"https:\/\/www.radiopiu.net\/wordpress\/wp-content\/uploads\/2022\/11\/scuola-zaino-300x200.jpeg\" alt=\"\" width=\"134\" height=\"89\" srcset=\"https:\/\/www.radiopiu.net\/wordpress\/wp-content\/uploads\/2022\/11\/scuola-zaino-300x200.jpeg 300w, https:\/\/www.radiopiu.net\/wordpress\/wp-content\/uploads\/2022\/11\/scuola-zaino.jpeg 626w\" sizes=\"auto, (max-width: 134px) 100vw, 134px\" \/><\/a>SE NON LA SMETTI TI MANDO DAL PRESIDE<\/span><\/h2>\n<p><strong>di Mirko Mezzacasa<\/strong><\/p>\n<p>con Maria Rosa Salmazo<\/p>\n<audio class=\"wp-audio-shortcode\" id=\"audio-339180-8\" preload=\"none\" style=\"width: 100%;\" controls=\"controls\"><source type=\"audio\/mpeg\" src=\"https:\/\/www.radiopiu.net\/wordpress\/wp-content\/uploads\/2023\/06\/se-non-la-smetti-numero-32-giugno.mp3?_=8\" \/><a href=\"https:\/\/www.radiopiu.net\/wordpress\/wp-content\/uploads\/2023\/06\/se-non-la-smetti-numero-32-giugno.mp3\">https:\/\/www.radiopiu.net\/wordpress\/wp-content\/uploads\/2023\/06\/se-non-la-smetti-numero-32-giugno.mp3<\/a><\/audio>\n<p>&nbsp;<\/p>\n<h2><a class=\"dt-pswp-item\" href=\"https:\/\/www.radiopiu.net\/wordpress\/wp-content\/uploads\/2023\/06\/EBAV.jpg\" data-dt-img-description=\"\" data-large_image_width=\"383\" data-large_image_height=\"180\"><img loading=\"lazy\" decoding=\"async\" class=\" wp-image-339190 alignleft\" src=\"https:\/\/www.radiopiu.net\/wordpress\/wp-content\/uploads\/2023\/06\/EBAV-300x141.jpg\" alt=\"\" width=\"177\" height=\"83\" srcset=\"https:\/\/www.radiopiu.net\/wordpress\/wp-content\/uploads\/2023\/06\/EBAV-300x141.jpg 300w, https:\/\/www.radiopiu.net\/wordpress\/wp-content\/uploads\/2023\/06\/EBAV.jpg 383w\" sizes=\"auto, (max-width: 177px) 100vw, 177px\" \/><\/a><span style=\"color: #008000;\">CISL E FEMCA CISL LA VOCE PER I LAVORATORI<\/span><\/h2>\n<p>07 giugno 2023<\/p>\n<p><strong>PUNTATA 24, EMANUELA DE FINA, OPERATRICE CISL BELLUNO TREVISO<\/strong><\/p>\n<audio class=\"wp-audio-shortcode\" id=\"audio-339180-9\" preload=\"none\" style=\"width: 100%;\" controls=\"controls\"><source type=\"audio\/mpeg\" src=\"https:\/\/www.radiopiu.net\/wordpress\/wp-content\/uploads\/2023\/06\/FEMCA-CISL.mp3?_=9\" \/><a href=\"https:\/\/www.radiopiu.net\/wordpress\/wp-content\/uploads\/2023\/06\/FEMCA-CISL.mp3\">https:\/\/www.radiopiu.net\/wordpress\/wp-content\/uploads\/2023\/06\/FEMCA-CISL.mp3<\/a><\/audio>\n<p>&nbsp;<\/p>\n<p><strong>LA RACCOLTA COMPLETA<\/strong><\/p>\n<blockquote class=\"wp-embedded-content\" data-secret=\"L2Ga6zQXvS\"><p><a href=\"https:\/\/www.radiopiu.net\/wordpress\/cisl-e-femca-cisl-la-vocef\/\">CISL E FEMCA CISL  LA VOCE PER I LAVORATORI<\/a><\/p><\/blockquote>\n<p><iframe loading=\"lazy\" class=\"wp-embedded-content\" sandbox=\"allow-scripts\" security=\"restricted\" style=\"position: absolute; clip: rect(1px, 1px, 1px, 1px);\" title=\"&#8220;CISL E FEMCA CISL  LA VOCE PER I LAVORATORI&#8221; &#8212; Radio Pi\u00f9\" src=\"https:\/\/www.radiopiu.net\/wordpress\/cisl-e-femca-cisl-la-vocef\/embed\/#?secret=Gb30Nug6GZ#?secret=L2Ga6zQXvS\" data-secret=\"L2Ga6zQXvS\" width=\"600\" height=\"338\" frameborder=\"0\" marginwidth=\"0\" marginheight=\"0\" scrolling=\"no\"><\/iframe><\/p>\n<p>&nbsp;<\/p>\n<hr \/>\n<p>&nbsp;<\/p>\n<blockquote>\n<h2 class=\"entry-title\" style=\"text-align: center;\"><span style=\"color: #ff0000;\">100 ANNI DI RADIO \u2013 40 ANNI DI RADIO PI\u00d9<\/span><\/h2>\n<\/blockquote>\n<p class=\"photoswipe-wrapper\"><a class=\"dt-pswp-item pspw-wrap-ready\" href=\"https:\/\/www.radiopiu.net\/wordpress\/wp-content\/uploads\/2023\/06\/Senza-nome-1.jpg\" data-dt-img-description=\"\" data-large_image_width=\"549\" data-large_image_height=\"429\"><img loading=\"lazy\" decoding=\"async\" class=\"size-medium wp-image-338505 alignleft\" src=\"https:\/\/www.radiopiu.net\/wordpress\/wp-content\/uploads\/2023\/06\/Senza-nome-1-300x234.jpg\" sizes=\"auto, (max-width: 300px) 100vw, 300px\" srcset=\"https:\/\/www.radiopiu.net\/wordpress\/wp-content\/uploads\/2023\/06\/Senza-nome-1-300x234.jpg 300w, https:\/\/www.radiopiu.net\/wordpress\/wp-content\/uploads\/2023\/06\/Senza-nome-1.jpg 549w\" alt=\"\" width=\"300\" height=\"234\" \/><\/a>Da quando l\u2019Eiar diede il via alla sua prima trasmissione radiofonica nel lontano 1923, sono trascorsi ben cento anni dalla nascita di un mezzo di comunicazione che ha segnato la storia dell\u2019umanit\u00e0. La radio, con la sua capacit\u00e0 di informare, intrattenere e connettere le persone, ha mantenuto la sua importanza nel corso dei decenni, adattandosi ai cambiamenti tecnologici e sociali. Dall\u2019Eiar alla Rai, dalle radio locali ai gruppi nazionali privati, fino alle moderne radio web, l\u2019evoluzione del panorama radiofonico ha seguito il mutare dei tempi. Sono stati quarant\u2019anni dalla nascita di Radio Pi\u00f9, emittente che ha saputo\u00a0<a class=\"dt-pswp-item pspw-wrap-ready\" href=\"https:\/\/www.radiopiu.net\/wordpress\/wp-content\/uploads\/2023\/06\/c4f41af3-b1f7-424a-a20c-3563652ec6a0.jpg\" data-dt-img-description=\"\" data-large_image_width=\"1024\" data-large_image_height=\"768\"><img loading=\"lazy\" decoding=\"async\" class=\"size-medium wp-image-338506 alignright\" src=\"https:\/\/www.radiopiu.net\/wordpress\/wp-content\/uploads\/2023\/06\/c4f41af3-b1f7-424a-a20c-3563652ec6a0-300x225.jpg\" sizes=\"auto, (max-width: 300px) 100vw, 300px\" srcset=\"https:\/\/www.radiopiu.net\/wordpress\/wp-content\/uploads\/2023\/06\/c4f41af3-b1f7-424a-a20c-3563652ec6a0-300x225.jpg 300w, https:\/\/www.radiopiu.net\/wordpress\/wp-content\/uploads\/2023\/06\/c4f41af3-b1f7-424a-a20c-3563652ec6a0-768x576.jpg 768w, https:\/\/www.radiopiu.net\/wordpress\/wp-content\/uploads\/2023\/06\/c4f41af3-b1f7-424a-a20c-3563652ec6a0.jpg 1024w\" alt=\"\" width=\"300\" height=\"225\" \/><\/a>raccontare il territorio e diventare un punto di riferimento per gli appassionati di musica, notizie e intrattenimento (foto in alto in esposizione a RADIOPIU della Pizzeria Costa, Canale d\u2019Agordo).\u00a0\u00a0<strong>Per celebrare il valore intramontabile della radio, Radio Pi\u00f9 ha organizzato un evento speciale. Sabato 24, domenica 25 e luned\u00ec 26, nella suggestiva cornice di Taibon Agordino, in Piazza San Rocco, si terr\u00e0 \u201cLa Mostra delle Radio \u2013 Dal Secolo Scorso ad Oggi\u201d. Un\u2019iniziativa unica, nata dall\u2019idea di Ivano Benvegn\u00f9, Franco Gnel Ben e Mirko Mezzacasa, che vuole ripercorrere la storia della radio attraverso le sue diverse epoche.<\/strong><\/p>\n<p class=\"photoswipe-wrapper\"><a class=\"dt-pswp-item pspw-wrap-ready\" href=\"https:\/\/www.radiopiu.net\/wordpress\/wp-content\/uploads\/2023\/06\/490861a5-5a3d-4404-8e46-65b0e77576bb.jpg\" data-dt-img-description=\"\" data-large_image_width=\"1500\" data-large_image_height=\"2000\"><img loading=\"lazy\" decoding=\"async\" class=\"size-medium wp-image-338508 alignleft\" src=\"https:\/\/www.radiopiu.net\/wordpress\/wp-content\/uploads\/2023\/06\/490861a5-5a3d-4404-8e46-65b0e77576bb-225x300.jpg\" sizes=\"auto, (max-width: 225px) 100vw, 225px\" srcset=\"https:\/\/www.radiopiu.net\/wordpress\/wp-content\/uploads\/2023\/06\/490861a5-5a3d-4404-8e46-65b0e77576bb-225x300.jpg 225w, https:\/\/www.radiopiu.net\/wordpress\/wp-content\/uploads\/2023\/06\/490861a5-5a3d-4404-8e46-65b0e77576bb-768x1024.jpg 768w, https:\/\/www.radiopiu.net\/wordpress\/wp-content\/uploads\/2023\/06\/490861a5-5a3d-4404-8e46-65b0e77576bb-1152x1536.jpg 1152w, https:\/\/www.radiopiu.net\/wordpress\/wp-content\/uploads\/2023\/06\/490861a5-5a3d-4404-8e46-65b0e77576bb.jpg 1500w\" alt=\"\" width=\"225\" height=\"300\" \/><\/a>La mostra sar\u00e0 un viaggio affascinante nel tempo, offrendo ai visitatori l\u2019opportunit\u00e0 di esplorare l\u2019evoluzione dei dispositivi radiofonici e delle trasmissioni nel corso dei decenni. Dagli antichi apparecchi a valvole fino ai moderni dispositivi digitali, sar\u00e0 possibile ammirare la tecnologia che ha reso possibile l\u2019ascolto delle voci e delle storie provenienti da tutto il mondo. Oltre alla componente tecnologica, la mostra metter\u00e0 in luce l\u2019impatto sociale e culturale della radio. Attraverso immagini, documenti d\u2019epoca e testimonianze, si cercher\u00e0 di trasmettere l\u2019importanza di questo mezzo di comunicazione nella vita quotidiana delle persone. La radio ha saputo accompagnare gli ascoltatori nelle loro giornate, diventando compagna di viaggio, fonte di informazione e stimolo per l\u2019immaginazione e il sogno. Radio Pi\u00f9, con la sua lunga storia nel panorama radiofonico, \u00e8 orgogliosa di celebrare l\u2019eredit\u00e0 della radio e il suo impatto duraturo sulla societ\u00e0. L\u2019evento in Piazza San Rocco rappresenta un\u2019occasione unica per rivivere i momenti salienti della radiofonia e per riflettere su come questo strumento abbia saputo evolversi e reinventarsi nel corso dei decenni. La radio continua ad essere un mezzo di comunicazione privilegiato, capace di creare un legame intimo tra le persone e di stimolare la fantasia. Proprio per questa ragione, Radio Pi\u00f9 invita tutti a partecipare a questa straordinaria mostra, per riscoprire insieme il fascino intramontabile della radio e per celebrare cento anni di storia e cultura radiofonica (foto a lato di Franco Ben)<\/p>\n<p>&nbsp;<\/p>\n<hr \/>\n<p>&nbsp;<\/p>\n<blockquote class=\"wp-embedded-content\" data-secret=\"doyd0F2XoX\"><p><a href=\"https:\/\/www.radiopiu.net\/wordpress\/sentimental-le-storie-damore-di-paola-lanciato\/\">SENTIMENTAL,\u00a0 &#8220;le storie d&#8217;amore&#8221; DI PAOLA LANCIATO<\/a><\/p><\/blockquote>\n<p><iframe loading=\"lazy\" class=\"wp-embedded-content\" sandbox=\"allow-scripts\" security=\"restricted\" style=\"position: absolute; clip: rect(1px, 1px, 1px, 1px);\" title=\"&#8220;SENTIMENTAL,\u00a0 &#8220;le storie d&#8217;amore&#8221; DI PAOLA LANCIATO&#8221; &#8212; Radio Pi\u00f9\" src=\"https:\/\/www.radiopiu.net\/wordpress\/sentimental-le-storie-damore-di-paola-lanciato\/embed\/#?secret=iggLbgzcjs#?secret=doyd0F2XoX\" data-secret=\"doyd0F2XoX\" width=\"600\" height=\"338\" frameborder=\"0\" marginwidth=\"0\" marginheight=\"0\" scrolling=\"no\"><\/iframe><\/p>\n<p>&nbsp;<\/p>\n<hr \/>\n<p>&nbsp;<\/p>\n<blockquote class=\"wp-embedded-content\" data-secret=\"qlPRkc3g9c\"><p><a href=\"https:\/\/www.radiopiu.net\/wordpress\/lad05\/\">&#8220;NCONTONSE&#8221; IN LADINO SU RADIO PI\u00d9, quinta   puntata<\/a><\/p><\/blockquote>\n<p><iframe loading=\"lazy\" class=\"wp-embedded-content\" sandbox=\"allow-scripts\" security=\"restricted\" style=\"position: absolute; clip: rect(1px, 1px, 1px, 1px);\" title=\"&#8220;&#8220;NCONTONSE&#8221; IN LADINO SU RADIO PI\u00d9, quinta   puntata&#8221; &#8212; Radio Pi\u00f9\" src=\"https:\/\/www.radiopiu.net\/wordpress\/lad05\/embed\/#?secret=jiLChlfQqg#?secret=qlPRkc3g9c\" data-secret=\"qlPRkc3g9c\" width=\"600\" height=\"338\" frameborder=\"0\" marginwidth=\"0\" marginheight=\"0\" scrolling=\"no\"><\/iframe><\/p>\n<p>&nbsp;<\/p>\n<hr \/>\n<p>&nbsp;<\/p>\n<blockquote class=\"wp-embedded-content\" data-secret=\"Vc7uBslxuq\"><p><a href=\"https:\/\/www.radiopiu.net\/wordpress\/rimasti-piu-avanti-alla-scoperta-della-musica-bellunese-con-marco-v-dal-farra\/\">&#8220;RIMASTI PIU&#8217; AVANTI&#8221;, ALLA SCOPERTA DELLA MUSICA BELLUNESE CON MARCO V. DAL FARRA<\/a><\/p><\/blockquote>\n<p><iframe loading=\"lazy\" class=\"wp-embedded-content\" sandbox=\"allow-scripts\" security=\"restricted\" style=\"position: absolute; clip: rect(1px, 1px, 1px, 1px);\" title=\"&#8220;&#8220;RIMASTI PIU&#8217; AVANTI&#8221;, ALLA SCOPERTA DELLA MUSICA BELLUNESE CON MARCO V. DAL FARRA&#8221; &#8212; Radio Pi\u00f9\" src=\"https:\/\/www.radiopiu.net\/wordpress\/rimasti-piu-avanti-alla-scoperta-della-musica-bellunese-con-marco-v-dal-farra\/embed\/#?secret=a5SwkvOg74#?secret=Vc7uBslxuq\" data-secret=\"Vc7uBslxuq\" width=\"600\" height=\"338\" frameborder=\"0\" marginwidth=\"0\" marginheight=\"0\" scrolling=\"no\"><\/iframe><\/p>\n<p>&nbsp;<\/p>\n<hr \/>\n<p>&nbsp;<\/p>\n<p>&nbsp;<\/p>\n<p>Politica Italiana Rancorosa&#8221;<\/p>\n<p>&nbsp;<\/p>\n<p><strong>L&#8217;OPINIONE\u00a0<\/strong><\/p>\n<blockquote>\n<h3>RANCOROSA POLITICA ITALICA<\/h3>\n<\/blockquote>\n<p><strong>DI FRANCO PIACENTINI_FELTRE<\/strong><\/p>\n<p>Il numero dei votanti, all&#8217;ultimo ballottaggio delle elezioni amministrative, purtroppo, ha confermato le preoccupanti precedenti percentuali che, da anni, non superano il 50% degli aventi diritto al voto. Pertanto nessuno degli eletti ad amministrare e nemmeno nessuno dell&#8217;opposizione, possono affermare di rappresentare il &#8220;popolo nel suo insieme numerico&#8221;. Sono delle minoranze nei governi delle pubbliche amministrazioni e nelle opposizioni parlamentari. Innegabile la tristezza della politica italiana. La\u00a0 disaffezione elettorale \u00e8 la inevitabile conseguenza della cattiveria politica che caratterizza il rapporto tra le forze politiche. Quasi tutti i giorni, l&#8217;opinione pubblica registra, con rabbia e delusione, alla velenosa dialettica (in molte situazioni con connotati di odio personale) tra un buon numero di politici, che non hanno alcuna sensibilit\u00e0 nel reciproco rispetto e tantomeno nella osservanza dei valori costituzionali. Se questa negativa situazione non cambier\u00e0 velocemente, il Paese scivoler\u00e0 nel baratro della cattiveria politica. I \u201cpolitici cattivi\u201d, umilmente, dovrebbero recarsi a Barbiana, percorrendo il Sentiero della Costituzione, per valorizzare ed applicare quotidianamente l\u2019insegnamento di Don Lorenzo Milani: \u201cI Care\u201d, \u00a0mi stanno a cuore il bene del Paese e il rispetto delle persone.<\/p>\n<p>&nbsp;<\/p>\n<p>&nbsp;<\/p>\n<p>&nbsp;<\/p>\n<hr \/>\n<p>&nbsp;<\/p>\n<p><a class=\"dt-pswp-item\" href=\"https:\/\/www.radiopiu.net\/wordpress\/wp-content\/uploads\/2023\/05\/07b370aa-6c88-4a9c-929f-e4e6e20e615b.jpg\" data-dt-img-description=\"\" data-large_image_width=\"832\" data-large_image_height=\"1024\"><img loading=\"lazy\" decoding=\"async\" class=\"size-medium wp-image-337511 aligncenter\" src=\"https:\/\/www.radiopiu.net\/wordpress\/wp-content\/uploads\/2023\/05\/07b370aa-6c88-4a9c-929f-e4e6e20e615b-244x300.jpg\" alt=\"\" width=\"244\" height=\"300\" srcset=\"https:\/\/www.radiopiu.net\/wordpress\/wp-content\/uploads\/2023\/05\/07b370aa-6c88-4a9c-929f-e4e6e20e615b-244x300.jpg 244w, https:\/\/www.radiopiu.net\/wordpress\/wp-content\/uploads\/2023\/05\/07b370aa-6c88-4a9c-929f-e4e6e20e615b-768x945.jpg 768w, https:\/\/www.radiopiu.net\/wordpress\/wp-content\/uploads\/2023\/05\/07b370aa-6c88-4a9c-929f-e4e6e20e615b.jpg 832w\" sizes=\"auto, (max-width: 244px) 100vw, 244px\" \/><\/a><\/p>\n<blockquote>\n<h3>TORNA IL &#8220;MINIERE SUNSET&#8221; NELL&#8217;ESTATE DEL CAFFE&#8217; MINIERE DI AGORDO<\/h3>\n<\/blockquote>\n<p><strong><a class=\"dt-pswp-item\" href=\"https:\/\/www.radiopiu.net\/wordpress\/wp-content\/uploads\/2023\/05\/SCR-20230525-kofy.jpeg\" data-dt-img-description=\"\" data-large_image_width=\"1166\" data-large_image_height=\"646\"><img loading=\"lazy\" decoding=\"async\" class=\" wp-image-337439 alignleft\" src=\"https:\/\/www.radiopiu.net\/wordpress\/wp-content\/uploads\/2023\/05\/SCR-20230525-kofy-300x166.jpeg\" alt=\"\" width=\"154\" height=\"85\" srcset=\"https:\/\/www.radiopiu.net\/wordpress\/wp-content\/uploads\/2023\/05\/SCR-20230525-kofy-300x166.jpeg 300w, https:\/\/www.radiopiu.net\/wordpress\/wp-content\/uploads\/2023\/05\/SCR-20230525-kofy-1024x567.jpeg 1024w, https:\/\/www.radiopiu.net\/wordpress\/wp-content\/uploads\/2023\/05\/SCR-20230525-kofy-768x425.jpeg 768w, https:\/\/www.radiopiu.net\/wordpress\/wp-content\/uploads\/2023\/05\/SCR-20230525-kofy.jpeg 1166w\" sizes=\"auto, (max-width: 154px) 100vw, 154px\" \/><\/a>AGORDO<\/strong> Si torna a ballare nell&#8217;estate 2023. Il Caff\u00e8 Miniere di Agordo organizza il &#8220;Miniere Sunset&#8221;, un appuntamento a cadenza mensile con cocktail bar e DJ Set dalle 18 alle 24. Tre mercoled\u00ec di festa. Il 14 giugno con DJ Jack &amp; RDJ, il 19 luglio e il 30 agosto con Morgan &amp; Battaglia DJ&#8217;s. Tutte le serate saranno in diretta su Radio Pi\u00f9 con ospiti a sorpresa.<\/p>\n<p>&nbsp;<\/p>\n<div class=\"page-title-breadcrumbs\">\n<p>&nbsp;<\/p>\n<p>&nbsp;<\/p>\n<hr \/>\n<p>&nbsp;<\/p>\n<h2><span style=\"color: #ff0000;\">GLI APPUNTAMENTI DELLA SETTIMANA<\/span><\/h2>\n<blockquote>\n<blockquote>\n<h3><a class=\"dt-pswp-item\" href=\"https:\/\/www.radiopiu.net\/wordpress\/wp-content\/uploads\/2021\/06\/ebe0e140-b21f-4a97-a898-717eb7fd126f.jpg\" data-dt-img-description=\"\" data-large_image_width=\"2000\" data-large_image_height=\"1500\"><img loading=\"lazy\" decoding=\"async\" class=\" wp-image-215869 alignleft\" src=\"https:\/\/www.radiopiu.net\/wordpress\/wp-content\/uploads\/2021\/06\/ebe0e140-b21f-4a97-a898-717eb7fd126f-300x225.jpg\" alt=\"\" width=\"241\" height=\"181\" srcset=\"https:\/\/www.radiopiu.net\/wordpress\/wp-content\/uploads\/2021\/06\/ebe0e140-b21f-4a97-a898-717eb7fd126f-300x225.jpg 300w, https:\/\/www.radiopiu.net\/wordpress\/wp-content\/uploads\/2021\/06\/ebe0e140-b21f-4a97-a898-717eb7fd126f-1024x768.jpg 1024w, https:\/\/www.radiopiu.net\/wordpress\/wp-content\/uploads\/2021\/06\/ebe0e140-b21f-4a97-a898-717eb7fd126f-768x576.jpg 768w, https:\/\/www.radiopiu.net\/wordpress\/wp-content\/uploads\/2021\/06\/ebe0e140-b21f-4a97-a898-717eb7fd126f-1536x1152.jpg 1536w, https:\/\/www.radiopiu.net\/wordpress\/wp-content\/uploads\/2021\/06\/ebe0e140-b21f-4a97-a898-717eb7fd126f.jpg 2000w\" sizes=\"auto, (max-width: 241px) 100vw, 241px\" \/><\/a>SANT&#8217;ANTONIO&#8230; LA SAGRA A RIVAMONTE!<\/h3>\n<\/blockquote>\n<p><strong>VENERDI 9 GIUGNO<\/strong> ALLE 17 APERTURA TENDONE, SERATA BAVARESE CON LA SPRITZ BAND; <strong>SABATO 10<\/strong> DALLE 17 DJ MORGAN E BATTAGLIA, AL CHIOSCO FANTASIOSI COCKTAIL. IN SERATA LA MUSICA DI WILMER, GNOCH CO LA POINA E ALTRE SPECIALITA&#8217;, DALLA MEZZANOTTE DJ MORGAN A BATTAGLIA.<strong> DOMENICA 11<\/strong> IL TENDONE APRE ALLE 9, ALLE 10 LA CORSA PODISTICA RIVARON, DALLE 12 SI MANGIA, POMERIGGIO CON DJ BISSO E IN SERATA L&#8217;ORCHESTRA PIERETTE ENSAMBLE. PER I BIMBI LA NOVITA&#8217; BUBBLE TEA. <strong>LUNEDI SERA<\/strong> IL TENDONE APRE ALLE 17, IN SERATA SI BALLA CON EROS E KARIN.<strong> MARTEDI 13<\/strong> IL GIORNO SI SANT&#8217;ANTONIO, UNA LUNGA GIORNATA DI FESTA CON IL BALLO FINALE DELLA TUA IDEA. SANT&#8217;ANTONIO, LA SAGRA, CON LA PROLOCO DI RIVAMONTE.<\/p><\/blockquote>\n<p>&nbsp;<\/p>\n<p><strong>L&#8217;INTERVISTA<\/strong><\/p>\n<p><strong><a class=\"dt-pswp-item\" href=\"https:\/\/www.radiopiu.net\/wordpress\/wp-content\/uploads\/2023\/02\/giacomo-bressan.png\" data-dt-img-description=\"\" data-large_image_width=\"622\" data-large_image_height=\"430\"><img loading=\"lazy\" decoding=\"async\" class=\" wp-image-324033 alignleft\" src=\"https:\/\/www.radiopiu.net\/wordpress\/wp-content\/uploads\/2023\/02\/giacomo-bressan-300x207.png\" alt=\"\" width=\"151\" height=\"104\" srcset=\"https:\/\/www.radiopiu.net\/wordpress\/wp-content\/uploads\/2023\/02\/giacomo-bressan-300x207.png 300w, https:\/\/www.radiopiu.net\/wordpress\/wp-content\/uploads\/2023\/02\/giacomo-bressan.png 622w\" sizes=\"auto, (max-width: 151px) 100vw, 151px\" \/><\/a>di Mirko Mezzacasa<\/strong><\/p>\n<p>OSPITE: Giacomo Bressan, presidente della Pro Loco Rivamonte<\/p>\n<audio class=\"wp-audio-shortcode\" id=\"audio-339180-10\" preload=\"none\" style=\"width: 100%;\" controls=\"controls\"><source type=\"audio\/mpeg\" src=\"https:\/\/www.radiopiu.net\/wordpress\/wp-content\/uploads\/2023\/05\/giacomo-bressan-proloco-rivamonte-sanantosnio-1.mp3?_=10\" \/><a href=\"https:\/\/www.radiopiu.net\/wordpress\/wp-content\/uploads\/2023\/05\/giacomo-bressan-proloco-rivamonte-sanantosnio-1.mp3\">https:\/\/www.radiopiu.net\/wordpress\/wp-content\/uploads\/2023\/05\/giacomo-bressan-proloco-rivamonte-sanantosnio-1.mp3<\/a><\/audio>\n<p>&nbsp;<\/p>\n<hr \/>\n<p>&nbsp;<\/p>\n<blockquote>\n<h3>DOMANI LA PRESENTAZIONE DEL LIBRO SULLE PREALPI BELLUNESI<\/h3>\n<\/blockquote>\n<p><strong>BORGO VALBELLUNA<\/strong> Si parler\u00e0 di paesaggio, domani alle 20.30, al Palazzo delle Contesse di Mel \u2013 Borgo Valbelluna, in occasione della presentazione del libro dal titolo \u201cPrealpi bellunesi. Piccolo atlante del paesaggio. Borgo Valbelluna \u2013 Limana\u201d.<\/p>\n<p>&nbsp;<\/p>\n<p>&nbsp;<\/p>\n<hr \/>\n<p>&nbsp;<\/p>\n<blockquote>\n<h3>SABATO A BELLUNO IL CONCERTO DI COMPLEANNO DELLA FILARMONICA<\/h3>\n<\/blockquote>\n<p><strong>BELLUNO<\/strong> Sabato alle 18:30, alla Scuola Gabelli di Belluno, la Filamonica di Belluno festegger\u00e0 il 156\u00b0 anniversario dalla fondazione con un concerto. Per l&#8217;occasione sar\u00e0 possibile visitare la scuola e i giardini dalle 16 alle 18<\/p>\n<p>&nbsp;<\/p>\n<p>&nbsp;<\/p>\n<hr \/>\n<p>&nbsp;<\/p>\n<blockquote>\n<h3>LA TRAVERSATA DEL MONTE BALDO CON IL CAI DI AGORDO<\/h3>\n<\/blockquote>\n<p><strong>AGORDO\u00a0<\/strong>Sabato e domenica trasferta sul Monte Baldo in terra veronese per il CAI di Agordo. Il Monte Baldo che si erge tra il fiume Adige ed il lago di Garda si trova in una posizione strategica di raro interesse, \u00e8 stato testimone nel tempo di grandi eventi che hanno segnato la storia e risulta essere un\u2019oasi naturalistica intatta. Escursione riservata solo per coloro che si sono iscritti nei tempi previsti<\/p>\n<p>&nbsp;<\/p>\n<p>&nbsp;<\/p>\n<hr \/>\n<p>&nbsp;<\/p>\n<p><strong>REDAZIONE<\/strong> Cinque giorni di gare al circolo polare artico. Una competizione a tappe in un&#8217;isola che in questo periodo ha luce 24 ore al giorno. Nonostante si collochi nel circolo polare artico, l&#8217;islanda \u00e8 un&#8217;isola verde e William Da Roit assieme a Federico De Col gareggeranno per scoprire questo posto da favola.<\/p>\n<p>CON LA COLLABORAZIONE DI FEDERICO DE\u00a0 COL<\/p>\n<p>&nbsp;<\/p>\n<p><strong><span style=\"color: #ff0000;\">PUNTATA 05 &#8211; IL BUONGIORNO DALL&#8217;ISLANDA, con William Da Roit &#8211; QUARTA TAPPA<\/span><\/strong><\/p>\n<audio class=\"wp-audio-shortcode\" id=\"audio-339180-11\" preload=\"none\" style=\"width: 100%;\" controls=\"controls\"><source type=\"audio\/mpeg\" src=\"https:\/\/www.radiopiu.net\/wordpress\/wp-content\/uploads\/2023\/06\/william.mp3?_=11\" \/><a href=\"https:\/\/www.radiopiu.net\/wordpress\/wp-content\/uploads\/2023\/06\/william.mp3\">https:\/\/www.radiopiu.net\/wordpress\/wp-content\/uploads\/2023\/06\/william.mp3<\/a><\/audio>\n<p>&nbsp;<\/p>\n\n\t\t\t<style type='text\/css'>\n\t\t\t\t#gallery-4 {\n\t\t\t\t\tmargin: auto;\n\t\t\t\t}\n\t\t\t\t#gallery-4 .gallery-item {\n\t\t\t\t\tfloat: left;\n\t\t\t\t\tmargin-top: 10px;\n\t\t\t\t\ttext-align: center;\n\t\t\t\t\twidth: 33%;\n\t\t\t\t}\n\t\t\t\t#gallery-4 img {\n\t\t\t\t\tborder: 2px solid #cfcfcf;\n\t\t\t\t}\n\t\t\t\t#gallery-4 .gallery-caption {\n\t\t\t\t\tmargin-left: 0;\n\t\t\t\t}\n\t\t\t\t\/* see gallery_shortcode() in wp-includes\/media.php *\/\n\t\t\t<\/style>\n\t\t<div id='gallery-4' class='dt-gallery-container gallery galleryid-339180 gallery-columns-3 gallery-size-thumbnail'><dl class='gallery-item'>\n\t\t\t\t<dt class='gallery-icon portrait'>\n\t\t\t\t\t<a class=\"rollover rollover-zoom dt-pswp-item\" title=\"077044b4-abb4-4eba-8cc8-24e1052f4653\" data-dt-img-description=\"\" data-large_image_width=\"768\" data-large_image_height=\"1024\"href='https:\/\/www.radiopiu.net\/wordpress\/wp-content\/uploads\/2023\/06\/077044b4-abb4-4eba-8cc8-24e1052f4653.jpg'><img loading=\"lazy\" decoding=\"async\" width=\"150\" height=\"150\" src=\"https:\/\/www.radiopiu.net\/wordpress\/wp-content\/uploads\/2023\/06\/077044b4-abb4-4eba-8cc8-24e1052f4653-150x150.jpg\" class=\"attachment-thumbnail size-thumbnail\" alt=\"\" \/><\/a>\n\t\t\t\t<\/dt><\/dl><dl class='gallery-item'>\n\t\t\t\t<dt class='gallery-icon landscape'>\n\t\t\t\t\t<a class=\"rollover rollover-zoom dt-pswp-item\" title=\"4653ebed-b0f6-4962-8d83-6781596fa4fd\" data-dt-img-description=\"\" data-large_image_width=\"940\" data-large_image_height=\"547\"href='https:\/\/www.radiopiu.net\/wordpress\/wp-content\/uploads\/2023\/06\/4653ebed-b0f6-4962-8d83-6781596fa4fd.jpg'><img loading=\"lazy\" decoding=\"async\" width=\"150\" height=\"150\" src=\"https:\/\/www.radiopiu.net\/wordpress\/wp-content\/uploads\/2023\/06\/4653ebed-b0f6-4962-8d83-6781596fa4fd-150x150.jpg\" class=\"attachment-thumbnail size-thumbnail\" alt=\"\" \/><\/a>\n\t\t\t\t<\/dt><\/dl>\n\t\t\t\t<br style='clear: both' \/>\n\t\t\t<\/div>\n\n<p>&nbsp;<\/p>\n<p><span style=\"color: #ff0000;\"><strong>PUNTATA 04 &#8211; TERZA TAPPA RUN ISLAND<\/strong><\/span><\/p>\n<audio class=\"wp-audio-shortcode\" id=\"audio-339180-12\" preload=\"none\" style=\"width: 100%;\" controls=\"controls\"><source type=\"audio\/mpeg\" src=\"https:\/\/www.radiopiu.net\/wordpress\/wp-content\/uploads\/2023\/06\/federico-3.mp3?_=12\" \/><a href=\"https:\/\/www.radiopiu.net\/wordpress\/wp-content\/uploads\/2023\/06\/federico-3.mp3\">https:\/\/www.radiopiu.net\/wordpress\/wp-content\/uploads\/2023\/06\/federico-3.mp3<\/a><\/audio>\n<p>&nbsp;<\/p>\n\n\t\t\t<style type='text\/css'>\n\t\t\t\t#gallery-5 {\n\t\t\t\t\tmargin: auto;\n\t\t\t\t}\n\t\t\t\t#gallery-5 .gallery-item {\n\t\t\t\t\tfloat: left;\n\t\t\t\t\tmargin-top: 10px;\n\t\t\t\t\ttext-align: center;\n\t\t\t\t\twidth: 33%;\n\t\t\t\t}\n\t\t\t\t#gallery-5 img {\n\t\t\t\t\tborder: 2px solid #cfcfcf;\n\t\t\t\t}\n\t\t\t\t#gallery-5 .gallery-caption {\n\t\t\t\t\tmargin-left: 0;\n\t\t\t\t}\n\t\t\t\t\/* see gallery_shortcode() in wp-includes\/media.php *\/\n\t\t\t<\/style>\n\t\t<div id='gallery-5' class='dt-gallery-container gallery galleryid-339180 gallery-columns-3 gallery-size-thumbnail'><dl class='gallery-item'>\n\t\t\t\t<dt class='gallery-icon portrait'>\n\t\t\t\t\t<a class=\"rollover rollover-zoom dt-pswp-item\" title=\"9e3de7ea-f11f-404d-b794-21c8f9d9ec02\" data-dt-img-description=\"\" data-large_image_width=\"1200\" data-large_image_height=\"1600\"href='https:\/\/www.radiopiu.net\/wordpress\/wp-content\/uploads\/2023\/06\/9e3de7ea-f11f-404d-b794-21c8f9d9ec02.jpg'><img loading=\"lazy\" decoding=\"async\" width=\"150\" height=\"150\" src=\"https:\/\/www.radiopiu.net\/wordpress\/wp-content\/uploads\/2023\/06\/9e3de7ea-f11f-404d-b794-21c8f9d9ec02-150x150.jpg\" class=\"attachment-thumbnail size-thumbnail\" alt=\"\" \/><\/a>\n\t\t\t\t<\/dt><\/dl><dl class='gallery-item'>\n\t\t\t\t<dt class='gallery-icon landscape'>\n\t\t\t\t\t<a class=\"rollover rollover-zoom dt-pswp-item\" title=\"92694633-fc88-4d80-98d2-eec51c41bac4\" data-dt-img-description=\"\" data-large_image_width=\"2000\" data-large_image_height=\"1128\"href='https:\/\/www.radiopiu.net\/wordpress\/wp-content\/uploads\/2023\/06\/92694633-fc88-4d80-98d2-eec51c41bac4.jpg'><img loading=\"lazy\" decoding=\"async\" width=\"150\" height=\"150\" src=\"https:\/\/www.radiopiu.net\/wordpress\/wp-content\/uploads\/2023\/06\/92694633-fc88-4d80-98d2-eec51c41bac4-150x150.jpg\" class=\"attachment-thumbnail size-thumbnail\" alt=\"\" \/><\/a>\n\t\t\t\t<\/dt><\/dl><dl class='gallery-item'>\n\t\t\t\t<dt class='gallery-icon landscape'>\n\t\t\t\t\t<a class=\"rollover rollover-zoom dt-pswp-item\" title=\"1d1640cf-02a7-49d0-80a0-8dc2f2030893\" data-dt-img-description=\"\" data-large_image_width=\"2000\" data-large_image_height=\"1128\"href='https:\/\/www.radiopiu.net\/wordpress\/wp-content\/uploads\/2023\/06\/1d1640cf-02a7-49d0-80a0-8dc2f2030893.jpg'><img loading=\"lazy\" decoding=\"async\" width=\"150\" height=\"150\" src=\"https:\/\/www.radiopiu.net\/wordpress\/wp-content\/uploads\/2023\/06\/1d1640cf-02a7-49d0-80a0-8dc2f2030893-150x150.jpg\" class=\"attachment-thumbnail size-thumbnail\" alt=\"\" \/><\/a>\n\t\t\t\t<\/dt><\/dl><br style=\"clear: both\" \/>\n\t\t\t<\/div>\n\n<p><strong>RACCOLTA COMPLETA<\/strong><\/p>\n<blockquote class=\"wp-embedded-content\" data-secret=\"Rt4NnmWI4K\"><p><a href=\"https:\/\/www.radiopiu.net\/wordpress\/william-e-federico-in-islanda-portata-a-termine-anche-la-terza-tappa\/\">WILLIAM E FEDERICO  IN ISLANDA, portata a termine anche la TERZA tappa<\/a><\/p><\/blockquote>\n<p><iframe loading=\"lazy\" class=\"wp-embedded-content\" sandbox=\"allow-scripts\" security=\"restricted\" style=\"position: absolute; clip: rect(1px, 1px, 1px, 1px);\" title=\"&#8220;WILLIAM E FEDERICO  IN ISLANDA, portata a termine anche la TERZA tappa&#8221; &#8212; Radio Pi\u00f9\" src=\"https:\/\/www.radiopiu.net\/wordpress\/william-e-federico-in-islanda-portata-a-termine-anche-la-terza-tappa\/embed\/#?secret=amCEfr8VBC#?secret=Rt4NnmWI4K\" data-secret=\"Rt4NnmWI4K\" width=\"600\" height=\"338\" frameborder=\"0\" marginwidth=\"0\" marginheight=\"0\" scrolling=\"no\"><\/iframe><\/p>\n<p>&nbsp;<\/p>\n<hr \/>\n<p>&nbsp;<\/p>\n<blockquote>\n<h3>Il Gruppo Alpini organizza una gita indimenticabile alla Foiba di Basovizza con pranzo di pesce a Lignano<\/h3>\n<\/blockquote>\n<p><strong>FALCADE <\/strong>\u00a0I Gruppi Alpini rappresentano un importante pilastro della comunit\u00e0 locale, promuovendo attivit\u00e0 che uniscono tradizione, avventura e scoperta del patrimonio culturale. Nel contesto di queste iniziative, il Gruppo Alpini di Falcade ha annunciato una gita straordinaria che si terr\u00e0 l&#8217;11 giugno, con destinazione la Foiba di Basovizza e una deliziosa pausa pranzo a Lignano.\u00a0 Remo Secchi, responsabile delle iscrizioni, sar\u00e0 il punto di riferimento per tutti coloro che desiderano partecipare. Per prenotare un posto e per ulteriori informazioni, \u00e8 possibile contattare\u00a0 il\u00a0 338 5628415.<\/p>\n<p>&nbsp;<\/p>\n<p>&nbsp;<\/p>\n<hr \/>\n<p>&nbsp;<\/p>\n<h2><span style=\"color: #ff0000;\">PROSSIMAMENTE&#8230;<\/span><\/h2>\n\n\t\t\t<style type='text\/css'>\n\t\t\t\t#gallery-6 {\n\t\t\t\t\tmargin: auto;\n\t\t\t\t}\n\t\t\t\t#gallery-6 .gallery-item {\n\t\t\t\t\tfloat: left;\n\t\t\t\t\tmargin-top: 10px;\n\t\t\t\t\ttext-align: center;\n\t\t\t\t\twidth: 100%;\n\t\t\t\t}\n\t\t\t\t#gallery-6 img {\n\t\t\t\t\tborder: 2px solid #cfcfcf;\n\t\t\t\t}\n\t\t\t\t#gallery-6 .gallery-caption {\n\t\t\t\t\tmargin-left: 0;\n\t\t\t\t}\n\t\t\t\t\/* see gallery_shortcode() in wp-includes\/media.php *\/\n\t\t\t<\/style>\n\t\t<div id='gallery-6' class='dt-gallery-container gallery galleryid-339180 gallery-columns-1 gallery-size-medium'><dl class='gallery-item'>\n\t\t\t\t<dt class='gallery-icon portrait'>\n\t\t\t\t\t<a class=\"rollover rollover-zoom dt-pswp-item\" title=\"42abf5ad-ee3c-42c9-9043-e91339305204\" data-dt-img-description=\"\" data-large_image_width=\"915\" data-large_image_height=\"1280\"href='https:\/\/www.radiopiu.net\/wordpress\/wp-content\/uploads\/2023\/05\/42abf5ad-ee3c-42c9-9043-e91339305204.jpg'><img loading=\"lazy\" decoding=\"async\" width=\"214\" height=\"300\" src=\"https:\/\/www.radiopiu.net\/wordpress\/wp-content\/uploads\/2023\/05\/42abf5ad-ee3c-42c9-9043-e91339305204-214x300.jpg\" class=\"attachment-medium size-medium\" alt=\"\" srcset=\"https:\/\/www.radiopiu.net\/wordpress\/wp-content\/uploads\/2023\/05\/42abf5ad-ee3c-42c9-9043-e91339305204-214x300.jpg 214w, https:\/\/www.radiopiu.net\/wordpress\/wp-content\/uploads\/2023\/05\/42abf5ad-ee3c-42c9-9043-e91339305204-732x1024.jpg 732w, https:\/\/www.radiopiu.net\/wordpress\/wp-content\/uploads\/2023\/05\/42abf5ad-ee3c-42c9-9043-e91339305204-768x1074.jpg 768w, https:\/\/www.radiopiu.net\/wordpress\/wp-content\/uploads\/2023\/05\/42abf5ad-ee3c-42c9-9043-e91339305204.jpg 915w\" sizes=\"auto, (max-width: 214px) 100vw, 214px\" \/><\/a>\n\t\t\t\t<\/dt><\/dl><br style=\"clear: both\" \/>\n\t\t\t<\/div>\n\n<blockquote>\n<h3>PRESENTAZIONE DEI LAVORI DI AMMODERNAMENTO SUL SERVA<\/h3>\n<\/blockquote>\n<p><strong>BELLUNO <\/strong>Al centro Piero Rossi di Belluno in Piazza Piloni\u00a0 la presentazione dell\u2019intervento di ammodernamento delle vie ferrate Sperti e Marmol sul gruppo montuoso dello Schiara ricompreso nell\u2019ambito del progetto strategico \u201cMiglioramento dell&#8217;offerta turistica di alta montagna nelle aree di confine della provincia di Belluno\u201d.<\/p>\n<p>&nbsp;<\/p>\n<p>&nbsp;<\/p>\n<\/div>\n<div class=\"page-title-breadcrumbs\">\n<blockquote>\n<h3>LA SERATA DI PRESENTAZIONE DI UNIONETICA<\/h3>\n<\/blockquote>\n<p><strong>BELLUNO<\/strong> Luned\u00ec 12 giugno alle 20:30 alla Sala Eliseo Dal Pont Bianchi di Belluno verr\u00e0 presentata l&#8217;associazione UnionEtica, associazione sindacale che raccoglie famiglie e piccole\/microimprese. Interverranno Diego Moschini, consulente del lavoro, e Daniele Trabucco, Costituzionalista ed autore. Ingresso a offerta libera<\/p>\n<p>&nbsp;<\/p>\n<hr \/>\n<p>&nbsp;<\/p>\n<blockquote>\n<h3>IL RITORNO DI ALICE BETTOLO, &#8220;I MILLE PASSI&#8221;, SESTO CAPITOLO<\/h3>\n<\/blockquote>\n<div dir=\"auto\">\n<p><strong><a class=\"dt-pswp-item\" href=\"https:\/\/www.radiopiu.net\/wordpress\/wp-content\/uploads\/2023\/05\/6-ristorante.jpg\" data-dt-img-description=\"\" data-large_image_width=\"742\" data-large_image_height=\"756\"><img loading=\"lazy\" decoding=\"async\" class=\"wp-image-339235 alignleft\" src=\"https:\/\/www.radiopiu.net\/wordpress\/wp-content\/uploads\/2023\/05\/6-ristorante-294x300.jpg\" alt=\"\" width=\"240\" height=\"245\" srcset=\"https:\/\/www.radiopiu.net\/wordpress\/wp-content\/uploads\/2023\/05\/6-ristorante-294x300.jpg 294w, https:\/\/www.radiopiu.net\/wordpress\/wp-content\/uploads\/2023\/05\/6-ristorante.jpg 742w\" sizes=\"auto, (max-width: 240px) 100vw, 240px\" \/><\/a>Capitolo 6\u00a0<\/strong><\/p>\n<p>Il ristorante<br \/>\nLavare i piatti \u00e8 un momento magico. Dove l\u02bcacqua scorre ed i pensieri scorrono con lei.<br \/>\nMi trovo in questa nuova situazione, nella quale sono diventata improvvisamente padrona di un<br \/>\nristorante, proprio sulla stada principale, quella che porta alla Spiaggia Grande.<\/p>\n<audio class=\"wp-audio-shortcode\" id=\"audio-339180-13\" preload=\"none\" style=\"width: 100%;\" controls=\"controls\"><source type=\"audio\/mpeg\" src=\"https:\/\/www.radiopiu.net\/wordpress\/wp-content\/uploads\/2023\/05\/fatto-006-1000PASSI-il-Ristorante-1.mp3?_=13\" \/><a href=\"https:\/\/www.radiopiu.net\/wordpress\/wp-content\/uploads\/2023\/05\/fatto-006-1000PASSI-il-Ristorante-1.mp3\">https:\/\/www.radiopiu.net\/wordpress\/wp-content\/uploads\/2023\/05\/fatto-006-1000PASSI-il-Ristorante-1.mp3<\/a><\/audio>\n<\/div>\n<p>&nbsp;<\/p>\n<p>LA RACCOLTA COMPLETA<\/p>\n<blockquote class=\"wp-embedded-content\" data-secret=\"Tvr0l3NkLz\"><p><a href=\"https:\/\/www.radiopiu.net\/wordpress\/il-ritorno-di-alice-bettolo-i-mille-passi-sesto-capitolo\/\">IL RITORNO DI ALICE BETTOLO, &#8220;I MILLE PASSI&#8221;, SESTO CAPITOLO<\/a><\/p><\/blockquote>\n<p><iframe loading=\"lazy\" class=\"wp-embedded-content\" sandbox=\"allow-scripts\" security=\"restricted\" style=\"position: absolute; clip: rect(1px, 1px, 1px, 1px);\" title=\"&#8220;IL RITORNO DI ALICE BETTOLO, &#8220;I MILLE PASSI&#8221;, SESTO CAPITOLO&#8221; &#8212; Radio Pi\u00f9\" src=\"https:\/\/www.radiopiu.net\/wordpress\/il-ritorno-di-alice-bettolo-i-mille-passi-sesto-capitolo\/embed\/#?secret=6YSGtHHynh#?secret=Tvr0l3NkLz\" data-secret=\"Tvr0l3NkLz\" width=\"600\" height=\"338\" frameborder=\"0\" marginwidth=\"0\" marginheight=\"0\" scrolling=\"no\"><\/iframe><\/p>\n<p>&nbsp;<\/p>\n<p>&nbsp;<\/p>\n<hr \/>\n<p>&nbsp;<\/p>\n<div dir=\"auto\">\n<div class=\"message spoilers-container\" dir=\"auto\">\n<div>\n<div class=\"b654a4as d2edcug0\">\n<div class=\"rq0escxv hkbzh7o3 jwdofwj8 n8tt0mok r8blr3vg hyh9befq\">\n<p><a class=\"dt-pswp-item\" href=\"https:\/\/www.radiopiu.net\/wordpress\/wp-content\/uploads\/2020\/10\/pp.jpg\" data-dt-img-description=\"\" data-large_image_width=\"640\" data-large_image_height=\"640\"><img loading=\"lazy\" decoding=\"async\" class=\"wp-image-163678 alignleft\" src=\"https:\/\/www.radiopiu.net\/wordpress\/wp-content\/uploads\/2020\/10\/pp-300x300.jpg\" alt=\"\" width=\"106\" height=\"106\" srcset=\"https:\/\/www.radiopiu.net\/wordpress\/wp-content\/uploads\/2020\/10\/pp-300x300.jpg 300w, https:\/\/www.radiopiu.net\/wordpress\/wp-content\/uploads\/2020\/10\/pp-150x150.jpg 150w, https:\/\/www.radiopiu.net\/wordpress\/wp-content\/uploads\/2020\/10\/pp-125x125.jpg 125w, https:\/\/www.radiopiu.net\/wordpress\/wp-content\/uploads\/2020\/10\/pp-200x200.jpg 200w, https:\/\/www.radiopiu.net\/wordpress\/wp-content\/uploads\/2020\/10\/pp-80x80.jpg 80w, https:\/\/www.radiopiu.net\/wordpress\/wp-content\/uploads\/2020\/10\/pp-480x480.jpg 480w, https:\/\/www.radiopiu.net\/wordpress\/wp-content\/uploads\/2020\/10\/pp.jpg 640w\" sizes=\"auto, (max-width: 106px) 100vw, 106px\" \/><\/a><\/p>\n<\/div>\n<\/div>\n<\/div>\n<\/div>\n<div class=\"message spoilers-container\" dir=\"auto\">\n<div class=\"page-title-head hgroup\">\n<div class=\"page-title-head hgroup\">\n<div class=\"b654a4as d2edcug0\">\n<div class=\"j83agx80 btwxx1t3 lhclo0ds hop8lmos nkwizq5d scwd0bx6 roh60bw9\">\n<div class=\"rq0escxv hkbzh7o3 jwdofwj8 n8tt0mok r8blr3vg hyh9befq\">\n<div class=\"do00u71z l9j0dhe7 k4urcfbm\" style=\"text-align: left;\">\n<h2><span style=\"color: #000080;\">DON CESARE, IL PENSIERO DEL GIORNO. ALLA RADIO ALLE 7 DEL MATTINO E ALLE 19.30 DELLA SERA<\/span><\/h2>\n<\/div>\n<\/div>\n<\/div>\n<\/div>\n<\/div>\n<\/div>\n<\/div>\n<\/div>\n<blockquote>\n<div class=\"message spoilers-container\" dir=\"auto\">\n<audio class=\"wp-audio-shortcode\" id=\"audio-339180-14\" preload=\"none\" style=\"width: 100%;\" controls=\"controls\"><source type=\"audio\/mpeg\" src=\"https:\/\/www.radiopiu.net\/wordpress\/wp-content\/uploads\/2023\/06\/CESARE-4.mp3?_=14\" \/><a href=\"https:\/\/www.radiopiu.net\/wordpress\/wp-content\/uploads\/2023\/06\/CESARE-4.mp3\">https:\/\/www.radiopiu.net\/wordpress\/wp-content\/uploads\/2023\/06\/CESARE-4.mp3<\/a><\/audio>\n<\/div>\n<\/blockquote>\n<p>&nbsp;<\/p>\n<div class=\"message spoilers-container\" dir=\"auto\">\n<hr \/>\n<\/div>\n<div class=\"message spoilers-container\" dir=\"auto\">\n<div class=\"column\">\n<p>&nbsp;<\/p>\n<h2><strong><a class=\"dt-pswp-item\" href=\"https:\/\/www.radiopiu.net\/wordpress\/wp-content\/uploads\/2022\/05\/ANDREA-BALDASSI.jpg\" data-dt-img-description=\"\" data-large_image_width=\"1218\" data-large_image_height=\"1600\"><img loading=\"lazy\" decoding=\"async\" class=\" wp-image-274017 alignleft\" src=\"https:\/\/www.radiopiu.net\/wordpress\/wp-content\/uploads\/2022\/05\/ANDREA-BALDASSI-228x300.jpg\" alt=\"\" width=\"109\" height=\"143\" srcset=\"https:\/\/www.radiopiu.net\/wordpress\/wp-content\/uploads\/2022\/05\/ANDREA-BALDASSI-228x300.jpg 228w, https:\/\/www.radiopiu.net\/wordpress\/wp-content\/uploads\/2022\/05\/ANDREA-BALDASSI-780x1024.jpg 780w, https:\/\/www.radiopiu.net\/wordpress\/wp-content\/uploads\/2022\/05\/ANDREA-BALDASSI-768x1009.jpg 768w, https:\/\/www.radiopiu.net\/wordpress\/wp-content\/uploads\/2022\/05\/ANDREA-BALDASSI-1169x1536.jpg 1169w, https:\/\/www.radiopiu.net\/wordpress\/wp-content\/uploads\/2022\/05\/ANDREA-BALDASSI.jpg 1218w\" sizes=\"auto, (max-width: 109px) 100vw, 109px\" \/><\/a><\/strong><span style=\"color: #008000;\">LA RASSEGNA STAMPA DA L&#8217;AMICO DEL POPOLO<\/span><\/h2>\n<p><strong>di Gianni Santomaso<\/strong><\/p>\n<p>OSPITE: Andrea Baldassi, responsabile Comitato Calcio Agordino<\/p>\n<audio class=\"wp-audio-shortcode\" id=\"audio-339180-15\" preload=\"none\" style=\"width: 100%;\" controls=\"controls\"><source type=\"audio\/mpeg\" src=\"https:\/\/www.radiopiu.net\/wordpress\/wp-content\/uploads\/2023\/06\/RASSEGNA-GIANNI.mp3?_=15\" \/><a href=\"https:\/\/www.radiopiu.net\/wordpress\/wp-content\/uploads\/2023\/06\/RASSEGNA-GIANNI.mp3\">https:\/\/www.radiopiu.net\/wordpress\/wp-content\/uploads\/2023\/06\/RASSEGNA-GIANNI.mp3<\/a><\/audio>\n<p>&nbsp;<\/p>\n<hr \/>\n<p>&nbsp;<\/p>\n<p><img loading=\"lazy\" decoding=\"async\" class=\"aligncenter wp-image-61954 size-full\" src=\"https:\/\/www.radiopiu.net\/wordpress\/wp-content\/uploads\/2018\/09\/viabilita.jpeg\" sizes=\"auto, (max-width: 800px) 100vw, 800px\" srcset=\"https:\/\/www.radiopiu.net\/wordpress\/wp-content\/uploads\/2018\/09\/viabilita.jpeg 800w, https:\/\/www.radiopiu.net\/wordpress\/wp-content\/uploads\/2018\/09\/viabilita-300x38.jpeg 300w, https:\/\/www.radiopiu.net\/wordpress\/wp-content\/uploads\/2018\/09\/viabilita-768x96.jpeg 768w\" alt=\"\" width=\"800\" height=\"100\" \/><\/p>\n<\/div>\n<\/div>\n<div class=\"message spoilers-container\" dir=\"auto\">\n<div class=\"column\">\n<p>&nbsp;<\/p>\n<\/div>\n<\/div>\n<div class=\"message spoilers-container\" dir=\"auto\">\n<div class=\"column\">\n<div>\n<div dir=\"ltr\">\n<div class=\"gmail_quote\">\n<div dir=\"ltr\">\n<div>\n<blockquote class=\"wp-embedded-content\" data-secret=\"UsnRGhdVu1\"><p><a href=\"https:\/\/www.radiopiu.net\/wordpress\/viabilita\/\">viabilita<\/a><\/p><\/blockquote>\n<p><iframe loading=\"lazy\" class=\"wp-embedded-content\" sandbox=\"allow-scripts\" security=\"restricted\" style=\"position: absolute; clip: rect(1px, 1px, 1px, 1px);\" title=\"&#8220;viabilita&#8221; &#8212; Radio Pi\u00f9\" src=\"https:\/\/www.radiopiu.net\/wordpress\/viabilita\/embed\/#?secret=q46OjaJsKk#?secret=UsnRGhdVu1\" data-secret=\"UsnRGhdVu1\" width=\"600\" height=\"338\" frameborder=\"0\" marginwidth=\"0\" marginheight=\"0\" scrolling=\"no\"><\/iframe><\/p>\n<\/div>\n<div><\/div>\n<div><\/div>\n<div><\/div>\n<\/div>\n<\/div>\n<\/div>\n<\/div>\n<hr \/>\n<p>&nbsp;<\/p>\n<p><a class=\"dt-pswp-item\" href=\"https:\/\/www.radiopiu.net\/wordpress\/wp-content\/uploads\/2018\/09\/WhatsApp-Image-2018-09-20-at-16.04.06.jpeg\" data-dt-img-description=\"\" data-large_image_width=\"800\" data-large_image_height=\"100\"><img loading=\"lazy\" decoding=\"async\" class=\"wp-image-61378 size-full aligncenter\" src=\"https:\/\/www.radiopiu.net\/wordpress\/wp-content\/uploads\/2018\/09\/WhatsApp-Image-2018-09-20-at-16.04.06.jpeg\" alt=\"\" width=\"800\" height=\"100\" srcset=\"https:\/\/www.radiopiu.net\/wordpress\/wp-content\/uploads\/2018\/09\/WhatsApp-Image-2018-09-20-at-16.04.06.jpeg 800w, https:\/\/www.radiopiu.net\/wordpress\/wp-content\/uploads\/2018\/09\/WhatsApp-Image-2018-09-20-at-16.04.06-300x38.jpeg 300w, https:\/\/www.radiopiu.net\/wordpress\/wp-content\/uploads\/2018\/09\/WhatsApp-Image-2018-09-20-at-16.04.06-768x96.jpeg 768w\" sizes=\"auto, (max-width: 800px) 100vw, 800px\" \/><\/a><\/p>\n<\/div>\n<\/div>\n<div class=\"message spoilers-container\" dir=\"auto\"><\/div>\n<p><center><\/center><center><b>OGGI<\/b><\/center>Tempo maggiormente soleggiato al mattino, con lunghi tratti di cielo sereno. Poi attivit\u00e0 cumuliforme da moderata a forte. L&#8217;insidia di fenomeni convettivi, anche temporaleschi, torner\u00e0 ad aumentare per la maggiore convezione diurna in un contesto dinamico pi\u00f9 favorevole all&#8217;instabilit\u00e0 rispetto a mercoled\u00ec.<br \/>\n<b>Precipitazioni: <\/b>Al mattino probabilit\u00e0 bassa (0%). Al pomeriggio rischio medio-alto di rovesci e temporali sparsi (60-70%), non escluso possano verificarsi locali grandinate. I cumuli di pioggia saranno molto variabili: 0-15 mm, localmente anche oltre i 20-30 mm in poco tempo per temporale.<br \/>\n<b>Temperature: <\/b>Perlopi\u00f9 stazionarie, eccetto lievi e locali variazioni delle massime in funzione dell&#8217;instabilit\u00e0.<\/p>\n<hr \/>\n<p><center><b>DOMANI<\/b><\/center>Tempo in prevalenza soleggiato al mattino, nonostante il formarsi dei primi cumuli. Poi sensibile riduzione del soleggiamento per moderata\/forte attivit\u00e0 cumuliforme pomeridiana associata a un&#8217;instabilit\u00e0 assai meno spiccata rispetto a gioved\u00ec.<br \/>\n<b>Precipitazioni: <\/b>Al mattino probabilit\u00e0 pressoch\u00e9 assente (10%). Al pomeriggio il rischio di rovesci e temporali, localmente grandinigeni, aumenter\u00e0 fino a risultare medio (40-60%), considerando che la minore probabilit\u00e0 sar\u00e0 inerente alle Dolomiti.<br \/>\n<b>Temperature: <\/b>In generale lieve aumento rispetto a gioved\u00ec.<\/p>\n<hr \/>\n<p><center><b>SABATO<\/b><\/center>Al mattino sole e cielo sereno, salvo temporanee sottili nubi alte, le quali tenderanno a infittirsi nelle ore centrali. Al pomeriggio modesta attivit\u00e0 cumuliforme con rischio di fenomeni convettivi assai limitato su Dolomiti, mentre sar\u00e0 localmente intensa su Prealpi, dove l&#8217;insidia occasionali rovesci o temporali sar\u00e0 un po&#8217; pi\u00f9 presente. Temperature in ulteriore aumento con valori diurni sempre pi\u00f9 estivi.<\/p>\n<hr \/>\n<p><center><b>DOMENICA<\/b><\/center>Al mattino sole e cielo sereno, salvo comparsa dei primi cumuli a ridosso delle cime. Al pomeriggio irregolare attivit\u00e0 cumuliforme, spesso moderata, localmente anche intensa e associata a rovesci e temporali sparsi. L&#8217;entit\u00e0 dei fenomeni dipender\u00e0 dal soleggiamento delle prime ore, pi\u00f9 sole ci sar\u00e0 e maggiore sar\u00e0 la convezione. Temperature massime in aumento.<\/p>\n<p>&nbsp;<\/p>\n<div class=\"message spoilers-container\" dir=\"auto\">\n<hr \/>\n<p>&nbsp;<\/p>\n<p><a class=\"dt-pswp-item\" href=\"https:\/\/www.radiopiu.net\/wordpress\/wp-content\/uploads\/2018\/09\/sport.jpg\" data-dt-img-description=\"\" data-large_image_width=\"800\" data-large_image_height=\"100\"><img loading=\"lazy\" decoding=\"async\" class=\"aligncenter wp-image-60761 size-full\" src=\"https:\/\/www.radiopiu.net\/wordpress\/wp-content\/uploads\/2018\/09\/sport.jpg\" alt=\"\" width=\"800\" height=\"100\" srcset=\"https:\/\/www.radiopiu.net\/wordpress\/wp-content\/uploads\/2018\/09\/sport.jpg 800w, https:\/\/www.radiopiu.net\/wordpress\/wp-content\/uploads\/2018\/09\/sport-300x38.jpg 300w, https:\/\/www.radiopiu.net\/wordpress\/wp-content\/uploads\/2018\/09\/sport-768x96.jpg 768w\" sizes=\"auto, (max-width: 800px) 100vw, 800px\" \/><\/a><\/p>\n<\/div>\n<div class=\"message spoilers-container\" dir=\"auto\">\n<h3><\/h3>\n<p><strong>MOTORI<\/strong><\/p>\n<blockquote>\n<h3>DENIS MEZZACASA, UOMO DELLA TRENTO-BONDONE<\/h3>\n<\/blockquote>\n<p><a class=\"dt-pswp-item\" href=\"https:\/\/www.radiopiu.net\/wordpress\/wp-content\/uploads\/2023\/06\/362e02ee-2f6f-4c28-b233-a998a7d99a6b.jpg\" data-dt-img-description=\"\" data-large_image_width=\"1024\" data-large_image_height=\"683\"><img loading=\"lazy\" decoding=\"async\" class=\"size-medium wp-image-339261 aligncenter\" src=\"https:\/\/www.radiopiu.net\/wordpress\/wp-content\/uploads\/2023\/06\/362e02ee-2f6f-4c28-b233-a998a7d99a6b-300x200.jpg\" alt=\"\" width=\"300\" height=\"200\" srcset=\"https:\/\/www.radiopiu.net\/wordpress\/wp-content\/uploads\/2023\/06\/362e02ee-2f6f-4c28-b233-a998a7d99a6b-300x200.jpg 300w, https:\/\/www.radiopiu.net\/wordpress\/wp-content\/uploads\/2023\/06\/362e02ee-2f6f-4c28-b233-a998a7d99a6b-768x512.jpg 768w, https:\/\/www.radiopiu.net\/wordpress\/wp-content\/uploads\/2023\/06\/362e02ee-2f6f-4c28-b233-a998a7d99a6b.jpg 1024w\" sizes=\"auto, (max-width: 300px) 100vw, 300px\" \/><\/a><\/p>\n<p>foto UNOPUNTOOTTO<\/p>\n<p><strong>di roberto bona<\/strong><\/p>\n<audio class=\"wp-audio-shortcode\" id=\"audio-339180-16\" preload=\"none\" style=\"width: 100%;\" controls=\"controls\"><source type=\"audio\/mpeg\" src=\"https:\/\/www.radiopiu.net\/wordpress\/wp-content\/uploads\/2023\/06\/DenisBondone.mp3?_=16\" \/><a href=\"https:\/\/www.radiopiu.net\/wordpress\/wp-content\/uploads\/2023\/06\/DenisBondone.mp3\">https:\/\/www.radiopiu.net\/wordpress\/wp-content\/uploads\/2023\/06\/DenisBondone.mp3<\/a><\/audio>\n<p>&nbsp;<\/p>\n<p>&nbsp;<\/p>\n<p>&nbsp;<\/p>\n<p><span style=\"color: #0000ff;\"><strong>PALLAVOLO<\/strong><\/span><\/p>\n<blockquote>\n<h3>MATTEO MOZZATO CONFERMATO NELLA ROSA DELLA PALLAVOLO BELLUNO MASCHILE<\/h3>\n<\/blockquote>\n<p><strong><a class=\"dt-pswp-item\" href=\"https:\/\/www.radiopiu.net\/wordpress\/wp-content\/uploads\/2023\/06\/Mozzato_confermato_al_centro.jpg\" data-dt-img-description=\"\" data-large_image_width=\"821\" data-large_image_height=\"654\"><img loading=\"lazy\" decoding=\"async\" class=\"wp-image-339195 alignleft\" src=\"https:\/\/www.radiopiu.net\/wordpress\/wp-content\/uploads\/2023\/06\/Mozzato_confermato_al_centro-300x239.jpg\" alt=\"\" width=\"157\" height=\"125\" srcset=\"https:\/\/www.radiopiu.net\/wordpress\/wp-content\/uploads\/2023\/06\/Mozzato_confermato_al_centro-300x239.jpg 300w, https:\/\/www.radiopiu.net\/wordpress\/wp-content\/uploads\/2023\/06\/Mozzato_confermato_al_centro-768x612.jpg 768w, https:\/\/www.radiopiu.net\/wordpress\/wp-content\/uploads\/2023\/06\/Mozzato_confermato_al_centro.jpg 821w\" sizes=\"auto, (max-width: 157px) 100vw, 157px\" \/><\/a>BELLUNO <\/strong>Matteo Mozzato non lascia. E nemmeno raddoppia: triplica. Per la terza stagione di fila, il centrale vestir\u00e0 una maglia diventata ormai una seconda pelle: quella della Pallavolo Belluno Maschile. Dopo aver brillato nella prima annata di A3, il ventenne cresciuto nel Volley Treviso (spegner\u00e0 21 candeline il prossimo agosto) ha mandato in archivio la stagione della conferma. O meglio, della definitiva consacrazione. Basti pensare che ha totalizzato 198 punti in 90 parziali e con 35 muri, di cui 7 nell\u2019ultima ed esaltante prestazione contro la Med Store Tunit Macerata. In pi\u00f9, ha sempre attaccato con percentuali di rilievo.<span class=\"gmail-Apple-converted-space\">\u00a0<\/span><\/p>\n<p>&nbsp;<\/p>\n<p>&nbsp;<\/p>\n<\/div>\n<\/div>\n","protected":false},"excerpt":{"rendered":"<p>ISCRIVITI AL NOSTRO CANALE\u00a0 YOUTUBE PER SEGUIRE IN DIRETTA I PRINCIPALI PROGRAMMI DI RADIO PIU&#8217; E LE FUTURE DIRETTE IN ESTERNA. PER ISCRIVERTI CLICCA QUI E PREMI\u00a0 &#8220;Iscriviti&#8221;\u00a0 \u00a0 &nbsp; &nbsp; &nbsp; PROVINCIALE 26, VOLTAGO-RIVAMONTE CHIUSA PER QUATTRO GIORNI AGGIORNAMENTO QUOTIDIANO, IN\u00a0 COLLABORAZIONE CON VENETO STRADE SP 26 DI DIGOMAN localit\u00e0 Voltago, fino a oggi&hellip;<\/p>\n","protected":false},"author":4,"featured_media":339211,"comment_status":"closed","ping_status":"closed","sticky":false,"template":"","format":"standard","meta":{"_monsterinsights_skip_tracking":false,"_monsterinsights_sitenote_active":false,"_monsterinsights_sitenote_note":"","_monsterinsights_sitenote_category":0,"footnotes":""},"categories":[51,86,49],"tags":[],"class_list":["post-339180","post","type-post","status-publish","format-standard","has-post-thumbnail","hentry","category-evidenza-top","category-gr","category-news-18","category-51","category-86","category-49","description-off"],"img_url":"https:\/\/www.radiopiu.net\/wordpress\/wp-content\/uploads\/2023\/06\/gfATSRYAF.jpg","_links":{"self":[{"href":"https:\/\/www.radiopiu.net\/wordpress\/wp-json\/wp\/v2\/posts\/339180","targetHints":{"allow":["GET"]}}],"collection":[{"href":"https:\/\/www.radiopiu.net\/wordpress\/wp-json\/wp\/v2\/posts"}],"about":[{"href":"https:\/\/www.radiopiu.net\/wordpress\/wp-json\/wp\/v2\/types\/post"}],"author":[{"embeddable":true,"href":"https:\/\/www.radiopiu.net\/wordpress\/wp-json\/wp\/v2\/users\/4"}],"replies":[{"embeddable":true,"href":"https:\/\/www.radiopiu.net\/wordpress\/wp-json\/wp\/v2\/comments?post=339180"}],"version-history":[{"count":0,"href":"https:\/\/www.radiopiu.net\/wordpress\/wp-json\/wp\/v2\/posts\/339180\/revisions"}],"wp:featuredmedia":[{"embeddable":true,"href":"https:\/\/www.radiopiu.net\/wordpress\/wp-json\/wp\/v2\/media\/339211"}],"wp:attachment":[{"href":"https:\/\/www.radiopiu.net\/wordpress\/wp-json\/wp\/v2\/media?parent=339180"}],"wp:term":[{"taxonomy":"category","embeddable":true,"href":"https:\/\/www.radiopiu.net\/wordpress\/wp-json\/wp\/v2\/categories?post=339180"},{"taxonomy":"post_tag","embeddable":true,"href":"https:\/\/www.radiopiu.net\/wordpress\/wp-json\/wp\/v2\/tags?post=339180"}],"curies":[{"name":"wp","href":"https:\/\/api.w.org\/{rel}","templated":true}]}}