{"id":339228,"date":"2023-06-08T05:31:27","date_gmt":"2023-06-08T03:31:27","guid":{"rendered":"https:\/\/www.radiopiu.net\/wordpress\/?p=339228"},"modified":"2023-06-08T05:52:16","modified_gmt":"2023-06-08T03:52:16","slug":"zecche-il-commissario-dal-ben-invita-alla-vaccinazione-anti-tbe","status":"publish","type":"post","link":"https:\/\/www.radiopiu.net\/wordpress\/zecche-il-commissario-dal-ben-invita-alla-vaccinazione-anti-tbe\/","title":{"rendered":"ZECCHE: IL COMMISSARIO DAL BEN INVITA ALLA VACCINAZIONE ANTI TBE"},"content":{"rendered":"<p><strong>BELLUNO<\/strong><\/p>\n<p><strong>DI MORENO GIOLI<\/strong><\/p>\n<audio class=\"wp-audio-shortcode\" id=\"audio-339228-1\" preload=\"none\" style=\"width: 100%;\" controls=\"controls\"><source type=\"audio\/mpeg\" src=\"https:\/\/www.radiopiu.net\/wordpress\/wp-content\/uploads\/2023\/06\/vaccinazione-anti-tbe.mp3?_=1\" \/><a href=\"https:\/\/www.radiopiu.net\/wordpress\/wp-content\/uploads\/2023\/06\/vaccinazione-anti-tbe.mp3\">https:\/\/www.radiopiu.net\/wordpress\/wp-content\/uploads\/2023\/06\/vaccinazione-anti-tbe.mp3<\/a><\/audio>\n<p>&nbsp;<\/p>\n<p><strong><a class=\"dt-pswp-item\" href=\"https:\/\/www.radiopiu.net\/wordpress\/wp-content\/uploads\/2023\/06\/Dal-Ben-Vaccinazione-TBE.jpeg\" data-dt-img-description=\"\" data-large_image_width=\"1616\" data-large_image_height=\"1080\"><img loading=\"lazy\" decoding=\"async\" class=\" wp-image-339229 alignleft\" src=\"https:\/\/www.radiopiu.net\/wordpress\/wp-content\/uploads\/2023\/06\/Dal-Ben-Vaccinazione-TBE-300x200.jpeg\" alt=\"\" width=\"204\" height=\"136\" srcset=\"https:\/\/www.radiopiu.net\/wordpress\/wp-content\/uploads\/2023\/06\/Dal-Ben-Vaccinazione-TBE-300x200.jpeg 300w, https:\/\/www.radiopiu.net\/wordpress\/wp-content\/uploads\/2023\/06\/Dal-Ben-Vaccinazione-TBE-1024x684.jpeg 1024w, https:\/\/www.radiopiu.net\/wordpress\/wp-content\/uploads\/2023\/06\/Dal-Ben-Vaccinazione-TBE-768x513.jpeg 768w, https:\/\/www.radiopiu.net\/wordpress\/wp-content\/uploads\/2023\/06\/Dal-Ben-Vaccinazione-TBE-1536x1027.jpeg 1536w, https:\/\/www.radiopiu.net\/wordpress\/wp-content\/uploads\/2023\/06\/Dal-Ben-Vaccinazione-TBE.jpeg 1616w\" sizes=\"auto, (max-width: 204px) 100vw, 204px\" \/><\/a>BELLUNO <\/strong>Per la prevenzione della TBE, \u00e8 disponibile anche un vaccino che prevede un ciclo vaccinale a tre somministrazioni. Dal 2019, la vaccinazione \u00e8 gratuita per i residenti in provincia di Belluno, ed \u00e8 prenotabile dal sito <a href=\"http:\/\/www.aulss1.veneto.it\">www.aulss1.veneto.it<\/a>. Ad oggi sono state effettuate oltre 85 mila dosi anti TBE in Ulss Dolomiti.<\/p>\n<p>&nbsp;<\/p>\n<p>&nbsp;<\/p>\n<p>&nbsp;<\/p>\n<p>&nbsp;<\/p>\n<p>*******<\/p>\n","protected":false},"excerpt":{"rendered":"<p>BELLUNO DI MORENO GIOLI &nbsp; BELLUNO Per la prevenzione della TBE, \u00e8 disponibile anche un vaccino che prevede un ciclo vaccinale a tre somministrazioni. Dal 2019, la vaccinazione \u00e8 gratuita per i residenti in provincia di Belluno, ed \u00e8 prenotabile dal sito www.aulss1.veneto.it. Ad oggi sono state effettuate oltre 85 mila dosi anti TBE in&hellip;<\/p>\n","protected":false},"author":4,"featured_media":339229,"comment_status":"closed","ping_status":"closed","sticky":false,"template":"","format":"standard","meta":{"_monsterinsights_skip_tracking":false,"_monsterinsights_sitenote_active":false,"_monsterinsights_sitenote_note":"","_monsterinsights_sitenote_category":0,"footnotes":""},"categories":[51,49],"tags":[],"class_list":["post-339228","post","type-post","status-publish","format-standard","has-post-thumbnail","hentry","category-evidenza-top","category-news-18","category-51","category-49","description-off"],"img_url":"https:\/\/www.radiopiu.net\/wordpress\/wp-content\/uploads\/2023\/06\/Dal-Ben-Vaccinazione-TBE.jpeg","_links":{"self":[{"href":"https:\/\/www.radiopiu.net\/wordpress\/wp-json\/wp\/v2\/posts\/339228","targetHints":{"allow":["GET"]}}],"collection":[{"href":"https:\/\/www.radiopiu.net\/wordpress\/wp-json\/wp\/v2\/posts"}],"about":[{"href":"https:\/\/www.radiopiu.net\/wordpress\/wp-json\/wp\/v2\/types\/post"}],"author":[{"embeddable":true,"href":"https:\/\/www.radiopiu.net\/wordpress\/wp-json\/wp\/v2\/users\/4"}],"replies":[{"embeddable":true,"href":"https:\/\/www.radiopiu.net\/wordpress\/wp-json\/wp\/v2\/comments?post=339228"}],"version-history":[{"count":0,"href":"https:\/\/www.radiopiu.net\/wordpress\/wp-json\/wp\/v2\/posts\/339228\/revisions"}],"wp:featuredmedia":[{"embeddable":true,"href":"https:\/\/www.radiopiu.net\/wordpress\/wp-json\/wp\/v2\/media\/339229"}],"wp:attachment":[{"href":"https:\/\/www.radiopiu.net\/wordpress\/wp-json\/wp\/v2\/media?parent=339228"}],"wp:term":[{"taxonomy":"category","embeddable":true,"href":"https:\/\/www.radiopiu.net\/wordpress\/wp-json\/wp\/v2\/categories?post=339228"},{"taxonomy":"post_tag","embeddable":true,"href":"https:\/\/www.radiopiu.net\/wordpress\/wp-json\/wp\/v2\/tags?post=339228"}],"curies":[{"name":"wp","href":"https:\/\/api.w.org\/{rel}","templated":true}]}}