{"id":339326,"date":"2023-06-08T09:47:38","date_gmt":"2023-06-08T07:47:38","guid":{"rendered":"https:\/\/www.radiopiu.net\/wordpress\/?p=339326"},"modified":"2023-06-09T05:44:05","modified_gmt":"2023-06-09T03:44:05","slug":"onda-blu-protagonista-a-riccione-nel-26-meeting-nazionale-italo-moretti","status":"publish","type":"post","link":"https:\/\/www.radiopiu.net\/wordpress\/onda-blu-protagonista-a-riccione-nel-26-meeting-nazionale-italo-moretti\/","title":{"rendered":"ONDA BLU PROTAGONISTA A RICCIONE NEL 26\u00b0 MEETING NAZIONALE ITALO MORETTI"},"content":{"rendered":"<p><strong>SANTA GIUSTINA <\/strong>Da venerd\u00ec 2 a domenica 4 giugno gli atleti della squadra di categoria dell\u2019agonistica Ondablu (ragazzi, juniores, cadetti e seniores) hanno partecipato al 26\u00b0 meeting nazionale Italo Moretti che si \u00e8 svolto nello stadio del nuoto di Riccione. Oltre 2 mila gli atleti partecipanti provenienti da ogni parte d\u2019Italia e tra essi i campioni della nazionale italiana Ilaria Bianchi, Federico Poggio, Arianna Castiglioni, Costanza Cocconcelli, Lorenzo Mora, Simone Cerasuolo ed Alessandro Ragaini. Per i 21 atleti dell\u2019Ondablu una esperienza di confronto con atleti di alta levatura importante. La societ\u00e0 si \u00e8 classificata 54^ su 99 societ\u00e0 iscritte Grossissime le soddisfazioni della trasferta per i portacolori del nuoto feltrino. Emma De Marco, fresca del riconoscimento di miglior nuotatrice provinciale alla Festa dello Sport del Corriere delle Alpi si conferma ranista di eccezione, centrando ben due argenti nella sua categoria \u201ccadetti\u201d: seconda nei 50 rana con 34.08 e anche nei 100 rana con 1.15.49. Soddisfazioni anche per Manuel Brancaleone (seniores) che giunge in finale nei 200 misti. Buone le prestazioni di tutti gli atleti che hanno risposto bene alle sollecitazioni dell\u2019allenatore Marco Zandomeneghi e del tecnico Alessio Todesco che li hanno accompagnati, mentre da lontano hanno tifato l\u2019allenatrice Mara Grelloni impossibilitata ad essere presente fisicamente ed il presidente Angelo Paganin. Ciliegina sulla torta, \u00e8 proprio da evidenziarlo, la torta preparata dai gestori dell\u2019hotel Adler di Riccione per congratularsi con tutta la squadra per l\u2019ottimo comportamento tenuto in albergo.<\/p>\n\n\t\t\t<style type='text\/css'>\n\t\t\t\t#gallery-1 {\n\t\t\t\t\tmargin: auto;\n\t\t\t\t}\n\t\t\t\t#gallery-1 .gallery-item {\n\t\t\t\t\tfloat: left;\n\t\t\t\t\tmargin-top: 10px;\n\t\t\t\t\ttext-align: center;\n\t\t\t\t\twidth: 33%;\n\t\t\t\t}\n\t\t\t\t#gallery-1 img {\n\t\t\t\t\tborder: 2px solid #cfcfcf;\n\t\t\t\t}\n\t\t\t\t#gallery-1 .gallery-caption {\n\t\t\t\t\tmargin-left: 0;\n\t\t\t\t}\n\t\t\t\t\/* see gallery_shortcode() in wp-includes\/media.php *\/\n\t\t\t<\/style>\n\t\t<div id='gallery-1' class='dt-gallery-container gallery galleryid-339326 gallery-columns-3 gallery-size-medium'><dl class='gallery-item'>\n\t\t\t\t<dt class='gallery-icon landscape'>\n\t\t\t\t\t<a class=\"rollover rollover-zoom dt-pswp-item\" title=\"Squadra Categoria Riccione\" data-dt-img-description=\"\" data-large_image_width=\"1600\" data-large_image_height=\"1201\"href='https:\/\/www.radiopiu.net\/wordpress\/wp-content\/uploads\/2023\/06\/Squadra-Categoria-Riccione.jpg'><img loading=\"lazy\" decoding=\"async\" width=\"300\" height=\"225\" src=\"https:\/\/www.radiopiu.net\/wordpress\/wp-content\/uploads\/2023\/06\/Squadra-Categoria-Riccione-300x225.jpg\" class=\"attachment-medium size-medium\" alt=\"\" srcset=\"https:\/\/www.radiopiu.net\/wordpress\/wp-content\/uploads\/2023\/06\/Squadra-Categoria-Riccione-300x225.jpg 300w, https:\/\/www.radiopiu.net\/wordpress\/wp-content\/uploads\/2023\/06\/Squadra-Categoria-Riccione-1024x769.jpg 1024w, https:\/\/www.radiopiu.net\/wordpress\/wp-content\/uploads\/2023\/06\/Squadra-Categoria-Riccione-768x576.jpg 768w, https:\/\/www.radiopiu.net\/wordpress\/wp-content\/uploads\/2023\/06\/Squadra-Categoria-Riccione-1536x1153.jpg 1536w, https:\/\/www.radiopiu.net\/wordpress\/wp-content\/uploads\/2023\/06\/Squadra-Categoria-Riccione.jpg 1600w\" sizes=\"auto, (max-width: 300px) 100vw, 300px\" \/><\/a>\n\t\t\t\t<\/dt><\/dl><dl class='gallery-item'>\n\t\t\t\t<dt class='gallery-icon landscape'>\n\t\t\t\t\t<a class=\"rollover rollover-zoom dt-pswp-item\" title=\"Emma De Marco e Manuel Brancaleone_Riccione 1\" data-dt-img-description=\"\" data-large_image_width=\"1600\" data-large_image_height=\"900\"href='https:\/\/www.radiopiu.net\/wordpress\/wp-content\/uploads\/2023\/06\/Emma-De-Marco-e-Manuel-Brancaleone_Riccione-1.jpg'><img loading=\"lazy\" decoding=\"async\" width=\"300\" height=\"169\" src=\"https:\/\/www.radiopiu.net\/wordpress\/wp-content\/uploads\/2023\/06\/Emma-De-Marco-e-Manuel-Brancaleone_Riccione-1-300x169.jpg\" class=\"attachment-medium size-medium\" alt=\"\" srcset=\"https:\/\/www.radiopiu.net\/wordpress\/wp-content\/uploads\/2023\/06\/Emma-De-Marco-e-Manuel-Brancaleone_Riccione-1-300x169.jpg 300w, https:\/\/www.radiopiu.net\/wordpress\/wp-content\/uploads\/2023\/06\/Emma-De-Marco-e-Manuel-Brancaleone_Riccione-1-1024x576.jpg 1024w, https:\/\/www.radiopiu.net\/wordpress\/wp-content\/uploads\/2023\/06\/Emma-De-Marco-e-Manuel-Brancaleone_Riccione-1-768x432.jpg 768w, https:\/\/www.radiopiu.net\/wordpress\/wp-content\/uploads\/2023\/06\/Emma-De-Marco-e-Manuel-Brancaleone_Riccione-1-1536x864.jpg 1536w, https:\/\/www.radiopiu.net\/wordpress\/wp-content\/uploads\/2023\/06\/Emma-De-Marco-e-Manuel-Brancaleone_Riccione-1.jpg 1600w\" sizes=\"auto, (max-width: 300px) 100vw, 300px\" \/><\/a>\n\t\t\t\t<\/dt><\/dl><dl class='gallery-item'>\n\t\t\t\t<dt class='gallery-icon landscape'>\n\t\t\t\t\t<a class=\"rollover rollover-zoom dt-pswp-item\" title=\"torta Riccione\" data-dt-img-description=\"\" data-large_image_width=\"1600\" data-large_image_height=\"1200\"href='https:\/\/www.radiopiu.net\/wordpress\/wp-content\/uploads\/2023\/06\/torta-Riccione-rotated.jpg'><img loading=\"lazy\" decoding=\"async\" width=\"300\" height=\"225\" src=\"https:\/\/www.radiopiu.net\/wordpress\/wp-content\/uploads\/2023\/06\/torta-Riccione-300x225.jpg\" class=\"attachment-medium size-medium\" alt=\"\" srcset=\"https:\/\/www.radiopiu.net\/wordpress\/wp-content\/uploads\/2023\/06\/torta-Riccione-300x225.jpg 300w, https:\/\/www.radiopiu.net\/wordpress\/wp-content\/uploads\/2023\/06\/torta-Riccione-1024x768.jpg 1024w, https:\/\/www.radiopiu.net\/wordpress\/wp-content\/uploads\/2023\/06\/torta-Riccione-768x576.jpg 768w, https:\/\/www.radiopiu.net\/wordpress\/wp-content\/uploads\/2023\/06\/torta-Riccione-1536x1152.jpg 1536w, https:\/\/www.radiopiu.net\/wordpress\/wp-content\/uploads\/2023\/06\/torta-Riccione-rotated.jpg 1600w\" sizes=\"auto, (max-width: 300px) 100vw, 300px\" \/><\/a>\n\t\t\t\t<\/dt><\/dl><br style=\"clear: both\" \/>\n\t\t\t<\/div>\n\n<p>&nbsp;<\/p>\n<p>&nbsp;<\/p>\n<p>*******<\/p>\n<p>&nbsp;<\/p>\n","protected":false},"excerpt":{"rendered":"<p>SANTA GIUSTINA Da venerd\u00ec 2 a domenica 4 giugno gli atleti della squadra di categoria dell\u2019agonistica Ondablu (ragazzi, juniores, cadetti e seniores) hanno partecipato al 26\u00b0 meeting nazionale Italo Moretti che si \u00e8 svolto nello stadio del nuoto di Riccione. Oltre 2 mila gli atleti partecipanti provenienti da ogni parte d\u2019Italia e tra essi i&hellip;<\/p>\n","protected":false},"author":4,"featured_media":339327,"comment_status":"closed","ping_status":"closed","sticky":false,"template":"","format":"standard","meta":{"_monsterinsights_skip_tracking":false,"_monsterinsights_sitenote_active":false,"_monsterinsights_sitenote_note":"","_monsterinsights_sitenote_category":0,"footnotes":""},"categories":[104,49],"tags":[],"class_list":["post-339326","post","type-post","status-publish","format-standard","has-post-thumbnail","hentry","category-evidenza_3","category-news-18","category-104","category-49","description-off"],"img_url":"https:\/\/www.radiopiu.net\/wordpress\/wp-content\/uploads\/2023\/06\/Squadra-Categoria-Riccione.jpg","_links":{"self":[{"href":"https:\/\/www.radiopiu.net\/wordpress\/wp-json\/wp\/v2\/posts\/339326","targetHints":{"allow":["GET"]}}],"collection":[{"href":"https:\/\/www.radiopiu.net\/wordpress\/wp-json\/wp\/v2\/posts"}],"about":[{"href":"https:\/\/www.radiopiu.net\/wordpress\/wp-json\/wp\/v2\/types\/post"}],"author":[{"embeddable":true,"href":"https:\/\/www.radiopiu.net\/wordpress\/wp-json\/wp\/v2\/users\/4"}],"replies":[{"embeddable":true,"href":"https:\/\/www.radiopiu.net\/wordpress\/wp-json\/wp\/v2\/comments?post=339326"}],"version-history":[{"count":0,"href":"https:\/\/www.radiopiu.net\/wordpress\/wp-json\/wp\/v2\/posts\/339326\/revisions"}],"wp:featuredmedia":[{"embeddable":true,"href":"https:\/\/www.radiopiu.net\/wordpress\/wp-json\/wp\/v2\/media\/339327"}],"wp:attachment":[{"href":"https:\/\/www.radiopiu.net\/wordpress\/wp-json\/wp\/v2\/media?parent=339326"}],"wp:term":[{"taxonomy":"category","embeddable":true,"href":"https:\/\/www.radiopiu.net\/wordpress\/wp-json\/wp\/v2\/categories?post=339326"},{"taxonomy":"post_tag","embeddable":true,"href":"https:\/\/www.radiopiu.net\/wordpress\/wp-json\/wp\/v2\/tags?post=339326"}],"curies":[{"name":"wp","href":"https:\/\/api.w.org\/{rel}","templated":true}]}}