{"id":339356,"date":"2023-07-27T05:37:46","date_gmt":"2023-07-27T03:37:46","guid":{"rendered":"https:\/\/www.radiopiu.net\/wordpress\/?p=339356"},"modified":"2023-07-27T05:52:06","modified_gmt":"2023-07-27T03:52:06","slug":"pelmo-doro-a-san-tomaso-ricordando-pezzei-e-con-le-opere-di-mezzacasa","status":"publish","type":"post","link":"https:\/\/www.radiopiu.net\/wordpress\/pelmo-doro-a-san-tomaso-ricordando-pezzei-e-con-le-opere-di-mezzacasa\/","title":{"rendered":"PELMO D&#8217;ORO A SAN TOMASO RICORDANDO PEZZEI E CON LE OPERE DI MEZZACASA"},"content":{"rendered":"<p><strong><a class=\"dt-pswp-item\" href=\"https:\/\/www.radiopiu.net\/wordpress\/wp-content\/uploads\/2023\/05\/gli-impianti-sportivi-di-San-Tomaso-in-una-delle-due-giornate-dello-sport-scaled.jpg\" data-dt-img-description=\"\" data-large_image_width=\"2560\" data-large_image_height=\"1440\"><img loading=\"lazy\" decoding=\"async\" class=\"size-medium wp-image-336794 alignleft\" src=\"https:\/\/www.radiopiu.net\/wordpress\/wp-content\/uploads\/2023\/05\/gli-impianti-sportivi-di-San-Tomaso-in-una-delle-due-giornate-dello-sport-300x169.jpg\" alt=\"\" width=\"300\" height=\"169\" srcset=\"https:\/\/www.radiopiu.net\/wordpress\/wp-content\/uploads\/2023\/05\/gli-impianti-sportivi-di-San-Tomaso-in-una-delle-due-giornate-dello-sport-300x169.jpg 300w, https:\/\/www.radiopiu.net\/wordpress\/wp-content\/uploads\/2023\/05\/gli-impianti-sportivi-di-San-Tomaso-in-una-delle-due-giornate-dello-sport-1024x576.jpg 1024w, https:\/\/www.radiopiu.net\/wordpress\/wp-content\/uploads\/2023\/05\/gli-impianti-sportivi-di-San-Tomaso-in-una-delle-due-giornate-dello-sport-768x432.jpg 768w, https:\/\/www.radiopiu.net\/wordpress\/wp-content\/uploads\/2023\/05\/gli-impianti-sportivi-di-San-Tomaso-in-una-delle-due-giornate-dello-sport-1536x864.jpg 1536w, https:\/\/www.radiopiu.net\/wordpress\/wp-content\/uploads\/2023\/05\/gli-impianti-sportivi-di-San-Tomaso-in-una-delle-due-giornate-dello-sport-2048x1152.jpg 2048w\" sizes=\"auto, (max-width: 300px) 100vw, 300px\" \/><\/a>SAN TOMASO <\/strong><span style=\"color: #000000;\"><span style=\"font-family: Times New Roman, serif;\"><span style=\"font-size: medium;\"><span lang=\"it-IT\">Sar\u00e0 San Tomaso Agordino a ospitare la 25^ edizione del Premio Pelmo d\u2019Oro. <\/span><\/span><\/span><\/span><span style=\"color: #000000;\"><span style=\"font-family: Times New Roman, serif;\"><span style=\"font-size: medium;\"><span lang=\"it-IT\">L\u2019appuntamento con l\u2019attesa cerimonia \u00e8 per <\/span><span lang=\"it-IT\">sabato 29 luglio 2023 alle ore 10,15 nella struttura polifunzionale \u201cArena 1082\u201d posta in localit\u00e0 Al Pian<\/span><span lang=\"it-IT\">. <\/span><\/span><\/span><\/span><span style=\"color: #000000;\"><span style=\"font-family: Times New Roman, serif;\"><span style=\"font-size: medium;\"><span lang=\"it-IT\">La cerimonia<\/span><span lang=\"it-IT\"> del Premio si aprir\u00e0 con il simbolico passaggio di consegne tra il Comune di Vigo di Cadore, che ne ospit\u00f2 la precedente edizione, e il Comune di San Tomaso Agordino; e proseguir\u00e0, quindi, con la consegna dei premi 2023. <\/span><\/span><\/span><\/span><span style=\"color: #000000;\"><span style=\"font-family: Times New Roman, serif;\"><span style=\"font-size: medium;\"><span lang=\"it-IT\">A rendere speciale questa 25^ edizione contribuiranno l\u2019esibizione del Gruppo Folk \u201cBati Orz\u201d di San Tomaso Agordino e i brani proposti da Domenico Menini. <\/span><\/span><\/span><\/span><span style=\"color: #000000;\"><span style=\"font-family: Times New Roman, serif;\"><span style=\"font-size: medium;\"><span lang=\"it-IT\">Durante la cerimonia sar\u00e0 consegnato anche il Premio letterario \u201cAntonio Berti\u201d. <\/span><\/span><\/span><\/span><span lang=\"it-IT\">I premiati <\/span><span style=\"color: #000000;\"><span lang=\"it-IT\">Pelmo d\u2019Oro 2023 <\/span><\/span><span style=\"color: #000000;\"><span lang=\"it-IT\">sono: <\/span><\/span><span style=\"color: #000000;\"><span lang=\"it-IT\">Santiago (Santi) Padr\u00f2s<\/span><\/span><span style=\"color: #000000;\"><span lang=\"it-IT\"> per l\u2019alpinismo in attivit\u00e0, <\/span><\/span><span style=\"color: #000000;\"><span lang=\"it-IT\">Alessandro Masucci <\/span><\/span><span style=\"color: #000000;\"><span lang=\"it-IT\">per la carriera alpinistica, <\/span><\/span><span style=\"color: #000000;\"><span lang=\"it-IT\">Italo Zandonella Callegher<\/span><\/span><span style=\"color: #000000;\"><span lang=\"it-IT\"> per la cultura alpina. <\/span><\/span><span style=\"color: #000000;\"><span lang=\"it-IT\">Il Premio Speciale Dolomiti UNESCO sar\u00e0 assegnato all\u2019inglese <\/span><\/span><span style=\"color: #000000;\"><span lang=\"it-IT\">Alpine Club<\/span><\/span><span style=\"color: #000000;\"><span lang=\"it-IT\">, primo club alpino del mondo,<\/span><\/span> <span style=\"color: #000000;\"><span lang=\"it-IT\">e il Premio Speciale della Provincia di Belluno andr\u00e0 a <\/span><\/span><span style=\"color: #000000;\"><span lang=\"it-IT\">Oscar De Bona <\/span><\/span><span style=\"color: #000000;\"><span lang=\"it-IT\">e<\/span><\/span><span style=\"color: #000000;\"><span lang=\"it-IT\"> Roberto De Martin<\/span><\/span><span style=\"color: #000000;\"><span lang=\"it-IT\">, \u201cideatori\u201d del Premio stesso. Per finire il Premio Speciale \u201cGiuliano De Marchi\u201d viene assegnato alla memoria di <\/span><\/span><span style=\"color: #000000;\"><span lang=\"it-IT\">Silvana Rovis. <\/span><\/span><span lang=\"it-IT\">Oltre alla consueta scultura del Monte Pelmo, opera del maestro Gianni Pezzei, <\/span><span style=\"color: #000000;\"><span lang=\"it-IT\">vi saranno tre opere realizzate dallo scultore Albino Mezzacasa di La Valle Agordina.<\/span><\/span><\/p>\n<p><strong>SABATO DALLE 10 DIRETTA SUI CANALI DI RADIO PIU: FREQUENZE FM (SINTESI), FACEBOOK, TELEGRAM E SITO INTERNET WWW.RADIOPIU.NET. IN STREAMING IN TUTTO IL MONDO.\u00a0<\/strong><\/p>\n<p>&nbsp;<\/p>\n<p>&nbsp;<\/p>\n<hr \/>\n<p>&nbsp;<\/p>\n","protected":false},"excerpt":{"rendered":"<p>SAN TOMASO Sar\u00e0 San Tomaso Agordino a ospitare la 25^ edizione del Premio Pelmo d\u2019Oro. L\u2019appuntamento con l\u2019attesa cerimonia \u00e8 per sabato 29 luglio 2023 alle ore 10,15 nella struttura polifunzionale \u201cArena 1082\u201d posta in localit\u00e0 Al Pian. La cerimonia del Premio si aprir\u00e0 con il simbolico passaggio di consegne tra il Comune di Vigo&hellip;<\/p>\n","protected":false},"author":4,"featured_media":336794,"comment_status":"closed","ping_status":"closed","sticky":false,"template":"","format":"standard","meta":{"_monsterinsights_skip_tracking":false,"_monsterinsights_sitenote_active":false,"_monsterinsights_sitenote_note":"","_monsterinsights_sitenote_category":0,"footnotes":""},"categories":[104,49],"tags":[],"class_list":["post-339356","post","type-post","status-publish","format-standard","has-post-thumbnail","hentry","category-evidenza_3","category-news-18","category-104","category-49","description-off"],"img_url":"https:\/\/www.radiopiu.net\/wordpress\/wp-content\/uploads\/2023\/05\/gli-impianti-sportivi-di-San-Tomaso-in-una-delle-due-giornate-dello-sport-scaled.jpg","_links":{"self":[{"href":"https:\/\/www.radiopiu.net\/wordpress\/wp-json\/wp\/v2\/posts\/339356","targetHints":{"allow":["GET"]}}],"collection":[{"href":"https:\/\/www.radiopiu.net\/wordpress\/wp-json\/wp\/v2\/posts"}],"about":[{"href":"https:\/\/www.radiopiu.net\/wordpress\/wp-json\/wp\/v2\/types\/post"}],"author":[{"embeddable":true,"href":"https:\/\/www.radiopiu.net\/wordpress\/wp-json\/wp\/v2\/users\/4"}],"replies":[{"embeddable":true,"href":"https:\/\/www.radiopiu.net\/wordpress\/wp-json\/wp\/v2\/comments?post=339356"}],"version-history":[{"count":0,"href":"https:\/\/www.radiopiu.net\/wordpress\/wp-json\/wp\/v2\/posts\/339356\/revisions"}],"wp:featuredmedia":[{"embeddable":true,"href":"https:\/\/www.radiopiu.net\/wordpress\/wp-json\/wp\/v2\/media\/336794"}],"wp:attachment":[{"href":"https:\/\/www.radiopiu.net\/wordpress\/wp-json\/wp\/v2\/media?parent=339356"}],"wp:term":[{"taxonomy":"category","embeddable":true,"href":"https:\/\/www.radiopiu.net\/wordpress\/wp-json\/wp\/v2\/categories?post=339356"},{"taxonomy":"post_tag","embeddable":true,"href":"https:\/\/www.radiopiu.net\/wordpress\/wp-json\/wp\/v2\/tags?post=339356"}],"curies":[{"name":"wp","href":"https:\/\/api.w.org\/{rel}","templated":true}]}}