{"id":339399,"date":"2023-06-08T18:00:07","date_gmt":"2023-06-08T16:00:07","guid":{"rendered":"https:\/\/www.radiopiu.net\/wordpress\/?p=339399"},"modified":"2023-06-08T18:01:19","modified_gmt":"2023-06-08T16:01:19","slug":"339399-2","status":"publish","type":"post","link":"https:\/\/www.radiopiu.net\/wordpress\/339399-2\/","title":{"rendered":"FONTANA PRONTO A SCENDERE IN PISTA PER LA SECONDA TAPPA DEL CARRERA CUP"},"content":{"rendered":"<div class=\"flex-1 overflow-hidden\">\n<div class=\"react-scroll-to-bottom--css-awqoj-79elbk h-full dark:bg-gray-800\">\n<div class=\"react-scroll-to-bottom--css-awqoj-1n7m0yu\">\n<div class=\"flex flex-col text-sm dark:bg-gray-800\">\n<div class=\"group w-full text-gray-800 dark:text-gray-100 border-b border-black\/10 dark:border-gray-900\/50 bg-gray-50 dark:bg-[#444654]\">\n<div class=\"flex p-4 gap-4 text-base md:gap-6 md:max-w-2xl lg:max-w-[38rem] xl:max-w-3xl md:py-6 lg:px-0 m-auto\">\n<div class=\"relative flex w-[calc(100%-50px)] flex-col gap-1 md:gap-3 lg:w-[calc(100%-115px)]\">\n<div class=\"flex flex-grow flex-col gap-3\">\n<div class=\"min-h-[20px] flex flex-col items-start gap-4 whitespace-pre-wrap break-words\">\n<div class=\"markdown prose w-full break-words dark:prose-invert light\">\n<p><a class=\"dt-pswp-item\" href=\"https:\/\/www.radiopiu.net\/wordpress\/wp-content\/uploads\/2023\/06\/de99b50b-2045-4a42-72f3-dcef5ce0089d.jpg\" data-dt-img-description=\"\" data-large_image_width=\"1200\" data-large_image_height=\"1500\"><img loading=\"lazy\" decoding=\"async\" class=\"size-medium wp-image-339400 alignright\" src=\"https:\/\/www.radiopiu.net\/wordpress\/wp-content\/uploads\/2023\/06\/de99b50b-2045-4a42-72f3-dcef5ce0089d-240x300.jpg\" alt=\"\" width=\"240\" height=\"300\" srcset=\"https:\/\/www.radiopiu.net\/wordpress\/wp-content\/uploads\/2023\/06\/de99b50b-2045-4a42-72f3-dcef5ce0089d-240x300.jpg 240w, https:\/\/www.radiopiu.net\/wordpress\/wp-content\/uploads\/2023\/06\/de99b50b-2045-4a42-72f3-dcef5ce0089d-819x1024.jpg 819w, https:\/\/www.radiopiu.net\/wordpress\/wp-content\/uploads\/2023\/06\/de99b50b-2045-4a42-72f3-dcef5ce0089d-768x960.jpg 768w, https:\/\/www.radiopiu.net\/wordpress\/wp-content\/uploads\/2023\/06\/de99b50b-2045-4a42-72f3-dcef5ce0089d.jpg 1200w\" sizes=\"auto, (max-width: 240px) 100vw, 240px\" \/><\/a>La seconda tappa del campionato Porsche Carrera Cup Italia del 2023 si svolger\u00e0 dal 9 all&#8217;11 giugno presso il circuito di Vallelunga, vicino a Roma. Durante l&#8217;evento ci sar\u00e0 un intenso programma di appuntamenti, che inizier\u00e0 venerd\u00ec 9 giugno con i Pre-Race Official Test dalle 9:00 alle 13:00. Questi test daranno ai team e ai piloti l&#8217;opportunit\u00e0 di mettere a punto le auto in vista delle prove libere, delle qualifiche e delle due gare. A partire da quest&#8217;anno, le gare sono state estese a 30 minuti pi\u00f9 un giro. Il Team Ebimotors si presenter\u00e0 alla gara con i suoi tre piloti iscritti al campionato, consapevole che la tappa di Vallelunga potrebbe gi\u00e0 rivelare risultati importanti per il resto della stagione. Si prevede che le condizioni meteorologiche sul tortuoso circuito laziale siano buone, con temperature non eccessivamente calde. Il pilota bellunese Andrea Fontana, iscritto nella categoria PRO con il numero 9 e rappresentante del Centro Porsche Varese, punter\u00e0 a posizionarsi stabilmente nelle prime posizioni e affronta il weekend romano con ambizioni importanti. Entrambe le gare saranno trasmesse in diretta streaming sul <a class=\"dt-pswp-item\" href=\"https:\/\/www.radiopiu.net\/wordpress\/wp-content\/uploads\/2023\/06\/1e409fac-817d-5625-9df9-76418fbe9a80.png\" data-dt-img-description=\"\" data-large_image_width=\"1080\" data-large_image_height=\"734\"><img loading=\"lazy\" decoding=\"async\" class=\"wp-image-339401 alignleft\" src=\"https:\/\/www.radiopiu.net\/wordpress\/wp-content\/uploads\/2023\/06\/1e409fac-817d-5625-9df9-76418fbe9a80-300x204.png\" alt=\"\" width=\"207\" height=\"141\" srcset=\"https:\/\/www.radiopiu.net\/wordpress\/wp-content\/uploads\/2023\/06\/1e409fac-817d-5625-9df9-76418fbe9a80-300x204.png 300w, https:\/\/www.radiopiu.net\/wordpress\/wp-content\/uploads\/2023\/06\/1e409fac-817d-5625-9df9-76418fbe9a80-1024x696.png 1024w, https:\/\/www.radiopiu.net\/wordpress\/wp-content\/uploads\/2023\/06\/1e409fac-817d-5625-9df9-76418fbe9a80-768x522.png 768w, https:\/\/www.radiopiu.net\/wordpress\/wp-content\/uploads\/2023\/06\/1e409fac-817d-5625-9df9-76418fbe9a80.png 1080w\" sizes=\"auto, (max-width: 207px) 100vw, 207px\" \/><\/a>sito ufficiale della Porsche Carrera Cup Italia e in diretta televisiva su SKY SPORT ARENA (canale 204 di Sky). La seconda gara sar\u00e0 trasmessa anche in diretta gratuita su Cielo (canale 26 del digitale terrestre).<\/p>\n<\/div>\n<\/div>\n<\/div>\n<div class=\"flex justify-between lg:block\">\n<div class=\"text-xs flex items-center justify-center gap-1 self-center pt-2 !invisible\"><\/div>\n<\/div>\n<\/div>\n<\/div>\n<\/div>\n<\/div>\n<\/div>\n<\/div>\n<\/div>\n<div class=\"absolute bottom-0 left-0 w-full border-t md:border-t-0 dark:border-white\/20 md:border-transparent md:dark:border-transparent md:bg-vert-light-gradient bg-white dark:bg-gray-800 md:!bg-transparent dark:md:bg-vert-dark-gradient pt-2\">\n<form class=\"stretch mx-2 flex flex-row gap-3 last:mb-2 md:mx-4 md:last:mb-6 lg:mx-auto lg:max-w-2xl xl:max-w-3xl\">\n<div class=\"relative flex h-full flex-1 items-stretch md:flex-col\" role=\"presentation\">\n<div class=\"\">\n<div class=\"h-full flex ml-1 md:w-full md:m-auto md:mb-2 gap-0 md:gap-2 justify-center\">\n<blockquote>\n<div class=\"flex w-full gap-2 items-center justify-center\"><strong>ANDREA FONTANA<\/strong> <em class=\"\">&#8220;A Misano abbiamo fatto due belle gare in rimonta e abbiamo dimostrato di avere la velcoti\u00e0 per stare davanti ma il livello \u00e8 molto alto ed \u00e8 fondamentale fare una buona qualifica per partire nelle prime file e poter lottare ai gradini del podio! Sar\u00f2 importante lavorare bene col team nel pre-test di venerd\u00ec per ottimizzare la messa a punto della nostra Porsche!&#8221;<\/em><\/div>\n<\/blockquote>\n<\/div>\n<\/div>\n<\/div>\n<div><\/div>\n<div><\/div>\n<div><\/div>\n<div>\n<hr \/>\n<\/div>\n<\/form>\n<\/div>\n","protected":false},"excerpt":{"rendered":"<p>La seconda tappa del campionato Porsche Carrera Cup Italia del 2023 si svolger\u00e0 dal 9 all&#8217;11 giugno presso il circuito di Vallelunga, vicino a Roma. Durante l&#8217;evento ci sar\u00e0 un intenso programma di appuntamenti, che inizier\u00e0 venerd\u00ec 9 giugno con i Pre-Race Official Test dalle 9:00 alle 13:00. Questi test daranno ai team e ai&hellip;<\/p>\n","protected":false},"author":4,"featured_media":339401,"comment_status":"closed","ping_status":"closed","sticky":false,"template":"","format":"standard","meta":{"_monsterinsights_skip_tracking":false,"_monsterinsights_sitenote_active":false,"_monsterinsights_sitenote_note":"","_monsterinsights_sitenote_category":0,"footnotes":""},"categories":[104,49],"tags":[],"class_list":["post-339399","post","type-post","status-publish","format-standard","has-post-thumbnail","hentry","category-evidenza_3","category-news-18","category-104","category-49","description-off"],"img_url":"https:\/\/www.radiopiu.net\/wordpress\/wp-content\/uploads\/2023\/06\/1e409fac-817d-5625-9df9-76418fbe9a80.png","_links":{"self":[{"href":"https:\/\/www.radiopiu.net\/wordpress\/wp-json\/wp\/v2\/posts\/339399","targetHints":{"allow":["GET"]}}],"collection":[{"href":"https:\/\/www.radiopiu.net\/wordpress\/wp-json\/wp\/v2\/posts"}],"about":[{"href":"https:\/\/www.radiopiu.net\/wordpress\/wp-json\/wp\/v2\/types\/post"}],"author":[{"embeddable":true,"href":"https:\/\/www.radiopiu.net\/wordpress\/wp-json\/wp\/v2\/users\/4"}],"replies":[{"embeddable":true,"href":"https:\/\/www.radiopiu.net\/wordpress\/wp-json\/wp\/v2\/comments?post=339399"}],"version-history":[{"count":0,"href":"https:\/\/www.radiopiu.net\/wordpress\/wp-json\/wp\/v2\/posts\/339399\/revisions"}],"wp:featuredmedia":[{"embeddable":true,"href":"https:\/\/www.radiopiu.net\/wordpress\/wp-json\/wp\/v2\/media\/339401"}],"wp:attachment":[{"href":"https:\/\/www.radiopiu.net\/wordpress\/wp-json\/wp\/v2\/media?parent=339399"}],"wp:term":[{"taxonomy":"category","embeddable":true,"href":"https:\/\/www.radiopiu.net\/wordpress\/wp-json\/wp\/v2\/categories?post=339399"},{"taxonomy":"post_tag","embeddable":true,"href":"https:\/\/www.radiopiu.net\/wordpress\/wp-json\/wp\/v2\/tags?post=339399"}],"curies":[{"name":"wp","href":"https:\/\/api.w.org\/{rel}","templated":true}]}}