{"id":339417,"date":"2023-06-08T18:54:20","date_gmt":"2023-06-08T16:54:20","guid":{"rendered":"https:\/\/www.radiopiu.net\/wordpress\/?p=339417"},"modified":"2023-06-09T05:43:57","modified_gmt":"2023-06-09T03:43:57","slug":"davide-conedera-dottore-in-francia-le-congratulazioni-degli-amici","status":"publish","type":"post","link":"https:\/\/www.radiopiu.net\/wordpress\/davide-conedera-dottore-in-francia-le-congratulazioni-degli-amici\/","title":{"rendered":"DAVIDE CONEDERA, DOTTORE IN FRANCIA. LE CONGRATULAZIONI DEGLI AMICI"},"content":{"rendered":"<div class=\"flex-1 overflow-hidden\">\n<div class=\"react-scroll-to-bottom--css-awqoj-79elbk h-full dark:bg-gray-800\">\n<div class=\"react-scroll-to-bottom--css-awqoj-1n7m0yu\">\n<div class=\"flex flex-col text-sm dark:bg-gray-800\">\n<div class=\"group w-full text-gray-800 dark:text-gray-100 border-b border-black\/10 dark:border-gray-900\/50 bg-gray-50 dark:bg-[#444654]\">\n<div class=\"flex p-4 gap-4 text-base md:gap-6 md:max-w-2xl lg:max-w-[38rem] xl:max-w-3xl md:py-6 lg:px-0 m-auto\">\n<div class=\"relative flex w-[calc(100%-50px)] flex-col gap-1 md:gap-3 lg:w-[calc(100%-115px)]\">\n<div class=\"flex flex-grow flex-col gap-3\">\n<div class=\"min-h-[20px] flex flex-col items-start gap-4 whitespace-pre-wrap break-words\">\n<div class=\"markdown prose w-full break-words dark:prose-invert light\">\n<p><strong><a class=\"dt-pswp-item\" href=\"https:\/\/www.radiopiu.net\/wordpress\/wp-content\/uploads\/2023\/06\/e00e5e04-4560-4e53-a15d-de3f08f6e793.jpg\" data-dt-img-description=\"\" data-large_image_width=\"546\" data-large_image_height=\"449\"><img loading=\"lazy\" decoding=\"async\" class=\" wp-image-339420 alignleft\" src=\"https:\/\/www.radiopiu.net\/wordpress\/wp-content\/uploads\/2023\/06\/e00e5e04-4560-4e53-a15d-de3f08f6e793-300x247.jpg\" alt=\"\" width=\"270\" height=\"222\" srcset=\"https:\/\/www.radiopiu.net\/wordpress\/wp-content\/uploads\/2023\/06\/e00e5e04-4560-4e53-a15d-de3f08f6e793-300x247.jpg 300w, https:\/\/www.radiopiu.net\/wordpress\/wp-content\/uploads\/2023\/06\/e00e5e04-4560-4e53-a15d-de3f08f6e793.jpg 546w\" sizes=\"auto, (max-width: 270px) 100vw, 270px\" \/><\/a>FRANCIA_AGORDO<\/strong>\u00a0 Davide Conedera,\u00a0 studente dell&#8217;Universit\u00e0 di Lione 1 ha presentato una tesi di laurea magistrale in Scienze della Terra sull&#8217;osteologia e la filogenesi di Arambourgia gaudryi, un alligatoroide fossile proveniente dall&#8217;Eocene del Quercy, in Francia. La ricerca, condotta nell&#8217;ambito dell&#8217;indirizzo &#8220;Paleontologia, Sedimentologia, Paleoambienti&#8221;, ha fornito nuove informazioni sulla storia evolutiva di questa antica specie. Davide, ha dedicato anni di studio a questo fossile raro e prezioso, cercando di ricostruire la sua struttura ossea e la sua posizione all&#8217;interno dell&#8217;albero filogenetico degli alligatoroidi.\u00a0 Arambourgia gaudryi \u00e8 stato scoperto nella regione del Quercy, una zona ricca di siti fossiliferi che risalgono all&#8217;Eocene, un&#8217;epoca geologica che si estese tra 56 e 33,9 milioni di anni fa.\u00a0 Il professore supervisore della tesi ha elogiato il lavoro svolto dallo studente, sottolineando l&#8217;approccio meticoloso e l&#8217;impegno dimostrati nella ricerca paleontologica. Si spera che questo studio stimoli ulteriori ricerche sulla fauna fossile del Quercy e porti a nuove scoperte sulla storia evolutiva degli alligatoroidi e degli altri rettili dell&#8217;Eocene.<\/p>\n<blockquote><p><em><a class=\"dt-pswp-item\" href=\"https:\/\/www.radiopiu.net\/wordpress\/wp-content\/uploads\/2018\/07\/Davide-Conedera.jpg\" data-dt-img-description=\"\" data-large_image_width=\"1200\" data-large_image_height=\"1600\"><img loading=\"lazy\" decoding=\"async\" class=\"wp-image-53378 alignright\" src=\"https:\/\/www.radiopiu.net\/wordpress\/wp-content\/uploads\/2018\/07\/Davide-Conedera-225x300.jpg\" alt=\"\" width=\"131\" height=\"175\" srcset=\"https:\/\/www.radiopiu.net\/wordpress\/wp-content\/uploads\/2018\/07\/Davide-Conedera-225x300.jpg 225w, https:\/\/www.radiopiu.net\/wordpress\/wp-content\/uploads\/2018\/07\/Davide-Conedera-768x1024.jpg 768w, https:\/\/www.radiopiu.net\/wordpress\/wp-content\/uploads\/2018\/07\/Davide-Conedera.jpg 1200w\" sizes=\"auto, (max-width: 131px) 100vw, 131px\" \/><\/a>La tesi \u00e8 stata presentata davanti a una commissione di esperti accademici ed \u00e8 stata valutata positivamente, attestando l&#8217;eccellenza e la qualit\u00e0 della formazione offerta dall&#8217;Universit\u00e0 di Lione 1 nel campo delle Scienze della Terra e della Paleontologia.<\/em><\/p><\/blockquote>\n<\/div>\n<\/div>\n<\/div>\n<div class=\"flex justify-between lg:block\">\n<div class=\"text-xs flex items-center justify-center gap-1 self-center pt-2 !invisible\">\u00a0A Davide, spesso voce di RADIOPIU con i programmi del Musla e nel nostro dialetto, le congratulazione della redazione che volentieri si unisce al coro degli amici<\/div>\n<div><\/div>\n<div>audio<\/div>\n<div class=\"text-xs flex items-center justify-center gap-1 self-center pt-2 !invisible\">\n<audio class=\"wp-audio-shortcode\" id=\"audio-339417-1\" preload=\"none\" style=\"width: 100%;\" controls=\"controls\"><source type=\"audio\/mpeg\" src=\"https:\/\/www.radiopiu.net\/wordpress\/wp-content\/uploads\/2023\/06\/davide-auguri.mp3?_=1\" \/><a href=\"https:\/\/www.radiopiu.net\/wordpress\/wp-content\/uploads\/2023\/06\/davide-auguri.mp3\">https:\/\/www.radiopiu.net\/wordpress\/wp-content\/uploads\/2023\/06\/davide-auguri.mp3<\/a><\/audio>\n<p>&nbsp;<\/p>\n<p>&nbsp;<\/p>\n<hr \/>\n<\/div>\n<\/div>\n<\/div>\n<\/div>\n<\/div>\n<\/div>\n<\/div>\n<\/div>\n<\/div>\n<div class=\"absolute bottom-0 left-0 w-full border-t md:border-t-0 dark:border-white\/20 md:border-transparent md:dark:border-transparent md:bg-vert-light-gradient bg-white dark:bg-gray-800 md:!bg-transparent dark:md:bg-vert-dark-gradient pt-2\">\n<form class=\"stretch mx-2 flex flex-row gap-3 last:mb-2 md:mx-4 md:last:mb-6 lg:mx-auto lg:max-w-2xl xl:max-w-3xl\">\n<div class=\"relative flex h-full flex-1 items-stretch md:flex-col\" role=\"presentation\">\n<div class=\"\">\n<div class=\"h-full flex ml-1 md:w-full md:m-auto md:mb-2 gap-0 md:gap-2 justify-center\"><\/div>\n<\/div>\n<\/div>\n<\/form>\n<\/div>\n","protected":false},"excerpt":{"rendered":"<p>FRANCIA_AGORDO\u00a0 Davide Conedera,\u00a0 studente dell&#8217;Universit\u00e0 di Lione 1 ha presentato una tesi di laurea magistrale in Scienze della Terra sull&#8217;osteologia e la filogenesi di Arambourgia gaudryi, un alligatoroide fossile proveniente dall&#8217;Eocene del Quercy, in Francia. La ricerca, condotta nell&#8217;ambito dell&#8217;indirizzo &#8220;Paleontologia, Sedimentologia, Paleoambienti&#8221;, ha fornito nuove informazioni sulla storia evolutiva di questa antica specie. Davide,&hellip;<\/p>\n","protected":false},"author":4,"featured_media":339419,"comment_status":"closed","ping_status":"closed","sticky":false,"template":"","format":"standard","meta":{"_monsterinsights_skip_tracking":false,"_monsterinsights_sitenote_active":false,"_monsterinsights_sitenote_note":"","_monsterinsights_sitenote_category":0,"footnotes":""},"categories":[104,49],"tags":[],"class_list":["post-339417","post","type-post","status-publish","format-standard","has-post-thumbnail","hentry","category-evidenza_3","category-news-18","category-104","category-49","description-off"],"img_url":"https:\/\/www.radiopiu.net\/wordpress\/wp-content\/uploads\/2023\/06\/bd23a31b-b15f-4745-8310-619c6367bf00.jpg","_links":{"self":[{"href":"https:\/\/www.radiopiu.net\/wordpress\/wp-json\/wp\/v2\/posts\/339417","targetHints":{"allow":["GET"]}}],"collection":[{"href":"https:\/\/www.radiopiu.net\/wordpress\/wp-json\/wp\/v2\/posts"}],"about":[{"href":"https:\/\/www.radiopiu.net\/wordpress\/wp-json\/wp\/v2\/types\/post"}],"author":[{"embeddable":true,"href":"https:\/\/www.radiopiu.net\/wordpress\/wp-json\/wp\/v2\/users\/4"}],"replies":[{"embeddable":true,"href":"https:\/\/www.radiopiu.net\/wordpress\/wp-json\/wp\/v2\/comments?post=339417"}],"version-history":[{"count":0,"href":"https:\/\/www.radiopiu.net\/wordpress\/wp-json\/wp\/v2\/posts\/339417\/revisions"}],"wp:featuredmedia":[{"embeddable":true,"href":"https:\/\/www.radiopiu.net\/wordpress\/wp-json\/wp\/v2\/media\/339419"}],"wp:attachment":[{"href":"https:\/\/www.radiopiu.net\/wordpress\/wp-json\/wp\/v2\/media?parent=339417"}],"wp:term":[{"taxonomy":"category","embeddable":true,"href":"https:\/\/www.radiopiu.net\/wordpress\/wp-json\/wp\/v2\/categories?post=339417"},{"taxonomy":"post_tag","embeddable":true,"href":"https:\/\/www.radiopiu.net\/wordpress\/wp-json\/wp\/v2\/tags?post=339417"}],"curies":[{"name":"wp","href":"https:\/\/api.w.org\/{rel}","templated":true}]}}