{"id":339422,"date":"2023-06-08T05:28:27","date_gmt":"2023-06-08T03:28:27","guid":{"rendered":"https:\/\/www.radiopiu.net\/wordpress\/?p=339422"},"modified":"2023-06-09T05:39:20","modified_gmt":"2023-06-09T03:39:20","slug":"agricoltore-deceduto-durante-il-lavoro-intervento-dei-vigili-del-fuoco","status":"publish","type":"post","link":"https:\/\/www.radiopiu.net\/wordpress\/agricoltore-deceduto-durante-il-lavoro-intervento-dei-vigili-del-fuoco\/","title":{"rendered":"Agricoltore deceduto durante il lavoro, intervento dei vigili del fuoco"},"content":{"rendered":"<div class=\"flex-1 overflow-hidden\">\n<div class=\"react-scroll-to-bottom--css-jhtzq-79elbk h-full dark:bg-gray-800\">\n<div class=\"react-scroll-to-bottom--css-jhtzq-1n7m0yu\">\n<div class=\"flex flex-col text-sm dark:bg-gray-800\">\n<div class=\"group w-full text-gray-800 dark:text-gray-100 border-b border-black\/10 dark:border-gray-900\/50 bg-gray-50 dark:bg-[#444654]\">\n<div class=\"flex p-4 gap-4 text-base md:gap-6 md:max-w-2xl lg:max-w-[38rem] xl:max-w-3xl md:py-6 lg:px-0 m-auto\">\n<div class=\"relative flex w-[calc(100%-50px)] flex-col gap-1 md:gap-3 lg:w-[calc(100%-115px)]\">\n<div class=\"flex flex-grow flex-col gap-3\">\n<div class=\"min-h-[20px] flex flex-col items-start gap-4 whitespace-pre-wrap break-words\">\n<div class=\"result-streaming markdown prose w-full break-words dark:prose-invert light\">\n<blockquote><p><em>Denis Stefani, 54 anni, residente a Grigno, in provincia di Trento, \u00e8 stato trovato senza vita nel prato che si era recato a sfalciare in localit\u00e0 Baia, nella parte alta della frazione di Arina. L&#8217;allarme \u00e8 stato attivato intorno alle 16 di ieri quando chi cercava di contattarlo al telefono continuava a non ricevere risposta.<\/em><\/p><\/blockquote>\n<p><strong><a class=\"dt-pswp-item\" href=\"https:\/\/www.radiopiu.net\/wordpress\/wp-content\/uploads\/2023\/06\/1a464bcc-58e1-4016-8793-45328fc9beb9.jpg\" data-dt-img-description=\"\" data-large_image_width=\"960\" data-large_image_height=\"718\"><img loading=\"lazy\" decoding=\"async\" class=\"size-medium wp-image-339424 alignleft\" src=\"https:\/\/www.radiopiu.net\/wordpress\/wp-content\/uploads\/2023\/06\/1a464bcc-58e1-4016-8793-45328fc9beb9-300x224.jpg\" alt=\"\" width=\"300\" height=\"224\" srcset=\"https:\/\/www.radiopiu.net\/wordpress\/wp-content\/uploads\/2023\/06\/1a464bcc-58e1-4016-8793-45328fc9beb9-300x224.jpg 300w, https:\/\/www.radiopiu.net\/wordpress\/wp-content\/uploads\/2023\/06\/1a464bcc-58e1-4016-8793-45328fc9beb9-768x574.jpg 768w, https:\/\/www.radiopiu.net\/wordpress\/wp-content\/uploads\/2023\/06\/1a464bcc-58e1-4016-8793-45328fc9beb9.jpg 960w\" sizes=\"auto, (max-width: 300px) 100vw, 300px\" \/><\/a>LAMON<\/strong> Sotto il sole di Lamon, una tragedia ha colpito la comunit\u00e0 locale: un agricoltore Denis Stefani \u00e8 stato trovato privo di vita\u00a0 durante una giornata di lavoro. Gli eventi si sono svolti nella localit\u00e0 Baia, attirando l&#8217;attenzione dei soccorritori ieri alle\u00a0 15:50. L&#8217;uomo,\u00a0 stava lavorando con un decespugliatore quando, improvvisamente, ha accusato un probabile malore.<\/p>\n<p>Una volta ricevuto l&#8217;allarme, i vigili del fuoco hanno raggiunto prontamente il luogo dell&#8217;incidente. Purtroppo, nonostante i loro sforzi e il tempestivo arrivo del personale sanitario del Suem, non \u00e8 stato possibile salvare la vita dell&#8217;agricoltore. Gli operatori sanitari hanno dovuto dichiarare il decesso sul posto, lasciando una traccia di tristezza e dolore nella comunit\u00e0. I carabinieri e i vigili del fuoco volontari di Castel Tesino hanno lavorato in collaborazione per stabilire le circostanze che hanno portato alla tragica scomparsa dell&#8217;agricoltore. La notizia della morte dell&#8217;agricoltore ha scosso profondamente la comunit\u00e0 di Lamon e i suoi dintorni. L&#8217;uomo era ben conosciuto nella zona, apprezzato per la sua dedizione al lavoro agricolo<\/p>\n<p><strong>LA MORTE PER:<\/strong> un importante trauma sulla fronte. Una possibilit\u00e0 \u00e8 quella che Stefani si sia avvicinato alla scarpata, abbia perduto il controllo dell&#8217;attrezzo che potrebbe averlo trascinato gi\u00f9 per la scarpata sbattendo la testa contro uno spigolo dello stessa motofalciatrice o contro il sasso<\/p>\n<p>&nbsp;<\/p>\n<\/div>\n<\/div>\n<\/div>\n<\/div>\n<\/div>\n<\/div>\n<\/div>\n<p>&nbsp;<\/p>\n<\/div>\n<\/div>\n<\/div>\n<div class=\"absolute bottom-0 left-0 w-full border-t md:border-t-0 dark:border-white\/20 md:border-transparent md:dark:border-transparent md:bg-vert-light-gradient bg-white dark:bg-gray-800 md:!bg-transparent dark:md:bg-vert-dark-gradient pt-2\">\n<form class=\"stretch mx-2 flex flex-row gap-3 last:mb-2 md:mx-4 md:last:mb-6 lg:mx-auto lg:max-w-2xl xl:max-w-3xl\">\n<div class=\"relative flex h-full flex-1 items-stretch md:flex-col\" role=\"presentation\">\n<div class=\"\">\n<div class=\"h-full flex ml-1 md:w-full md:m-auto md:mb-2 gap-0 md:gap-2 justify-center\"><\/div>\n<\/div>\n<\/div>\n<\/form>\n<\/div>\n","protected":false},"excerpt":{"rendered":"<p>Denis Stefani, 54 anni, residente a Grigno, in provincia di Trento, \u00e8 stato trovato senza vita nel prato che si era recato a sfalciare in localit\u00e0 Baia, nella parte alta della frazione di Arina. L&#8217;allarme \u00e8 stato attivato intorno alle 16 di ieri quando chi cercava di contattarlo al telefono continuava a non ricevere risposta.&hellip;<\/p>\n","protected":false},"author":4,"featured_media":339423,"comment_status":"closed","ping_status":"closed","sticky":false,"template":"","format":"standard","meta":{"_monsterinsights_skip_tracking":false,"_monsterinsights_sitenote_active":false,"_monsterinsights_sitenote_note":"","_monsterinsights_sitenote_category":0,"footnotes":""},"categories":[51,49],"tags":[],"class_list":["post-339422","post","type-post","status-publish","format-standard","has-post-thumbnail","hentry","category-evidenza-top","category-news-18","category-51","category-49","description-off"],"img_url":"https:\/\/www.radiopiu.net\/wordpress\/wp-content\/uploads\/2023\/06\/079bb8fb-2aae-4168-a1c4-106067276d15.jpg","_links":{"self":[{"href":"https:\/\/www.radiopiu.net\/wordpress\/wp-json\/wp\/v2\/posts\/339422","targetHints":{"allow":["GET"]}}],"collection":[{"href":"https:\/\/www.radiopiu.net\/wordpress\/wp-json\/wp\/v2\/posts"}],"about":[{"href":"https:\/\/www.radiopiu.net\/wordpress\/wp-json\/wp\/v2\/types\/post"}],"author":[{"embeddable":true,"href":"https:\/\/www.radiopiu.net\/wordpress\/wp-json\/wp\/v2\/users\/4"}],"replies":[{"embeddable":true,"href":"https:\/\/www.radiopiu.net\/wordpress\/wp-json\/wp\/v2\/comments?post=339422"}],"version-history":[{"count":0,"href":"https:\/\/www.radiopiu.net\/wordpress\/wp-json\/wp\/v2\/posts\/339422\/revisions"}],"wp:featuredmedia":[{"embeddable":true,"href":"https:\/\/www.radiopiu.net\/wordpress\/wp-json\/wp\/v2\/media\/339423"}],"wp:attachment":[{"href":"https:\/\/www.radiopiu.net\/wordpress\/wp-json\/wp\/v2\/media?parent=339422"}],"wp:term":[{"taxonomy":"category","embeddable":true,"href":"https:\/\/www.radiopiu.net\/wordpress\/wp-json\/wp\/v2\/categories?post=339422"},{"taxonomy":"post_tag","embeddable":true,"href":"https:\/\/www.radiopiu.net\/wordpress\/wp-json\/wp\/v2\/tags?post=339422"}],"curies":[{"name":"wp","href":"https:\/\/api.w.org\/{rel}","templated":true}]}}