{"id":339464,"date":"2023-06-09T05:27:45","date_gmt":"2023-06-09T03:27:45","guid":{"rendered":"https:\/\/www.radiopiu.net\/wordpress\/?p=339464"},"modified":"2023-06-09T05:38:40","modified_gmt":"2023-06-09T03:38:40","slug":"aggressione-al-bar-levego-ferito-mentre-gusta-il-gelato","status":"publish","type":"post","link":"https:\/\/www.radiopiu.net\/wordpress\/aggressione-al-bar-levego-ferito-mentre-gusta-il-gelato\/","title":{"rendered":"AGGRESSIONE AL BAR LEVEGO, FERITO MENTRE GUSTA IL GELATO"},"content":{"rendered":"<p><img loading=\"lazy\" decoding=\"async\" class=\"alignleft\" src=\"https:\/\/www.radiopiu.net\/wordpress\/wp-content\/uploads\/2022\/08\/295832323_428597342649333_2091359398335650946_n.jpg\" width=\"253\" height=\"316\" \/><strong>BELLUNO<\/strong> Un tranquillo pomeriggio al Bar di Levego \u00e8 stato improvvisamente scosso da un violento incidente che ha visto un uomo di passaggio coinvolto in una lite che si \u00e8 conclusa con un&#8217;aggressione brutale. Mentre gustava un gelato al culmine della discussione, l&#8217;uomo \u00e8 stato colpito da un bastone, costringendolo a farsi ricoverare d&#8217;urgenza in ospedale dove gli sono stati applicati 10 punti di sutura. L&#8217;aggressione \u00e8 avvenuta intorno alle 15:30, creando un&#8217;atmosfera di terrore e confusione tra i presenti. La vittima, la cui identit\u00e0 non \u00e8 stata ancora resa nota, si trovava al bar come cliente di passaggio, mentre l&#8217;aggressore sembra essere un frequentatore abituale della zona. La polizia\u00a0 \u00e8 intervenuta prontamente dopo essere stata allertata dell&#8217;incidente e ha avviato un&#8217;indagine approfondita per identificare il responsabile dell&#8217;attacco e determinare i motivi che hanno portato a una tale escalation di violenza. Secondo i testimoni oculari, la discussione tra i due uomini \u00e8 iniziata in modo apparentemente banale, ma si \u00e8 rapidamente trasformata in una lite acrimoniosa. Le ragioni esatte dietro lo scoppio della disputa rimangono ancora sconosciute, ma le fonti indicano che potrebbe esserci stato un contrasto di opinioni o divergenze personali tra i due individui coinvolti.\u00a0 L&#8217;aggressore ha lasciato precipitosamente la scena, facendo sorgere ulteriori domande sulla sua identit\u00e0 e sul motivo del suo gesto violento. La polizia ha raccolto testimonianze, visionato le registrazioni e sta analizzando altre prove per riuscire a identificare l&#8217;uomo e procedere con le necessarie azioni legali. Nel frattempo, la vittima \u00e8 stata trasportata d&#8217;urgenza in ospedale, dove \u00e8 stata sottoposta a un intervento chirurgico per chiudere la profonda ferita causata dal colpo di bastone. Fortunatamente, non sono state riportate lesioni gravi oltre alle sutura.<\/p>\n","protected":false},"excerpt":{"rendered":"<p>BELLUNO Un tranquillo pomeriggio al Bar di Levego \u00e8 stato improvvisamente scosso da un violento incidente che ha visto un uomo di passaggio coinvolto in una lite che si \u00e8 conclusa con un&#8217;aggressione brutale. Mentre gustava un gelato al culmine della discussione, l&#8217;uomo \u00e8 stato colpito da un bastone, costringendolo a farsi ricoverare d&#8217;urgenza in&hellip;<\/p>\n","protected":false},"author":4,"featured_media":293577,"comment_status":"closed","ping_status":"closed","sticky":false,"template":"","format":"standard","meta":{"_monsterinsights_skip_tracking":false,"_monsterinsights_sitenote_active":false,"_monsterinsights_sitenote_note":"","_monsterinsights_sitenote_category":0,"footnotes":""},"categories":[51,49],"tags":[],"class_list":["post-339464","post","type-post","status-publish","format-standard","has-post-thumbnail","hentry","category-evidenza-top","category-news-18","category-51","category-49","description-off"],"img_url":"https:\/\/www.radiopiu.net\/wordpress\/wp-content\/uploads\/2022\/08\/295832323_428597342649333_2091359398335650946_n.jpg","_links":{"self":[{"href":"https:\/\/www.radiopiu.net\/wordpress\/wp-json\/wp\/v2\/posts\/339464","targetHints":{"allow":["GET"]}}],"collection":[{"href":"https:\/\/www.radiopiu.net\/wordpress\/wp-json\/wp\/v2\/posts"}],"about":[{"href":"https:\/\/www.radiopiu.net\/wordpress\/wp-json\/wp\/v2\/types\/post"}],"author":[{"embeddable":true,"href":"https:\/\/www.radiopiu.net\/wordpress\/wp-json\/wp\/v2\/users\/4"}],"replies":[{"embeddable":true,"href":"https:\/\/www.radiopiu.net\/wordpress\/wp-json\/wp\/v2\/comments?post=339464"}],"version-history":[{"count":0,"href":"https:\/\/www.radiopiu.net\/wordpress\/wp-json\/wp\/v2\/posts\/339464\/revisions"}],"wp:featuredmedia":[{"embeddable":true,"href":"https:\/\/www.radiopiu.net\/wordpress\/wp-json\/wp\/v2\/media\/293577"}],"wp:attachment":[{"href":"https:\/\/www.radiopiu.net\/wordpress\/wp-json\/wp\/v2\/media?parent=339464"}],"wp:term":[{"taxonomy":"category","embeddable":true,"href":"https:\/\/www.radiopiu.net\/wordpress\/wp-json\/wp\/v2\/categories?post=339464"},{"taxonomy":"post_tag","embeddable":true,"href":"https:\/\/www.radiopiu.net\/wordpress\/wp-json\/wp\/v2\/tags?post=339464"}],"curies":[{"name":"wp","href":"https:\/\/api.w.org\/{rel}","templated":true}]}}