{"id":339532,"date":"2023-06-10T05:33:41","date_gmt":"2023-06-10T03:33:41","guid":{"rendered":"https:\/\/www.radiopiu.net\/wordpress\/?p=339532"},"modified":"2023-06-10T05:37:17","modified_gmt":"2023-06-10T03:37:17","slug":"ecocentro-la-valle-agordina-chiusura-temporanea-a-causa-dei-lavori-su-sp347","status":"publish","type":"post","link":"https:\/\/www.radiopiu.net\/wordpress\/ecocentro-la-valle-agordina-chiusura-temporanea-a-causa-dei-lavori-su-sp347\/","title":{"rendered":"ECOCENTRO LA VALLE AGORDINA: CHIUSURA TEMPORANEA A CAUSA DEI LAVORI SU SP347"},"content":{"rendered":"<p><strong><a class=\"dt-pswp-item\" href=\"https:\/\/www.radiopiu.net\/wordpress\/wp-content\/uploads\/2021\/10\/VALPE.png\" data-dt-img-description=\"\" data-large_image_width=\"800\" data-large_image_height=\"400\"><img loading=\"lazy\" decoding=\"async\" class=\" wp-image-236977 alignleft\" src=\"https:\/\/www.radiopiu.net\/wordpress\/wp-content\/uploads\/2021\/10\/VALPE-300x150.png\" alt=\"\" width=\"170\" height=\"85\" srcset=\"https:\/\/www.radiopiu.net\/wordpress\/wp-content\/uploads\/2021\/10\/VALPE-300x150.png 300w, https:\/\/www.radiopiu.net\/wordpress\/wp-content\/uploads\/2021\/10\/VALPE-768x384.png 768w, https:\/\/www.radiopiu.net\/wordpress\/wp-content\/uploads\/2021\/10\/VALPE.png 800w\" sizes=\"auto, (max-width: 170px) 100vw, 170px\" \/><\/a>AGORDO <\/strong>Valpe Ambiente avvisa che a causa della chiusura al traffico della strada provinciale SP347 per la ricostruzione del ponte in centro paese, l\u2019Ecocentro di La Valle Agordina rimarr\u00e0 chiuso al pubblico da martedi 13 giugno a giovedi 13 luglio. Durante questo periodo l&#8217;Ecocentro sovracomunale di Agordo-Taibon verr\u00e0 potenziato con un&#8217;apertura aggiuntiva il gioved\u00ec pomeriggio dalle ore 14 alle 17. Per ulteriori informazioni \u00e8 possibile contattare il numero verde 800.94.76.73 o scrivere a <a href=\"mailto:info@valpeambiente.it\">info@valpeambiente.it <\/a>Si ricorda che le utenze possono accedere a qualsiasi Ecocentro del territorio dell\u2019Unione Montana Agordina, verificando sedi e orari di apertura su\u00a0 <a href=\"https:\/\/valpeambiente.it\/p\/gestione-rifiuti\/servizi-per-i-cittadini-non-residenti-ae-unione-montana-agordina\">valpeambiente.it<\/a><\/p>\n<p>&nbsp;<\/p>\n<p>&nbsp;<\/p>\n<p>******<\/p>\n","protected":false},"excerpt":{"rendered":"<p>AGORDO Valpe Ambiente avvisa che a causa della chiusura al traffico della strada provinciale SP347 per la ricostruzione del ponte in centro paese, l\u2019Ecocentro di La Valle Agordina rimarr\u00e0 chiuso al pubblico da martedi 13 giugno a giovedi 13 luglio. Durante questo periodo l&#8217;Ecocentro sovracomunale di Agordo-Taibon verr\u00e0 potenziato con un&#8217;apertura aggiuntiva il gioved\u00ec pomeriggio&hellip;<\/p>\n","protected":false},"author":4,"featured_media":236977,"comment_status":"closed","ping_status":"closed","sticky":false,"template":"","format":"standard","meta":{"_monsterinsights_skip_tracking":false,"_monsterinsights_sitenote_active":false,"_monsterinsights_sitenote_note":"","_monsterinsights_sitenote_category":0,"footnotes":""},"categories":[51,49],"tags":[],"class_list":["post-339532","post","type-post","status-publish","format-standard","has-post-thumbnail","hentry","category-evidenza-top","category-news-18","category-51","category-49","description-off"],"img_url":"https:\/\/www.radiopiu.net\/wordpress\/wp-content\/uploads\/2021\/10\/VALPE.png","_links":{"self":[{"href":"https:\/\/www.radiopiu.net\/wordpress\/wp-json\/wp\/v2\/posts\/339532","targetHints":{"allow":["GET"]}}],"collection":[{"href":"https:\/\/www.radiopiu.net\/wordpress\/wp-json\/wp\/v2\/posts"}],"about":[{"href":"https:\/\/www.radiopiu.net\/wordpress\/wp-json\/wp\/v2\/types\/post"}],"author":[{"embeddable":true,"href":"https:\/\/www.radiopiu.net\/wordpress\/wp-json\/wp\/v2\/users\/4"}],"replies":[{"embeddable":true,"href":"https:\/\/www.radiopiu.net\/wordpress\/wp-json\/wp\/v2\/comments?post=339532"}],"version-history":[{"count":0,"href":"https:\/\/www.radiopiu.net\/wordpress\/wp-json\/wp\/v2\/posts\/339532\/revisions"}],"wp:featuredmedia":[{"embeddable":true,"href":"https:\/\/www.radiopiu.net\/wordpress\/wp-json\/wp\/v2\/media\/236977"}],"wp:attachment":[{"href":"https:\/\/www.radiopiu.net\/wordpress\/wp-json\/wp\/v2\/media?parent=339532"}],"wp:term":[{"taxonomy":"category","embeddable":true,"href":"https:\/\/www.radiopiu.net\/wordpress\/wp-json\/wp\/v2\/categories?post=339532"},{"taxonomy":"post_tag","embeddable":true,"href":"https:\/\/www.radiopiu.net\/wordpress\/wp-json\/wp\/v2\/tags?post=339532"}],"curies":[{"name":"wp","href":"https:\/\/api.w.org\/{rel}","templated":true}]}}