{"id":339664,"date":"2023-06-10T07:55:19","date_gmt":"2023-06-10T05:55:19","guid":{"rendered":"https:\/\/www.radiopiu.net\/wordpress\/?p=339664"},"modified":"2023-06-10T08:40:30","modified_gmt":"2023-06-10T06:40:30","slug":"dal-1983-dal-25-giugno-1983-la-rassegna-stampa-di-radiopiu-alle-otto-del-mattino","status":"publish","type":"post","link":"https:\/\/www.radiopiu.net\/wordpress\/dal-1983-dal-25-giugno-1983-la-rassegna-stampa-di-radiopiu-alle-otto-del-mattino\/","title":{"rendered":"DAL 1983, DAL 25 GIUGNO 1983: LA RASSEGNA STAMPA DI RADIOPIU ALLE OTTO DEL MATTINO"},"content":{"rendered":"<p>&nbsp;<\/p>\n<p>https:\/\/www.facebook.com\/Mirkomezziano\/videos\/6359794914057654<\/p>\n<p>&nbsp;<\/p>\n<p><strong>ALPAGO<\/strong> Bancarotta fraudolenta da 6 milioni di euro alla Ic Group: l&#8217;amministratore di fatto dell&#8217;azienda alpagota, Italo Calvi, si \u00e8 consegnato nei giorni scorsi ed \u00e8 ora detenuto nel carcere milanese di Opera. Il primo giugno la Cassazione ha dichiarato inammissibile il ricorso contro la condanna in Appello a cinque anni e sei mesi, rendendola definitiva. L&#8217;uomo \u00e8 difeso dagli avvocati marchigiani Simone Valenti e Olimpia Frapiccini.<br \/>\n<strong>LONGARONE<\/strong> La comunit\u00e0 \u00e8 in lutto per la perdita di una delle figure pi\u00f9 importanti del volontariato: Claudio Sacchet, vigile del fuoco e presidente della Fraternita di Misericordia, \u00e8 scomparso nella notte tra gioved\u00ec e ieri. Aveva 60 anni ed era in pensione dal luglio scorso, ma continuava a dedicarsi al suo impegno come vigile del fuoco volontario a Longarone.<br \/>\n<strong>ROCCA PIETORE<\/strong> Aveva 35 anni, l\u2019uomo di nazionalit\u00e0 ceka (in viaggio su una Bmw con targa polacca) che ha perso la vita gioved\u00ec sera lungo la SP 641 del Passo Fedaia, nella zona di Baita Dovich a Malga Ciapela, alle 19 lo schianto contro un camion parcheggiato fuori dalla strada in uno spiazzo. Le indagini sull\u2019incidente sono condotte dai carabinieri della stazione di Caprile.<br \/>\n<strong>CORTINA<\/strong> Ieri pomeriggio durante una consegna postale la postina di 54 anni ha parcheggiato l\u2019auto, ma purtroppo il freno a mano non ha retto lungo una discesa e l\u2019auto \u00e8 scivolata via. La postina \u00e8 stata travolta nel tentativo di fermare la Panda della Posta. La postina \u00e8 rimasta distesa sul selciato, provata dal dolore ma cosciente. \u00c8 stata travolta solo parzialmente dall\u2019auto e non ha riportato traumi importanti.<br \/>\n<strong>BELLUNO<\/strong> A Belluno non fermano i treni. Sar\u00e0 cos\u00ec per tutta l&#8217;estate, da domani, per i lavori di elettrificazione fino a Treviso. Previsti bus sostitutivi. Riapre la ferrovia per Calalzo.<br \/>\n<strong>BELLUNO<\/strong> Gara aggiudicata per gli impianti in Nevegal. Primo obiettivo la cabinovia.<br \/>\n<strong>SELLARONDA BIKE DAY<\/strong>, oggi\u2014&gt; Sito manifestazione: www.sellarondabikeday.com l\u2019orario di chiusura delle strade come da decreto del Prefetto di Belluno \u00e8 dalle ore 08:30 alle ore 16:00. Tratte interessate: strade attorno ai 4 Passi Dolomitici: Passo Campolongo, Passo Gardena, Passo Sella e Passo Pordoi. Ai partecipanti viene raccomandato il senso antiorario, quindi: Arabba \u2013 Passo Campolongo \u2013 Passo Gardena \u2013 Passo Sella \u2013 Passo Pordoi \u2013 Arabba.<br \/>\n<strong>IL VILLAGGIO OLIMPICO A CORTINA NON CONVINCE I SINDACATI<\/strong> Recuperare il Villaggio ex Agip e mettere in sicurezza l\u2019area di Borca di Cadore risponderebbe ai principi del CIO, all\u2019emergenza climatica e alla fragilit\u00e0 del territorio montano, e rappresenterebbe una scelta strategica che eviterebbe uno spreco di denaro pubblico.<br \/>\n<strong>AGORDO<\/strong> Valpe Ambiente avvisa che a causa della chiusura al traffico della strada provinciale SP347 per la ricostruzione del ponte in centro paese, l\u2019Ecocentro di La Valle Agordina rimarr\u00e0 chiuso al pubblico da martedi 13 giugno a giovedi 13 luglio.<br \/>\n<strong>MAI NEGATO IL PATROCINIO DEL COMUNE ALL\u2019ISBREC\u201d<\/strong> La risposta dell\u2019amministrazione in merito alla serata del 2 giugno BELLUNO \u201cNon \u00e8 arrivata in giunta alcuna richiesta di patrocinio, \u00e8 ora di finirla con le squallide strumentalizzazioni\u201d. Sono le parole del sindaco, Oscar De Pellegrin, in risposta agli attacchi arrivati nei giorni scorsi all\u2019amministrazione in merito al presunto mancato patrocinio del Comune alla serata promossa dall\u2019ISBREC \u201cDonne nella Resistenza\u201d<br \/>\n<strong>FELTRE<\/strong> Allo scolmatore di Anzu\u2019 i vigili del fuoco sono intervenuti per salvare una cerva in difficolt\u00e0. Nonostante gli sforzi compiuti dagli esperti pompieri, l\u2019animale \u00e8 purtroppo deceduto poco dopo il recupero. L\u2019allarme \u00e8 stato lanciato da alcuni passanti che hanno notato la cerva in difficolt\u00e0 nelle acque dello scolmatore.<br \/>\n<strong>VOLTAGO<\/strong> Si chiude l\u2019anno scolastico per la scuola primaria di Voltago. Ieri momento conviviale con il Sindaco Giuseppe Schena e i bambini<br \/>\n<strong>BELLUNO<\/strong> Il regista Marco Bellocchio ha portato il suo ultimo film, intitolato \u201cRapito\u201d, nelle sale italiane, e ha fatto una tappa a Belluno, suscitando grande emozione tra il pubblico. Un centinaio di persone si sono riunite al Cinema Italia per applaudire l\u2019arrivo del celebre regista, accompagnato da Fausto Russo Alesi, uno dei protagonisti del film.<br \/>\nCINQUE GIORNI IN ISLANDA, ORA IL RIPOSO DEI TEKRRIERI<br \/>\n<strong>REDAZIONE<\/strong> Cinque giorni di gare al circolo polare artico. Una competizione a tappe in un\u2019isola che in questo periodo ha luce 24 ore al giorno. Nonostante si collochi nel circolo polare artico, l\u2019islanda \u00e8 un\u2019isola verde e William Da Roit assieme a Federico De Col gareggeranno per scoprire questo posto da favola.<br \/>\n<strong>LIVINALLONGO<\/strong> Il consiglio direttivo dello Sci Club Arabba ha annunciato la riconferma di Roberto De Lazzer come presidente, dopo due anni di successi sportivi e di rilancio dell\u2019attivit\u00e0. Nel consiglio sono stati eletti Luca Palla, Luca De Cassan, Luciana Selle, Gianni Crepaz, Mirco Petri, Sandro Soratroi, Andrea Palla, Marco Padovan e Giovanni Simeone.<br \/>\n<strong>AGORDO<\/strong> Seconda giornata del Memorial Attilio Moretti ed \u00e8 gi\u00e0 tempo di conferme per alcune squadre del Campionato Agordino di Calcio. Sei le partite che si giocheranno nel fine settimana, due oggi e quattro domani. Anticipate alle 17:30 di oggi due sfide che erano in programma per le 20:30, questo su richiesta delle squadre che non vogliono perdersi un minuto della finale di Champions con l\u2019Inter protagonista. Alla \u201cBombonera\u201d di Cencenighe l\u2019anticipo pi\u00f9 interessante che vede di fronte i padroni di casa contro il Fodom. Esordio del Cencenighe tra le mura amiche dopo la debacle della scorsa settimana con i campioni in carica del Voltago. Di fronte una squadra ostica come il Fodom che all\u2019esordio ha incamerato 3 punti con il Canale. A Boscoverde di Rocca Pietore l\u2019Alleghe se la vedr\u00e0 con il Le Ville<\/p>\n","protected":false},"excerpt":{"rendered":"<p>&nbsp; https:\/\/www.facebook.com\/Mirkomezziano\/videos\/6359794914057654 &nbsp; ALPAGO Bancarotta fraudolenta da 6 milioni di euro alla Ic Group: l&#8217;amministratore di fatto dell&#8217;azienda alpagota, Italo Calvi, si \u00e8 consegnato nei giorni scorsi ed \u00e8 ora detenuto nel carcere milanese di Opera. Il primo giugno la Cassazione ha dichiarato inammissibile il ricorso contro la condanna in Appello a cinque anni e&hellip;<\/p>\n","protected":false},"author":4,"featured_media":339665,"comment_status":"closed","ping_status":"closed","sticky":false,"template":"","format":"standard","meta":{"_monsterinsights_skip_tracking":false,"_monsterinsights_sitenote_active":false,"_monsterinsights_sitenote_note":"","_monsterinsights_sitenote_category":0,"footnotes":""},"categories":[104,49,142],"tags":[],"class_list":["post-339664","post","type-post","status-publish","format-standard","has-post-thumbnail","hentry","category-evidenza_3","category-news-18","category-rassegna-stampa","category-104","category-49","category-142","description-off"],"img_url":"https:\/\/www.radiopiu.net\/wordpress\/wp-content\/uploads\/2023\/06\/Senza-nome-15.png","_links":{"self":[{"href":"https:\/\/www.radiopiu.net\/wordpress\/wp-json\/wp\/v2\/posts\/339664","targetHints":{"allow":["GET"]}}],"collection":[{"href":"https:\/\/www.radiopiu.net\/wordpress\/wp-json\/wp\/v2\/posts"}],"about":[{"href":"https:\/\/www.radiopiu.net\/wordpress\/wp-json\/wp\/v2\/types\/post"}],"author":[{"embeddable":true,"href":"https:\/\/www.radiopiu.net\/wordpress\/wp-json\/wp\/v2\/users\/4"}],"replies":[{"embeddable":true,"href":"https:\/\/www.radiopiu.net\/wordpress\/wp-json\/wp\/v2\/comments?post=339664"}],"version-history":[{"count":0,"href":"https:\/\/www.radiopiu.net\/wordpress\/wp-json\/wp\/v2\/posts\/339664\/revisions"}],"wp:featuredmedia":[{"embeddable":true,"href":"https:\/\/www.radiopiu.net\/wordpress\/wp-json\/wp\/v2\/media\/339665"}],"wp:attachment":[{"href":"https:\/\/www.radiopiu.net\/wordpress\/wp-json\/wp\/v2\/media?parent=339664"}],"wp:term":[{"taxonomy":"category","embeddable":true,"href":"https:\/\/www.radiopiu.net\/wordpress\/wp-json\/wp\/v2\/categories?post=339664"},{"taxonomy":"post_tag","embeddable":true,"href":"https:\/\/www.radiopiu.net\/wordpress\/wp-json\/wp\/v2\/tags?post=339664"}],"curies":[{"name":"wp","href":"https:\/\/api.w.org\/{rel}","templated":true}]}}