{"id":339669,"date":"2023-06-12T05:30:12","date_gmt":"2023-06-12T03:30:12","guid":{"rendered":"https:\/\/www.radiopiu.net\/wordpress\/?p=339669"},"modified":"2023-06-12T17:10:59","modified_gmt":"2023-06-12T15:10:59","slug":"giornale-radiopiu-12-giugno-2023-direttore-mirko-mezzacasaverso-i-40-anni-25-giugno-1983-25-giugno-2023","status":"publish","type":"post","link":"https:\/\/www.radiopiu.net\/wordpress\/giornale-radiopiu-12-giugno-2023-direttore-mirko-mezzacasaverso-i-40-anni-25-giugno-1983-25-giugno-2023\/","title":{"rendered":"GIORNALE RADIOPIU 12 GIUGNO 2023 DIRETTORE MIRKO MEZZACASA\u2026VERSO I 40 ANNI 25 GIUGNO 1983-25 GIUGNO 2023"},"content":{"rendered":"<h2 style=\"text-align: left;\"><span style=\"font-size: 14px; font-weight: normal;\">\u00a0<\/span><\/h2>\n<div class=\"page-title-head hgroup\">\n<h2 style=\"text-align: left;\"><span style=\"color: #ff0000;\"><span style=\"vertical-align: inherit;\"><a class=\"dt-pswp-item\" href=\"https:\/\/www.radiopiu.net\/wordpress\/wp-content\/uploads\/2023\/04\/e0aad41d-951e-47b9-9fae-1a879a9bcb7e-1.jpg\" data-dt-img-description=\"\" data-large_image_width=\"1200\" data-large_image_height=\"1200\"><img loading=\"lazy\" decoding=\"async\" class=\"wp-image-333205 alignleft\" src=\"https:\/\/www.radiopiu.net\/wordpress\/wp-content\/uploads\/2023\/04\/e0aad41d-951e-47b9-9fae-1a879a9bcb7e-1-300x300.jpg\" alt=\"\" width=\"110\" height=\"110\" srcset=\"https:\/\/www.radiopiu.net\/wordpress\/wp-content\/uploads\/2023\/04\/e0aad41d-951e-47b9-9fae-1a879a9bcb7e-1-300x300.jpg 300w, https:\/\/www.radiopiu.net\/wordpress\/wp-content\/uploads\/2023\/04\/e0aad41d-951e-47b9-9fae-1a879a9bcb7e-1-1024x1024.jpg 1024w, https:\/\/www.radiopiu.net\/wordpress\/wp-content\/uploads\/2023\/04\/e0aad41d-951e-47b9-9fae-1a879a9bcb7e-1-150x150.jpg 150w, https:\/\/www.radiopiu.net\/wordpress\/wp-content\/uploads\/2023\/04\/e0aad41d-951e-47b9-9fae-1a879a9bcb7e-1-768x768.jpg 768w, https:\/\/www.radiopiu.net\/wordpress\/wp-content\/uploads\/2023\/04\/e0aad41d-951e-47b9-9fae-1a879a9bcb7e-1.jpg 1200w\" sizes=\"auto, (max-width: 110px) 100vw, 110px\" \/><\/a><\/span><\/span><\/h2>\n<h1 class=\"entry-title\">40esimo di RADIOPIU\u2026. LA VOCE DELL\u2019EMOZIONE<\/h1>\n<p><strong>RADIO PIU&#8217; DALL&#8217;ALTO&#8230; DI GIULIANA DA RONCH<\/strong><\/p>\n<\/div>\n<p>&nbsp;<\/p>\n<p>&nbsp;<\/p>\n\n\t\t\t<style type='text\/css'>\n\t\t\t\t#gallery-1 {\n\t\t\t\t\tmargin: auto;\n\t\t\t\t}\n\t\t\t\t#gallery-1 .gallery-item {\n\t\t\t\t\tfloat: left;\n\t\t\t\t\tmargin-top: 10px;\n\t\t\t\t\ttext-align: center;\n\t\t\t\t\twidth: 50%;\n\t\t\t\t}\n\t\t\t\t#gallery-1 img {\n\t\t\t\t\tborder: 2px solid #cfcfcf;\n\t\t\t\t}\n\t\t\t\t#gallery-1 .gallery-caption {\n\t\t\t\t\tmargin-left: 0;\n\t\t\t\t}\n\t\t\t\t\/* see gallery_shortcode() in wp-includes\/media.php *\/\n\t\t\t<\/style>\n\t\t<div id='gallery-1' class='dt-gallery-container gallery galleryid-339669 gallery-columns-2 gallery-size-medium'><dl class='gallery-item'>\n\t\t\t\t<dt class='gallery-icon landscape'>\n\t\t\t\t\t<a class=\"rollover rollover-zoom dt-pswp-item\" title=\"ee334b21-2741-4d16-8c4b-1e3ffc6d2b46\" data-dt-img-description=\"\" data-large_image_width=\"1600\" data-large_image_height=\"739\"href='https:\/\/www.radiopiu.net\/wordpress\/wp-content\/uploads\/2023\/06\/ee334b21-2741-4d16-8c4b-1e3ffc6d2b46.jpg'><img loading=\"lazy\" decoding=\"async\" width=\"300\" height=\"139\" src=\"https:\/\/www.radiopiu.net\/wordpress\/wp-content\/uploads\/2023\/06\/ee334b21-2741-4d16-8c4b-1e3ffc6d2b46-300x139.jpg\" class=\"attachment-medium size-medium\" alt=\"\" srcset=\"https:\/\/www.radiopiu.net\/wordpress\/wp-content\/uploads\/2023\/06\/ee334b21-2741-4d16-8c4b-1e3ffc6d2b46-300x139.jpg 300w, https:\/\/www.radiopiu.net\/wordpress\/wp-content\/uploads\/2023\/06\/ee334b21-2741-4d16-8c4b-1e3ffc6d2b46-1024x473.jpg 1024w, https:\/\/www.radiopiu.net\/wordpress\/wp-content\/uploads\/2023\/06\/ee334b21-2741-4d16-8c4b-1e3ffc6d2b46-768x355.jpg 768w, https:\/\/www.radiopiu.net\/wordpress\/wp-content\/uploads\/2023\/06\/ee334b21-2741-4d16-8c4b-1e3ffc6d2b46-1536x709.jpg 1536w, https:\/\/www.radiopiu.net\/wordpress\/wp-content\/uploads\/2023\/06\/ee334b21-2741-4d16-8c4b-1e3ffc6d2b46.jpg 1600w\" sizes=\"auto, (max-width: 300px) 100vw, 300px\" \/><\/a>\n\t\t\t\t<\/dt><\/dl><dl class='gallery-item'>\n\t\t\t\t<dt class='gallery-icon landscape'>\n\t\t\t\t\t<a class=\"rollover rollover-zoom dt-pswp-item\" title=\"a5dcc26b-24ae-4565-9c32-f35cb86be05d\" data-dt-img-description=\"\" data-large_image_width=\"1600\" data-large_image_height=\"740\"href='https:\/\/www.radiopiu.net\/wordpress\/wp-content\/uploads\/2023\/06\/a5dcc26b-24ae-4565-9c32-f35cb86be05d.jpg'><img loading=\"lazy\" decoding=\"async\" width=\"300\" height=\"139\" src=\"https:\/\/www.radiopiu.net\/wordpress\/wp-content\/uploads\/2023\/06\/a5dcc26b-24ae-4565-9c32-f35cb86be05d-300x139.jpg\" class=\"attachment-medium size-medium\" alt=\"\" srcset=\"https:\/\/www.radiopiu.net\/wordpress\/wp-content\/uploads\/2023\/06\/a5dcc26b-24ae-4565-9c32-f35cb86be05d-300x139.jpg 300w, https:\/\/www.radiopiu.net\/wordpress\/wp-content\/uploads\/2023\/06\/a5dcc26b-24ae-4565-9c32-f35cb86be05d-1024x474.jpg 1024w, https:\/\/www.radiopiu.net\/wordpress\/wp-content\/uploads\/2023\/06\/a5dcc26b-24ae-4565-9c32-f35cb86be05d-768x355.jpg 768w, https:\/\/www.radiopiu.net\/wordpress\/wp-content\/uploads\/2023\/06\/a5dcc26b-24ae-4565-9c32-f35cb86be05d-1536x710.jpg 1536w, https:\/\/www.radiopiu.net\/wordpress\/wp-content\/uploads\/2023\/06\/a5dcc26b-24ae-4565-9c32-f35cb86be05d.jpg 1600w\" sizes=\"auto, (max-width: 300px) 100vw, 300px\" \/><\/a>\n\t\t\t\t<\/dt><\/dl><br style=\"clear: both\" \/>\n\t\t\t<\/div>\n\n<p>&nbsp;<\/p>\n<p>&nbsp;<\/p>\n<hr \/>\n<p>&nbsp;<\/p>\n<h2 style=\"text-align: left;\"><span style=\"color: #ff0000;\"><span style=\"vertical-align: inherit;\">ISCRIVITI AL NOSTRO CANALE\u00a0 <\/span><\/span><span style=\"vertical-align: inherit;\"> YOUTUBE PER SEGUIRE IN DIRETTA I PRINCIPALI PROGRAMMI DI RADIO PIU&#8217; E LE FUTURE DIRETTE IN ESTERNA. PER ISCRIVERTI <\/span><a style=\"color: #ff0000;\" href=\"https:\/\/youtube.com\/@radiopiu1527\"><span style=\"vertical-align: inherit;\">CLICCA QUI <\/span><\/a><span style=\"color: #ff0000; font-size: 14px; font-weight: normal;\"><span style=\"vertical-align: inherit;\">E PREMI\u00a0 &#8220;Iscriviti&#8221;\u00a0 \u00a0<\/span><\/span><\/h2>\n<p>&nbsp;<\/p>\n<hr \/>\n<p>&nbsp;<\/p>\n<blockquote>\n<h3><a class=\"dt-pswp-item\" href=\"https:\/\/www.radiopiu.net\/wordpress\/wp-content\/uploads\/2021\/04\/TRENO-DOLOMITI-scaled.jpg\" data-dt-img-description=\"\" data-large_image_width=\"2560\" data-large_image_height=\"1237\"><img loading=\"lazy\" decoding=\"async\" class=\" wp-image-203931 alignleft\" src=\"https:\/\/www.radiopiu.net\/wordpress\/wp-content\/uploads\/2021\/04\/TRENO-DOLOMITI-300x145.jpg\" alt=\"\" width=\"199\" height=\"96\" srcset=\"https:\/\/www.radiopiu.net\/wordpress\/wp-content\/uploads\/2021\/04\/TRENO-DOLOMITI-300x145.jpg 300w, https:\/\/www.radiopiu.net\/wordpress\/wp-content\/uploads\/2021\/04\/TRENO-DOLOMITI-1024x495.jpg 1024w, https:\/\/www.radiopiu.net\/wordpress\/wp-content\/uploads\/2021\/04\/TRENO-DOLOMITI-768x371.jpg 768w, https:\/\/www.radiopiu.net\/wordpress\/wp-content\/uploads\/2021\/04\/TRENO-DOLOMITI-1536x742.jpg 1536w, https:\/\/www.radiopiu.net\/wordpress\/wp-content\/uploads\/2021\/04\/TRENO-DOLOMITI-2048x990.jpg 2048w\" sizes=\"auto, (max-width: 199px) 100vw, 199px\" \/><\/a>LA DOMANDA DI INIZIO SETTIMANA&#8230; nessuno ormai ne parla pi\u00f9.<\/h3>\n<p><em>Ma il treno? Che ne \u00e8 dei progetti pre olimpici Milano-Cortina 2026 che dovrebbero implementare la rete ferroviaria bellunese? E il progetto per l&#8217;Agordino: definitivamente tramontato? E la mono rotaia Belluno-Brennero?\u00a0 Ad oggi pare solo interventi a spot senza alcun seguito.<\/em><\/p><\/blockquote>\n<p>&nbsp;<\/p>\n<hr \/>\n<p>&nbsp;<\/p>\n<blockquote>\n<h2>CHIUDE LA PRINCIPALE PER IL DURAN, DEVIAZIONI IN LOCO<\/h2>\n<\/blockquote>\n<p><strong>SP347 DEL DURAN E CEREDA:<\/strong> localit\u00e0 Lantrago La Valle. <span style=\"color: #ff0000;\">Dal 13 giugno al 13 luglio<\/span> chiusura totale al traffico della strada per il Passo Duran per lavori di allargamento del Ponte Lantrago e sistemazione della carreggiata.<\/p>\n<p><strong>percorso alternativo consigliato: CROSTOLIN-GAIDON<\/strong><\/p>\n<p><strong> strada comunale interdetta al transito dei veicoli con larghezza superiore ai 2 metri e 40 centimetri.<\/strong><\/p>\n<p><strong>foto: LA CARTINA DEL PERCORSO ALTERNATIVO\u00a0<\/strong><\/p>\n\n\t\t\t<style type='text\/css'>\n\t\t\t\t#gallery-2 {\n\t\t\t\t\tmargin: auto;\n\t\t\t\t}\n\t\t\t\t#gallery-2 .gallery-item {\n\t\t\t\t\tfloat: left;\n\t\t\t\t\tmargin-top: 10px;\n\t\t\t\t\ttext-align: center;\n\t\t\t\t\twidth: 100%;\n\t\t\t\t}\n\t\t\t\t#gallery-2 img {\n\t\t\t\t\tborder: 2px solid #cfcfcf;\n\t\t\t\t}\n\t\t\t\t#gallery-2 .gallery-caption {\n\t\t\t\t\tmargin-left: 0;\n\t\t\t\t}\n\t\t\t\t\/* see gallery_shortcode() in wp-includes\/media.php *\/\n\t\t\t<\/style>\n\t\t<div id='gallery-2' class='dt-gallery-container gallery galleryid-339669 gallery-columns-1 gallery-size-medium'><dl class='gallery-item'>\n\t\t\t\t<dt class='gallery-icon landscape'>\n\t\t\t\t\t<a class=\"rollover rollover-zoom dt-pswp-item\" title=\"cartina la valle\" data-dt-img-description=\"\" data-large_image_width=\"795\" data-large_image_height=\"554\"href='https:\/\/www.radiopiu.net\/wordpress\/wp-content\/uploads\/2023\/06\/cartina-la-valle.png'><img loading=\"lazy\" decoding=\"async\" width=\"300\" height=\"209\" src=\"https:\/\/www.radiopiu.net\/wordpress\/wp-content\/uploads\/2023\/06\/cartina-la-valle-300x209.png\" class=\"attachment-medium size-medium\" alt=\"\" srcset=\"https:\/\/www.radiopiu.net\/wordpress\/wp-content\/uploads\/2023\/06\/cartina-la-valle-300x209.png 300w, https:\/\/www.radiopiu.net\/wordpress\/wp-content\/uploads\/2023\/06\/cartina-la-valle-768x535.png 768w, https:\/\/www.radiopiu.net\/wordpress\/wp-content\/uploads\/2023\/06\/cartina-la-valle.png 795w\" sizes=\"auto, (max-width: 300px) 100vw, 300px\" \/><\/a>\n\t\t\t\t<\/dt><\/dl><br style=\"clear: both\" \/>\n\t\t\t<\/div>\n\n<p>&nbsp;<\/p>\n<blockquote>\n<h3>CHIUSURE DIURNE SULLA SAVINER-DIGONERA<\/h3>\n<\/blockquote>\n<p>Veneto strade comunica che la SP 563 di Salesei sar\u00e0 interessata da un&#8217;interdizione totale alla circolazione in localit\u00e0 Digonera nel comune di Rocca Pietore. Dal 19 al 23 giugno la strada sar\u00e0 chiusa dalle 7:30 alle 18, negli altri orari istituzione di un senso unico alternato regolato da semaforo e limite di velocit\u00e0 a 30 km\/h. Dal 23 giugno al 28 luglio la strada sar\u00e0 di nuovo interdetta al traffico dalle 8 del luned\u00ec alle 18 di venerd\u00ec e nel fine settimana istituzione di un senso unico alternato regolato da semaforo e limite di velocit\u00e0 a 30 km\/h.<\/p>\n<p>&nbsp;<\/p>\n<p>&nbsp;<\/p>\n<hr \/>\n<p>&nbsp;<\/p>\n<blockquote>\n<h3>VERSO LA RIAPERTURA DELLA COMUNALE VOLTAGO-RIVAMONTE, GLI ULTIMI LAVORI A SETTEMBRE<\/h3>\n<\/blockquote>\n<p><strong>VOLTAGO<\/strong> Dai giorni di Vaia del 2018 la strada comunale che da Voltago collega Rivamonte \u00e8 sbarrata. Ma superando la transenna con l&#8217;ordinanza di chiusura quello che si riscontra \u00e8 una strada gi\u00e0 ben ristrutturata e quasi pronta per essere restituita all&#8217;utenza. Quasi, perch\u00e9 come conferma il sindaco &#8211; che rimarca prima di tutto l&#8217;importanza della pubblica incolumit\u00e0 &#8211; sono in programma gli ultimi lavori gi\u00e0 appaltati per 84 mila euro, inizieranno a settembre.<\/p>\n<p><strong>IL SINDACO DI VOLTAGO, GIUSEPPE SCHENA\u00a0<\/strong><\/p>\n<audio class=\"wp-audio-shortcode\" id=\"audio-339669-1\" preload=\"none\" style=\"width: 100%;\" controls=\"controls\"><source type=\"audio\/mpeg\" src=\"https:\/\/www.radiopiu.net\/wordpress\/wp-content\/uploads\/2023\/06\/giuseppe-schena.mp3?_=1\" \/><a href=\"https:\/\/www.radiopiu.net\/wordpress\/wp-content\/uploads\/2023\/06\/giuseppe-schena.mp3\">https:\/\/www.radiopiu.net\/wordpress\/wp-content\/uploads\/2023\/06\/giuseppe-schena.mp3<\/a><\/audio>\n<p>&nbsp;<\/p>\n<p>&nbsp;<\/p>\n\n\t\t\t<style type='text\/css'>\n\t\t\t\t#gallery-3 {\n\t\t\t\t\tmargin: auto;\n\t\t\t\t}\n\t\t\t\t#gallery-3 .gallery-item {\n\t\t\t\t\tfloat: left;\n\t\t\t\t\tmargin-top: 10px;\n\t\t\t\t\ttext-align: center;\n\t\t\t\t\twidth: 50%;\n\t\t\t\t}\n\t\t\t\t#gallery-3 img {\n\t\t\t\t\tborder: 2px solid #cfcfcf;\n\t\t\t\t}\n\t\t\t\t#gallery-3 .gallery-caption {\n\t\t\t\t\tmargin-left: 0;\n\t\t\t\t}\n\t\t\t\t\/* see gallery_shortcode() in wp-includes\/media.php *\/\n\t\t\t<\/style>\n\t\t<div id='gallery-3' class='dt-gallery-container gallery galleryid-339669 gallery-columns-2 gallery-size-medium'><dl class='gallery-item'>\n\t\t\t\t<dt class='gallery-icon portrait'>\n\t\t\t\t\t<a class=\"rollover rollover-zoom dt-pswp-item\" title=\"fe275827-09ff-4ecf-b94b-98a3aa55077a\" data-dt-img-description=\"\" data-large_image_width=\"1500\" data-large_image_height=\"2000\"href='https:\/\/www.radiopiu.net\/wordpress\/wp-content\/uploads\/2023\/06\/fe275827-09ff-4ecf-b94b-98a3aa55077a-1.jpg'><img loading=\"lazy\" decoding=\"async\" width=\"225\" height=\"300\" src=\"https:\/\/www.radiopiu.net\/wordpress\/wp-content\/uploads\/2023\/06\/fe275827-09ff-4ecf-b94b-98a3aa55077a-1-225x300.jpg\" class=\"attachment-medium size-medium\" alt=\"\" srcset=\"https:\/\/www.radiopiu.net\/wordpress\/wp-content\/uploads\/2023\/06\/fe275827-09ff-4ecf-b94b-98a3aa55077a-1-225x300.jpg 225w, https:\/\/www.radiopiu.net\/wordpress\/wp-content\/uploads\/2023\/06\/fe275827-09ff-4ecf-b94b-98a3aa55077a-1-768x1024.jpg 768w, https:\/\/www.radiopiu.net\/wordpress\/wp-content\/uploads\/2023\/06\/fe275827-09ff-4ecf-b94b-98a3aa55077a-1-1152x1536.jpg 1152w, https:\/\/www.radiopiu.net\/wordpress\/wp-content\/uploads\/2023\/06\/fe275827-09ff-4ecf-b94b-98a3aa55077a-1.jpg 1500w\" sizes=\"auto, (max-width: 225px) 100vw, 225px\" \/><\/a>\n\t\t\t\t<\/dt><\/dl><dl class='gallery-item'>\n\t\t\t\t<dt class='gallery-icon portrait'>\n\t\t\t\t\t<a class=\"rollover rollover-zoom dt-pswp-item\" title=\"e7737e01-adfc-4915-a4fe-d9be7c8b5d02\" data-dt-img-description=\"\" data-large_image_width=\"1080\" data-large_image_height=\"1920\"href='https:\/\/www.radiopiu.net\/wordpress\/wp-content\/uploads\/2023\/06\/e7737e01-adfc-4915-a4fe-d9be7c8b5d02.jpg'><img loading=\"lazy\" decoding=\"async\" width=\"169\" height=\"300\" src=\"https:\/\/www.radiopiu.net\/wordpress\/wp-content\/uploads\/2023\/06\/e7737e01-adfc-4915-a4fe-d9be7c8b5d02-169x300.jpg\" class=\"attachment-medium size-medium\" alt=\"\" srcset=\"https:\/\/www.radiopiu.net\/wordpress\/wp-content\/uploads\/2023\/06\/e7737e01-adfc-4915-a4fe-d9be7c8b5d02-169x300.jpg 169w, https:\/\/www.radiopiu.net\/wordpress\/wp-content\/uploads\/2023\/06\/e7737e01-adfc-4915-a4fe-d9be7c8b5d02-576x1024.jpg 576w, https:\/\/www.radiopiu.net\/wordpress\/wp-content\/uploads\/2023\/06\/e7737e01-adfc-4915-a4fe-d9be7c8b5d02-768x1365.jpg 768w, https:\/\/www.radiopiu.net\/wordpress\/wp-content\/uploads\/2023\/06\/e7737e01-adfc-4915-a4fe-d9be7c8b5d02-864x1536.jpg 864w, https:\/\/www.radiopiu.net\/wordpress\/wp-content\/uploads\/2023\/06\/e7737e01-adfc-4915-a4fe-d9be7c8b5d02.jpg 1080w\" sizes=\"auto, (max-width: 169px) 100vw, 169px\" \/><\/a>\n\t\t\t\t<\/dt><\/dl><br style=\"clear: both\" \/>\n\t\t\t<\/div>\n\n<p>&nbsp;<\/p>\n<p>&nbsp;<\/p>\n<hr \/>\n<p>&nbsp;<\/p>\n<blockquote>\n<h3>INTERRUZIONI PROGRAMMATE BIM GSP<\/h3>\n<\/blockquote>\n<p><strong>ROCCA PIETORE<\/strong> Gestione Servizi Pubblici informa che, per lavori alla rete idrica comunale, oggi dalle 9:00 a FINE LAVORI verr\u00e0 sospesa l\u2019erogazione dell\u2019acqua a ROCCA PIETORE in LOCALITA&#8217; COL DI ROCCA. Il personale addetto operer\u00e0 per limitare il pi\u00f9 possibile i disagi alla popolazione.<\/p>\n<p>&nbsp;<\/p>\n<hr \/>\n<p>&nbsp;<\/p>\n<blockquote>\n<h3>Addio al professor Andrea Arrabito, una vita dedicata all&#8217;insegnamento e alla comunit\u00e0 scolastica<\/h3>\n<\/blockquote>\n<p><strong><a class=\"dt-pswp-item\" href=\"https:\/\/www.radiopiu.net\/wordpress\/wp-content\/uploads\/2023\/06\/Senza-nome-17.png\" data-dt-img-description=\"\" data-large_image_width=\"218\" data-large_image_height=\"209\"><img loading=\"lazy\" decoding=\"async\" class=\" wp-image-339818 alignleft\" src=\"https:\/\/www.radiopiu.net\/wordpress\/wp-content\/uploads\/2023\/06\/Senza-nome-17.png\" alt=\"\" width=\"168\" height=\"161\" \/><\/a>BELLUNO<\/strong> La comunit\u00e0 scolastica della provincia di Belluno piange la scomparsa del professor Andrea Arrabito, un amato docente di scienze naturali che ha lasciato un&#8217;impronta duratura nel cuore dei suoi studenti. Arrabito \u00e8 deceduto nella sua casa di Mussoi all&#8217;et\u00e0 di 97 anni, dopo una carriera che lo ha visto insegnare in diverse scuole bellunesi fino agli inizi degli anni Novanta, quando \u00e8 andato in pensione. Il rito funebre si terr\u00e0 domani pomeriggio alle 15 presso la chiesa parrocchiale di Mussoi, seguito dalla sepoltura nel cimitero di Cusighe. La famiglia di Arrabito esprime gratitudine per le cure amorevoli prestate al loro caro, ringraziando il medico curante, la Croce Blu e l&#8217;infermiere Valter, cos\u00ec come le signore Ljuba e Tatiana.<\/p>\n<p>&nbsp;<\/p>\n<hr \/>\n<p>&nbsp;<\/p>\n<blockquote>\n<h3>DOMANI L&#8217;ULTIMO SALUTO A GABRIELE BORTOT<\/h3>\n<\/blockquote>\n<p><strong><a class=\"dt-pswp-item\" href=\"https:\/\/www.radiopiu.net\/wordpress\/wp-content\/uploads\/2023\/06\/Senza-nome-18.png\" data-dt-img-description=\"\" data-large_image_width=\"194\" data-large_image_height=\"199\"><img loading=\"lazy\" decoding=\"async\" class=\" wp-image-339820 alignleft\" src=\"https:\/\/www.radiopiu.net\/wordpress\/wp-content\/uploads\/2023\/06\/Senza-nome-18.png\" alt=\"\" width=\"134\" height=\"137\" \/><\/a>SEDICO<\/strong> Verranno celebrati domani, alle 10.30 nella chiesa arcipretale di Sedico, i funerali di Gabriele Bortot. Sessantasette anni, una vita come imprenditore elettricista (gi\u00e0 titolare della ditta Gb service), da qualche anno aveva raggiunto il traguardo della pensione. Un brutto male lo aveva colpito circa tre anni fa.\u00a0 Lascia il fratello Renzo (con Mesti) e i numerosi amici e conoscenti. I familiari hanno voluto rivolgere un ringraziamento particolare \u00aba tutto il personale dei reparti oncologia, urologia e pronto soccorso dell&#8217;ospedale di Belluno per le cure prestate al caro Gabriele\u00bb.<\/p>\n<p>&nbsp;<\/p>\n<hr \/>\n<p>&nbsp;<\/p>\n<blockquote>\n<h3>DUE CENTAURI IN OSPEDALE, SCONTRO\u00a0 MOTO-AUTO<\/h3>\n<\/blockquote>\n<p><strong><a class=\"dt-pswp-item\" href=\"https:\/\/www.radiopiu.net\/wordpress\/wp-content\/uploads\/2023\/06\/Senza-nome-19.png\" data-dt-img-description=\"\" data-large_image_width=\"369\" data-large_image_height=\"215\"><img loading=\"lazy\" decoding=\"async\" class=\" wp-image-339821 alignleft\" src=\"https:\/\/www.radiopiu.net\/wordpress\/wp-content\/uploads\/2023\/06\/Senza-nome-19-300x175.png\" alt=\"\" width=\"247\" height=\"144\" srcset=\"https:\/\/www.radiopiu.net\/wordpress\/wp-content\/uploads\/2023\/06\/Senza-nome-19-300x175.png 300w, https:\/\/www.radiopiu.net\/wordpress\/wp-content\/uploads\/2023\/06\/Senza-nome-19.png 369w\" sizes=\"auto, (max-width: 247px) 100vw, 247px\" \/><\/a>CESIOMAGGIORE<\/strong> Due persone sono rimaste ferite in un incidente stradale a Busche. Coinvolte erano una coppia che viaggiava in moto e una Mini che procedeva in direzione opposta. Dopo lo scontro, la moto e le due persone sono finite fuori strada, mentre l&#8217;auto \u00e8 finita parzialmente sul marciapiede vicino alla fermata dell&#8217;autobus. I testimoni hanno chiesto l&#8217;intervento dei soccorritori, che sono arrivati rapidamente. Nonostante il dolore per i traumi alle gambe e alle braccia, entrambi i motociclisti erano coscienti e in condizioni non gravi. Sono stati trasportati in ambulanza al Santa Maria del Prato, mentre i pompieri e i carabinieri si occupavano dei rilievi e del flusso del traffico.<\/p>\n<p>&nbsp;<\/p>\n<hr \/>\n<p>&nbsp;<\/p>\n<blockquote>\n<h3>CRESCERE IL\u00a0 GREGGE\u00a0 PER SFAMARE IL LUPO<\/h3>\n<\/blockquote>\n<p><strong>TAMBRE<\/strong>\u00a0 L&#8217;ennesima predazione, in localit\u00e0 Soralavina. Beccato sul fatto, il lupo \u00e8 scappato ma ormai il danno c&#8217;era: una pecora sbranata. In Alpago nell&#8217;ultimo mese ci sono state 60 predazioni. Sono 47 i capi di Alex Fullin fatti fuori in solo un mese.<\/p>\n<p>&nbsp;<\/p>\n<p>&nbsp;<\/p>\n<hr \/>\n<p>&nbsp;<\/p>\n<blockquote>\n<h3 class=\"entry-title\">REGIONALE 203 AGORDINA, GLI AMMINISTRATORI AGORDINI SUL PEZZO<\/h3>\n<\/blockquote>\n<p><strong class=\"photoswipe-wrapper\"><a class=\"dt-pswp-item pspw-wrap-ready\" href=\"https:\/\/www.radiopiu.net\/wordpress\/wp-content\/uploads\/2023\/06\/DSCF2361.jpg\" data-dt-img-description=\"\" data-large_image_width=\"640\" data-large_image_height=\"480\"><img loading=\"lazy\" decoding=\"async\" class=\" wp-image-339708 alignleft\" src=\"https:\/\/www.radiopiu.net\/wordpress\/wp-content\/uploads\/2023\/06\/DSCF2361-300x225.jpg\" sizes=\"auto, (max-width: 279px) 100vw, 279px\" srcset=\"https:\/\/www.radiopiu.net\/wordpress\/wp-content\/uploads\/2023\/06\/DSCF2361-300x225.jpg 300w, https:\/\/www.radiopiu.net\/wordpress\/wp-content\/uploads\/2023\/06\/DSCF2361.jpg 640w\" alt=\"\" width=\"279\" height=\"209\" \/><\/a>AGORDO<\/strong> Stasera, il Presidente dell\u2019Unione Montana Agordina, Paolo Frena, presenter\u00e0 al consiglio un ordine del giorno volto ad affrontare i crescenti problemi di sicurezza stradale lungo la regionale 203. L\u2019iniziativa arriva in seguito agli ultimi episodi che hanno visto sassi colpire le auto in transito e gli ungulati mettere a rischio la viabilit\u00e0 con attraversamenti improvvisi. La riunione si terr\u00e0 alle 20 presso la Sala Don Tamis (DIRETTA SU TUTTI I CANALI SOCIAL DI RADIO PIU)\u00a0 e il Presidente Frena chieder\u00e0 il dibattito e la firma dell\u2019ordine del giorno per implementare misure che possano garantire la sicurezza dei conducenti lungo la strada. Gli incidenti causati dai sassi che cadono sulle auto in transito sono diventati una preoccupazione crescente. I veicoli danneggiati e le potenziali lesioni dei conducenti richiedono azioni immediate per affrontare questo problema. Inoltre, gli attraversamenti stradali improvvisi degli ungulati rappresentano un ulteriore rischio per la sicurezza dei conducenti e richiedono interventi adeguati. Il Presidente Frena si \u00e8 impegnato a collaborare con le autorit\u00e0 locali e regionali per affrontare questi problemi. L\u2019ordine del giorno proposto mira a individuare soluzioni pratiche per mitigare i pericoli sulla <a class=\"dt-pswp-item pspw-wrap-ready\" href=\"https:\/\/www.radiopiu.net\/wordpress\/wp-content\/uploads\/2023\/04\/PAOLO-FRENA.png\" data-dt-img-description=\"\" data-large_image_width=\"292\" data-large_image_height=\"223\"><img loading=\"lazy\" decoding=\"async\" class=\" wp-image-331937 alignleft\" src=\"https:\/\/www.radiopiu.net\/wordpress\/wp-content\/uploads\/2023\/04\/PAOLO-FRENA.png\" alt=\"\" width=\"153\" height=\"117\" \/><\/a>regionale 203, garantendo la sicurezza di coloro che utilizzano quotidianamente questa importante arteria stradale. Si prevede che il consiglio dell\u2019Unione Montana Agordina discuter\u00e0 in dettaglio le possibili azioni da intraprendere. Il Presidente Frena ha dichiarato:\u00a0<em>\u201cLa sicurezza dei nostri cittadini \u00e8 una priorit\u00e0 assoluta. Dobbiamo agire rapidamente per affrontare questi problemi sulla regionale 203 e garantire la sicurezza stradale per tutti. Spero che il consiglio sostenga l\u2019ordine del giorno e che insieme possiamo trovare soluzioni efficaci e durature\u201d.\u00a0\u00a0<\/em>Si prevede che l\u2019Unione Montana Agordina lavorer\u00e0 attivamente per risolvere i problemi di sicurezza stradale lungo la regionale 203 e assicurare un ambiente pi\u00f9 sicuro per tutti i conducenti.<\/p>\n<p>&nbsp;<\/p>\n<blockquote>\n<h3>CONSIGLIO DELL&#8217;UNIONE MONTANA AGORDINA IN DIRETTA SUI CANALI SOCIAL DI RADIOPIU<\/h3>\n<\/blockquote>\n<p><strong>AGORDO<\/strong> Il presidente dell&#8217;Unione Montana Agordina Paolo Frena ha convocato il consiglio in sala Don Tamis per oggi alle 20. Sono sei i punti da discutere, tra questi la presa d&#8217;atto dei nuovi consiglieri dei comuni di Canale D&#8217;Agordo e Cencenighe, l&#8217;accordo quadro tra Casa di Soggiorno di Taibon ed ASCA, il rinnovo della convenzione per la gestione del comitato di pari opportunit\u00e0 e la messa in sicurezza della SR 203 Agordina<\/p>\n<p>&nbsp;<\/p>\n<p>&nbsp;<\/p>\n<hr \/>\n<p>&nbsp;<\/p>\n<blockquote>\n<h3 class=\"entry-title\">L\u2019AUTOBUS DEI POST IT. LA DOLOMITIBUS CHIEDE 480 EURO PER LA PULIZIA<\/h3>\n<p><b><i>V<\/i><\/b>enerd\u00ec: l\u2019autobus autosnodato, che raccoglie perlopi\u00f9 studenti dell\u2019istituto Follador, parte dall\u2019autostazione di Agordo alle 13.10. Ma quando arriva a Belluno, al piazzale della stazione ferroviaria alle 13.50 \u00e8 colorato dai post it critici verso l\u2019azienda dei trasporti.<\/p><\/blockquote>\n<p><strong><img loading=\"lazy\" decoding=\"async\" class=\"alignleft\" src=\"https:\/\/www.radiopiu.net\/wordpress\/wp-content\/uploads\/2023\/06\/SCR-20230611-ldtu.jpeg\" width=\"226\" height=\"154\" \/>AGORDO<\/strong>\u00a0Gli studenti che usufruiscono dell\u2019autobus\u00a0 da Agordo diretto a Belluno lamentano da inizio anno scolastico l\u2019elevato numero di persone per mezzo. In passato avevano richiesto una soluzione al problema ma l\u2019azienda ha risposto che mancavano autisti e che una soluzione si sarebbe trovata. Con la fine della scuola gli studenti hanno pensato ad una protesta\u00a0 tappezzando la corriera di post it in cui i ragazzi hanno scritto le problematiche.<\/p>\n<blockquote><p><strong>L<\/strong><strong>a versione degli studenti\u00a0<\/strong><em><strong>\u201calla protesta hanno aderito\u00a0 studenti di tutte le classi anche i pi\u00f9 giovani che probabilmente non hanno capito il senso della protesta e hanno scritto frasi non gradite nemmeno da noi. Avremo attaccato un centiaio di post it, ci sembra eccessivo il conto di 480 euro per\u2026levarli e per la pulizia\u201d.\u00a0<\/strong><\/em><\/p><\/blockquote>\n<p>\u201c<em>Per un anno intero non siamo stati ascoltati\u00a0 -fanno sapere gli studenti \u2013 abbiamo inviato diverse mail a DolomitiBus, quasi tutti i giorni, senza avere risposte.\u00a0 Abbiamo attaccato dei post it dove veniva presentato il problema. Tanti foglietti erano addirittura vuoti ed usati per alimentare la protesta pacifica\u201d.<\/em>\u00a0Intanto DolomitiBus si \u00e8 lamentata anticipando il conto da 480 euro per la pulizia del mezzo\u00a0<em>\u201cSe nessuno si far\u00e0 avanti l\u2019azienda presenter\u00e0 denuncia alle forze dell\u2019ordine\u201d\u00a0<\/em>\u00a0 dicono da Dolomitibus. L\u2019azienda bellunese, al Corriere delle Alpi dichiara inoltre di comprendere il disagio che comporta per i fruitori, la soppressione di alcune corse. Tuttavia non giustifica in alcun modo questa forma di protesta, soprattutto considerando che per tutto l\u2019anno scolastico appena trascorso ha avuto un costante dialogo con le scuole e con le istituzioni locali volto al contenimento dei disagi.<\/p>\n<p>&nbsp;<\/p>\n<div style=\"width: 848px;\" class=\"wp-video\"><video class=\"wp-video-shortcode\" id=\"video-339669-1\" width=\"848\" height=\"480\" preload=\"metadata\" controls=\"controls\"><source type=\"video\/mp4\" src=\"https:\/\/www.radiopiu.net\/wordpress\/wp-content\/uploads\/2023\/06\/WhatsApp-Video-2023-06-11-at-12.21.48.mp4?_=1\" \/><a href=\"https:\/\/www.radiopiu.net\/wordpress\/wp-content\/uploads\/2023\/06\/WhatsApp-Video-2023-06-11-at-12.21.48.mp4\">https:\/\/www.radiopiu.net\/wordpress\/wp-content\/uploads\/2023\/06\/WhatsApp-Video-2023-06-11-at-12.21.48.mp4<\/a><\/video><\/div>\n<div><\/div>\n<blockquote>\n<div class=\"articlePlainText\"><strong>LA LETTERA:\u00a0 Complimenti ai lavoratori di Dolomitibus: 37 euro all&#8217;ora, 13,5 ore per togliere un centinaio di post&#8230; &#8220;Se la Dolomitibus agisce in giudizio? E&#8217; la volta buona che facciamo la class action chiedendo all&#8217;azienda risposte sui disservizi quotidiani!&#8221;\u00a0<\/strong><\/div>\n<\/blockquote>\n<div><\/div>\n<div class=\"articlePlainText\">Sono il pap\u00e0 di una ragazza che frequenta l&#8217;Istituto Follador di Agordo e che nulla ha a che vedere con la protesta messa in atto dagli studenti in data di venerd\u00ec u.s. ma mi sento di difendere assolutamente i ragazzi per la civile protesta messa in atto e dico fin da subito che la Dolomiti Bus dovrebbe\u00a0 rispondere della scarsa qualit\u00e0 del servizio pubblico offerto.<\/div>\n<div class=\"articlePlainText\">Incomincio con il dire che mia figlia per essere a scuola nell&#8217;orario previsto delle ore 8 si alza la mattina alle 5.30 (due ore e mezzo per poche decine di chilometri) e rientra alle 14.45. Poi, molto spesso \u00e8 costretta a fare il tragitto in piedi perch\u00e9 posti a sedere non ce ne sono e molto spesso sono costretto ad andare io a prenderla in Agordo perch\u00e9 troppo stanca per sopportare un rientro in simili condizioni: dentro un autobus 69 persone sedute e 47 in piedi che poi quasi sempre sono molti, ma molti di pi\u00f9 e sono quindi non in sicurezza, con zaini e vestiario vario, ve li immaginate? Ci sono studenti che si sono sentiti male per mancanza d&#8217;aria, manca l&#8217;olio e poi una scatola di sardine sarebbe uguale! <strong>La Dolomiti Bus vuole 480 euro per togliere un centinaio di post-it? Al costo medio di un operaio di 37 euro l&#8217;ora ci vorrebbero quindi circa 13,5 ore, 7,5 post-it l&#8217;ora: complimenti.<\/strong>La Dolomiti Bus ha intenzione di agire in giudizio? Penso che noi genitori faremo una class action per chiamare quest&#8217;azienda a rispondere dei disservizi quotidiani perch\u00e9 affermando che fa del suo meglio, in quanto non trova autisti, \u00e8 come confessare.\u00a0\u2014<\/div>\n<p>&nbsp;<\/p>\n<p>&nbsp;<\/p>\n<hr \/>\n<p>&nbsp;<\/p>\n<blockquote>\n<h3>VILLAGGIO OLIMPICO, LA PROVINCIA CONDIVIDE L\u2019IDEA DEL COMUNE DI BORCA DI CADORE<\/h3>\n<\/blockquote>\n<p><strong><a class=\"dt-pswp-item\" href=\"https:\/\/www.radiopiu.net\/wordpress\/wp-content\/uploads\/2021\/03\/LOGO-MILANO-CORTINA-2026.jpg\" data-dt-img-description=\"\" data-large_image_width=\"900\" data-large_image_height=\"838\"><img loading=\"lazy\" decoding=\"async\" class=\" wp-image-200160 alignleft\" src=\"https:\/\/www.radiopiu.net\/wordpress\/wp-content\/uploads\/2021\/03\/LOGO-MILANO-CORTINA-2026-300x279.jpg\" alt=\"\" width=\"152\" height=\"141\" \/><\/a>BELLUNO <\/strong>\u00abLe Olimpiadi invernali 2026 sono un\u2019occasione importante per il territorio. E sono chiamate a lasciare un\u2019eredit\u00e0 alla nostra montagna. Per questo sarebbe importante che nel piano delle opere olimpiche venisse inserita anche la rigenerazione della vecchia colonia Eni di Borca di Cadore, a seguito di un accordo di valorizzazione a uso pubblico di un complesso che oggi \u00e8 di propriet\u00e0 di un privato\u00bb. Cos\u00ec il presidente della Provincia di Belluno, Roberto Padrin, in merito alla proposta del Comune cadorino, recentemente rilanciata dai sindacati, di realizzare il villaggio olimpico all\u2019interno della vecchia struttura che fu fatta costruire da Enrico Mattei, su progetto di Edoardo Gellner. La Provincia si era spesa con il ministro Federico D\u2019Inc\u00e0 nell\u2019estate 2020 e anche con il commissario Sant\u2019Andrea per valutare un possibile utilizzo della vecchia colonia, all\u2019interno di un accordo mirato non solo alla rigenerazione degli immobili, ma anche a una futura destinazione a edilizia di servizio dell\u2019intero Cadore dopo le Olimpiadi, per ospitare i lavoratori stagionali e anche come possibile campus universitario.<\/p>\n<p>&nbsp;<\/p>\n<p>&nbsp;<\/p>\n<hr \/>\n<p>&nbsp;<\/p>\n<blockquote>\n<h3>QUANDO I TURISTI FANNO LA SPESA IN GRUPPO<\/h3>\n<\/blockquote>\n<p><strong><a class=\"dt-pswp-item\" href=\"https:\/\/www.radiopiu.net\/wordpress\/wp-content\/uploads\/2020\/04\/CARRELLI-SPESA.jpg\" data-dt-img-description=\"\" data-large_image_width=\"1920\" data-large_image_height=\"1440\"><img loading=\"lazy\" decoding=\"async\" class=\" wp-image-127033 alignleft\" src=\"https:\/\/www.radiopiu.net\/wordpress\/wp-content\/uploads\/2020\/04\/CARRELLI-SPESA-300x225.jpg\" alt=\"\" width=\"199\" height=\"149\" srcset=\"https:\/\/www.radiopiu.net\/wordpress\/wp-content\/uploads\/2020\/04\/CARRELLI-SPESA-300x225.jpg 300w, https:\/\/www.radiopiu.net\/wordpress\/wp-content\/uploads\/2020\/04\/CARRELLI-SPESA-1024x768.jpg 1024w, https:\/\/www.radiopiu.net\/wordpress\/wp-content\/uploads\/2020\/04\/CARRELLI-SPESA-768x576.jpg 768w, https:\/\/www.radiopiu.net\/wordpress\/wp-content\/uploads\/2020\/04\/CARRELLI-SPESA-1536x1152.jpg 1536w, https:\/\/www.radiopiu.net\/wordpress\/wp-content\/uploads\/2020\/04\/CARRELLI-SPESA.jpg 1920w\" sizes=\"auto, (max-width: 199px) 100vw, 199px\" \/><\/a>CENCENIGHE<\/strong><\/p>\n<p>di Luisa Manfroi<\/p>\n<audio class=\"wp-audio-shortcode\" id=\"audio-339669-2\" preload=\"none\" style=\"width: 100%;\" controls=\"controls\"><source type=\"audio\/mpeg\" src=\"https:\/\/www.radiopiu.net\/wordpress\/wp-content\/uploads\/2023\/06\/LUISA-MANFROI-La-spesa-in-gruppo.mp3?_=2\" \/><a href=\"https:\/\/www.radiopiu.net\/wordpress\/wp-content\/uploads\/2023\/06\/LUISA-MANFROI-La-spesa-in-gruppo.mp3\">https:\/\/www.radiopiu.net\/wordpress\/wp-content\/uploads\/2023\/06\/LUISA-MANFROI-La-spesa-in-gruppo.mp3<\/a><\/audio>\n<p>&nbsp;<\/p>\n<hr \/>\n<p>&nbsp;<\/p>\n<blockquote>\n<h3>L&#8217;INAUGURAZIONE DEL MURALES E L&#8217;ABBRACCIO A FIORENTINA PILON<\/h3>\n<\/blockquote>\n<p><strong>PONTE NELLE ALPI\u00a0 <\/strong>Doppia festa ad Arsi\u00e8 di Ponte nelle Alpi: nel segno dei murales e dell\u2019abbraccio che l\u2019Oltrerai ha riservato a Fiorentina Pilon, ora in pensione dopo 35 anni da bidella alla scuola elementare di Paiane e da 40 punto di riferimento per il calcio femminile provinciale. A Fiorentina, i genitori degli allievi hanno regalato una maglietta personalizzata. Di grande impatto l\u2019inaugurazione del murale, realizzato dagli alunni della scuola elementare di Oltrerai con la guida artistica di Iris Bernard e il coordinamento della maestra Francesca Dal Borgo: ancora una volta, Arsi\u00e8 \u00e8 diventata la capitale degli affreschi e dei murales della Valbelluna.<\/p>\n\n\t\t\t<style type='text\/css'>\n\t\t\t\t#gallery-4 {\n\t\t\t\t\tmargin: auto;\n\t\t\t\t}\n\t\t\t\t#gallery-4 .gallery-item {\n\t\t\t\t\tfloat: left;\n\t\t\t\t\tmargin-top: 10px;\n\t\t\t\t\ttext-align: center;\n\t\t\t\t\twidth: 50%;\n\t\t\t\t}\n\t\t\t\t#gallery-4 img {\n\t\t\t\t\tborder: 2px solid #cfcfcf;\n\t\t\t\t}\n\t\t\t\t#gallery-4 .gallery-caption {\n\t\t\t\t\tmargin-left: 0;\n\t\t\t\t}\n\t\t\t\t\/* see gallery_shortcode() in wp-includes\/media.php *\/\n\t\t\t<\/style>\n\t\t<div id='gallery-4' class='dt-gallery-container gallery galleryid-339669 gallery-columns-2 gallery-size-medium'><dl class='gallery-item'>\n\t\t\t\t<dt class='gallery-icon portrait'>\n\t\t\t\t\t<a class=\"rollover rollover-zoom dt-pswp-item\" title=\"Fiorentina_Pilon\" data-dt-img-description=\"\" data-large_image_width=\"768\" data-large_image_height=\"1024\"href='https:\/\/www.radiopiu.net\/wordpress\/wp-content\/uploads\/2023\/06\/Fiorentina_Pilon.jpg'><img loading=\"lazy\" decoding=\"async\" width=\"225\" height=\"300\" src=\"https:\/\/www.radiopiu.net\/wordpress\/wp-content\/uploads\/2023\/06\/Fiorentina_Pilon-225x300.jpg\" class=\"attachment-medium size-medium\" alt=\"\" srcset=\"https:\/\/www.radiopiu.net\/wordpress\/wp-content\/uploads\/2023\/06\/Fiorentina_Pilon-225x300.jpg 225w, https:\/\/www.radiopiu.net\/wordpress\/wp-content\/uploads\/2023\/06\/Fiorentina_Pilon.jpg 768w\" sizes=\"auto, (max-width: 225px) 100vw, 225px\" \/><\/a>\n\t\t\t\t<\/dt><\/dl><dl class='gallery-item'>\n\t\t\t\t<dt class='gallery-icon landscape'>\n\t\t\t\t\t<a class=\"rollover rollover-zoom dt-pswp-item\" title=\"Murales_1\" data-dt-img-description=\"\" data-large_image_width=\"1024\" data-large_image_height=\"768\"href='https:\/\/www.radiopiu.net\/wordpress\/wp-content\/uploads\/2023\/06\/Murales_1.jpg'><img loading=\"lazy\" decoding=\"async\" width=\"300\" height=\"225\" src=\"https:\/\/www.radiopiu.net\/wordpress\/wp-content\/uploads\/2023\/06\/Murales_1-300x225.jpg\" class=\"attachment-medium size-medium\" alt=\"\" srcset=\"https:\/\/www.radiopiu.net\/wordpress\/wp-content\/uploads\/2023\/06\/Murales_1-300x225.jpg 300w, https:\/\/www.radiopiu.net\/wordpress\/wp-content\/uploads\/2023\/06\/Murales_1-768x576.jpg 768w, https:\/\/www.radiopiu.net\/wordpress\/wp-content\/uploads\/2023\/06\/Murales_1.jpg 1024w\" sizes=\"auto, (max-width: 300px) 100vw, 300px\" \/><\/a>\n\t\t\t\t<\/dt><\/dl><br style=\"clear: both\" \/>\n\t\t\t<\/div>\n\n<p>&nbsp;<\/p>\n<p>&nbsp;<\/p>\n<hr \/>\n<p>&nbsp;<\/p>\n<blockquote>\n<h3>IL NUOVO MARCHIO DOLOMITI BELLUNESI PREMIATO ALLA MEDIASTAR A MILANO<\/h3>\n<\/blockquote>\n<p><strong><a class=\"dt-pswp-item\" href=\"https:\/\/www.radiopiu.net\/wordpress\/wp-content\/uploads\/2023\/06\/IMG_0502.jpg\" data-dt-img-description=\"\" data-large_image_width=\"966\" data-large_image_height=\"960\"><img loading=\"lazy\" decoding=\"async\" class=\" wp-image-339677 alignleft\" src=\"https:\/\/www.radiopiu.net\/wordpress\/wp-content\/uploads\/2023\/06\/IMG_0502-300x298.jpg\" alt=\"\" width=\"127\" height=\"126\" srcset=\"https:\/\/www.radiopiu.net\/wordpress\/wp-content\/uploads\/2023\/06\/IMG_0502-300x298.jpg 300w, https:\/\/www.radiopiu.net\/wordpress\/wp-content\/uploads\/2023\/06\/IMG_0502-150x150.jpg 150w, https:\/\/www.radiopiu.net\/wordpress\/wp-content\/uploads\/2023\/06\/IMG_0502-768x763.jpg 768w, https:\/\/www.radiopiu.net\/wordpress\/wp-content\/uploads\/2023\/06\/IMG_0502.jpg 966w\" sizes=\"auto, (max-width: 127px) 100vw, 127px\" \/><\/a>BELLUNO <\/strong>Sono stati consegnati a Milano i riconoscimenti Mediastar, con un ruolo da protagonista per le Dolomiti Bellunesi e la Provincia di Belluno. Il premio, che da 27 anni valuta i migliori progetti di comunicazione in Italia, quest\u2019anno ha visto trionfare nella categoria Product Identity il nuovo marchio Dolomiti Bellunesi, realizzato dallo studio Carmi&amp;Ubertis al termine del lungo lavoro di rebranding iniziato con lo studio di posizionamento condotto dall\u2019esperto mondiale di turismo Tom Buncle. Il logo, con la tipica \u201cM\u201d che richiama le cime delle Dolomiti, dotato di un font particolare che si rif\u00e0 ai caratteri veneziani di Aldo Manuzio, e colorato con le cromie dell\u2019enrosadira, \u00e8 stato pensato per racchiudere i caratteri distintivi della destinazione, culturale, autentico, spettacolare e avventuroso. E ha ottenuto il primo posto nella categoria Product Identity di Mediastar 2023, con tanto di Special Star per il graphic design.<\/p>\n<p>&nbsp;<\/p>\n<p>&nbsp;<\/p>\n<hr \/>\n<p>&nbsp;<\/p>\n<blockquote>\n<h3>FOTOVOLTAICO SEMPRE POSSIBILE NEI BORGHI STORICI<\/h3>\n<\/blockquote>\n<p><strong><a class=\"dt-pswp-item\" href=\"https:\/\/www.radiopiu.net\/wordpress\/wp-content\/uploads\/2020\/11\/logoUNCEM_no_scritta-wdtr.jpg\" data-dt-img-description=\"\" data-large_image_width=\"640\" data-large_image_height=\"640\"><img loading=\"lazy\" decoding=\"async\" class=\"wp-image-170846 alignleft\" src=\"https:\/\/www.radiopiu.net\/wordpress\/wp-content\/uploads\/2020\/11\/logoUNCEM_no_scritta-wdtr-300x300.jpg\" alt=\"\" width=\"114\" height=\"114\" srcset=\"https:\/\/www.radiopiu.net\/wordpress\/wp-content\/uploads\/2020\/11\/logoUNCEM_no_scritta-wdtr-300x300.jpg 300w, https:\/\/www.radiopiu.net\/wordpress\/wp-content\/uploads\/2020\/11\/logoUNCEM_no_scritta-wdtr-150x150.jpg 150w, https:\/\/www.radiopiu.net\/wordpress\/wp-content\/uploads\/2020\/11\/logoUNCEM_no_scritta-wdtr.jpg 640w\" sizes=\"auto, (max-width: 114px) 100vw, 114px\" \/><\/a>ROMA<\/strong> Finalmente, c&#8217;\u00e8\u00a0una svolta storica per i pannelli fotovoltaici. Il tribunale amministrativo dell&#8217;Aquila ha sancito un nuovo principio che cambier\u00e0 le regole in vigore. I borghi storici non si possono trattare come &#8220;pezzi da museo&#8221;, come Uncem ha sempre ripetuto. Anche gli abitanti dei piccoli borghi storici hanno il diritto di installare i pannelli fotovoltaici sul tetto. Vale anche per i paesi montani. I giudici si sono espressi sul delicato caso sollevato da una famiglia di un piccolo borgo, Pacentro, alla quale la Soprintendenza aveva negato la possibilit\u00e0 di installare il fotovoltaico beneficiando del Superbonus 110. Uncem condivide totalmente e finalmente la disposizione del TAR.<\/p>\n<p>&nbsp;<\/p>\n<p>&nbsp;<\/p>\n<hr \/>\n<p>&nbsp;<\/p>\n<blockquote>\n<h3>GLI ALPINI DI FALCADE E LA GITA ALLA FOIBA DI BASOVIZZA<\/h3>\n<\/blockquote>\n<p><strong>FALCADE\u00a0<\/strong>I Gruppi Alpini rappresentano un importante pilastro della comunit\u00e0 locale, promuovendo attivit\u00e0 che uniscono tradizione, avventura e scoperta del patrimonio culturale. Nel contesto di queste iniziative, il Gruppo Alpini di Falcade ha fatto una gita\u00a0 con destinazione la Foiba di Basovizza e una deliziosa pausa pranzo a Lignano.<\/p>\n\n\t\t\t<style type='text\/css'>\n\t\t\t\t#gallery-5 {\n\t\t\t\t\tmargin: auto;\n\t\t\t\t}\n\t\t\t\t#gallery-5 .gallery-item {\n\t\t\t\t\tfloat: left;\n\t\t\t\t\tmargin-top: 10px;\n\t\t\t\t\ttext-align: center;\n\t\t\t\t\twidth: 14%;\n\t\t\t\t}\n\t\t\t\t#gallery-5 img {\n\t\t\t\t\tborder: 2px solid #cfcfcf;\n\t\t\t\t}\n\t\t\t\t#gallery-5 .gallery-caption {\n\t\t\t\t\tmargin-left: 0;\n\t\t\t\t}\n\t\t\t\t\/* see gallery_shortcode() in wp-includes\/media.php *\/\n\t\t\t<\/style>\n\t\t<div id='gallery-5' class='dt-gallery-container gallery galleryid-339669 gallery-columns-7 gallery-size-thumbnail'><dl class='gallery-item'>\n\t\t\t\t<dt class='gallery-icon landscape'>\n\t\t\t\t\t<a class=\"rollover rollover-zoom dt-pswp-item\" title=\"2855fbaa-de69-4987-9f4f-a16111490361\" data-dt-img-description=\"\" data-large_image_width=\"1600\" data-large_image_height=\"900\"href='https:\/\/www.radiopiu.net\/wordpress\/wp-content\/uploads\/2023\/06\/2855fbaa-de69-4987-9f4f-a16111490361.jpg'><img loading=\"lazy\" decoding=\"async\" width=\"150\" height=\"150\" src=\"https:\/\/www.radiopiu.net\/wordpress\/wp-content\/uploads\/2023\/06\/2855fbaa-de69-4987-9f4f-a16111490361-150x150.jpg\" class=\"attachment-thumbnail size-thumbnail\" alt=\"\" \/><\/a>\n\t\t\t\t<\/dt><\/dl><dl class='gallery-item'>\n\t\t\t\t<dt class='gallery-icon portrait'>\n\t\t\t\t\t<a class=\"rollover rollover-zoom dt-pswp-item\" title=\"75c1e2e8-5d47-459c-99cd-7090bc4d8b54\" data-dt-img-description=\"\" data-large_image_width=\"900\" data-large_image_height=\"1600\"href='https:\/\/www.radiopiu.net\/wordpress\/wp-content\/uploads\/2023\/06\/75c1e2e8-5d47-459c-99cd-7090bc4d8b54.jpg'><img loading=\"lazy\" decoding=\"async\" width=\"150\" height=\"150\" src=\"https:\/\/www.radiopiu.net\/wordpress\/wp-content\/uploads\/2023\/06\/75c1e2e8-5d47-459c-99cd-7090bc4d8b54-150x150.jpg\" class=\"attachment-thumbnail size-thumbnail\" alt=\"\" \/><\/a>\n\t\t\t\t<\/dt><\/dl><dl class='gallery-item'>\n\t\t\t\t<dt class='gallery-icon portrait'>\n\t\t\t\t\t<a class=\"rollover rollover-zoom dt-pswp-item\" title=\"ec5637ab-0824-4c4f-ad49-b37d25a4a9a6\" data-dt-img-description=\"\" data-large_image_width=\"900\" data-large_image_height=\"1600\"href='https:\/\/www.radiopiu.net\/wordpress\/wp-content\/uploads\/2023\/06\/ec5637ab-0824-4c4f-ad49-b37d25a4a9a6.jpg'><img loading=\"lazy\" decoding=\"async\" width=\"150\" height=\"150\" src=\"https:\/\/www.radiopiu.net\/wordpress\/wp-content\/uploads\/2023\/06\/ec5637ab-0824-4c4f-ad49-b37d25a4a9a6-150x150.jpg\" class=\"attachment-thumbnail size-thumbnail\" alt=\"\" \/><\/a>\n\t\t\t\t<\/dt><\/dl><dl class='gallery-item'>\n\t\t\t\t<dt class='gallery-icon portrait'>\n\t\t\t\t\t<a class=\"rollover rollover-zoom dt-pswp-item\" title=\"a102fc6b-1d29-4945-a65c-7ebd418d2cf2\" data-dt-img-description=\"\" data-large_image_width=\"900\" data-large_image_height=\"1600\"href='https:\/\/www.radiopiu.net\/wordpress\/wp-content\/uploads\/2023\/06\/a102fc6b-1d29-4945-a65c-7ebd418d2cf2.jpg'><img loading=\"lazy\" decoding=\"async\" width=\"150\" height=\"150\" src=\"https:\/\/www.radiopiu.net\/wordpress\/wp-content\/uploads\/2023\/06\/a102fc6b-1d29-4945-a65c-7ebd418d2cf2-150x150.jpg\" class=\"attachment-thumbnail size-thumbnail\" alt=\"\" \/><\/a>\n\t\t\t\t<\/dt><\/dl><dl class='gallery-item'>\n\t\t\t\t<dt class='gallery-icon portrait'>\n\t\t\t\t\t<a class=\"rollover rollover-zoom dt-pswp-item\" title=\"f4c5ed77-89d5-41d3-aa7e-fc7e247a7750\" data-dt-img-description=\"\" data-large_image_width=\"900\" data-large_image_height=\"1600\"href='https:\/\/www.radiopiu.net\/wordpress\/wp-content\/uploads\/2023\/06\/f4c5ed77-89d5-41d3-aa7e-fc7e247a7750.jpg'><img loading=\"lazy\" decoding=\"async\" width=\"150\" height=\"150\" src=\"https:\/\/www.radiopiu.net\/wordpress\/wp-content\/uploads\/2023\/06\/f4c5ed77-89d5-41d3-aa7e-fc7e247a7750-150x150.jpg\" class=\"attachment-thumbnail size-thumbnail\" alt=\"\" \/><\/a>\n\t\t\t\t<\/dt><\/dl><dl class='gallery-item'>\n\t\t\t\t<dt class='gallery-icon portrait'>\n\t\t\t\t\t<a class=\"rollover rollover-zoom dt-pswp-item\" title=\"a7794fa1-1e8d-44dd-95d2-cee98a6717f8\" data-dt-img-description=\"\" data-large_image_width=\"900\" data-large_image_height=\"1600\"href='https:\/\/www.radiopiu.net\/wordpress\/wp-content\/uploads\/2023\/06\/a7794fa1-1e8d-44dd-95d2-cee98a6717f8.jpg'><img loading=\"lazy\" decoding=\"async\" width=\"150\" height=\"150\" src=\"https:\/\/www.radiopiu.net\/wordpress\/wp-content\/uploads\/2023\/06\/a7794fa1-1e8d-44dd-95d2-cee98a6717f8-150x150.jpg\" class=\"attachment-thumbnail size-thumbnail\" alt=\"\" \/><\/a>\n\t\t\t\t<\/dt><\/dl><dl class='gallery-item'>\n\t\t\t\t<dt class='gallery-icon portrait'>\n\t\t\t\t\t<a class=\"rollover rollover-zoom dt-pswp-item\" title=\"b39cbe99-a210-4fbc-9c29-855d260888cc\" data-dt-img-description=\"\" data-large_image_width=\"900\" data-large_image_height=\"1600\"href='https:\/\/www.radiopiu.net\/wordpress\/wp-content\/uploads\/2023\/06\/b39cbe99-a210-4fbc-9c29-855d260888cc.jpg'><img loading=\"lazy\" decoding=\"async\" width=\"150\" height=\"150\" src=\"https:\/\/www.radiopiu.net\/wordpress\/wp-content\/uploads\/2023\/06\/b39cbe99-a210-4fbc-9c29-855d260888cc-150x150.jpg\" class=\"attachment-thumbnail size-thumbnail\" alt=\"\" \/><\/a>\n\t\t\t\t<\/dt><\/dl><br style=\"clear: both\" \/>\n\t\t\t<\/div>\n\n<h1><\/h1>\n<p>&nbsp;<\/p>\n<hr \/>\n<p>&nbsp;<\/p>\n<blockquote>\n<h3>TRE PUNTI NEL CONSIGLIO COMUNALE DI CENCENIGHE<\/h3>\n<\/blockquote>\n<p><strong>CENCENIGHE<\/strong> Il sindaco Mauro Soppelsa ha convocato i consiglieri comunali per oggi alle 20:30. Oltre all&#8217;approvazione della seduta precedente, si parler\u00e0 del rendiconto della gestione per l&#8217;esercizio finanziario 2022 e l&#8217;approvazione dello schema di convenzione cin il bacino &#8220;dolomiti Bellunesi&#8221; e BIM GSP per interventi urgenti all&#8217;acquedotto di Collaz-Bolp<\/p>\n<p>&nbsp;<\/p>\n<p>&nbsp;<\/p>\n<hr \/>\n<p>&nbsp;<\/p>\n<blockquote>\n<h3>DOMANI CONSIGLIO COMUNALE A SAN TOMASO<\/h3>\n<\/blockquote>\n<p><strong>SAN TOMASO<\/strong> Si svolger\u00e0 domani alle 20 il consiglio comunale di San Tomaso. Il sindaco Moreno De Val ha chiamato a rapporto i consiglieri per trattare quattro punti tra cui due variazioni a bilancio e l&#8217;approvazione del regolamento di concessione dell&#8217;Arena 1082<\/p>\n<p>&nbsp;<\/p>\n<p>&nbsp;<\/p>\n<hr \/>\n<p>&nbsp;<\/p>\n<blockquote>\n<h3>IL SECONDO CONSIGLIO COMUNALE DI CANALE D&#8217;AGORDO IN POCHI GIORNI<\/h3>\n<\/blockquote>\n<p><strong>CANALE D&#8217;AGORDO<\/strong> Il sindaco di Canale D&#8217;Agordo Massimo Murer ha convocato i consiglieri comunali per mercoled\u00ec alle 20. Quattro i punti da discutere tra cui la nomina dei componenti della commissione elettorale comunale, l&#8217;approvazione del rediconto di gestione 2022 e la presentazione delle linee programmatiche relative alle azioni e progetti da realizzare nel corso del mandato.<\/p>\n<p>&nbsp;<\/p>\n<p>&nbsp;<\/p>\n<hr \/>\n<p>&nbsp;<\/p>\n<blockquote>\n<h3>MERCOLEDI CONSIGLIO COL CAPO COMUN GRONES<\/h3>\n<\/blockquote>\n<p><strong>LIVINALLONGO<\/strong> Mercoledi alle 18 si riunisce il consiglio comunale per deliberare su sette punti all&#8217;ordine del giorno: rendiconto 2022; variazione al bilancio; Asca, approvazione bilancio; concessione aree adibite ad ecocentro all&#8217;Unione Montana; nuova attivit\u00e0 ricettiva in area camper, centro welness e autorimessa per i vigili del fuoco.<\/p>\n<p>&nbsp;<\/p>\n<p>&nbsp;<\/p>\n<hr \/>\n<p>&nbsp;<\/p>\n<blockquote>\n<h3>POTENZIA L&#8217;ESTATE 2023<\/h3>\n<\/blockquote>\n<p><strong>BELLUNO<\/strong> Torna anche quest\u2019anno la proposta del campus \u201cPotenzia l\u2019estate 2023\u201d, allo Spazio Label di via Sant\u2019Antonio 19. Bambini e ragazzi dai 5 ai 17 anni potranno impiegare il tempo estivo per potenziare le loro abilita\u0300 e competenze attraverso dei campus settimanali tematici dedicati a diverse abilita\u0300 e svolti in piccoli gruppi. I campus settimanali si svolgeranno dal 19 giugno al 4 agosto e saranno attivati in base al raggiungimento del numero minimo iscritti per ciascun gruppo. info: www.spaziolabel.it<\/p>\n<p>&nbsp;<\/p>\n<p>&nbsp;<\/p>\n<hr \/>\n<p>&nbsp;<\/p>\n<blockquote>\n<h3><a class=\"dt-pswp-item\" href=\"https:\/\/www.radiopiu.net\/wordpress\/wp-content\/uploads\/2023\/06\/6d275920-d536-4982-9105-b53026b11638.jpg\" data-dt-img-description=\"\" data-large_image_width=\"1156\" data-large_image_height=\"1600\"><img loading=\"lazy\" decoding=\"async\" class=\" wp-image-339406 alignleft\" src=\"https:\/\/www.radiopiu.net\/wordpress\/wp-content\/uploads\/2023\/06\/6d275920-d536-4982-9105-b53026b11638-217x300.jpg\" alt=\"\" width=\"107\" height=\"148\" srcset=\"https:\/\/www.radiopiu.net\/wordpress\/wp-content\/uploads\/2023\/06\/6d275920-d536-4982-9105-b53026b11638-217x300.jpg 217w, https:\/\/www.radiopiu.net\/wordpress\/wp-content\/uploads\/2023\/06\/6d275920-d536-4982-9105-b53026b11638-740x1024.jpg 740w, https:\/\/www.radiopiu.net\/wordpress\/wp-content\/uploads\/2023\/06\/6d275920-d536-4982-9105-b53026b11638-768x1063.jpg 768w, https:\/\/www.radiopiu.net\/wordpress\/wp-content\/uploads\/2023\/06\/6d275920-d536-4982-9105-b53026b11638-1110x1536.jpg 1110w, https:\/\/www.radiopiu.net\/wordpress\/wp-content\/uploads\/2023\/06\/6d275920-d536-4982-9105-b53026b11638.jpg 1156w\" sizes=\"auto, (max-width: 107px) 100vw, 107px\" \/><\/a>UNA GRANDE FESTA PER I PRIMI 60 ANNI DEL FIORI BARP<\/h3>\n<\/blockquote>\n<p>&nbsp;<\/p>\n<p>&nbsp;<\/p>\n<p><strong>di ROBERTO BONA<\/strong><\/p>\n<audio class=\"wp-audio-shortcode\" id=\"audio-339669-3\" preload=\"none\" style=\"width: 100%;\" controls=\"controls\"><source type=\"audio\/mpeg\" src=\"https:\/\/www.radiopiu.net\/wordpress\/wp-content\/uploads\/2023\/06\/DalCinMas.mp3?_=3\" \/><a href=\"https:\/\/www.radiopiu.net\/wordpress\/wp-content\/uploads\/2023\/06\/DalCinMas.mp3\">https:\/\/www.radiopiu.net\/wordpress\/wp-content\/uploads\/2023\/06\/DalCinMas.mp3<\/a><\/audio>\n<p>&nbsp;<\/p>\n<hr \/>\n<p>&nbsp;<\/p>\n<blockquote>\n<h3>ASSEMBLEA STRAORDINARIA U.S.AGORDINA<\/h3>\n<\/blockquote>\n<p><strong>\u00a0AGORDO\u00a0<\/strong> Convocata\u00a0 per mercoled\u00ec alle 18.30\u00a0 \u00a0nella sede dell\u2019Ivano Dorigo di Agordo .l&#8217;assemblea straordinaria dei SOCI per il\u00a0 rinnovo delle\u00a0 cariche sociali.\u00a0 Per coloro fossero interessati all\u2019iscrizione in qualit\u00e0 di Soci all\u2019US Agordina, si invita a contattare la societ\u00e0 US Agordina mediante mail al seguente <span style=\"color: #0000ff;\">agordinacalciods@gmail.com<\/span> al fine di ottenere il modulo di richiesta iscrizione.<\/p>\n<p>&nbsp;<\/p>\n<p>&nbsp;<\/p>\n<hr \/>\n<p>&nbsp;<\/p>\n<blockquote>\n<h3 class=\"entry-title\">LE PICCOLE IMPRESE PAGANO 19 MILIARDI DI TASSE IN PIU\u2019 DEI GIGANTI DEL WEB PRESENTI IN ITALIA<\/h3>\n<\/blockquote>\n<p class=\"photoswipe-wrapper\"><a class=\"dt-pswp-item pspw-wrap-ready\" href=\"https:\/\/www.radiopiu.net\/wordpress\/wp-content\/uploads\/2023\/06\/Schermata-2023-06-10-alle-10.13.36.png\" data-dt-img-description=\"\" data-large_image_width=\"758\" data-large_image_height=\"724\"><img loading=\"lazy\" decoding=\"async\" class=\"size-medium wp-image-339683 alignleft\" src=\"https:\/\/www.radiopiu.net\/wordpress\/wp-content\/uploads\/2023\/06\/Schermata-2023-06-10-alle-10.13.36-300x287.png\" sizes=\"auto, (max-width: 300px) 100vw, 300px\" srcset=\"https:\/\/www.radiopiu.net\/wordpress\/wp-content\/uploads\/2023\/06\/Schermata-2023-06-10-alle-10.13.36-300x287.png 300w, https:\/\/www.radiopiu.net\/wordpress\/wp-content\/uploads\/2023\/06\/Schermata-2023-06-10-alle-10.13.36.png 758w\" alt=\"\" width=\"300\" height=\"287\" \/><\/a>Nel 2020, annus horribilis per l\u2019economia italiana, le nostre piccole imprese con meno di 5 milioni di euro di fatturato hanno versato 19,3 miliardi di euro di imposte. Nel 2021, invece, le 25 filiali italiane dei principali gruppi mondiali di web e software (WebSoft) hanno corrisposto al nostro erario 186 milioni di euro. Ancorch\u00e9 siano annualit\u00e0 diverse, da questo confronto emerge che nell\u2019ultimo anno in cui i dati sono disponibili i nostri piccoli imprenditori hanno pagato 19,1 miliardi in pi\u00f9 delle multinazionali del web presenti in Italia. Importo, quest\u2019ultimo, certamente sottodimensionato. Nel momento in cui sar\u00e0 disponibile il gettito erariale delle piccole imprese riferito al 2021, la variazione sar\u00e0 sicuramente superiore a quella richiamata pi\u00f9 sopra.<br \/>\nA dirlo \u00e8 l\u2019Ufficio studi della CGIA.<\/p>\n<p>Il risultato di questa comparazione mette in luce una contraddizione evidentissima: additati di essere i principali responsabili dell\u2019evasione, il popolo delle partite Iva, invece, paga un ammontare complessivo di tasse 104 volte superiore ai principali giganti del web che, nell\u2019immaginario collettivo, rappresentano il successo, l\u2019innovazione e il futuro.<\/p>\n<p><strong>Il peso economico<\/strong><br \/>\nL\u2019aggregato delle controllate appartenenti al settore del WebSoft ha registrato nel 2021 un giro d\u2019affari nel nostro Paese pari a 8,3 miliardi di euro; il numero di addetti occupati in queste realt\u00e0 era pari a 23 mila unit\u00e0 e al fisco italiano hanno versato solo 186 milioni di euro.<\/p>\n<p>I 3 milioni di piccole imprese con meno di 5 milioni di fatturato, invece, nel 2020, anno in cui moltissime di loro a causa del Covid sono state addirittura chiuse per molti mesi, hanno generato un fatturato di 735,8 miliardi e il contributo fiscale pagato all\u2019erario \u00e8 stato di 19,3 miliardi di euro.<\/p>\n<p><strong class=\"photoswipe-wrapper\"><a class=\"dt-pswp-item pspw-wrap-ready\" href=\"https:\/\/www.radiopiu.net\/wordpress\/wp-content\/uploads\/2023\/06\/Schermata-2023-06-10-alle-10.18.52.png\" data-dt-img-description=\"\" data-large_image_width=\"1016\" data-large_image_height=\"700\"><img loading=\"lazy\" decoding=\"async\" class=\"size-medium wp-image-339684 alignleft\" src=\"https:\/\/www.radiopiu.net\/wordpress\/wp-content\/uploads\/2023\/06\/Schermata-2023-06-10-alle-10.18.52-300x207.png\" sizes=\"auto, (max-width: 300px) 100vw, 300px\" srcset=\"https:\/\/www.radiopiu.net\/wordpress\/wp-content\/uploads\/2023\/06\/Schermata-2023-06-10-alle-10.18.52-300x207.png 300w, https:\/\/www.radiopiu.net\/wordpress\/wp-content\/uploads\/2023\/06\/Schermata-2023-06-10-alle-10.18.52-768x529.png 768w, https:\/\/www.radiopiu.net\/wordpress\/wp-content\/uploads\/2023\/06\/Schermata-2023-06-10-alle-10.18.52.png 1016w\" alt=\"\" width=\"300\" height=\"207\" \/><\/a>Se il livello medio di tassazione delle big tech \u00e8, secondo l\u2019Area studi di Mediobanca, al 33,5 per cento, nelle nostre piccolissime realt\u00e0 si aggira attorno al 50 per cento: praticamente quasi il doppio. Ora, nessuno chiede un inasprimento del carico fiscale nei confronti delle grandi imprese del web, ci mancherebbe, semmai \u00e8 necessario abbassare drasticamente il peso delle tasse sulle piccole attivit\u00e0 che, ancora oggi, rimane su livelli insopportabili.<\/strong><\/p>\n<p>Quali sono le ragioni per cui le controllate\u00a0presenti in Italia delle principali multinazionali del web possono beneficiare di un tax rate del 33,5 per cento? Per il semplice motivo che il 30 per cento circa dell\u2019utile ante imposte \u00e8 tassato nei Paesi a fiscalit\u00e0 agevolata che ha dato luogo a un risparmio fiscale cumulato che, nel periodo 2019-2021, \u00e8 stato di oltre 36 miliardi di euro.<\/p>\n<p>E\u2019 comunque evidente che la mancata \u201ctrasparenza\u201d fiscale di queste societ\u00e0 tecnologiche costituisce un problema. Una prima soluzione potrebbe giungere dall\u2019applicazione di una minimum tax con aliquota al 15 per cento in capo alle multinazionali che realizzano fatturati oltre i 750 milioni di euro. La misura, introdotta da una direttiva europea del dicembre scorso, entrer\u00e0 in vigore a partire dal 2024 per garantire che i grandi gruppi versino un carico fiscale effettivo minimo, limitando il trasferimento dei profitti e la concorrenza fra paesi per applicare aliquote inferiori. La misura si applicher\u00e0 a qualsiasi grande gruppo, sia nazionale che internazionale, con una societ\u00e0 madre o una controllata situata in uno Stato membro dell\u2019Unione. L\u2019introduzione di questa misura dovrebbe consentire al nostro erario di incassare 3 miliardi aggiuntivi.<\/p>\n<p class=\"photoswipe-wrapper\"><a class=\"dt-pswp-item pspw-wrap-ready\" href=\"https:\/\/www.radiopiu.net\/wordpress\/wp-content\/uploads\/2023\/06\/Schermata-2023-06-10-alle-10.15.58.png\" data-dt-img-description=\"\" data-large_image_width=\"418\" data-large_image_height=\"1383\"><img loading=\"lazy\" decoding=\"async\" class=\"size-medium wp-image-339682 alignleft\" src=\"https:\/\/www.radiopiu.net\/wordpress\/wp-content\/uploads\/2023\/06\/Schermata-2023-06-10-alle-10.15.58-91x300.png\" sizes=\"auto, (max-width: 91px) 100vw, 91px\" srcset=\"https:\/\/www.radiopiu.net\/wordpress\/wp-content\/uploads\/2023\/06\/Schermata-2023-06-10-alle-10.15.58-91x300.png 91w, https:\/\/www.radiopiu.net\/wordpress\/wp-content\/uploads\/2023\/06\/Schermata-2023-06-10-alle-10.15.58.png 418w\" alt=\"\" width=\"91\" height=\"300\" \/><\/a>Tuttavia, non sono solo i giganti stranieri del web a sfruttare la fiscalit\u00e0 di vantaggio concessa da molti Paesi europei. Da alcuni anni, infatti, anche alcuni grandi player italiani hanno trasferito la sede fiscale o quella legale, magari solo di una consociata, all\u2019estero.<br \/>\nMolte di queste hanno deciso di spostare la sede legale nei Paesi Bassi, ad esempio, perch\u00e9 l\u00ec \u00e8 possibile beneficiare sia di una legislazione societaria molto favorevole \u2013\u00a0 che permette agli azionisti storici di avere il doppio dei voti in assemblea, modalit\u00e0 che consente di difendersi meglio da eventuali scalate provenienti da investitori stranieri \u2013\u00a0 sia, eventualmente, di un trattamento tributario alquanto generoso, che il governo olandese riserva a ogni big company disposta ad aprire la sede fiscale ad Amsterdam.<\/p>\n<p>Con queste operazioni, formalmente ineccepibili da un punto di vista fiscale-societario, si \u00e8 per\u00f2 ridotta la base imponibile di coloro che pagano le tasse in Italia, penalizzando, come abbiamo visto, in particolar modo le realt\u00e0 imprenditoriali di piccola e piccolissima dimensione che, a differenza delle grandi aziende, non hanno la possibilit\u00e0 di lasciare armi e bagagli e trasferirsi altrove.<\/p>\n<p><strong>No all\u2019eliminazione dell\u2019Irap, avvantaggerebbe le multinazionali<\/strong><br \/>\nNel 2022 il gettito complessivo riconducibile all\u2019IRAP (Imposta Regionale sulle Attivit\u00e0 Produttive) \u00e8 stato pari a 28,7 miliardi di euro, di cui 17,8 sono stati versati dalle imprese private e 10,8 dalle Amministrazioni pubbliche.<br \/>\nCon il disegno di legge di riforma del fisco approvato nei mesi scorsi dal governo Meloni, l\u2019intenzione \u00e8 di eliminare definitivamente l\u2019applicazione di questa imposta sulle imprese private, compensando il mancato gettito attraverso un inasprimento dell\u2019IRES (Imposta sui Redditi delle Societ\u00e0) di pari importo.<br \/>\nSe apparentemente questa decisione appare neutra per le casse dello Stato, in realt\u00e0 rischia di \u201cavvantaggiare\u201d quelle multinazionali o grandi aziende che fanno utili milionari in Italia, ma poi versano le imposte sul reddito di impresa nei Paesi a fiscalit\u00e0 di vantaggio, magari in paesi extra UE. Insomma, con l\u2019eventuale eliminazione dell\u2019IRAP, rischiamo di appesantire ulteriormente il carico fiscale su coloro che le tasse le pagano correttamente in Italia.<br \/>\nRicordiamo, infatti, che questa imposta si applica sul \u201cvalore della produzione netta\u201d derivante dall\u2019attivit\u00e0 esercitata nel territorio della regione o provincia autonoma in cui \u00e8 ubicata, calcolato in maniera differenziata in base alla tipologia dei soggetti e delle attivit\u00e0 esercitate. L\u2019imposta \u00e8 un \u201ctributo proprio derivato\u201d il cui gettito \u00e8 attribuito alle regioni, le quali devono, pertanto, esercitare la propria autonomia impositiva entro i limiti stabiliti dalla legge nazionale. Il gettito dell\u2019IRAP concorre, nella misura e nelle forme stabilite dalla legge, al finanziamento del Servizio sanitario nazionale e presenta un rischio di evasione molto contenuto. A decorrere dal 31 dicembre 2015, infine, il legislatore ha alleggerito il peso di questa imposta per non gravare soprattutto sulle aziende che creano posti di lavoro, in particolar modo quelli stabili. Infatti, \u00e8 stata prevista la possibilit\u00e0 di dedurre integralmente dal calcolo della base imponibile\u00a0l\u2019intero costo sostenuto per i lavoratori dipendenti con contratto a tempo indeterminato.<\/p>\n<ul class=\"ul1\">\n<li class=\"li1\"><b>Tra i big solo la Germania applica alle imprese un\u2019aliquota fiscale superiore alla nostra\u00a0<span class=\"Apple-converted-space\">\u00a0 \u00a0 \u00a0 \u00a0 \u00a0 \u00a0 \u00a0 \u00a0 \u00a0<\/span><\/b><\/li>\n<\/ul>\n<p class=\"p3\">Tra i 27 paesi UE, l\u2019Italia \u00e8 al quarto posto per livello di aliquota fiscale applicata alle societ\u00e0 di capitali (Srl, Spa, etc.). Con una soglia del 27,9 per cento \u2013 dato dalla somma dell\u2019IRES (24 per cento) e dell\u2019IRAP (3,9 per cento) \u2013 solo la Germania (29,8 per cento), il Portogallo (31,5 per cento) e Malta (35 per cento) presentano un\u2019aliquota pi\u00f9 elevata della nostra. Rispetto alla media dell\u2019Area euro scontiamo un differenziale aggiuntivo di 4,9 punti.<span class=\"Apple-converted-space\">\u00a0\u00a0<\/span>Se, invece, vogliamo stimare il contributo che le imprese italiane forniscono alle casse pubbliche, si arriva a quantificare una cifra che si aggira attorno ai 99,4 miliardi di euro. Importo, quest\u2019ultimo, che corrisponde al 12,9 per cento del gettito fiscale complessivo.<\/p>\n<p>&nbsp;<\/p>\n<p>&nbsp;<\/p>\n<hr \/>\n<p>&nbsp;<\/p>\n<h1><span style=\"color: #ff0000;\">SCUOLA<\/span><\/h1>\n<blockquote class=\"wp-embedded-content\" data-secret=\"PX9Is3ukdi\"><p><a href=\"https:\/\/www.radiopiu.net\/wordpress\/se-non-la-smetti-di-mando-dal-preside\/\">SE NON LA SMETTI TI MANDO DAL PRESIDE<\/a><\/p><\/blockquote>\n<p><iframe loading=\"lazy\" class=\"wp-embedded-content\" sandbox=\"allow-scripts\" security=\"restricted\" style=\"position: absolute; clip: rect(1px, 1px, 1px, 1px);\" title=\"&#8220;SE NON LA SMETTI TI MANDO DAL PRESIDE&#8221; &#8212; Radio Pi\u00f9\" src=\"https:\/\/www.radiopiu.net\/wordpress\/se-non-la-smetti-di-mando-dal-preside\/embed\/#?secret=YS3gQ2Vl7l#?secret=PX9Is3ukdi\" data-secret=\"PX9Is3ukdi\" width=\"600\" height=\"338\" frameborder=\"0\" marginwidth=\"0\" marginheight=\"0\" scrolling=\"no\"><\/iframe><\/p>\n<p>&nbsp;<\/p>\n<p>&nbsp;<\/p>\n<hr \/>\n<blockquote>\n<h2 class=\"entry-title\" style=\"text-align: center;\"><span style=\"color: #ff0000;\">\u00a0<\/span><\/h2>\n<h2 class=\"entry-title\" style=\"text-align: center;\"><span style=\"color: #ff0000;\">100 ANNI DI RADIO \u2013 40 ANNI DI RADIO PI\u00d9<\/span><\/h2>\n<\/blockquote>\n<p class=\"photoswipe-wrapper\"><a class=\"dt-pswp-item pspw-wrap-ready\" href=\"https:\/\/www.radiopiu.net\/wordpress\/wp-content\/uploads\/2023\/06\/Senza-nome-1.jpg\" data-dt-img-description=\"\" data-large_image_width=\"549\" data-large_image_height=\"429\"><img loading=\"lazy\" decoding=\"async\" class=\"size-medium wp-image-338505 alignleft\" src=\"https:\/\/www.radiopiu.net\/wordpress\/wp-content\/uploads\/2023\/06\/Senza-nome-1-300x234.jpg\" sizes=\"auto, (max-width: 300px) 100vw, 300px\" srcset=\"https:\/\/www.radiopiu.net\/wordpress\/wp-content\/uploads\/2023\/06\/Senza-nome-1-300x234.jpg 300w, https:\/\/www.radiopiu.net\/wordpress\/wp-content\/uploads\/2023\/06\/Senza-nome-1.jpg 549w\" alt=\"\" width=\"300\" height=\"234\" \/><\/a>Da quando l\u2019Eiar diede il via alla sua prima trasmissione radiofonica nel lontano 1923, sono trascorsi ben cento anni dalla nascita di un mezzo di comunicazione che ha segnato la storia dell\u2019umanit\u00e0. La radio, con la sua capacit\u00e0 di informare, intrattenere e connettere le persone, ha mantenuto la sua importanza nel corso dei decenni, adattandosi ai cambiamenti tecnologici e sociali. Dall\u2019Eiar alla Rai, dalle radio locali ai gruppi nazionali privati, fino alle moderne radio web, l\u2019evoluzione del panorama radiofonico ha seguito il mutare dei tempi. Sono stati quarant\u2019anni dalla nascita di Radio Pi\u00f9, emittente che ha saputo\u00a0<a class=\"dt-pswp-item pspw-wrap-ready\" href=\"https:\/\/www.radiopiu.net\/wordpress\/wp-content\/uploads\/2023\/06\/c4f41af3-b1f7-424a-a20c-3563652ec6a0.jpg\" data-dt-img-description=\"\" data-large_image_width=\"1024\" data-large_image_height=\"768\"><img loading=\"lazy\" decoding=\"async\" class=\"size-medium wp-image-338506 alignright\" src=\"https:\/\/www.radiopiu.net\/wordpress\/wp-content\/uploads\/2023\/06\/c4f41af3-b1f7-424a-a20c-3563652ec6a0-300x225.jpg\" sizes=\"auto, (max-width: 300px) 100vw, 300px\" srcset=\"https:\/\/www.radiopiu.net\/wordpress\/wp-content\/uploads\/2023\/06\/c4f41af3-b1f7-424a-a20c-3563652ec6a0-300x225.jpg 300w, https:\/\/www.radiopiu.net\/wordpress\/wp-content\/uploads\/2023\/06\/c4f41af3-b1f7-424a-a20c-3563652ec6a0-768x576.jpg 768w, https:\/\/www.radiopiu.net\/wordpress\/wp-content\/uploads\/2023\/06\/c4f41af3-b1f7-424a-a20c-3563652ec6a0.jpg 1024w\" alt=\"\" width=\"300\" height=\"225\" \/><\/a>raccontare il territorio e diventare un punto di riferimento per gli appassionati di musica, notizie e intrattenimento (foto in alto in esposizione a RADIOPIU della Pizzeria Costa, Canale d\u2019Agordo).\u00a0\u00a0<strong>Per celebrare il valore intramontabile della radio, Radio Pi\u00f9 ha organizzato un evento speciale. Sabato 24, domenica 25 e luned\u00ec 26, nella suggestiva cornice di Taibon Agordino, in Piazza San Rocco, si terr\u00e0 \u201cLa Mostra delle Radio \u2013 Dal Secolo Scorso ad Oggi\u201d. Un\u2019iniziativa unica, nata dall\u2019idea di Ivano Benvegn\u00f9, Franco Gnel Ben e Mirko Mezzacasa, che vuole ripercorrere la storia della radio attraverso le sue diverse epoche.<\/strong><\/p>\n<p class=\"photoswipe-wrapper\"><a class=\"dt-pswp-item pspw-wrap-ready\" href=\"https:\/\/www.radiopiu.net\/wordpress\/wp-content\/uploads\/2023\/06\/490861a5-5a3d-4404-8e46-65b0e77576bb.jpg\" data-dt-img-description=\"\" data-large_image_width=\"1500\" data-large_image_height=\"2000\"><img loading=\"lazy\" decoding=\"async\" class=\"size-medium wp-image-338508 alignleft\" src=\"https:\/\/www.radiopiu.net\/wordpress\/wp-content\/uploads\/2023\/06\/490861a5-5a3d-4404-8e46-65b0e77576bb-225x300.jpg\" sizes=\"auto, (max-width: 225px) 100vw, 225px\" srcset=\"https:\/\/www.radiopiu.net\/wordpress\/wp-content\/uploads\/2023\/06\/490861a5-5a3d-4404-8e46-65b0e77576bb-225x300.jpg 225w, https:\/\/www.radiopiu.net\/wordpress\/wp-content\/uploads\/2023\/06\/490861a5-5a3d-4404-8e46-65b0e77576bb-768x1024.jpg 768w, https:\/\/www.radiopiu.net\/wordpress\/wp-content\/uploads\/2023\/06\/490861a5-5a3d-4404-8e46-65b0e77576bb-1152x1536.jpg 1152w, https:\/\/www.radiopiu.net\/wordpress\/wp-content\/uploads\/2023\/06\/490861a5-5a3d-4404-8e46-65b0e77576bb.jpg 1500w\" alt=\"\" width=\"225\" height=\"300\" \/><\/a>La mostra sar\u00e0 un viaggio affascinante nel tempo, offrendo ai visitatori l\u2019opportunit\u00e0 di esplorare l\u2019evoluzione dei dispositivi radiofonici e delle trasmissioni nel corso dei decenni. Dagli antichi apparecchi a valvole fino ai moderni dispositivi digitali, sar\u00e0 possibile ammirare la tecnologia che ha reso possibile l\u2019ascolto delle voci e delle storie provenienti da tutto il mondo. Oltre alla componente tecnologica, la mostra metter\u00e0 in luce l\u2019impatto sociale e culturale della radio. Attraverso immagini, documenti d\u2019epoca e testimonianze, si cercher\u00e0 di trasmettere l\u2019importanza di questo mezzo di comunicazione nella vita quotidiana delle persone. La radio ha saputo accompagnare gli ascoltatori nelle loro giornate, diventando compagna di viaggio, fonte di informazione e stimolo per l\u2019immaginazione e il sogno. Radio Pi\u00f9, con la sua lunga storia nel panorama radiofonico, \u00e8 orgogliosa di celebrare l\u2019eredit\u00e0 della radio e il suo impatto duraturo sulla societ\u00e0. L\u2019evento in Piazza San Rocco rappresenta un\u2019occasione unica per rivivere i momenti salienti della radiofonia e per riflettere su come questo strumento abbia saputo evolversi e reinventarsi nel corso dei decenni. La radio continua ad essere un mezzo di comunicazione privilegiato, capace di creare un legame intimo tra le persone e di stimolare la fantasia. Proprio per questa ragione, Radio Pi\u00f9 invita tutti a partecipare a questa straordinaria mostra, per riscoprire insieme il fascino intramontabile della radio e per celebrare cento anni di storia e cultura radiofonica (foto a lato di Franco Ben)<\/p>\n<p>&nbsp;<\/p>\n<hr \/>\n<p>&nbsp;<\/p>\n<blockquote class=\"wp-embedded-content\" data-secret=\"r0gjUxHTB6\"><p><a href=\"https:\/\/www.radiopiu.net\/wordpress\/sentimental-le-storie-damore-di-paola-lanciato\/\">SENTIMENTAL,\u00a0 &#8220;le storie d&#8217;amore&#8221; DI PAOLA LANCIATO<\/a><\/p><\/blockquote>\n<p><iframe loading=\"lazy\" class=\"wp-embedded-content\" sandbox=\"allow-scripts\" security=\"restricted\" style=\"position: absolute; clip: rect(1px, 1px, 1px, 1px);\" title=\"&#8220;SENTIMENTAL,\u00a0 &#8220;le storie d&#8217;amore&#8221; DI PAOLA LANCIATO&#8221; &#8212; Radio Pi\u00f9\" src=\"https:\/\/www.radiopiu.net\/wordpress\/sentimental-le-storie-damore-di-paola-lanciato\/embed\/#?secret=4nJER4Vx3h#?secret=r0gjUxHTB6\" data-secret=\"r0gjUxHTB6\" width=\"600\" height=\"338\" frameborder=\"0\" marginwidth=\"0\" marginheight=\"0\" scrolling=\"no\"><\/iframe><\/p>\n<p>&nbsp;<\/p>\n<hr \/>\n<p>&nbsp;<\/p>\n<blockquote class=\"wp-embedded-content\" data-secret=\"oOFXePx914\"><p><a href=\"https:\/\/www.radiopiu.net\/wordpress\/lad05\/\">&#8220;NCONTONSE&#8221; IN LADINO SU RADIO PI\u00d9, quinta   puntata<\/a><\/p><\/blockquote>\n<p><iframe loading=\"lazy\" class=\"wp-embedded-content\" sandbox=\"allow-scripts\" security=\"restricted\" style=\"position: absolute; clip: rect(1px, 1px, 1px, 1px);\" title=\"&#8220;&#8220;NCONTONSE&#8221; IN LADINO SU RADIO PI\u00d9, quinta   puntata&#8221; &#8212; Radio Pi\u00f9\" src=\"https:\/\/www.radiopiu.net\/wordpress\/lad05\/embed\/#?secret=wElZcdPmzw#?secret=oOFXePx914\" data-secret=\"oOFXePx914\" width=\"600\" height=\"338\" frameborder=\"0\" marginwidth=\"0\" marginheight=\"0\" scrolling=\"no\"><\/iframe><\/p>\n<p>&nbsp;<\/p>\n<hr \/>\n<p>&nbsp;<\/p>\n<blockquote class=\"wp-embedded-content\" data-secret=\"X3KhADqsQS\"><p><a href=\"https:\/\/www.radiopiu.net\/wordpress\/rimasti-piu-avanti\/\">&#8220;RIMASTI PIU&#8217; AVANTI&#8221;, ALLA SCOPERTA DELLA MUSICA BELLUNESE CON MARCO V. DAL FARRA<\/a><\/p><\/blockquote>\n<p><iframe loading=\"lazy\" class=\"wp-embedded-content\" sandbox=\"allow-scripts\" security=\"restricted\" style=\"position: absolute; clip: rect(1px, 1px, 1px, 1px);\" title=\"&#8220;&#8220;RIMASTI PIU&#8217; AVANTI&#8221;, ALLA SCOPERTA DELLA MUSICA BELLUNESE CON MARCO V. DAL FARRA&#8221; &#8212; Radio Pi\u00f9\" src=\"https:\/\/www.radiopiu.net\/wordpress\/rimasti-piu-avanti\/embed\/#?secret=zz0i97Gh37#?secret=X3KhADqsQS\" data-secret=\"X3KhADqsQS\" width=\"600\" height=\"338\" frameborder=\"0\" marginwidth=\"0\" marginheight=\"0\" scrolling=\"no\"><\/iframe><\/p>\n<p>&nbsp;<\/p>\n<hr \/>\n<p>&nbsp;<\/p>\n<p><a class=\"dt-pswp-item\" href=\"https:\/\/www.radiopiu.net\/wordpress\/wp-content\/uploads\/2023\/05\/07b370aa-6c88-4a9c-929f-e4e6e20e615b.jpg\" data-dt-img-description=\"\" data-large_image_width=\"832\" data-large_image_height=\"1024\"><img loading=\"lazy\" decoding=\"async\" class=\"size-medium wp-image-337511 aligncenter\" src=\"https:\/\/www.radiopiu.net\/wordpress\/wp-content\/uploads\/2023\/05\/07b370aa-6c88-4a9c-929f-e4e6e20e615b-244x300.jpg\" alt=\"\" width=\"244\" height=\"300\" srcset=\"https:\/\/www.radiopiu.net\/wordpress\/wp-content\/uploads\/2023\/05\/07b370aa-6c88-4a9c-929f-e4e6e20e615b-244x300.jpg 244w, https:\/\/www.radiopiu.net\/wordpress\/wp-content\/uploads\/2023\/05\/07b370aa-6c88-4a9c-929f-e4e6e20e615b-768x945.jpg 768w, https:\/\/www.radiopiu.net\/wordpress\/wp-content\/uploads\/2023\/05\/07b370aa-6c88-4a9c-929f-e4e6e20e615b.jpg 832w\" sizes=\"auto, (max-width: 244px) 100vw, 244px\" \/><\/a><\/p>\n<blockquote>\n<h3>TORNA IL &#8220;MINIERE SUNSET&#8221; NELL&#8217;ESTATE DEL CAFFE&#8217; MINIERE DI AGORDO<\/h3>\n<\/blockquote>\n<p><strong><a class=\"dt-pswp-item\" href=\"https:\/\/www.radiopiu.net\/wordpress\/wp-content\/uploads\/2023\/05\/SCR-20230525-kofy.jpeg\" data-dt-img-description=\"\" data-large_image_width=\"1166\" data-large_image_height=\"646\"><img loading=\"lazy\" decoding=\"async\" class=\" wp-image-337439 alignleft\" src=\"https:\/\/www.radiopiu.net\/wordpress\/wp-content\/uploads\/2023\/05\/SCR-20230525-kofy-300x166.jpeg\" alt=\"\" width=\"154\" height=\"85\" srcset=\"https:\/\/www.radiopiu.net\/wordpress\/wp-content\/uploads\/2023\/05\/SCR-20230525-kofy-300x166.jpeg 300w, https:\/\/www.radiopiu.net\/wordpress\/wp-content\/uploads\/2023\/05\/SCR-20230525-kofy-1024x567.jpeg 1024w, https:\/\/www.radiopiu.net\/wordpress\/wp-content\/uploads\/2023\/05\/SCR-20230525-kofy-768x425.jpeg 768w, https:\/\/www.radiopiu.net\/wordpress\/wp-content\/uploads\/2023\/05\/SCR-20230525-kofy.jpeg 1166w\" sizes=\"auto, (max-width: 154px) 100vw, 154px\" \/><\/a>AGORDO<\/strong> Si torna a ballare nell&#8217;estate 2023. Il Caff\u00e8 Miniere di Agordo organizza il &#8220;Miniere Sunset&#8221;, un appuntamento a cadenza mensile con cocktail bar e DJ Set dalle 18 alle 24. Tre mercoled\u00ec di festa. Il 14 giugno con DJ Jack &amp; RDJ, il 19 luglio e il 30 agosto con Morgan &amp; Battaglia DJ&#8217;s. Tutte le serate saranno in diretta su Radio Pi\u00f9 con ospiti a sorpresa.<\/p>\n<p>&nbsp;<\/p>\n<hr \/>\n<p>&nbsp;<\/p>\n<blockquote>\n<h3>LA CURIOSITA&#8217;<\/h3>\n<p>TRADIZIONI E VINCITORI INCALLITI<\/p><\/blockquote>\n<p><a class=\"dt-pswp-item\" href=\"https:\/\/www.radiopiu.net\/wordpress\/wp-content\/uploads\/2023\/06\/Senza-nome-16.png\" data-dt-img-description=\"\" data-large_image_width=\"408\" data-large_image_height=\"501\"><img loading=\"lazy\" decoding=\"async\" class=\"size-medium wp-image-339817 aligncenter\" src=\"https:\/\/www.radiopiu.net\/wordpress\/wp-content\/uploads\/2023\/06\/Senza-nome-16-244x300.png\" alt=\"\" width=\"244\" height=\"300\" srcset=\"https:\/\/www.radiopiu.net\/wordpress\/wp-content\/uploads\/2023\/06\/Senza-nome-16-244x300.png 244w, https:\/\/www.radiopiu.net\/wordpress\/wp-content\/uploads\/2023\/06\/Senza-nome-16.png 408w\" sizes=\"auto, (max-width: 244px) 100vw, 244px\" \/><\/a><\/p>\n<hr \/>\n<p>&nbsp;<\/p>\n<h2><span style=\"color: #ff0000;\">GLI APPUNTAMENTI DELLA SETTIMANA<\/span><\/h2>\n<div class=\"page-title-breadcrumbs\">\n<h3>SANT\u2019ANTONIO\u2026 LA SAGRA A RIVAMONTE!<\/h3>\n<p><strong>OGGI<\/strong>\u00a0IL TENDONE APRE ALLE 17, IN SERATA SI BALLA CON EROS E KARIN.<strong> DOMANI<\/strong>\u00a0IL GIORNO SI SANT\u2019ANTONIO, UNA LUNGA GIORNATA DI FESTA CON IL BALLO FINALE DELLA TUA IDEA. SANT\u2019ANTONIO, LA SAGRA, CON LA PROLOCO DI RIVAMONTE.<\/p>\n<p><strong>L&#8217;INTERVISTA<\/strong><\/p>\n<p><strong><a class=\"dt-pswp-item\" href=\"https:\/\/www.radiopiu.net\/wordpress\/wp-content\/uploads\/2023\/02\/giacomo-bressan.png\" data-dt-img-description=\"\" data-large_image_width=\"622\" data-large_image_height=\"430\"><img loading=\"lazy\" decoding=\"async\" class=\" wp-image-324033 alignleft\" src=\"https:\/\/www.radiopiu.net\/wordpress\/wp-content\/uploads\/2023\/02\/giacomo-bressan-300x207.png\" alt=\"\" width=\"151\" height=\"104\" srcset=\"https:\/\/www.radiopiu.net\/wordpress\/wp-content\/uploads\/2023\/02\/giacomo-bressan-300x207.png 300w, https:\/\/www.radiopiu.net\/wordpress\/wp-content\/uploads\/2023\/02\/giacomo-bressan.png 622w\" sizes=\"auto, (max-width: 151px) 100vw, 151px\" \/><\/a>di Mirko Mezzacasa<\/strong><\/p>\n<p>OSPITE: Giacomo Bressan, presidente della Pro Loco Rivamonte<\/p>\n<audio class=\"wp-audio-shortcode\" id=\"audio-339669-4\" preload=\"none\" style=\"width: 100%;\" controls=\"controls\"><source type=\"audio\/mpeg\" src=\"https:\/\/www.radiopiu.net\/wordpress\/wp-content\/uploads\/2023\/05\/giacomo-bressan-proloco-rivamonte-sanantosnio-1.mp3?_=4\" \/><a href=\"https:\/\/www.radiopiu.net\/wordpress\/wp-content\/uploads\/2023\/05\/giacomo-bressan-proloco-rivamonte-sanantosnio-1.mp3\">https:\/\/www.radiopiu.net\/wordpress\/wp-content\/uploads\/2023\/05\/giacomo-bressan-proloco-rivamonte-sanantosnio-1.mp3<\/a><\/audio>\n<p>&nbsp;<\/p>\n<hr \/>\n<p>&nbsp;<\/p>\n<blockquote>\n<h3>LA SERATA DI PRESENTAZIONE DI UNIONETICA<\/h3>\n<\/blockquote>\n<p><strong>BELLUNO<\/strong> Oggi alle 20:30 alla Sala Eliseo Dal Pont Bianchi di Belluno verr\u00e0 presentata l&#8217;associazione UnionEtica, associazione sindacale che raccoglie famiglie e piccole\/microimprese. Interverranno Diego Moschini, consulente del lavoro, e Daniele Trabucco, Costituzionalista ed autore. Ingresso a offerta libera<\/p>\n<\/div>\n<div class=\"page-title-breadcrumbs\">\n<p>&nbsp;<\/p>\n<hr \/>\n<p>&nbsp;<\/p>\n<h2><span style=\"color: #ff0000;\">PROSSIMAMENTE&#8230;<\/span><\/h2>\n<p><img decoding=\"async\" class=\"aligncenter\" src=\"https:\/\/www.radiopiu.net\/wordpress\/wp-content\/uploads\/2023\/05\/42abf5ad-ee3c-42c9-9043-e91339305204-214x300.jpg\" \/><\/p>\n<p>&nbsp;<\/p>\n<p>&nbsp;<\/p>\n<p>&nbsp;<\/p>\n<hr \/>\n<p>&nbsp;<\/p>\n<h2><strong><a class=\"dt-pswp-item\" href=\"https:\/\/www.radiopiu.net\/wordpress\/wp-content\/uploads\/2020\/12\/DON-GIORGIO-LISE.jpg\" data-dt-img-description=\"\" data-large_image_width=\"1600\" data-large_image_height=\"901\"><img loading=\"lazy\" decoding=\"async\" class=\" wp-image-177420 alignleft\" src=\"https:\/\/www.radiopiu.net\/wordpress\/wp-content\/uploads\/2020\/12\/DON-GIORGIO-LISE-300x169.jpg\" alt=\"\" width=\"209\" height=\"118\" srcset=\"https:\/\/www.radiopiu.net\/wordpress\/wp-content\/uploads\/2020\/12\/DON-GIORGIO-LISE-300x169.jpg 300w, https:\/\/www.radiopiu.net\/wordpress\/wp-content\/uploads\/2020\/12\/DON-GIORGIO-LISE-1024x577.jpg 1024w, https:\/\/www.radiopiu.net\/wordpress\/wp-content\/uploads\/2020\/12\/DON-GIORGIO-LISE-768x432.jpg 768w, https:\/\/www.radiopiu.net\/wordpress\/wp-content\/uploads\/2020\/12\/DON-GIORGIO-LISE-1536x865.jpg 1536w, https:\/\/www.radiopiu.net\/wordpress\/wp-content\/uploads\/2020\/12\/DON-GIORGIO-LISE.jpg 1600w\" sizes=\"auto, (max-width: 209px) 100vw, 209px\" \/><\/a><\/strong><span style=\"color: #800080;\">DUE MINUTI PER TE<\/span><\/h2>\n<p><strong>APPUNTAMENTO DELLA DOMENICA CON IL PENSIERO DI MONSIGNOR GIORGIO LISE<\/strong><\/p>\n<audio class=\"wp-audio-shortcode\" id=\"audio-339669-5\" preload=\"none\" style=\"width: 100%;\" controls=\"controls\"><source type=\"audio\/mpeg\" src=\"https:\/\/www.radiopiu.net\/wordpress\/wp-content\/uploads\/2023\/06\/DON-GIORGIO-1.mp3?_=5\" \/><a href=\"https:\/\/www.radiopiu.net\/wordpress\/wp-content\/uploads\/2023\/06\/DON-GIORGIO-1.mp3\">https:\/\/www.radiopiu.net\/wordpress\/wp-content\/uploads\/2023\/06\/DON-GIORGIO-1.mp3<\/a><\/audio>\n<p>&nbsp;<\/p>\n<hr \/>\n<p>&nbsp;<\/p>\n<div dir=\"auto\">\n<div class=\"message spoilers-container\" dir=\"auto\">\n<div>\n<div class=\"b654a4as d2edcug0\">\n<div class=\"rq0escxv hkbzh7o3 jwdofwj8 n8tt0mok r8blr3vg hyh9befq\">\n<p><a class=\"dt-pswp-item\" href=\"https:\/\/www.radiopiu.net\/wordpress\/wp-content\/uploads\/2020\/10\/pp.jpg\" data-dt-img-description=\"\" data-large_image_width=\"640\" data-large_image_height=\"640\"><img loading=\"lazy\" decoding=\"async\" class=\"wp-image-163678 alignleft\" src=\"https:\/\/www.radiopiu.net\/wordpress\/wp-content\/uploads\/2020\/10\/pp-300x300.jpg\" alt=\"\" width=\"106\" height=\"106\" srcset=\"https:\/\/www.radiopiu.net\/wordpress\/wp-content\/uploads\/2020\/10\/pp-300x300.jpg 300w, https:\/\/www.radiopiu.net\/wordpress\/wp-content\/uploads\/2020\/10\/pp-150x150.jpg 150w, https:\/\/www.radiopiu.net\/wordpress\/wp-content\/uploads\/2020\/10\/pp-125x125.jpg 125w, https:\/\/www.radiopiu.net\/wordpress\/wp-content\/uploads\/2020\/10\/pp-200x200.jpg 200w, https:\/\/www.radiopiu.net\/wordpress\/wp-content\/uploads\/2020\/10\/pp-80x80.jpg 80w, https:\/\/www.radiopiu.net\/wordpress\/wp-content\/uploads\/2020\/10\/pp-480x480.jpg 480w, https:\/\/www.radiopiu.net\/wordpress\/wp-content\/uploads\/2020\/10\/pp.jpg 640w\" sizes=\"auto, (max-width: 106px) 100vw, 106px\" \/><\/a><\/p>\n<\/div>\n<\/div>\n<\/div>\n<\/div>\n<div class=\"message spoilers-container\" dir=\"auto\">\n<div class=\"page-title-head hgroup\">\n<div class=\"page-title-head hgroup\">\n<div class=\"b654a4as d2edcug0\">\n<div class=\"j83agx80 btwxx1t3 lhclo0ds hop8lmos nkwizq5d scwd0bx6 roh60bw9\">\n<div class=\"rq0escxv hkbzh7o3 jwdofwj8 n8tt0mok r8blr3vg hyh9befq\">\n<div class=\"do00u71z l9j0dhe7 k4urcfbm\" style=\"text-align: left;\">\n<h2><span style=\"color: #000080;\">DON CESARE, IL PENSIERO DEL GIORNO. ALLA RADIO ALLE 7 DEL MATTINO E ALLE 19.30 DELLA SERA<\/span><\/h2>\n<\/div>\n<audio class=\"wp-audio-shortcode\" id=\"audio-339669-6\" preload=\"none\" style=\"width: 100%;\" controls=\"controls\"><source type=\"audio\/mpeg\" src=\"https:\/\/www.radiopiu.net\/wordpress\/wp-content\/uploads\/2023\/06\/CESARE-8.mp3?_=6\" \/><a href=\"https:\/\/www.radiopiu.net\/wordpress\/wp-content\/uploads\/2023\/06\/CESARE-8.mp3\">https:\/\/www.radiopiu.net\/wordpress\/wp-content\/uploads\/2023\/06\/CESARE-8.mp3<\/a><\/audio>\n<p>&nbsp;<\/p>\n<div class=\"do00u71z l9j0dhe7 k4urcfbm\" style=\"text-align: left;\">\n<p>&nbsp;<\/p>\n<p>&nbsp;<\/p>\n<\/div>\n<\/div>\n<\/div>\n<\/div>\n<\/div>\n<\/div>\n<\/div>\n<\/div>\n<div class=\"message spoilers-container\" dir=\"auto\">\n<div class=\"column\">\n<hr \/>\n<p>&nbsp;<\/p>\n<p><img loading=\"lazy\" decoding=\"async\" class=\"aligncenter wp-image-61954 size-full\" src=\"https:\/\/www.radiopiu.net\/wordpress\/wp-content\/uploads\/2018\/09\/viabilita.jpeg\" sizes=\"auto, (max-width: 800px) 100vw, 800px\" srcset=\"https:\/\/www.radiopiu.net\/wordpress\/wp-content\/uploads\/2018\/09\/viabilita.jpeg 800w, https:\/\/www.radiopiu.net\/wordpress\/wp-content\/uploads\/2018\/09\/viabilita-300x38.jpeg 300w, https:\/\/www.radiopiu.net\/wordpress\/wp-content\/uploads\/2018\/09\/viabilita-768x96.jpeg 768w\" alt=\"\" width=\"800\" height=\"100\" \/><\/p>\n<\/div>\n<\/div>\n<div class=\"message spoilers-container\" dir=\"auto\">\n<div class=\"column\">\n<p>&nbsp;<\/p>\n<\/div>\n<\/div>\n<div class=\"message spoilers-container\" dir=\"auto\">\n<div class=\"column\">\n<div>\n<div dir=\"ltr\">\n<div class=\"gmail_quote\">\n<div dir=\"ltr\">\n<div>\n<blockquote class=\"wp-embedded-content\" data-secret=\"p6jNoj4olt\"><p><a href=\"https:\/\/www.radiopiu.net\/wordpress\/viabilita\/\">viabilita<\/a><\/p><\/blockquote>\n<p><iframe loading=\"lazy\" class=\"wp-embedded-content\" sandbox=\"allow-scripts\" security=\"restricted\" style=\"position: absolute; clip: rect(1px, 1px, 1px, 1px);\" title=\"&#8220;viabilita&#8221; &#8212; Radio Pi\u00f9\" src=\"https:\/\/www.radiopiu.net\/wordpress\/viabilita\/embed\/#?secret=5TutezvWTL#?secret=p6jNoj4olt\" data-secret=\"p6jNoj4olt\" width=\"600\" height=\"338\" frameborder=\"0\" marginwidth=\"0\" marginheight=\"0\" scrolling=\"no\"><\/iframe><\/p>\n<\/div>\n<div><\/div>\n<div><\/div>\n<div><\/div>\n<\/div>\n<\/div>\n<\/div>\n<\/div>\n<hr \/>\n<p>&nbsp;<\/p>\n<p><a class=\"dt-pswp-item\" href=\"https:\/\/www.radiopiu.net\/wordpress\/wp-content\/uploads\/2018\/09\/WhatsApp-Image-2018-09-20-at-16.04.06.jpeg\" data-dt-img-description=\"\" data-large_image_width=\"800\" data-large_image_height=\"100\"><img loading=\"lazy\" decoding=\"async\" class=\"wp-image-61378 size-full aligncenter\" src=\"https:\/\/www.radiopiu.net\/wordpress\/wp-content\/uploads\/2018\/09\/WhatsApp-Image-2018-09-20-at-16.04.06.jpeg\" alt=\"\" width=\"800\" height=\"100\" srcset=\"https:\/\/www.radiopiu.net\/wordpress\/wp-content\/uploads\/2018\/09\/WhatsApp-Image-2018-09-20-at-16.04.06.jpeg 800w, https:\/\/www.radiopiu.net\/wordpress\/wp-content\/uploads\/2018\/09\/WhatsApp-Image-2018-09-20-at-16.04.06-300x38.jpeg 300w, https:\/\/www.radiopiu.net\/wordpress\/wp-content\/uploads\/2018\/09\/WhatsApp-Image-2018-09-20-at-16.04.06-768x96.jpeg 768w\" sizes=\"auto, (max-width: 800px) 100vw, 800px\" \/><\/a><\/p>\n<\/div>\n<\/div>\n<div class=\"message spoilers-container\" dir=\"auto\"><\/div>\n<p><center><\/center><center><b>OGGI<\/b><\/center><b>Tempo atteso: <\/b>Non esclusa una certa instabilit\u00e0 nottetempo su Prealpi occidentali, in esaurimento entro l&#8217;alba. Al mattino tempo soleggiato e primi cumuli a ridosso delle cime. Dalle ore centrali riduzione del soleggiamento per irregolare attivit\u00e0 cumuliforme, spesso anche intensa e associata a rovesci e temporali sparsi.<br \/>\n<b>Precipitazioni: <\/b>Nottetempo non escluso qualche rovescio e temporale su Prealpi occidentali (20-30%), in esaurimento prima dell&#8217;alba. Altrove saranno assenti sia di notte che di mattino (0%). Al pomeriggio alta probabilit\u00e0 di nuovi rovesci e temporali (70-80). Non escluso qualche locale rovescio intenso, anche grandinigeno.<br \/>\n<b>Temperature: <\/b>In generale leggera flessione, salvo stazionariet\u00e0 delle minime nelle valli.<\/p>\n<hr \/>\n<p><center><b>DOMANI<\/b><\/center><b>Tempo atteso: <\/b>Giornata complessivamente instabile sia al mattino che al pomeriggio, con intervalli di variabilit\u00e0, cio\u00e8 pause senza fenomeni con maggiore chance di schiarite in un cielo spesso nuvoloso, a tratti anche molto nuvoloso.<br \/>\n<b>Precipitazioni: <\/b>Probabilit\u00e0 da media a medio-alta (50-70%) di piogge, anche a carattere di rovescio e eventuali temporali sia al mattino che al pomeriggio. La suddetta probabilit\u00e0 tender\u00e0 a diminuire dal tardo pomeriggio in poi.<br \/>\n<b>Temperature: <\/b>In generale lieve diminuzione in quota e senza notevoli variazioni nelle valli.<\/p>\n<hr \/>\n<p><center><b>MERCOLEDI<\/b><\/center>Tratti soleggiati e annuvolamenti cumuliformi associati a qualche fenomeno, gi\u00e0 al mattino, poi ulteriore intensificazione della nuvolosit\u00e0 e crescente rischio di rovesci e temporali tra il pomeriggio e la prima parte della serata.\u00a0 Temperature in ulteriore lieve diminuzione.<\/p>\n<hr \/>\n<p><center><b>GIOVEDI<\/b><\/center>Al mattino tempo soleggiato e primi cumuli a ridosso delle cime. Dalle ore centrali riduzione del soleggiamento per irregolare attivit\u00e0 cumuliforme, localmente moderata e associata a qualche fenomeno convettivo sulle Prealpi, ma presumibilmente assenti sulle Dolomiti. Temperature minime in calo e assai basse per il periodo, massime in leggera ripresa<\/p>\n<p>&nbsp;<\/p>\n<div class=\"message spoilers-container\" dir=\"auto\">\n<hr \/>\n<p>&nbsp;<\/p>\n<p><a class=\"dt-pswp-item\" href=\"https:\/\/www.radiopiu.net\/wordpress\/wp-content\/uploads\/2018\/09\/sport.jpg\" data-dt-img-description=\"\" data-large_image_width=\"800\" data-large_image_height=\"100\"><img loading=\"lazy\" decoding=\"async\" class=\"aligncenter wp-image-60761 size-full\" src=\"https:\/\/www.radiopiu.net\/wordpress\/wp-content\/uploads\/2018\/09\/sport.jpg\" alt=\"\" width=\"800\" height=\"100\" srcset=\"https:\/\/www.radiopiu.net\/wordpress\/wp-content\/uploads\/2018\/09\/sport.jpg 800w, https:\/\/www.radiopiu.net\/wordpress\/wp-content\/uploads\/2018\/09\/sport-300x38.jpg 300w, https:\/\/www.radiopiu.net\/wordpress\/wp-content\/uploads\/2018\/09\/sport-768x96.jpg 768w\" sizes=\"auto, (max-width: 800px) 100vw, 800px\" \/><\/a><\/p>\n<\/div>\n<div class=\"message spoilers-container\" dir=\"auto\">\n<h3><\/h3>\n<p><span style=\"color: #0000ff;\"><strong>CALCIO<\/strong><\/span><\/p>\n<blockquote>\n<h3>QUATTRO SQUADRE A PIENI PUNTI DOPO LA SECONDA GIORNATA DEL MEMORIAL ATTILIO MORETTI<\/h3>\n<\/blockquote>\n<p><strong><a class=\"dt-pswp-item\" href=\"https:\/\/www.radiopiu.net\/wordpress\/wp-content\/uploads\/2023\/06\/voltago-2023.jpg\" data-dt-img-description=\"\" data-large_image_width=\"1600\" data-large_image_height=\"1200\"><img loading=\"lazy\" decoding=\"async\" class=\" wp-image-339773 alignleft\" src=\"https:\/\/www.radiopiu.net\/wordpress\/wp-content\/uploads\/2023\/06\/voltago-2023-300x225.jpg\" alt=\"\" width=\"179\" height=\"134\" srcset=\"https:\/\/www.radiopiu.net\/wordpress\/wp-content\/uploads\/2023\/06\/voltago-2023-300x225.jpg 300w, https:\/\/www.radiopiu.net\/wordpress\/wp-content\/uploads\/2023\/06\/voltago-2023-1024x768.jpg 1024w, https:\/\/www.radiopiu.net\/wordpress\/wp-content\/uploads\/2023\/06\/voltago-2023-768x576.jpg 768w, https:\/\/www.radiopiu.net\/wordpress\/wp-content\/uploads\/2023\/06\/voltago-2023-1536x1152.jpg 1536w, https:\/\/www.radiopiu.net\/wordpress\/wp-content\/uploads\/2023\/06\/voltago-2023.jpg 1600w\" sizes=\"auto, (max-width: 179px) 100vw, 179px\" \/><\/a>Di Marco Gaz<\/strong><\/p>\n<p><strong>REDAZIONE <\/strong>Dopo la seconda giornata del Memorial Attilio Moretti nel girone A Voltago (foto), Fodom e La Valle viaggiano a punteggio pieno. Nel secondo raggruppamento l\u2019unica squadra a pieni punti \u00e8 il Le Ville. A Cencenighe gli orsetti incamerano la seconda vittoria stagionale. Il derby del Poi va ai campioni in carica del Voltago mentre il La Valle vince in rimonta contro il Canale. Massimo risultato con il minimo sforzo per il Le Ville che batte l\u2019Alleghe nell\u2019anticipo di sabato. Bella prestazione del Taibon che conquista i primi punti dopo una bella partita contro il Gosaldo. Il primo pareggio della stagione si registra a Vallada dove i padroni di casa mettono il bastone tra le ruote al Caprile.<\/p>\n<p><strong>I RISULTATI DELLA SECONDA GIORNATA. <\/strong>GIRONE A: Cencenighe \u2013 Fodom 0-2, La Valle \u2013 Canale 2-1, Voltago \u2013 Rivamonte 3-0 .GIRONE B: Alleghe \u2013 Le Ville 0-2, Taibon \u2013 Gosaldo 2-0, Vallada \u2013 Caprile 1-1.<\/p>\n<p><strong>LA CLASSIFICA. <\/strong>GIRONE A: Voltago, Fodom e La Valle 6, Cencenighe, Canale e Rivamonte 0 GIRONE B: Le Ville 6, Caprile e Vallada 4, Taibon 3, Gosaldo e Alleghe 0.<\/p>\n<p><strong>PROSSIMO TURNO: <\/strong>GIRONE A: sabato alle 20:30 Cencenighe \u2013 Canale, domenica alle 16 La Valle \u2013 Voltago e Rivamonte \u2013 Fodom. GIRONE B: sabato alle 20:30 Alleghe \u2013 Caprile, domenica alle 16 Gosaldo \u2013 Le Ville e Vallada &#8211; Taibon.<\/p>\n<p>&nbsp;<\/p>\n<blockquote>\n<h3>INIZIATO ANCHE IL CAMPIONATO AGORDINO UNDER 14<\/h3>\n<\/blockquote>\n<p><strong><a class=\"dt-pswp-item\" href=\"https:\/\/www.radiopiu.net\/wordpress\/wp-content\/uploads\/2023\/06\/LA-VALLE-UNDER-14-2023.jpeg\" data-dt-img-description=\"\" data-large_image_width=\"1402\" data-large_image_height=\"768\"><img loading=\"lazy\" decoding=\"async\" class=\" wp-image-339743 alignleft\" src=\"https:\/\/www.radiopiu.net\/wordpress\/wp-content\/uploads\/2023\/06\/LA-VALLE-UNDER-14-2023-300x164.jpeg\" alt=\"\" width=\"207\" height=\"113\" srcset=\"https:\/\/www.radiopiu.net\/wordpress\/wp-content\/uploads\/2023\/06\/LA-VALLE-UNDER-14-2023-300x164.jpeg 300w, https:\/\/www.radiopiu.net\/wordpress\/wp-content\/uploads\/2023\/06\/LA-VALLE-UNDER-14-2023-1024x561.jpeg 1024w, https:\/\/www.radiopiu.net\/wordpress\/wp-content\/uploads\/2023\/06\/LA-VALLE-UNDER-14-2023-768x421.jpeg 768w, https:\/\/www.radiopiu.net\/wordpress\/wp-content\/uploads\/2023\/06\/LA-VALLE-UNDER-14-2023.jpeg 1402w\" sizes=\"auto, (max-width: 207px) 100vw, 207px\" \/><\/a>di Marco Gaz<\/strong><\/p>\n<p><strong>AGORDO<\/strong> In campo anche i giovani agordini che nel fine settimana hanno giocato le prime partite del Campionato Agordino Giovanile. Un torneo under 14 di vallata che si preannuncia molto agguerrito con ben 8 squadre iscritte. La novit\u00e0 dell\u2019edizione 2023 \u00e8 il ritorno del Vallada. A Cernadoi il Fodom crolla in casa contro il Caprile. Gli orsetti non riescono a fare punti e il Caprile si candida a squadra da battere. Il La Valle (foto) incamera i primi 3 punti della stagione grazie alla vittoria in casa con il Cencenighe. Lavallesi che rifilano due gol agli avversari. Anche il Canale mette a segno la prima vittoria e lo fa dopo una partita a senso unico.\u00a0 A chiudere la prima giornata ci penseranno Taibon e Vallada che si scontreranno domani.<\/p>\n<p><strong>I RISULTATI DELLA PRIMA GIORNATA:<\/strong> Fodom \u2013 Caprile 1-3, La Valle \u2013 Cencenighe 2-0, Canale \u2013 Le Ville 7-0. Taibon \u2013 Vallada si gioca domani alle 18<\/p>\n<p><strong>LA CLASSIFICA:<\/strong> La Valle, Caprile e Canale 3, Le Ville, Cencenighe, Fodom, Taibon* e Vallada* 0. (* una partita in meno)<\/p>\n<p>&nbsp;<\/p>\n<p><span style=\"color: #0000ff;\"><strong>CICLISMO<\/strong><\/span><\/p>\n<blockquote>\n<h3>17^ SELLARONDA BIKE DAY: CHE SUCCESSONE!!!<\/h3>\n<\/blockquote>\n<p>La 17esima edizione del Sellaronda Bike Day, la giornata dedicata ad attraversare i quattro passi intorno al massiccio del Sella in bicicletta, si \u00e8 svolta sabato con successo, sia per la partecipazione, sia per l\u2019entusiasmo di chi vi ha preso parte. La mattinata soleggiata ha permesso a molti ciclisti di completare il giro senza pioggia. Verso mezzogiorno, alcuni brevi scrosci di pioggia hanno costretto i ciclisti a fare delle pause, ma questo non ha smorzato gli animi. Si \u00e8 potuto contare un numero di partecipanti (circa 20.000) pari a quello delle ultime edizioni di grande successo.<\/p>\n\n\t\t\t<style type='text\/css'>\n\t\t\t\t#gallery-6 {\n\t\t\t\t\tmargin: auto;\n\t\t\t\t}\n\t\t\t\t#gallery-6 .gallery-item {\n\t\t\t\t\tfloat: left;\n\t\t\t\t\tmargin-top: 10px;\n\t\t\t\t\ttext-align: center;\n\t\t\t\t\twidth: 33%;\n\t\t\t\t}\n\t\t\t\t#gallery-6 img {\n\t\t\t\t\tborder: 2px solid #cfcfcf;\n\t\t\t\t}\n\t\t\t\t#gallery-6 .gallery-caption {\n\t\t\t\t\tmargin-left: 0;\n\t\t\t\t}\n\t\t\t\t\/* see gallery_shortcode() in wp-includes\/media.php *\/\n\t\t\t<\/style>\n\t\t<div id='gallery-6' class='dt-gallery-container gallery galleryid-339669 gallery-columns-3 gallery-size-thumbnail'><dl class='gallery-item'>\n\t\t\t\t<dt class='gallery-icon portrait'>\n\t\t\t\t\t<a class=\"rollover rollover-zoom dt-pswp-item\" title=\"219e8b9d-5389-4a81-a402-b74403b049b9\" data-dt-img-description=\"\" data-large_image_width=\"768\" data-large_image_height=\"1024\"href='https:\/\/www.radiopiu.net\/wordpress\/wp-content\/uploads\/2023\/06\/219e8b9d-5389-4a81-a402-b74403b049b9.jpg'><img loading=\"lazy\" decoding=\"async\" width=\"150\" height=\"150\" src=\"https:\/\/www.radiopiu.net\/wordpress\/wp-content\/uploads\/2023\/06\/219e8b9d-5389-4a81-a402-b74403b049b9-150x150.jpg\" class=\"attachment-thumbnail size-thumbnail\" alt=\"\" \/><\/a>\n\t\t\t\t<\/dt><\/dl><dl class='gallery-item'>\n\t\t\t\t<dt class='gallery-icon portrait'>\n\t\t\t\t\t<a class=\"rollover rollover-zoom dt-pswp-item\" title=\"2b674b14-7377-4bb0-91a4-2299fdf29cd9\" data-dt-img-description=\"\" data-large_image_width=\"473\" data-large_image_height=\"1024\"href='https:\/\/www.radiopiu.net\/wordpress\/wp-content\/uploads\/2023\/06\/2b674b14-7377-4bb0-91a4-2299fdf29cd9.jpg'><img loading=\"lazy\" decoding=\"async\" width=\"150\" height=\"150\" src=\"https:\/\/www.radiopiu.net\/wordpress\/wp-content\/uploads\/2023\/06\/2b674b14-7377-4bb0-91a4-2299fdf29cd9-150x150.jpg\" class=\"attachment-thumbnail size-thumbnail\" alt=\"\" \/><\/a>\n\t\t\t\t<\/dt><\/dl><dl class='gallery-item'>\n\t\t\t\t<dt class='gallery-icon landscape'>\n\t\t\t\t\t<a class=\"rollover rollover-zoom dt-pswp-item\" title=\"e8f3f373-04cd-4e74-ac99-3dec4ec4ff2b\" data-dt-img-description=\"\" data-large_image_width=\"1024\" data-large_image_height=\"768\"href='https:\/\/www.radiopiu.net\/wordpress\/wp-content\/uploads\/2023\/06\/e8f3f373-04cd-4e74-ac99-3dec4ec4ff2b.jpg'><img loading=\"lazy\" decoding=\"async\" width=\"150\" height=\"150\" src=\"https:\/\/www.radiopiu.net\/wordpress\/wp-content\/uploads\/2023\/06\/e8f3f373-04cd-4e74-ac99-3dec4ec4ff2b-150x150.jpg\" class=\"attachment-thumbnail size-thumbnail\" alt=\"\" \/><\/a>\n\t\t\t\t<\/dt><\/dl><br style=\"clear: both\" \/>\n\t\t\t<\/div>\n\n<p>&nbsp;<\/p>\n<p>I partecipanti provenivano prevalentemente dall\u2019Italia, dalla Germania, Svizzera, Austria, dalla Gran Bretagna, dall\u2019Olanda e dal Belgio ma anche da diversi Paesi asiatici, oltre ad americani. Il comitato organizzatore sottolinea che \u00e8 solamente possibile organizzare un evento del genere grazie alla buona collaborazione tra le valli, all&#8217;impegno dei numerosi volontari e al sostegno delle amministrazioni pubbliche locali e provinciali.<br \/>\n<strong>L&#8217;edizione autunnale del Sellaronda Bike Day \u00e8 prevista per il 16 settembre 2023.<\/strong><\/p>\n<p>Foto by @Janpaul Irsara<\/p>\n\n\t\t\t<style type='text\/css'>\n\t\t\t\t#gallery-7 {\n\t\t\t\t\tmargin: auto;\n\t\t\t\t}\n\t\t\t\t#gallery-7 .gallery-item {\n\t\t\t\t\tfloat: left;\n\t\t\t\t\tmargin-top: 10px;\n\t\t\t\t\ttext-align: center;\n\t\t\t\t\twidth: 50%;\n\t\t\t\t}\n\t\t\t\t#gallery-7 img {\n\t\t\t\t\tborder: 2px solid #cfcfcf;\n\t\t\t\t}\n\t\t\t\t#gallery-7 .gallery-caption {\n\t\t\t\t\tmargin-left: 0;\n\t\t\t\t}\n\t\t\t\t\/* see gallery_shortcode() in wp-includes\/media.php *\/\n\t\t\t<\/style>\n\t\t<div id='gallery-7' class='dt-gallery-container gallery galleryid-339669 gallery-columns-2 gallery-size-thumbnail'><dl class='gallery-item'>\n\t\t\t\t<dt class='gallery-icon landscape'>\n\t\t\t\t\t<a class=\"rollover rollover-zoom dt-pswp-item\" title=\"afb068bf-4f02-40db-96a0-e51c4ea86813\" data-dt-img-description=\"\" data-large_image_width=\"512\" data-large_image_height=\"341\"href='https:\/\/www.radiopiu.net\/wordpress\/wp-content\/uploads\/2023\/06\/afb068bf-4f02-40db-96a0-e51c4ea86813.jpg'><img loading=\"lazy\" decoding=\"async\" width=\"150\" height=\"150\" src=\"https:\/\/www.radiopiu.net\/wordpress\/wp-content\/uploads\/2023\/06\/afb068bf-4f02-40db-96a0-e51c4ea86813-150x150.jpg\" class=\"attachment-thumbnail size-thumbnail\" alt=\"\" \/><\/a>\n\t\t\t\t<\/dt><\/dl><dl class='gallery-item'>\n\t\t\t\t<dt class='gallery-icon landscape'>\n\t\t\t\t\t<a class=\"rollover rollover-zoom dt-pswp-item\" title=\"b1984e39-c64f-44a5-9615-a1ab0d9d9b77\" data-dt-img-description=\"\" data-large_image_width=\"512\" data-large_image_height=\"341\"href='https:\/\/www.radiopiu.net\/wordpress\/wp-content\/uploads\/2023\/06\/b1984e39-c64f-44a5-9615-a1ab0d9d9b77.jpg'><img loading=\"lazy\" decoding=\"async\" width=\"150\" height=\"150\" src=\"https:\/\/www.radiopiu.net\/wordpress\/wp-content\/uploads\/2023\/06\/b1984e39-c64f-44a5-9615-a1ab0d9d9b77-150x150.jpg\" class=\"attachment-thumbnail size-thumbnail\" alt=\"\" \/><\/a>\n\t\t\t\t<\/dt><\/dl><br style=\"clear: both\" \/><dl class='gallery-item'>\n\t\t\t\t<dt class='gallery-icon landscape'>\n\t\t\t\t\t<a class=\"rollover rollover-zoom dt-pswp-item\" title=\"2038c49e-cba1-44b0-86a6-c51568bdfc78\" data-dt-img-description=\"\" data-large_image_width=\"512\" data-large_image_height=\"341\"href='https:\/\/www.radiopiu.net\/wordpress\/wp-content\/uploads\/2023\/06\/2038c49e-cba1-44b0-86a6-c51568bdfc78.jpg'><img loading=\"lazy\" decoding=\"async\" width=\"150\" height=\"150\" src=\"https:\/\/www.radiopiu.net\/wordpress\/wp-content\/uploads\/2023\/06\/2038c49e-cba1-44b0-86a6-c51568bdfc78-150x150.jpg\" class=\"attachment-thumbnail size-thumbnail\" alt=\"\" \/><\/a>\n\t\t\t\t<\/dt><\/dl><dl class='gallery-item'>\n\t\t\t\t<dt class='gallery-icon landscape'>\n\t\t\t\t\t<a class=\"rollover rollover-zoom dt-pswp-item\" title=\"06d17f45-ff0f-4569-8d23-0fe2746d7fc8\" data-dt-img-description=\"\" data-large_image_width=\"512\" data-large_image_height=\"341\"href='https:\/\/www.radiopiu.net\/wordpress\/wp-content\/uploads\/2023\/06\/06d17f45-ff0f-4569-8d23-0fe2746d7fc8.jpg'><img loading=\"lazy\" decoding=\"async\" width=\"150\" height=\"150\" src=\"https:\/\/www.radiopiu.net\/wordpress\/wp-content\/uploads\/2023\/06\/06d17f45-ff0f-4569-8d23-0fe2746d7fc8-150x150.jpg\" class=\"attachment-thumbnail size-thumbnail\" alt=\"\" \/><\/a>\n\t\t\t\t<\/dt><\/dl><br style=\"clear: both\" \/>\n\t\t\t<\/div>\n\n<blockquote><p>&nbsp;<\/p>\n<p><em>58 km di strada asfaltata con un dislivello di circa 1800 m., attraverso i leggendari passi dolomitici. Questo giorno senza auto \u00e8 un momento molto gradito a tutti i ciclisti, sostenuto dalle Associazioni turistiche e dalle Amministrazioni pubbliche delle quattro valli ladine, Val Gardena, Alta Badia, Fassa e Arabba\/Fodom.<\/em><\/p><\/blockquote>\n<p>&nbsp;<\/p>\n<p><span style=\"color: #0000ff;\"><strong>CORSA CAMPESTRE<\/strong><\/span><\/p>\n<blockquote>\n<h3>DANIELE DE COLO&#8217; E FRANCESCA DE COLO&#8217; SONO IL RE E LA REGINA DELLA RIVA RON 2023<\/h3>\n<\/blockquote>\n<p><strong>RIVAMONTE<\/strong> Si \u00e8 disputata a Rivamonte la settima edizione della Riva Ron, prima tappa del circuito Corri Poi. In occasione della festa per il santo patrono Sant&#8217;Antonio, la Pro Loco ha organizzato una gara di corsa campestre: 8 km per gli adulti e 1,5 km per i giovani. Nella gara lunga il primo ad arrivare al traguardo \u00e8 stato Daniele De Col\u00f2 con il tempo di 31&#8217;07&#8221;, secondo Luca Mosena e terza posizione per Valentino Costa. In ambito femminile Francesca De Col\u00f2 ha vinto con il tempo di 36&#8217;50&#8221;, Seconda posizione per Patrizia Zanette e terza Martina Scola. Nei giovani la vittoria \u00e8 andata a Nicolas Bettini che ha chiuso l&#8217;1,5 km in 5&#8217;49&#8221;. Alyssa Friz ha vinto tra le ragazze in 6&#8217;26&#8221;. Record di iscritti con ben 285 partecipanti alla manifestazione<\/p>\n<p><strong>PER CONSULTARE LE CLASSIFICHE <a href=\"https:\/\/sportdolomiti.it\/rivaron_classifiche_23\">CLICCA QUI<\/a><\/strong><\/p>\n<p><em><strong>LE FOTO DI GIULIANO LAVEDER<\/strong><\/em><\/p>\n\n\t\t\t<style type='text\/css'>\n\t\t\t\t#gallery-8 {\n\t\t\t\t\tmargin: auto;\n\t\t\t\t}\n\t\t\t\t#gallery-8 .gallery-item {\n\t\t\t\t\tfloat: left;\n\t\t\t\t\tmargin-top: 10px;\n\t\t\t\t\ttext-align: center;\n\t\t\t\t\twidth: 14%;\n\t\t\t\t}\n\t\t\t\t#gallery-8 img {\n\t\t\t\t\tborder: 2px solid #cfcfcf;\n\t\t\t\t}\n\t\t\t\t#gallery-8 .gallery-caption {\n\t\t\t\t\tmargin-left: 0;\n\t\t\t\t}\n\t\t\t\t\/* see gallery_shortcode() in wp-includes\/media.php *\/\n\t\t\t<\/style>\n\t\t<div id='gallery-8' class='dt-gallery-container gallery galleryid-339669 gallery-columns-7 gallery-size-thumbnail'><dl class='gallery-item'>\n\t\t\t\t<dt class='gallery-icon portrait'>\n\t\t\t\t\t<a class=\"rollover rollover-zoom dt-pswp-item\" title=\"d0edeb6e-e6d7-40f8-ac7f-e2560efaf878\" data-dt-img-description=\"\" data-large_image_width=\"1536\" data-large_image_height=\"2048\"href='https:\/\/www.radiopiu.net\/wordpress\/wp-content\/uploads\/2023\/06\/d0edeb6e-e6d7-40f8-ac7f-e2560efaf878.jpg'><img loading=\"lazy\" decoding=\"async\" width=\"150\" height=\"150\" src=\"https:\/\/www.radiopiu.net\/wordpress\/wp-content\/uploads\/2023\/06\/d0edeb6e-e6d7-40f8-ac7f-e2560efaf878-150x150.jpg\" class=\"attachment-thumbnail size-thumbnail\" alt=\"\" \/><\/a>\n\t\t\t\t<\/dt><\/dl><dl class='gallery-item'>\n\t\t\t\t<dt class='gallery-icon portrait'>\n\t\t\t\t\t<a class=\"rollover rollover-zoom dt-pswp-item\" title=\"45d9c1bd-2060-407d-90e2-6f1721a022af\" data-dt-img-description=\"\" data-large_image_width=\"1536\" data-large_image_height=\"2048\"href='https:\/\/www.radiopiu.net\/wordpress\/wp-content\/uploads\/2023\/06\/45d9c1bd-2060-407d-90e2-6f1721a022af.jpg'><img loading=\"lazy\" decoding=\"async\" width=\"150\" height=\"150\" src=\"https:\/\/www.radiopiu.net\/wordpress\/wp-content\/uploads\/2023\/06\/45d9c1bd-2060-407d-90e2-6f1721a022af-150x150.jpg\" class=\"attachment-thumbnail size-thumbnail\" alt=\"\" \/><\/a>\n\t\t\t\t<\/dt><\/dl><dl class='gallery-item'>\n\t\t\t\t<dt class='gallery-icon landscape'>\n\t\t\t\t\t<a class=\"rollover rollover-zoom dt-pswp-item\" title=\"50e2411a-8af3-4e57-b6ac-0d00b341f058\" data-dt-img-description=\"\" data-large_image_width=\"2048\" data-large_image_height=\"1536\"href='https:\/\/www.radiopiu.net\/wordpress\/wp-content\/uploads\/2023\/06\/50e2411a-8af3-4e57-b6ac-0d00b341f058.jpg'><img loading=\"lazy\" decoding=\"async\" width=\"150\" height=\"150\" src=\"https:\/\/www.radiopiu.net\/wordpress\/wp-content\/uploads\/2023\/06\/50e2411a-8af3-4e57-b6ac-0d00b341f058-150x150.jpg\" class=\"attachment-thumbnail size-thumbnail\" alt=\"\" \/><\/a>\n\t\t\t\t<\/dt><\/dl><dl class='gallery-item'>\n\t\t\t\t<dt class='gallery-icon landscape'>\n\t\t\t\t\t<a class=\"rollover rollover-zoom dt-pswp-item\" title=\"3d852b42-aac0-4a38-9015-5fdd76102d45\" data-dt-img-description=\"\" data-large_image_width=\"2048\" data-large_image_height=\"1536\"href='https:\/\/www.radiopiu.net\/wordpress\/wp-content\/uploads\/2023\/06\/3d852b42-aac0-4a38-9015-5fdd76102d45.jpg'><img loading=\"lazy\" decoding=\"async\" width=\"150\" height=\"150\" src=\"https:\/\/www.radiopiu.net\/wordpress\/wp-content\/uploads\/2023\/06\/3d852b42-aac0-4a38-9015-5fdd76102d45-150x150.jpg\" class=\"attachment-thumbnail size-thumbnail\" alt=\"\" \/><\/a>\n\t\t\t\t<\/dt><\/dl><dl class='gallery-item'>\n\t\t\t\t<dt class='gallery-icon landscape'>\n\t\t\t\t\t<a class=\"rollover rollover-zoom dt-pswp-item\" title=\"82e80e36-e3bd-4693-9512-87094cfe2a96\" data-dt-img-description=\"\" data-large_image_width=\"2048\" data-large_image_height=\"1536\"href='https:\/\/www.radiopiu.net\/wordpress\/wp-content\/uploads\/2023\/06\/82e80e36-e3bd-4693-9512-87094cfe2a96.jpg'><img loading=\"lazy\" decoding=\"async\" width=\"150\" height=\"150\" src=\"https:\/\/www.radiopiu.net\/wordpress\/wp-content\/uploads\/2023\/06\/82e80e36-e3bd-4693-9512-87094cfe2a96-150x150.jpg\" class=\"attachment-thumbnail size-thumbnail\" alt=\"\" \/><\/a>\n\t\t\t\t<\/dt><\/dl><dl class='gallery-item'>\n\t\t\t\t<dt class='gallery-icon landscape'>\n\t\t\t\t\t<a class=\"rollover rollover-zoom dt-pswp-item\" title=\"5db45417-6e46-48c1-8511-bf0444c43521\" data-dt-img-description=\"\" data-large_image_width=\"2048\" data-large_image_height=\"1536\"href='https:\/\/www.radiopiu.net\/wordpress\/wp-content\/uploads\/2023\/06\/5db45417-6e46-48c1-8511-bf0444c43521.jpg'><img loading=\"lazy\" decoding=\"async\" width=\"150\" height=\"150\" src=\"https:\/\/www.radiopiu.net\/wordpress\/wp-content\/uploads\/2023\/06\/5db45417-6e46-48c1-8511-bf0444c43521-150x150.jpg\" class=\"attachment-thumbnail size-thumbnail\" alt=\"\" \/><\/a>\n\t\t\t\t<\/dt><\/dl><dl class='gallery-item'>\n\t\t\t\t<dt class='gallery-icon portrait'>\n\t\t\t\t\t<a class=\"rollover rollover-zoom dt-pswp-item\" title=\"874e27c9-75fb-4805-afce-c3d528184f35\" data-dt-img-description=\"\" data-large_image_width=\"1536\" data-large_image_height=\"2048\"href='https:\/\/www.radiopiu.net\/wordpress\/wp-content\/uploads\/2023\/06\/874e27c9-75fb-4805-afce-c3d528184f35.jpg'><img loading=\"lazy\" decoding=\"async\" width=\"150\" height=\"150\" src=\"https:\/\/www.radiopiu.net\/wordpress\/wp-content\/uploads\/2023\/06\/874e27c9-75fb-4805-afce-c3d528184f35-150x150.jpg\" class=\"attachment-thumbnail size-thumbnail\" alt=\"\" \/><\/a>\n\t\t\t\t<\/dt><\/dl><br style=\"clear: both\" \/>\n\t\t\t<\/div>\n\n<p>&nbsp;<\/p>\n<p><em><strong>LA PARTENZA<\/strong><\/em><\/p>\n<div style=\"width: 848px;\" class=\"wp-video\"><video class=\"wp-video-shortcode\" id=\"video-339669-2\" width=\"848\" height=\"480\" preload=\"metadata\" controls=\"controls\"><source type=\"video\/mp4\" src=\"https:\/\/www.radiopiu.net\/wordpress\/wp-content\/uploads\/2023\/06\/WhatsApp-Video-2023-06-11-at-11.55.00.mp4?_=2\" \/><a href=\"https:\/\/www.radiopiu.net\/wordpress\/wp-content\/uploads\/2023\/06\/WhatsApp-Video-2023-06-11-at-11.55.00.mp4\">https:\/\/www.radiopiu.net\/wordpress\/wp-content\/uploads\/2023\/06\/WhatsApp-Video-2023-06-11-at-11.55.00.mp4<\/a><\/video><\/div>\n<p>&nbsp;<\/p>\n<p>&nbsp;<\/p>\n<p>&nbsp;<\/p>\n<blockquote>\n<h3>A SAN VITTORE VINCONO BOUDALIA E BULF<\/h3>\n<\/blockquote>\n<blockquote>\n<h3><span style=\"font-size: 14px; font-weight: normal;\">Said Boudalia e Manuela Bulf mettono la firma sul cinquantunesimo trofeo San Vittore, gara di corsa su strada, a Tonadico.\u00a0<\/span><\/h3>\n<\/blockquote>\n<p><strong>Senior: 1. Said Boudalia (Cagliari) 31.47; 2. Mattia Da Boit (Quantin Alpenplus)<\/strong> 34.14. Allievi-Juniores: 1.Francesco Di Tos (Jesolo) 14.03 Cadetti: 1. Andrea Pol (Vittorio) 10.24. Ragazzi: 1. Mattia Simeoni (Astra) 7.26. U10: 1. Leandro De Nardi (Vittorio) 2.29 U8: 1. Noah Andrade (Aviano) 1.29;<\/p>\n<p><strong>Femminili. Senior:\u00a01. Manuela Bulf (Atletica Agordina) 35.01.<\/strong><br \/>\nAllieve-Juniores: 1. Denise Marinello (Jesolo) 12.07 Cadette: 1. Agnese Moret (Ponzano) 7.58. Ragazze: 1. Allegra Manzato (Jesolo) 3.44 U10: 1. Viola Battistella (Vittorio) 2.40 U8: 1. Roberta Manente (Trieste) 1.27<\/p>\n<p>&nbsp;<\/p>\n<p><span style=\"color: #0000ff;\"><strong>MOTORI<\/strong><\/span><\/p>\n<blockquote>\n<h3>UN FINE SETTIMANA DA DIMENTICARE PER ANDREA FONTANA A VALLELUNGA<\/h3>\n<\/blockquote>\n<p><strong><a class=\"dt-pswp-item\" href=\"https:\/\/www.radiopiu.net\/wordpress\/wp-content\/uploads\/2023\/06\/85a71d40-d5d3-464c-86e0-38fb7194bd23.jpg\" data-dt-img-description=\"\" data-large_image_width=\"1200\" data-large_image_height=\"1600\"><img loading=\"lazy\" decoding=\"async\" class=\" wp-image-339749 alignleft\" src=\"https:\/\/www.radiopiu.net\/wordpress\/wp-content\/uploads\/2023\/06\/85a71d40-d5d3-464c-86e0-38fb7194bd23-225x300.jpg\" alt=\"\" width=\"104\" height=\"139\" srcset=\"https:\/\/www.radiopiu.net\/wordpress\/wp-content\/uploads\/2023\/06\/85a71d40-d5d3-464c-86e0-38fb7194bd23-225x300.jpg 225w, https:\/\/www.radiopiu.net\/wordpress\/wp-content\/uploads\/2023\/06\/85a71d40-d5d3-464c-86e0-38fb7194bd23-768x1024.jpg 768w, https:\/\/www.radiopiu.net\/wordpress\/wp-content\/uploads\/2023\/06\/85a71d40-d5d3-464c-86e0-38fb7194bd23-1152x1536.jpg 1152w, https:\/\/www.radiopiu.net\/wordpress\/wp-content\/uploads\/2023\/06\/85a71d40-d5d3-464c-86e0-38fb7194bd23.jpg 1200w\" sizes=\"auto, (max-width: 104px) 100vw, 104px\" \/><\/a>VALLELUNGA<\/strong><\/p>\n<p>di Roberto Bona<\/p>\n<audio class=\"wp-audio-shortcode\" id=\"audio-339669-7\" preload=\"none\" style=\"width: 100%;\" controls=\"controls\"><source type=\"audio\/mpeg\" src=\"https:\/\/www.radiopiu.net\/wordpress\/wp-content\/uploads\/2023\/06\/FontanaVallelunga.mp3?_=7\" \/><a href=\"https:\/\/www.radiopiu.net\/wordpress\/wp-content\/uploads\/2023\/06\/FontanaVallelunga.mp3\">https:\/\/www.radiopiu.net\/wordpress\/wp-content\/uploads\/2023\/06\/FontanaVallelunga.mp3<\/a><\/audio>\n<p>&nbsp;<\/p>\n<p><strong>L&#8217;INCIDENTE IN PARTENZA DI SABATO<\/strong><\/p>\n<div style=\"width: 640px;\" class=\"wp-video\"><video class=\"wp-video-shortcode\" id=\"video-339669-3\" width=\"640\" height=\"368\" preload=\"metadata\" controls=\"controls\"><source type=\"video\/mp4\" src=\"https:\/\/www.radiopiu.net\/wordpress\/wp-content\/uploads\/2023\/06\/WhatsApp-Video-2023-06-11-at-14.16.36.mp4?_=3\" \/><a href=\"https:\/\/www.radiopiu.net\/wordpress\/wp-content\/uploads\/2023\/06\/WhatsApp-Video-2023-06-11-at-14.16.36.mp4\">https:\/\/www.radiopiu.net\/wordpress\/wp-content\/uploads\/2023\/06\/WhatsApp-Video-2023-06-11-at-14.16.36.mp4<\/a><\/video><\/div>\n<p>&nbsp;<\/p>\n<blockquote>\n<h3>DUE QUINTI POSTI PER FANT A VALLELUNGA<\/h3>\n<\/blockquote>\n<p><strong>VALLELUNGA<\/strong><\/p>\n<p>di Roberto Bona<\/p>\n<audio class=\"wp-audio-shortcode\" id=\"audio-339669-8\" preload=\"none\" style=\"width: 100%;\" controls=\"controls\"><source type=\"audio\/mpeg\" src=\"https:\/\/www.radiopiu.net\/wordpress\/wp-content\/uploads\/2023\/06\/gr-12-sport-fant-vallelunga-bona.mp3?_=8\" \/><a href=\"https:\/\/www.radiopiu.net\/wordpress\/wp-content\/uploads\/2023\/06\/gr-12-sport-fant-vallelunga-bona.mp3\">https:\/\/www.radiopiu.net\/wordpress\/wp-content\/uploads\/2023\/06\/gr-12-sport-fant-vallelunga-bona.mp3<\/a><\/audio>\n<p>&nbsp;<\/p>\n<blockquote>\n<h3>TERZO POSTO DI CATEGORIA PER DENIS MEZZACASA ALLA TRENTO BONDONE<\/h3>\n<\/blockquote>\n<p><strong><a class=\"dt-pswp-item\" href=\"https:\/\/www.radiopiu.net\/wordpress\/wp-content\/uploads\/2023\/06\/8930b162-397f-4708-a994-324db8695202.jpg\" data-dt-img-description=\"\" data-large_image_width=\"1600\" data-large_image_height=\"925\"><img loading=\"lazy\" decoding=\"async\" class=\" wp-image-339754 alignleft\" src=\"https:\/\/www.radiopiu.net\/wordpress\/wp-content\/uploads\/2023\/06\/8930b162-397f-4708-a994-324db8695202-300x173.jpg\" alt=\"\" width=\"199\" height=\"115\" srcset=\"https:\/\/www.radiopiu.net\/wordpress\/wp-content\/uploads\/2023\/06\/8930b162-397f-4708-a994-324db8695202-300x173.jpg 300w, https:\/\/www.radiopiu.net\/wordpress\/wp-content\/uploads\/2023\/06\/8930b162-397f-4708-a994-324db8695202-1024x592.jpg 1024w, https:\/\/www.radiopiu.net\/wordpress\/wp-content\/uploads\/2023\/06\/8930b162-397f-4708-a994-324db8695202-768x444.jpg 768w, https:\/\/www.radiopiu.net\/wordpress\/wp-content\/uploads\/2023\/06\/8930b162-397f-4708-a994-324db8695202-1536x888.jpg 1536w, https:\/\/www.radiopiu.net\/wordpress\/wp-content\/uploads\/2023\/06\/8930b162-397f-4708-a994-324db8695202.jpg 1600w\" sizes=\"auto, (max-width: 199px) 100vw, 199px\" \/><\/a>TRENTO<\/strong><\/p>\n<p>di Roberto Bona<\/p>\n<p>FOTO: Toni Tomasi<\/p>\n<audio class=\"wp-audio-shortcode\" id=\"audio-339669-9\" preload=\"none\" style=\"width: 100%;\" controls=\"controls\"><source type=\"audio\/mpeg\" src=\"https:\/\/www.radiopiu.net\/wordpress\/wp-content\/uploads\/2023\/06\/BondoneMezzaCasaTerzo.mp3?_=9\" \/><a href=\"https:\/\/www.radiopiu.net\/wordpress\/wp-content\/uploads\/2023\/06\/BondoneMezzaCasaTerzo.mp3\">https:\/\/www.radiopiu.net\/wordpress\/wp-content\/uploads\/2023\/06\/BondoneMezzaCasaTerzo.mp3<\/a><\/audio>\n<p>&nbsp;<\/p>\n<p><a class=\"dt-pswp-item\" href=\"https:\/\/www.radiopiu.net\/wordpress\/wp-content\/uploads\/2023\/06\/9c369b94-6870-49d9-988c-2373400bd39d.jpg\" data-dt-img-description=\"\" data-large_image_width=\"1600\" data-large_image_height=\"721\"><img loading=\"lazy\" decoding=\"async\" class=\" wp-image-339783 alignleft\" src=\"https:\/\/www.radiopiu.net\/wordpress\/wp-content\/uploads\/2023\/06\/9c369b94-6870-49d9-988c-2373400bd39d-300x135.jpg\" alt=\"\" width=\"176\" height=\"79\" srcset=\"https:\/\/www.radiopiu.net\/wordpress\/wp-content\/uploads\/2023\/06\/9c369b94-6870-49d9-988c-2373400bd39d-300x135.jpg 300w, https:\/\/www.radiopiu.net\/wordpress\/wp-content\/uploads\/2023\/06\/9c369b94-6870-49d9-988c-2373400bd39d-1024x461.jpg 1024w, https:\/\/www.radiopiu.net\/wordpress\/wp-content\/uploads\/2023\/06\/9c369b94-6870-49d9-988c-2373400bd39d-768x346.jpg 768w, https:\/\/www.radiopiu.net\/wordpress\/wp-content\/uploads\/2023\/06\/9c369b94-6870-49d9-988c-2373400bd39d-1536x692.jpg 1536w, https:\/\/www.radiopiu.net\/wordpress\/wp-content\/uploads\/2023\/06\/9c369b94-6870-49d9-988c-2373400bd39d.jpg 1600w\" sizes=\"auto, (max-width: 176px) 100vw, 176px\" \/><\/a>Alla Trento-Bondone buona prestazione anche di Daniel Venialetti. L&#8217;Agordino ha fatto vedere di che pasta \u00e8 fatto sulla salita trentina conquistando un secondo posto di classe con la sua Peugeot 207 GTI RS Plus. Complimenti a Daniel che assieme a Mezzacasa ha tenuto alto l&#8217;Agordino<\/p>\n<p>&nbsp;<\/p>\n<p>&nbsp;<\/p>\n<p><span style=\"color: #0000ff;\"><strong>PALLAVOLO<\/strong><\/span><\/p>\n<blockquote>\n<h3>OGGI LA PRESENTAZIONE DI FABIO BISI, IL NUOVO OPPOSTO DELLA PALLAVOLO BELLUNO MASCHILE<\/h3>\n<\/blockquote>\n<p><strong><a class=\"dt-pswp-item\" href=\"https:\/\/www.radiopiu.net\/wordpress\/wp-content\/uploads\/2023\/06\/Bisi_nuovo_opposto_della_DRL98-scaled.jpg\" data-dt-img-description=\"\" data-large_image_width=\"2560\" data-large_image_height=\"1621\"><img loading=\"lazy\" decoding=\"async\" class=\" wp-image-339679 alignleft\" src=\"https:\/\/www.radiopiu.net\/wordpress\/wp-content\/uploads\/2023\/06\/Bisi_nuovo_opposto_della_DRL98-300x190.jpg\" alt=\"\" width=\"193\" height=\"122\" srcset=\"https:\/\/www.radiopiu.net\/wordpress\/wp-content\/uploads\/2023\/06\/Bisi_nuovo_opposto_della_DRL98-300x190.jpg 300w, https:\/\/www.radiopiu.net\/wordpress\/wp-content\/uploads\/2023\/06\/Bisi_nuovo_opposto_della_DRL98-1024x648.jpg 1024w, https:\/\/www.radiopiu.net\/wordpress\/wp-content\/uploads\/2023\/06\/Bisi_nuovo_opposto_della_DRL98-768x486.jpg 768w, https:\/\/www.radiopiu.net\/wordpress\/wp-content\/uploads\/2023\/06\/Bisi_nuovo_opposto_della_DRL98-1536x972.jpg 1536w, https:\/\/www.radiopiu.net\/wordpress\/wp-content\/uploads\/2023\/06\/Bisi_nuovo_opposto_della_DRL98-2048x1297.jpg 2048w\" sizes=\"auto, (max-width: 193px) 100vw, 193px\" \/><\/a>BELLUNO <\/strong>Terza operazione in entrata per la Pallavolo Belluno Maschile. Ed \u00e8 un vero e proprio colpo di mercato, quello perfezionato dalla societ\u00e0 presieduta da Sandro Da Rold. All\u2019ombra delle Dolomiti, infatti, approder\u00e0 Fabio Bisi: l\u2019opposto mancino, dopo ben otto stagioni in A2 e un assaggio di Superlega, ha scelto Belluno come nuova tappa di una carriera sbocciata nella sua Modena. Classe 1994 (compir\u00e0 29 anni tra circa un mese: il 16 luglio), \u00e8 un bomber con un\u2019ampia variet\u00e0 di colpi, di grande esperienza e affidabilit\u00e0. E, paradossalmente, sar\u00e0 un esordiente in A3. S\u00ec, perch\u00e9 ha sempre giocato a livello superiore. La presentazione ufficiale oggi alle 18.<\/p>\n<\/div>\n<\/div>\n","protected":false},"excerpt":{"rendered":"<p>\u00a0 40esimo di RADIOPIU\u2026. LA VOCE DELL\u2019EMOZIONE RADIO PIU&#8217; DALL&#8217;ALTO&#8230; DI GIULIANA DA RONCH &nbsp; &nbsp; &nbsp; &nbsp; &nbsp; ISCRIVITI AL NOSTRO CANALE\u00a0 YOUTUBE PER SEGUIRE IN DIRETTA I PRINCIPALI PROGRAMMI DI RADIO PIU&#8217; E LE FUTURE DIRETTE IN ESTERNA. PER ISCRIVERTI CLICCA QUI E PREMI\u00a0 &#8220;Iscriviti&#8221;\u00a0 \u00a0 &nbsp; &nbsp; LA DOMANDA DI INIZIO SETTIMANA&#8230;&hellip;<\/p>\n","protected":false},"author":4,"featured_media":339821,"comment_status":"closed","ping_status":"closed","sticky":false,"template":"","format":"standard","meta":{"_monsterinsights_skip_tracking":false,"_monsterinsights_sitenote_active":false,"_monsterinsights_sitenote_note":"","_monsterinsights_sitenote_category":0,"footnotes":""},"categories":[51,86,49],"tags":[],"class_list":["post-339669","post","type-post","status-publish","format-standard","has-post-thumbnail","hentry","category-evidenza-top","category-gr","category-news-18","category-51","category-86","category-49","description-off"],"img_url":"https:\/\/www.radiopiu.net\/wordpress\/wp-content\/uploads\/2023\/06\/Senza-nome-19.png","_links":{"self":[{"href":"https:\/\/www.radiopiu.net\/wordpress\/wp-json\/wp\/v2\/posts\/339669","targetHints":{"allow":["GET"]}}],"collection":[{"href":"https:\/\/www.radiopiu.net\/wordpress\/wp-json\/wp\/v2\/posts"}],"about":[{"href":"https:\/\/www.radiopiu.net\/wordpress\/wp-json\/wp\/v2\/types\/post"}],"author":[{"embeddable":true,"href":"https:\/\/www.radiopiu.net\/wordpress\/wp-json\/wp\/v2\/users\/4"}],"replies":[{"embeddable":true,"href":"https:\/\/www.radiopiu.net\/wordpress\/wp-json\/wp\/v2\/comments?post=339669"}],"version-history":[{"count":0,"href":"https:\/\/www.radiopiu.net\/wordpress\/wp-json\/wp\/v2\/posts\/339669\/revisions"}],"wp:featuredmedia":[{"embeddable":true,"href":"https:\/\/www.radiopiu.net\/wordpress\/wp-json\/wp\/v2\/media\/339821"}],"wp:attachment":[{"href":"https:\/\/www.radiopiu.net\/wordpress\/wp-json\/wp\/v2\/media?parent=339669"}],"wp:term":[{"taxonomy":"category","embeddable":true,"href":"https:\/\/www.radiopiu.net\/wordpress\/wp-json\/wp\/v2\/categories?post=339669"},{"taxonomy":"post_tag","embeddable":true,"href":"https:\/\/www.radiopiu.net\/wordpress\/wp-json\/wp\/v2\/tags?post=339669"}],"curies":[{"name":"wp","href":"https:\/\/api.w.org\/{rel}","templated":true}]}}