{"id":339733,"date":"2023-06-12T05:29:42","date_gmt":"2023-06-12T03:29:42","guid":{"rendered":"https:\/\/www.radiopiu.net\/wordpress\/?p=339733"},"modified":"2023-06-12T09:08:59","modified_gmt":"2023-06-12T07:08:59","slug":"lautobus-dei-post-it-la-dolomitibus-chiede-480-euro-per-la-pulizia","status":"publish","type":"post","link":"https:\/\/www.radiopiu.net\/wordpress\/lautobus-dei-post-it-la-dolomitibus-chiede-480-euro-per-la-pulizia\/","title":{"rendered":"L&#8217;AUTOBUS DEI POST IT. LA DOLOMITIBUS CHIEDE 480 EURO PER LA PULIZIA"},"content":{"rendered":"<blockquote><p><b><i>V<\/i><\/b>enerd\u00ec: l&#8217;autobus autosnodato, che raccoglie perlopi\u00f9 studenti dell&#8217;istituto Follador, parte dall&#8217;autostazione di Agordo alle 13.10. Ma quando arriva a Belluno, al piazzale della stazione ferroviaria alle 13.50 \u00e8 colorato dai post it critici verso l&#8217;azienda dei trasporti.<\/p><\/blockquote>\n<p><strong><img loading=\"lazy\" decoding=\"async\" class=\"alignleft\" src=\"https:\/\/www.radiopiu.net\/wordpress\/wp-content\/uploads\/2023\/06\/SCR-20230611-ldtu.jpeg\" width=\"226\" height=\"154\" \/>AGORDO<\/strong> Gli studenti che usufruiscono dell&#8217;autobus\u00a0 da Agordo diretto a Belluno lamentano da inizio anno scolastico l&#8217;elevato numero di persone per mezzo. In passato avevano richiesto una soluzione al problema ma l&#8217;azienda ha risposto che mancavano autisti e che una soluzione si sarebbe trovata. Con la fine della scuola gli studenti hanno pensato ad una protesta\u00a0 tappezzando la corriera di post it in cui i ragazzi hanno scritto le problematiche.<\/p>\n<blockquote><p><strong>L<\/strong><strong>a versione degli studenti <\/strong><em><strong>&#8220;alla protesta hanno aderito\u00a0 studenti di tutte le classi anche i pi\u00f9 giovani che probabilmente non hanno capito il senso della protesta e hanno scritto frasi non gradite nemmeno da noi. Avremo attaccato un centiaio di post it, ci sembra eccessivo il conto di 480 euro per&#8230;levarli e per la pulizia&#8221;.\u00a0<\/strong><\/em><\/p><\/blockquote>\n<p>&#8220;<em>Per un anno intero non siamo stati ascoltati\u00a0 -fanno sapere gli studenti &#8211; abbiamo inviato diverse mail a DolomitiBus, quasi tutti i giorni, senza avere risposte.\u00a0 Abbiamo attaccato dei post it dove veniva presentato il problema. Tanti foglietti erano addirittura vuoti ed usati per alimentare la protesta pacifica&#8221;.<\/em> Intanto DolomitiBus si \u00e8 lamentata anticipando il conto da 480 euro per la pulizia del mezzo <em>&#8220;Se nessuno si far\u00e0 avanti l&#8217;azienda presenter\u00e0 denuncia alle forze dell&#8217;ordine&#8221;\u00a0<\/em>\u00a0 dicono da Dolomitibus. L&#8217;azienda bellunese, al Corriere delle Alpi dichiara inoltre di comprendere il disagio che comporta per i fruitori, la soppressione di alcune corse. Tuttavia non giustifica in alcun modo questa forma di protesta, soprattutto considerando che per tutto l&#8217;anno scolastico appena trascorso ha avuto un costante dialogo con le scuole e con le istituzioni locali volto al contenimento dei disagi.<\/p>\n<p>&nbsp;<\/p>\n<div style=\"width: 848px;\" class=\"wp-video\"><video class=\"wp-video-shortcode\" id=\"video-339733-1\" width=\"848\" height=\"480\" preload=\"metadata\" controls=\"controls\"><source type=\"video\/mp4\" src=\"https:\/\/www.radiopiu.net\/wordpress\/wp-content\/uploads\/2023\/06\/WhatsApp-Video-2023-06-11-at-12.21.48.mp4?_=1\" \/><a href=\"https:\/\/www.radiopiu.net\/wordpress\/wp-content\/uploads\/2023\/06\/WhatsApp-Video-2023-06-11-at-12.21.48.mp4\">https:\/\/www.radiopiu.net\/wordpress\/wp-content\/uploads\/2023\/06\/WhatsApp-Video-2023-06-11-at-12.21.48.mp4<\/a><\/video><\/div>\n<div><\/div>\n<blockquote>\n<div class=\"articlePlainText\"><strong>LA LETTERA:\u00a0 Complimenti ai lavoratori di Dolomitibus: 37 euro all&#8217;ora, 13,5 ore per togliere un centinaio di post&#8230; &#8220;Se la Dolomitibus agisce in giudizio? E&#8217; la volta buona che facciamo la class action chiedendo all&#8217;azienda risposte sui disservizi quotidiani!&#8221;\u00a0<\/strong><\/div>\n<\/blockquote>\n<div><\/div>\n<div class=\"articlePlainText\">Sono il pap\u00e0 di una ragazza che frequenta l&#8217;Istituto Follador di Agordo e che nulla ha a che vedere con la protesta messa in atto dagli studenti in data di venerd\u00ec u.s. ma mi sento di difendere assolutamente i ragazzi per la civile protesta messa in atto e dico fin da subito che la Dolomiti Bus dovrebbe rispondere della scara qualit\u00e0 del servizio pubblico offerto.<\/div>\n<div class=\"articlePlainText\">Incomincio con il dire che mia figlia per essere a scuola nell&#8217;orario previsto delle ore 8 si alza la mattina alle 5.30 (due ore e mezzo per poche decine di chilometri) e rientra alle 14.45. Poi, molto spesso \u00e8 costretta a fare il tragitto in piedi perch\u00e9 posti a sedere non ce ne sono e molto spesso sono costretto ad andare io a prenderla in Agordo perch\u00e9 troppo stanca per sopportare un rientro in simili condizioni: dentro un autobus 69 persone sedute e 47 in piedi che poi quasi sempre sono molti, ma molti di pi\u00f9 e sono quindi non in sicurezza, con zaini e vestiario vario, ve li immaginate? Ci sono studenti che si sono sentiti male per mancanza d&#8217;aria, manca l&#8217;olio e poi una scatola di sardine sarebbe uguale! <strong>La Dolomiti Bus vuole 480 euro per togliere un centinaio di post-it? Al costo medio di un operaio di 37 euro l&#8217;ora ci vorrebbero quindi circa 13,5 ore, 7,5 post-it l&#8217;ora: complimenti.<\/strong>La Dolomiti Bus ha intenzione di agire in giudizio? Penso che noi genitori faremo una class action per chiamare quest&#8217;azienda a rispondere dei disservizi quotidiani perch\u00e9 affermando che fa del suo meglio, in quanto non trova autisti, \u00e8 come confessare.\u00a0\u2014<\/div>\n<p>&nbsp;<\/p>\n<p>&nbsp;<\/p>\n<hr \/>\n<p>&nbsp;<\/p>\n<blockquote>\n<h3><\/h3>\n<\/blockquote>\n<p>&nbsp;<\/p>\n<hr \/>\n<div><\/div>\n<div><\/div>\n","protected":false},"excerpt":{"rendered":"<p>Venerd\u00ec: l&#8217;autobus autosnodato, che raccoglie perlopi\u00f9 studenti dell&#8217;istituto Follador, parte dall&#8217;autostazione di Agordo alle 13.10. Ma quando arriva a Belluno, al piazzale della stazione ferroviaria alle 13.50 \u00e8 colorato dai post it critici verso l&#8217;azienda dei trasporti. AGORDO Gli studenti che usufruiscono dell&#8217;autobus\u00a0 da Agordo diretto a Belluno lamentano da inizio anno scolastico l&#8217;elevato numero&hellip;<\/p>\n","protected":false},"author":4,"featured_media":339736,"comment_status":"closed","ping_status":"closed","sticky":false,"template":"","format":"standard","meta":{"_monsterinsights_skip_tracking":false,"_monsterinsights_sitenote_active":false,"_monsterinsights_sitenote_note":"","_monsterinsights_sitenote_category":0,"footnotes":""},"categories":[49],"tags":[],"class_list":["post-339733","post","type-post","status-publish","format-standard","has-post-thumbnail","hentry","category-news-18","category-49","description-off"],"img_url":"https:\/\/www.radiopiu.net\/wordpress\/wp-content\/uploads\/2023\/06\/SCR-20230611-ldtu.jpeg","_links":{"self":[{"href":"https:\/\/www.radiopiu.net\/wordpress\/wp-json\/wp\/v2\/posts\/339733","targetHints":{"allow":["GET"]}}],"collection":[{"href":"https:\/\/www.radiopiu.net\/wordpress\/wp-json\/wp\/v2\/posts"}],"about":[{"href":"https:\/\/www.radiopiu.net\/wordpress\/wp-json\/wp\/v2\/types\/post"}],"author":[{"embeddable":true,"href":"https:\/\/www.radiopiu.net\/wordpress\/wp-json\/wp\/v2\/users\/4"}],"replies":[{"embeddable":true,"href":"https:\/\/www.radiopiu.net\/wordpress\/wp-json\/wp\/v2\/comments?post=339733"}],"version-history":[{"count":0,"href":"https:\/\/www.radiopiu.net\/wordpress\/wp-json\/wp\/v2\/posts\/339733\/revisions"}],"wp:featuredmedia":[{"embeddable":true,"href":"https:\/\/www.radiopiu.net\/wordpress\/wp-json\/wp\/v2\/media\/339736"}],"wp:attachment":[{"href":"https:\/\/www.radiopiu.net\/wordpress\/wp-json\/wp\/v2\/media?parent=339733"}],"wp:term":[{"taxonomy":"category","embeddable":true,"href":"https:\/\/www.radiopiu.net\/wordpress\/wp-json\/wp\/v2\/categories?post=339733"},{"taxonomy":"post_tag","embeddable":true,"href":"https:\/\/www.radiopiu.net\/wordpress\/wp-json\/wp\/v2\/tags?post=339733"}],"curies":[{"name":"wp","href":"https:\/\/api.w.org\/{rel}","templated":true}]}}