{"id":339794,"date":"2023-06-13T05:23:49","date_gmt":"2023-06-13T03:23:49","guid":{"rendered":"https:\/\/www.radiopiu.net\/wordpress\/?p=339794"},"modified":"2023-06-13T10:13:22","modified_gmt":"2023-06-13T08:13:22","slug":"giornale-radiopiu-13-giugno-2023-direttore-mirko-mezzacasaverso-i-40-anni-25-giugno-1983-25-giugno-2023","status":"publish","type":"post","link":"https:\/\/www.radiopiu.net\/wordpress\/giornale-radiopiu-13-giugno-2023-direttore-mirko-mezzacasaverso-i-40-anni-25-giugno-1983-25-giugno-2023\/","title":{"rendered":"GIORNALE RADIOPIU 13 GIUGNO 2023 DIRETTORE MIRKO MEZZACASA\u2026VERSO I 40 ANNI 25 GIUGNO 1983-25 GIUGNO 2023"},"content":{"rendered":"<h2 style=\"text-align: left;\"><span style=\"font-size: 14px; font-weight: normal;\">\u00a0<\/span><\/h2>\n<div class=\"page-title-head hgroup\">\n<h2 style=\"text-align: left;\"><span style=\"color: #ff0000;\"><span style=\"vertical-align: inherit;\"><a class=\"dt-pswp-item\" href=\"https:\/\/www.radiopiu.net\/wordpress\/wp-content\/uploads\/2023\/04\/e0aad41d-951e-47b9-9fae-1a879a9bcb7e-1.jpg\" data-dt-img-description=\"\" data-large_image_width=\"1200\" data-large_image_height=\"1200\"><img loading=\"lazy\" decoding=\"async\" class=\"wp-image-333205 alignleft\" src=\"https:\/\/www.radiopiu.net\/wordpress\/wp-content\/uploads\/2023\/04\/e0aad41d-951e-47b9-9fae-1a879a9bcb7e-1-300x300.jpg\" alt=\"\" width=\"110\" height=\"110\" srcset=\"https:\/\/www.radiopiu.net\/wordpress\/wp-content\/uploads\/2023\/04\/e0aad41d-951e-47b9-9fae-1a879a9bcb7e-1-300x300.jpg 300w, https:\/\/www.radiopiu.net\/wordpress\/wp-content\/uploads\/2023\/04\/e0aad41d-951e-47b9-9fae-1a879a9bcb7e-1-1024x1024.jpg 1024w, https:\/\/www.radiopiu.net\/wordpress\/wp-content\/uploads\/2023\/04\/e0aad41d-951e-47b9-9fae-1a879a9bcb7e-1-150x150.jpg 150w, https:\/\/www.radiopiu.net\/wordpress\/wp-content\/uploads\/2023\/04\/e0aad41d-951e-47b9-9fae-1a879a9bcb7e-1-768x768.jpg 768w, https:\/\/www.radiopiu.net\/wordpress\/wp-content\/uploads\/2023\/04\/e0aad41d-951e-47b9-9fae-1a879a9bcb7e-1.jpg 1200w\" sizes=\"auto, (max-width: 110px) 100vw, 110px\" \/><\/a><\/span><\/span><\/h2>\n<h1 class=\"entry-title\">40esimo di RADIOPIU\u2026. LA VOCE DELL\u2019EMOZIONE<\/h1>\n<\/div>\n<p>&nbsp;<\/p>\n<p>&nbsp;<\/p>\n<hr \/>\n<p>&nbsp;<\/p>\n<h2 style=\"text-align: left;\"><span style=\"color: #ff0000;\"><span style=\"vertical-align: inherit;\">ISCRIVITI AL NOSTRO CANALE\u00a0 <\/span><\/span><span style=\"vertical-align: inherit;\"> YOUTUBE PER SEGUIRE IN DIRETTA I PRINCIPALI PROGRAMMI DI RADIO PIU&#8217; E LE FUTURE DIRETTE IN ESTERNA. PER ISCRIVERTI <\/span><a style=\"color: #ff0000;\" href=\"https:\/\/youtube.com\/@radiopiu1527\"><span style=\"vertical-align: inherit;\">CLICCA QUI <\/span><\/a><span style=\"color: #ff0000; font-size: 14px; font-weight: normal;\"><span style=\"vertical-align: inherit;\">E PREMI\u00a0 &#8220;Iscriviti&#8221;\u00a0 \u00a0<\/span><\/span><\/h2>\n<p>&nbsp;<\/p>\n<hr \/>\n<p>&nbsp;<\/p>\n<p>&nbsp;<\/p>\n<blockquote>\n<h3>CIAO FRANCESCO LUMINOSA METEORA DEI NOSTRI ANNI OTTANTA<\/h3>\n<h3><a class=\"dt-pswp-item\" href=\"https:\/\/www.radiopiu.net\/wordpress\/wp-content\/uploads\/2023\/06\/Senza-nome-25.png\" data-dt-img-description=\"\" data-large_image_width=\"512\" data-large_image_height=\"270\"><img loading=\"lazy\" decoding=\"async\" class=\"size-medium wp-image-339980 alignleft\" src=\"https:\/\/www.radiopiu.net\/wordpress\/wp-content\/uploads\/2023\/06\/Senza-nome-25-300x158.png\" alt=\"\" width=\"300\" height=\"158\" srcset=\"https:\/\/www.radiopiu.net\/wordpress\/wp-content\/uploads\/2023\/06\/Senza-nome-25-300x158.png 300w, https:\/\/www.radiopiu.net\/wordpress\/wp-content\/uploads\/2023\/06\/Senza-nome-25.png 512w\" sizes=\"auto, (max-width: 300px) 100vw, 300px\" \/><\/a> Francesco Nuti, che se ne \u00e8 andato a 68 anni in una clinica romana cos\u00ec lontana da quella Firenze in cui era nato il 17 maggio del 1955. One-man-band capace di generare dolcezza, incanto poetico, satira e romanticismo, il suo talento fin dagli anni ottanta si esprime nei film : &#8220;Tutta colpa del paradiso&#8221;, 1985, &#8220;Caruso Pascoski di padre polacco&#8221;, 1988, &#8220;Willy Signori e vengo da lontano&#8221;, 1989) e poi alla rincorsa del tempo perduto (&#8220;Il signor Quindicipalle&#8221;, 1998). Per l&#8217;ultima volta sullo schermo nel 2005, attore in &#8220;Concorso di colpa&#8221;, poliziesco di Claudio Fragasso. L&#8217;anno dopo cadde dalle scale di casa e il trauma cranico fu gravissimo e non si riprender\u00e0 pi\u00f9.<\/h3>\n<p>&nbsp;<\/p><\/blockquote>\n<p><iframe loading=\"lazy\" title=\"Francesco Nuti - Sar\u00e0 per te (Sanremo &#039;88 Serata finale) - live\" width=\"1200\" height=\"900\" src=\"https:\/\/www.youtube.com\/embed\/n-tPuNcFyqM?feature=oembed\" frameborder=\"0\" allow=\"accelerometer; autoplay; clipboard-write; encrypted-media; gyroscope; picture-in-picture; web-share\" allowfullscreen><\/iframe><\/p>\n<hr \/>\n<p>&nbsp;<\/p>\n<blockquote>\n<h3>DA OGGI CHIUDE LA 347 DEL DURAN E CEREDA,\u00a0 MA IN CENTRO A LA VALLE SI ARRIVA COMUNQUE, DALLO ZOLDANO, DA GAIDON PER LA COMUNALE VIA CROSTOLIN &#8211; PONTE DEL FELICE<\/h3>\n<\/blockquote>\n<p><strong>SP347 DEL DURAN E CEREDA:<\/strong> localit\u00e0 Lantrago La Valle. <span style=\"color: #ff0000;\">Fino\u00a0al 13 luglio<\/span> chiusura totale al traffico della strada per il Passo Duran per lavori di allargamento del Ponte Lantrago e sistemazione della carreggiata. percorso alternativo consigliato: CROSTOLIN-GAIDON\u00a0 strada comunale interdetta al transito dei veicoli con larghezza superiore ai 2 metri e 40 centimetri.<\/p>\n<p>&nbsp;<\/p>\n<hr \/>\n<p>&nbsp;<\/p>\n<blockquote>\n<h3><a class=\"dt-pswp-item\" href=\"https:\/\/www.radiopiu.net\/wordpress\/wp-content\/uploads\/2022\/01\/DIGONERA-1giorgio-fontanive-e-sandro-savio-Copia.jpg\" data-dt-img-description=\"\" data-large_image_width=\"1024\" data-large_image_height=\"683\"><img loading=\"lazy\" decoding=\"async\" class=\" wp-image-255418 alignleft\" src=\"https:\/\/www.radiopiu.net\/wordpress\/wp-content\/uploads\/2022\/01\/DIGONERA-1giorgio-fontanive-e-sandro-savio-Copia-300x200.jpg\" alt=\"\" width=\"233\" height=\"155\" srcset=\"https:\/\/www.radiopiu.net\/wordpress\/wp-content\/uploads\/2022\/01\/DIGONERA-1giorgio-fontanive-e-sandro-savio-Copia-300x200.jpg 300w, https:\/\/www.radiopiu.net\/wordpress\/wp-content\/uploads\/2022\/01\/DIGONERA-1giorgio-fontanive-e-sandro-savio-Copia-768x512.jpg 768w, https:\/\/www.radiopiu.net\/wordpress\/wp-content\/uploads\/2022\/01\/DIGONERA-1giorgio-fontanive-e-sandro-savio-Copia.jpg 1024w\" sizes=\"auto, (max-width: 233px) 100vw, 233px\" \/><\/a><\/h3>\n<h3>SAVINER-DIGONERA: LE CHIUSURE<\/h3>\n<\/blockquote>\n<p>Veneto strade comunica che la SP 563 di Salesei sar\u00e0 interessata da un&#8217;interdizione totale alla circolazione in localit\u00e0 Digonera nel comune di Rocca Pietore. Dal 19 al 23 giugno la strada sar\u00e0 chiusa dalle 7:30 alle 18, negli altri orari istituzione di un senso unico alternato regolato da semaforo e limite di velocit\u00e0 a 30 km\/h. Dal 23 giugno al 28 luglio la strada sar\u00e0 di nuovo interdetta al traffico dalle 8 del luned\u00ec alle 18 di venerd\u00ec e nel fine settimana istituzione di un senso unico alternato regolato da semaforo e limite di velocit\u00e0 a 30 km\/h.<\/p>\n<p><strong>FOTO, ARCHIVIO RADIOPIU. A DIGONERA.<\/strong><\/p>\n<p>&nbsp;<\/p>\n<p>&nbsp;<\/p>\n<hr \/>\n<p>&nbsp;<\/p>\n<blockquote>\n<h3>LIEVE SCOSSA DI TERREMOTO A CORTINA<\/h3>\n<\/blockquote>\n<p><strong>REDAZIONE<\/strong> Erano le 21:18 di ieri quando si \u00e8 registrata una lieve scossa di terremoto a Cortina, pi\u00f9 precisamente nei pressi del Monte Cristallo. Un movimento di 1.7 sulla scala Richter ad una profondit\u00e0 di 10 km.<\/p>\n<p><a class=\"dt-pswp-item\" href=\"https:\/\/www.radiopiu.net\/wordpress\/wp-content\/uploads\/2023\/06\/SCR-20230612-swlr.png\" data-dt-img-description=\"\" data-large_image_width=\"1042\" data-large_image_height=\"990\"><img loading=\"lazy\" decoding=\"async\" class=\"size-medium wp-image-339956 aligncenter\" src=\"https:\/\/www.radiopiu.net\/wordpress\/wp-content\/uploads\/2023\/06\/SCR-20230612-swlr-300x285.png\" alt=\"\" width=\"300\" height=\"285\" srcset=\"https:\/\/www.radiopiu.net\/wordpress\/wp-content\/uploads\/2023\/06\/SCR-20230612-swlr-300x285.png 300w, https:\/\/www.radiopiu.net\/wordpress\/wp-content\/uploads\/2023\/06\/SCR-20230612-swlr-1024x973.png 1024w, https:\/\/www.radiopiu.net\/wordpress\/wp-content\/uploads\/2023\/06\/SCR-20230612-swlr-768x730.png 768w, https:\/\/www.radiopiu.net\/wordpress\/wp-content\/uploads\/2023\/06\/SCR-20230612-swlr.png 1042w\" sizes=\"auto, (max-width: 300px) 100vw, 300px\" \/><\/a><\/p>\n<p>&nbsp;<\/p>\n<p>&nbsp;<\/p>\n<hr \/>\n<blockquote>\n<h3>IL CORDOGLIO DEL PRESIDENTE DELLA REGIONE DEL VENETO PER SILVIO BERLUSCONI.<\/h3>\n<\/blockquote>\n<p><strong>\u201cLIBERISTA, VISIONARIO, GRANDE IMPRENDITORE. CI LASCIA UN UOMO CHE HA SCRITTO LA STORIA DELLA POLITICA ITALIANA\u201d<\/strong><\/p>\n<p><strong>\u00a0<\/strong><\/p>\n<p><a class=\"dt-pswp-item\" href=\"https:\/\/www.radiopiu.net\/wordpress\/wp-content\/uploads\/2023\/06\/12e10095-245f-44be-9021-eee39ec6ac37.jpg\" data-dt-img-description=\"\" data-large_image_width=\"1024\" data-large_image_height=\"768\"><img loading=\"lazy\" decoding=\"async\" class=\"size-medium wp-image-339854 alignleft\" src=\"https:\/\/www.radiopiu.net\/wordpress\/wp-content\/uploads\/2023\/06\/12e10095-245f-44be-9021-eee39ec6ac37-300x225.jpg\" alt=\"\" width=\"300\" height=\"225\" srcset=\"https:\/\/www.radiopiu.net\/wordpress\/wp-content\/uploads\/2023\/06\/12e10095-245f-44be-9021-eee39ec6ac37-300x225.jpg 300w, https:\/\/www.radiopiu.net\/wordpress\/wp-content\/uploads\/2023\/06\/12e10095-245f-44be-9021-eee39ec6ac37-768x576.jpg 768w, https:\/\/www.radiopiu.net\/wordpress\/wp-content\/uploads\/2023\/06\/12e10095-245f-44be-9021-eee39ec6ac37.jpg 1024w\" sizes=\"auto, (max-width: 300px) 100vw, 300px\" \/><\/a>\u201cCi lascia un uomo che ha scritto la storia recente della politica italiana, un pioniere nel campo dei media, in particolare della televisione e della pubblicit\u00e0. Nessuno pu\u00f2 dimenticare la nascita del primo network italiano con le tre reti, la Fininvest, e la fondazione di Publitalia per la raccolta pubblicitaria. In campo politico ha saputo tessere alleanze \u2018del buon governo\u2019 sia nel Nord, sia nel Centro-Sud, lanciando un progetto politico che, gi\u00e0 nei primi anni novanta, ha fornito un preciso referente all\u2019elettorato di centro-destra, di chiara impronta liberista, valorizzando l\u2019iniziativa privata\u201d. Lo dice il Presidente della Regione del Veneto ricordando la figura di Silvio Berlusconi, il leader di Forza Italia, che oggi si \u00e8 spento all\u2019et\u00e0 di 86 anni. <em>\u201cNumerosi sono i legami che egli ha avuto con il Veneto: \u00e8 stato pronto ad accorrere nelle vesti di Presidente del Consiglio, dopo la grande alluvione del 2010 nelle nostre terre martoriate dall\u2019acqua, con energia e determinazione ha voluto calarsi fra la gente e visitare numerose frazioni allagate. Da ricordare anche l\u2019amicizia con don Antonio Zuliani, il sacerdote della Piccola Comunit\u00e0 di Conegliano, il centro di recupero per tossicodipendenti \u2013 conclude il Presidente -. Sempre vicino ai problemi reali del Paese, Berlusconi ha sempre cercato di interpretare al massimo le necessit\u00e0 del popolo. Oggi ci lascia un uomo che anche per le sue caratteristiche umane difficilmente si potr\u00e0 scordare. Da parte mia e del Veneto, le pi\u00f9 sentite condoglianze personali e istituzionali ai familiari\u201d.<\/em><\/p>\n<p>&nbsp;<\/p>\n<p>&nbsp;<\/p>\n<p><strong><a class=\"dt-pswp-item\" href=\"https:\/\/www.radiopiu.net\/wordpress\/wp-content\/uploads\/2021\/02\/DARIO-BOND.jpg\" data-dt-img-description=\"\" data-large_image_width=\"1600\" data-large_image_height=\"737\"><img loading=\"lazy\" decoding=\"async\" class=\"wp-image-191054 alignleft\" src=\"https:\/\/www.radiopiu.net\/wordpress\/wp-content\/uploads\/2021\/02\/DARIO-BOND-300x138.jpg\" alt=\"\" width=\"198\" height=\"91\" srcset=\"https:\/\/www.radiopiu.net\/wordpress\/wp-content\/uploads\/2021\/02\/DARIO-BOND-300x138.jpg 300w, https:\/\/www.radiopiu.net\/wordpress\/wp-content\/uploads\/2021\/02\/DARIO-BOND-1024x472.jpg 1024w, https:\/\/www.radiopiu.net\/wordpress\/wp-content\/uploads\/2021\/02\/DARIO-BOND-768x354.jpg 768w, https:\/\/www.radiopiu.net\/wordpress\/wp-content\/uploads\/2021\/02\/DARIO-BOND-1536x708.jpg 1536w, https:\/\/www.radiopiu.net\/wordpress\/wp-content\/uploads\/2021\/02\/DARIO-BOND.jpg 1600w\" sizes=\"auto, (max-width: 198px) 100vw, 198px\" \/><\/a>DARIO BOND PRES. COM. PAR. FONDI CONFINE<\/strong><\/p>\n<audio class=\"wp-audio-shortcode\" id=\"audio-339794-1\" preload=\"none\" style=\"width: 100%;\" controls=\"controls\"><source type=\"audio\/mpeg\" src=\"https:\/\/www.radiopiu.net\/wordpress\/wp-content\/uploads\/2023\/06\/bond.mp3?_=1\" \/><a href=\"https:\/\/www.radiopiu.net\/wordpress\/wp-content\/uploads\/2023\/06\/bond.mp3\">https:\/\/www.radiopiu.net\/wordpress\/wp-content\/uploads\/2023\/06\/bond.mp3<\/a><\/audio>\n<p>&nbsp;<\/p>\n<p><strong><a class=\"dt-pswp-item\" href=\"https:\/\/www.radiopiu.net\/wordpress\/wp-content\/uploads\/2023\/01\/DARIO-SCOPEL.png\" data-dt-img-description=\"\" data-large_image_width=\"1386\" data-large_image_height=\"832\"><img loading=\"lazy\" decoding=\"async\" class=\"wp-image-319131 alignleft\" src=\"https:\/\/www.radiopiu.net\/wordpress\/wp-content\/uploads\/2023\/01\/DARIO-SCOPEL-300x180.png\" alt=\"\" width=\"168\" height=\"101\" srcset=\"https:\/\/www.radiopiu.net\/wordpress\/wp-content\/uploads\/2023\/01\/DARIO-SCOPEL-300x180.png 300w, https:\/\/www.radiopiu.net\/wordpress\/wp-content\/uploads\/2023\/01\/DARIO-SCOPEL-1024x615.png 1024w, https:\/\/www.radiopiu.net\/wordpress\/wp-content\/uploads\/2023\/01\/DARIO-SCOPEL-768x461.png 768w, https:\/\/www.radiopiu.net\/wordpress\/wp-content\/uploads\/2023\/01\/DARIO-SCOPEL.png 1386w\" sizes=\"auto, (max-width: 168px) 100vw, 168px\" \/><\/a>IL COORDINATORE DI FORZA ITALIA DARIO SCOPEL<\/strong><\/p>\n<audio class=\"wp-audio-shortcode\" id=\"audio-339794-2\" preload=\"none\" style=\"width: 100%;\" controls=\"controls\"><source type=\"audio\/mpeg\" src=\"https:\/\/www.radiopiu.net\/wordpress\/wp-content\/uploads\/2023\/06\/ECOPEL.mp3?_=2\" \/><a href=\"https:\/\/www.radiopiu.net\/wordpress\/wp-content\/uploads\/2023\/06\/ECOPEL.mp3\">https:\/\/www.radiopiu.net\/wordpress\/wp-content\/uploads\/2023\/06\/ECOPEL.mp3<\/a><\/audio>\n<p>&nbsp;<\/p>\n<p><a class=\"dt-pswp-item\" href=\"https:\/\/www.radiopiu.net\/wordpress\/wp-content\/uploads\/2021\/03\/ANDREA-DE-BERNARDIN.jpg\" data-dt-img-description=\"andrea de bernardin\" data-large_image_width=\"960\" data-large_image_height=\"540\"><img loading=\"lazy\" decoding=\"async\" class=\"wp-image-195558 alignleft\" src=\"https:\/\/www.radiopiu.net\/wordpress\/wp-content\/uploads\/2021\/03\/ANDREA-DE-BERNARDIN-300x169.jpg\" alt=\"\" width=\"160\" height=\"90\" srcset=\"https:\/\/www.radiopiu.net\/wordpress\/wp-content\/uploads\/2021\/03\/ANDREA-DE-BERNARDIN-300x169.jpg 300w, https:\/\/www.radiopiu.net\/wordpress\/wp-content\/uploads\/2021\/03\/ANDREA-DE-BERNARDIN-768x432.jpg 768w, https:\/\/www.radiopiu.net\/wordpress\/wp-content\/uploads\/2021\/03\/ANDREA-DE-BERNARDIN.jpg 960w\" sizes=\"auto, (max-width: 160px) 100vw, 160px\" \/><\/a><strong>IL SEGRETARIO PROVINCIALE DELLA LEGA ANDREA DE BERNARDIN<\/strong><\/p>\n<audio class=\"wp-audio-shortcode\" id=\"audio-339794-3\" preload=\"none\" style=\"width: 100%;\" controls=\"controls\"><source type=\"audio\/mpeg\" src=\"https:\/\/www.radiopiu.net\/wordpress\/wp-content\/uploads\/2023\/06\/Nota-di-cordoglio-per-Berlusconi.mp3?_=3\" \/><a href=\"https:\/\/www.radiopiu.net\/wordpress\/wp-content\/uploads\/2023\/06\/Nota-di-cordoglio-per-Berlusconi.mp3\">https:\/\/www.radiopiu.net\/wordpress\/wp-content\/uploads\/2023\/06\/Nota-di-cordoglio-per-Berlusconi.mp3<\/a><\/audio>\n<p>&nbsp;<\/p>\n<p><strong>CONFAGRICOLTURA VENETO<\/strong><\/p>\n<p><strong>VENEZIA<\/strong> \u201c\u00c8 stato un grande leader politico, che ha segnato la storia della Seconda Repubblica \u2013 sottolinea Lodovico Giustiniani, presidente di Confagricoltura Veneto -. Imprenditore molto attento alle questioni dell\u2019economia, da presidente del Consiglio si \u00e8 dimostrato sensibile anche ai temi agricoli, come quando, nel 2009, apr\u00ec la sessione di lavoro del G8 invitando i grandi del mondo a puntare sull\u2019agricoltura e ad aumentare la capacit\u00e0 produttiva delle derrate agricole\u201d.<\/p>\n<p>&nbsp;<\/p>\n<hr \/>\n<p>&nbsp;<\/p>\n<blockquote>\n<h3 class=\"entry-title\">DUE FERITI NON GRAVI NELL\u2019INCIDENTE DI LANDRIS<\/h3>\n<p>L.M., classe 1975, di Sedico a bordo della Fiesta rossa, e la Volkswagen Touran grigia di un coetaneo, cittadino marocchino, a sua volta residente a Sedico. Non ha riportato danni, invece, una betoniera che stava procedendo lungo l&#8217;Agordina in direzione di Roe.<\/p>\n<div class=\"articlePlainText\"><strong>I carabinieri della stazione di Trichiana, inviati sul posto dalla centrale operativa di Feltre, stanno verificando se all&#8217;origine dell&#8217;incidente ci sia stato un tentativo di sorpassare il mezzo pesante.<\/strong><\/div>\n<\/blockquote>\n<p><strong><a class=\"dt-pswp-item\" href=\"https:\/\/www.radiopiu.net\/wordpress\/wp-content\/uploads\/2023\/06\/1c69c5cc-0772-4a7d-a17e-962213a46c03.jpg\" data-dt-img-description=\"\" data-large_image_width=\"1280\" data-large_image_height=\"591\"><img loading=\"lazy\" decoding=\"async\" class=\"size-medium wp-image-339951 alignleft\" src=\"https:\/\/www.radiopiu.net\/wordpress\/wp-content\/uploads\/2023\/06\/1c69c5cc-0772-4a7d-a17e-962213a46c03-300x139.jpg\" alt=\"\" width=\"300\" height=\"139\" srcset=\"https:\/\/www.radiopiu.net\/wordpress\/wp-content\/uploads\/2023\/06\/1c69c5cc-0772-4a7d-a17e-962213a46c03-300x139.jpg 300w, https:\/\/www.radiopiu.net\/wordpress\/wp-content\/uploads\/2023\/06\/1c69c5cc-0772-4a7d-a17e-962213a46c03-1024x473.jpg 1024w, https:\/\/www.radiopiu.net\/wordpress\/wp-content\/uploads\/2023\/06\/1c69c5cc-0772-4a7d-a17e-962213a46c03-768x355.jpg 768w, https:\/\/www.radiopiu.net\/wordpress\/wp-content\/uploads\/2023\/06\/1c69c5cc-0772-4a7d-a17e-962213a46c03.jpg 1280w\" sizes=\"auto, (max-width: 300px) 100vw, 300px\" \/><\/a>BELLUNO<\/strong> Una betoniera, due auto: lo schianto, ieri alle 14.30. Sicuramente una delle due auto non era sulla sua carreggiata e l&#8217;incidente frontale \u00e8 stato inevitabile. Nell&#8217;estremo tentativo di evitare il peggio contro il muso del wolswaghen, la ragazza la volante\u00a0 della Fiesta rossa \u00e8 finita contro la betoniera che viaggiava sulla sua corsia. Sul posto vigili del fuoco, Carabinieri e personale Suem anche con l&#8217;intervento dell&#8217;elicottero del Suem. Nell&#8217;incidente entrambi i conducenti (cittadini stranieri residenti a Sedico, entrambi di 48 anni) hanno riportato ferite e hanno dovuto ricorrere alle cure dei sanitari, non in gravi condizioni. Sul posto i vigili del fuoco di Feltre ed Agordo che hanno estratto la ragazza dall&#8217;auto..<\/p>\n<p><strong>DI MORENO GIOLI<\/strong><\/p>\n<audio class=\"wp-audio-shortcode\" id=\"audio-339794-4\" preload=\"none\" style=\"width: 100%;\" controls=\"controls\"><source type=\"audio\/mpeg\" src=\"https:\/\/www.radiopiu.net\/wordpress\/wp-content\/uploads\/2023\/06\/GIOLI-INCIDENTE-SEDICO.mp3?_=4\" \/><a href=\"https:\/\/www.radiopiu.net\/wordpress\/wp-content\/uploads\/2023\/06\/GIOLI-INCIDENTE-SEDICO.mp3\">https:\/\/www.radiopiu.net\/wordpress\/wp-content\/uploads\/2023\/06\/GIOLI-INCIDENTE-SEDICO.mp3<\/a><\/audio>\n<p>&nbsp;<\/p>\n\n\t\t\t<style type='text\/css'>\n\t\t\t\t#gallery-1 {\n\t\t\t\t\tmargin: auto;\n\t\t\t\t}\n\t\t\t\t#gallery-1 .gallery-item {\n\t\t\t\t\tfloat: left;\n\t\t\t\t\tmargin-top: 10px;\n\t\t\t\t\ttext-align: center;\n\t\t\t\t\twidth: 33%;\n\t\t\t\t}\n\t\t\t\t#gallery-1 img {\n\t\t\t\t\tborder: 2px solid #cfcfcf;\n\t\t\t\t}\n\t\t\t\t#gallery-1 .gallery-caption {\n\t\t\t\t\tmargin-left: 0;\n\t\t\t\t}\n\t\t\t\t\/* see gallery_shortcode() in wp-includes\/media.php *\/\n\t\t\t<\/style>\n\t\t<div id='gallery-1' class='dt-gallery-container gallery galleryid-339794 gallery-columns-3 gallery-size-thumbnail'><dl class='gallery-item'>\n\t\t\t\t<dt class='gallery-icon landscape'>\n\t\t\t\t\t<a class=\"rollover rollover-zoom dt-pswp-item\" title=\"17efb378-476d-424d-bf0f-2af68dd53b8c\" data-dt-img-description=\"\" data-large_image_width=\"2000\" data-large_image_height=\"1126\"href='https:\/\/www.radiopiu.net\/wordpress\/wp-content\/uploads\/2023\/06\/17efb378-476d-424d-bf0f-2af68dd53b8c.jpg'><img loading=\"lazy\" decoding=\"async\" width=\"150\" height=\"150\" src=\"https:\/\/www.radiopiu.net\/wordpress\/wp-content\/uploads\/2023\/06\/17efb378-476d-424d-bf0f-2af68dd53b8c-150x150.jpg\" class=\"attachment-thumbnail size-thumbnail\" alt=\"\" \/><\/a>\n\t\t\t\t<\/dt><\/dl><dl class='gallery-item'>\n\t\t\t\t<dt class='gallery-icon portrait'>\n\t\t\t\t\t<a class=\"rollover rollover-zoom dt-pswp-item\" title=\"cb7ccece-9267-4775-983d-b038bac5b266\" data-dt-img-description=\"\" data-large_image_width=\"1126\" data-large_image_height=\"2000\"href='https:\/\/www.radiopiu.net\/wordpress\/wp-content\/uploads\/2023\/06\/cb7ccece-9267-4775-983d-b038bac5b266.jpg'><img loading=\"lazy\" decoding=\"async\" width=\"150\" height=\"150\" src=\"https:\/\/www.radiopiu.net\/wordpress\/wp-content\/uploads\/2023\/06\/cb7ccece-9267-4775-983d-b038bac5b266-150x150.jpg\" class=\"attachment-thumbnail size-thumbnail\" alt=\"\" \/><\/a>\n\t\t\t\t<\/dt><\/dl><dl class='gallery-item'>\n\t\t\t\t<dt class='gallery-icon portrait'>\n\t\t\t\t\t<a class=\"rollover rollover-zoom dt-pswp-item\" title=\"10261b2f-b61f-4533-b066-ebed65655b13\" data-dt-img-description=\"\" data-large_image_width=\"1126\" data-large_image_height=\"2000\"href='https:\/\/www.radiopiu.net\/wordpress\/wp-content\/uploads\/2023\/06\/10261b2f-b61f-4533-b066-ebed65655b13-1.jpg'><img loading=\"lazy\" decoding=\"async\" width=\"150\" height=\"150\" src=\"https:\/\/www.radiopiu.net\/wordpress\/wp-content\/uploads\/2023\/06\/10261b2f-b61f-4533-b066-ebed65655b13-1-150x150.jpg\" class=\"attachment-thumbnail size-thumbnail\" alt=\"\" \/><\/a>\n\t\t\t\t<\/dt><\/dl><br style=\"clear: both\" \/><dl class='gallery-item'>\n\t\t\t\t<dt class='gallery-icon landscape'>\n\t\t\t\t\t<a class=\"rollover rollover-zoom dt-pswp-item\" title=\"fd62d9ef-13b7-4905-9e32-442df00e3187\" data-dt-img-description=\"\" data-large_image_width=\"2000\" data-large_image_height=\"1126\"href='https:\/\/www.radiopiu.net\/wordpress\/wp-content\/uploads\/2023\/06\/fd62d9ef-13b7-4905-9e32-442df00e3187.jpg'><img loading=\"lazy\" decoding=\"async\" width=\"150\" height=\"150\" src=\"https:\/\/www.radiopiu.net\/wordpress\/wp-content\/uploads\/2023\/06\/fd62d9ef-13b7-4905-9e32-442df00e3187-150x150.jpg\" class=\"attachment-thumbnail size-thumbnail\" alt=\"\" \/><\/a>\n\t\t\t\t<\/dt><\/dl><dl class='gallery-item'>\n\t\t\t\t<dt class='gallery-icon portrait'>\n\t\t\t\t\t<a class=\"rollover rollover-zoom dt-pswp-item\" title=\"02f04a2f-c821-46c6-a940-3dffc3c210c3\" data-dt-img-description=\"\" data-large_image_width=\"1126\" data-large_image_height=\"2000\"href='https:\/\/www.radiopiu.net\/wordpress\/wp-content\/uploads\/2023\/06\/02f04a2f-c821-46c6-a940-3dffc3c210c3.jpg'><img loading=\"lazy\" decoding=\"async\" width=\"150\" height=\"150\" src=\"https:\/\/www.radiopiu.net\/wordpress\/wp-content\/uploads\/2023\/06\/02f04a2f-c821-46c6-a940-3dffc3c210c3-150x150.jpg\" class=\"attachment-thumbnail size-thumbnail\" alt=\"\" \/><\/a>\n\t\t\t\t<\/dt><\/dl><dl class='gallery-item'>\n\t\t\t\t<dt class='gallery-icon landscape'>\n\t\t\t\t\t<a class=\"rollover rollover-zoom dt-pswp-item\" title=\"2e52b15e-3649-4c78-aff4-0ac396cf7d9b\" data-dt-img-description=\"\" data-large_image_width=\"2000\" data-large_image_height=\"1126\"href='https:\/\/www.radiopiu.net\/wordpress\/wp-content\/uploads\/2023\/06\/2e52b15e-3649-4c78-aff4-0ac396cf7d9b.jpg'><img loading=\"lazy\" decoding=\"async\" width=\"150\" height=\"150\" src=\"https:\/\/www.radiopiu.net\/wordpress\/wp-content\/uploads\/2023\/06\/2e52b15e-3649-4c78-aff4-0ac396cf7d9b-150x150.jpg\" class=\"attachment-thumbnail size-thumbnail\" alt=\"\" \/><\/a>\n\t\t\t\t<\/dt><\/dl><br style=\"clear: both\" \/>\n\t\t\t<\/div>\n\n<p>&nbsp;<\/p>\n<hr \/>\n<p>&nbsp;<\/p>\n<blockquote>\n<h3 class=\"entry-title\">ECCO COSA E&#8217; SUCCESSO A LONGARONE&#8230;<\/h3>\n<p>Cristian Sacchet, 48 anni, da venti dipendente della Ecorav di Longarone investito in pieno dalla deflagrazione: il forte spostamento d&#8217;aria lo spoglia anche della maglietta.\u00a0 Ne esce ustionato,\u00a0 con fratture ed emorragia. Colpito anche al volto, ad un occhio in particolare<\/p><\/blockquote>\n<p><strong>LONGARONE<\/strong><\/p>\n<p>di Moreno Gioli<\/p>\n<audio class=\"wp-audio-shortcode\" id=\"audio-339794-5\" preload=\"none\" style=\"width: 100%;\" controls=\"controls\"><source type=\"audio\/mpeg\" src=\"https:\/\/www.radiopiu.net\/wordpress\/wp-content\/uploads\/2023\/06\/GIOLI-PAURA-A-LONGARONE.mp3?_=5\" \/><a href=\"https:\/\/www.radiopiu.net\/wordpress\/wp-content\/uploads\/2023\/06\/GIOLI-PAURA-A-LONGARONE.mp3\">https:\/\/www.radiopiu.net\/wordpress\/wp-content\/uploads\/2023\/06\/GIOLI-PAURA-A-LONGARONE.mp3<\/a><\/audio>\n<p>&nbsp;<\/p>\n<blockquote><p><em>Un grave incidente si \u00e8 verificato presso l&#8217;azienda Ecorav di Longarone. Durante la produzione, un filtro della linea di produzione \u00e8 esploso, investendo un operaio con sostanze irritanti. Si scopre che l&#8217;ultima tanica di acqua ossigenata utilizzata conteneva qualcosa di diverso e potenzialmente pericoloso. L&#8217;operaio \u00e8 stato gravemente ustionato alle braccia, al volto e all&#8217;occhio. \u00c8 stato trasferito in elicottero all&#8217;ospedale grandi ustionati di Verona, dove \u00e8 in condizioni cliniche serie ma non in pericolo di vita. Non sono stati riportati altri lavoratori coinvolti nell&#8217;esplosione. Il coperchio del filtro danneggiato ha perforato il tetto di un&#8217;altra fabbrica vicina, ma fortunatamente nessun dipendente \u00e8 stato colpito. Le indagini sono in corso per determinare le cause dell&#8217;incidente e verificare il rispetto delle norme di sicurezza.<\/em><\/p><\/blockquote>\n<p>Ieri nella zona industriale di Longarone, si \u00e8 verificato un incidente che ha causato grande allarme. L&#8217;evento si \u00e8 verificato durante l&#8217;ora di pranzo presso l&#8217;azienda\u00a0 specializzata nella gestione e smaltimento di rifiuti pericolosi, nonch\u00e9 nel recupero di solventi. Sul luogo dell&#8217;incidente sono immediatamente giunti i soccorsi, tra cui l&#8217;eliambulanza del Suem, vigili del fuoco e forze dell&#8217;ordine. Una persona \u00e8 rimasta\u00a0 ferita.<\/p>\n<p>In zona di Villanova i VIgili del Fuoco sono stati chiamati da un&#8217;azienda che riferiva;\u00a0<em> &#8220;Un oggetto \u00e8 arrivato sul tetto dell&#8217;occhialeria, sfondandolo&#8221;<\/em>.\u00a0 I vigili hanno poi scoperto che in una vicina industria che tratta rifiuti tossici c&#8217;era stata un&#8217;esplosione con proiezione di un grande oggetto, forse un coperchio. Sfondato il tetto dell&#8217;azienda, il coperchio a parabola \u00e8 finito sul tetto della vicina occhialeria. Ferito l&#8217;operaio, investito dal materiale contenuto nell&#8217;involucro. E&#8217; stato trasportato a Verona &#8211; dall&#8217;elicottero &#8211; per la gravi ustioni riportate. Nell&#8217;occhialeria &#8220;colpita&#8221; tutti i llesi ma giustificatamente spaventati<\/p>\n\n\t\t\t<style type='text\/css'>\n\t\t\t\t#gallery-2 {\n\t\t\t\t\tmargin: auto;\n\t\t\t\t}\n\t\t\t\t#gallery-2 .gallery-item {\n\t\t\t\t\tfloat: left;\n\t\t\t\t\tmargin-top: 10px;\n\t\t\t\t\ttext-align: center;\n\t\t\t\t\twidth: 33%;\n\t\t\t\t}\n\t\t\t\t#gallery-2 img {\n\t\t\t\t\tborder: 2px solid #cfcfcf;\n\t\t\t\t}\n\t\t\t\t#gallery-2 .gallery-caption {\n\t\t\t\t\tmargin-left: 0;\n\t\t\t\t}\n\t\t\t\t\/* see gallery_shortcode() in wp-includes\/media.php *\/\n\t\t\t<\/style>\n\t\t<div id='gallery-2' class='dt-gallery-container gallery galleryid-339794 gallery-columns-3 gallery-size-thumbnail'><dl class='gallery-item'>\n\t\t\t\t<dt class='gallery-icon landscape'>\n\t\t\t\t\t<a class=\"rollover\" href='https:\/\/www.radiopiu.net\/wordpress\/ecco-cosa-e-successo-a-longarone-un-proiettile-sul-tetto\/8092b650-47ec-416b-9d4f-37efbfcfe7a1\/'><img loading=\"lazy\" decoding=\"async\" width=\"150\" height=\"150\" src=\"https:\/\/www.radiopiu.net\/wordpress\/wp-content\/uploads\/2023\/06\/8092b650-47ec-416b-9d4f-37efbfcfe7a1-150x150.jpg\" class=\"attachment-thumbnail size-thumbnail\" alt=\"\" \/><\/a>\n\t\t\t\t<\/dt><\/dl><dl class='gallery-item'>\n\t\t\t\t<dt class='gallery-icon landscape'>\n\t\t\t\t\t<a class=\"rollover\" href='https:\/\/www.radiopiu.net\/wordpress\/ecco-cosa-e-successo-a-longarone-un-proiettile-sul-tetto\/0679c0bd-b26a-4df0-87ba-b5ba7bbcfa4f\/'><img loading=\"lazy\" decoding=\"async\" width=\"150\" height=\"150\" src=\"https:\/\/www.radiopiu.net\/wordpress\/wp-content\/uploads\/2023\/06\/0679c0bd-b26a-4df0-87ba-b5ba7bbcfa4f-150x150.jpg\" class=\"attachment-thumbnail size-thumbnail\" alt=\"\" \/><\/a>\n\t\t\t\t<\/dt><\/dl><dl class='gallery-item'>\n\t\t\t\t<dt class='gallery-icon landscape'>\n\t\t\t\t\t<a class=\"rollover\" href='https:\/\/www.radiopiu.net\/wordpress\/ecco-cosa-e-successo-a-longarone-un-proiettile-sul-tetto\/25fbf67d-cac9-4e0c-b296-73bd3077c611\/'><img loading=\"lazy\" decoding=\"async\" width=\"150\" height=\"150\" src=\"https:\/\/www.radiopiu.net\/wordpress\/wp-content\/uploads\/2023\/06\/25fbf67d-cac9-4e0c-b296-73bd3077c611-150x150.jpg\" class=\"attachment-thumbnail size-thumbnail\" alt=\"\" \/><\/a>\n\t\t\t\t<\/dt><\/dl><br style=\"clear: both\" \/>\n\t\t\t<\/div>\n\n<p>&nbsp;<\/p>\n<hr \/>\n<p>&nbsp;<\/p>\n<blockquote>\n<h3>DAI SOCIAL L&#8217;INVITO A SEGNALARE PRESENZE SOSPETTE ALLE FORZE DELL&#8217;ORDINE<\/h3>\n<\/blockquote>\n<p><strong><img loading=\"lazy\" decoding=\"async\" class=\"alignleft\" src=\"https:\/\/www.radiopiu.net\/wordpress\/wp-content\/uploads\/2021\/07\/th-11.jpg\" width=\"272\" height=\"153\" \/>SEDICO<\/strong> Cresce la preoccupazione per i furti, una serie di campanelli d&#8217;allarme\u00a0 hanno fatto alzare l&#8217;asticella dell&#8217;attenzione, di quell&#8217;auspicato e utile controllo di vicinato in stretto contatto con le Forze dell&#8217;Ordine. Questa escalation d&#8217;ansia prende le mosse da un post di Gianluca pubblicato sulla pagina facebook &#8220;Sei di Sedico se&#8230;&#8221;, gruppo che conta quasi 8000 membri. <em>&#8220;Appena viste due persone sospette a Bribano che sembravano controllare le case&#8221;,\u00a0<\/em>ha riportato Gianluca facendo nascere un discussione interessante. <em>&#8220;Domenica nella tarda mattinata un uomo si inoltrava all&#8217;interno di un portone semi-aperto di un palazzo al centro di Sedico zona Comune suonando ai campanelli dei vari appartamenti con la scusa di una vendita porta a porta&#8221; <\/em>ha scritto Susanna <em>&#8220;\u00c8 da qualche giorno che si vedono personaggi strani in giro. <\/em>Occhi sempre aperti \u00e8 l&#8217;invito di Maurizio. <em>&#8220;Se erano due uomini li ho visti in via Mocchegiani&#8221; <\/em>dice Liliana e Gianluca conferma<em> &#8220;Due uomini, mai visti in zona&#8221;.<\/em><\/p>\n<p>&nbsp;<\/p>\n<p>&nbsp;<\/p>\n<hr \/>\n<p>&nbsp;<\/p>\n<blockquote>\n<h3>MESSA IN SICUREZZA DELLA 203 AGORDINA. L&#8217;UNIONE MONTANA AGORDINA SI FA AVANTI<\/h3>\n<\/blockquote>\n<p><strong><a class=\"dt-pswp-item\" href=\"https:\/\/www.radiopiu.net\/wordpress\/wp-content\/uploads\/2023\/04\/PAOLO-FRENA.png\" data-dt-img-description=\"\" data-large_image_width=\"292\" data-large_image_height=\"223\"><img loading=\"lazy\" decoding=\"async\" class=\" wp-image-331937 alignleft\" src=\"https:\/\/www.radiopiu.net\/wordpress\/wp-content\/uploads\/2023\/04\/PAOLO-FRENA.png\" alt=\"\" width=\"175\" height=\"134\" \/><\/a>AGORDO<\/strong><\/p>\n<p>di Gianni Santomaso<\/p>\n<audio class=\"wp-audio-shortcode\" id=\"audio-339794-6\" preload=\"none\" style=\"width: 100%;\" controls=\"controls\"><source type=\"audio\/mpeg\" src=\"https:\/\/www.radiopiu.net\/wordpress\/wp-content\/uploads\/2023\/06\/GIANNI-UNIONE-MONTANA-203-AGORDINA.mp3?_=6\" \/><a href=\"https:\/\/www.radiopiu.net\/wordpress\/wp-content\/uploads\/2023\/06\/GIANNI-UNIONE-MONTANA-203-AGORDINA.mp3\">https:\/\/www.radiopiu.net\/wordpress\/wp-content\/uploads\/2023\/06\/GIANNI-UNIONE-MONTANA-203-AGORDINA.mp3<\/a><\/audio>\n<p>&nbsp;<\/p>\n<p><span style=\"color: #ff0000;\"><em><strong>IL CONSIGLIO DELL&#8217;UNIONE MONTANA AGORDINA &#8211; LA DIRETTA RADIO PIU&#8217;<\/strong><\/em><\/span><\/p>\n<p>https:\/\/www.facebook.com\/marco.baghy.1\/videos\/729722025570899<\/p>\n<p>&nbsp;<\/p>\n<hr \/>\n<p>&nbsp;<\/p>\n<blockquote>\n<h3>INTERROTTO LO SPACCIO DI STUPEFACENTI NEL PARCO DI PIEVE DI CADORE.<\/h3>\n<\/blockquote>\n<p align=\"CENTER\"><span style=\"font-family: Times New Roman, serif;\"><b><em>ARRESTATO UN ITALIANO, SEQUESTRATO STUPEFACENTE E DENARO<\/em> <\/b><\/span><\/p>\n<p align=\"JUSTIFY\"><strong><a class=\"dt-pswp-item\" href=\"https:\/\/www.radiopiu.net\/wordpress\/wp-content\/uploads\/2023\/06\/1fb8f9e2-85a1-4218-9ebd-e5f100040334.jpg\" data-dt-img-description=\"\" data-large_image_width=\"1600\" data-large_image_height=\"1200\"><img loading=\"lazy\" decoding=\"async\" class=\" wp-image-339863 alignleft\" src=\"https:\/\/www.radiopiu.net\/wordpress\/wp-content\/uploads\/2023\/06\/1fb8f9e2-85a1-4218-9ebd-e5f100040334-300x225.jpg\" alt=\"\" width=\"276\" height=\"207\" srcset=\"https:\/\/www.radiopiu.net\/wordpress\/wp-content\/uploads\/2023\/06\/1fb8f9e2-85a1-4218-9ebd-e5f100040334-300x225.jpg 300w, https:\/\/www.radiopiu.net\/wordpress\/wp-content\/uploads\/2023\/06\/1fb8f9e2-85a1-4218-9ebd-e5f100040334-1024x768.jpg 1024w, https:\/\/www.radiopiu.net\/wordpress\/wp-content\/uploads\/2023\/06\/1fb8f9e2-85a1-4218-9ebd-e5f100040334-768x576.jpg 768w, https:\/\/www.radiopiu.net\/wordpress\/wp-content\/uploads\/2023\/06\/1fb8f9e2-85a1-4218-9ebd-e5f100040334-1536x1152.jpg 1536w, https:\/\/www.radiopiu.net\/wordpress\/wp-content\/uploads\/2023\/06\/1fb8f9e2-85a1-4218-9ebd-e5f100040334.jpg 1600w\" sizes=\"auto, (max-width: 276px) 100vw, 276px\" \/><\/a>CORTINA<\/strong> Durante un controllo nel parco, i Carabinieri hanno fermato una persona trovata in possesso di sostanza stupefacente. Successivamente, \u00e8 stata eseguita una perquisizione presso la sua abitazione, dove sono state trovate cospicue somme di denaro in contanti (circa 6500 euro) e materiale per il confezionamento di droga. Durante la perquisizione sono stati rinvenuti circa 150 grammi di hashish suddivisi in panetti. Tutto il materiale e la droga sono stati sequestrati e consegnati all&#8217;Autorit\u00e0 Giudiziaria per ulteriori analisi di laboratorio. I Carabinieri della Compagnia di Cortina, dopo aver notato alcuni movimenti sospetti e aver ricevuto segnalazioni da cittadini preoccupati, hanno intensificato i servizi di controllo nell&#8217;area tra Pieve di Cadore, Calalzo, Domegge e Lorenzago. In seguito a un incontro organizzato dai Carabinieri, circa 350 genitori hanno partecipato per discutere dei pericoli legati all&#8217;adolescenza nella zona. I controlli dei Carabinieri sono aumentati, con l&#8217;impiego di pattuglie dedicate e posti di controllo, identificando pi\u00f9 di 100 persone e segnalando 3 assuntori alla Prefettura di Belluno. Tuttavia, l&#8217;attivit\u00e0 di indagine non si \u00e8 fermata e si \u00e8 concentrata sui luoghi di ritrovo, in particolare nel parco di Pieve di Cadore.\u00a0 L&#8217;uomo \u00e8 stato posto agli arresti domiciliari su disposizione della Procura della <a class=\"dt-pswp-item\" href=\"https:\/\/www.radiopiu.net\/wordpress\/wp-content\/uploads\/2023\/06\/4638f613-af50-4143-8976-7af7a68115c2.jpg\" data-dt-img-description=\"\" data-large_image_width=\"1600\" data-large_image_height=\"1200\"><img loading=\"lazy\" decoding=\"async\" class=\"size-medium wp-image-339861 alignright\" src=\"https:\/\/www.radiopiu.net\/wordpress\/wp-content\/uploads\/2023\/06\/4638f613-af50-4143-8976-7af7a68115c2-300x225.jpg\" alt=\"\" width=\"300\" height=\"225\" srcset=\"https:\/\/www.radiopiu.net\/wordpress\/wp-content\/uploads\/2023\/06\/4638f613-af50-4143-8976-7af7a68115c2-300x225.jpg 300w, https:\/\/www.radiopiu.net\/wordpress\/wp-content\/uploads\/2023\/06\/4638f613-af50-4143-8976-7af7a68115c2-1024x768.jpg 1024w, https:\/\/www.radiopiu.net\/wordpress\/wp-content\/uploads\/2023\/06\/4638f613-af50-4143-8976-7af7a68115c2-768x576.jpg 768w, https:\/\/www.radiopiu.net\/wordpress\/wp-content\/uploads\/2023\/06\/4638f613-af50-4143-8976-7af7a68115c2-1536x1152.jpg 1536w, https:\/\/www.radiopiu.net\/wordpress\/wp-content\/uploads\/2023\/06\/4638f613-af50-4143-8976-7af7a68115c2.jpg 1600w\" sizes=\"auto, (max-width: 300px) 100vw, 300px\" \/><\/a>Repubblica di Belluno, con l&#8217;accusa di detenzione ai fini di spaccio di sostanze stupefacenti.<\/p>\n<div class=\"flex-1 overflow-hidden\">\n<div class=\"react-scroll-to-bottom--css-dqhja-79elbk h-full dark:bg-gray-800\">\n<div class=\"react-scroll-to-bottom--css-dqhja-1n7m0yu\">\n<div class=\"flex flex-col text-sm dark:bg-gray-800\">\n<div class=\"group w-full text-gray-800 dark:text-gray-100 border-b border-black\/10 dark:border-gray-900\/50 bg-gray-50 dark:bg-[#444654]\">\n<div class=\"flex p-4 gap-4 text-base md:gap-6 md:max-w-2xl lg:max-w-[38rem] xl:max-w-3xl md:py-6 lg:px-0 m-auto\">\n<div class=\"relative flex w-[calc(100%-50px)] flex-col gap-1 md:gap-3 lg:w-[calc(100%-115px)]\">\n<div class=\"flex justify-between lg:block\">\n<div class=\"text-xs flex items-center justify-center gap-1 self-center pt-2 !invisible\"><\/div>\n<\/div>\n<\/div>\n<\/div>\n<\/div>\n<\/div>\n<\/div>\n<\/div>\n<\/div>\n<div class=\"absolute bottom-0 left-0 w-full border-t md:border-t-0 dark:border-white\/20 md:border-transparent md:dark:border-transparent md:bg-vert-light-gradient bg-white dark:bg-gray-800 md:!bg-transparent dark:md:bg-vert-dark-gradient pt-2 md:-left-2\">\n<form class=\"stretch mx-2 flex flex-row gap-3 last:mb-2 md:mx-4 md:last:mb-6 lg:mx-auto lg:max-w-2xl xl:max-w-3xl\">\n<div class=\"relative flex h-full flex-1 items-stretch md:flex-col\" role=\"presentation\">\n<div class=\"\">\n<div class=\"h-full flex ml-1 md:w-full md:m-auto md:mb-2 gap-0 md:gap-2 justify-center\">\n<div class=\"flex w-full gap-2 items-center justify-center\"><\/div>\n<\/div>\n<\/div>\n<\/div>\n<\/form>\n<\/div>\n<p align=\"JUSTIFY\"><span style=\"font-family: Times New Roman, serif;\"><span style=\"font-size: large;\">\u201c<\/span><\/span><span style=\"font-family: Times New Roman, serif;\"><span style=\"font-size: large;\"><i>Il rapporto di fiducia e collaborazione tra i cittadini e i loro Carabinieri<\/i><\/span><\/span><span style=\"font-family: Times New Roman, serif;\"><span style=\"font-size: large;\"> \u2013 ha commentato il Colonnello Pigozzo, Comandante Provinciale dell\u2019Arma \u2013 <\/span><\/span><span style=\"font-family: Times New Roman, serif;\"><span style=\"font-size: large;\"><i>porta a risultati importanti, a salvaguardia del territorio. Continueremo a lavorare in questa direzione, consapevoli che in questa azione siamo affiancati dalla grande sensibilit\u00e0 della Procura di Belluno<\/i><\/span><\/span><span style=\"font-family: Times New Roman, serif;\"><span style=\"font-size: large;\">\u201d. La lotta allo spaccio di stupefacenti \u00e8 una priorit\u00e0 istituzionale dell\u2019Arma, non solo perch\u00e9 si tratta di azioni di contrasto alla criminalit\u00e0 che governa questo mercato, ma soprattutto per gli effetti assolutamente negativi che le droghe hanno sugli assuntori, spesso molto giovani, e che talora hanno conseguenze anche mortali.<\/span><\/span><\/p>\n<p>&nbsp;<\/p>\n<p>&nbsp;<\/p>\n<hr \/>\n<p>&nbsp;<\/p>\n<blockquote>\n<h3>INFORTUNIO AL LAGO DI SORAPIS<\/h3>\n<\/blockquote>\n<p><strong>CORTINA<\/strong> Ieri verso le 15, mentre con un&#8217;amica stava camminando attorno al lago del Sorapis, un&#8217;escursionista vicentina di 33 anni si \u00e8 procurata un probabile trauma al ginocchio, che le impediva di proseguire. Sul posto \u00e8 stata inviata l&#8217;eliambulanza Pelikan 2, che ha individuato l&#8217;infortunata e ha provveduto al suo recupero, per poi accompagnarla all&#8217;ospedale di Cortina.<\/p>\n<p>&nbsp;<\/p>\n<hr \/>\n<p>&nbsp;<\/p>\n<blockquote>\n<h2>Addio a Marisa Dal Pont, storica impiegata del Comune di Santa Giustina<\/h2>\n<\/blockquote>\n<p><strong><a class=\"dt-pswp-item\" href=\"https:\/\/www.radiopiu.net\/wordpress\/wp-content\/uploads\/2023\/06\/Senza-nome-24.png\" data-dt-img-description=\"\" data-large_image_width=\"135\" data-large_image_height=\"124\"><img loading=\"lazy\" decoding=\"async\" class=\"size-full wp-image-339979 alignleft\" src=\"https:\/\/www.radiopiu.net\/wordpress\/wp-content\/uploads\/2023\/06\/Senza-nome-24.png\" alt=\"\" width=\"135\" height=\"124\" \/><\/a>SANTA GIUSTINA<\/strong> La comunit\u00e0 di Santa Giustina piange la scomparsa di Marisa Dal Pont, una figura amata e rispettata per la sua dedizione e competenza nell&#8217;ufficio segreteria del Comune. Marisa \u00e8 deceduta ieri, all&#8217;et\u00e0 di 77 anni, lasciando un vuoto incolmabile nella vita di coloro che hanno avuto il privilegio di conoscerla. I funerali domani, alle 15 nella chiesa arcipretale.\u00a0 Marisa: persona affabile, disponibile e professionalmente preparata. La comunit\u00e0 di Santa Giustina porter\u00e0 nel cuore il ricordo di Marisa, riconoscendo il suo prezioso contributo e l&#8217;impronta indelebile che ha lasciato nella vita dei cittadini. La sua gentilezza, disponibilit\u00e0 e professionalit\u00e0 saranno sempre ricordate come esempio di servizio dedicato alla comunit\u00e0.<\/p>\n<div class=\"flex-1 overflow-hidden\">\n<div class=\"react-scroll-to-bottom--css-oybts-79elbk h-full dark:bg-gray-800\">\n<div class=\"react-scroll-to-bottom--css-oybts-1n7m0yu\">\n<div class=\"flex flex-col text-sm dark:bg-gray-800\">\n<div class=\"group w-full text-gray-800 dark:text-gray-100 border-b border-black\/10 dark:border-gray-900\/50 bg-gray-50 dark:bg-[#444654]\">\n<div class=\"flex p-4 gap-4 text-base md:gap-6 md:max-w-2xl lg:max-w-[38rem] xl:max-w-3xl md:py-6 lg:px-0 m-auto\">\n<div class=\"relative flex w-[calc(100%-50px)] flex-col gap-1 md:gap-3 lg:w-[calc(100%-115px)]\">\n<div class=\"flex justify-between lg:block\"><\/div>\n<\/div>\n<\/div>\n<\/div>\n<\/div>\n<\/div>\n<\/div>\n<\/div>\n<div class=\"absolute bottom-0 left-0 w-full border-t md:border-t-0 dark:border-white\/20 md:border-transparent md:dark:border-transparent md:bg-vert-light-gradient bg-white dark:bg-gray-800 md:!bg-transparent dark:md:bg-vert-dark-gradient pt-2 md:-left-2\">\n<form class=\"stretch mx-2 flex flex-row gap-3 last:mb-2 md:mx-4 md:last:mb-6 lg:mx-auto lg:max-w-2xl xl:max-w-3xl\">\n<div class=\"relative flex h-full flex-1 items-stretch md:flex-col\" role=\"presentation\">\n<div class=\"\">\n<div class=\"h-full flex ml-1 md:w-full md:m-auto md:mb-2 gap-0 md:gap-2 justify-center\"><\/div>\n<div><\/div>\n<\/div>\n<\/div>\n<\/form>\n<\/div>\n<hr \/>\n<p>&nbsp;<\/p>\n<blockquote>\n<h3>IL LUPO AZZANNA I CANI, ED ANCHE LA PROPRIETARIA: SI RIPRISTINI UN EQUILIBRIO DI CONVIVENZA EVITANTO CONFLITTI SOCIALI E GIUSTIZIA &#8220;FAI DA TE&#8221;<\/h3>\n<\/blockquote>\n<p><strong>TAMBRE<\/strong>\u00a0 I lupi s&#8217;avventano contro i cani e prorpietari tra le case di Lavina. Donatella De Cesero allevatrice con il marito Urbano Lavina,\u00a0 ha visto sbranare una delle sue quaranta pecore, l&#8217;animale si \u00e8 spostato nel giardino, dove\u00a0 c&#8217;erano i cani che sono stati aggrediti.\u00a0 Il lupo\u00a0 \u00e8 andato anche contro Donatella. L&#8217;amministrazione comunale di Tambre ha chiesto alla polizia provinciale di sparare ai lupi pericolosi con pallottole di gomma: gli esperimenti fatti in questo senso sul monte Grappa hanno dato esito positivo.<\/p>\n<p>&nbsp;<\/p>\n<hr \/>\n<p>&nbsp;<\/p>\n<blockquote>\n<h3>VILLAGGIO OLIMPICO A BORCA, PAGLINI: \u201cSE BOTTACIN CONFERMA IL RISCHIO IDROGEOLOGICO, SI ADOPERI DA SUBITO PER METTERE IN SICUREZZA L\u2019ABITATO\u201d<\/h3>\n<\/blockquote>\n<p><strong><a class=\"dt-pswp-item\" href=\"https:\/\/www.radiopiu.net\/wordpress\/wp-content\/uploads\/2022\/02\/Paglini-relazione.jpeg\" data-dt-img-description=\"\" data-large_image_width=\"1368\" data-large_image_height=\"912\"><img loading=\"lazy\" decoding=\"async\" class=\" wp-image-258793 alignleft\" src=\"https:\/\/www.radiopiu.net\/wordpress\/wp-content\/uploads\/2022\/02\/Paglini-relazione-300x200.jpeg\" alt=\"\" width=\"165\" height=\"110\" srcset=\"https:\/\/www.radiopiu.net\/wordpress\/wp-content\/uploads\/2022\/02\/Paglini-relazione-300x200.jpeg 300w, https:\/\/www.radiopiu.net\/wordpress\/wp-content\/uploads\/2022\/02\/Paglini-relazione-1024x683.jpeg 1024w, https:\/\/www.radiopiu.net\/wordpress\/wp-content\/uploads\/2022\/02\/Paglini-relazione-768x512.jpeg 768w, https:\/\/www.radiopiu.net\/wordpress\/wp-content\/uploads\/2022\/02\/Paglini-relazione.jpeg 1368w\" sizes=\"auto, (max-width: 165px) 100vw, 165px\" \/><\/a>BELLUNO\u00a0 <\/strong>\u201cSe l\u2019assessore Bottacin e l\u2019ingegner Dal Paos confermano che il rischio idrogeologico per l\u2019area di Borca e Cancia \u00e8 reale, a maggior ragione chiediamo che i 39 milioni di investimento previsti per il villaggio olimpico a Fiames vengano utilizzati per mettere in sicurezza Borca e recuperare l\u2019ex villaggio Eni\u201d. Cos\u00ec il segretario generale della Cisl Belluno Treviso Massimiliano Paglini sulla stroncatura da parte dell\u2019assessore regionale all\u2019Ambiente dell\u2019ipotesi ex villaggio Eni per il villaggio olimpico. \u201cSe &#8211; spiega Paglini &#8211; come riteniamo anche noi di Cgil, Cisl e Uil, l\u2019emergenza \u00e8 attuale e reale, allora non basta dire che non si pu\u00f2 recuperare il villaggio di Borca di Cadore, ma anche cosa le istituzioni competenti intendono fare per mettere in sicurezza ora la popolazione che abita l\u2019area. Noi pensiamo che con 39 milioni di euro si possano fare gli interventi necessari e recuperare anche il villaggio Eni senza spreco di denaro pubblico per una struttura, come quella di Fiames che andr\u00e0 poi smantellata. Attendiamo con urgenza risposte dall\u2019amministrazione regionale, in primis per tutelare i cittadini di Borca\u201d.<\/p>\n<p>&nbsp;<\/p>\n<p>&nbsp;<\/p>\n<hr \/>\n<p>&nbsp;<\/p>\n<blockquote>\n<h3>IL NUOVO SEGRETARIO DELL&#8217;UNIONE COMUNALE DI BELLUNO DEL PD E&#8217; DAVIDE NORO<\/h3>\n<\/blockquote>\n<p><strong><a class=\"dt-pswp-item\" href=\"https:\/\/www.radiopiu.net\/wordpress\/wp-content\/uploads\/2023\/06\/OHAO.jpg\" data-dt-img-description=\"\" data-large_image_width=\"682\" data-large_image_height=\"543\"><img loading=\"lazy\" decoding=\"async\" class=\" wp-image-339909 alignleft\" src=\"https:\/\/www.radiopiu.net\/wordpress\/wp-content\/uploads\/2023\/06\/OHAO-300x239.jpg\" alt=\"\" width=\"179\" height=\"143\" srcset=\"https:\/\/www.radiopiu.net\/wordpress\/wp-content\/uploads\/2023\/06\/OHAO-300x239.jpg 300w, https:\/\/www.radiopiu.net\/wordpress\/wp-content\/uploads\/2023\/06\/OHAO.jpg 682w\" sizes=\"auto, (max-width: 179px) 100vw, 179px\" \/><\/a>BELLUNO<\/strong> Davide Noro, 29 anni, \u00e8 il nuovo segretario dell&#8217;Unione Comunale di Belluno del Partito Democratico. L&#8217;elezione nei giorni scorsi.<\/p>\n<p><strong>di Daniele Dalvit<\/strong><\/p>\n<audio class=\"wp-audio-shortcode\" id=\"audio-339794-7\" preload=\"none\" style=\"width: 100%;\" controls=\"controls\"><source type=\"audio\/mpeg\" src=\"https:\/\/www.radiopiu.net\/wordpress\/wp-content\/uploads\/2023\/06\/Radio-Piu-Servizio-Noro-segretario-Unione-PD.mp3?_=7\" \/><a href=\"https:\/\/www.radiopiu.net\/wordpress\/wp-content\/uploads\/2023\/06\/Radio-Piu-Servizio-Noro-segretario-Unione-PD.mp3\">https:\/\/www.radiopiu.net\/wordpress\/wp-content\/uploads\/2023\/06\/Radio-Piu-Servizio-Noro-segretario-Unione-PD.mp3<\/a><\/audio>\n<p>&nbsp;<\/p>\n<hr \/>\n<p>&nbsp;<\/p>\n<blockquote>\n<h3>IL VESCOVO RENATO MARANGONI CELEBRA I 70 DELLA SCUOLA DELL&#8217;INFANZIA &#8220;DON ZALIVANI&#8221;<\/h3>\n<\/blockquote>\n<p><strong><a class=\"dt-pswp-item\" href=\"https:\/\/www.radiopiu.net\/wordpress\/wp-content\/uploads\/2023\/06\/Scuola_Don_Zalivani.jpg\" data-dt-img-description=\"\" data-large_image_width=\"1152\" data-large_image_height=\"768\"><img loading=\"lazy\" decoding=\"async\" class=\" wp-image-339897 alignleft\" src=\"https:\/\/www.radiopiu.net\/wordpress\/wp-content\/uploads\/2023\/06\/Scuola_Don_Zalivani-300x200.jpg\" alt=\"\" width=\"149\" height=\"99\" srcset=\"https:\/\/www.radiopiu.net\/wordpress\/wp-content\/uploads\/2023\/06\/Scuola_Don_Zalivani-300x200.jpg 300w, https:\/\/www.radiopiu.net\/wordpress\/wp-content\/uploads\/2023\/06\/Scuola_Don_Zalivani-1024x683.jpg 1024w, https:\/\/www.radiopiu.net\/wordpress\/wp-content\/uploads\/2023\/06\/Scuola_Don_Zalivani-768x512.jpg 768w, https:\/\/www.radiopiu.net\/wordpress\/wp-content\/uploads\/2023\/06\/Scuola_Don_Zalivani.jpg 1152w\" sizes=\"auto, (max-width: 149px) 100vw, 149px\" \/><\/a>PONTE NELLE ALPI <\/strong>Festa di comunit\u00e0, a Polpet, per i 70 anni della scuola dell\u2019infanzia \u201cDon Zalivani\u201d: una festa nobilitata dalla presenza del vescovo della diocesi di Belluno-Feltre, monsignor Renato Marangoni.<span class=\"gmail-Apple-converted-space\"> \u00a0<\/span>Pensata e costruita nei primi anni Cinquanta, la struttura nasce dal desiderio della popolazione di venire incontro alle esigenze di assistenza dei bambini in et\u00e0 prescolare, sviluppando e rafforzando la precedente esperienza sul territorio. Essa rappresenta una delle prime risposte alle problematiche sociali, date dalla nuova parrocchia di Polpet, costituitasi nel 1949.<span class=\"gmail-Apple-converted-space\"> \u00a0<\/span>La scuola \u00e8 sorta nel 1953, grazie anche alla tenacia del parroco, dell\u2019epoca don Fortunato Zalivani, mentre dal 1999 l\u2019offerta \u00e8 arricchita dal nido integrato come servizio educativo. Nel tempo, ha raggiunto iscrizioni importanti ed \u00e8 in grado di accogliere due classi di bambini dagli 1 ai 3 anni al nido e una cinquantina dai 3 ai 6 anni.<span class=\"gmail-Apple-converted-space\">\u00a0<\/span><\/p>\n<p>&nbsp;<\/p>\n<p>&nbsp;<\/p>\n<hr \/>\n<p>&nbsp;<\/p>\n<blockquote>\n<h3>PERCHE&#8217;? I LASTESANI SONO ORGOGLIOSAMENTE VENETI&#8230;FINO A PROVA CONTRARIA<\/h3>\n<\/blockquote>\n<p><span style=\"color: #ff0000;\"><strong>post, pagina pubblica facebook<\/strong><a class=\"dt-pswp-item\" style=\"color: #ff0000;\" href=\"https:\/\/www.radiopiu.net\/wordpress\/wp-content\/uploads\/2023\/06\/e241da64-13c7-4100-a3eb-29aaa5437381.jpg\" data-dt-img-description=\"\" data-large_image_width=\"720\" data-large_image_height=\"1600\">\u00a0<\/a><\/span><\/p>\n<p><a class=\"dt-pswp-item\" href=\"https:\/\/www.radiopiu.net\/wordpress\/wp-content\/uploads\/2023\/06\/e241da64-13c7-4100-a3eb-29aaa5437381.jpg\" data-dt-img-description=\"\" data-large_image_width=\"720\" data-large_image_height=\"1600\"><img loading=\"lazy\" decoding=\"async\" class=\"wp-image-339916 aligncenter\" src=\"https:\/\/www.radiopiu.net\/wordpress\/wp-content\/uploads\/2023\/06\/e241da64-13c7-4100-a3eb-29aaa5437381-461x1024.jpg\" alt=\"\" width=\"177\" height=\"393\" srcset=\"https:\/\/www.radiopiu.net\/wordpress\/wp-content\/uploads\/2023\/06\/e241da64-13c7-4100-a3eb-29aaa5437381-461x1024.jpg 461w, https:\/\/www.radiopiu.net\/wordpress\/wp-content\/uploads\/2023\/06\/e241da64-13c7-4100-a3eb-29aaa5437381-135x300.jpg 135w, https:\/\/www.radiopiu.net\/wordpress\/wp-content\/uploads\/2023\/06\/e241da64-13c7-4100-a3eb-29aaa5437381-691x1536.jpg 691w, https:\/\/www.radiopiu.net\/wordpress\/wp-content\/uploads\/2023\/06\/e241da64-13c7-4100-a3eb-29aaa5437381.jpg 720w\" sizes=\"auto, (max-width: 177px) 100vw, 177px\" \/>\u00a0<\/a><\/p>\n<p>&nbsp;<\/p>\n<hr \/>\n<p>&nbsp;<\/p>\n<blockquote>\n<h3>&#8220;TI GUIDO&#8221;: IL PROGETTO IN COLLABORAZIONE CON AIPD E PARCO NAZIONALE DOLOMITI BELLUNESI<\/h3>\n<\/blockquote>\n<p><strong>FELTRE<\/strong> Il progetto &#8220;Slow Down&#8221; promosso dall&#8217;Ente Parco Dolomiti Bellunesi in collaborazione con l&#8217;Associazione Italiana Persone con sindrome di Down (AIPD) della provincia di Belluno, avr\u00e0 la sua seconda fase pratica a partire dal 19 giugno. Lo scopo del progetto \u00e8 promuovere il turismo ecosostenibile e l&#8217;accessibilit\u00e0 del territorio del Parco anche per le persone con disabilit\u00e0 fisica o intellettiva. Durante il progetto, i giovani dell&#8217;AIPD Belluno hanno esplorato diverse aree del Parco con l&#8217;aiuto delle Guide del Parco &#8220;Mazarol&#8221;. Sono stati coinvolti anche amici, compagni di scuola e il Centro Diurno ULSS1 di Feltre. Durante questi anni \u00e8 stata creata una guida intitolata &#8220;Slow-Down-Il Parco per tutti&#8221; che descrive i sentieri e i luoghi visitati. Il progetto successivo, chiamato &#8220;Ti Guido: verso un Parco accessibile a tutti&#8221;, coinvolge l&#8217;AIPD nazionale e le 56 sezioni italiane dell&#8217;associazione. Ogni anno due sezioni AIPD partecipano con sei giovani con sindrome di Down e un operatore. Sono state coinvolte altre realt\u00e0 locali come l&#8217;Associazione Isoipse per l&#8217;illustrazione del Museo Etnografico di Seravella-Cesiomaggiore, la guida turistica Isabella Pilo per visite artistiche e archeologiche, e l&#8217;attrice Cristina Gianni per un laboratorio teatrale con i giovani dell&#8217;AIPD Belluno.<\/p>\n\n\t\t\t<style type='text\/css'>\n\t\t\t\t#gallery-3 {\n\t\t\t\t\tmargin: auto;\n\t\t\t\t}\n\t\t\t\t#gallery-3 .gallery-item {\n\t\t\t\t\tfloat: left;\n\t\t\t\t\tmargin-top: 10px;\n\t\t\t\t\ttext-align: center;\n\t\t\t\t\twidth: 33%;\n\t\t\t\t}\n\t\t\t\t#gallery-3 img {\n\t\t\t\t\tborder: 2px solid #cfcfcf;\n\t\t\t\t}\n\t\t\t\t#gallery-3 .gallery-caption {\n\t\t\t\t\tmargin-left: 0;\n\t\t\t\t}\n\t\t\t\t\/* see gallery_shortcode() in wp-includes\/media.php *\/\n\t\t\t<\/style>\n\t\t<div id='gallery-3' class='dt-gallery-container gallery galleryid-339794 gallery-columns-3 gallery-size-thumbnail'><dl class='gallery-item'>\n\t\t\t\t<dt class='gallery-icon landscape'>\n\t\t\t\t\t<a class=\"rollover rollover-zoom dt-pswp-item\" title=\"val canzoi laghetto1\" data-dt-img-description=\"\" data-large_image_width=\"666\" data-large_image_height=\"500\"href='https:\/\/www.radiopiu.net\/wordpress\/wp-content\/uploads\/2023\/06\/val-canzoi-laghetto1.jpg'><img loading=\"lazy\" decoding=\"async\" width=\"150\" height=\"150\" src=\"https:\/\/www.radiopiu.net\/wordpress\/wp-content\/uploads\/2023\/06\/val-canzoi-laghetto1-150x150.jpg\" class=\"attachment-thumbnail size-thumbnail\" alt=\"\" \/><\/a>\n\t\t\t\t<\/dt><\/dl><dl class='gallery-item'>\n\t\t\t\t<dt class='gallery-icon landscape'>\n\t\t\t\t\t<a class=\"rollover rollover-zoom dt-pswp-item\" title=\"museo Serravella1\" data-dt-img-description=\"\" data-large_image_width=\"666\" data-large_image_height=\"500\"href='https:\/\/www.radiopiu.net\/wordpress\/wp-content\/uploads\/2023\/06\/museo-Serravella1.jpg'><img loading=\"lazy\" decoding=\"async\" width=\"150\" height=\"150\" src=\"https:\/\/www.radiopiu.net\/wordpress\/wp-content\/uploads\/2023\/06\/museo-Serravella1-150x150.jpg\" class=\"attachment-thumbnail size-thumbnail\" alt=\"\" \/><\/a>\n\t\t\t\t<\/dt><\/dl><dl class='gallery-item'>\n\t\t\t\t<dt class='gallery-icon landscape'>\n\t\t\t\t\t<a class=\"rollover rollover-zoom dt-pswp-item\" title=\"ospiti e ospitanti-castello Feltre1\" data-dt-img-description=\"\" data-large_image_width=\"666\" data-large_image_height=\"500\"href='https:\/\/www.radiopiu.net\/wordpress\/wp-content\/uploads\/2023\/06\/ospiti-e-ospitanti-castello-Feltre1.jpg'><img loading=\"lazy\" decoding=\"async\" width=\"150\" height=\"150\" src=\"https:\/\/www.radiopiu.net\/wordpress\/wp-content\/uploads\/2023\/06\/ospiti-e-ospitanti-castello-Feltre1-150x150.jpg\" class=\"attachment-thumbnail size-thumbnail\" alt=\"\" \/><\/a>\n\t\t\t\t<\/dt><\/dl><br style=\"clear: both\" \/>\n\t\t\t<\/div>\n\n<p>&nbsp;<\/p>\n<p>&nbsp;<\/p>\n<hr \/>\n<p>&nbsp;<\/p>\n<blockquote>\n<h3>LE GIORNATE DELLA SOSTENIBILITA&#8217; 2023<\/h3>\n<\/blockquote>\n<p><strong>BORGO VALBELLUNA <\/strong>Anche quest\u2019anno le giornate della sostenibilit\u00e0 dedicate alla fioritura del narciso sul crinale di Malga Garda hanno riscosso un enorme successo. Migliaia sono state le persone che, provenienti da tutto il nord-est, ma non solo, hanno raggiunto i parcheggi in localit\u00e0 ristorante Baiocco e colonia di San Gervasio per salire poi in navetta o a piedi verso il crinale di Col Moscher per ammirare la straordinaria fioritura dei narcisi. Tanti sono stati anche gli eventi collegati, dall\u2019apertura della chiesa di Lentiai Monumento Nazionale e delle chiesette di Bardies, Colder\u00f9 ed Eremo di San Donato al mercatino vintage in centro a Lentiai, dalla mostra su Toni Piccolotto di Riflessioni d\u2019Acqua alle passeggiate organizzate nell\u2019ambito di Camminando. Un grande successo di pubblico che si \u00e8 svolto all\u2019insegna del rispetto dei luoghi e della sostenibilit\u00e0 ambientale e che grazie alla sinergia tra Comune e Associazioni del territorio ha consentito a tantissime persone di ammirare lo straordinario paesaggio prealpino durante la fioritura, conoscere angoli nascosti del territorio di Borgo Valbelluna e portare un beneficio economico alle attivit\u00e0 ristorative.<\/p>\n<p>&nbsp;<\/p>\n<p>&nbsp;<\/p>\n<hr \/>\n<p>&nbsp;<\/p>\n<blockquote>\n<h3>OGGI CONSIGLIO COMUNALE A SAN TOMASO<\/h3>\n<\/blockquote>\n<p><strong>SAN TOMASO<\/strong> Si svolger\u00e0 oggi alle 20 il consiglio comunale di San Tomaso. Il sindaco Moreno De Val ha chiamato a rapporto i consiglieri per trattare quattro punti tra cui due variazioni a bilancio e l&#8217;approvazione del regolamento di concessione dell&#8217;Arena 1082<\/p>\n<p>&nbsp;<\/p>\n<p>&nbsp;<\/p>\n<hr \/>\n<p>&nbsp;<\/p>\n<blockquote>\n<h3>IL SECONDO CONSIGLIO COMUNALE DI CANALE D&#8217;AGORDO IN POCHI GIORNI<\/h3>\n<\/blockquote>\n<p><strong>CANALE D&#8217;AGORDO<\/strong> Il sindaco di Canale D&#8217;Agordo Massimo Murer ha convocato i consiglieri comunali per domani alle 20. Quattro i punti da discutere tra cui la nomina dei componenti della commissione elettorale comunale, l&#8217;approvazione del rediconto di gestione 2022 e la presentazione delle linee programmatiche relative alle azioni e progetti da realizzare nel corso del mandato.<\/p>\n<p>&nbsp;<\/p>\n<p>&nbsp;<\/p>\n<hr \/>\n<p>&nbsp;<\/p>\n<blockquote>\n<h3>DOMANI CONSIGLIO COL CAPO COMUN GRONES<\/h3>\n<\/blockquote>\n<p><strong>LIVINALLONGO<\/strong> Domani alle 18 si riunisce il consiglio comunale per deliberare su sette punti all&#8217;ordine del giorno: rendiconto 2022; variazione al bilancio; Asca, approvazione bilancio; concessione aree adibite ad ecocentro all&#8217;Unione Montana; nuova attivit\u00e0 ricettiva in area camper, centro welness e autorimessa per i vigili del fuoco.<\/p>\n<p>&nbsp;<\/p>\n<hr \/>\n<p>&nbsp;<\/p>\n<blockquote>\n<h3>DA OGGI CHIUDE LA 347 DEL DURAN E CEREDA,\u00a0 MA IN CENTRO A LA VALLE SI ARRIVA COMUNQUE, DALLO ZOLDANO, DA GAIDON PER LA COMUNALE VIA CROSTOLIN &#8211; PONTE DEL FELICE<\/h3>\n<\/blockquote>\n<p>&nbsp;<\/p>\n<blockquote class=\"wp-embedded-content\" data-secret=\"Vu3cYnYyAC\"><p><a href=\"https:\/\/www.radiopiu.net\/wordpress\/video-william-e-omar-da-roit-il-ritorno-dellislanda-e-domani-chiude-la-strada-per-il-passo-duran-ma-in-centro-a-la-valle-si-arriva-sempre\/\">VIDEO, WILLIAM E OMAR DA ROIT. IL RITORNO DELL&#8217;ISLANDA E DOMANI CHIUDE LA STRADA PER IL PASSO DURAN MA IN CENTRO A LA VALLE SI ARRIVA SEMPRE<\/a><\/p><\/blockquote>\n<p><iframe loading=\"lazy\" class=\"wp-embedded-content\" sandbox=\"allow-scripts\" security=\"restricted\" style=\"position: absolute; clip: rect(1px, 1px, 1px, 1px);\" title=\"&#8220;VIDEO, WILLIAM E OMAR DA ROIT. IL RITORNO DELL&#8217;ISLANDA E DOMANI CHIUDE LA STRADA PER IL PASSO DURAN MA IN CENTRO A LA VALLE SI ARRIVA SEMPRE&#8221; &#8212; Radio Pi\u00f9\" src=\"https:\/\/www.radiopiu.net\/wordpress\/video-william-e-omar-da-roit-il-ritorno-dellislanda-e-domani-chiude-la-strada-per-il-passo-duran-ma-in-centro-a-la-valle-si-arriva-sempre\/embed\/#?secret=2Z5Sn74Hhg#?secret=Vu3cYnYyAC\" data-secret=\"Vu3cYnYyAC\" width=\"600\" height=\"338\" frameborder=\"0\" marginwidth=\"0\" marginheight=\"0\" scrolling=\"no\"><\/iframe><\/p>\n<p>&nbsp;<\/p>\n<p>&nbsp;<\/p>\n<hr \/>\n<p>&nbsp;<\/p>\n<blockquote>\n<h3><a class=\"dt-pswp-item\" href=\"https:\/\/www.radiopiu.net\/wordpress\/wp-content\/uploads\/2023\/06\/6d275920-d536-4982-9105-b53026b11638.jpg\" data-dt-img-description=\"\" data-large_image_width=\"1156\" data-large_image_height=\"1600\"><img loading=\"lazy\" decoding=\"async\" class=\" wp-image-339406 alignleft\" src=\"https:\/\/www.radiopiu.net\/wordpress\/wp-content\/uploads\/2023\/06\/6d275920-d536-4982-9105-b53026b11638-217x300.jpg\" alt=\"\" width=\"107\" height=\"148\" srcset=\"https:\/\/www.radiopiu.net\/wordpress\/wp-content\/uploads\/2023\/06\/6d275920-d536-4982-9105-b53026b11638-217x300.jpg 217w, https:\/\/www.radiopiu.net\/wordpress\/wp-content\/uploads\/2023\/06\/6d275920-d536-4982-9105-b53026b11638-740x1024.jpg 740w, https:\/\/www.radiopiu.net\/wordpress\/wp-content\/uploads\/2023\/06\/6d275920-d536-4982-9105-b53026b11638-768x1063.jpg 768w, https:\/\/www.radiopiu.net\/wordpress\/wp-content\/uploads\/2023\/06\/6d275920-d536-4982-9105-b53026b11638-1110x1536.jpg 1110w, https:\/\/www.radiopiu.net\/wordpress\/wp-content\/uploads\/2023\/06\/6d275920-d536-4982-9105-b53026b11638.jpg 1156w\" sizes=\"auto, (max-width: 107px) 100vw, 107px\" \/><\/a>UNA GRANDE FESTA PER I PRIMI 60 ANNI DEL FIORI BARP<\/h3>\n<\/blockquote>\n<p>&nbsp;<\/p>\n<p>&nbsp;<\/p>\n<p><strong>di ROBERTO BONA<\/strong><\/p>\n<audio class=\"wp-audio-shortcode\" id=\"audio-339794-8\" preload=\"none\" style=\"width: 100%;\" controls=\"controls\"><source type=\"audio\/mpeg\" src=\"https:\/\/www.radiopiu.net\/wordpress\/wp-content\/uploads\/2023\/06\/DalCinMas.mp3?_=8\" \/><a href=\"https:\/\/www.radiopiu.net\/wordpress\/wp-content\/uploads\/2023\/06\/DalCinMas.mp3\">https:\/\/www.radiopiu.net\/wordpress\/wp-content\/uploads\/2023\/06\/DalCinMas.mp3<\/a><\/audio>\n<p>&nbsp;<\/p>\n<hr \/>\n<p>&nbsp;<\/p>\n<blockquote>\n<h3>ASSEMBLEA STRAORDINARIA U.S.AGORDINA<\/h3>\n<\/blockquote>\n<p><strong>\u00a0AGORDO\u00a0<\/strong> Convocata\u00a0 per domani alle 18.30\u00a0 \u00a0nella sede dell\u2019Ivano Dorigo di Agordo .l&#8217;assemblea straordinaria dei SOCI per il\u00a0 rinnovo delle\u00a0 cariche sociali.\u00a0 Per coloro fossero interessati all\u2019iscrizione in qualit\u00e0 di Soci all\u2019US Agordina, si invita a contattare la societ\u00e0 US Agordina mediante mail al seguente <span style=\"color: #0000ff;\">agordinacalciods@gmail.com<\/span> al fine di ottenere il modulo di richiesta iscrizione.<\/p>\n<p>&nbsp;<\/p>\n<p>&nbsp;<\/p>\n<hr \/>\n<p>&nbsp;<\/p>\n<h1><span style=\"color: #ff0000;\">SCUOLA\u00a0<\/span><\/h1>\n<p><strong>LA RACCOLTA COMPLETA<\/strong><\/p>\n<blockquote class=\"wp-embedded-content\" data-secret=\"WSyfB3BLYs\"><p><a href=\"https:\/\/www.radiopiu.net\/wordpress\/se-non-la-smetti-di-mando-dal-preside\/\">SE NON LA SMETTI TI MANDO DAL PRESIDE<\/a><\/p><\/blockquote>\n<p><iframe loading=\"lazy\" class=\"wp-embedded-content\" sandbox=\"allow-scripts\" security=\"restricted\" style=\"position: absolute; clip: rect(1px, 1px, 1px, 1px);\" title=\"&#8220;SE NON LA SMETTI TI MANDO DAL PRESIDE&#8221; &#8212; Radio Pi\u00f9\" src=\"https:\/\/www.radiopiu.net\/wordpress\/se-non-la-smetti-di-mando-dal-preside\/embed\/#?secret=KtCxk52IXy#?secret=WSyfB3BLYs\" data-secret=\"WSyfB3BLYs\" width=\"600\" height=\"338\" frameborder=\"0\" marginwidth=\"0\" marginheight=\"0\" scrolling=\"no\"><\/iframe><\/p>\n<p>&nbsp;<\/p>\n<h2><span style=\"color: #ff00ff;\">IERI ALLA RADIO<\/span><\/h2>\n<h2><span style=\"color: #008080;\">PERITI MINERARI DALL\u2019AGORDINO AL MONDO<\/span><\/h2>\n<p><strong>REDAZIONE<\/strong> Continuano la serie di racconti con i periti minerari agordini. Oggi \u00e8 il turno di Ezio Facchin. I racconti dei periti minerari agordini che hanno lavorato nel mondo, ogni luned\u00ec alle 10:30 e alle 19 su Radio Pi\u00f9.<\/p>\n<p><iframe loading=\"lazy\" title=\"EZIO FACCHIN\" width=\"1200\" height=\"675\" src=\"https:\/\/www.youtube.com\/embed\/4ywKzqWmXdA?feature=oembed\" frameborder=\"0\" allow=\"accelerometer; autoplay; clipboard-write; encrypted-media; gyroscope; picture-in-picture; web-share\" allowfullscreen><\/iframe><\/p>\n<p>&nbsp;<\/p>\n<p>&nbsp;<\/p>\n<blockquote>\n<h2 class=\"entry-title\" style=\"text-align: center;\"><span style=\"color: #ff0000;\">\u00a0<\/span><\/h2>\n<h2 class=\"entry-title\" style=\"text-align: center;\"><span style=\"color: #ff0000;\">100 ANNI DI RADIO \u2013 40 ANNI DI RADIO PI\u00d9<\/span><\/h2>\n<\/blockquote>\n<p class=\"photoswipe-wrapper\"><a class=\"dt-pswp-item pspw-wrap-ready\" href=\"https:\/\/www.radiopiu.net\/wordpress\/wp-content\/uploads\/2023\/06\/Senza-nome-1.jpg\" data-dt-img-description=\"\" data-large_image_width=\"549\" data-large_image_height=\"429\"><img loading=\"lazy\" decoding=\"async\" class=\"size-medium wp-image-338505 alignleft\" src=\"https:\/\/www.radiopiu.net\/wordpress\/wp-content\/uploads\/2023\/06\/Senza-nome-1-300x234.jpg\" sizes=\"auto, (max-width: 300px) 100vw, 300px\" srcset=\"https:\/\/www.radiopiu.net\/wordpress\/wp-content\/uploads\/2023\/06\/Senza-nome-1-300x234.jpg 300w, https:\/\/www.radiopiu.net\/wordpress\/wp-content\/uploads\/2023\/06\/Senza-nome-1.jpg 549w\" alt=\"\" width=\"300\" height=\"234\" \/><\/a>Da quando l\u2019Eiar diede il via alla sua prima trasmissione radiofonica nel lontano 1923, sono trascorsi ben cento anni dalla nascita di un mezzo di comunicazione che ha segnato la storia dell\u2019umanit\u00e0. La radio, con la sua capacit\u00e0 di informare, intrattenere e connettere le persone, ha mantenuto la sua importanza nel corso dei decenni, adattandosi ai cambiamenti tecnologici e sociali. Dall\u2019Eiar alla Rai, dalle radio locali ai gruppi nazionali privati, fino alle moderne radio web, l\u2019evoluzione del panorama radiofonico ha seguito il mutare dei tempi. Sono stati quarant\u2019anni dalla nascita di Radio Pi\u00f9, emittente che ha saputo\u00a0<a class=\"dt-pswp-item pspw-wrap-ready\" href=\"https:\/\/www.radiopiu.net\/wordpress\/wp-content\/uploads\/2023\/06\/c4f41af3-b1f7-424a-a20c-3563652ec6a0.jpg\" data-dt-img-description=\"\" data-large_image_width=\"1024\" data-large_image_height=\"768\"><img loading=\"lazy\" decoding=\"async\" class=\"size-medium wp-image-338506 alignright\" src=\"https:\/\/www.radiopiu.net\/wordpress\/wp-content\/uploads\/2023\/06\/c4f41af3-b1f7-424a-a20c-3563652ec6a0-300x225.jpg\" sizes=\"auto, (max-width: 300px) 100vw, 300px\" srcset=\"https:\/\/www.radiopiu.net\/wordpress\/wp-content\/uploads\/2023\/06\/c4f41af3-b1f7-424a-a20c-3563652ec6a0-300x225.jpg 300w, https:\/\/www.radiopiu.net\/wordpress\/wp-content\/uploads\/2023\/06\/c4f41af3-b1f7-424a-a20c-3563652ec6a0-768x576.jpg 768w, https:\/\/www.radiopiu.net\/wordpress\/wp-content\/uploads\/2023\/06\/c4f41af3-b1f7-424a-a20c-3563652ec6a0.jpg 1024w\" alt=\"\" width=\"300\" height=\"225\" \/><\/a>raccontare il territorio e diventare un punto di riferimento per gli appassionati di musica, notizie e intrattenimento (foto in alto in esposizione a RADIOPIU della Pizzeria Costa, Canale d\u2019Agordo).\u00a0\u00a0<strong>Per celebrare il valore intramontabile della radio, Radio Pi\u00f9 ha organizzato un evento speciale. Sabato 24, domenica 25 e luned\u00ec 26, nella suggestiva cornice di Taibon Agordino, in Piazza San Rocco, si terr\u00e0 \u201cLa Mostra delle Radio \u2013 Dal Secolo Scorso ad Oggi\u201d. Un\u2019iniziativa unica, nata dall\u2019idea di Ivano Benvegn\u00f9, Franco Gnel Ben e Mirko Mezzacasa, che vuole ripercorrere la storia della radio attraverso le sue diverse epoche.<\/strong><\/p>\n<p class=\"photoswipe-wrapper\"><a class=\"dt-pswp-item pspw-wrap-ready\" href=\"https:\/\/www.radiopiu.net\/wordpress\/wp-content\/uploads\/2023\/06\/490861a5-5a3d-4404-8e46-65b0e77576bb.jpg\" data-dt-img-description=\"\" data-large_image_width=\"1500\" data-large_image_height=\"2000\"><img loading=\"lazy\" decoding=\"async\" class=\"size-medium wp-image-338508 alignleft\" src=\"https:\/\/www.radiopiu.net\/wordpress\/wp-content\/uploads\/2023\/06\/490861a5-5a3d-4404-8e46-65b0e77576bb-225x300.jpg\" sizes=\"auto, (max-width: 225px) 100vw, 225px\" srcset=\"https:\/\/www.radiopiu.net\/wordpress\/wp-content\/uploads\/2023\/06\/490861a5-5a3d-4404-8e46-65b0e77576bb-225x300.jpg 225w, https:\/\/www.radiopiu.net\/wordpress\/wp-content\/uploads\/2023\/06\/490861a5-5a3d-4404-8e46-65b0e77576bb-768x1024.jpg 768w, https:\/\/www.radiopiu.net\/wordpress\/wp-content\/uploads\/2023\/06\/490861a5-5a3d-4404-8e46-65b0e77576bb-1152x1536.jpg 1152w, https:\/\/www.radiopiu.net\/wordpress\/wp-content\/uploads\/2023\/06\/490861a5-5a3d-4404-8e46-65b0e77576bb.jpg 1500w\" alt=\"\" width=\"225\" height=\"300\" \/><\/a>La mostra sar\u00e0 un viaggio affascinante nel tempo, offrendo ai visitatori l\u2019opportunit\u00e0 di esplorare l\u2019evoluzione dei dispositivi radiofonici e delle trasmissioni nel corso dei decenni. Dagli antichi apparecchi a valvole fino ai moderni dispositivi digitali, sar\u00e0 possibile ammirare la tecnologia che ha reso possibile l\u2019ascolto delle voci e delle storie provenienti da tutto il mondo. Oltre alla componente tecnologica, la mostra metter\u00e0 in luce l\u2019impatto sociale e culturale della radio. Attraverso immagini, documenti d\u2019epoca e testimonianze, si cercher\u00e0 di trasmettere l\u2019importanza di questo mezzo di comunicazione nella vita quotidiana delle persone. La radio ha saputo accompagnare gli ascoltatori nelle loro giornate, diventando compagna di viaggio, fonte di informazione e stimolo per l\u2019immaginazione e il sogno. Radio Pi\u00f9, con la sua lunga storia nel panorama radiofonico, \u00e8 orgogliosa di celebrare l\u2019eredit\u00e0 della radio e il suo impatto duraturo sulla societ\u00e0. L\u2019evento in Piazza San Rocco rappresenta un\u2019occasione unica per rivivere i momenti salienti della radiofonia e per riflettere su come questo strumento abbia saputo evolversi e reinventarsi nel corso dei decenni. La radio continua ad essere un mezzo di comunicazione privilegiato, capace di creare un legame intimo tra le persone e di stimolare la fantasia. Proprio per questa ragione, Radio Pi\u00f9 invita tutti a partecipare a questa straordinaria mostra, per riscoprire insieme il fascino intramontabile della radio e per celebrare cento anni di storia e cultura radiofonica (foto a lato di Franco Ben)<\/p>\n<p>&nbsp;<\/p>\n<hr \/>\n<p>&nbsp;<\/p>\n<blockquote class=\"wp-embedded-content\" data-secret=\"8zgXH65hwb\"><p><a href=\"https:\/\/www.radiopiu.net\/wordpress\/sentimental-le-storie-damore-di-paola-lanciato\/\">SENTIMENTAL,\u00a0 &#8220;le storie d&#8217;amore&#8221; DI PAOLA LANCIATO<\/a><\/p><\/blockquote>\n<p><iframe loading=\"lazy\" class=\"wp-embedded-content\" sandbox=\"allow-scripts\" security=\"restricted\" style=\"position: absolute; clip: rect(1px, 1px, 1px, 1px);\" title=\"&#8220;SENTIMENTAL,\u00a0 &#8220;le storie d&#8217;amore&#8221; DI PAOLA LANCIATO&#8221; &#8212; Radio Pi\u00f9\" src=\"https:\/\/www.radiopiu.net\/wordpress\/sentimental-le-storie-damore-di-paola-lanciato\/embed\/#?secret=JIe9zmvdZe#?secret=8zgXH65hwb\" data-secret=\"8zgXH65hwb\" width=\"600\" height=\"338\" frameborder=\"0\" marginwidth=\"0\" marginheight=\"0\" scrolling=\"no\"><\/iframe><\/p>\n<p>&nbsp;<\/p>\n<hr \/>\n<p>&nbsp;<\/p>\n<p><span style=\"color: #ff0000;\"><strong>IERI ALLA RADIO<\/strong><\/span><\/p>\n<blockquote>\n<h2>&#8220;NCONTONSE&#8221; IN LADINO SU RADIO PI\u00d9, quinta puntata<\/h2>\n<\/blockquote>\n<p><strong>PUNTATA 06 Sergio di Pol_seconda parte<\/strong><\/p>\n<audio class=\"wp-audio-shortcode\" id=\"audio-339794-9\" preload=\"none\" style=\"width: 100%;\" controls=\"controls\"><source type=\"audio\/mpeg\" src=\"https:\/\/www.radiopiu.net\/wordpress\/wp-content\/uploads\/2023\/06\/3.NCONTONSE_SERGIO-DIPOL-2.parte_.mp3?_=9\" \/><a href=\"https:\/\/www.radiopiu.net\/wordpress\/wp-content\/uploads\/2023\/06\/3.NCONTONSE_SERGIO-DIPOL-2.parte_.mp3\">https:\/\/www.radiopiu.net\/wordpress\/wp-content\/uploads\/2023\/06\/3.NCONTONSE_SERGIO-DIPOL-2.parte_.mp3<\/a><\/audio>\n<p>&nbsp;<\/p>\n<blockquote class=\"wp-embedded-content\" data-secret=\"JgKe9O9zRq\"><p><a href=\"https:\/\/www.radiopiu.net\/wordpress\/lad05\/\">&#8220;NCONTONSE&#8221; IN LADINO SU RADIO PI\u00d9, quinta   puntata<\/a><\/p><\/blockquote>\n<p><iframe loading=\"lazy\" class=\"wp-embedded-content\" sandbox=\"allow-scripts\" security=\"restricted\" style=\"position: absolute; clip: rect(1px, 1px, 1px, 1px);\" title=\"&#8220;&#8220;NCONTONSE&#8221; IN LADINO SU RADIO PI\u00d9, quinta   puntata&#8221; &#8212; Radio Pi\u00f9\" src=\"https:\/\/www.radiopiu.net\/wordpress\/lad05\/embed\/#?secret=AqETerXDm4#?secret=JgKe9O9zRq\" data-secret=\"JgKe9O9zRq\" width=\"600\" height=\"338\" frameborder=\"0\" marginwidth=\"0\" marginheight=\"0\" scrolling=\"no\"><\/iframe><\/p>\n<p>&nbsp;<\/p>\n<hr \/>\n<p>&nbsp;<\/p>\n<blockquote>\n<h3><span style=\"color: #ff0000;\">IERI ALLA RADIO\u00a0<\/span><\/h3>\n<h3>SALUTE E SOCIETA&#8217;, CON IL DOTTOR MARCO CARACCIOLO<\/h3>\n<\/blockquote>\n<h3>Pre-Occupiamoci della Meningite<\/h3>\n<p>\u201cPre-Occupiamoci della Meningite: agire oggi per proteggere il domani. Storie che aiutano a scegliere\u201d. Questo il titolo dell\u2019incontro aperto al pubblico che si \u00e8 <a class=\"dt-pswp-item\" href=\"https:\/\/www.radiopiu.net\/wordpress\/wp-content\/uploads\/2023\/06\/WhatsApp-Image-2023-06-12-at-09.34.38.jpeg\" data-dt-img-description=\"\" data-large_image_width=\"800\" data-large_image_height=\"445\"><img loading=\"lazy\" decoding=\"async\" class=\" wp-image-339847 alignleft\" src=\"https:\/\/www.radiopiu.net\/wordpress\/wp-content\/uploads\/2023\/06\/WhatsApp-Image-2023-06-12-at-09.34.38-300x167.jpeg\" alt=\"\" width=\"259\" height=\"144\" srcset=\"https:\/\/www.radiopiu.net\/wordpress\/wp-content\/uploads\/2023\/06\/WhatsApp-Image-2023-06-12-at-09.34.38-300x167.jpeg 300w, https:\/\/www.radiopiu.net\/wordpress\/wp-content\/uploads\/2023\/06\/WhatsApp-Image-2023-06-12-at-09.34.38-768x427.jpeg 768w, https:\/\/www.radiopiu.net\/wordpress\/wp-content\/uploads\/2023\/06\/WhatsApp-Image-2023-06-12-at-09.34.38.jpeg 800w\" sizes=\"auto, (max-width: 259px) 100vw, 259px\" \/><\/a>svolto all\u2019Ospedale Niguarda di Milano, promosso da Adnkronos Comunicazione, con il supporto non condizionante di GSK.<\/p>\n<h3>Diagnostica innovativa<\/h3>\n<p>Roche Diagnostics ha presentato all&#8217;EuromedLab soluzioni innovative che forniscono agli operatori sanitari gli strumenti per una diagnosi pi\u00f9 precoce e un trattamento personalizzato, ottimizzando l&#8217;assistenza ai pazienti e portando a risultati migliori.<\/p>\n<p>AUDIO<\/p>\n<audio class=\"wp-audio-shortcode\" id=\"audio-339794-10\" preload=\"none\" style=\"width: 100%;\" controls=\"controls\"><source type=\"audio\/mpeg\" src=\"https:\/\/www.radiopiu.net\/wordpress\/wp-content\/uploads\/2023\/06\/SALUTE-1.mp3?_=10\" \/><a href=\"https:\/\/www.radiopiu.net\/wordpress\/wp-content\/uploads\/2023\/06\/SALUTE-1.mp3\">https:\/\/www.radiopiu.net\/wordpress\/wp-content\/uploads\/2023\/06\/SALUTE-1.mp3<\/a><\/audio>\n<p>&nbsp;<\/p>\n<p><strong>LA RACCOLTA COMPLETA<\/strong><\/p>\n<blockquote class=\"wp-embedded-content\" data-secret=\"7S6MmpSdkq\"><p><a href=\"https:\/\/www.radiopiu.net\/wordpress\/saluteesocieta\/\">Salute e Societ\u00e0<\/a><\/p><\/blockquote>\n<p><iframe loading=\"lazy\" class=\"wp-embedded-content\" sandbox=\"allow-scripts\" security=\"restricted\" style=\"position: absolute; clip: rect(1px, 1px, 1px, 1px);\" title=\"&#8220;Salute e Societ\u00e0&#8221; &#8212; Radio Pi\u00f9\" src=\"https:\/\/www.radiopiu.net\/wordpress\/saluteesocieta\/embed\/#?secret=keWcWv4Gqi#?secret=7S6MmpSdkq\" data-secret=\"7S6MmpSdkq\" width=\"600\" height=\"338\" frameborder=\"0\" marginwidth=\"0\" marginheight=\"0\" scrolling=\"no\"><\/iframe><\/p>\n<p>&nbsp;<\/p>\n<p>&nbsp;<\/p>\n<hr \/>\n<p>&nbsp;<\/p>\n<p><a class=\"dt-pswp-item\" href=\"https:\/\/www.radiopiu.net\/wordpress\/wp-content\/uploads\/2023\/05\/07b370aa-6c88-4a9c-929f-e4e6e20e615b.jpg\" data-dt-img-description=\"\" data-large_image_width=\"832\" data-large_image_height=\"1024\"><img loading=\"lazy\" decoding=\"async\" class=\"size-medium wp-image-337511 aligncenter\" src=\"https:\/\/www.radiopiu.net\/wordpress\/wp-content\/uploads\/2023\/05\/07b370aa-6c88-4a9c-929f-e4e6e20e615b-244x300.jpg\" alt=\"\" width=\"244\" height=\"300\" srcset=\"https:\/\/www.radiopiu.net\/wordpress\/wp-content\/uploads\/2023\/05\/07b370aa-6c88-4a9c-929f-e4e6e20e615b-244x300.jpg 244w, https:\/\/www.radiopiu.net\/wordpress\/wp-content\/uploads\/2023\/05\/07b370aa-6c88-4a9c-929f-e4e6e20e615b-768x945.jpg 768w, https:\/\/www.radiopiu.net\/wordpress\/wp-content\/uploads\/2023\/05\/07b370aa-6c88-4a9c-929f-e4e6e20e615b.jpg 832w\" sizes=\"auto, (max-width: 244px) 100vw, 244px\" \/><\/a><\/p>\n<blockquote>\n<h3>TORNA IL &#8220;MINIERE SUNSET&#8221; NELL&#8217;ESTATE DEL CAFFE&#8217; MINIERE DI AGORDO<\/h3>\n<\/blockquote>\n<p><strong><a class=\"dt-pswp-item\" href=\"https:\/\/www.radiopiu.net\/wordpress\/wp-content\/uploads\/2023\/05\/SCR-20230525-kofy.jpeg\" data-dt-img-description=\"\" data-large_image_width=\"1166\" data-large_image_height=\"646\"><img loading=\"lazy\" decoding=\"async\" class=\" wp-image-337439 alignleft\" src=\"https:\/\/www.radiopiu.net\/wordpress\/wp-content\/uploads\/2023\/05\/SCR-20230525-kofy-300x166.jpeg\" alt=\"\" width=\"154\" height=\"85\" srcset=\"https:\/\/www.radiopiu.net\/wordpress\/wp-content\/uploads\/2023\/05\/SCR-20230525-kofy-300x166.jpeg 300w, https:\/\/www.radiopiu.net\/wordpress\/wp-content\/uploads\/2023\/05\/SCR-20230525-kofy-1024x567.jpeg 1024w, https:\/\/www.radiopiu.net\/wordpress\/wp-content\/uploads\/2023\/05\/SCR-20230525-kofy-768x425.jpeg 768w, https:\/\/www.radiopiu.net\/wordpress\/wp-content\/uploads\/2023\/05\/SCR-20230525-kofy.jpeg 1166w\" sizes=\"auto, (max-width: 154px) 100vw, 154px\" \/><\/a>AGORDO<\/strong> Si torna a ballare nell&#8217;estate 2023. Il Caff\u00e8 Miniere di Agordo organizza il &#8220;Miniere Sunset&#8221;, un appuntamento a cadenza mensile con cocktail bar e DJ Set dalle 18 alle 24. Tre mercoled\u00ec di festa. Domani con DJ Jack &amp; RDJ, il 19 luglio e il 30 agosto con Morgan &amp; Battaglia DJ&#8217;s. Tutte le serate saranno in diretta su Radio Pi\u00f9 con ospiti a sorpresa.<\/p>\n<p>&nbsp;<\/p>\n<p>&nbsp;<\/p>\n<hr \/>\n<p>&nbsp;<\/p>\n<h2><span style=\"color: #ff0000;\">GLI APPUNTAMENTI DELLA SETTIMANA<\/span><\/h2>\n<div class=\"page-title-breadcrumbs\">\n<h3>SANT\u2019ANTONIO\u2026 LA SAGRA A RIVAMONTE!<\/h3>\n<p><strong>OGGI<\/strong> \u00a0IL GIORNO SI SANT\u2019ANTONIO, UNA LUNGA GIORNATA DI FESTA CON IL BALLO FINALE DELLA TUA IDEA. SANT\u2019ANTONIO, LA SAGRA, CON LA PROLOCO DI RIVAMONTE.<\/p>\n<p><strong>L&#8217;INTERVISTA<\/strong><\/p>\n<p><strong><a class=\"dt-pswp-item\" href=\"https:\/\/www.radiopiu.net\/wordpress\/wp-content\/uploads\/2023\/02\/giacomo-bressan.png\" data-dt-img-description=\"\" data-large_image_width=\"622\" data-large_image_height=\"430\"><img loading=\"lazy\" decoding=\"async\" class=\" wp-image-324033 alignleft\" src=\"https:\/\/www.radiopiu.net\/wordpress\/wp-content\/uploads\/2023\/02\/giacomo-bressan-300x207.png\" alt=\"\" width=\"151\" height=\"104\" srcset=\"https:\/\/www.radiopiu.net\/wordpress\/wp-content\/uploads\/2023\/02\/giacomo-bressan-300x207.png 300w, https:\/\/www.radiopiu.net\/wordpress\/wp-content\/uploads\/2023\/02\/giacomo-bressan.png 622w\" sizes=\"auto, (max-width: 151px) 100vw, 151px\" \/><\/a>di Mirko Mezzacasa<\/strong><\/p>\n<p>OSPITE: Giacomo Bressan, presidente della Pro Loco Rivamonte<\/p>\n<audio class=\"wp-audio-shortcode\" id=\"audio-339794-11\" preload=\"none\" style=\"width: 100%;\" controls=\"controls\"><source type=\"audio\/mpeg\" src=\"https:\/\/www.radiopiu.net\/wordpress\/wp-content\/uploads\/2023\/05\/giacomo-bressan-proloco-rivamonte-sanantosnio-1.mp3?_=11\" \/><a href=\"https:\/\/www.radiopiu.net\/wordpress\/wp-content\/uploads\/2023\/05\/giacomo-bressan-proloco-rivamonte-sanantosnio-1.mp3\">https:\/\/www.radiopiu.net\/wordpress\/wp-content\/uploads\/2023\/05\/giacomo-bressan-proloco-rivamonte-sanantosnio-1.mp3<\/a><\/audio>\n<p>&nbsp;<\/p>\n<blockquote>\n<h3>LA PRESENTAZIONE DEL NUOVO LIBRO DI IRENE LOPEZ<\/h3>\n<\/blockquote>\n<p><strong>BELLUNO<\/strong> Sabato alle 17:00 in Sala Bianchi, viale Fantuzzi a Belluno, si terr\u00e0 la presentazione del libro \u201cMemorie del fiume Niger \u2013 Il sogno di Timbuct\u00f9 \u2013 Quadri di viaggio dal cuore del Mali\u201d di Irene L\u00f2pez de Castro. Presenta la dottoressa Flavia Lombardi.<\/p>\n<\/div>\n<div class=\"page-title-breadcrumbs\">\n<p>&nbsp;<\/p>\n<hr \/>\n<p>&nbsp;<\/p>\n<h2><span style=\"color: #ff0000;\">PROSSIMAMENTE&#8230;<\/span><\/h2>\n<p><img decoding=\"async\" class=\"aligncenter\" src=\"https:\/\/www.radiopiu.net\/wordpress\/wp-content\/uploads\/2023\/05\/42abf5ad-ee3c-42c9-9043-e91339305204-214x300.jpg\" \/><\/p>\n<p>&nbsp;<\/p>\n<p>&nbsp;<\/p>\n<p>&nbsp;<\/p>\n<hr \/>\n<p>&nbsp;<\/p>\n<div dir=\"auto\">\n<div class=\"message spoilers-container\" dir=\"auto\">\n<div>\n<div class=\"b654a4as d2edcug0\">\n<div class=\"rq0escxv hkbzh7o3 jwdofwj8 n8tt0mok r8blr3vg hyh9befq\">\n<p><a class=\"dt-pswp-item\" href=\"https:\/\/www.radiopiu.net\/wordpress\/wp-content\/uploads\/2020\/10\/pp.jpg\" data-dt-img-description=\"\" data-large_image_width=\"640\" data-large_image_height=\"640\"><img loading=\"lazy\" decoding=\"async\" class=\"wp-image-163678 alignleft\" src=\"https:\/\/www.radiopiu.net\/wordpress\/wp-content\/uploads\/2020\/10\/pp-300x300.jpg\" alt=\"\" width=\"106\" height=\"106\" srcset=\"https:\/\/www.radiopiu.net\/wordpress\/wp-content\/uploads\/2020\/10\/pp-300x300.jpg 300w, https:\/\/www.radiopiu.net\/wordpress\/wp-content\/uploads\/2020\/10\/pp-150x150.jpg 150w, https:\/\/www.radiopiu.net\/wordpress\/wp-content\/uploads\/2020\/10\/pp-125x125.jpg 125w, https:\/\/www.radiopiu.net\/wordpress\/wp-content\/uploads\/2020\/10\/pp-200x200.jpg 200w, https:\/\/www.radiopiu.net\/wordpress\/wp-content\/uploads\/2020\/10\/pp-80x80.jpg 80w, https:\/\/www.radiopiu.net\/wordpress\/wp-content\/uploads\/2020\/10\/pp-480x480.jpg 480w, https:\/\/www.radiopiu.net\/wordpress\/wp-content\/uploads\/2020\/10\/pp.jpg 640w\" sizes=\"auto, (max-width: 106px) 100vw, 106px\" \/><\/a><\/p>\n<\/div>\n<\/div>\n<\/div>\n<\/div>\n<div class=\"message spoilers-container\" dir=\"auto\">\n<div class=\"page-title-head hgroup\">\n<div class=\"page-title-head hgroup\">\n<div class=\"b654a4as d2edcug0\">\n<div class=\"j83agx80 btwxx1t3 lhclo0ds hop8lmos nkwizq5d scwd0bx6 roh60bw9\">\n<div class=\"rq0escxv hkbzh7o3 jwdofwj8 n8tt0mok r8blr3vg hyh9befq\">\n<div class=\"do00u71z l9j0dhe7 k4urcfbm\" style=\"text-align: left;\">\n<h2><span style=\"color: #000080;\">DON CESARE, IL PENSIERO DEL GIORNO. ALLA RADIO ALLE 7 DEL MATTINO E ALLE 19.30 DELLA SERA<\/span><\/h2>\n<\/div>\n<p>&nbsp;<\/p>\n<p>&nbsp;<\/p>\n<p>&nbsp;<\/p>\n<div class=\"do00u71z l9j0dhe7 k4urcfbm\" style=\"text-align: left;\">\n<p>&nbsp;<\/p>\n<p>&nbsp;<\/p>\n<\/div>\n<\/div>\n<\/div>\n<\/div>\n<\/div>\n<\/div>\n<\/div>\n<\/div>\n<div class=\"message spoilers-container\" dir=\"auto\">\n<div class=\"column\">\n<hr \/>\n<p>&nbsp;<\/p>\n<h2><span style=\"color: #99cc00;\">I RACCONTI DI PAOLO SOPPELSA<\/span><\/h2>\n<p><strong>RICORDI DI RADIO<\/strong><\/p>\n<p><strong>AUDIO<\/strong><\/p>\n<audio class=\"wp-audio-shortcode\" id=\"audio-339794-12\" preload=\"none\" style=\"width: 100%;\" controls=\"controls\"><source type=\"audio\/mpeg\" src=\"https:\/\/www.radiopiu.net\/wordpress\/wp-content\/uploads\/2023\/06\/PAOLO-SOPPELSA-RICORDI-DI-RADIO.mp3?_=12\" \/><a href=\"https:\/\/www.radiopiu.net\/wordpress\/wp-content\/uploads\/2023\/06\/PAOLO-SOPPELSA-RICORDI-DI-RADIO.mp3\">https:\/\/www.radiopiu.net\/wordpress\/wp-content\/uploads\/2023\/06\/PAOLO-SOPPELSA-RICORDI-DI-RADIO.mp3<\/a><\/audio>\n<p>&nbsp;<\/p>\n<p><a class=\"dt-pswp-item\" href=\"https:\/\/www.radiopiu.net\/wordpress\/wp-content\/uploads\/2023\/06\/336fe174-30c3-4b5d-88f9-81bfd73198bd.jpg\" data-dt-img-description=\"\" data-large_image_width=\"1600\" data-large_image_height=\"1200\"><img loading=\"lazy\" decoding=\"async\" class=\" wp-image-339780 alignleft\" src=\"https:\/\/www.radiopiu.net\/wordpress\/wp-content\/uploads\/2023\/06\/336fe174-30c3-4b5d-88f9-81bfd73198bd-300x225.jpg\" alt=\"\" width=\"175\" height=\"131\" srcset=\"https:\/\/www.radiopiu.net\/wordpress\/wp-content\/uploads\/2023\/06\/336fe174-30c3-4b5d-88f9-81bfd73198bd-300x225.jpg 300w, https:\/\/www.radiopiu.net\/wordpress\/wp-content\/uploads\/2023\/06\/336fe174-30c3-4b5d-88f9-81bfd73198bd-1024x768.jpg 1024w, https:\/\/www.radiopiu.net\/wordpress\/wp-content\/uploads\/2023\/06\/336fe174-30c3-4b5d-88f9-81bfd73198bd-768x576.jpg 768w, https:\/\/www.radiopiu.net\/wordpress\/wp-content\/uploads\/2023\/06\/336fe174-30c3-4b5d-88f9-81bfd73198bd-1536x1152.jpg 1536w, https:\/\/www.radiopiu.net\/wordpress\/wp-content\/uploads\/2023\/06\/336fe174-30c3-4b5d-88f9-81bfd73198bd.jpg 1600w\" sizes=\"auto, (max-width: 175px) 100vw, 175px\" \/><\/a>A met\u00e0 giugno il bagagliaio della Ritmo era a massimo carico, colmo fino all&#8217;orlo di tutto ci\u00f2 che serviva al vivere dei prossimi tre mesi in quel di Cencenighe. C&#8217;era la TV Mivar, la valigia in similpelle color vinaccia, la borsa con i Lego e soprattutto c&#8217;era lui, lo stereo portatile Grundig, la cui antenna avrebbe potuto finalmente captare perfettamente le onde della radio agordina che a quel tempo giungevano a Belluno ancora un po&#8217; stanche. Il fedele dispensatore di buona musica durante il giorno avrebbe trovato alloggio al primo piano del trespolo in ferro-vetro su cui era poggiato pure il televisore, la notte, invece, sarebbe stato trasferito a tre metri di distanza prendendo posto sul vecchio com\u00f2 con il piano in marmo verde. Lo stereo mono piastra durante le ore diurne avrebbe avuto il ruolo di apparecchio radiofonico monofrequenza per tutti i mesi estivi, inchiodato su quel 97.700, ovvero la frequenza di quelle giovani onde radio che risalivano con vigore il corso del Cordevole per poi essere catturate e trasformate in notiziari e buona musica anni &#8217;80 tutta registrare. La notte, invece, si sarebbe trasformato in riproduttore di musicassette incise da storici gruppi rock che piacevano a mio fratello pi\u00f9 grande e che quindi, in quasi tutti i casi, erano pure di mio gradimento. Era utile avere un fratello fornitore di buona musica e dotato di buon gusto; a noi piacevano i Pink Floyd, e l&#8217;album The Wall era quasi sempre la nostra colonna sonora notturna. E a nulla importava se non capivo i testi, che allora alle elementari mica ce lo insegnavano l&#8217;inglese e Google Translate non c&#8217;era nemmeno sull&#8217;astronave Enterprise di Star Trek; a me bastava la musica suonata dai Pink Floyd, ed Hey You, il terzo brano del lato B era la mia canzone preferita. Durante il giorno, nell&#8217;apposito vano era sempre presente una cassetta pronta ad essere incisa e mi era sembrata una grande scoperta quella di coprire con un pezzo di scotch i due buchi posti alle estremit\u00e0 superiori; con questo astuto artifizio avrei potuto sacrificare, in nome dell&#8217;ultima hit, qualche vecchia cassetta di canzoni popolari e vuoi mettere poter finalmente ascoltare all&#8217;infinito Carrie degli Europe al posto dell&#8217; Uva Fogarina, non c&#8217;era paragone. Dedicai una intera estate a Carrie, e fu una battaglia persa perch\u00e9 la splendida introduzione di tastiera la volevo intera, e invece, ad ogni tentativo di registrazione dalla radio, perdevo sempre le prime note. Il brano iniziava senza preavviso ed io mi precipitavo a schiacciare i tasti Rec\/Play in contemporanea, ma niente da fare, il risultato non era mai perfetto; canzone mutilata, e allora via ad iniziare un&#8217;altra spasmodica attesa del brano, sempre all&#8217;erta con l&#8217;orecchio teso, pronto a tentare la cattura di quelle sfuggenti note musicali. La programmazione della radio agordina era spumeggiante e ben si combinava con quei rumori carichi di vita che provenivano dalla strada; canzoni, notiziari, pubblicit\u00e0 di feste in pineta e campestri e fuochi d&#8217;artificio si mescolavano a quella moltitudine di suoni e profumi che salivano dai primi metri dell&#8217;allora Strada Statale 346 del Passo San Pellegrino. Gli Europe, Madonna, Vasco e Gianna Nannini cantavano in cucina mentre in strada era tutto un fervore di ventole che tentavano di raffreddare i motori delle auto ferme in colonna, e poi il rombo possente delle moto e dei camion che snocciolavano una dopo l&#8217;altra le marce ridotte. Il giornale radio delle 12.30 e lo sfrigolare di braciole nella padella, profumo di Sprite che si univa ad aromi di benzina super ed alle grida allegre dei turisti che, carichi di borse della spesa, si apprestavano a ripartire per raggiungere la m\u00e9ta del proprio pic-nic. E cos\u00ec continuava quell&#8217;affascinante caos d&#8217;estate creato da motori imballati e frizioni sofferenti che tentavano di far partire in salita vetture sovraccariche di bagagli; li ricordo cos\u00ec, con grande affetto e una punta di nostalgia quei potenti allegri e indimenticabili giorni d&#8217;estate vissuti tanto tempo fa in compagnia del canto del Biois e della radio agordina.<\/p>\n<p>&nbsp;<\/p>\n<p>&nbsp;<\/p>\n<hr \/>\n<p>&nbsp;<\/p>\n<p><img loading=\"lazy\" decoding=\"async\" class=\"aligncenter wp-image-61954 size-full\" src=\"https:\/\/www.radiopiu.net\/wordpress\/wp-content\/uploads\/2018\/09\/viabilita.jpeg\" sizes=\"auto, (max-width: 800px) 100vw, 800px\" srcset=\"https:\/\/www.radiopiu.net\/wordpress\/wp-content\/uploads\/2018\/09\/viabilita.jpeg 800w, https:\/\/www.radiopiu.net\/wordpress\/wp-content\/uploads\/2018\/09\/viabilita-300x38.jpeg 300w, https:\/\/www.radiopiu.net\/wordpress\/wp-content\/uploads\/2018\/09\/viabilita-768x96.jpeg 768w\" alt=\"\" width=\"800\" height=\"100\" \/><\/p>\n<\/div>\n<\/div>\n<div class=\"message spoilers-container\" dir=\"auto\">\n<div class=\"column\">\n<p>&nbsp;<\/p>\n<\/div>\n<\/div>\n<div class=\"message spoilers-container\" dir=\"auto\">\n<div class=\"column\">\n<div>\n<div dir=\"ltr\">\n<div class=\"gmail_quote\">\n<div dir=\"ltr\">\n<div>\n<blockquote class=\"wp-embedded-content\" data-secret=\"VEr7p7dyJb\"><p><a href=\"https:\/\/www.radiopiu.net\/wordpress\/viabilita\/\">viabilita<\/a><\/p><\/blockquote>\n<p><iframe loading=\"lazy\" class=\"wp-embedded-content\" sandbox=\"allow-scripts\" security=\"restricted\" style=\"position: absolute; clip: rect(1px, 1px, 1px, 1px);\" title=\"&#8220;viabilita&#8221; &#8212; Radio Pi\u00f9\" src=\"https:\/\/www.radiopiu.net\/wordpress\/viabilita\/embed\/#?secret=WPYhv974KH#?secret=VEr7p7dyJb\" data-secret=\"VEr7p7dyJb\" width=\"600\" height=\"338\" frameborder=\"0\" marginwidth=\"0\" marginheight=\"0\" scrolling=\"no\"><\/iframe><\/p>\n<\/div>\n<div><\/div>\n<div><\/div>\n<div>\n<hr \/>\n<\/div>\n<div><a class=\"dt-pswp-item\" href=\"https:\/\/www.radiopiu.net\/wordpress\/wp-content\/uploads\/2023\/06\/07493af4-f8e1-4ce3-bb99-e0a40362939f.jpg\" data-dt-img-description=\"\" data-large_image_width=\"1417\" data-large_image_height=\"1481\"><img loading=\"lazy\" decoding=\"async\" class=\"wp-image-339869 aligncenter\" src=\"https:\/\/www.radiopiu.net\/wordpress\/wp-content\/uploads\/2023\/06\/07493af4-f8e1-4ce3-bb99-e0a40362939f-980x1024.jpg\" alt=\"\" width=\"382\" height=\"399\" srcset=\"https:\/\/www.radiopiu.net\/wordpress\/wp-content\/uploads\/2023\/06\/07493af4-f8e1-4ce3-bb99-e0a40362939f-980x1024.jpg 980w, https:\/\/www.radiopiu.net\/wordpress\/wp-content\/uploads\/2023\/06\/07493af4-f8e1-4ce3-bb99-e0a40362939f-287x300.jpg 287w, https:\/\/www.radiopiu.net\/wordpress\/wp-content\/uploads\/2023\/06\/07493af4-f8e1-4ce3-bb99-e0a40362939f-768x803.jpg 768w, https:\/\/www.radiopiu.net\/wordpress\/wp-content\/uploads\/2023\/06\/07493af4-f8e1-4ce3-bb99-e0a40362939f.jpg 1417w\" sizes=\"auto, (max-width: 382px) 100vw, 382px\" \/><\/a><\/div>\n<div><\/div>\n<\/div>\n<\/div>\n<\/div>\n<\/div>\n<hr \/>\n<p>&nbsp;<\/p>\n<p><a class=\"dt-pswp-item\" href=\"https:\/\/www.radiopiu.net\/wordpress\/wp-content\/uploads\/2018\/09\/WhatsApp-Image-2018-09-20-at-16.04.06.jpeg\" data-dt-img-description=\"\" data-large_image_width=\"800\" data-large_image_height=\"100\"><img loading=\"lazy\" decoding=\"async\" class=\"wp-image-61378 size-full aligncenter\" src=\"https:\/\/www.radiopiu.net\/wordpress\/wp-content\/uploads\/2018\/09\/WhatsApp-Image-2018-09-20-at-16.04.06.jpeg\" alt=\"\" width=\"800\" height=\"100\" srcset=\"https:\/\/www.radiopiu.net\/wordpress\/wp-content\/uploads\/2018\/09\/WhatsApp-Image-2018-09-20-at-16.04.06.jpeg 800w, https:\/\/www.radiopiu.net\/wordpress\/wp-content\/uploads\/2018\/09\/WhatsApp-Image-2018-09-20-at-16.04.06-300x38.jpeg 300w, https:\/\/www.radiopiu.net\/wordpress\/wp-content\/uploads\/2018\/09\/WhatsApp-Image-2018-09-20-at-16.04.06-768x96.jpeg 768w\" sizes=\"auto, (max-width: 800px) 100vw, 800px\" \/><\/a><\/p>\n<\/div>\n<\/div>\n<div class=\"message spoilers-container\" dir=\"auto\"><center><\/center><b>OGGI: <\/b>Giornata complessivamente instabile, specie dalla tarda mattinata con intervalli di variabilit\u00e0 e di instabilit\u00e0. Il deficit di sole e l&#8217;instabilit\u00e0 dominante determineranno un contesto termico diurno un po&#8217; pi\u00f9 fresco rispetto a luned\u00ec.<br \/>\n<b>Precipitazioni: <\/b>Al mattino bassa probabilit\u00e0 perlopi\u00f9 locali, anche a carattere di rovescio o di temporale; nel pomeriggio probabilit\u00e0 medio-alta\u00a0 di fenomeni sparsi o diffusi, specie sulle Dolomiti.<\/div>\n<div class=\"message spoilers-container\" dir=\"auto\">\n<hr \/>\n<p><center><\/center><b>DOMANI: <\/b>Al mattino tratti soleggiati alternati ad annuvolamenti cumuliformi irregolari, eventualmente associati a qualche fenomeno, specie a partire dalla tarda mattinata. Poi ulteriore intensificazione della nuvolosit\u00e0 con aumento della probabilit\u00e0 di fenomeni sparsi o diffusi.<br \/>\n<b>Precipitazioni: <\/b>Al mattino generalmente assenti, anche se non sar\u00e0 del tutto escluso qualche sporadico fenomeno, specie nella tarda mattinata. Nel pomeriggio probabilit\u00e0 in aumento fino a medio-alta\u00a0 per fenomeni sparsi o diffusi specie sulle Dolomiti<\/p>\n<\/div>\n<div class=\"message spoilers-container\" dir=\"auto\">\n<hr \/>\n<p><center><\/center><strong>GIOVEDI:<\/strong> Tempo ancora variabile a tratti instabile. Al mattino parzialmente soleggiato per i primi cumuli in prossimit\u00e0 delle cime e per temporanee nubi basse in alcune valli nelle ore fredde; in seguito, ulteriore e graduale riduzione del soleggiamento per convezione diurna associata a fenomeni convettivi perlopi\u00f9 sparsi.<\/p>\n<\/div>\n<div class=\"message spoilers-container\" dir=\"auto\">\n<hr \/>\n<p><center><\/center><strong>VENERDI:<\/strong> Tempo variabile ma meno instabile rispetto ai giorni precedenti; e pi\u00f9 soleggiato specie al mattino, salvo temporanee nubi basse in formazione nelle ore fredde in alcune valli. Parzialmente soleggiato con annuvolamenti irregolari, specie nelle ore calde, eventualmente associati a brevi fenomeni perlopi\u00f9 locali o al pi\u00f9 sparsi.<\/p>\n<\/div>\n<p><center><\/center>&nbsp;<\/p>\n<p>&nbsp;<\/p>\n<div class=\"message spoilers-container\" dir=\"auto\">\n<hr \/>\n<p>&nbsp;<\/p>\n<p><a class=\"dt-pswp-item\" href=\"https:\/\/www.radiopiu.net\/wordpress\/wp-content\/uploads\/2018\/09\/sport.jpg\" data-dt-img-description=\"\" data-large_image_width=\"800\" data-large_image_height=\"100\"><img loading=\"lazy\" decoding=\"async\" class=\"aligncenter wp-image-60761 size-full\" src=\"https:\/\/www.radiopiu.net\/wordpress\/wp-content\/uploads\/2018\/09\/sport.jpg\" alt=\"\" width=\"800\" height=\"100\" srcset=\"https:\/\/www.radiopiu.net\/wordpress\/wp-content\/uploads\/2018\/09\/sport.jpg 800w, https:\/\/www.radiopiu.net\/wordpress\/wp-content\/uploads\/2018\/09\/sport-300x38.jpg 300w, https:\/\/www.radiopiu.net\/wordpress\/wp-content\/uploads\/2018\/09\/sport-768x96.jpg 768w\" sizes=\"auto, (max-width: 800px) 100vw, 800px\" \/><\/a><\/p>\n<\/div>\n<div class=\"message spoilers-container\" dir=\"auto\">\n<h3><\/h3>\n<p><span style=\"color: #0000ff;\"><strong>CALCIO<\/strong><\/span><\/p>\n<blockquote>\n<h3>VOLTAGO, FODOM, LE VILLE E LA VALLE SONO LE SQUADRE DA BATTERE DOPO LE PRIME DUE GIORNATE DEL CAMPIONATO AGORDINO<\/h3>\n<\/blockquote>\n<p><strong><a class=\"dt-pswp-item\" href=\"https:\/\/www.radiopiu.net\/wordpress\/wp-content\/uploads\/2023\/03\/CAMPIONATO-AGORDINO-2023.png\" data-dt-img-description=\"\" data-large_image_width=\"1434\" data-large_image_height=\"938\"><img loading=\"lazy\" decoding=\"async\" class=\" wp-image-327073 alignleft\" src=\"https:\/\/www.radiopiu.net\/wordpress\/wp-content\/uploads\/2023\/03\/CAMPIONATO-AGORDINO-2023-300x196.png\" alt=\"\" width=\"179\" height=\"117\" srcset=\"https:\/\/www.radiopiu.net\/wordpress\/wp-content\/uploads\/2023\/03\/CAMPIONATO-AGORDINO-2023-300x196.png 300w, https:\/\/www.radiopiu.net\/wordpress\/wp-content\/uploads\/2023\/03\/CAMPIONATO-AGORDINO-2023-1024x670.png 1024w, https:\/\/www.radiopiu.net\/wordpress\/wp-content\/uploads\/2023\/03\/CAMPIONATO-AGORDINO-2023-768x502.png 768w, https:\/\/www.radiopiu.net\/wordpress\/wp-content\/uploads\/2023\/03\/CAMPIONATO-AGORDINO-2023.png 1434w\" sizes=\"auto, (max-width: 179px) 100vw, 179px\" \/><\/a>di Marco Gaz<\/strong><\/p>\n<p><strong>REDAZIONE<\/strong> Sono quattro le squadre del Campionato Agordino a pieni punti dopo le prime due giornate del Memorial Attilio Moretti. Le conferme sono arrivate dai campioni in carica del Voltago, Fodom, La Valle e Le Ville. Nell&#8217;ultimo fine settimana \u00e8 arrivata la prima vittoria del Taibon che sul campo di casa ha superato i pluriscudettati del Gosaldo. I gosaldini sembrano essere in crisi ma solo domenica prossima si sapr\u00e0 se la crisi \u00e8 profonda oppure no, quando sotto alla Croda Granda arriver\u00e0 il Le Ville. Notte fonda anche per il Cencenighe che nonostante la bella prestazione con il Fodom non riesce a fare punti alla &#8220;Bombonera&#8221;. Il La Valle va sotto con il Canale ma nel finale rimonta e incamera tre punti essenziali per rimanere in corsa per la qualificazione diretta ai quarti. Nel frattempo il Vallada mette il bastone tra le ruote al Caprile e strappa un pareggio sul campo di casa. Dopo la seconda giornata le due squadre meno attrezzate sembrano essere il Rivamonte e l&#8217;Alleghe. Per entrambe ultimo posto in classifica con rispettivamente 9 e 5 gol subiti in due sfide, le peggior difese del girone A e girone B.<\/p>\n<p>&nbsp;<\/p>\n<p><span style=\"color: #0000ff;\"><strong>PALLAVOLO<\/strong><\/span><\/p>\n<blockquote>\n<h3>FABIO BISI E&#8217; IL NUOVO GIOCATORE DELLA PALLAVOLO BELLUNO<\/h3>\n<\/blockquote>\n<p><strong><a class=\"dt-pswp-item\" href=\"https:\/\/www.radiopiu.net\/wordpress\/wp-content\/uploads\/2023\/06\/6acce6a6-6fa1-46a1-8b8c-a4369a6b19fb.jpg\" data-dt-img-description=\"\" data-large_image_width=\"1600\" data-large_image_height=\"1200\"><img loading=\"lazy\" decoding=\"async\" class=\" wp-image-339960 alignleft\" src=\"https:\/\/www.radiopiu.net\/wordpress\/wp-content\/uploads\/2023\/06\/6acce6a6-6fa1-46a1-8b8c-a4369a6b19fb-300x225.jpg\" alt=\"\" width=\"169\" height=\"127\" srcset=\"https:\/\/www.radiopiu.net\/wordpress\/wp-content\/uploads\/2023\/06\/6acce6a6-6fa1-46a1-8b8c-a4369a6b19fb-300x225.jpg 300w, https:\/\/www.radiopiu.net\/wordpress\/wp-content\/uploads\/2023\/06\/6acce6a6-6fa1-46a1-8b8c-a4369a6b19fb-1024x768.jpg 1024w, https:\/\/www.radiopiu.net\/wordpress\/wp-content\/uploads\/2023\/06\/6acce6a6-6fa1-46a1-8b8c-a4369a6b19fb-768x576.jpg 768w, https:\/\/www.radiopiu.net\/wordpress\/wp-content\/uploads\/2023\/06\/6acce6a6-6fa1-46a1-8b8c-a4369a6b19fb-1536x1152.jpg 1536w, https:\/\/www.radiopiu.net\/wordpress\/wp-content\/uploads\/2023\/06\/6acce6a6-6fa1-46a1-8b8c-a4369a6b19fb.jpg 1600w\" sizes=\"auto, (max-width: 169px) 100vw, 169px\" \/><\/a>BELLUNO<\/strong> Continua la campagna di rafforzamento della DRL Volley Belluno: dopo otto stagioni in A2 e un&#8217;esperienza in SuperLega, arriva da Brescia tra le Dolomiti l&#8217;opposto Fabio Bisi.<\/p>\n<audio class=\"wp-audio-shortcode\" id=\"audio-339794-13\" preload=\"none\" style=\"width: 100%;\" controls=\"controls\"><source type=\"audio\/mpeg\" src=\"https:\/\/www.radiopiu.net\/wordpress\/wp-content\/uploads\/2023\/06\/Radio-Piu-Servizio-Bisi-DRL-Belluno.mp3?_=13\" \/><a href=\"https:\/\/www.radiopiu.net\/wordpress\/wp-content\/uploads\/2023\/06\/Radio-Piu-Servizio-Bisi-DRL-Belluno.mp3\">https:\/\/www.radiopiu.net\/wordpress\/wp-content\/uploads\/2023\/06\/Radio-Piu-Servizio-Bisi-DRL-Belluno.mp3<\/a><\/audio>\n<p>&nbsp;<\/p>\n<p><span style=\"color: #0000ff;\"><strong>BASKET<\/strong><\/span><\/p>\n<blockquote>\n<h3><a class=\"dt-pswp-item\" href=\"https:\/\/www.radiopiu.net\/wordpress\/wp-content\/uploads\/2023\/06\/italiau20820x460.jpg\" data-dt-img-description=\"\" data-large_image_width=\"820\" data-large_image_height=\"460\"><img loading=\"lazy\" decoding=\"async\" class=\" wp-image-339899 alignleft\" src=\"https:\/\/www.radiopiu.net\/wordpress\/wp-content\/uploads\/2023\/06\/italiau20820x460-300x168.jpg\" alt=\"\" width=\"182\" height=\"102\" srcset=\"https:\/\/www.radiopiu.net\/wordpress\/wp-content\/uploads\/2023\/06\/italiau20820x460-300x168.jpg 300w, https:\/\/www.radiopiu.net\/wordpress\/wp-content\/uploads\/2023\/06\/italiau20820x460-768x431.jpg 768w, https:\/\/www.radiopiu.net\/wordpress\/wp-content\/uploads\/2023\/06\/italiau20820x460.jpg 820w\" sizes=\"auto, (max-width: 182px) 100vw, 182px\" \/><\/a>INIZIATO IL RITIRO DELLA NAZIONALE UNDER 20 A DOMEGGE<\/h3>\n<\/blockquote>\n<p><span style=\"color: #000000; font-family: arial, sans-serif;\">E\u2019 iniziato ieri il raduno della Nazionale Under 20 di basket maschile. Gli azzurrini di coach Magro tra le splendide montagne del Cadore si prepareranno al meglio in vista del\u00a021\u00b0 Torneo Internazionale \u201cMemorial Vigilio De Silvestro \u2013 Trofeo Bepi Meneghin\u201d del 23, 24 e 25 giugno 2023, e degli Europei in programma ad Heraklion (Grecia) dall\u20198 al 16 luglio.\u00a0<\/span><\/p>\n<p>&nbsp;<\/p>\n<p><span style=\"color: #0000ff;\"><strong>BIATHLON<\/strong><\/span><\/p>\n<blockquote>\n<h3>ANNUNCIATE LE SQUADRE VENETE PER LA PROSSIMA STAGIONE<\/h3>\n<\/blockquote>\n<p><span style=\"color: #000000;\"><a class=\"dt-pswp-item\" href=\"https:\/\/www.radiopiu.net\/wordpress\/wp-content\/uploads\/2019\/02\/biathlon-trophy-cortina-10-feb-2019.jpg\" data-dt-img-description=\"\" data-large_image_width=\"1500\" data-large_image_height=\"1000\"><img loading=\"lazy\" decoding=\"async\" class=\" wp-image-75995 alignleft\" src=\"https:\/\/www.radiopiu.net\/wordpress\/wp-content\/uploads\/2019\/02\/biathlon-trophy-cortina-10-feb-2019-300x200.jpg\" alt=\"\" width=\"143\" height=\"95\" srcset=\"https:\/\/www.radiopiu.net\/wordpress\/wp-content\/uploads\/2019\/02\/biathlon-trophy-cortina-10-feb-2019-300x200.jpg 300w, https:\/\/www.radiopiu.net\/wordpress\/wp-content\/uploads\/2019\/02\/biathlon-trophy-cortina-10-feb-2019-768x512.jpg 768w, https:\/\/www.radiopiu.net\/wordpress\/wp-content\/uploads\/2019\/02\/biathlon-trophy-cortina-10-feb-2019-1024x683.jpg 1024w, https:\/\/www.radiopiu.net\/wordpress\/wp-content\/uploads\/2019\/02\/biathlon-trophy-cortina-10-feb-2019.jpg 1500w\" sizes=\"auto, (max-width: 143px) 100vw, 143px\" \/><\/a>Il consiglio regionale ha ratificato la composizione delle squadre del biathlon per la stagione 2023-2024. Lo staff tecnico \u00e8 composto da Pietro Fontana Hoffer (responsabile),\u00a0Davide Mancin Majoni, Robin Toigo, Maria Rosa Mo\u00e8 e Claudio Flossi.<\/span><\/p>\n<p><strong>GLI ATLETI<\/strong><\/p>\n<p><span style=\"color: #000000;\">Juniores femminile: Laura Mortagna (Fiamme Oro).<\/span><\/p>\n<p><span style=\"color: #000000;\">Giovani maschile: Sebastiano Cagnati (Sci club Val Biois), Tommaso De Bacco (Enal Sport Villaga), Diego Gaved (Enal Sport Villaga), Samuel Murer (Ski College Veneto Falcade), Antonio Pertile (Sci club Gallio).<\/span><\/p>\n<p><span style=\"color: #000000;\">Giovani femminile: Elena Alver\u00e0 (Sci club Cortina), Lara Siorpaes (Sci club Cortina).<\/span><\/p>\n<p><span style=\"color: #000000;\">Aspiranti femminile: Francesca Olivier (Sci club Val Biois).<\/span><\/p>\n<p><span style=\"color: #000000;\">Osservati\u00a0\u2013\u00a0Giovani: Silvia Dal Farra (Enal Sport Villaga).<\/span><\/p>\n<p><span style=\"color: #000000;\">Osservati \u2013 Aspiranti: Gianluca De Paoli (Enal Sport Villaga), Bruno Lovato (Sci club Gallio), Giordano Arnoldo (Sci club Valzoldana), Luca Preverin (Sci club Valzoldana), Lisa Ganz (Sci club Val Biois), Arianna Micheluzzi (Sci club Val Biois), Caterina Valt (Sci club Val Biois).<\/span><\/p>\n<\/div>\n<\/div>\n","protected":false},"excerpt":{"rendered":"<p>\u00a0 40esimo di RADIOPIU\u2026. LA VOCE DELL\u2019EMOZIONE &nbsp; &nbsp; &nbsp; ISCRIVITI AL NOSTRO CANALE\u00a0 YOUTUBE PER SEGUIRE IN DIRETTA I PRINCIPALI PROGRAMMI DI RADIO PIU&#8217; E LE FUTURE DIRETTE IN ESTERNA. PER ISCRIVERTI CLICCA QUI E PREMI\u00a0 &#8220;Iscriviti&#8221;\u00a0 \u00a0 &nbsp; &nbsp; &nbsp; CIAO FRANCESCO LUMINOSA METEORA DEI NOSTRI ANNI OTTANTA Francesco Nuti, che se ne&hellip;<\/p>\n","protected":false},"author":4,"featured_media":339861,"comment_status":"closed","ping_status":"closed","sticky":false,"template":"","format":"standard","meta":{"_monsterinsights_skip_tracking":false,"_monsterinsights_sitenote_active":false,"_monsterinsights_sitenote_note":"","_monsterinsights_sitenote_category":0,"footnotes":""},"categories":[51,86,49],"tags":[],"class_list":["post-339794","post","type-post","status-publish","format-standard","has-post-thumbnail","hentry","category-evidenza-top","category-gr","category-news-18","category-51","category-86","category-49","description-off"],"img_url":"https:\/\/www.radiopiu.net\/wordpress\/wp-content\/uploads\/2023\/06\/4638f613-af50-4143-8976-7af7a68115c2.jpg","_links":{"self":[{"href":"https:\/\/www.radiopiu.net\/wordpress\/wp-json\/wp\/v2\/posts\/339794","targetHints":{"allow":["GET"]}}],"collection":[{"href":"https:\/\/www.radiopiu.net\/wordpress\/wp-json\/wp\/v2\/posts"}],"about":[{"href":"https:\/\/www.radiopiu.net\/wordpress\/wp-json\/wp\/v2\/types\/post"}],"author":[{"embeddable":true,"href":"https:\/\/www.radiopiu.net\/wordpress\/wp-json\/wp\/v2\/users\/4"}],"replies":[{"embeddable":true,"href":"https:\/\/www.radiopiu.net\/wordpress\/wp-json\/wp\/v2\/comments?post=339794"}],"version-history":[{"count":0,"href":"https:\/\/www.radiopiu.net\/wordpress\/wp-json\/wp\/v2\/posts\/339794\/revisions"}],"wp:featuredmedia":[{"embeddable":true,"href":"https:\/\/www.radiopiu.net\/wordpress\/wp-json\/wp\/v2\/media\/339861"}],"wp:attachment":[{"href":"https:\/\/www.radiopiu.net\/wordpress\/wp-json\/wp\/v2\/media?parent=339794"}],"wp:term":[{"taxonomy":"category","embeddable":true,"href":"https:\/\/www.radiopiu.net\/wordpress\/wp-json\/wp\/v2\/categories?post=339794"},{"taxonomy":"post_tag","embeddable":true,"href":"https:\/\/www.radiopiu.net\/wordpress\/wp-json\/wp\/v2\/tags?post=339794"}],"curies":[{"name":"wp","href":"https:\/\/api.w.org\/{rel}","templated":true}]}}