{"id":339852,"date":"2023-06-13T05:12:53","date_gmt":"2023-06-13T03:12:53","guid":{"rendered":"https:\/\/www.radiopiu.net\/wordpress\/?p=339852"},"modified":"2023-06-13T08:21:59","modified_gmt":"2023-06-13T06:21:59","slug":"il-cordoglio-del-presidente-della-regione-del-veneto-per-silvio-berlusconi","status":"publish","type":"post","link":"https:\/\/www.radiopiu.net\/wordpress\/il-cordoglio-del-presidente-della-regione-del-veneto-per-silvio-berlusconi\/","title":{"rendered":"L&#8217;ADDIO A BERLUSCONI,  FINE DI UN EPOCA. I MESSAGGI DI CORDOGLIO"},"content":{"rendered":"<p><strong>\u201cLIBERISTA, VISIONARIO, GRANDE IMPRENDITORE. CI LASCIA UN UOMO CHE HA SCRITTO LA STORIA DELLA POLITICA ITALIANA\u201d<\/strong><\/p>\n<p><strong>\u00a0<\/strong><\/p>\n<p><a class=\"dt-pswp-item\" href=\"https:\/\/www.radiopiu.net\/wordpress\/wp-content\/uploads\/2023\/06\/12e10095-245f-44be-9021-eee39ec6ac37.jpg\" data-dt-img-description=\"\" data-large_image_width=\"1024\" data-large_image_height=\"768\"><img loading=\"lazy\" decoding=\"async\" class=\"size-medium wp-image-339854 alignleft\" src=\"https:\/\/www.radiopiu.net\/wordpress\/wp-content\/uploads\/2023\/06\/12e10095-245f-44be-9021-eee39ec6ac37-300x225.jpg\" alt=\"\" width=\"300\" height=\"225\" srcset=\"https:\/\/www.radiopiu.net\/wordpress\/wp-content\/uploads\/2023\/06\/12e10095-245f-44be-9021-eee39ec6ac37-300x225.jpg 300w, https:\/\/www.radiopiu.net\/wordpress\/wp-content\/uploads\/2023\/06\/12e10095-245f-44be-9021-eee39ec6ac37-768x576.jpg 768w, https:\/\/www.radiopiu.net\/wordpress\/wp-content\/uploads\/2023\/06\/12e10095-245f-44be-9021-eee39ec6ac37.jpg 1024w\" sizes=\"auto, (max-width: 300px) 100vw, 300px\" \/><\/a>\u201cCi lascia un uomo che ha scritto la storia recente della politica italiana, un pioniere nel campo dei media, in particolare della televisione e della pubblicit\u00e0. Nessuno pu\u00f2 dimenticare la nascita del primo network italiano con le tre reti, la Fininvest, e la fondazione di Publitalia per la raccolta pubblicitaria. In campo politico ha saputo tessere alleanze \u2018del buon governo\u2019 sia nel Nord, sia nel Centro-Sud, lanciando un progetto politico che, gi\u00e0 nei primi anni novanta, ha fornito un preciso referente all\u2019elettorato di centro-destra, di chiara impronta liberista, valorizzando l\u2019iniziativa privata\u201d. Lo dice il Presidente della Regione del Veneto ricordando la figura di Silvio Berlusconi, il leader di Forza Italia, che oggi si \u00e8 spento all\u2019et\u00e0 di 86 anni. <em>\u201cNumerosi sono i legami che egli ha avuto con il Veneto: \u00e8 stato pronto ad accorrere nelle vesti di Presidente del Consiglio, dopo la grande alluvione del 2010 nelle nostre terre martoriate dall\u2019acqua, con energia e determinazione ha voluto calarsi fra la gente e visitare numerose frazioni allagate. Da ricordare anche l\u2019amicizia con don Antonio Zuliani, il sacerdote della Piccola Comunit\u00e0 di Conegliano, il centro di recupero per tossicodipendenti \u2013 conclude il Presidente -. Sempre vicino ai problemi reali del Paese, Berlusconi ha sempre cercato di interpretare al massimo le necessit\u00e0 del popolo. Oggi ci lascia un uomo che anche per le sue caratteristiche umane difficilmente si potr\u00e0 scordare. Da parte mia e del Veneto, le pi\u00f9 sentite condoglianze personali e istituzionali ai familiari\u201d.<\/em><\/p>\n<p>&nbsp;<\/p>\n<p>&nbsp;<\/p>\n<p><strong><a class=\"dt-pswp-item\" href=\"https:\/\/www.radiopiu.net\/wordpress\/wp-content\/uploads\/2021\/02\/DARIO-BOND.jpg\" data-dt-img-description=\"\" data-large_image_width=\"1600\" data-large_image_height=\"737\"><img loading=\"lazy\" decoding=\"async\" class=\"wp-image-191054 alignleft\" src=\"https:\/\/www.radiopiu.net\/wordpress\/wp-content\/uploads\/2021\/02\/DARIO-BOND-300x138.jpg\" alt=\"\" width=\"198\" height=\"91\" srcset=\"https:\/\/www.radiopiu.net\/wordpress\/wp-content\/uploads\/2021\/02\/DARIO-BOND-300x138.jpg 300w, https:\/\/www.radiopiu.net\/wordpress\/wp-content\/uploads\/2021\/02\/DARIO-BOND-1024x472.jpg 1024w, https:\/\/www.radiopiu.net\/wordpress\/wp-content\/uploads\/2021\/02\/DARIO-BOND-768x354.jpg 768w, https:\/\/www.radiopiu.net\/wordpress\/wp-content\/uploads\/2021\/02\/DARIO-BOND-1536x708.jpg 1536w, https:\/\/www.radiopiu.net\/wordpress\/wp-content\/uploads\/2021\/02\/DARIO-BOND.jpg 1600w\" sizes=\"auto, (max-width: 198px) 100vw, 198px\" \/><\/a>DARIO BOND PRES. COM. PAR. FONDI CONFINE<\/strong><\/p>\n<audio class=\"wp-audio-shortcode\" id=\"audio-339852-1\" preload=\"none\" style=\"width: 100%;\" controls=\"controls\"><source type=\"audio\/mpeg\" src=\"https:\/\/www.radiopiu.net\/wordpress\/wp-content\/uploads\/2023\/06\/bond.mp3?_=1\" \/><a href=\"https:\/\/www.radiopiu.net\/wordpress\/wp-content\/uploads\/2023\/06\/bond.mp3\">https:\/\/www.radiopiu.net\/wordpress\/wp-content\/uploads\/2023\/06\/bond.mp3<\/a><\/audio>\n<p>&nbsp;<\/p>\n<p><strong><a class=\"dt-pswp-item\" href=\"https:\/\/www.radiopiu.net\/wordpress\/wp-content\/uploads\/2023\/01\/DARIO-SCOPEL.png\" data-dt-img-description=\"\" data-large_image_width=\"1386\" data-large_image_height=\"832\"><img loading=\"lazy\" decoding=\"async\" class=\"wp-image-319131 alignleft\" src=\"https:\/\/www.radiopiu.net\/wordpress\/wp-content\/uploads\/2023\/01\/DARIO-SCOPEL-300x180.png\" alt=\"\" width=\"168\" height=\"101\" srcset=\"https:\/\/www.radiopiu.net\/wordpress\/wp-content\/uploads\/2023\/01\/DARIO-SCOPEL-300x180.png 300w, https:\/\/www.radiopiu.net\/wordpress\/wp-content\/uploads\/2023\/01\/DARIO-SCOPEL-1024x615.png 1024w, https:\/\/www.radiopiu.net\/wordpress\/wp-content\/uploads\/2023\/01\/DARIO-SCOPEL-768x461.png 768w, https:\/\/www.radiopiu.net\/wordpress\/wp-content\/uploads\/2023\/01\/DARIO-SCOPEL.png 1386w\" sizes=\"auto, (max-width: 168px) 100vw, 168px\" \/><\/a>IL COORDINATORE DI FORZA ITALIA DARIO SCOPEL<\/strong><\/p>\n<audio class=\"wp-audio-shortcode\" id=\"audio-339852-2\" preload=\"none\" style=\"width: 100%;\" controls=\"controls\"><source type=\"audio\/mpeg\" src=\"https:\/\/www.radiopiu.net\/wordpress\/wp-content\/uploads\/2023\/06\/ECOPEL.mp3?_=2\" \/><a href=\"https:\/\/www.radiopiu.net\/wordpress\/wp-content\/uploads\/2023\/06\/ECOPEL.mp3\">https:\/\/www.radiopiu.net\/wordpress\/wp-content\/uploads\/2023\/06\/ECOPEL.mp3<\/a><\/audio>\n<p>&nbsp;<\/p>\n<p><a class=\"dt-pswp-item\" href=\"https:\/\/www.radiopiu.net\/wordpress\/wp-content\/uploads\/2021\/03\/ANDREA-DE-BERNARDIN.jpg\" data-dt-img-description=\"andrea de bernardin\" data-large_image_width=\"960\" data-large_image_height=\"540\"><img loading=\"lazy\" decoding=\"async\" class=\"wp-image-195558 alignleft\" src=\"https:\/\/www.radiopiu.net\/wordpress\/wp-content\/uploads\/2021\/03\/ANDREA-DE-BERNARDIN-300x169.jpg\" alt=\"\" width=\"160\" height=\"90\" srcset=\"https:\/\/www.radiopiu.net\/wordpress\/wp-content\/uploads\/2021\/03\/ANDREA-DE-BERNARDIN-300x169.jpg 300w, https:\/\/www.radiopiu.net\/wordpress\/wp-content\/uploads\/2021\/03\/ANDREA-DE-BERNARDIN-768x432.jpg 768w, https:\/\/www.radiopiu.net\/wordpress\/wp-content\/uploads\/2021\/03\/ANDREA-DE-BERNARDIN.jpg 960w\" sizes=\"auto, (max-width: 160px) 100vw, 160px\" \/><\/a><strong>IL SEGRETARIO PROVINCIALE DELLA LEGA ANDREA DE BERNARDIN<\/strong><\/p>\n<audio class=\"wp-audio-shortcode\" id=\"audio-339852-3\" preload=\"none\" style=\"width: 100%;\" controls=\"controls\"><source type=\"audio\/mpeg\" src=\"https:\/\/www.radiopiu.net\/wordpress\/wp-content\/uploads\/2023\/06\/Nota-di-cordoglio-per-Berlusconi.mp3?_=3\" \/><a href=\"https:\/\/www.radiopiu.net\/wordpress\/wp-content\/uploads\/2023\/06\/Nota-di-cordoglio-per-Berlusconi.mp3\">https:\/\/www.radiopiu.net\/wordpress\/wp-content\/uploads\/2023\/06\/Nota-di-cordoglio-per-Berlusconi.mp3<\/a><\/audio>\n<p>&nbsp;<\/p>\n<p><strong>CONFAGRICOLTURA VENETO<\/strong><\/p>\n<p><strong>VENEZIA<\/strong> \u201c\u00c8 stato un grande leader politico, che ha segnato la storia della Seconda Repubblica \u2013 sottolinea Lodovico Giustiniani, presidente di Confagricoltura Veneto -. Imprenditore molto attento alle questioni dell\u2019economia, da presidente del Consiglio si \u00e8 dimostrato sensibile anche ai temi agricoli, come quando, nel 2009, apr\u00ec la sessione di lavoro del G8 invitando i grandi del mondo a puntare sull\u2019agricoltura e ad aumentare la capacit\u00e0 produttiva delle derrate agricole\u201d.<\/p>\n<p>&nbsp;<\/p>\n<p>&nbsp;<\/p>\n<hr \/>\n<p>&nbsp;<\/p>\n","protected":false},"excerpt":{"rendered":"<p>\u201cLIBERISTA, VISIONARIO, GRANDE IMPRENDITORE. CI LASCIA UN UOMO CHE HA SCRITTO LA STORIA DELLA POLITICA ITALIANA\u201d \u00a0 \u201cCi lascia un uomo che ha scritto la storia recente della politica italiana, un pioniere nel campo dei media, in particolare della televisione e della pubblicit\u00e0. Nessuno pu\u00f2 dimenticare la nascita del primo network italiano con le tre&hellip;<\/p>\n","protected":false},"author":4,"featured_media":339853,"comment_status":"closed","ping_status":"closed","sticky":false,"template":"","format":"standard","meta":{"_monsterinsights_skip_tracking":false,"_monsterinsights_sitenote_active":false,"_monsterinsights_sitenote_note":"","_monsterinsights_sitenote_category":0,"footnotes":""},"categories":[104,49],"tags":[],"class_list":["post-339852","post","type-post","status-publish","format-standard","has-post-thumbnail","hentry","category-evidenza_3","category-news-18","category-104","category-49","description-off"],"img_url":"https:\/\/www.radiopiu.net\/wordpress\/wp-content\/uploads\/2023\/06\/6255537f-90a4-4fae-8aff-439444bacf29.jpg","_links":{"self":[{"href":"https:\/\/www.radiopiu.net\/wordpress\/wp-json\/wp\/v2\/posts\/339852","targetHints":{"allow":["GET"]}}],"collection":[{"href":"https:\/\/www.radiopiu.net\/wordpress\/wp-json\/wp\/v2\/posts"}],"about":[{"href":"https:\/\/www.radiopiu.net\/wordpress\/wp-json\/wp\/v2\/types\/post"}],"author":[{"embeddable":true,"href":"https:\/\/www.radiopiu.net\/wordpress\/wp-json\/wp\/v2\/users\/4"}],"replies":[{"embeddable":true,"href":"https:\/\/www.radiopiu.net\/wordpress\/wp-json\/wp\/v2\/comments?post=339852"}],"version-history":[{"count":0,"href":"https:\/\/www.radiopiu.net\/wordpress\/wp-json\/wp\/v2\/posts\/339852\/revisions"}],"wp:featuredmedia":[{"embeddable":true,"href":"https:\/\/www.radiopiu.net\/wordpress\/wp-json\/wp\/v2\/media\/339853"}],"wp:attachment":[{"href":"https:\/\/www.radiopiu.net\/wordpress\/wp-json\/wp\/v2\/media?parent=339852"}],"wp:term":[{"taxonomy":"category","embeddable":true,"href":"https:\/\/www.radiopiu.net\/wordpress\/wp-json\/wp\/v2\/categories?post=339852"},{"taxonomy":"post_tag","embeddable":true,"href":"https:\/\/www.radiopiu.net\/wordpress\/wp-json\/wp\/v2\/tags?post=339852"}],"curies":[{"name":"wp","href":"https:\/\/api.w.org\/{rel}","templated":true}]}}