{"id":339860,"date":"2023-06-13T05:14:35","date_gmt":"2023-06-13T03:14:35","guid":{"rendered":"https:\/\/www.radiopiu.net\/wordpress\/?p=339860"},"modified":"2023-06-13T05:36:55","modified_gmt":"2023-06-13T03:36:55","slug":"interrotto-lo-spaccio-di-stupefacenti-nel-parco-di-pieve-di-cadore","status":"publish","type":"post","link":"https:\/\/www.radiopiu.net\/wordpress\/interrotto-lo-spaccio-di-stupefacenti-nel-parco-di-pieve-di-cadore\/","title":{"rendered":". INTERROTTO LO SPACCIO DI STUPEFACENTI NEL PARCO DI PIEVE DI CADORE."},"content":{"rendered":"<p align=\"CENTER\"><span style=\"font-family: Times New Roman, serif;\"><b><em>ARRESTATO UN ITALIANO, SEQUESTRATO STUPEFACENTE E DENARO<\/em> <\/b><\/span><\/p>\n<p align=\"JUSTIFY\"><strong><a class=\"dt-pswp-item\" href=\"https:\/\/www.radiopiu.net\/wordpress\/wp-content\/uploads\/2023\/06\/1fb8f9e2-85a1-4218-9ebd-e5f100040334.jpg\" data-dt-img-description=\"\" data-large_image_width=\"1600\" data-large_image_height=\"1200\"><img loading=\"lazy\" decoding=\"async\" class=\" wp-image-339863 alignleft\" src=\"https:\/\/www.radiopiu.net\/wordpress\/wp-content\/uploads\/2023\/06\/1fb8f9e2-85a1-4218-9ebd-e5f100040334-300x225.jpg\" alt=\"\" width=\"276\" height=\"207\" srcset=\"https:\/\/www.radiopiu.net\/wordpress\/wp-content\/uploads\/2023\/06\/1fb8f9e2-85a1-4218-9ebd-e5f100040334-300x225.jpg 300w, https:\/\/www.radiopiu.net\/wordpress\/wp-content\/uploads\/2023\/06\/1fb8f9e2-85a1-4218-9ebd-e5f100040334-1024x768.jpg 1024w, https:\/\/www.radiopiu.net\/wordpress\/wp-content\/uploads\/2023\/06\/1fb8f9e2-85a1-4218-9ebd-e5f100040334-768x576.jpg 768w, https:\/\/www.radiopiu.net\/wordpress\/wp-content\/uploads\/2023\/06\/1fb8f9e2-85a1-4218-9ebd-e5f100040334-1536x1152.jpg 1536w, https:\/\/www.radiopiu.net\/wordpress\/wp-content\/uploads\/2023\/06\/1fb8f9e2-85a1-4218-9ebd-e5f100040334.jpg 1600w\" sizes=\"auto, (max-width: 276px) 100vw, 276px\" \/><\/a>CORTINA<\/strong> Durante un controllo nel parco, i Carabinieri hanno fermato una persona trovata in possesso di sostanza stupefacente. Successivamente, \u00e8 stata eseguita una perquisizione presso la sua abitazione, dove sono state trovate cospicue somme di denaro in contanti (circa 6500 euro) e materiale per il confezionamento di droga. Durante la perquisizione sono stati rinvenuti circa 150 grammi di hashish suddivisi in panetti. Tutto il materiale e la droga sono stati sequestrati e consegnati all&#8217;Autorit\u00e0 Giudiziaria per ulteriori analisi di laboratorio. I Carabinieri della Compagnia di Cortina, dopo aver notato alcuni movimenti sospetti e aver ricevuto segnalazioni da cittadini preoccupati, hanno intensificato i servizi di controllo nell&#8217;area tra Pieve di Cadore, Calalzo, Domegge e Lorenzago. In seguito a un incontro organizzato dai Carabinieri, circa 350 genitori hanno partecipato per discutere dei pericoli legati all&#8217;adolescenza nella zona. I controlli dei Carabinieri sono aumentati, con l&#8217;impiego di pattuglie dedicate e posti di controllo, identificando pi\u00f9 di 100 persone e segnalando 3 assuntori alla Prefettura di Belluno. Tuttavia, l&#8217;attivit\u00e0 di indagine non si \u00e8 fermata e si \u00e8 concentrata sui luoghi di ritrovo, in particolare nel parco di Pieve di Cadore.\u00a0 L&#8217;uomo \u00e8 stato posto agli arresti domiciliari su disposizione della Procura della <a class=\"dt-pswp-item\" href=\"https:\/\/www.radiopiu.net\/wordpress\/wp-content\/uploads\/2023\/06\/4638f613-af50-4143-8976-7af7a68115c2.jpg\" data-dt-img-description=\"\" data-large_image_width=\"1600\" data-large_image_height=\"1200\"><img loading=\"lazy\" decoding=\"async\" class=\"size-medium wp-image-339861 alignright\" src=\"https:\/\/www.radiopiu.net\/wordpress\/wp-content\/uploads\/2023\/06\/4638f613-af50-4143-8976-7af7a68115c2-300x225.jpg\" alt=\"\" width=\"300\" height=\"225\" srcset=\"https:\/\/www.radiopiu.net\/wordpress\/wp-content\/uploads\/2023\/06\/4638f613-af50-4143-8976-7af7a68115c2-300x225.jpg 300w, https:\/\/www.radiopiu.net\/wordpress\/wp-content\/uploads\/2023\/06\/4638f613-af50-4143-8976-7af7a68115c2-1024x768.jpg 1024w, https:\/\/www.radiopiu.net\/wordpress\/wp-content\/uploads\/2023\/06\/4638f613-af50-4143-8976-7af7a68115c2-768x576.jpg 768w, https:\/\/www.radiopiu.net\/wordpress\/wp-content\/uploads\/2023\/06\/4638f613-af50-4143-8976-7af7a68115c2-1536x1152.jpg 1536w, https:\/\/www.radiopiu.net\/wordpress\/wp-content\/uploads\/2023\/06\/4638f613-af50-4143-8976-7af7a68115c2.jpg 1600w\" sizes=\"auto, (max-width: 300px) 100vw, 300px\" \/><\/a>Repubblica di Belluno, con l&#8217;accusa di detenzione ai fini di spaccio di sostanze stupefacenti.<\/p>\n<div class=\"flex-1 overflow-hidden\">\n<div class=\"react-scroll-to-bottom--css-dqhja-79elbk h-full dark:bg-gray-800\">\n<div class=\"react-scroll-to-bottom--css-dqhja-1n7m0yu\">\n<div class=\"flex flex-col text-sm dark:bg-gray-800\">\n<div class=\"group w-full text-gray-800 dark:text-gray-100 border-b border-black\/10 dark:border-gray-900\/50 bg-gray-50 dark:bg-[#444654]\">\n<div class=\"flex p-4 gap-4 text-base md:gap-6 md:max-w-2xl lg:max-w-[38rem] xl:max-w-3xl md:py-6 lg:px-0 m-auto\">\n<div class=\"relative flex w-[calc(100%-50px)] flex-col gap-1 md:gap-3 lg:w-[calc(100%-115px)]\">\n<div class=\"flex justify-between lg:block\">\n<div class=\"text-xs flex items-center justify-center gap-1 self-center pt-2 !invisible\"><\/div>\n<\/div>\n<\/div>\n<\/div>\n<\/div>\n<\/div>\n<\/div>\n<\/div>\n<\/div>\n<div class=\"absolute bottom-0 left-0 w-full border-t md:border-t-0 dark:border-white\/20 md:border-transparent md:dark:border-transparent md:bg-vert-light-gradient bg-white dark:bg-gray-800 md:!bg-transparent dark:md:bg-vert-dark-gradient pt-2 md:-left-2\">\n<form class=\"stretch mx-2 flex flex-row gap-3 last:mb-2 md:mx-4 md:last:mb-6 lg:mx-auto lg:max-w-2xl xl:max-w-3xl\">\n<div class=\"relative flex h-full flex-1 items-stretch md:flex-col\" role=\"presentation\">\n<div class=\"\">\n<div class=\"h-full flex ml-1 md:w-full md:m-auto md:mb-2 gap-0 md:gap-2 justify-center\">\n<div class=\"flex w-full gap-2 items-center justify-center\"><\/div>\n<\/div>\n<\/div>\n<\/div>\n<\/form>\n<\/div>\n<p align=\"JUSTIFY\"><span style=\"font-family: Times New Roman, serif;\"><span style=\"font-size: large;\">\u201c<\/span><\/span><span style=\"font-family: Times New Roman, serif;\"><span style=\"font-size: large;\"><i>Il rapporto di fiducia e collaborazione tra i cittadini e i loro Carabinieri<\/i><\/span><\/span><span style=\"font-family: Times New Roman, serif;\"><span style=\"font-size: large;\"> \u2013 ha commentato il Colonnello Pigozzo, Comandante Provinciale dell\u2019Arma \u2013 <\/span><\/span><span style=\"font-family: Times New Roman, serif;\"><span style=\"font-size: large;\"><i>porta a risultati importanti, a salvaguardia del territorio. Continueremo a lavorare in questa direzione, consapevoli che in questa azione siamo affiancati dalla grande sensibilit\u00e0 della Procura di Belluno<\/i><\/span><\/span><span style=\"font-family: Times New Roman, serif;\"><span style=\"font-size: large;\">\u201d. La lotta allo spaccio di stupefacenti \u00e8 una priorit\u00e0 istituzionale dell\u2019Arma, non solo perch\u00e9 si tratta di azioni di contrasto alla criminalit\u00e0 che governa questo mercato, ma soprattutto per gli effetti assolutamente negativi che le droghe hanno sugli assuntori, spesso molto giovani, e che talora hanno conseguenze anche mortali.<\/span><\/span><\/p>\n<p align=\"JUSTIFY\">\n<p align=\"JUSTIFY\">\n<p align=\"JUSTIFY\">\n<hr \/>\n<p align=\"JUSTIFY\">\n","protected":false},"excerpt":{"rendered":"<p>ARRESTATO UN ITALIANO, SEQUESTRATO STUPEFACENTE E DENARO CORTINA Durante un controllo nel parco, i Carabinieri hanno fermato una persona trovata in possesso di sostanza stupefacente. Successivamente, \u00e8 stata eseguita una perquisizione presso la sua abitazione, dove sono state trovate cospicue somme di denaro in contanti (circa 6500 euro) e materiale per il confezionamento di droga.&hellip;<\/p>\n","protected":false},"author":4,"featured_media":339862,"comment_status":"closed","ping_status":"closed","sticky":false,"template":"","format":"standard","meta":{"_monsterinsights_skip_tracking":false,"_monsterinsights_sitenote_active":false,"_monsterinsights_sitenote_note":"","_monsterinsights_sitenote_category":0,"footnotes":""},"categories":[51,49],"tags":[],"class_list":["post-339860","post","type-post","status-publish","format-standard","has-post-thumbnail","hentry","category-evidenza-top","category-news-18","category-51","category-49","description-off"],"img_url":"https:\/\/www.radiopiu.net\/wordpress\/wp-content\/uploads\/2023\/06\/abb09495-3fca-4f09-9e76-b912af62c23b.jpg","_links":{"self":[{"href":"https:\/\/www.radiopiu.net\/wordpress\/wp-json\/wp\/v2\/posts\/339860","targetHints":{"allow":["GET"]}}],"collection":[{"href":"https:\/\/www.radiopiu.net\/wordpress\/wp-json\/wp\/v2\/posts"}],"about":[{"href":"https:\/\/www.radiopiu.net\/wordpress\/wp-json\/wp\/v2\/types\/post"}],"author":[{"embeddable":true,"href":"https:\/\/www.radiopiu.net\/wordpress\/wp-json\/wp\/v2\/users\/4"}],"replies":[{"embeddable":true,"href":"https:\/\/www.radiopiu.net\/wordpress\/wp-json\/wp\/v2\/comments?post=339860"}],"version-history":[{"count":0,"href":"https:\/\/www.radiopiu.net\/wordpress\/wp-json\/wp\/v2\/posts\/339860\/revisions"}],"wp:featuredmedia":[{"embeddable":true,"href":"https:\/\/www.radiopiu.net\/wordpress\/wp-json\/wp\/v2\/media\/339862"}],"wp:attachment":[{"href":"https:\/\/www.radiopiu.net\/wordpress\/wp-json\/wp\/v2\/media?parent=339860"}],"wp:term":[{"taxonomy":"category","embeddable":true,"href":"https:\/\/www.radiopiu.net\/wordpress\/wp-json\/wp\/v2\/categories?post=339860"},{"taxonomy":"post_tag","embeddable":true,"href":"https:\/\/www.radiopiu.net\/wordpress\/wp-json\/wp\/v2\/tags?post=339860"}],"curies":[{"name":"wp","href":"https:\/\/api.w.org\/{rel}","templated":true}]}}