{"id":339955,"date":"2023-06-13T05:21:58","date_gmt":"2023-06-13T03:21:58","guid":{"rendered":"https:\/\/www.radiopiu.net\/wordpress\/?p=339955"},"modified":"2023-06-13T05:32:37","modified_gmt":"2023-06-13T03:32:37","slug":"lieve-scossa-di-terremoto-a-cortina","status":"publish","type":"post","link":"https:\/\/www.radiopiu.net\/wordpress\/lieve-scossa-di-terremoto-a-cortina\/","title":{"rendered":"LIEVE SCOSSA DI TERREMOTO A CORTINA"},"content":{"rendered":"<p><strong>REDAZIONE<\/strong> Erano le 21:18 quando si \u00e8 registrata una lieve scossa di terremoto a Cortina, pi\u00f9 precisamente nei pressi del Monte Cristallo. Un movimento di 1.7 sulla scala Richter ad una profondit\u00e0 di 10 km.<\/p>\n<p><a class=\"dt-pswp-item\" href=\"https:\/\/www.radiopiu.net\/wordpress\/wp-content\/uploads\/2023\/06\/SCR-20230612-swlr.png\" data-dt-img-description=\"\" data-large_image_width=\"1042\" data-large_image_height=\"990\"><img loading=\"lazy\" decoding=\"async\" class=\"alignnone size-medium wp-image-339956\" src=\"https:\/\/www.radiopiu.net\/wordpress\/wp-content\/uploads\/2023\/06\/SCR-20230612-swlr-300x285.png\" alt=\"\" width=\"300\" height=\"285\" srcset=\"https:\/\/www.radiopiu.net\/wordpress\/wp-content\/uploads\/2023\/06\/SCR-20230612-swlr-300x285.png 300w, https:\/\/www.radiopiu.net\/wordpress\/wp-content\/uploads\/2023\/06\/SCR-20230612-swlr-1024x973.png 1024w, https:\/\/www.radiopiu.net\/wordpress\/wp-content\/uploads\/2023\/06\/SCR-20230612-swlr-768x730.png 768w, https:\/\/www.radiopiu.net\/wordpress\/wp-content\/uploads\/2023\/06\/SCR-20230612-swlr.png 1042w\" sizes=\"auto, (max-width: 300px) 100vw, 300px\" \/><\/a><\/p>\n<p>&nbsp;<\/p>\n<p>&nbsp;<\/p>\n<p>*******<\/p>\n","protected":false},"excerpt":{"rendered":"<p>REDAZIONE Erano le 21:18 quando si \u00e8 registrata una lieve scossa di terremoto a Cortina, pi\u00f9 precisamente nei pressi del Monte Cristallo. Un movimento di 1.7 sulla scala Richter ad una profondit\u00e0 di 10 km. &nbsp; &nbsp; *******<\/p>\n","protected":false},"author":4,"featured_media":124960,"comment_status":"closed","ping_status":"closed","sticky":false,"template":"","format":"standard","meta":{"_monsterinsights_skip_tracking":false,"_monsterinsights_sitenote_active":false,"_monsterinsights_sitenote_note":"","_monsterinsights_sitenote_category":0,"footnotes":""},"categories":[51,49],"tags":[],"class_list":["post-339955","post","type-post","status-publish","format-standard","has-post-thumbnail","hentry","category-evidenza-top","category-news-18","category-51","category-49","description-off"],"img_url":"https:\/\/www.radiopiu.net\/wordpress\/wp-content\/uploads\/2020\/03\/download-44.jpg","_links":{"self":[{"href":"https:\/\/www.radiopiu.net\/wordpress\/wp-json\/wp\/v2\/posts\/339955","targetHints":{"allow":["GET"]}}],"collection":[{"href":"https:\/\/www.radiopiu.net\/wordpress\/wp-json\/wp\/v2\/posts"}],"about":[{"href":"https:\/\/www.radiopiu.net\/wordpress\/wp-json\/wp\/v2\/types\/post"}],"author":[{"embeddable":true,"href":"https:\/\/www.radiopiu.net\/wordpress\/wp-json\/wp\/v2\/users\/4"}],"replies":[{"embeddable":true,"href":"https:\/\/www.radiopiu.net\/wordpress\/wp-json\/wp\/v2\/comments?post=339955"}],"version-history":[{"count":0,"href":"https:\/\/www.radiopiu.net\/wordpress\/wp-json\/wp\/v2\/posts\/339955\/revisions"}],"wp:featuredmedia":[{"embeddable":true,"href":"https:\/\/www.radiopiu.net\/wordpress\/wp-json\/wp\/v2\/media\/124960"}],"wp:attachment":[{"href":"https:\/\/www.radiopiu.net\/wordpress\/wp-json\/wp\/v2\/media?parent=339955"}],"wp:term":[{"taxonomy":"category","embeddable":true,"href":"https:\/\/www.radiopiu.net\/wordpress\/wp-json\/wp\/v2\/categories?post=339955"},{"taxonomy":"post_tag","embeddable":true,"href":"https:\/\/www.radiopiu.net\/wordpress\/wp-json\/wp\/v2\/tags?post=339955"}],"curies":[{"name":"wp","href":"https:\/\/api.w.org\/{rel}","templated":true}]}}