{"id":339974,"date":"2023-06-14T05:36:54","date_gmt":"2023-06-14T03:36:54","guid":{"rendered":"https:\/\/www.radiopiu.net\/wordpress\/?p=339974"},"modified":"2023-06-14T08:57:24","modified_gmt":"2023-06-14T06:57:24","slug":"giornale-radiopiu-14-giugno-2023-direttore-mirko-mezzacasaverso-i-40-anni-25-giugno-1983-25-giugno-2023","status":"publish","type":"post","link":"https:\/\/www.radiopiu.net\/wordpress\/giornale-radiopiu-14-giugno-2023-direttore-mirko-mezzacasaverso-i-40-anni-25-giugno-1983-25-giugno-2023\/","title":{"rendered":"GIORNALE RADIOPIU 14 GIUGNO 2023 DIRETTORE MIRKO MEZZACASA\u2026VERSO I 40 ANNI 25 GIUGNO 1983-25 GIUGNO 2023"},"content":{"rendered":"<h2 style=\"text-align: left;\"><span style=\"font-size: 14px; font-weight: normal;\">\u00a0<\/span><\/h2>\n<div class=\"page-title-head hgroup\">\n<h2 style=\"text-align: left;\"><span style=\"color: #ff0000;\"><span style=\"vertical-align: inherit;\"><a class=\"dt-pswp-item\" href=\"https:\/\/www.radiopiu.net\/wordpress\/wp-content\/uploads\/2023\/04\/e0aad41d-951e-47b9-9fae-1a879a9bcb7e-1.jpg\" data-dt-img-description=\"\" data-large_image_width=\"1200\" data-large_image_height=\"1200\"><img loading=\"lazy\" decoding=\"async\" class=\"wp-image-333205 alignleft\" src=\"https:\/\/www.radiopiu.net\/wordpress\/wp-content\/uploads\/2023\/04\/e0aad41d-951e-47b9-9fae-1a879a9bcb7e-1-300x300.jpg\" alt=\"\" width=\"110\" height=\"110\" srcset=\"https:\/\/www.radiopiu.net\/wordpress\/wp-content\/uploads\/2023\/04\/e0aad41d-951e-47b9-9fae-1a879a9bcb7e-1-300x300.jpg 300w, https:\/\/www.radiopiu.net\/wordpress\/wp-content\/uploads\/2023\/04\/e0aad41d-951e-47b9-9fae-1a879a9bcb7e-1-1024x1024.jpg 1024w, https:\/\/www.radiopiu.net\/wordpress\/wp-content\/uploads\/2023\/04\/e0aad41d-951e-47b9-9fae-1a879a9bcb7e-1-150x150.jpg 150w, https:\/\/www.radiopiu.net\/wordpress\/wp-content\/uploads\/2023\/04\/e0aad41d-951e-47b9-9fae-1a879a9bcb7e-1-768x768.jpg 768w, https:\/\/www.radiopiu.net\/wordpress\/wp-content\/uploads\/2023\/04\/e0aad41d-951e-47b9-9fae-1a879a9bcb7e-1.jpg 1200w\" sizes=\"auto, (max-width: 110px) 100vw, 110px\" \/><\/a><\/span><\/span><\/h2>\n<h1 class=\"entry-title\">40esimo di RADIOPIU\u2026. LA VOCE DELL\u2019EMOZIONE<\/h1>\n<\/div>\n<p>&nbsp;<\/p>\n<p>&nbsp;<\/p>\n<p>&nbsp;<\/p>\n<p>&nbsp;<\/p>\n\n\t\t\t<style type='text\/css'>\n\t\t\t\t#gallery-1 {\n\t\t\t\t\tmargin: auto;\n\t\t\t\t}\n\t\t\t\t#gallery-1 .gallery-item {\n\t\t\t\t\tfloat: left;\n\t\t\t\t\tmargin-top: 10px;\n\t\t\t\t\ttext-align: center;\n\t\t\t\t\twidth: 50%;\n\t\t\t\t}\n\t\t\t\t#gallery-1 img {\n\t\t\t\t\tborder: 2px solid #cfcfcf;\n\t\t\t\t}\n\t\t\t\t#gallery-1 .gallery-caption {\n\t\t\t\t\tmargin-left: 0;\n\t\t\t\t}\n\t\t\t\t\/* see gallery_shortcode() in wp-includes\/media.php *\/\n\t\t\t<\/style>\n\t\t<div id='gallery-1' class='dt-gallery-container gallery galleryid-339974 gallery-columns-2 gallery-size-medium'><dl class='gallery-item'>\n\t\t\t\t<dt class='gallery-icon landscape'>\n\t\t\t\t\t<a class=\"rollover rollover-zoom dt-pswp-item\" title=\"mostra-radio-q\" data-dt-img-description=\"\" data-large_image_width=\"874\" data-large_image_height=\"874\"href='https:\/\/www.radiopiu.net\/wordpress\/wp-content\/uploads\/2023\/06\/mostra-radio-q-1.jpg'><img loading=\"lazy\" decoding=\"async\" width=\"300\" height=\"300\" src=\"https:\/\/www.radiopiu.net\/wordpress\/wp-content\/uploads\/2023\/06\/mostra-radio-q-1-300x300.jpg\" class=\"attachment-medium size-medium\" alt=\"\" srcset=\"https:\/\/www.radiopiu.net\/wordpress\/wp-content\/uploads\/2023\/06\/mostra-radio-q-1-300x300.jpg 300w, https:\/\/www.radiopiu.net\/wordpress\/wp-content\/uploads\/2023\/06\/mostra-radio-q-1-150x150.jpg 150w, https:\/\/www.radiopiu.net\/wordpress\/wp-content\/uploads\/2023\/06\/mostra-radio-q-1-768x768.jpg 768w, https:\/\/www.radiopiu.net\/wordpress\/wp-content\/uploads\/2023\/06\/mostra-radio-q-1.jpg 874w\" sizes=\"auto, (max-width: 300px) 100vw, 300px\" \/><\/a>\n\t\t\t\t<\/dt><\/dl><dl class='gallery-item'>\n\t\t\t\t<dt class='gallery-icon landscape'>\n\t\t\t\t\t<a class=\"rollover rollover-zoom dt-pswp-item\" title=\"sagra-per\" data-dt-img-description=\"\" data-large_image_width=\"1200\" data-large_image_height=\"1200\"href='https:\/\/www.radiopiu.net\/wordpress\/wp-content\/uploads\/2023\/06\/sagra-per.jpg'><img loading=\"lazy\" decoding=\"async\" width=\"300\" height=\"300\" src=\"https:\/\/www.radiopiu.net\/wordpress\/wp-content\/uploads\/2023\/06\/sagra-per-300x300.jpg\" class=\"attachment-medium size-medium\" alt=\"\" srcset=\"https:\/\/www.radiopiu.net\/wordpress\/wp-content\/uploads\/2023\/06\/sagra-per-300x300.jpg 300w, https:\/\/www.radiopiu.net\/wordpress\/wp-content\/uploads\/2023\/06\/sagra-per-1024x1024.jpg 1024w, https:\/\/www.radiopiu.net\/wordpress\/wp-content\/uploads\/2023\/06\/sagra-per-150x150.jpg 150w, https:\/\/www.radiopiu.net\/wordpress\/wp-content\/uploads\/2023\/06\/sagra-per-768x768.jpg 768w, https:\/\/www.radiopiu.net\/wordpress\/wp-content\/uploads\/2023\/06\/sagra-per.jpg 1200w\" sizes=\"auto, (max-width: 300px) 100vw, 300px\" \/><\/a>\n\t\t\t\t<\/dt><\/dl><br style=\"clear: both\" \/>\n\t\t\t<\/div>\n\n<p>&nbsp;<\/p>\n<p>&nbsp;<\/p>\n<hr \/>\n<p>&nbsp;<\/p>\n<h2 style=\"text-align: left;\"><span style=\"color: #ff0000;\"><span style=\"vertical-align: inherit;\">ISCRIVITI AL NOSTRO CANALE\u00a0 <\/span><\/span><span style=\"vertical-align: inherit;\"> YOUTUBE PER SEGUIRE IN DIRETTA I PRINCIPALI PROGRAMMI DI RADIO PIU&#8217; E LE FUTURE DIRETTE IN ESTERNA. PER ISCRIVERTI <\/span><a style=\"color: #ff0000;\" href=\"https:\/\/youtube.com\/@radiopiu1527\"><span style=\"vertical-align: inherit;\">CLICCA QUI <\/span><\/a><span style=\"color: #ff0000; font-size: 14px; font-weight: normal;\"><span style=\"vertical-align: inherit;\">E PREMI\u00a0 &#8220;Iscriviti&#8221;\u00a0 \u00a0<\/span><\/span><\/h2>\n<p>&nbsp;<\/p>\n<p>&nbsp;<\/p>\n<hr \/>\n<p>&nbsp;<\/p>\n<blockquote>\n<h2>CHIUDE LA PRINCIPALE PER IL DURAN, DEVIAZIONI IN LOCO<\/h2>\n<\/blockquote>\n<p><strong>SP347 DEL DURAN E CEREDA:<\/strong> localit\u00e0 Lantrago La Valle. <span style=\"color: #ff0000;\">Fino\u00a0al 13 luglio<\/span> chiusura totale al traffico della strada per il Passo Duran per lavori di allargamento del Ponte Lantrago e sistemazione della carreggiata. percorso alternativo consigliato: CROSTOLIN-GAIDON\u00a0 strada comunale interdetta al transito dei veicoli con larghezza superiore ai 2 metri e 40 centimetri.<\/p>\n<p>&nbsp;<\/p>\n<hr \/>\n<p>&nbsp;<\/p>\n<blockquote>\n<h3>SAVINER-DIGONERA: LE CHIUSURE<\/h3>\n<\/blockquote>\n<p>Veneto strade comunica che la SP 563 di Salesei sar\u00e0 interessata da un&#8217;interdizione totale alla circolazione in localit\u00e0 Digonera nel comune di Rocca Pietore. Dal 19 al 23 giugno la strada sar\u00e0 chiusa dalle 7:30 alle 18, negli altri orari istituzione di un senso unico alternato regolato da semaforo e limite di velocit\u00e0 a 30 km\/h. Dal 23 giugno al 28 luglio la strada sar\u00e0 di nuovo interdetta al traffico dalle 8 del luned\u00ec alle 18 di venerd\u00ec e nel fine settimana istituzione di un senso unico alternato regolato da semaforo e limite di velocit\u00e0 a 30 km\/h.<\/p>\n<p>&nbsp;<\/p>\n<hr \/>\n<p>&nbsp;<\/p>\n<blockquote>\n<h3>DOMANI CANACEDE SENZ&#8217;ACQUA<\/h3>\n<\/blockquote>\n<p><strong>SAN TOMASO<\/strong> Gestione Servizi Pubblici informa che, per lavori alla rete idrica comunale, domani dalle 10 a fine lavori verr\u00e0 sospesa l\u2019erogazione dell\u2019acqua\u00a0 in localit\u00e0 Canacede.<\/p>\n<p>&nbsp;<\/p>\n<p>&nbsp;<\/p>\n<hr \/>\n<p>&nbsp;<\/p>\n<blockquote>\n<h3 class=\"entry-title\">ADDIO FLAVIA, OSPITE ILLUSTRE DI PASSO CAMPOLONGO<\/h3>\n<\/blockquote>\n<p>\u201cEsprimo il mio personale cordoglio e della redazione\u00a0 a Romano Prodi, per la scomparsa odierna della moglie, la signora Flavia Franzoni. Il pensiero va anche ai figli, a tutti i familiari ed agli amici, in questa triste circostanza.<\/p>\n<p>Di Flavia Franzoni abbiamo un bel ricordo, le tante vacanze di Natale nel territorio Fodom, spesso in chiesa per le funzioni religiose, sempre pronta per un sorriso e un saluto. Nel 2007 accompagno&#8217; Prodi al Campolongo, era Presidente del Consiglio dei Ministri.<br \/>\n<strong>I NOSTRI RICORDI<\/strong><\/p>\n\n\t\t\t<style type='text\/css'>\n\t\t\t\t#gallery-2 {\n\t\t\t\t\tmargin: auto;\n\t\t\t\t}\n\t\t\t\t#gallery-2 .gallery-item {\n\t\t\t\t\tfloat: left;\n\t\t\t\t\tmargin-top: 10px;\n\t\t\t\t\ttext-align: center;\n\t\t\t\t\twidth: 33%;\n\t\t\t\t}\n\t\t\t\t#gallery-2 img {\n\t\t\t\t\tborder: 2px solid #cfcfcf;\n\t\t\t\t}\n\t\t\t\t#gallery-2 .gallery-caption {\n\t\t\t\t\tmargin-left: 0;\n\t\t\t\t}\n\t\t\t\t\/* see gallery_shortcode() in wp-includes\/media.php *\/\n\t\t\t<\/style>\n\t\t<div id='gallery-2' class='dt-gallery-container gallery galleryid-339974 gallery-columns-3 gallery-size-thumbnail'><dl class='gallery-item'>\n\t\t\t\t<dt class='gallery-icon landscape'>\n\t\t\t\t\t<a class=\"rollover rollover-zoom dt-pswp-item\" title=\"KONICA MINOLTA DIGITAL CAMERA\" data-dt-img-description=\"\" data-large_image_width=\"1600\" data-large_image_height=\"1200\"href='https:\/\/www.radiopiu.net\/wordpress\/wp-content\/uploads\/2023\/06\/PICT6317.jpg'><img loading=\"lazy\" decoding=\"async\" width=\"150\" height=\"150\" src=\"https:\/\/www.radiopiu.net\/wordpress\/wp-content\/uploads\/2023\/06\/PICT6317-150x150.jpg\" class=\"attachment-thumbnail size-thumbnail\" alt=\"\" \/><\/a>\n\t\t\t\t<\/dt><\/dl><dl class='gallery-item'>\n\t\t\t\t<dt class='gallery-icon landscape'>\n\t\t\t\t\t<a class=\"rollover rollover-zoom dt-pswp-item\" title=\"KONICA MINOLTA DIGITAL CAMERA\" data-dt-img-description=\"\" data-large_image_width=\"1600\" data-large_image_height=\"1200\"href='https:\/\/www.radiopiu.net\/wordpress\/wp-content\/uploads\/2023\/06\/PICT6488.jpg'><img loading=\"lazy\" decoding=\"async\" width=\"150\" height=\"150\" src=\"https:\/\/www.radiopiu.net\/wordpress\/wp-content\/uploads\/2023\/06\/PICT6488-150x150.jpg\" class=\"attachment-thumbnail size-thumbnail\" alt=\"\" \/><\/a>\n\t\t\t\t<\/dt><\/dl><dl class='gallery-item'>\n\t\t\t\t<dt class='gallery-icon landscape'>\n\t\t\t\t\t<a class=\"rollover rollover-zoom dt-pswp-item\" title=\"KONICA MINOLTA DIGITAL CAMERA\" data-dt-img-description=\"\" data-large_image_width=\"1600\" data-large_image_height=\"1200\"href='https:\/\/www.radiopiu.net\/wordpress\/wp-content\/uploads\/2023\/06\/PICT6492.jpg'><img loading=\"lazy\" decoding=\"async\" width=\"150\" height=\"150\" src=\"https:\/\/www.radiopiu.net\/wordpress\/wp-content\/uploads\/2023\/06\/PICT6492-150x150.jpg\" class=\"attachment-thumbnail size-thumbnail\" alt=\"\" \/><\/a>\n\t\t\t\t<\/dt><\/dl><br style=\"clear: both\" \/><dl class='gallery-item'>\n\t\t\t\t<dt class='gallery-icon landscape'>\n\t\t\t\t\t<a class=\"rollover rollover-zoom dt-pswp-item\" title=\"KONICA MINOLTA DIGITAL CAMERA\" data-dt-img-description=\"\" data-large_image_width=\"1600\" data-large_image_height=\"1200\"href='https:\/\/www.radiopiu.net\/wordpress\/wp-content\/uploads\/2023\/06\/PICT6505.jpg'><img loading=\"lazy\" decoding=\"async\" width=\"150\" height=\"150\" src=\"https:\/\/www.radiopiu.net\/wordpress\/wp-content\/uploads\/2023\/06\/PICT6505-150x150.jpg\" class=\"attachment-thumbnail size-thumbnail\" alt=\"\" \/><\/a>\n\t\t\t\t<\/dt><\/dl><dl class='gallery-item'>\n\t\t\t\t<dt class='gallery-icon landscape'>\n\t\t\t\t\t<a class=\"rollover rollover-zoom dt-pswp-item\" title=\"KONICA MINOLTA DIGITAL CAMERA\" data-dt-img-description=\"\" data-large_image_width=\"1600\" data-large_image_height=\"1200\"href='https:\/\/www.radiopiu.net\/wordpress\/wp-content\/uploads\/2023\/06\/PICT6391.jpg'><img loading=\"lazy\" decoding=\"async\" width=\"150\" height=\"150\" src=\"https:\/\/www.radiopiu.net\/wordpress\/wp-content\/uploads\/2023\/06\/PICT6391-150x150.jpg\" class=\"attachment-thumbnail size-thumbnail\" alt=\"\" \/><\/a>\n\t\t\t\t<\/dt><\/dl>\n\t\t\t\t<br style='clear: both' \/>\n\t\t\t<\/div>\n\n<p>&nbsp;<\/p>\n<hr \/>\n<p>&nbsp;<\/p>\n<blockquote>\n<h3>Cordoglio per la scomparsa dell&#8217;architetto Ferruccio Franzoia.<\/h3>\n<\/blockquote>\n<p style=\"text-align: left;\"><strong><a class=\"dt-pswp-item\" href=\"https:\/\/www.radiopiu.net\/wordpress\/wp-content\/uploads\/2023\/06\/Senza-nome-28.png\" data-dt-img-description=\"\" data-large_image_width=\"202\" data-large_image_height=\"168\"><img loading=\"lazy\" decoding=\"async\" class=\"size-full wp-image-340052 alignleft\" src=\"https:\/\/www.radiopiu.net\/wordpress\/wp-content\/uploads\/2023\/06\/Senza-nome-28.png\" alt=\"\" width=\"202\" height=\"168\" \/><\/a>FELTRE<\/strong><em> \u201cLa scomparsa di Ferruccio Franzoia segna per la comunit\u00e0 feltrina tutta, ma non solo, la perdita di un uomo letteralmente innamorato della Bellezza e della sua citt\u00e0, nella quale come pochi ha\u00a0 saputo scovare ed esaltare il patrimonio artistico, archeologico e storico\u201d.<\/em> Cos\u00ec il sindaco di Feltre, Viviana Fusaro, esprime a nome personale e di tutta l&#8217;Amministrazione comunale il cordoglio per la morte dell&#8217;architetto Ferruccio Franzoia. <em>\u201cDell&#8217;architetto &#8211; ricorda il sindaco &#8211; Franzoia non possiamo non ricordare la grande passione personale e professionale, c<\/em><em>on lui la citt\u00e0 perde uno dei suoi concittadini pi\u00f9 illustri e rappresentativi, ma non la sua eredit\u00e0 di uomo di grande cultura contraddistinto da un innato amore per la propria citt\u00e0; citt\u00e0 che sapr\u00e0 certamente ricordarlo e onorarlo come merita\u201d.\u00a0<\/em><\/p>\n<blockquote><p>&nbsp;<\/p><\/blockquote>\n<hr \/>\n<p>&nbsp;<\/p>\n<blockquote>\n<h3><a class=\"dt-pswp-item\" href=\"https:\/\/www.radiopiu.net\/wordpress\/wp-content\/uploads\/2023\/06\/129367345_200009958323353_8987767487452145981_n.jpg\" data-dt-img-description=\"\" data-large_image_width=\"312\" data-large_image_height=\"313\"><img loading=\"lazy\" decoding=\"async\" class=\" wp-image-340147 alignleft\" src=\"https:\/\/www.radiopiu.net\/wordpress\/wp-content\/uploads\/2023\/06\/129367345_200009958323353_8987767487452145981_n-300x300.jpg\" alt=\"\" width=\"218\" height=\"218\" srcset=\"https:\/\/www.radiopiu.net\/wordpress\/wp-content\/uploads\/2023\/06\/129367345_200009958323353_8987767487452145981_n-300x300.jpg 300w, https:\/\/www.radiopiu.net\/wordpress\/wp-content\/uploads\/2023\/06\/129367345_200009958323353_8987767487452145981_n-150x150.jpg 150w, https:\/\/www.radiopiu.net\/wordpress\/wp-content\/uploads\/2023\/06\/129367345_200009958323353_8987767487452145981_n.jpg 312w\" sizes=\"auto, (max-width: 218px) 100vw, 218px\" \/><\/a>LUTTO IN COMELICO, L&#8217;ULTIMO RESPIRO NELL&#8217;AMBULATORIO IERI A MEZZOGIORNO<\/h3>\n<\/blockquote>\n<p>E&#8217;morto l&#8217;amato professore di ginnastica Alessandro De Rigo, classe 1952. Ieri si era recato dal medico per una visita, l&#8217;arresto cardiaco sulla soglia dell&#8217;ambulatorio. Nonostante gli istantanei soccorsi, con rianimazione cardiopolmonare Il &#8220;prof&#8221; di educazione fisica di tante generazioni non ce l&#8217;ha fatta.<\/p>\n<p>&nbsp;<\/p>\n<p>&nbsp;<\/p>\n<p>&nbsp;<\/p>\n<p>&nbsp;<\/p>\n<p>&nbsp;<\/p>\n<hr \/>\n<p>&nbsp;<\/p>\n<blockquote>\n<h3>INCENDIO A PONTE NELLE ALPI, NESSUN FERITO<\/h3>\n<\/blockquote>\n<p><strong>PONTE NELLE ALPI <\/strong>Ieri alle 13:30, i vigili del fuoco sono intervenuti in localit\u00e0 Paiane a Ponte nelle Alpi per l&#8217;incendio di un&#8217;autovettura. Fortunatamente, non si sono registrate persone ferite durante l&#8217;incidente. Un&#8217;unit\u00e0 dei pompieri proveniente da Belluno \u00e8 giunta tempestivamente sul posto e ha rapidamente iniziato le operazioni di spegnimento delle fiamme che avvolgevano completamente l&#8217;auto. Nonostante l&#8217;intervento immediato, l&#8217;autovettura \u00e8 stata completamente distrutta. Le cause dell&#8217;incendio sono ancora sconosciute, ma gli investigatori ritengono che possano essere di natura elettromeccanica. Una squadra specializzata \u00e8 stata incaricata di indagare sulle circostanze che hanno portato all&#8217;incendio. Le operazioni di soccorso sono state concluse dopo circa un&#8217;ora di lavoro intenso da parte dei vigili del fuoco. Nonostante i danni alla macchina, l&#8217;incidente si \u00e8 concluso fortunatamente senza feriti.<\/p>\n<div style=\"width: 848px;\" class=\"wp-video\"><video class=\"wp-video-shortcode\" id=\"video-339974-1\" width=\"848\" height=\"464\" preload=\"metadata\" controls=\"controls\"><source type=\"video\/mp4\" src=\"https:\/\/www.radiopiu.net\/wordpress\/wp-content\/uploads\/2023\/06\/WhatsApp-Video-2023-06-13-at-17.14.37.mp4?_=1\" \/><a href=\"https:\/\/www.radiopiu.net\/wordpress\/wp-content\/uploads\/2023\/06\/WhatsApp-Video-2023-06-13-at-17.14.37.mp4\">https:\/\/www.radiopiu.net\/wordpress\/wp-content\/uploads\/2023\/06\/WhatsApp-Video-2023-06-13-at-17.14.37.mp4<\/a><\/video><\/div>\n<p>&nbsp;<\/p>\n\n\t\t\t<style type='text\/css'>\n\t\t\t\t#gallery-3 {\n\t\t\t\t\tmargin: auto;\n\t\t\t\t}\n\t\t\t\t#gallery-3 .gallery-item {\n\t\t\t\t\tfloat: left;\n\t\t\t\t\tmargin-top: 10px;\n\t\t\t\t\ttext-align: center;\n\t\t\t\t\twidth: 33%;\n\t\t\t\t}\n\t\t\t\t#gallery-3 img {\n\t\t\t\t\tborder: 2px solid #cfcfcf;\n\t\t\t\t}\n\t\t\t\t#gallery-3 .gallery-caption {\n\t\t\t\t\tmargin-left: 0;\n\t\t\t\t}\n\t\t\t\t\/* see gallery_shortcode() in wp-includes\/media.php *\/\n\t\t\t<\/style>\n\t\t<div id='gallery-3' class='dt-gallery-container gallery galleryid-339974 gallery-columns-3 gallery-size-thumbnail'><dl class='gallery-item'>\n\t\t\t\t<dt class='gallery-icon landscape'>\n\t\t\t\t\t<a class=\"rollover rollover-zoom dt-pswp-item\" title=\"274e4474-82fc-4b7c-99d5-d38c0059ab86\" data-dt-img-description=\"\" data-large_image_width=\"1024\" data-large_image_height=\"728\"href='https:\/\/www.radiopiu.net\/wordpress\/wp-content\/uploads\/2023\/06\/274e4474-82fc-4b7c-99d5-d38c0059ab86.jpg'><img loading=\"lazy\" decoding=\"async\" width=\"150\" height=\"150\" src=\"https:\/\/www.radiopiu.net\/wordpress\/wp-content\/uploads\/2023\/06\/274e4474-82fc-4b7c-99d5-d38c0059ab86-150x150.jpg\" class=\"attachment-thumbnail size-thumbnail\" alt=\"\" \/><\/a>\n\t\t\t\t<\/dt><\/dl><dl class='gallery-item'>\n\t\t\t\t<dt class='gallery-icon landscape'>\n\t\t\t\t\t<a class=\"rollover rollover-zoom dt-pswp-item\" title=\"eb497923-4a5a-4811-911c-5b1f14cbdbe7\" data-dt-img-description=\"\" data-large_image_width=\"960\" data-large_image_height=\"662\"href='https:\/\/www.radiopiu.net\/wordpress\/wp-content\/uploads\/2023\/06\/eb497923-4a5a-4811-911c-5b1f14cbdbe7.jpg'><img loading=\"lazy\" decoding=\"async\" width=\"150\" height=\"150\" src=\"https:\/\/www.radiopiu.net\/wordpress\/wp-content\/uploads\/2023\/06\/eb497923-4a5a-4811-911c-5b1f14cbdbe7-150x150.jpg\" class=\"attachment-thumbnail size-thumbnail\" alt=\"\" \/><\/a>\n\t\t\t\t<\/dt><\/dl><dl class='gallery-item'>\n\t\t\t\t<dt class='gallery-icon landscape'>\n\t\t\t\t\t<a class=\"rollover rollover-zoom dt-pswp-item\" title=\"2d9da7f1-560f-4209-9cd6-6d72fea68523\" data-dt-img-description=\"\" data-large_image_width=\"404\" data-large_image_height=\"264\"href='https:\/\/www.radiopiu.net\/wordpress\/wp-content\/uploads\/2023\/06\/2d9da7f1-560f-4209-9cd6-6d72fea68523.jpg'><img loading=\"lazy\" decoding=\"async\" width=\"150\" height=\"150\" src=\"https:\/\/www.radiopiu.net\/wordpress\/wp-content\/uploads\/2023\/06\/2d9da7f1-560f-4209-9cd6-6d72fea68523-150x150.jpg\" class=\"attachment-thumbnail size-thumbnail\" alt=\"\" \/><\/a>\n\t\t\t\t<\/dt><\/dl><br style=\"clear: both\" \/>\n\t\t\t<\/div>\n\n<p>&nbsp;<\/p>\n<p>&nbsp;<\/p>\n<p>&nbsp;<\/p>\n<hr \/>\n<p>&nbsp;<\/p>\n<blockquote>\n<h3><a class=\"dt-pswp-item\" href=\"https:\/\/www.radiopiu.net\/wordpress\/wp-content\/uploads\/2023\/06\/25fbf67d-cac9-4e0c-b296-73bd3077c611.jpg\" data-dt-img-description=\"\" data-large_image_width=\"2048\" data-large_image_height=\"1536\"><img loading=\"lazy\" decoding=\"async\" class=\" wp-image-339947 alignleft\" src=\"https:\/\/www.radiopiu.net\/wordpress\/wp-content\/uploads\/2023\/06\/25fbf67d-cac9-4e0c-b296-73bd3077c611-300x225.jpg\" alt=\"\" width=\"261\" height=\"196\" srcset=\"https:\/\/www.radiopiu.net\/wordpress\/wp-content\/uploads\/2023\/06\/25fbf67d-cac9-4e0c-b296-73bd3077c611-300x225.jpg 300w, https:\/\/www.radiopiu.net\/wordpress\/wp-content\/uploads\/2023\/06\/25fbf67d-cac9-4e0c-b296-73bd3077c611-1024x768.jpg 1024w, https:\/\/www.radiopiu.net\/wordpress\/wp-content\/uploads\/2023\/06\/25fbf67d-cac9-4e0c-b296-73bd3077c611-768x576.jpg 768w, https:\/\/www.radiopiu.net\/wordpress\/wp-content\/uploads\/2023\/06\/25fbf67d-cac9-4e0c-b296-73bd3077c611-1536x1152.jpg 1536w, https:\/\/www.radiopiu.net\/wordpress\/wp-content\/uploads\/2023\/06\/25fbf67d-cac9-4e0c-b296-73bd3077c611.jpg 2048w\" sizes=\"auto, (max-width: 261px) 100vw, 261px\" \/><\/a>BOTTO ALL&#8217;ECORAV: VENERDI SCIOPERO<\/h3>\n<\/blockquote>\n<p><strong>LONGARONE<\/strong> Venerd\u00ec con due ore di presidio\u00a0 in Ecorav,\u00a0 per inviare un segnale alla propriet\u00e0 e alla comunit\u00e0, affinch\u00e9 non si sottovalutino gli incidenti sul lavoro. Durante l&#8217;assemblea, \u00e8 stato comunicato il messaggio di Cristian Sacchet, l&#8217;operaio coinvolto nell&#8217;esplosione avvenuta nello stabilimento.\u00a0 L&#8217;esplosione \u00e8 stata causata da una reazione chimica nel filtro della linea di trattamento delle taniche di acqua ossigenata scaduta. Le indagini sono in corso e un perito sar\u00e0 incaricato di analizzare l&#8217;accaduto.\u00a0 Gli operai chiedono un maggiore investimento nella formazione e nella sicurezza sul lavoro, andando oltre il mero rispetto delle norme e sanzionando i datori di lavoro che non le rispettano. Si \u00e8 anche evidenziata la necessit\u00e0 di migliorare la sicurezza in generale, anche attraverso una migliore organizzazione del lavoro e manutenzione dei macchinari.<\/p>\n<p>&nbsp;<\/p>\n<p>&nbsp;<\/p>\n<hr \/>\n<p>&nbsp;<\/p>\n<blockquote>\n<h3>PICCHIATO SUL POSTO DI LAVORO, I CARABINIERI INDAGANO<\/h3>\n<\/blockquote>\n<p><strong>AGORDO<\/strong> Al centro commerciale La Corte Agordina di via Insurrezione, il gestore del Bar\u00a0 \u00e8 stato picchiato da un inquilino dello stabile di via Insurrezione. Per questo\u00a0 ha lasciato un foglio sulla saracinesca metallica del locale, scritto con la sua calligrafia, che spiega la chiusura del locale a causa di problemi personali. Le indagini dei carabinieri sono appena all&#8217;inizio, ma sembra che la lite abbia avuto origini condominiali. Non sono state ancora fornite ulteriori motivazioni per l&#8217;aggressione. \u00c8 stata presentata una denuncia querela per lesioni. I carabinieri hanno identificato il presunto colpevole e stanno acquisendo le registrazioni delle telecamere di sorveglianza per confermare l&#8217;identit\u00e0 dell&#8217;aggressore. Gli inquirenti stanno anche cercando testimoni per ricostruire l&#8217;accaduto e ottenere ulteriori informazioni sulla persona coinvolta.<\/p>\n<p>&nbsp;<\/p>\n<p><strong>IN SEGUITO ALLA PUBBLICAZIONE DELL&#8217;ARTICOLO SOPRA RIPORTATO, RICEVIAMO E VOLENTIERI PUBBLICHIAMO\u00a0<\/strong><\/p>\n<p>Con riferimento all&#8217;articolo pubblicato questa mattina per l&#8217;aggressione ad Agordo avvenuta al locale del Centro commerciale della Coop. Non concordo per l&#8217;errata narrazione del fatto (titolo, persona lesa, reali motivazioni ed effettivi accadimenti). Vi chiedo se sono stati letti i verbali rilasciati alle forze dell&#8217;ordine e i referti del Pronto Soccorso, e sentite tutte e due le campane, prima di sbandierare a tutti il Vostri lettori le sentenze che dovrebbero essere emesse da un Giudice che ne ha le effettive competenze.<\/p>\n<p><em>Cordiali saluti<\/em><\/p>\n\n\t\t\t<style type='text\/css'>\n\t\t\t\t#gallery-4 {\n\t\t\t\t\tmargin: auto;\n\t\t\t\t}\n\t\t\t\t#gallery-4 .gallery-item {\n\t\t\t\t\tfloat: left;\n\t\t\t\t\tmargin-top: 10px;\n\t\t\t\t\ttext-align: center;\n\t\t\t\t\twidth: 25%;\n\t\t\t\t}\n\t\t\t\t#gallery-4 img {\n\t\t\t\t\tborder: 2px solid #cfcfcf;\n\t\t\t\t}\n\t\t\t\t#gallery-4 .gallery-caption {\n\t\t\t\t\tmargin-left: 0;\n\t\t\t\t}\n\t\t\t\t\/* see gallery_shortcode() in wp-includes\/media.php *\/\n\t\t\t<\/style>\n\t\t<div id='gallery-4' class='dt-gallery-container gallery galleryid-339974 gallery-columns-4 gallery-size-thumbnail'><dl class='gallery-item'>\n\t\t\t\t<dt class='gallery-icon landscape'>\n\t\t\t\t\t<a class=\"rollover\" href='https:\/\/www.radiopiu.net\/wordpress\/el-bon-de-lansuda-due-giorni-in-valle-del-biois-con-la-festa-di-primavera\/47a97440-60c6-4e9f-9bcc-a3e39e03b444\/'><img loading=\"lazy\" decoding=\"async\" width=\"150\" height=\"150\" src=\"https:\/\/www.radiopiu.net\/wordpress\/wp-content\/uploads\/2023\/06\/47a97440-60c6-4e9f-9bcc-a3e39e03b444-150x150.jpg\" class=\"attachment-thumbnail size-thumbnail\" alt=\"\" \/><\/a>\n\t\t\t\t<\/dt><\/dl><dl class='gallery-item'>\n\t\t\t\t<dt class='gallery-icon landscape'>\n\t\t\t\t\t<a class=\"rollover\" href='https:\/\/www.radiopiu.net\/wordpress\/giornale-radiopiu-14-giugno-2023-direttore-mirko-mezzacasaverso-i-40-anni-25-giugno-1983-25-giugno-2023\/373e2f3d-2883-4c78-940b-0680a1e07a22\/'><img loading=\"lazy\" decoding=\"async\" width=\"150\" height=\"150\" src=\"https:\/\/www.radiopiu.net\/wordpress\/wp-content\/uploads\/2023\/06\/373e2f3d-2883-4c78-940b-0680a1e07a22-150x150.jpg\" class=\"attachment-thumbnail size-thumbnail\" alt=\"\" \/><\/a>\n\t\t\t\t<\/dt><\/dl><dl class='gallery-item'>\n\t\t\t\t<dt class='gallery-icon landscape'>\n\t\t\t\t\t<a class=\"rollover\" href='https:\/\/www.radiopiu.net\/wordpress\/el-bon-de-lansuda-due-giorni-in-valle-del-biois-con-la-festa-di-primavera\/50a0704b-feb4-4190-974a-a31ce3fad398-2\/'><img loading=\"lazy\" decoding=\"async\" width=\"150\" height=\"150\" src=\"https:\/\/www.radiopiu.net\/wordpress\/wp-content\/uploads\/2023\/06\/50a0704b-feb4-4190-974a-a31ce3fad398-1-150x150.jpg\" class=\"attachment-thumbnail size-thumbnail\" alt=\"\" \/><\/a>\n\t\t\t\t<\/dt><\/dl><dl class='gallery-item'>\n\t\t\t\t<dt class='gallery-icon landscape'>\n\t\t\t\t\t<a class=\"rollover\" href='https:\/\/www.radiopiu.net\/wordpress\/giornale-radiopiu-14-giugno-2023-direttore-mirko-mezzacasaverso-i-40-anni-25-giugno-1983-25-giugno-2023\/be14ad19-34f1-43b0-9cda-9fbda7015d15\/'><img loading=\"lazy\" decoding=\"async\" width=\"150\" height=\"150\" src=\"https:\/\/www.radiopiu.net\/wordpress\/wp-content\/uploads\/2023\/06\/be14ad19-34f1-43b0-9cda-9fbda7015d15-150x150.jpg\" class=\"attachment-thumbnail size-thumbnail\" alt=\"\" \/><\/a>\n\t\t\t\t<\/dt><\/dl><br style=\"clear: both\" \/>\n\t\t\t<\/div>\n\n<p>&nbsp;<\/p>\n<p>&nbsp;<\/p>\n<hr \/>\n<p>&nbsp;<\/p>\n<blockquote>\n<h3>AD UN ANNO DALLA SCOMPARSA, LUXOTTICA RICORDA IL SUO FONDATORE LEONARDO DEL VECCHIO CON UNA MESSA AL PALALUXOTTICA<\/h3>\n<\/blockquote>\n<p><strong><a class=\"dt-pswp-item\" href=\"https:\/\/www.radiopiu.net\/wordpress\/wp-content\/uploads\/2023\/03\/leonardo_del_vecchio_1300x400_0.jpg\" data-dt-img-description=\"\" data-large_image_width=\"1366\" data-large_image_height=\"625\"><img loading=\"lazy\" decoding=\"async\" class=\" wp-image-324828 alignleft\" src=\"https:\/\/www.radiopiu.net\/wordpress\/wp-content\/uploads\/2023\/03\/leonardo_del_vecchio_1300x400_0-300x137.jpg\" alt=\"\" width=\"212\" height=\"97\" srcset=\"https:\/\/www.radiopiu.net\/wordpress\/wp-content\/uploads\/2023\/03\/leonardo_del_vecchio_1300x400_0-300x137.jpg 300w, https:\/\/www.radiopiu.net\/wordpress\/wp-content\/uploads\/2023\/03\/leonardo_del_vecchio_1300x400_0-1024x469.jpg 1024w, https:\/\/www.radiopiu.net\/wordpress\/wp-content\/uploads\/2023\/03\/leonardo_del_vecchio_1300x400_0-768x351.jpg 768w, https:\/\/www.radiopiu.net\/wordpress\/wp-content\/uploads\/2023\/03\/leonardo_del_vecchio_1300x400_0.jpg 1366w\" sizes=\"auto, (max-width: 212px) 100vw, 212px\" \/><\/a>AGORDO <\/strong>Ad un anno dalla morte del suo fondatore, Luxottica ricorda Leonardo Del Vecchio in una messa commemorativa al PalaLuxottica di Agordo. La funzione commemorativa si terr\u00e0 marted\u00ec 27 giugno alle 18:30 e tutte le maestranze sono invitate per rendere omaggio a Del Vecchio. La Santa Messa sar\u00e0 officiata da Monsignor Renato Marangoni, vescovo di Belluno-Feltre, insieme al parroco di Agordo, don Cesare Larese De Pol. Al fine di consentire un ambiente di raccoglimento, le attivit\u00e0 produttive dello stabilimento di Agordo saranno sospese dalle 18 alle 20, ad eccezione dei servizi essenziali legati alla sicurezza. Per agevolare gli spostamenti dei partecipanti, sar\u00e0 disponibile un servizio navetta continuativo tra lo stabilimento di Agordo e il PalaLuxottica. Questo servizio garantir\u00e0 sia l&#8217;andata che il ritorno dalla struttura, e sar\u00e0 accessibile anche a coloro che decideranno di utilizzare i parcheggi nelle vicinanze dello stabilimento. Le maestranze degli altri stabilimenti che vorranno prendere parte all&#8217;omaggio potranno osservare un minuto di raccoglimento. Leonardo Del Vecchio ha dedicato la sua vita all&#8217;azienda e alle persone che ne facevano parte. Era un mentore per tutti, con straordinarie qualit\u00e0 umane, e il suo esempio continua a guidare l&#8217;eredit\u00e0 morale, i valori, la visione del futuro e l&#8217;impegno verso l&#8217;eccellenza portata avanti dal gruppo.<\/p>\n<p><strong>DI GIANNI SANTOMASO<\/strong><\/p>\n<audio class=\"wp-audio-shortcode\" id=\"audio-339974-1\" preload=\"none\" style=\"width: 100%;\" controls=\"controls\"><source type=\"audio\/mpeg\" src=\"https:\/\/www.radiopiu.net\/wordpress\/wp-content\/uploads\/2023\/06\/GIANNI-MESSA-LEONARDO-DEL-VECCHIO.mp3?_=1\" \/><a href=\"https:\/\/www.radiopiu.net\/wordpress\/wp-content\/uploads\/2023\/06\/GIANNI-MESSA-LEONARDO-DEL-VECCHIO.mp3\">https:\/\/www.radiopiu.net\/wordpress\/wp-content\/uploads\/2023\/06\/GIANNI-MESSA-LEONARDO-DEL-VECCHIO.mp3<\/a><\/audio>\n<p>&nbsp;<\/p>\n<hr \/>\n<p>&nbsp;<\/p>\n<blockquote>\n<h3>FANTASIA DA PARCHEGGIO<\/h3>\n<\/blockquote>\n<p><strong>AGORDO<\/strong> Chi ha detto che in localit\u00e0 Valcozzena &#8211; in lux Valley &#8211; non c&#8217;\u00e8 posto per le auto?<\/p>\n<p><a class=\"dt-pswp-item\" href=\"https:\/\/www.radiopiu.net\/wordpress\/wp-content\/uploads\/2023\/06\/7e892479-c397-47e7-92c5-339f6ca7d75b.jpg\" data-dt-img-description=\"\" data-large_image_width=\"1600\" data-large_image_height=\"720\"><img loading=\"lazy\" decoding=\"async\" class=\"size-medium wp-image-340109 aligncenter\" src=\"https:\/\/www.radiopiu.net\/wordpress\/wp-content\/uploads\/2023\/06\/7e892479-c397-47e7-92c5-339f6ca7d75b-300x135.jpg\" alt=\"\" width=\"300\" height=\"135\" srcset=\"https:\/\/www.radiopiu.net\/wordpress\/wp-content\/uploads\/2023\/06\/7e892479-c397-47e7-92c5-339f6ca7d75b-300x135.jpg 300w, https:\/\/www.radiopiu.net\/wordpress\/wp-content\/uploads\/2023\/06\/7e892479-c397-47e7-92c5-339f6ca7d75b-1024x461.jpg 1024w, https:\/\/www.radiopiu.net\/wordpress\/wp-content\/uploads\/2023\/06\/7e892479-c397-47e7-92c5-339f6ca7d75b-768x346.jpg 768w, https:\/\/www.radiopiu.net\/wordpress\/wp-content\/uploads\/2023\/06\/7e892479-c397-47e7-92c5-339f6ca7d75b-1536x691.jpg 1536w, https:\/\/www.radiopiu.net\/wordpress\/wp-content\/uploads\/2023\/06\/7e892479-c397-47e7-92c5-339f6ca7d75b.jpg 1600w\" sizes=\"auto, (max-width: 300px) 100vw, 300px\" \/><\/a><\/p>\n<p>&nbsp;<\/p>\n<p>Definizione di Camper: Un camper \u00e8 un veicolo abitabile progettato per offrire comfort e alloggio temporaneo durante i viaggi. \u00c8 una sorta di casa su ruote che consente alle persone di esplorare diverse destinazioni senza dover prenotare hotel o trovare alloggi alternativi. I camper sono spesso utilizzati per il campeggio, le vacanze o le gite in famiglia. I camper possono variare in dimensioni e design, ma di norma non sono per nulla simili alle auto&#8230;<\/p>\n<div class=\"group w-full text-gray-800 dark:text-gray-100 border-b border-black\/10 dark:border-gray-900\/50 bg-gray-50 dark:bg-[#444654]\">\n<div class=\"flex p-4 gap-4 text-base md:gap-6 md:max-w-2xl lg:max-w-[38rem] xl:max-w-3xl md:py-6 lg:px-0 m-auto\">\n<div class=\"relative flex w-[calc(100%-50px)] flex-col gap-1 md:gap-3 lg:w-[calc(100%-115px)]\">\n<div class=\"flex justify-between lg:block\">\n<div class=\"text-xs flex items-center justify-center gap-1 self-center pt-2 !invisible\"><a class=\"dt-pswp-item\" href=\"https:\/\/www.radiopiu.net\/wordpress\/wp-content\/uploads\/2023\/06\/50a0704b-feb4-4190-974a-a31ce3fad398.jpg\" data-dt-img-description=\"\" data-large_image_width=\"2000\" data-large_image_height=\"900\"><img loading=\"lazy\" decoding=\"async\" class=\"size-medium wp-image-340113 aligncenter\" src=\"https:\/\/www.radiopiu.net\/wordpress\/wp-content\/uploads\/2023\/06\/50a0704b-feb4-4190-974a-a31ce3fad398-300x135.jpg\" alt=\"\" width=\"300\" height=\"135\" srcset=\"https:\/\/www.radiopiu.net\/wordpress\/wp-content\/uploads\/2023\/06\/50a0704b-feb4-4190-974a-a31ce3fad398-300x135.jpg 300w, https:\/\/www.radiopiu.net\/wordpress\/wp-content\/uploads\/2023\/06\/50a0704b-feb4-4190-974a-a31ce3fad398-1024x461.jpg 1024w, https:\/\/www.radiopiu.net\/wordpress\/wp-content\/uploads\/2023\/06\/50a0704b-feb4-4190-974a-a31ce3fad398-768x346.jpg 768w, https:\/\/www.radiopiu.net\/wordpress\/wp-content\/uploads\/2023\/06\/50a0704b-feb4-4190-974a-a31ce3fad398-1536x691.jpg 1536w, https:\/\/www.radiopiu.net\/wordpress\/wp-content\/uploads\/2023\/06\/50a0704b-feb4-4190-974a-a31ce3fad398.jpg 2000w\" sizes=\"auto, (max-width: 300px) 100vw, 300px\" \/><\/a><\/div>\n<\/div>\n<div><\/div>\n<div class=\"flex justify-between lg:block\">\n<div class=\"text-gray-400 flex self-end lg:self-center justify-center mt-2 gap-2 md:gap-3 lg:gap-1 lg:absolute lg:top-0 lg:translate-x-full lg:right-0 lg:mt-0 lg:pl-2 invisible\">\n<div class=\"flex gap-1\"><\/div>\n<\/div>\n<\/div>\n<\/div>\n<\/div>\n<\/div>\n<hr \/>\n<p>&nbsp;<\/p>\n<blockquote>\n<h3>L&#8217;INTITOLAZIONE DELL&#8217;OSPEDALE A PAPA LUCIANI<\/h3>\n<\/blockquote>\n<p>&nbsp;<\/p>\n<p><a class=\"dt-pswp-item\" href=\"https:\/\/www.radiopiu.net\/wordpress\/wp-content\/uploads\/2022\/07\/OSPEDALE-AGORDO.png\" data-dt-img-description=\"\" data-large_image_width=\"1316\" data-large_image_height=\"756\"><img loading=\"lazy\" decoding=\"async\" class=\"size-medium wp-image-289638 aligncenter\" src=\"https:\/\/www.radiopiu.net\/wordpress\/wp-content\/uploads\/2022\/07\/OSPEDALE-AGORDO-300x172.png\" alt=\"\" width=\"300\" height=\"172\" srcset=\"https:\/\/www.radiopiu.net\/wordpress\/wp-content\/uploads\/2022\/07\/OSPEDALE-AGORDO-300x172.png 300w, https:\/\/www.radiopiu.net\/wordpress\/wp-content\/uploads\/2022\/07\/OSPEDALE-AGORDO-1024x588.png 1024w, https:\/\/www.radiopiu.net\/wordpress\/wp-content\/uploads\/2022\/07\/OSPEDALE-AGORDO-768x441.png 768w, https:\/\/www.radiopiu.net\/wordpress\/wp-content\/uploads\/2022\/07\/OSPEDALE-AGORDO.png 1316w\" sizes=\"auto, (max-width: 300px) 100vw, 300px\" \/>\u00a0<\/a><\/p>\n<p>&nbsp;<\/p>\n<p><strong><a class=\"dt-pswp-item\" href=\"https:\/\/www.radiopiu.net\/wordpress\/wp-content\/uploads\/2022\/09\/fee652b5-4ddb-4e00-b52f-3f6b5b0ce826.jpg\" data-dt-img-description=\"AGORDO \u2013 29 giugno 1978. Il cardinale patriarca di Venezia Albino Luciani e monsignor Lino Mottes all\u2019uscita dell\u2019arcidiaconale al termine del pontificale per la festa dei santi patroni Pietro e Paolo.\" data-large_image_width=\"1102\" data-large_image_height=\"1600\"><img loading=\"lazy\" decoding=\"async\" class=\"size-medium wp-image-295627 alignleft\" src=\"https:\/\/www.radiopiu.net\/wordpress\/wp-content\/uploads\/2022\/09\/fee652b5-4ddb-4e00-b52f-3f6b5b0ce826-207x300.jpg\" alt=\"\" width=\"207\" height=\"300\" srcset=\"https:\/\/www.radiopiu.net\/wordpress\/wp-content\/uploads\/2022\/09\/fee652b5-4ddb-4e00-b52f-3f6b5b0ce826-207x300.jpg 207w, https:\/\/www.radiopiu.net\/wordpress\/wp-content\/uploads\/2022\/09\/fee652b5-4ddb-4e00-b52f-3f6b5b0ce826-705x1024.jpg 705w, https:\/\/www.radiopiu.net\/wordpress\/wp-content\/uploads\/2022\/09\/fee652b5-4ddb-4e00-b52f-3f6b5b0ce826-768x1115.jpg 768w, https:\/\/www.radiopiu.net\/wordpress\/wp-content\/uploads\/2022\/09\/fee652b5-4ddb-4e00-b52f-3f6b5b0ce826-1058x1536.jpg 1058w, https:\/\/www.radiopiu.net\/wordpress\/wp-content\/uploads\/2022\/09\/fee652b5-4ddb-4e00-b52f-3f6b5b0ce826.jpg 1102w\" sizes=\"auto, (max-width: 207px) 100vw, 207px\" \/><\/a>AGORDO<\/strong>\u00a0 Onore e commozione:\u00a0 l&#8217;Ospedale di Agordo sar\u00e0 ufficialmente intitolato al Beato Giovanni Paolo I,\u00a0 Papa Luciani. La cerimonia di intitolazione si terr\u00e0 sabato 24 giugno\u00a0 alle 11\u00a0 all&#8217;ingresso dell&#8217;Ospedale. Il Commissario dell&#8217;Ulss 1 Dolomiti, Giuseppe Dal Ben, sar\u00e0 presente alla cerimonia insieme all&#8217;assessore regionale Manuela Lanzarin e agli amministratori agordini. L&#8217;intitolazione dell&#8217;ospedale rappresenta un omaggio al pontefice originario di Canale d&#8217;Agordo e un riconoscimento del suo prezioso contributo nella promozione della pace, della giustizia sociale e della compassione.\u00a0 Giovanni Paolo I, nato Albino Luciani, \u00e8 stato il 263\u00ba Papa della Chiesa Cattolica e il primo pontefice italiano del XX secolo. Il suo breve pontificato nel 1978, durato solamente 33 giorni, \u00e8 stato caratterizzato dalla sua umilt\u00e0, semplicit\u00e0 e impegno per i poveri e gli emarginati. La sua morte improvvisa ha suscitato grande tristezza e il suo ricordo \u00e8 rimasto vivo nel cuore di molte persone in tutto il mondo. L&#8217;intitolazione dell&#8217;Ospedale di Agordo a Giovanni Paolo I rappresenta un tributo significativo a un uomo di fede straordinario che ha ispirato milioni di persone durante il suo breve ma impattante pontificato. L&#8217;ospedale continuer\u00e0 ad offrire cure di qualit\u00e0 e un ambiente accogliente per i pazienti, perpetuando cos\u00ec lo spirito di amore e dedizione incarnato da Papa Luciani.<\/p>\n<p><em>foto: \u00a029 giugno 1978. Il cardinale patriarca di Venezia Albino Luciani e monsignor Lino Mottes all\u2019uscita dell\u2019arcidiaconale al termine del pontificale per la festa dei santi patroni Pietro e Paolo.<\/em><\/p>\n<p>&nbsp;<\/p>\n<hr \/>\n<p>&nbsp;<\/p>\n<blockquote>\n<h3>LA MORTE DI NICOLO&#8217;: INDAGINI CHIUSE<\/h3>\n<p><em>Diego Feltrin, il padre del piccolo Nicol\u00f2 \u00e8 indagato,\u00a0 potrebbe aver violato l\u2019obbligo di vigilanza nei confronti del minore\u00a0 al parco Sydney di Codissago.\u00a0\u00a0<\/em><\/p><\/blockquote>\n<div class=\"flex-1 overflow-hidden\">\n<div class=\"react-scroll-to-bottom--css-udkat-79elbk h-full dark:bg-gray-800\">\n<div class=\"react-scroll-to-bottom--css-udkat-1n7m0yu\">\n<div class=\"flex flex-col text-sm dark:bg-gray-800\">\n<div class=\"group w-full text-gray-800 dark:text-gray-100 border-b border-black\/10 dark:border-gray-900\/50 bg-gray-50 dark:bg-[#444654]\">\n<div class=\"flex p-4 gap-4 text-base md:gap-6 md:max-w-2xl lg:max-w-[38rem] xl:max-w-3xl md:py-6 lg:px-0 m-auto\">\n<div class=\"relative flex w-[calc(100%-50px)] flex-col gap-1 md:gap-3 lg:w-[calc(100%-115px)]\">\n<div class=\"flex flex-grow flex-col gap-3\">\n<div class=\"min-h-[20px] flex flex-col items-start gap-4 whitespace-pre-wrap break-words\">\n<div class=\"markdown prose w-full break-words dark:prose-invert light\">\n<p><strong><a class=\"dt-pswp-item\" href=\"https:\/\/www.radiopiu.net\/wordpress\/wp-content\/uploads\/2022\/08\/SSSS.jpg\" data-dt-img-description=\"\" data-large_image_width=\"501\" data-large_image_height=\"286\"><img loading=\"lazy\" decoding=\"async\" class=\" wp-image-290285 alignleft\" src=\"https:\/\/www.radiopiu.net\/wordpress\/wp-content\/uploads\/2022\/08\/SSSS-150x150.jpg\" alt=\"\" width=\"89\" height=\"89\" \/><\/a>LONGARONE<\/strong> \u00c8 stato un tragico epilogo per il piccolo Nicol\u00f2, il cui decesso prematuro \u00e8 stato attribuito all&#8217;ingestione di hashish. Il pubblico ministero Simone Marcon ha tra le mani l&#8217;autopsia\u00a0 del medico legale Antonello Cirnelli,\u00a0 consulenza\u00a0 dello scorso 3 agosto. Elementi\u00a0 che consentiranno al magistrato di concludere le indagini sul padre del bambino, Diego Feltrin. Secondo l&#8217;ipotesi investigativa della Procura, la mattina del 28 luglio il bambino avrebbe ingerito droga trovata in casa e sarebbe poi deceduto per arresto cardiaco da intossicazione, mentre era in cura al Pronto Soccorso dell&#8217;Ospedale Giovanni Paolo II di Pieve. Indagato per omicidio colposo il padre Diego Feltrin, difeso dall&#8217;avvocato Massimiliano Xaiz<\/p>\n<p>&nbsp;<\/p>\n<\/div>\n<\/div>\n<\/div>\n<\/div>\n<\/div>\n<\/div>\n<\/div>\n<\/div>\n<\/div>\n<\/div>\n<hr \/>\n<p>&nbsp;<\/p>\n<blockquote>\n<h2>LA ULSS1 A CORTINA<\/h2>\n<\/blockquote>\n<p><strong>CORTINA<\/strong>\u00a0 Il Commissario Giuseppe Dal Ben \u00e8 stato a Cortina per concordare con il Comune l&#8217;intesa per l&#8217;attuazione dei piani di recupero degli edifici all&#8217;interno della zona ospedaliera. Gli atti ora seguiranno l&#8217;iter amministrativo previsto. Il commissario ha fatto anche un sopralluogo sul posto per rendersi conto di persona dello stato delle strutture con la Direzione Lavori e GVM. Continua anche lo stretto monitoraggio del cantiere del Codivilla, con l&#8217;obiettivo di anticipare la fine lavori al 2024.<\/p>\n\n\t\t\t<style type='text\/css'>\n\t\t\t\t#gallery-5 {\n\t\t\t\t\tmargin: auto;\n\t\t\t\t}\n\t\t\t\t#gallery-5 .gallery-item {\n\t\t\t\t\tfloat: left;\n\t\t\t\t\tmargin-top: 10px;\n\t\t\t\t\ttext-align: center;\n\t\t\t\t\twidth: 25%;\n\t\t\t\t}\n\t\t\t\t#gallery-5 img {\n\t\t\t\t\tborder: 2px solid #cfcfcf;\n\t\t\t\t}\n\t\t\t\t#gallery-5 .gallery-caption {\n\t\t\t\t\tmargin-left: 0;\n\t\t\t\t}\n\t\t\t\t\/* see gallery_shortcode() in wp-includes\/media.php *\/\n\t\t\t<\/style>\n\t\t<div id='gallery-5' class='dt-gallery-container gallery galleryid-339974 gallery-columns-4 gallery-size-thumbnail'><dl class='gallery-item'>\n\t\t\t\t<dt class='gallery-icon landscape'>\n\t\t\t\t\t<a class=\"rollover rollover-zoom dt-pswp-item\" title=\"WhatsApp Image 2023-06-13 at 12.33.22 (3)\" data-dt-img-description=\"\" data-large_image_width=\"2048\" data-large_image_height=\"2048\"href='https:\/\/www.radiopiu.net\/wordpress\/wp-content\/uploads\/2023\/06\/WhatsApp-Image-2023-06-13-at-12.33.22-3.jpeg'><img loading=\"lazy\" decoding=\"async\" width=\"150\" height=\"150\" src=\"https:\/\/www.radiopiu.net\/wordpress\/wp-content\/uploads\/2023\/06\/WhatsApp-Image-2023-06-13-at-12.33.22-3-150x150.jpeg\" class=\"attachment-thumbnail size-thumbnail\" alt=\"\" srcset=\"https:\/\/www.radiopiu.net\/wordpress\/wp-content\/uploads\/2023\/06\/WhatsApp-Image-2023-06-13-at-12.33.22-3-150x150.jpeg 150w, https:\/\/www.radiopiu.net\/wordpress\/wp-content\/uploads\/2023\/06\/WhatsApp-Image-2023-06-13-at-12.33.22-3-300x300.jpeg 300w, https:\/\/www.radiopiu.net\/wordpress\/wp-content\/uploads\/2023\/06\/WhatsApp-Image-2023-06-13-at-12.33.22-3-1024x1024.jpeg 1024w, https:\/\/www.radiopiu.net\/wordpress\/wp-content\/uploads\/2023\/06\/WhatsApp-Image-2023-06-13-at-12.33.22-3-768x768.jpeg 768w, https:\/\/www.radiopiu.net\/wordpress\/wp-content\/uploads\/2023\/06\/WhatsApp-Image-2023-06-13-at-12.33.22-3-1536x1536.jpeg 1536w, https:\/\/www.radiopiu.net\/wordpress\/wp-content\/uploads\/2023\/06\/WhatsApp-Image-2023-06-13-at-12.33.22-3.jpeg 2048w\" sizes=\"auto, (max-width: 150px) 100vw, 150px\" \/><\/a>\n\t\t\t\t<\/dt><\/dl><dl class='gallery-item'>\n\t\t\t\t<dt class='gallery-icon landscape'>\n\t\t\t\t\t<a class=\"rollover rollover-zoom dt-pswp-item\" title=\"WhatsApp Image 2023-06-13 at 12.33.22 (2)\" data-dt-img-description=\"\" data-large_image_width=\"2048\" data-large_image_height=\"2048\"href='https:\/\/www.radiopiu.net\/wordpress\/wp-content\/uploads\/2023\/06\/WhatsApp-Image-2023-06-13-at-12.33.22-2.jpeg'><img loading=\"lazy\" decoding=\"async\" width=\"150\" height=\"150\" src=\"https:\/\/www.radiopiu.net\/wordpress\/wp-content\/uploads\/2023\/06\/WhatsApp-Image-2023-06-13-at-12.33.22-2-150x150.jpeg\" class=\"attachment-thumbnail size-thumbnail\" alt=\"\" srcset=\"https:\/\/www.radiopiu.net\/wordpress\/wp-content\/uploads\/2023\/06\/WhatsApp-Image-2023-06-13-at-12.33.22-2-150x150.jpeg 150w, https:\/\/www.radiopiu.net\/wordpress\/wp-content\/uploads\/2023\/06\/WhatsApp-Image-2023-06-13-at-12.33.22-2-300x300.jpeg 300w, https:\/\/www.radiopiu.net\/wordpress\/wp-content\/uploads\/2023\/06\/WhatsApp-Image-2023-06-13-at-12.33.22-2-1024x1024.jpeg 1024w, https:\/\/www.radiopiu.net\/wordpress\/wp-content\/uploads\/2023\/06\/WhatsApp-Image-2023-06-13-at-12.33.22-2-768x768.jpeg 768w, https:\/\/www.radiopiu.net\/wordpress\/wp-content\/uploads\/2023\/06\/WhatsApp-Image-2023-06-13-at-12.33.22-2-1536x1536.jpeg 1536w, https:\/\/www.radiopiu.net\/wordpress\/wp-content\/uploads\/2023\/06\/WhatsApp-Image-2023-06-13-at-12.33.22-2.jpeg 2048w\" sizes=\"auto, (max-width: 150px) 100vw, 150px\" \/><\/a>\n\t\t\t\t<\/dt><\/dl><dl class='gallery-item'>\n\t\t\t\t<dt class='gallery-icon landscape'>\n\t\t\t\t\t<a class=\"rollover rollover-zoom dt-pswp-item\" title=\"WhatsApp Image 2023-06-13 at 12.33.22 (1)\" data-dt-img-description=\"\" data-large_image_width=\"2048\" data-large_image_height=\"2048\"href='https:\/\/www.radiopiu.net\/wordpress\/wp-content\/uploads\/2023\/06\/WhatsApp-Image-2023-06-13-at-12.33.22-1.jpeg'><img loading=\"lazy\" decoding=\"async\" width=\"150\" height=\"150\" src=\"https:\/\/www.radiopiu.net\/wordpress\/wp-content\/uploads\/2023\/06\/WhatsApp-Image-2023-06-13-at-12.33.22-1-150x150.jpeg\" class=\"attachment-thumbnail size-thumbnail\" alt=\"\" srcset=\"https:\/\/www.radiopiu.net\/wordpress\/wp-content\/uploads\/2023\/06\/WhatsApp-Image-2023-06-13-at-12.33.22-1-150x150.jpeg 150w, https:\/\/www.radiopiu.net\/wordpress\/wp-content\/uploads\/2023\/06\/WhatsApp-Image-2023-06-13-at-12.33.22-1-300x300.jpeg 300w, https:\/\/www.radiopiu.net\/wordpress\/wp-content\/uploads\/2023\/06\/WhatsApp-Image-2023-06-13-at-12.33.22-1-1024x1024.jpeg 1024w, https:\/\/www.radiopiu.net\/wordpress\/wp-content\/uploads\/2023\/06\/WhatsApp-Image-2023-06-13-at-12.33.22-1-768x768.jpeg 768w, https:\/\/www.radiopiu.net\/wordpress\/wp-content\/uploads\/2023\/06\/WhatsApp-Image-2023-06-13-at-12.33.22-1-1536x1536.jpeg 1536w, https:\/\/www.radiopiu.net\/wordpress\/wp-content\/uploads\/2023\/06\/WhatsApp-Image-2023-06-13-at-12.33.22-1.jpeg 2048w\" sizes=\"auto, (max-width: 150px) 100vw, 150px\" \/><\/a>\n\t\t\t\t<\/dt><\/dl><dl class='gallery-item'>\n\t\t\t\t<dt class='gallery-icon landscape'>\n\t\t\t\t\t<a class=\"rollover rollover-zoom dt-pswp-item\" title=\"WhatsApp Image 2023-06-13 at 12.33.22\" data-dt-img-description=\"\" data-large_image_width=\"2048\" data-large_image_height=\"2048\"href='https:\/\/www.radiopiu.net\/wordpress\/wp-content\/uploads\/2023\/06\/WhatsApp-Image-2023-06-13-at-12.33.22.jpeg'><img loading=\"lazy\" decoding=\"async\" width=\"150\" height=\"150\" src=\"https:\/\/www.radiopiu.net\/wordpress\/wp-content\/uploads\/2023\/06\/WhatsApp-Image-2023-06-13-at-12.33.22-150x150.jpeg\" class=\"attachment-thumbnail size-thumbnail\" alt=\"\" srcset=\"https:\/\/www.radiopiu.net\/wordpress\/wp-content\/uploads\/2023\/06\/WhatsApp-Image-2023-06-13-at-12.33.22-150x150.jpeg 150w, https:\/\/www.radiopiu.net\/wordpress\/wp-content\/uploads\/2023\/06\/WhatsApp-Image-2023-06-13-at-12.33.22-300x300.jpeg 300w, https:\/\/www.radiopiu.net\/wordpress\/wp-content\/uploads\/2023\/06\/WhatsApp-Image-2023-06-13-at-12.33.22-1024x1024.jpeg 1024w, https:\/\/www.radiopiu.net\/wordpress\/wp-content\/uploads\/2023\/06\/WhatsApp-Image-2023-06-13-at-12.33.22-768x768.jpeg 768w, https:\/\/www.radiopiu.net\/wordpress\/wp-content\/uploads\/2023\/06\/WhatsApp-Image-2023-06-13-at-12.33.22-1536x1536.jpeg 1536w, https:\/\/www.radiopiu.net\/wordpress\/wp-content\/uploads\/2023\/06\/WhatsApp-Image-2023-06-13-at-12.33.22.jpeg 2048w\" sizes=\"auto, (max-width: 150px) 100vw, 150px\" \/><\/a>\n\t\t\t\t<\/dt><\/dl><br style=\"clear: both\" \/>\n\t\t\t<\/div>\n\n<p>&nbsp;<\/p>\n<hr \/>\n<p>&nbsp;<\/p>\n<blockquote>\n<h3>NUMERI DA RECORD PER LE DONAZIONI DEL SANGUE IN PROVINCIA DI BELLUNO<\/h3>\n<\/blockquote>\n<p><strong><a class=\"dt-pswp-item\" href=\"https:\/\/www.radiopiu.net\/wordpress\/wp-content\/uploads\/2023\/02\/DONATORE-SANGUE.jpeg\" data-dt-img-description=\"\" data-large_image_width=\"1640\" data-large_image_height=\"1186\"><img loading=\"lazy\" decoding=\"async\" class=\" wp-image-322486 alignleft\" src=\"https:\/\/www.radiopiu.net\/wordpress\/wp-content\/uploads\/2023\/02\/DONATORE-SANGUE-300x217.jpeg\" alt=\"\" width=\"194\" height=\"140\" srcset=\"https:\/\/www.radiopiu.net\/wordpress\/wp-content\/uploads\/2023\/02\/DONATORE-SANGUE-300x217.jpeg 300w, https:\/\/www.radiopiu.net\/wordpress\/wp-content\/uploads\/2023\/02\/DONATORE-SANGUE-1024x741.jpeg 1024w, https:\/\/www.radiopiu.net\/wordpress\/wp-content\/uploads\/2023\/02\/DONATORE-SANGUE-768x555.jpeg 768w, https:\/\/www.radiopiu.net\/wordpress\/wp-content\/uploads\/2023\/02\/DONATORE-SANGUE-1536x1111.jpeg 1536w, https:\/\/www.radiopiu.net\/wordpress\/wp-content\/uploads\/2023\/02\/DONATORE-SANGUE.jpeg 1640w\" sizes=\"auto, (max-width: 194px) 100vw, 194px\" \/><\/a>FELTRE<\/strong><\/p>\n<p>di Moreno Gioli<\/p>\n<audio class=\"wp-audio-shortcode\" id=\"audio-339974-2\" preload=\"none\" style=\"width: 100%;\" controls=\"controls\"><source type=\"audio\/mpeg\" src=\"https:\/\/www.radiopiu.net\/wordpress\/wp-content\/uploads\/2023\/06\/donazioni-sangue.mp3?_=2\" \/><a href=\"https:\/\/www.radiopiu.net\/wordpress\/wp-content\/uploads\/2023\/06\/donazioni-sangue.mp3\">https:\/\/www.radiopiu.net\/wordpress\/wp-content\/uploads\/2023\/06\/donazioni-sangue.mp3<\/a><\/audio>\n<p>&nbsp;<\/p>\n<hr \/>\n<p>&nbsp;<\/p>\n<blockquote>\n<h3>PNRR: ASILO NIDO A LIVINALLONGO, AD AGORDO IL POLO SCOLASTICO 0-6 ANNI<\/h3>\n<\/blockquote>\n<p><strong><a class=\"dt-pswp-item\" href=\"https:\/\/www.radiopiu.net\/wordpress\/wp-content\/uploads\/2020\/05\/ASILO-NIDO-SCIVOLO.jpg\" data-dt-img-description=\"\" data-large_image_width=\"1920\" data-large_image_height=\"1280\"><img loading=\"lazy\" decoding=\"async\" class=\" wp-image-141610 alignleft\" src=\"https:\/\/www.radiopiu.net\/wordpress\/wp-content\/uploads\/2020\/05\/ASILO-NIDO-SCIVOLO-300x200.jpg\" alt=\"\" width=\"173\" height=\"115\" srcset=\"https:\/\/www.radiopiu.net\/wordpress\/wp-content\/uploads\/2020\/05\/ASILO-NIDO-SCIVOLO-300x200.jpg 300w, https:\/\/www.radiopiu.net\/wordpress\/wp-content\/uploads\/2020\/05\/ASILO-NIDO-SCIVOLO-1024x683.jpg 1024w, https:\/\/www.radiopiu.net\/wordpress\/wp-content\/uploads\/2020\/05\/ASILO-NIDO-SCIVOLO-768x512.jpg 768w, https:\/\/www.radiopiu.net\/wordpress\/wp-content\/uploads\/2020\/05\/ASILO-NIDO-SCIVOLO-1536x1024.jpg 1536w, https:\/\/www.radiopiu.net\/wordpress\/wp-content\/uploads\/2020\/05\/ASILO-NIDO-SCIVOLO.jpg 1920w\" sizes=\"auto, (max-width: 173px) 100vw, 173px\" \/><\/a>AGORDO<\/strong><\/p>\n<p>di Gianni Santomaso<\/p>\n<audio class=\"wp-audio-shortcode\" id=\"audio-339974-3\" preload=\"none\" style=\"width: 100%;\" controls=\"controls\"><source type=\"audio\/mpeg\" src=\"https:\/\/www.radiopiu.net\/wordpress\/wp-content\/uploads\/2023\/06\/GIANNI-ASILO-NIDO-A-LIVINALLONGO-AD-AGORDO-IL-POLO-SCOLASTICO-0-6-ANNI.mp3?_=3\" \/><a href=\"https:\/\/www.radiopiu.net\/wordpress\/wp-content\/uploads\/2023\/06\/GIANNI-ASILO-NIDO-A-LIVINALLONGO-AD-AGORDO-IL-POLO-SCOLASTICO-0-6-ANNI.mp3\">https:\/\/www.radiopiu.net\/wordpress\/wp-content\/uploads\/2023\/06\/GIANNI-ASILO-NIDO-A-LIVINALLONGO-AD-AGORDO-IL-POLO-SCOLASTICO-0-6-ANNI.mp3<\/a><\/audio>\n<p>&nbsp;<\/p>\n<p>&nbsp;<\/p>\n<hr \/>\n<p>&nbsp;<\/p>\n<blockquote>\n<h3>PRESA LA BANDA DELL&#8217;AUDI NERA<\/h3>\n<p>Gioved\u00ec e venerd\u00ec gli interrogatori di garanzia.\u00a0\u2014<\/p><\/blockquote>\n<p><strong><a class=\"dt-pswp-item\" href=\"https:\/\/www.radiopiu.net\/wordpress\/wp-content\/uploads\/2023\/06\/14aef018-ac71-436f-9bb3-24849d68d125.jpg\" data-dt-img-description=\"\" data-large_image_width=\"1024\" data-large_image_height=\"683\"><img loading=\"lazy\" decoding=\"async\" class=\" wp-image-340151 alignleft\" src=\"https:\/\/www.radiopiu.net\/wordpress\/wp-content\/uploads\/2023\/06\/14aef018-ac71-436f-9bb3-24849d68d125-300x200.jpg\" alt=\"\" width=\"260\" height=\"173\" srcset=\"https:\/\/www.radiopiu.net\/wordpress\/wp-content\/uploads\/2023\/06\/14aef018-ac71-436f-9bb3-24849d68d125-300x200.jpg 300w, https:\/\/www.radiopiu.net\/wordpress\/wp-content\/uploads\/2023\/06\/14aef018-ac71-436f-9bb3-24849d68d125-768x512.jpg 768w, https:\/\/www.radiopiu.net\/wordpress\/wp-content\/uploads\/2023\/06\/14aef018-ac71-436f-9bb3-24849d68d125.jpg 1024w\" sizes=\"auto, (max-width: 260px) 100vw, 260px\" \/><\/a>BELLUNO<\/strong> Diciotto furti consumati e altri sette tentati nelle province di Pordenone, Udine e Belluno fra il 14 novembre 2021 e il 10 aprile scorso, hanno portato luned\u00ec all&#8217;alba a tre arresti e a una quarta misure cautelare. A eseguire l&#8217;ordinanza del gip Giorgio Cozzarini, richiesta dal pm Marco Faion, i carabinieri della stazione di Maniago. A Belluno la banda aveva tentato il furto\u00a0 l&#8217;11 novembre e il 10 dicembre a Limana in via Ragazzi del &#8217;99; nella stessa data avevano rubato gioielli per 2.500 euro in via Giovanni Moro a Belluno e il 10 aprile scorso a Farra d&#8217;Alpago hanno sottratto soldi e documenti da una mini al lago di Santa Croce. In cella sono finiti Kevin Karis, 24 anni, di Cavasso Nuovo, al quale sono stati attribuiti 24 colpi e suo zio Alessio Caris, 52 anni, di Travesio (indagato per 15 episodi). L&#8217;altro nipote Massimo Carris, 31 anni, di Cavasso Nuovo (chiamato a rispondere per 7 episodi) \u00e8 ai domiciliari con braccialetto elettronico. Schiarlin Dori, 24 anni, moglie di Kevin, in dolce attesa, ha l&#8217;obbligo di dimora a Cavasso Nuovo per 4 furti e a un tentativo. Manola Caris, 30 anni, di Travesio, \u00e8 indagata a piede libero per ricettazione, con Kevin Karis e il padre Alessio<\/p>\n<p>&nbsp;<\/p>\n<hr \/>\n<p>&nbsp;<\/p>\n<blockquote>\n<h3>TABIA&#8217;: AMALIA, SANDRO E ANNALISA, 50 ANNI DI PIATTI TRADIZIONALI<\/h3>\n<p>&nbsp;<\/p>\n<p><img loading=\"lazy\" decoding=\"async\" class=\"aligncenter\" src=\"https:\/\/www.radiopiu.net\/wordpress\/wp-content\/uploads\/2023\/06\/308536455_584666883448182_8410378595228100788_n.jpg\" width=\"238\" height=\"181\" \/><\/p>\n<p>&nbsp;<\/p><\/blockquote>\n<p><strong><img loading=\"lazy\" decoding=\"async\" class=\"alignleft\" src=\"https:\/\/www.radiopiu.net\/wordpress\/wp-content\/uploads\/2023\/06\/a0798c5c-0fef-4b11-8b61-d17b52eed808.jpg\" width=\"298\" height=\"168\" \/>REDAZIONE<\/strong> Cinquant&#8217;anni fa, il 29 giugno, apriva il ristorante Tabia&#8217; di Feder a Canale d&#8217;Agordo. Una storia scritta dalla famiglia Scardanzan-Pescosta. La raccontiamo con l&#8217;aiuto di Annalisa che rappresenta la continuit\u00e0 generazionale. Sua l&#8217;idea di affiancare al ristorante non solo il servizio di asporto ma anche un mini market utili per chi abita la frazione e per chi la frequenta durante le ferie<\/p>\n<p><strong>di mirko mezzacasa<\/strong><\/p>\n<audio class=\"wp-audio-shortcode\" id=\"audio-339974-4\" preload=\"none\" style=\"width: 100%;\" controls=\"controls\"><source type=\"audio\/mpeg\" src=\"https:\/\/www.radiopiu.net\/wordpress\/wp-content\/uploads\/2023\/06\/ANNALISA-SCARDA.mp3?_=4\" \/><a href=\"https:\/\/www.radiopiu.net\/wordpress\/wp-content\/uploads\/2023\/06\/ANNALISA-SCARDA.mp3\">https:\/\/www.radiopiu.net\/wordpress\/wp-content\/uploads\/2023\/06\/ANNALISA-SCARDA.mp3<\/a><\/audio>\n<p>&nbsp;<\/p>\n<p>&nbsp;<\/p>\n<hr \/>\n<p>&nbsp;<\/p>\n<blockquote>\n<h3>SANT&#8217;ANTONIO DA RIVAMONTE! UNA GRANDE FESTA<\/h3>\n<\/blockquote>\n<p><strong>RIVAMONTE<\/strong> Fine settimana di grande festa per Sant&#8217;Antonio. L&#8217;esercito di volontari ha &#8220;sfamato&#8221; a suon di gnocchi con la ricotta, centinaia di persone. Sotto al tendone giorni di festa con musica, brindisi e divertimento, finalmente come ai tempi pre covid.<br \/>\nProssimo appuntamento a Canale d&#8217;Agordo con San Giovanni<br \/>\n<a class=\"dt-pswp-item\" href=\"https:\/\/www.radiopiu.net\/wordpress\/wp-content\/uploads\/2023\/06\/Senza-nome-29.png\" data-dt-img-description=\"\" data-large_image_width=\"494\" data-large_image_height=\"245\"><img loading=\"lazy\" decoding=\"async\" class=\"size-medium wp-image-340146 aligncenter\" src=\"https:\/\/www.radiopiu.net\/wordpress\/wp-content\/uploads\/2023\/06\/Senza-nome-29-300x149.png\" alt=\"\" width=\"300\" height=\"149\" srcset=\"https:\/\/www.radiopiu.net\/wordpress\/wp-content\/uploads\/2023\/06\/Senza-nome-29-300x149.png 300w, https:\/\/www.radiopiu.net\/wordpress\/wp-content\/uploads\/2023\/06\/Senza-nome-29.png 494w\" sizes=\"auto, (max-width: 300px) 100vw, 300px\" \/><\/a><\/p>\n<p>&nbsp;<\/p>\n<p>&nbsp;<\/p>\n<hr \/>\n<p>&nbsp;<\/p>\n<blockquote>\n<h3>RIQUALIFICATA LA ROTONDA DEL NEVEGAL, EREDITA&#8217; PER CHI VERRA&#8217;<\/h3>\n<\/blockquote>\n<blockquote><p><em>Un&#8217;opera di valorizzazione territoriale e un lascito per le nuove generazioni<\/em><\/p><\/blockquote>\n<p style=\"text-align: left;\"><strong><a class=\"dt-pswp-item\" href=\"https:\/\/www.radiopiu.net\/wordpress\/wp-content\/uploads\/2023\/06\/Rotonda-Nevegal-4-1.jpeg\" data-dt-img-description=\"\" data-large_image_width=\"2048\" data-large_image_height=\"1152\"><img loading=\"lazy\" decoding=\"async\" class=\"size-medium wp-image-340062 alignleft\" src=\"https:\/\/www.radiopiu.net\/wordpress\/wp-content\/uploads\/2023\/06\/Rotonda-Nevegal-4-1-300x169.jpeg\" alt=\"\" width=\"300\" height=\"169\" srcset=\"https:\/\/www.radiopiu.net\/wordpress\/wp-content\/uploads\/2023\/06\/Rotonda-Nevegal-4-1-300x169.jpeg 300w, https:\/\/www.radiopiu.net\/wordpress\/wp-content\/uploads\/2023\/06\/Rotonda-Nevegal-4-1-1024x576.jpeg 1024w, https:\/\/www.radiopiu.net\/wordpress\/wp-content\/uploads\/2023\/06\/Rotonda-Nevegal-4-1-768x432.jpeg 768w, https:\/\/www.radiopiu.net\/wordpress\/wp-content\/uploads\/2023\/06\/Rotonda-Nevegal-4-1-1536x864.jpeg 1536w, https:\/\/www.radiopiu.net\/wordpress\/wp-content\/uploads\/2023\/06\/Rotonda-Nevegal-4-1.jpeg 2048w\" sizes=\"auto, (max-width: 300px) 100vw, 300px\" \/><\/a>BELLUNO<\/strong>\u00a0 Vivaio Dolomiti ha concluso l&#8217;opera di riqualificazione della rotonda del Nevegal recuperando le piante di rododendro previste nel progetto iniziale.\u00a0 La scelta di utilizzare le tre piante autoctone del colle, come rododendri, eriche e ginestre, \u00e8 stata fatta dopo uno studio e una valutazione dei diversi periodi di fioritura, al fine di conferire un&#8217;identit\u00e0 precisa e territoriale a quello che abbiamo sempre desiderato fosse il biglietto da visita del piazzale. L&#8217;associazione Vivaio Dolomiti,\u00a0 \u00a0con un accordo di programma,\u00a0 ha la responsabilit\u00e0 della manutenzione per altri 3 anni (la rotatoria \u00e8 stata completata a luglio 2021) poi sar\u00e0 ceduta alle amministrazioni comunali.\u00a0<em> &#8220;Lasciamo in eredit\u00e0\u00a0 &#8211; dice Vivaio Dolomiti &#8211;\u00a0 un piccolo angolo riqualificato e molte idee,\u00a0 che altri hanno abbracciato dopo averle discusse, togliendole dai cassetti in cui erano rimaste dimenticate&#8221;. <\/em>Vivaio Dolomiti rimarca che senza lo\u00a0 sci il colle muore, auspicando una nuova stagione che inverta il trand degli ultimi decenni.<em> &#8220;Appena cade la prima neve o spunta il primo raggio di sole, il colle si riempie di turisti. Evidentemente, le potenzialit\u00e0 ci sono&#8221;.<\/em> Con uno sguardo alle nuove generazioni, infine, Vivaio Dolomiti culla la speranza che le nuove generazioni superino individualismi e\u00a0 personalismi &#8220;Noi &#8211; concludeo no &#8211;\u00a0 abbiamo lasciato un segnale. Ora spazio a tutti gli altri che possono fare di pi\u00f9 e meglio, speriamo che non rimanga solo una dichiarazione, ma si traduca in azioni concrete&#8221;<\/p>\n<p>&nbsp;<\/p>\n<p>&nbsp;<\/p>\n<hr \/>\n<p>&nbsp;<\/p>\n<blockquote>\n<h3>CARABINIERI TRA LA GENTE, CONTRO LE TRUFFE<\/h3>\n<\/blockquote>\n<p><strong><img loading=\"lazy\" decoding=\"async\" class=\"alignleft\" src=\"https:\/\/www.radiopiu.net\/wordpress\/wp-content\/uploads\/2023\/06\/17d259b0-3570-49b0-86b9-22faaafc13fa.jpg\" width=\"332\" height=\"221\" \/>BELLUNO<\/strong> L&#8217;Arma dei Carabinieri e l&#8217;Unione Montana Comelico hanno organizzato un incontro di successo per prevenire le truffe rivolte agli anziani. Pi\u00f9 di 50 persone hanno partecipato all&#8217;evento, durante il quale i Carabinieri hanno illustrato le attivit\u00e0 dei truffatori e fornito &#8220;regole d&#8217;oro&#8221; per evitare di essere vittime di truffe. \u00c8 stato evidenziato come i truffatori sfruttino situazioni di isolamento e minor attenzione per ingannare le potenziali vittime. Uno dei consigli principali forniti \u00e8 stato quello di chiamare il numero di emergenza 112 per richiedere consigli, poich\u00e9 il numero \u00e8 gratuito e i Carabinieri sono sempre pronti a rispondere. Alla fine dell&#8217;incontro, sono state distribuite brochure informative contenenti utili consigli per evitare le truffe. La campagna informativa dei Carabinieri continuer\u00e0 nei prossimi mesi, con un prossimo appuntamento in programma per il 16 giugno con il Colonnello Enrico Pigozzo, Comandante Provinciale dell\u2019Arma, insieme al Maresciallo Francesco Toscano, Comandante della Stazione di Arsi\u00e8.<\/p>\n<blockquote>\n<p align=\"JUSTIFY\"><span style=\"font-family: Times New Roman, serif;\"><span style=\"font-size: large;\">In cima alla lista dei consigli forniti dal Capitano Alessandro Bui, Comandante della Compagnia Carabinieri di Cortina, uno in particolare: \u201c<\/span><\/span><span style=\"font-family: Times New Roman, serif;\"><span style=\"font-size: large;\"><i>chiamateci sempre al 112 anche per un consiglio, non ci disturbate mai, il numero \u00e8 gratuito e saremo sempre pronti a rispondervi\u201d.<\/i><\/span><\/span><\/p>\n<\/blockquote>\n<p>&nbsp;<\/p>\n<hr \/>\n<p>&nbsp;<\/p>\n<blockquote>\n<h3>LE DIMISSIONI DI GIACOMO POSSAMAI ORA SINDACO DI VICENZA<\/h3>\n<\/blockquote>\n<p><strong><a class=\"dt-pswp-item\" href=\"https:\/\/www.radiopiu.net\/wordpress\/wp-content\/uploads\/2021\/07\/possamai-990x660-1.jpg\" data-dt-img-description=\"\" data-large_image_width=\"990\" data-large_image_height=\"660\"><img loading=\"lazy\" decoding=\"async\" class=\"wp-image-222738 alignleft\" src=\"https:\/\/www.radiopiu.net\/wordpress\/wp-content\/uploads\/2021\/07\/possamai-990x660-1-300x200.jpg\" alt=\"\" width=\"212\" height=\"141\" srcset=\"https:\/\/www.radiopiu.net\/wordpress\/wp-content\/uploads\/2021\/07\/possamai-990x660-1-300x200.jpg 300w, https:\/\/www.radiopiu.net\/wordpress\/wp-content\/uploads\/2021\/07\/possamai-990x660-1-768x512.jpg 768w, https:\/\/www.radiopiu.net\/wordpress\/wp-content\/uploads\/2021\/07\/possamai-990x660-1.jpg 990w\" sizes=\"auto, (max-width: 212px) 100vw, 212px\" \/><\/a>VENEZIA<\/strong> Giacomo Possamai del PD ha\u00a0 rassegnato le dimissioni. Il saluto all&#8217;Aula:<em> &#8220;Esperienza breve ma in mesi intensi. Auspico stagione di riforme necessarie nella seconda parte della legislatura&#8221;. <\/em>\u00a0Possamai auspica una stagione di rilancio dell&#8217;attivit\u00e0 legislativa che vada oltre il lavoro di aggiornamento su normative gi\u00e0 esistenti. <em>Ringrazio tutti, a partire dalla presidenza del Consiglio, per lo spirito di lealt\u00e0 che tra noi tutti \u00e8 sempre stato vivo, al di l\u00e0 delle logiche divergenze politiche con le forze di maggioranza. Un rapporto di lealt\u00e0 e di confronto aperto che nel mio ruolo di nuovo sindaco di Vicenza intendo proseguire e rafforzare con gli organi istituzionali della Regione Veneto. Auguro a tutti un buon lavoro&#8221; <\/em>conclude Possamai<\/p>\n<p>&nbsp;<\/p>\n<hr \/>\n<p>&nbsp;<\/p>\n<p>&nbsp;<\/p>\n<blockquote>\n<h3>GIUDIZIARIA, DAL CORRIERE DELLE ALPI OGGI IN EDICOLA<\/h3>\n<p>di GIGI SOSSO<\/p><\/blockquote>\n<p><strong>BELLUNO<\/strong> Truffava gli anziani sugli interessi del prestito. Condannato a un anno e quattro mesi e 500 euro di multa pi\u00f9 46 mila euro di risarcimento per la vedova di un bellunese. Alessandro Belloni si presentava come agente finanziario e diceva di lavorare per Banca Progetto di Roma. Secondo la Procura della Repubblica prendeva di mira le persone pi\u00f9 vulnerabili e avanti con gli anni.<\/p>\n<blockquote>\n<h3><\/h3>\n<h3>TAXISTA PESTATO, FARANNO VOLONTARIATO<\/h3>\n<\/blockquote>\n<p><strong>BELLUNO<\/strong> Gli aggressori maggiorenni del tassista noleggio con conducente faranno\u00a0 i lavori di pubblica utilit\u00e0. I due cittadini moldavi, nel frattempo non ci sono stati risarcimenti n\u00e9 per l&#8217;aggredito n\u00e9 per l&#8217;automobilista che si \u00e8 visto danneggiare lo specchietto retrovisore. Per i quattro minori, procede la Procura veneziana. Sarebbe stato proprio uno di questi ragazzi a sferrare i primi pugni. L&#8217;aggressione \u00e8 delle 23.43 del 23 dicembre di due anni fa davanti al teatro Comunale.\u00a0 L&#8217;aggredito \u00e8 tutelato da Andrea Rui, che\u00a0 chieder\u00e0 un adeguato risarcimento.<\/p>\n<p>&nbsp;<\/p>\n<hr \/>\n<blockquote>\n<h3><\/h3>\n<h3>LA CISL FP DENUNCIA &#8220;GRAVE CARENZA DI PERSONALE AMMINISTRATIVO NEGLI UFFICI GIUDIZIARI&#8221;<\/h3>\n<\/blockquote>\n<p><strong><a class=\"dt-pswp-item\" href=\"https:\/\/www.radiopiu.net\/wordpress\/wp-content\/uploads\/2022\/06\/TRIBUNALE-2.jpg\" data-dt-img-description=\"\" data-large_image_width=\"960\" data-large_image_height=\"720\"><img loading=\"lazy\" decoding=\"async\" class=\"size-medium wp-image-282908 alignleft\" src=\"https:\/\/www.radiopiu.net\/wordpress\/wp-content\/uploads\/2022\/06\/TRIBUNALE-2-300x225.jpg\" alt=\"\" width=\"300\" height=\"225\" srcset=\"https:\/\/www.radiopiu.net\/wordpress\/wp-content\/uploads\/2022\/06\/TRIBUNALE-2-300x225.jpg 300w, https:\/\/www.radiopiu.net\/wordpress\/wp-content\/uploads\/2022\/06\/TRIBUNALE-2-768x576.jpg 768w, https:\/\/www.radiopiu.net\/wordpress\/wp-content\/uploads\/2022\/06\/TRIBUNALE-2.jpg 960w\" sizes=\"auto, (max-width: 300px) 100vw, 300px\" \/><\/a>TREVISO_BELLUNO<\/strong> La Cisl Fp Belluno Treviso ha presentato una nuova segnalazione al Ministero della Giustizia riguardo alla carenza di personale amministrativo negli uffici giudiziari bellunesi evidenziando la grave situazione che sta compromettendo l&#8217;efficacia dell&#8217;attivit\u00e0 giudiziaria nella zona. Secondo la segnalazione della Cisl Fp, la Procura della Repubblica conta solo 16 unit\u00e0 di personale rispetto alle 26 previste, con una scopertura del 38,5%. Questa situazione peggiorer\u00e0 nel corso dell&#8217;anno a causa dell&#8217;uscita di altre due unit\u00e0, portando la scopertura al 46%. Tale carenza di personale rischia di avere conseguenze disastrose sul funzionamento dell&#8217;Ufficio, che fornisce servizi essenziali alla comunit\u00e0 bellunese. La situazione presso il Tribunale e l&#8217;Ufficio del Giudice di Pace \u00e8 ancora peggiore. Rispetto alle 44 risorse previste, solo 23 sono effettivamente presenti (una delle quali si trasferir\u00e0 presto per vincita di altro concorso), il che significa una scopertura che si avvicina al 50%. Inoltre, nell&#8217;Ufficio del Giudice di Pace ci sono solo 3 lavoratori rispetto ai 5 previsti. La Casa circondariale, infine, ha solo 8 dipendenti invece dei 15 previsti, con una scopertura del 47%. La Cisl Fp sottolinea che, nonostante la piena copertura dei magistrati, l&#8217;attivit\u00e0 giudiziaria \u00e8 rallentata dall&#8217;apparato amministrativo incompleto con lunghi tempi di attesa. Secondo la Fp, \u00e8 necessario un piano straordinario di assunzioni e interventi<\/p>\n<p>&nbsp;<\/p>\n<p>&nbsp;<\/p>\n<hr \/>\n<p>&nbsp;<\/p>\n<blockquote>\n<h3>IL SECONDO CONSIGLIO COMUNALE DI CANALE D&#8217;AGORDO IN POCHI GIORNI<\/h3>\n<\/blockquote>\n<p><strong>CANALE D&#8217;AGORDO<\/strong> Il sindaco di Canale D&#8217;Agordo Massimo Murer ha convocato i consiglieri comunali per stasera alle 20. Quattro i punti da discutere tra cui la nomina dei componenti della commissione elettorale comunale, l&#8217;approvazione del rediconto di gestione 2022 e la presentazione delle linee programmatiche relative alle azioni e progetti da realizzare nel corso del mandato.<\/p>\n<p>&nbsp;<\/p>\n<p>&nbsp;<\/p>\n<hr \/>\n<p>&nbsp;<\/p>\n<blockquote>\n<h3>OGGI CONSIGLIO COL CAPO COMUN GRONES<\/h3>\n<\/blockquote>\n<p><strong>LIVINALLONGO<\/strong> Oggi alle 18 si riunisce il consiglio comunale per deliberare su sette punti all&#8217;ordine del giorno: rendiconto 2022; variazione al bilancio; Asca, approvazione bilancio; concessione aree adibite ad ecocentro all&#8217;Unione Montana; nuova attivit\u00e0 ricettiva in area camper, centro welness e autorimessa per i vigili del fuoco.<\/p>\n<p>&nbsp;<\/p>\n<hr \/>\n<p>&nbsp;<\/p>\n<blockquote>\n<h3>LUNEDI CONSIGLIO FIUME, 13 I PUNTI IN DISCUSSIONE<\/h3>\n<p><em><a class=\"dt-pswp-item\" href=\"https:\/\/www.radiopiu.net\/wordpress\/wp-content\/uploads\/2022\/12\/MUNICIPIO-FALCADE.png\" data-dt-img-description=\"\" data-large_image_width=\"941\" data-large_image_height=\"655\"><img loading=\"lazy\" decoding=\"async\" class=\"wp-image-314065 alignleft\" src=\"https:\/\/www.radiopiu.net\/wordpress\/wp-content\/uploads\/2022\/12\/MUNICIPIO-FALCADE-300x209.png\" alt=\"\" width=\"185\" height=\"129\" srcset=\"https:\/\/www.radiopiu.net\/wordpress\/wp-content\/uploads\/2022\/12\/MUNICIPIO-FALCADE-300x209.png 300w, https:\/\/www.radiopiu.net\/wordpress\/wp-content\/uploads\/2022\/12\/MUNICIPIO-FALCADE-768x535.png 768w, https:\/\/www.radiopiu.net\/wordpress\/wp-content\/uploads\/2022\/12\/MUNICIPIO-FALCADE.png 941w\" sizes=\"auto, (max-width: 185px) 100vw, 185px\" \/><\/a>Anche una mozione della minoranza a \u00a0firma dei consiglieri Axel Pellegrini, Hermann Follador e Vani Savio relativa alla riattivazione del collegamento estivo tra Falcade e il Passo Valles tramite bus di linea.<\/em><\/p><\/blockquote>\n<p><strong>FALCADE<\/strong> Impegnativa seduta per i consiglieri di Falcade, convocati dal sindaco Mauro Salvaterra per lunedi alle 20 in Municipio. All&#8217;ordine del giorno: il bilancio Asca, rendiconto finanziario 2022, variazione al bilancio, concessioni immobili destinati all&#8217;ecocentro all&#8217;Unione Montana, bilancio di previsione, aumento capitale nella societ\u00e0 Col Margherita Spa, regolamento per le attivit\u00e0 di estetista-tatuaggio-acconciatore<\/p>\n<p>&nbsp;<\/p>\n<hr \/>\n<p>&nbsp;<\/p>\n<blockquote>\n<h3>MANUTENZIONE DELLE STRADE NEL CONSIGLIO ALLEGHESE<\/h3>\n<\/blockquote>\n<p><strong>ALLEGHE<\/strong> Lunedi alle 20 consiglio comunale, all&#8217;ordine del giorno: variazioni al bilancio, programma biennale per l&#8217;acquisizione di forniture e servizi, contributi per investimenti finalizzati alla manutenzione delle strade.<\/p>\n<p>&nbsp;<\/p>\n<hr \/>\n<p>&nbsp;<\/p>\n<p>DAL TG DI ANTENNA 3, IERI SERA ALLE 19.30 SUL CANALE 10 DEL DIGITALE TERRESTRE ogni giorno dal lunedi al sabato alle 19.05 ascolta le anticipazioni del TG&#8230; su RADIOPIU<\/p>\n<h1 class=\"_title post-title entry-title\">LA CITTADELLA ALPINA PER \u2018ARRUOLARE\u2019 I GIOVANI AI CAMPI SCUOLA DELLE PENNE NERE<\/h1>\n<p>Intervistato LINO DE PRA (Presidente sezione alpini di Belluno) (Servizio di <a href=\"https:\/\/antennatre.medianordest.it\/redazione\/Lucio-Zanato\/\">Lucio Zanato<\/a>)<\/p>\n<p><iframe loading=\"lazy\" title=\"LA CITTADELLA ALPINA PER &#039;ARRUOLARE&#039; I GIOVANI AI CAMPI SCUOLA DELLE PENNE NERE | 13\/06\/2023\" width=\"1200\" height=\"675\" src=\"https:\/\/www.youtube.com\/embed\/hGUncBY88lE?start=1&#038;feature=oembed\" frameborder=\"0\" allow=\"accelerometer; autoplay; clipboard-write; encrypted-media; gyroscope; picture-in-picture; web-share\" allowfullscreen><\/iframe><\/p>\n<p>&nbsp;<\/p>\n<hr \/>\n<p>&nbsp;<\/p>\n<blockquote>\n<h3><a class=\"dt-pswp-item\" href=\"https:\/\/www.radiopiu.net\/wordpress\/wp-content\/uploads\/2023\/06\/b3c59799-dcbe-48f4-9d1e-ee32b585a760.jpg\" data-dt-img-description=\"\" data-large_image_width=\"515\" data-large_image_height=\"720\"><img loading=\"lazy\" decoding=\"async\" class=\" wp-image-340130 alignleft\" src=\"https:\/\/www.radiopiu.net\/wordpress\/wp-content\/uploads\/2023\/06\/b3c59799-dcbe-48f4-9d1e-ee32b585a760-215x300.jpg\" alt=\"\" width=\"79\" height=\"110\" srcset=\"https:\/\/www.radiopiu.net\/wordpress\/wp-content\/uploads\/2023\/06\/b3c59799-dcbe-48f4-9d1e-ee32b585a760-215x300.jpg 215w, https:\/\/www.radiopiu.net\/wordpress\/wp-content\/uploads\/2023\/06\/b3c59799-dcbe-48f4-9d1e-ee32b585a760.jpg 515w\" sizes=\"auto, (max-width: 79px) 100vw, 79px\" \/><\/a>GIORNATA ECOLOGICA A CASA PIANDISON<\/h3>\n<\/blockquote>\n<p><strong>VOLTAGO<\/strong> Sabato alle 8 i volontari di Voltago sono chiamati a rapporto alla Casa Piandison per la giornata ecologica di primavera. Chi volesse dare una mano alla pulizia pu\u00f2 recarsi munito di decespugliatore, rastrello e cariola. A met\u00e0 mattinata merenda con panino e a pranzo la spaghettata per tutti. Le prenotazioni entro oggi al 330 491274<\/p>\n<p>&nbsp;<\/p>\n<p>&nbsp;<\/p>\n<hr \/>\n<p>&nbsp;<\/p>\n<div>\n<blockquote>\n<h3><b>Iscrizioni aperte per \u201cAAA Offresi\u201d: i giovani si mettono a disposizione della comunit\u00e0<\/b><\/h3>\n<\/blockquote>\n<p><span class=\"gmail-Apple-converted-space\"><a class=\"dt-pswp-item\" href=\"https:\/\/www.radiopiu.net\/wordpress\/wp-content\/uploads\/2023\/06\/Giovani_al_lavoro.jpg\" data-dt-img-description=\"\" data-large_image_width=\"1105\" data-large_image_height=\"1023\"><img loading=\"lazy\" decoding=\"async\" class=\" wp-image-340040 alignleft\" src=\"https:\/\/www.radiopiu.net\/wordpress\/wp-content\/uploads\/2023\/06\/Giovani_al_lavoro-300x278.jpg\" alt=\"\" width=\"201\" height=\"186\" srcset=\"https:\/\/www.radiopiu.net\/wordpress\/wp-content\/uploads\/2023\/06\/Giovani_al_lavoro-300x278.jpg 300w, https:\/\/www.radiopiu.net\/wordpress\/wp-content\/uploads\/2023\/06\/Giovani_al_lavoro-1024x948.jpg 1024w, https:\/\/www.radiopiu.net\/wordpress\/wp-content\/uploads\/2023\/06\/Giovani_al_lavoro-768x711.jpg 768w, https:\/\/www.radiopiu.net\/wordpress\/wp-content\/uploads\/2023\/06\/Giovani_al_lavoro.jpg 1105w\" sizes=\"auto, (max-width: 201px) 100vw, 201px\" \/><\/a><\/span><strong>PONTE NELLE ALPI <\/strong>Anche per l&#8217;estate 2023, il Comune di Ponte nelle Alpi e il Comune di Soverzene, con la collaborazione della Cooperativa Socio Culturale, organizzano \u201cAAA Offresi\u201d nei mesi di luglio ed agosto: l\u2019iniziativa \u00e8 rivolta ai ragazzi dai 14 ai 18 anni, affinch\u00e9 possano essere impegnati in attivit\u00e0 a favore della comunit\u00e0 in un periodo in cui le scuole sono chiuse. In particolare, nel settore delle manutenzioni, della segreteria, nel sociale e nella promozione del territorio.<span class=\"gmail-Apple-converted-space\"> Info <\/span><a href=\"http:\/\/www.comune.pontenellealpi.bl.it\">www.comune.pontenellealpi.bl.it<\/a>.<\/p>\n<\/div>\n<p>&nbsp;<\/p>\n<p>&nbsp;<\/p>\n<p>&nbsp;<\/p>\n<hr \/>\n<p>&nbsp;<\/p>\n<blockquote>\n<h3>GETTATE LE BASI PER SINERGIA TRA MILANO \u2013 CORTINA 2026 E GENOVA, CAPITALE EUROPEA DELLO SPORT 2024<\/h3>\n<\/blockquote>\n<p><strong><a class=\"dt-pswp-item\" href=\"https:\/\/www.radiopiu.net\/wordpress\/wp-content\/uploads\/2021\/05\/CONFINDUSTRIA.png\" data-dt-img-description=\"\" data-large_image_width=\"575\" data-large_image_height=\"575\"><img loading=\"lazy\" decoding=\"async\" class=\" wp-image-211858 alignleft\" src=\"https:\/\/www.radiopiu.net\/wordpress\/wp-content\/uploads\/2021\/05\/CONFINDUSTRIA-300x300.png\" alt=\"\" width=\"124\" height=\"124\" srcset=\"https:\/\/www.radiopiu.net\/wordpress\/wp-content\/uploads\/2021\/05\/CONFINDUSTRIA-300x300.png 300w, https:\/\/www.radiopiu.net\/wordpress\/wp-content\/uploads\/2021\/05\/CONFINDUSTRIA-150x150.png 150w, https:\/\/www.radiopiu.net\/wordpress\/wp-content\/uploads\/2021\/05\/CONFINDUSTRIA.png 575w\" sizes=\"auto, (max-width: 124px) 100vw, 124px\" \/><\/a>BELLUNO <\/strong>Gettate le basi per una possibile sinergia tra la Fondazione Milano &#8211; Cortina 2026 e Genova, Capitale Europea dello Sport 2024, grazie al Gruppo Tecnico Sport e Grandi Eventi di Confindustria nazionale coordinato da Lorraine Berton, Presidente di Confindustria Belluno Dolomiti. Si \u00e8 svolta nei giorni scorsi a Genova, alla presenza del sindaco Marco Bucci, nella sede della Fondazione Garrone, la prima riunione \u201citinerante\u201d del Gruppo Tecnico Sport e Grandi Eventi di Confindustria per approfondire tutti gli eventi che vedranno coinvolta la citt\u00e0 di Genova, capitale europea dello sport 2024. Era presente, tra gli altri, Iacopo Mazzetti head of legacy della Fondazione Milano &#8211; Cortina 2026.<\/p>\n<p>&nbsp;<\/p>\n<p>&nbsp;<\/p>\n<hr \/>\n<p>&nbsp;<\/p>\n<blockquote>\n<h3>STAGIONE AL VIA IN MARMOLADA, SVOLTA 4.0 E NUOVI SERVIZI CON APP E QR CODE<\/h3>\n<\/blockquote>\n<p><strong><a class=\"dt-pswp-item\" href=\"https:\/\/www.radiopiu.net\/wordpress\/wp-content\/uploads\/2023\/06\/FUNIVIE-MARMOLADA.jpg\" data-dt-img-description=\"\" data-large_image_width=\"1920\" data-large_image_height=\"1280\"><img loading=\"lazy\" decoding=\"async\" class=\" wp-image-340078 alignleft\" src=\"https:\/\/www.radiopiu.net\/wordpress\/wp-content\/uploads\/2023\/06\/FUNIVIE-MARMOLADA-300x200.jpg\" alt=\"\" width=\"162\" height=\"108\" srcset=\"https:\/\/www.radiopiu.net\/wordpress\/wp-content\/uploads\/2023\/06\/FUNIVIE-MARMOLADA-300x200.jpg 300w, https:\/\/www.radiopiu.net\/wordpress\/wp-content\/uploads\/2023\/06\/FUNIVIE-MARMOLADA-1024x683.jpg 1024w, https:\/\/www.radiopiu.net\/wordpress\/wp-content\/uploads\/2023\/06\/FUNIVIE-MARMOLADA-768x512.jpg 768w, https:\/\/www.radiopiu.net\/wordpress\/wp-content\/uploads\/2023\/06\/FUNIVIE-MARMOLADA-1536x1024.jpg 1536w, https:\/\/www.radiopiu.net\/wordpress\/wp-content\/uploads\/2023\/06\/FUNIVIE-MARMOLADA.jpg 1920w\" sizes=\"auto, (max-width: 162px) 100vw, 162px\" \/><\/a>ROCCA PIETORE <\/strong>Stagione al via in Marmolada tra paesaggi mozzafiato e la grande storia: riaprono infatti sabato 17 giugno \u2013 e per tutta l&#8217;estate &#8211; gli impianti funiviari tra Malga Ciapela e Punta Rocca. La macchina organizzativa \u00e8 in moto da settimane, impiantisti e operatori sono al lavoro per garantire una stagione ai massimi livelli e che si preannuncia dai grandi numeri. Anche per questo, sono state introdotte e potenziate le nuove tecnologie: tramite Qr Code, per esempio, sar\u00e0 possibile consultare una brochure interattiva dedicata al massiccio, ai servizi offerti e alle tante iniziative previste per tutta l&#8217;estate. Con l&#8217;app Geochip \u2013 su tutti gli store digitali \u2013 sar\u00e0 invece disponibile un&#8217;audioguida. Semplificate anche le procedure per l&#8217;acquisto on line dei biglietti e saltare la coda. La Marmolada resta il punto di osservazione principale sulle Dolomiti Patrimonio Unesco con la sua terrazza panoramica a 3265 metri: una visuale a 360 gradi che regala emozioni uniche, cos\u00ec come rimane immutato il fascino della grotta-cappella che ospita la statua della Madonna consacrata da Giovanni Paolo II, in occasione della sua visita del 26 agosto 1979. A Serauta, invece, rimarr\u00e0 visitabile per tutta l&#8217;estate il Museo della Grande Guerra, che racconta la quotidianit\u00e0 di migliaia di soldati in quota nel corso del primo conflitto mondiale, con la possibilit\u00e0 di scoprire le Zone Monumentali Sacre di Forcella a Vu con la Galleria Rosso e di Punta Serauta con il vecchio percorso del Fortilizio Italiano che comprendono posti di comando, osservatori, postazioni, ricoveri, baracche, trincee e camminamenti realizzati dai soldati italiani. Tante le proposte e le iniziative previste per l&#8217;estate 2023, come la possibilit\u00e0 di praticare yoga in quota.<\/p>\n<p>&nbsp;<\/p>\n<hr \/>\n<p>&nbsp;<\/p>\n<blockquote>\n<h3><a class=\"dt-pswp-item\" href=\"https:\/\/www.radiopiu.net\/wordpress\/wp-content\/uploads\/2018\/07\/VisitateCascateSoffia.jpg\" data-dt-img-description=\"\" data-large_image_width=\"1100\" data-large_image_height=\"751\"><img loading=\"lazy\" decoding=\"async\" class=\" wp-image-53047 alignleft\" src=\"https:\/\/www.radiopiu.net\/wordpress\/wp-content\/uploads\/2018\/07\/VisitateCascateSoffia-300x205.jpg\" alt=\"\" width=\"234\" height=\"160\" srcset=\"https:\/\/www.radiopiu.net\/wordpress\/wp-content\/uploads\/2018\/07\/VisitateCascateSoffia-300x205.jpg 300w, https:\/\/www.radiopiu.net\/wordpress\/wp-content\/uploads\/2018\/07\/VisitateCascateSoffia-768x524.jpg 768w, https:\/\/www.radiopiu.net\/wordpress\/wp-content\/uploads\/2018\/07\/VisitateCascateSoffia-1024x699.jpg 1024w, https:\/\/www.radiopiu.net\/wordpress\/wp-content\/uploads\/2018\/07\/VisitateCascateSoffia.jpg 1100w\" sizes=\"auto, (max-width: 234px) 100vw, 234px\" \/><\/a>ALLA SOFFIA IL PARK ESTIVO<\/h3>\n<\/blockquote>\n<p><strong>SOSPIROLO<\/strong>\u00a0 Cento posti macchina a pagamento in riva al lago del Mis, in attesa che in autunno la valle del Mis veda partire un altro progetto importante: la realizzazione della linea dell&#8217;elettricit\u00e0 fino alla Soffia. La giunta di Sospirolo ha dato il via libera al progetto definitivo\/esecutivo per realizzare i parcheggi a pagamento estivi e un&#8217;area ricreativa con panche e tavolini sotto la strada che porta alla Soffia<\/p>\n<p>&nbsp;<\/p>\n<p>&nbsp;<\/p>\n<hr \/>\n<p>&nbsp;<\/p>\n<blockquote>\n<h3><a class=\"dt-pswp-item\" href=\"https:\/\/www.radiopiu.net\/wordpress\/wp-content\/uploads\/2023\/06\/6d275920-d536-4982-9105-b53026b11638.jpg\" data-dt-img-description=\"\" data-large_image_width=\"1156\" data-large_image_height=\"1600\"><img loading=\"lazy\" decoding=\"async\" class=\" wp-image-339406 alignleft\" src=\"https:\/\/www.radiopiu.net\/wordpress\/wp-content\/uploads\/2023\/06\/6d275920-d536-4982-9105-b53026b11638-217x300.jpg\" alt=\"\" width=\"107\" height=\"148\" srcset=\"https:\/\/www.radiopiu.net\/wordpress\/wp-content\/uploads\/2023\/06\/6d275920-d536-4982-9105-b53026b11638-217x300.jpg 217w, https:\/\/www.radiopiu.net\/wordpress\/wp-content\/uploads\/2023\/06\/6d275920-d536-4982-9105-b53026b11638-740x1024.jpg 740w, https:\/\/www.radiopiu.net\/wordpress\/wp-content\/uploads\/2023\/06\/6d275920-d536-4982-9105-b53026b11638-768x1063.jpg 768w, https:\/\/www.radiopiu.net\/wordpress\/wp-content\/uploads\/2023\/06\/6d275920-d536-4982-9105-b53026b11638-1110x1536.jpg 1110w, https:\/\/www.radiopiu.net\/wordpress\/wp-content\/uploads\/2023\/06\/6d275920-d536-4982-9105-b53026b11638.jpg 1156w\" sizes=\"auto, (max-width: 107px) 100vw, 107px\" \/><\/a>UNA GRANDE FESTA PER I PRIMI 60 ANNI DEL FIORI BARP<\/h3>\n<\/blockquote>\n<p>&nbsp;<\/p>\n<p>&nbsp;<\/p>\n<p><strong>di ROBERTO BONA<\/strong><\/p>\n<audio class=\"wp-audio-shortcode\" id=\"audio-339974-5\" preload=\"none\" style=\"width: 100%;\" controls=\"controls\"><source type=\"audio\/mpeg\" src=\"https:\/\/www.radiopiu.net\/wordpress\/wp-content\/uploads\/2023\/06\/DalCinMas.mp3?_=5\" \/><a href=\"https:\/\/www.radiopiu.net\/wordpress\/wp-content\/uploads\/2023\/06\/DalCinMas.mp3\">https:\/\/www.radiopiu.net\/wordpress\/wp-content\/uploads\/2023\/06\/DalCinMas.mp3<\/a><\/audio>\n<p>&nbsp;<\/p>\n<hr \/>\n<p>&nbsp;<\/p>\n<blockquote>\n<h3>ASSEMBLEA STRAORDINARIA U.S.AGORDINA<\/h3>\n<\/blockquote>\n<p><strong>\u00a0AGORDO\u00a0<\/strong> Convocata\u00a0 per oggi alle 18.30\u00a0 \u00a0nella sede dell\u2019Ivano Dorigo di Agordo .l&#8217;assemblea straordinaria dei SOCI per il\u00a0 rinnovo delle\u00a0 cariche sociali.\u00a0 Per coloro fossero interessati all\u2019iscrizione in qualit\u00e0 di Soci all\u2019US Agordina, si invita a contattare la societ\u00e0 US Agordina mediante mail al seguente <span style=\"color: #0000ff;\">agordinacalciods@gmail.com<\/span> al fine di ottenere il modulo di richiesta iscrizione.<\/p>\n<p>&nbsp;<\/p>\n<hr \/>\n<p>&nbsp;<\/p>\n<blockquote>\n<h3>UN ANNULLO FILATELICO DEDICATO AGLI ALPINI DEL TRIVENETO<\/h3>\n<h3><a class=\"dt-pswp-item\" href=\"https:\/\/www.radiopiu.net\/wordpress\/wp-content\/uploads\/2023\/06\/image002.jpg\" data-dt-img-description=\"\" data-large_image_width=\"600\" data-large_image_height=\"600\"><img loading=\"lazy\" decoding=\"async\" class=\"wp-image-340071 alignleft\" src=\"https:\/\/www.radiopiu.net\/wordpress\/wp-content\/uploads\/2023\/06\/image002-300x300.jpg\" alt=\"\" width=\"134\" height=\"134\" srcset=\"https:\/\/www.radiopiu.net\/wordpress\/wp-content\/uploads\/2023\/06\/image002-300x300.jpg 300w, https:\/\/www.radiopiu.net\/wordpress\/wp-content\/uploads\/2023\/06\/image002-150x150.jpg 150w, https:\/\/www.radiopiu.net\/wordpress\/wp-content\/uploads\/2023\/06\/image002.jpg 600w\" sizes=\"auto, (max-width: 134px) 100vw, 134px\" \/><\/a><strong>BELLUNO<\/strong> Nel prossimo fine settimana, Poste Italiane metter\u00e0 a disposizione dei collezionisti e di tutti i partecipanti del Raduno Triveneto degli Alpini un annullo filatelico temporaneo, potr\u00e0 essere richiesto allo stand di Poste Italiane allestito nel parco \u201cCitt\u00e0 di Bologna\u201d\u00a0 sabato e domenica<\/h3>\n<\/blockquote>\n<p>&nbsp;<\/p>\n<p>&nbsp;<\/p>\n<p>&nbsp;<\/p>\n<p>&nbsp;<\/p>\n<hr \/>\n<p>&nbsp;<\/p>\n<blockquote>\n<h3>EL BON DE L&#8217;ANSUDA, DUE GIORNI IN VALLE DEL BIOIS CON LA FESTA DI PRIMAVERA<\/h3>\n<\/blockquote>\n<p><strong><a class=\"dt-pswp-item\" href=\"https:\/\/www.radiopiu.net\/wordpress\/wp-content\/uploads\/2023\/06\/75b3bac8-d749-479d-95fd-f5882cc001a1.jpg\" data-dt-img-description=\"\" data-large_image_width=\"1024\" data-large_image_height=\"768\"><img loading=\"lazy\" decoding=\"async\" class=\"size-medium wp-image-340022 alignleft\" src=\"https:\/\/www.radiopiu.net\/wordpress\/wp-content\/uploads\/2023\/06\/75b3bac8-d749-479d-95fd-f5882cc001a1-300x225.jpg\" alt=\"\" width=\"300\" height=\"225\" srcset=\"https:\/\/www.radiopiu.net\/wordpress\/wp-content\/uploads\/2023\/06\/75b3bac8-d749-479d-95fd-f5882cc001a1-300x225.jpg 300w, https:\/\/www.radiopiu.net\/wordpress\/wp-content\/uploads\/2023\/06\/75b3bac8-d749-479d-95fd-f5882cc001a1-768x576.jpg 768w, https:\/\/www.radiopiu.net\/wordpress\/wp-content\/uploads\/2023\/06\/75b3bac8-d749-479d-95fd-f5882cc001a1.jpg 1024w\" sizes=\"auto, (max-width: 300px) 100vw, 300px\" \/><\/a><\/strong><\/p>\n<p>&nbsp;<\/p>\n<p>&nbsp;<\/p>\n<p><strong>L&#8217;INTERVISTA ALLA RADIO<\/strong><\/p>\n<p><strong>OSPITI: ANTONELLA SCHENA_FLORA MINOTTO<\/strong><\/p>\n<p>&nbsp;<\/p>\n<p>&nbsp;<\/p>\n<p>&nbsp;<\/p>\n<p>&nbsp;<\/p>\n<p><strong>di Mirko Mezzacasa<\/strong><\/p>\n<audio class=\"wp-audio-shortcode\" id=\"audio-339974-6\" preload=\"none\" style=\"width: 100%;\" controls=\"controls\"><source type=\"audio\/mpeg\" src=\"https:\/\/www.radiopiu.net\/wordpress\/wp-content\/uploads\/2023\/06\/ANTONELLA-E-FLORA.mp3?_=6\" \/><a href=\"https:\/\/www.radiopiu.net\/wordpress\/wp-content\/uploads\/2023\/06\/ANTONELLA-E-FLORA.mp3\">https:\/\/www.radiopiu.net\/wordpress\/wp-content\/uploads\/2023\/06\/ANTONELLA-E-FLORA.mp3<\/a><\/audio>\n<p>&nbsp;<\/p>\n<p>&nbsp;<\/p>\n<hr \/>\n<p>&nbsp;<\/p>\n<h2><span style=\"color: #008080;\">&#8220;DINTORN E FORA VIA&#8221;\u00a0<\/span><span style=\"color: #008080;\"> IL PROGRAMMA\u00a0 <\/span><span style=\"color: #008080;\">A CURA DEL MUSLA\u00a0\u00a0<\/span><\/h2>\n<h1 style=\"text-align: center;\"><\/h1>\n<h1 style=\"text-align: center;\"><strong><span style=\"color: #ff0000;\">SECONDO ANNO<\/span><\/strong><strong><span style=\"color: #ff0000;\">\u00a0<\/span><\/strong><\/h1>\n<p>&nbsp;<\/p>\n<p><a class=\"dt-pswp-item\" href=\"https:\/\/www.radiopiu.net\/wordpress\/wp-content\/uploads\/2023\/06\/995f92e5-9809-414c-bf81-851823badc57.jpg\" data-dt-img-description=\"\" data-large_image_width=\"1600\" data-large_image_height=\"145\"><img loading=\"lazy\" decoding=\"async\" class=\"size-medium wp-image-339989 alignleft\" src=\"https:\/\/www.radiopiu.net\/wordpress\/wp-content\/uploads\/2023\/06\/995f92e5-9809-414c-bf81-851823badc57-300x27.jpg\" alt=\"\" width=\"300\" height=\"27\" srcset=\"https:\/\/www.radiopiu.net\/wordpress\/wp-content\/uploads\/2023\/06\/995f92e5-9809-414c-bf81-851823badc57-300x27.jpg 300w, https:\/\/www.radiopiu.net\/wordpress\/wp-content\/uploads\/2023\/06\/995f92e5-9809-414c-bf81-851823badc57-1024x93.jpg 1024w, https:\/\/www.radiopiu.net\/wordpress\/wp-content\/uploads\/2023\/06\/995f92e5-9809-414c-bf81-851823badc57-768x70.jpg 768w, https:\/\/www.radiopiu.net\/wordpress\/wp-content\/uploads\/2023\/06\/995f92e5-9809-414c-bf81-851823badc57-1536x139.jpg 1536w, https:\/\/www.radiopiu.net\/wordpress\/wp-content\/uploads\/2023\/06\/995f92e5-9809-414c-bf81-851823badc57.jpg 1600w\" sizes=\"auto, (max-width: 300px) 100vw, 300px\" \/><\/a><strong>PUNTATA DEL 13 06 NORMAN CREPAZ<\/strong><\/p>\n<audio class=\"wp-audio-shortcode\" id=\"audio-339974-7\" preload=\"none\" style=\"width: 100%;\" controls=\"controls\"><source type=\"audio\/mpeg\" src=\"https:\/\/www.radiopiu.net\/wordpress\/wp-content\/uploads\/2023\/06\/Pontada_13_06.mp3?_=7\" \/><a href=\"https:\/\/www.radiopiu.net\/wordpress\/wp-content\/uploads\/2023\/06\/Pontada_13_06.mp3\">https:\/\/www.radiopiu.net\/wordpress\/wp-content\/uploads\/2023\/06\/Pontada_13_06.mp3<\/a><\/audio>\n<p><strong>LA RACCOLTA COMPLETA\u00a0<\/strong><\/p>\n<blockquote class=\"wp-embedded-content\" data-secret=\"1bymH0cAFz\"><p><a href=\"https:\/\/www.radiopiu.net\/wordpress\/musla\/\">MUSLA<\/a><\/p><\/blockquote>\n<p><iframe loading=\"lazy\" class=\"wp-embedded-content\" sandbox=\"allow-scripts\" security=\"restricted\" style=\"position: absolute; clip: rect(1px, 1px, 1px, 1px);\" title=\"&#8220;MUSLA&#8221; &#8212; Radio Pi\u00f9\" src=\"https:\/\/www.radiopiu.net\/wordpress\/musla\/embed\/#?secret=rZvxb95aqv#?secret=1bymH0cAFz\" data-secret=\"1bymH0cAFz\" width=\"600\" height=\"338\" frameborder=\"0\" marginwidth=\"0\" marginheight=\"0\" scrolling=\"no\"><\/iframe><\/p>\n<p>&nbsp;<\/p>\n<hr \/>\n<p>&nbsp;<\/p>\n<h1><span style=\"color: #ff0000;\">SCUOLA\u00a0<\/span><\/h1>\n<p><strong>LA RACCOLTA COMPLETA<\/strong><\/p>\n<blockquote class=\"wp-embedded-content\" data-secret=\"mwKs6JoiHR\"><p><a href=\"https:\/\/www.radiopiu.net\/wordpress\/se-non-la-smetti-di-mando-dal-preside\/\">SE NON LA SMETTI TI MANDO DAL PRESIDE<\/a><\/p><\/blockquote>\n<p><iframe loading=\"lazy\" class=\"wp-embedded-content\" sandbox=\"allow-scripts\" security=\"restricted\" style=\"position: absolute; clip: rect(1px, 1px, 1px, 1px);\" title=\"&#8220;SE NON LA SMETTI TI MANDO DAL PRESIDE&#8221; &#8212; Radio Pi\u00f9\" src=\"https:\/\/www.radiopiu.net\/wordpress\/se-non-la-smetti-di-mando-dal-preside\/embed\/#?secret=XD06gfcNIk#?secret=mwKs6JoiHR\" data-secret=\"mwKs6JoiHR\" width=\"600\" height=\"338\" frameborder=\"0\" marginwidth=\"0\" marginheight=\"0\" scrolling=\"no\"><\/iframe><\/p>\n<p>&nbsp;<\/p>\n<p>&nbsp;<\/p>\n<hr \/>\n<p>&nbsp;<\/p>\n<blockquote>\n<h2 class=\"entry-title\" style=\"text-align: center;\"><span style=\"color: #ff0000;\">100 ANNI DI RADIO \u2013 40 ANNI DI RADIO PI\u00d9<\/span><\/h2>\n<\/blockquote>\n<p class=\"photoswipe-wrapper\"><a class=\"dt-pswp-item pspw-wrap-ready\" href=\"https:\/\/www.radiopiu.net\/wordpress\/wp-content\/uploads\/2023\/06\/Senza-nome-1.jpg\" data-dt-img-description=\"\" data-large_image_width=\"549\" data-large_image_height=\"429\"><img loading=\"lazy\" decoding=\"async\" class=\"size-medium wp-image-338505 alignleft\" src=\"https:\/\/www.radiopiu.net\/wordpress\/wp-content\/uploads\/2023\/06\/Senza-nome-1-300x234.jpg\" sizes=\"auto, (max-width: 300px) 100vw, 300px\" srcset=\"https:\/\/www.radiopiu.net\/wordpress\/wp-content\/uploads\/2023\/06\/Senza-nome-1-300x234.jpg 300w, https:\/\/www.radiopiu.net\/wordpress\/wp-content\/uploads\/2023\/06\/Senza-nome-1.jpg 549w\" alt=\"\" width=\"300\" height=\"234\" \/><\/a>Da quando l\u2019Eiar diede il via alla sua prima trasmissione radiofonica nel lontano 1923, sono trascorsi ben cento anni dalla nascita di un mezzo di comunicazione che ha segnato la storia dell\u2019umanit\u00e0. La radio, con la sua capacit\u00e0 di informare, intrattenere e connettere le persone, ha mantenuto la sua importanza nel corso dei decenni, adattandosi ai cambiamenti tecnologici e sociali. Dall\u2019Eiar alla Rai, dalle radio locali ai gruppi nazionali privati, fino alle moderne radio web, l\u2019evoluzione del panorama radiofonico ha seguito il mutare dei tempi. Sono stati quarant\u2019anni dalla nascita di Radio Pi\u00f9, emittente che ha saputo\u00a0<a class=\"dt-pswp-item pspw-wrap-ready\" href=\"https:\/\/www.radiopiu.net\/wordpress\/wp-content\/uploads\/2023\/06\/c4f41af3-b1f7-424a-a20c-3563652ec6a0.jpg\" data-dt-img-description=\"\" data-large_image_width=\"1024\" data-large_image_height=\"768\"><img loading=\"lazy\" decoding=\"async\" class=\"size-medium wp-image-338506 alignright\" src=\"https:\/\/www.radiopiu.net\/wordpress\/wp-content\/uploads\/2023\/06\/c4f41af3-b1f7-424a-a20c-3563652ec6a0-300x225.jpg\" sizes=\"auto, (max-width: 300px) 100vw, 300px\" srcset=\"https:\/\/www.radiopiu.net\/wordpress\/wp-content\/uploads\/2023\/06\/c4f41af3-b1f7-424a-a20c-3563652ec6a0-300x225.jpg 300w, https:\/\/www.radiopiu.net\/wordpress\/wp-content\/uploads\/2023\/06\/c4f41af3-b1f7-424a-a20c-3563652ec6a0-768x576.jpg 768w, https:\/\/www.radiopiu.net\/wordpress\/wp-content\/uploads\/2023\/06\/c4f41af3-b1f7-424a-a20c-3563652ec6a0.jpg 1024w\" alt=\"\" width=\"300\" height=\"225\" \/><\/a>raccontare il territorio e diventare un punto di riferimento per gli appassionati di musica, notizie e intrattenimento (foto in alto in esposizione a RADIOPIU della Pizzeria Costa, Canale d\u2019Agordo).\u00a0\u00a0<strong>Per celebrare il valore intramontabile della radio, Radio Pi\u00f9 ha organizzato un evento speciale. Sabato 24, domenica 25 e luned\u00ec 26, nella suggestiva cornice di Taibon Agordino, in Piazza San Rocco, si terr\u00e0 \u201cLa Mostra delle Radio \u2013 Dal Secolo Scorso ad Oggi\u201d. Un\u2019iniziativa unica, nata dall\u2019idea di Ivano Benvegn\u00f9, Franco Gnel Ben e Mirko Mezzacasa, che vuole ripercorrere la storia della radio attraverso le sue diverse epoche.<\/strong><\/p>\n<p class=\"photoswipe-wrapper\"><a class=\"dt-pswp-item pspw-wrap-ready\" href=\"https:\/\/www.radiopiu.net\/wordpress\/wp-content\/uploads\/2023\/06\/490861a5-5a3d-4404-8e46-65b0e77576bb.jpg\" data-dt-img-description=\"\" data-large_image_width=\"1500\" data-large_image_height=\"2000\"><img loading=\"lazy\" decoding=\"async\" class=\"size-medium wp-image-338508 alignleft\" src=\"https:\/\/www.radiopiu.net\/wordpress\/wp-content\/uploads\/2023\/06\/490861a5-5a3d-4404-8e46-65b0e77576bb-225x300.jpg\" sizes=\"auto, (max-width: 225px) 100vw, 225px\" srcset=\"https:\/\/www.radiopiu.net\/wordpress\/wp-content\/uploads\/2023\/06\/490861a5-5a3d-4404-8e46-65b0e77576bb-225x300.jpg 225w, https:\/\/www.radiopiu.net\/wordpress\/wp-content\/uploads\/2023\/06\/490861a5-5a3d-4404-8e46-65b0e77576bb-768x1024.jpg 768w, https:\/\/www.radiopiu.net\/wordpress\/wp-content\/uploads\/2023\/06\/490861a5-5a3d-4404-8e46-65b0e77576bb-1152x1536.jpg 1152w, https:\/\/www.radiopiu.net\/wordpress\/wp-content\/uploads\/2023\/06\/490861a5-5a3d-4404-8e46-65b0e77576bb.jpg 1500w\" alt=\"\" width=\"225\" height=\"300\" \/><\/a>La mostra sar\u00e0 un viaggio affascinante nel tempo, offrendo ai visitatori l\u2019opportunit\u00e0 di esplorare l\u2019evoluzione dei dispositivi radiofonici e delle trasmissioni nel corso dei decenni. Dagli antichi apparecchi a valvole fino ai moderni dispositivi digitali, sar\u00e0 possibile ammirare la tecnologia che ha reso possibile l\u2019ascolto delle voci e delle storie provenienti da tutto il mondo. Oltre alla componente tecnologica, la mostra metter\u00e0 in luce l\u2019impatto sociale e culturale della radio. Attraverso immagini, documenti d\u2019epoca e testimonianze, si cercher\u00e0 di trasmettere l\u2019importanza di questo mezzo di comunicazione nella vita quotidiana delle persone. La radio ha saputo accompagnare gli ascoltatori nelle loro giornate, diventando compagna di viaggio, fonte di informazione e stimolo per l\u2019immaginazione e il sogno. Radio Pi\u00f9, con la sua lunga storia nel panorama radiofonico, \u00e8 orgogliosa di celebrare l\u2019eredit\u00e0 della radio e il suo impatto duraturo sulla societ\u00e0. L\u2019evento in Piazza San Rocco rappresenta un\u2019occasione unica per rivivere i momenti salienti della radiofonia e per riflettere su come questo strumento abbia saputo evolversi e reinventarsi nel corso dei decenni. La radio continua ad essere un mezzo di comunicazione privilegiato, capace di creare un legame intimo tra le persone e di stimolare la fantasia. Proprio per questa ragione, Radio Pi\u00f9 invita tutti a partecipare a questa straordinaria mostra, per riscoprire insieme il fascino intramontabile della radio e per celebrare cento anni di storia e cultura radiofonica (foto a lato di Franco Ben)<\/p>\n<p>&nbsp;<\/p>\n<hr \/>\n<p>&nbsp;<\/p>\n<blockquote class=\"wp-embedded-content\" data-secret=\"ItEJboK9yu\"><p><a href=\"https:\/\/www.radiopiu.net\/wordpress\/sentimental-le-storie-damore-di-paola-lanciato\/\">SENTIMENTAL,\u00a0 &#8220;le storie d&#8217;amore&#8221; DI PAOLA LANCIATO<\/a><\/p><\/blockquote>\n<p><iframe loading=\"lazy\" class=\"wp-embedded-content\" sandbox=\"allow-scripts\" security=\"restricted\" style=\"position: absolute; clip: rect(1px, 1px, 1px, 1px);\" title=\"&#8220;SENTIMENTAL,\u00a0 &#8220;le storie d&#8217;amore&#8221; DI PAOLA LANCIATO&#8221; &#8212; Radio Pi\u00f9\" src=\"https:\/\/www.radiopiu.net\/wordpress\/sentimental-le-storie-damore-di-paola-lanciato\/embed\/#?secret=GnP4JFFaig#?secret=ItEJboK9yu\" data-secret=\"ItEJboK9yu\" width=\"600\" height=\"338\" frameborder=\"0\" marginwidth=\"0\" marginheight=\"0\" scrolling=\"no\"><\/iframe><\/p>\n<p>&nbsp;<\/p>\n<hr \/>\n<p>&nbsp;<\/p>\n<blockquote>\n<h2>&#8220;NCONTONSE&#8221; IN LADINO SU RADIO PI\u00d9<\/h2>\n<\/blockquote>\n<blockquote class=\"wp-embedded-content\" data-secret=\"CRoTyfJalQ\"><p><a href=\"https:\/\/www.radiopiu.net\/wordpress\/lad05\/\">&#8220;NCONTONSE&#8221; IN LADINO SU RADIO PI\u00d9, quinta   puntata<\/a><\/p><\/blockquote>\n<p><iframe loading=\"lazy\" class=\"wp-embedded-content\" sandbox=\"allow-scripts\" security=\"restricted\" style=\"position: absolute; clip: rect(1px, 1px, 1px, 1px);\" title=\"&#8220;&#8220;NCONTONSE&#8221; IN LADINO SU RADIO PI\u00d9, quinta   puntata&#8221; &#8212; Radio Pi\u00f9\" src=\"https:\/\/www.radiopiu.net\/wordpress\/lad05\/embed\/#?secret=pNv4NMRmZW#?secret=CRoTyfJalQ\" data-secret=\"CRoTyfJalQ\" width=\"600\" height=\"338\" frameborder=\"0\" marginwidth=\"0\" marginheight=\"0\" scrolling=\"no\"><\/iframe><\/p>\n<p>&nbsp;<\/p>\n<hr \/>\n<p>&nbsp;<\/p>\n<p><a class=\"dt-pswp-item\" href=\"https:\/\/www.radiopiu.net\/wordpress\/wp-content\/uploads\/2023\/05\/07b370aa-6c88-4a9c-929f-e4e6e20e615b.jpg\" data-dt-img-description=\"\" data-large_image_width=\"832\" data-large_image_height=\"1024\"><img loading=\"lazy\" decoding=\"async\" class=\"size-medium wp-image-337511 aligncenter\" src=\"https:\/\/www.radiopiu.net\/wordpress\/wp-content\/uploads\/2023\/05\/07b370aa-6c88-4a9c-929f-e4e6e20e615b-244x300.jpg\" alt=\"\" width=\"244\" height=\"300\" srcset=\"https:\/\/www.radiopiu.net\/wordpress\/wp-content\/uploads\/2023\/05\/07b370aa-6c88-4a9c-929f-e4e6e20e615b-244x300.jpg 244w, https:\/\/www.radiopiu.net\/wordpress\/wp-content\/uploads\/2023\/05\/07b370aa-6c88-4a9c-929f-e4e6e20e615b-768x945.jpg 768w, https:\/\/www.radiopiu.net\/wordpress\/wp-content\/uploads\/2023\/05\/07b370aa-6c88-4a9c-929f-e4e6e20e615b.jpg 832w\" sizes=\"auto, (max-width: 244px) 100vw, 244px\" \/><\/a><\/p>\n<blockquote>\n<h3>TORNA IL &#8220;MINIERE SUNSET&#8221; NELL&#8217;ESTATE DEL CAFFE&#8217; MINIERE DI AGORDO<\/h3>\n<\/blockquote>\n<p><strong><a class=\"dt-pswp-item\" href=\"https:\/\/www.radiopiu.net\/wordpress\/wp-content\/uploads\/2023\/05\/SCR-20230525-kofy.jpeg\" data-dt-img-description=\"\" data-large_image_width=\"1166\" data-large_image_height=\"646\"><img loading=\"lazy\" decoding=\"async\" class=\" wp-image-337439 alignleft\" src=\"https:\/\/www.radiopiu.net\/wordpress\/wp-content\/uploads\/2023\/05\/SCR-20230525-kofy-300x166.jpeg\" alt=\"\" width=\"154\" height=\"85\" srcset=\"https:\/\/www.radiopiu.net\/wordpress\/wp-content\/uploads\/2023\/05\/SCR-20230525-kofy-300x166.jpeg 300w, https:\/\/www.radiopiu.net\/wordpress\/wp-content\/uploads\/2023\/05\/SCR-20230525-kofy-1024x567.jpeg 1024w, https:\/\/www.radiopiu.net\/wordpress\/wp-content\/uploads\/2023\/05\/SCR-20230525-kofy-768x425.jpeg 768w, https:\/\/www.radiopiu.net\/wordpress\/wp-content\/uploads\/2023\/05\/SCR-20230525-kofy.jpeg 1166w\" sizes=\"auto, (max-width: 154px) 100vw, 154px\" \/><\/a>AGORDO<\/strong> Si torna a ballare nell&#8217;estate 2023. Il Caff\u00e8 Miniere di Agordo organizza il &#8220;Miniere Sunset&#8221;, un appuntamento a cadenza mensile con cocktail bar e DJ Set dalle 18 alle 24. Tre mercoled\u00ec di festa. Oggi con DJ Jack &amp; RDJ, il 19 luglio e il 30 agosto con Morgan &amp; Battaglia DJ&#8217;s. Tutte le serate saranno in diretta su Radio Pi\u00f9 con ospiti a sorpresa.<\/p>\n<p>&nbsp;<\/p>\n<p>&nbsp;<\/p>\n<hr \/>\n<p>&nbsp;<\/p>\n<h2><span style=\"color: #ff0000;\">GLI APPUNTAMENTI DELLA SETTIMANA\u00a0<\/span><\/h2>\n<div class=\"page-title-breadcrumbs\">\n<blockquote>\n<h3>LA PRESENTAZIONE DEL NUOVO LIBRO DI IRENE LOPEZ<\/h3>\n<\/blockquote>\n<p><strong>BELLUNO<\/strong> Sabato alle 17:00 in Sala Bianchi, viale Fantuzzi a Belluno, si terr\u00e0 la presentazione del libro \u201cMemorie del fiume Niger \u2013 Il sogno di Timbuct\u00f9 \u2013 Quadri di viaggio dal cuore del Mali\u201d di Irene L\u00f2pez de Castro. Presenta la dottoressa Flavia Lombardi.<\/p>\n<\/div>\n<div class=\"page-title-breadcrumbs\">\n<p>&nbsp;<\/p>\n<hr \/>\n<p>&nbsp;<\/p>\n<h2><span style=\"color: #ff0000;\">PROSSIMAMENTE&#8230;<\/span><\/h2>\n<p><img decoding=\"async\" class=\"aligncenter\" src=\"https:\/\/www.radiopiu.net\/wordpress\/wp-content\/uploads\/2023\/05\/42abf5ad-ee3c-42c9-9043-e91339305204-214x300.jpg\" \/><\/p>\n<p>&nbsp;<\/p>\n<blockquote>\n<h3>AD AGORDO E&#8217; COSI&#8217;: L&#8217;ESPOSIZIONE DEI VOLTI LIGNEI<\/h3>\n<\/blockquote>\n<p><strong>AGORDO<\/strong> Sar\u00e0 inaugurata sabato 24 giugno alle 17:30 l&#8217;esposizione di volti lignei della tradizione agordina dal titolo &#8220;Ad Agordo \u00e8 cos\u00ec&#8221;. La mostra alla sala Don Tamis di Agordo sar\u00e0 visitabile fino al 2 luglio. Saranno presenti anche alcuni Olt Da Riva dell&#8217;artista Tita Bressan. Gioved\u00ec 29 giugno anche la dimostrazione di ideazione e sviluppo di una maschera in legno.<\/p>\n<p>&nbsp;<\/p>\n<p>&nbsp;<\/p>\n<blockquote>\n<h3>\u00a0IL RITORNO DEL LUPO<\/h3>\n<\/blockquote>\n<p><strong>SEDICO<\/strong> Mercoledi 21 giugno alle 20 nella sala conferenze del polo culturale di Sedico incontro informativo sul lupo, previsti tre interventi:\u00a0Enrico Vettorazzo, funzionario del Parco,\u00a0Renato Semenzato, consulente del Parco e Stefano Mariech, funzionario del Parco La serata rientra tra le attivit\u00e0 previste dal progetto europeo LIFE Wolfalps EU, partner il Parco Nazionale delle Dolomiti che organizza la serata con il Comune di Sedico.<\/p>\n<p>&nbsp;<\/p>\n<blockquote>\n<h3>QUATTRO PASSI LUNGO LA VIA DELLA DOLOMIA<\/h3>\n<\/blockquote>\n<p><strong>AGORDO<\/strong> Domenica 25 giugno \u00e8 in programma una visita guidata lungo la Via della Dolomia in Valle di San Lucano con il geologo Danilo Giordano docente all\u2019Istituto Minerario \u201cU. Follador\u201d di Agordo. Ritrovo ore 8.30 parcheggio di Tamonich (Agordo). Iscrizioni presso Ufficio turistico di Agordo ,da Luned\u00ec 19 giugno a Gioved\u00ec 22 giugno<\/p>\n<p>&nbsp;<\/p>\n<blockquote>\n<h3><a class=\"dt-pswp-item\" href=\"https:\/\/www.radiopiu.net\/wordpress\/wp-content\/uploads\/2023\/06\/IMG-20230506-WA0029-scaled.jpeg\" data-dt-img-description=\"\" data-large_image_width=\"2560\" data-large_image_height=\"1440\"><img loading=\"lazy\" decoding=\"async\" class=\" wp-image-340091 alignleft\" src=\"https:\/\/www.radiopiu.net\/wordpress\/wp-content\/uploads\/2023\/06\/IMG-20230506-WA0029-300x169.jpeg\" alt=\"\" width=\"209\" height=\"118\" srcset=\"https:\/\/www.radiopiu.net\/wordpress\/wp-content\/uploads\/2023\/06\/IMG-20230506-WA0029-300x169.jpeg 300w, https:\/\/www.radiopiu.net\/wordpress\/wp-content\/uploads\/2023\/06\/IMG-20230506-WA0029-1024x576.jpeg 1024w, https:\/\/www.radiopiu.net\/wordpress\/wp-content\/uploads\/2023\/06\/IMG-20230506-WA0029-768x432.jpeg 768w, https:\/\/www.radiopiu.net\/wordpress\/wp-content\/uploads\/2023\/06\/IMG-20230506-WA0029-1536x864.jpeg 1536w, https:\/\/www.radiopiu.net\/wordpress\/wp-content\/uploads\/2023\/06\/IMG-20230506-WA0029-2048x1152.jpeg 2048w\" sizes=\"auto, (max-width: 209px) 100vw, 209px\" \/><\/a>\u201cFAI UN GIRO IN VILLA\u201d APERTURA STRAORDINARIA DI VILLA ZUPPANI A PASA DI SEDICO<\/h3>\n<\/blockquote>\n<p><strong>BELLUNO <\/strong>Torna anche quest\u2019anno \u201cFAI un giro in villa\u201d, il Festival Laboratorio del Vivere la Villa Veneta organizzato dalla Presidenza FAI Veneto in collaborazione con i Gruppi FAI Giovani del territorio e giunto alla sua VII edizione. Domenica 25 giugno il Gruppo FAI Giovani di Belluno aprir\u00e0 Villa Zuppani a Pasa, frazione del comune di Sedico, ultimo evento di un ciclo di aperture di ville in Veneto<\/p>\n<p>&nbsp;<\/p>\n<hr \/>\n<p>&nbsp;<\/p>\n<blockquote>\n<h3>IL CANTO DELLA PERNICE BIANCA<\/h3>\n<\/blockquote>\n<p><strong>REDAZIONE<\/strong> Mario De Marco ama trascorrere il fine settimana tra la natura e sabato scorso ha avuto la fortuna di filmare una pernice bianca, detta in dialetto pita bianca, ed ha deciso di condividere il video con noi di Radio Pi\u00f9. &#8220;<em>\u00c8 con grande soddisfazione che voglio condividere questo documento con Radio Pi\u00f9, si tratta di un breve filmato fatto sabato da me con un lungo teleobbiettivo. Ho usato un 500mm per non interagire con questi splendidi abitanti dell&#8217;alta montagna sopra i 2200mt.. Si tratta del canto della pernice bianca in dialetto pita bianca (Lagopus muta) canto particolare da ascoltare a tutto volume. Un piccolo documento per fare conoscere a tutti quali meraviglie abbiamo dove viviamo e nello stesso tempo testimoniare la sua fragilit\u00e0 si perch\u00e9 questi sono esseri che devono essere salvaguardati. Siamo nelle Dolomiti Agordine il posto preciso preferisco non dirlo<\/em>&#8221; le parole di Mario De Marco.<\/p>\n<p><strong>IL VIDEO<\/strong><\/p>\n<p><iframe loading=\"lazy\" title=\"PITA BIANCA MARIO DE MARCO\" width=\"1200\" height=\"675\" src=\"https:\/\/www.youtube.com\/embed\/_DyM5FcvqFc?feature=oembed\" frameborder=\"0\" allow=\"accelerometer; autoplay; clipboard-write; encrypted-media; gyroscope; picture-in-picture; web-share\" allowfullscreen><\/iframe><\/p>\n<p>&nbsp;<\/p>\n<p><strong>LE FOTO<\/strong><\/p>\n\n\t\t\t<style type='text\/css'>\n\t\t\t\t#gallery-6 {\n\t\t\t\t\tmargin: auto;\n\t\t\t\t}\n\t\t\t\t#gallery-6 .gallery-item {\n\t\t\t\t\tfloat: left;\n\t\t\t\t\tmargin-top: 10px;\n\t\t\t\t\ttext-align: center;\n\t\t\t\t\twidth: 50%;\n\t\t\t\t}\n\t\t\t\t#gallery-6 img {\n\t\t\t\t\tborder: 2px solid #cfcfcf;\n\t\t\t\t}\n\t\t\t\t#gallery-6 .gallery-caption {\n\t\t\t\t\tmargin-left: 0;\n\t\t\t\t}\n\t\t\t\t\/* see gallery_shortcode() in wp-includes\/media.php *\/\n\t\t\t<\/style>\n\t\t<div id='gallery-6' class='dt-gallery-container gallery galleryid-339974 gallery-columns-2 gallery-size-medium'><dl class='gallery-item'>\n\t\t\t\t<dt class='gallery-icon landscape'>\n\t\t\t\t\t<a class=\"rollover rollover-zoom dt-pswp-item\" title=\"_DSC2127a\" data-dt-img-description=\"\" data-large_image_width=\"2454\" data-large_image_height=\"1644\"href='https:\/\/www.radiopiu.net\/wordpress\/wp-content\/uploads\/2023\/06\/DSC2127a.jpg'><img loading=\"lazy\" decoding=\"async\" width=\"300\" height=\"201\" src=\"https:\/\/www.radiopiu.net\/wordpress\/wp-content\/uploads\/2023\/06\/DSC2127a-300x201.jpg\" class=\"attachment-medium size-medium\" alt=\"\" srcset=\"https:\/\/www.radiopiu.net\/wordpress\/wp-content\/uploads\/2023\/06\/DSC2127a-300x201.jpg 300w, https:\/\/www.radiopiu.net\/wordpress\/wp-content\/uploads\/2023\/06\/DSC2127a-1024x686.jpg 1024w, https:\/\/www.radiopiu.net\/wordpress\/wp-content\/uploads\/2023\/06\/DSC2127a-768x515.jpg 768w, https:\/\/www.radiopiu.net\/wordpress\/wp-content\/uploads\/2023\/06\/DSC2127a-1536x1029.jpg 1536w, https:\/\/www.radiopiu.net\/wordpress\/wp-content\/uploads\/2023\/06\/DSC2127a-2048x1372.jpg 2048w\" sizes=\"auto, (max-width: 300px) 100vw, 300px\" \/><\/a>\n\t\t\t\t<\/dt><\/dl><dl class='gallery-item'>\n\t\t\t\t<dt class='gallery-icon landscape'>\n\t\t\t\t\t<a class=\"rollover rollover-zoom dt-pswp-item\" title=\"_DSC2170\" data-dt-img-description=\"\" data-large_image_width=\"2560\" data-large_image_height=\"1430\"href='https:\/\/www.radiopiu.net\/wordpress\/wp-content\/uploads\/2023\/06\/DSC2170-scaled.jpg'><img loading=\"lazy\" decoding=\"async\" width=\"300\" height=\"168\" src=\"https:\/\/www.radiopiu.net\/wordpress\/wp-content\/uploads\/2023\/06\/DSC2170-300x168.jpg\" class=\"attachment-medium size-medium\" alt=\"\" srcset=\"https:\/\/www.radiopiu.net\/wordpress\/wp-content\/uploads\/2023\/06\/DSC2170-300x168.jpg 300w, https:\/\/www.radiopiu.net\/wordpress\/wp-content\/uploads\/2023\/06\/DSC2170-1024x572.jpg 1024w, https:\/\/www.radiopiu.net\/wordpress\/wp-content\/uploads\/2023\/06\/DSC2170-768x429.jpg 768w, https:\/\/www.radiopiu.net\/wordpress\/wp-content\/uploads\/2023\/06\/DSC2170-1536x858.jpg 1536w, https:\/\/www.radiopiu.net\/wordpress\/wp-content\/uploads\/2023\/06\/DSC2170-2048x1144.jpg 2048w\" sizes=\"auto, (max-width: 300px) 100vw, 300px\" \/><\/a>\n\t\t\t\t<\/dt><\/dl><br style=\"clear: both\" \/>\n\t\t\t<\/div>\n\n<p>&nbsp;<\/p>\n<hr \/>\n<p>&nbsp;<\/p>\n<div dir=\"auto\">\n<div class=\"message spoilers-container\" dir=\"auto\">\n<div>\n<div class=\"b654a4as d2edcug0\">\n<div class=\"rq0escxv hkbzh7o3 jwdofwj8 n8tt0mok r8blr3vg hyh9befq\">\n<p><a class=\"dt-pswp-item\" href=\"https:\/\/www.radiopiu.net\/wordpress\/wp-content\/uploads\/2020\/10\/pp.jpg\" data-dt-img-description=\"\" data-large_image_width=\"640\" data-large_image_height=\"640\"><img loading=\"lazy\" decoding=\"async\" class=\"wp-image-163678 alignleft\" src=\"https:\/\/www.radiopiu.net\/wordpress\/wp-content\/uploads\/2020\/10\/pp-300x300.jpg\" alt=\"\" width=\"106\" height=\"106\" srcset=\"https:\/\/www.radiopiu.net\/wordpress\/wp-content\/uploads\/2020\/10\/pp-300x300.jpg 300w, https:\/\/www.radiopiu.net\/wordpress\/wp-content\/uploads\/2020\/10\/pp-150x150.jpg 150w, https:\/\/www.radiopiu.net\/wordpress\/wp-content\/uploads\/2020\/10\/pp-125x125.jpg 125w, https:\/\/www.radiopiu.net\/wordpress\/wp-content\/uploads\/2020\/10\/pp-200x200.jpg 200w, https:\/\/www.radiopiu.net\/wordpress\/wp-content\/uploads\/2020\/10\/pp-80x80.jpg 80w, https:\/\/www.radiopiu.net\/wordpress\/wp-content\/uploads\/2020\/10\/pp-480x480.jpg 480w, https:\/\/www.radiopiu.net\/wordpress\/wp-content\/uploads\/2020\/10\/pp.jpg 640w\" sizes=\"auto, (max-width: 106px) 100vw, 106px\" \/><\/a><\/p>\n<\/div>\n<\/div>\n<\/div>\n<\/div>\n<div class=\"message spoilers-container\" dir=\"auto\">\n<div class=\"page-title-head hgroup\">\n<div class=\"page-title-head hgroup\">\n<div class=\"b654a4as d2edcug0\">\n<div class=\"j83agx80 btwxx1t3 lhclo0ds hop8lmos nkwizq5d scwd0bx6 roh60bw9\">\n<div class=\"rq0escxv hkbzh7o3 jwdofwj8 n8tt0mok r8blr3vg hyh9befq\">\n<div class=\"do00u71z l9j0dhe7 k4urcfbm\" style=\"text-align: left;\">\n<h2><span style=\"color: #000080;\">DON CESARE, IL PENSIERO DEL GIORNO. ALLA RADIO ALLE 7 DEL MATTINO E ALLE 19.30 DELLA SERA<\/span><\/h2>\n<\/div>\n<p>&nbsp;<\/p>\n<p>&nbsp;<\/p>\n<p>&nbsp;<\/p>\n<div class=\"do00u71z l9j0dhe7 k4urcfbm\" style=\"text-align: left;\">\n<p>&nbsp;<\/p>\n<p>&nbsp;<\/p>\n<\/div>\n<\/div>\n<\/div>\n<\/div>\n<\/div>\n<\/div>\n<\/div>\n<\/div>\n<div class=\"message spoilers-container\" dir=\"auto\">\n<div class=\"column\">\n<hr \/>\n<p>&nbsp;<\/p>\n<div class=\"message spoilers-container\" dir=\"auto\">\n<div class=\"column\">\n<p>&nbsp;<\/p>\n<p><img loading=\"lazy\" decoding=\"async\" class=\"aligncenter wp-image-61954 size-full\" src=\"https:\/\/www.radiopiu.net\/wordpress\/wp-content\/uploads\/2018\/09\/viabilita.jpeg\" sizes=\"auto, (max-width: 800px) 100vw, 800px\" srcset=\"https:\/\/www.radiopiu.net\/wordpress\/wp-content\/uploads\/2018\/09\/viabilita.jpeg 800w, https:\/\/www.radiopiu.net\/wordpress\/wp-content\/uploads\/2018\/09\/viabilita-300x38.jpeg 300w, https:\/\/www.radiopiu.net\/wordpress\/wp-content\/uploads\/2018\/09\/viabilita-768x96.jpeg 768w\" alt=\"\" width=\"800\" height=\"100\" \/><\/p>\n<\/div>\n<\/div>\n<div class=\"message spoilers-container\" dir=\"auto\">\n<div class=\"column\">\n<p>&nbsp;<\/p>\n<\/div>\n<\/div>\n<div class=\"message spoilers-container\" dir=\"auto\">\n<div class=\"column\">\n<div>\n<div dir=\"ltr\">\n<div class=\"gmail_quote\">\n<div dir=\"ltr\">\n<div>\n<blockquote class=\"wp-embedded-content\" data-secret=\"Os1TKg9P7H\"><p><a href=\"https:\/\/www.radiopiu.net\/wordpress\/viabilita\/\">viabilita<\/a><\/p><\/blockquote>\n<p><iframe loading=\"lazy\" class=\"wp-embedded-content\" sandbox=\"allow-scripts\" security=\"restricted\" style=\"position: absolute; clip: rect(1px, 1px, 1px, 1px);\" title=\"&#8220;viabilita&#8221; &#8212; Radio Pi\u00f9\" src=\"https:\/\/www.radiopiu.net\/wordpress\/viabilita\/embed\/#?secret=os1le7mUMF#?secret=Os1TKg9P7H\" data-secret=\"Os1TKg9P7H\" width=\"600\" height=\"338\" frameborder=\"0\" marginwidth=\"0\" marginheight=\"0\" scrolling=\"no\"><\/iframe><\/p>\n<\/div>\n<div><\/div>\n<div><\/div>\n<div>\n<hr \/>\n<\/div>\n<div><a class=\"dt-pswp-item\" href=\"https:\/\/www.radiopiu.net\/wordpress\/wp-content\/uploads\/2023\/06\/07493af4-f8e1-4ce3-bb99-e0a40362939f.jpg\" data-dt-img-description=\"\" data-large_image_width=\"1417\" data-large_image_height=\"1481\"><img loading=\"lazy\" decoding=\"async\" class=\"wp-image-339869 aligncenter\" src=\"https:\/\/www.radiopiu.net\/wordpress\/wp-content\/uploads\/2023\/06\/07493af4-f8e1-4ce3-bb99-e0a40362939f-980x1024.jpg\" alt=\"\" width=\"382\" height=\"399\" srcset=\"https:\/\/www.radiopiu.net\/wordpress\/wp-content\/uploads\/2023\/06\/07493af4-f8e1-4ce3-bb99-e0a40362939f-980x1024.jpg 980w, https:\/\/www.radiopiu.net\/wordpress\/wp-content\/uploads\/2023\/06\/07493af4-f8e1-4ce3-bb99-e0a40362939f-287x300.jpg 287w, https:\/\/www.radiopiu.net\/wordpress\/wp-content\/uploads\/2023\/06\/07493af4-f8e1-4ce3-bb99-e0a40362939f-768x803.jpg 768w, https:\/\/www.radiopiu.net\/wordpress\/wp-content\/uploads\/2023\/06\/07493af4-f8e1-4ce3-bb99-e0a40362939f.jpg 1417w\" sizes=\"auto, (max-width: 382px) 100vw, 382px\" \/><\/a><\/div>\n<div><\/div>\n<\/div>\n<\/div>\n<\/div>\n<\/div>\n<hr \/>\n<p>&nbsp;<\/p>\n<p><a class=\"dt-pswp-item\" href=\"https:\/\/www.radiopiu.net\/wordpress\/wp-content\/uploads\/2018\/09\/WhatsApp-Image-2018-09-20-at-16.04.06.jpeg\" data-dt-img-description=\"\" data-large_image_width=\"800\" data-large_image_height=\"100\"><img loading=\"lazy\" decoding=\"async\" class=\"wp-image-61378 size-full aligncenter\" src=\"https:\/\/www.radiopiu.net\/wordpress\/wp-content\/uploads\/2018\/09\/WhatsApp-Image-2018-09-20-at-16.04.06.jpeg\" alt=\"\" width=\"800\" height=\"100\" srcset=\"https:\/\/www.radiopiu.net\/wordpress\/wp-content\/uploads\/2018\/09\/WhatsApp-Image-2018-09-20-at-16.04.06.jpeg 800w, https:\/\/www.radiopiu.net\/wordpress\/wp-content\/uploads\/2018\/09\/WhatsApp-Image-2018-09-20-at-16.04.06-300x38.jpeg 300w, https:\/\/www.radiopiu.net\/wordpress\/wp-content\/uploads\/2018\/09\/WhatsApp-Image-2018-09-20-at-16.04.06-768x96.jpeg 768w\" sizes=\"auto, (max-width: 800px) 100vw, 800px\" \/><\/a><\/p>\n<\/div>\n<\/div>\n<div class=\"message spoilers-container\" dir=\"auto\">\n<p>&nbsp;<\/p>\n<\/div>\n<p><center><\/center><center><\/center><b>OGGI : <\/b>Al mattino tratti parzialmente soleggiati alternati ad annuvolamenti cumuliformi irregolari, eventualmente associati a qualche sporadico fenomeno, specie a partire dalla tarda mattinata. Poi ulteriore intensificazione della nuvolosit\u00e0 con aumento della probabilit\u00e0 di fenomeni sparsi o diffusi. <b>Precipitazioni: <\/b>Al mattino generalmente assenti, anche se non sar\u00e0 del tutto escluso qualche sporadica precipitazione, specie nella tarda mattinata. Nel pomeriggio probabilit\u00e0 in aumento fino a medio-alta. Sono previsti quantitativi simili a quelli di marted\u00ec, tra 10 e i 20 mm localmente pi\u00f9 alti, di 25\/30 mm, in caso di rovesci persistenti o frequenti.<\/p>\n<hr \/>\n<p><center><\/center><b>DOMANI : <\/b>Tempo ancora variabile a tratti instabile. Al mattino parzialmente soleggiato per i primi cumuli in prossimit\u00e0 delle cime e per temporanee nubi basse in alcune valli nelle ore fredde; in seguito, ulteriore e graduale riduzione del soleggiamento per convezione diurna associata a fenomeni convettivi perlopi\u00f9 sparsi. <b>Precipitazioni: <\/b>Al mattino generalmente assenti, anche se non sar\u00e0 del tutto esclusa\u00a0 qualche sporadica e breve precipitazione intorno alle ore centrali. Nel pomeriggio probabilit\u00e0 in aumento fino a medio-alta<br \/>\n<b><\/b><\/p>\n<p>&nbsp;<\/p>\n<hr \/>\n<p><center><\/center><strong>VENERDI<\/strong> Tempo variabile ma meno instabile rispetto ai giorni precedenti; e pi\u00f9 soleggiato specie al mattino, salvo temporanee nubi basse in formazione nelle ore fredde in alcune valli. Nelle ore calde tempo parzialmente soleggiato con annuvolamenti irregolari, eventualmente associati a brevi fenomeni perlopi\u00f9 locali o sparsi specie sulle zone prealpine. Temperature senza variazioni di rilievo di qualche grado superiori alla norma.<\/p>\n<hr \/>\n<p><center><b>\u00a0<\/b><\/center><center><\/center><strong>SABATO<\/strong> Mattinata con tempo stabile e cielo generalmente poco nuvoloso per presenza di qualche nube bassa in alcune valle nelle ore fredde e modesti addensamenti in prossimit\u00e0 delle cime. Pomeriggio all&#8217;insegna della variabilit\u00e0 con addensamenti nuvolosi irregolari associati ad eventuali e sporadiche precipitazioni, specie sulle Prealpi. Temperature minime senza notevoli variazioni, massime in contenuto aumento con clima diurno di stampo quasi estivo. Venti in quota ancora moderati da nord.<\/p>\n<p>&nbsp;<\/p>\n<div class=\"message spoilers-container\" dir=\"auto\">\n<hr \/>\n<p>&nbsp;<\/p>\n<p><a class=\"dt-pswp-item\" href=\"https:\/\/www.radiopiu.net\/wordpress\/wp-content\/uploads\/2018\/09\/sport.jpg\" data-dt-img-description=\"\" data-large_image_width=\"800\" data-large_image_height=\"100\"><img loading=\"lazy\" decoding=\"async\" class=\"aligncenter wp-image-60761 size-full\" src=\"https:\/\/www.radiopiu.net\/wordpress\/wp-content\/uploads\/2018\/09\/sport.jpg\" alt=\"\" width=\"800\" height=\"100\" srcset=\"https:\/\/www.radiopiu.net\/wordpress\/wp-content\/uploads\/2018\/09\/sport.jpg 800w, https:\/\/www.radiopiu.net\/wordpress\/wp-content\/uploads\/2018\/09\/sport-300x38.jpg 300w, https:\/\/www.radiopiu.net\/wordpress\/wp-content\/uploads\/2018\/09\/sport-768x96.jpg 768w\" sizes=\"auto, (max-width: 800px) 100vw, 800px\" \/><\/a><\/p>\n<\/div>\n<div class=\"message spoilers-container\" dir=\"auto\">\n<h3><\/h3>\n<p><span style=\"color: #0000ff;\"><strong>IMPRESE<\/strong><\/span><\/p>\n<div class=\"page-title-head hgroup\">\n<blockquote>\n<h3 class=\"entry-title\">IL TEAM TRE GAMBE ALLA CONQUISTA DEL MONTE ROSA<\/h3>\n<\/blockquote>\n<\/div>\n<div class=\"page-title-breadcrumbs\"><span style=\"color: #000000;\"><span style=\"font-family: Cambria, serif;\"><a class=\"dt-pswp-item\" href=\"https:\/\/www.radiopiu.net\/wordpress\/wp-content\/uploads\/2023\/06\/IMG_9254.jpg\" data-dt-img-description=\"\" data-large_image_width=\"853\" data-large_image_height=\"1280\"><img loading=\"lazy\" decoding=\"async\" class=\"size-medium wp-image-340034 alignleft\" src=\"https:\/\/www.radiopiu.net\/wordpress\/wp-content\/uploads\/2023\/06\/IMG_9254-200x300.jpg\" alt=\"\" width=\"200\" height=\"300\" srcset=\"https:\/\/www.radiopiu.net\/wordpress\/wp-content\/uploads\/2023\/06\/IMG_9254-200x300.jpg 200w, https:\/\/www.radiopiu.net\/wordpress\/wp-content\/uploads\/2023\/06\/IMG_9254-682x1024.jpg 682w, https:\/\/www.radiopiu.net\/wordpress\/wp-content\/uploads\/2023\/06\/IMG_9254-768x1152.jpg 768w, https:\/\/www.radiopiu.net\/wordpress\/wp-content\/uploads\/2023\/06\/IMG_9254.jpg 853w\" sizes=\"auto, (max-width: 200px) 100vw, 200px\" \/><\/a><strong>REDAZIONE<\/strong> A due anni esatti dalla prima riuscita salita a <\/span><\/span><span style=\"color: #000000;\"><span style=\"font-family: Cambria, serif;\">Capanna Margherita, punta Gnifetti<\/span><\/span><span style=\"color: #000000;\"><span style=\"font-family: Cambria, serif;\">, rifugio pi\u00f9 alto d\u2019Europa (4.554 m.), <\/span><\/span><span style=\"color: #000000;\"><span style=\"font-family: Cambria, serif;\">Moreno Pesce, atleta paralimpico veneto<\/span><\/span><span style=\"color: #000000;\"><span style=\"font-family: Cambria, serif;\">, fresco della nomina a Cavaliere della Repubblica Italiana, reduce dalla recente salita all\u2019Etna, torna sul <\/span><\/span><span style=\"color: #000000;\"><span style=\"font-family: Cambria, serif;\">Monte Rosa insieme ai compagni disabili<\/span><\/span><span style=\"color: #000000;\"><span style=\"font-family: Cambria, serif;\"> del <\/span><\/span><span style=\"color: #000000;\"><span style=\"font-family: Cambria, serif;\">Team 3Gambe, per rilanciare il progetto AMA-BILMENTE. I<\/span><\/span><span style=\"color: #000000;\"><span style=\"font-family: Cambria, serif;\">ncominceranno l\u2019avvicinamento al <\/span><\/span><span style=\"color: #000000;\"><span style=\"font-family: Cambria, serif;\">Monte Rosa<\/span><\/span><span style=\"color: #000000;\"><span style=\"font-family: Cambria, serif;\">, seconda montagna pi\u00f9 alta delle Alpi. Poi in base alle condizioni meteo la salita dovrebbe avvenire nella giornata di oggi. E\u2019 nevicato molto nelle ultime settimane, sul Monte Rosa ma la via \u00e8 gi\u00e0 stata tracciata e percorsa dalle guide anche perch\u00e9 <\/span><\/span><span style=\"color: #000000;\"><span style=\"font-family: Cambria, serif;\">sabato 17 si svolger\u00e0 la Monte Rosa Skymarathon<\/span><\/span><span style=\"color: #000000;\"><span style=\"font-family: Cambria, serif;\">. Raggiunto l\u2019obiettivo diverso come sempre per ognuno del gruppo, in base alle proprie risorse e capacit\u00e0, gioved\u00ec \u00e8 prevista la discesa di tutti ad Alagna. <\/span><\/span><span style=\"color: #000000;\"><span style=\"font-family: Cambria, serif;\">Moreno Pesce, gruppo \u201cTransfemorale + Sensoriale\u201d sar\u00e0 insieme a Fabia Cossutta (atleta sorda) e Danilo Fornasieri, <\/span><\/span><span style=\"color: #000000;\"><span style=\"font-family: Cambria, serif;\">una cordata di disabilit\u00e0 miste, accompagnati da Lio de Nes: si sono posti l\u2019obiettivo avanzato di raggiungere Punta Zumstein a 4.563m. La terza pi\u00f9 alta del massiccio del Monte Rosa. <\/span><\/span><span style=\"color: #000000;\"><span style=\"font-family: Cambria, serif;\">Ieri sera sentito <\/span><\/span><span style=\"color: #000000;\"><span style=\"font-family: Cambria, serif;\">Lio de Nes<\/span><\/span><span style=\"color: #000000;\"><span style=\"font-family: Cambria, serif;\">:\u201d E\u2019 nevicato tanto, lo mostrano tutte le immagini di questi giorni, se la neve avr\u00e0 una consistenza adatta per procedere agevolmente, con prudenza e soprattutto se ci saranno le condizioni meteo, noi proveremo a salire e raggiungere Punta Zumstein\u201d.<\/span><\/span><\/div>\n<p>&nbsp;<\/p>\n<p>&nbsp;<\/p>\n<p>&nbsp;<\/p>\n<p>&nbsp;<\/p>\n<p>&nbsp;<\/p>\n<\/div>\n<\/div>\n<\/div>\n<\/div>\n","protected":false},"excerpt":{"rendered":"<p>\u00a0 40esimo di RADIOPIU\u2026. LA VOCE DELL\u2019EMOZIONE &nbsp; &nbsp; &nbsp; &nbsp; &nbsp; &nbsp; &nbsp; ISCRIVITI AL NOSTRO CANALE\u00a0 YOUTUBE PER SEGUIRE IN DIRETTA I PRINCIPALI PROGRAMMI DI RADIO PIU&#8217; E LE FUTURE DIRETTE IN ESTERNA. PER ISCRIVERTI CLICCA QUI E PREMI\u00a0 &#8220;Iscriviti&#8221;\u00a0 \u00a0 &nbsp; &nbsp; &nbsp; CHIUDE LA PRINCIPALE PER IL DURAN, DEVIAZIONI IN LOCO&hellip;<\/p>\n","protected":false},"author":4,"featured_media":340097,"comment_status":"closed","ping_status":"closed","sticky":false,"template":"","format":"standard","meta":{"_monsterinsights_skip_tracking":false,"_monsterinsights_sitenote_active":false,"_monsterinsights_sitenote_note":"","_monsterinsights_sitenote_category":0,"footnotes":""},"categories":[51,86,49],"tags":[],"class_list":["post-339974","post","type-post","status-publish","format-standard","has-post-thumbnail","hentry","category-evidenza-top","category-gr","category-news-18","category-51","category-86","category-49","description-off"],"img_url":"https:\/\/www.radiopiu.net\/wordpress\/wp-content\/uploads\/2023\/06\/274e4474-82fc-4b7c-99d5-d38c0059ab86.jpg","_links":{"self":[{"href":"https:\/\/www.radiopiu.net\/wordpress\/wp-json\/wp\/v2\/posts\/339974","targetHints":{"allow":["GET"]}}],"collection":[{"href":"https:\/\/www.radiopiu.net\/wordpress\/wp-json\/wp\/v2\/posts"}],"about":[{"href":"https:\/\/www.radiopiu.net\/wordpress\/wp-json\/wp\/v2\/types\/post"}],"author":[{"embeddable":true,"href":"https:\/\/www.radiopiu.net\/wordpress\/wp-json\/wp\/v2\/users\/4"}],"replies":[{"embeddable":true,"href":"https:\/\/www.radiopiu.net\/wordpress\/wp-json\/wp\/v2\/comments?post=339974"}],"version-history":[{"count":0,"href":"https:\/\/www.radiopiu.net\/wordpress\/wp-json\/wp\/v2\/posts\/339974\/revisions"}],"wp:featuredmedia":[{"embeddable":true,"href":"https:\/\/www.radiopiu.net\/wordpress\/wp-json\/wp\/v2\/media\/340097"}],"wp:attachment":[{"href":"https:\/\/www.radiopiu.net\/wordpress\/wp-json\/wp\/v2\/media?parent=339974"}],"wp:term":[{"taxonomy":"category","embeddable":true,"href":"https:\/\/www.radiopiu.net\/wordpress\/wp-json\/wp\/v2\/categories?post=339974"},{"taxonomy":"post_tag","embeddable":true,"href":"https:\/\/www.radiopiu.net\/wordpress\/wp-json\/wp\/v2\/tags?post=339974"}],"curies":[{"name":"wp","href":"https:\/\/api.w.org\/{rel}","templated":true}]}}