{"id":339997,"date":"2023-06-13T07:55:18","date_gmt":"2023-06-13T05:55:18","guid":{"rendered":"https:\/\/www.radiopiu.net\/wordpress\/?p=339997"},"modified":"2023-06-13T08:48:12","modified_gmt":"2023-06-13T06:48:12","slug":"la-rassegna-stampa-locale-dal-1983-tutti-i-giorni-alle-otto-del-mattino","status":"publish","type":"post","link":"https:\/\/www.radiopiu.net\/wordpress\/la-rassegna-stampa-locale-dal-1983-tutti-i-giorni-alle-otto-del-mattino\/","title":{"rendered":"LA RASSEGNA STAMPA LOCALE, DAL 1983 tutti i giorni alle otto del mattino"},"content":{"rendered":"<p>&nbsp;<\/p>\n<blockquote>\n<h3><\/h3>\n<\/blockquote>\n<p><strong>LONGARONE<\/strong> Esplosione all&#8217;Ecora, scardinato un coperchio che a parabola si schianta sul tetto di una vicina azienda sfondandolo. Un ferito, l&#8217;operaio che stava operando sul filtro per la separazione dei rifiuti.<\/p>\n<p><strong>PIEVE DI CADORE<\/strong> Al Parco per spacciare, i Carabinieri dopo un incontro tra genitori e Arma hanno fatto partire le indagini, in manette un ventenne ora ai domiciliari,\u00a0 nella sua abitazione droga e denaro in contante per 6500 euro.<\/p>\n<p><strong>SEDICO<\/strong> Frontale a Landris nel pomeriggio di ieri, in ospedale un uomo e una donna, entrambi stranieri residenti a Sedico. Strada chiusa per un paio d&#8217;ore.<\/p>\n<p><strong>CORTINA<\/strong> Ieri verso le 15, mentre con un&#8217;amica stava camminando attorno al lago del Sorapis, un&#8217;escursionista vicentina di 33 anni si \u00e8 procurata un probabile trauma al ginocchio, che le impediva di proseguire. Sul posto \u00e8 stata inviata l&#8217;eliambulanza Pelikan 2<\/p>\n<p><strong>CORTINA \u00a0<\/strong>Erano le 21:18 di ieri quando si \u00e8 registrata una lieve scossa di terremoto a Cortina, pi\u00f9 precisamente nei pressi del Monte Cristallo. Un movimento di 1.7 sulla scala Richter ad una profondit\u00e0 di 10 km.<\/p>\n<p><strong>TAMBRE<\/strong>\u00a0 I lupi s&#8217;avventano contro i cani e propietari tra le case di Lavina. Donatella De Cesero allevatrice con il marito Urbano Lavina,\u00a0 ha visto sbranare una delle sue quaranta pecore, l&#8217;animale si \u00e8 spostato nel giardino, dove\u00a0 c&#8217;erano i cani che sono stati aggrediti.\u00a0 Il lupo\u00a0 \u00e8 andato anche contro Donatella.<\/p>\n<p><strong>SANTA GIUSTINA<\/strong> La comunit\u00e0 di Santa Giustina piange la scomparsa di Marisa Dal Pont, una figura amata e rispettata per la sua dedizione e competenza nell&#8217;ufficio segreteria del Comune. Marisa \u00e8 deceduta ieri, all&#8217;et\u00e0 di 77 anni<\/p>\n<p><strong>SP347 DEL DURAN E CEREDA:<\/strong> localit\u00e0 Lantrago La Valle. <span style=\"color: #ff0000;\">Fino\u00a0al 13 luglio<\/span> chiusura totale al traffico della strada per il Passo Duran, deviazioni per la\u00a0 strada comunale Crostolin-Gaidon, interdetta al transito dei veicoli con larghezza superiore ai 2 metri e 40 centimetri.<\/p>\n<p><strong>563 SAVINER-DIGONERA<\/strong> Dal 19 al 23 giugno la strada sar\u00e0 chiusa dalle 7:30 alle 18, negli altri orari istituzione di un senso unico alternato regolato da semaforo e limite di velocit\u00e0 a 30 km\/h. Dal 23 giugno al 28 luglio la strada sar\u00e0 di nuovo interdetta al traffico dalle 8 del luned\u00ec alle 18 di venerd\u00ec<\/p>\n<h3>MESSA IN SICUREZZA DELLA 203 AGORDINA. L&#8217;UNIONE MONTANA AGORDINA SI FA AVANTI Ieri sera il consiglio dell&#8217;Unione Montana Agordina, il documento e l&#8217;interessante dibattito con gli amministratori. Si puo&#8217; rivedere (diretta differita integrale) sul sito di radiopiu.<\/h3>\n<p><strong>SAN TOMASO<\/strong> Si svolger\u00e0 oggi alle 20 il consiglio comunale di San Tomaso. Il sindaco Moreno De Val ha chiamato a rapporto i consiglieri per trattare quattro punti tra cui due variazioni a bilancio e l&#8217;approvazione del regolamento di concessione dell&#8217;Arena 1082<\/p>\n<p><strong>AGORDO<\/strong> Si torna a ballare nell&#8217;estate 2023. Il Caff\u00e8 Miniere di Agordo organizza il &#8220;Miniere Sunset&#8221;, un appuntamento a cadenza mensile con cocktail bar e DJ Set dalle 18 alle 24. Tre mercoled\u00ec di festa. Domani con DJ Jack &amp; RDJ<\/p>\n<h3><strong>RIVAMONTE:\u00a0 OGGI<\/strong>\u00a0 IL GIORNO DI SANT\u2019ANTONIO, UNA LUNGA GIORNATA DI FESTA CON IL BALLO FINALE DELLA TUA IDEA. SANT\u2019ANTONIO, LA SAGRA, CON LA PROLOCO DI RIVAMONTE.<\/h3>\n<h3>ASSEMBLEA STRAORDINARIA U.S.AGORDINA <strong style=\"font-size: 14px;\">\u00a0AGORDO\u00a0<\/strong><span style=\"font-size: 14px; font-weight: normal;\"> Convocata\u00a0 per domani alle 18.30\u00a0 \u00a0nella sede dell\u2019Ivano Dorigo di Agordo .l&#8217;assemblea straordinaria dei SOCI per il\u00a0 rinnovo delle\u00a0 cariche sociali.\u00a0<\/span><\/h3>\n<p><span style=\"color: #0000ff;\"><strong>CALCIO <\/strong><\/span>VOLTAGO, FODOM, LE VILLE E LA VALLE SONO LE SQUADRE DA BATTERE DOPO LE PRIME DUE GIORNATE DEL CAMPIONATO AGORDINO<\/p>\n<p><span style=\"color: #0000ff;\"><strong>PALLAVOLO <\/strong><\/span>FABIO BISI E&#8217; IL NUOVO GIOCATORE DELLA PALLAVOLO BELLUNO<\/p>\n<p><span style=\"color: #0000ff;\"><strong>BASKET <\/strong><\/span>INIZIATO IL RITIRO DELLA NAZIONALE UNDER 20 A DOMEGGE<\/p>\n<p><span style=\"color: #0000ff;\"><strong>BIATHLON <\/strong><\/span>ANNUNCIATE LE SQUADRE VENETE PER LA PROSSIMA STAGIONE<\/p>\n<p>&nbsp;<\/p>\n<p>&nbsp;<\/p>\n<hr \/>\n<p>&nbsp;<\/p>\n","protected":false},"excerpt":{"rendered":"<p>&nbsp; LONGARONE Esplosione all&#8217;Ecora, scardinato un coperchio che a parabola si schianta sul tetto di una vicina azienda sfondandolo. Un ferito, l&#8217;operaio che stava operando sul filtro per la separazione dei rifiuti. PIEVE DI CADORE Al Parco per spacciare, i Carabinieri dopo un incontro tra genitori e Arma hanno fatto partire le indagini, in manette&hellip;<\/p>\n","protected":false},"author":4,"featured_media":339991,"comment_status":"closed","ping_status":"closed","sticky":false,"template":"","format":"standard","meta":{"_monsterinsights_skip_tracking":false,"_monsterinsights_sitenote_active":false,"_monsterinsights_sitenote_note":"","_monsterinsights_sitenote_category":0,"footnotes":""},"categories":[104,49,142],"tags":[],"class_list":["post-339997","post","type-post","status-publish","format-standard","has-post-thumbnail","hentry","category-evidenza_3","category-news-18","category-rassegna-stampa","category-104","category-49","category-142","description-off"],"img_url":"https:\/\/www.radiopiu.net\/wordpress\/wp-content\/uploads\/2023\/06\/Senza-nome-26.png","_links":{"self":[{"href":"https:\/\/www.radiopiu.net\/wordpress\/wp-json\/wp\/v2\/posts\/339997","targetHints":{"allow":["GET"]}}],"collection":[{"href":"https:\/\/www.radiopiu.net\/wordpress\/wp-json\/wp\/v2\/posts"}],"about":[{"href":"https:\/\/www.radiopiu.net\/wordpress\/wp-json\/wp\/v2\/types\/post"}],"author":[{"embeddable":true,"href":"https:\/\/www.radiopiu.net\/wordpress\/wp-json\/wp\/v2\/users\/4"}],"replies":[{"embeddable":true,"href":"https:\/\/www.radiopiu.net\/wordpress\/wp-json\/wp\/v2\/comments?post=339997"}],"version-history":[{"count":0,"href":"https:\/\/www.radiopiu.net\/wordpress\/wp-json\/wp\/v2\/posts\/339997\/revisions"}],"wp:featuredmedia":[{"embeddable":true,"href":"https:\/\/www.radiopiu.net\/wordpress\/wp-json\/wp\/v2\/media\/339991"}],"wp:attachment":[{"href":"https:\/\/www.radiopiu.net\/wordpress\/wp-json\/wp\/v2\/media?parent=339997"}],"wp:term":[{"taxonomy":"category","embeddable":true,"href":"https:\/\/www.radiopiu.net\/wordpress\/wp-json\/wp\/v2\/categories?post=339997"},{"taxonomy":"post_tag","embeddable":true,"href":"https:\/\/www.radiopiu.net\/wordpress\/wp-json\/wp\/v2\/tags?post=339997"}],"curies":[{"name":"wp","href":"https:\/\/api.w.org\/{rel}","templated":true}]}}