{"id":340007,"date":"2023-06-13T09:59:14","date_gmt":"2023-06-13T07:59:14","guid":{"rendered":"https:\/\/www.radiopiu.net\/wordpress\/?p=340007"},"modified":"2023-06-13T12:21:57","modified_gmt":"2023-06-13T10:21:57","slug":"lintitolazione-dellospedale-a-papa-luciani","status":"publish","type":"post","link":"https:\/\/www.radiopiu.net\/wordpress\/lintitolazione-dellospedale-a-papa-luciani\/","title":{"rendered":"L&#8217;INTITOLAZIONE DELL&#8217;OSPEDALE A PAPA LUCIANI"},"content":{"rendered":"<p>&nbsp;<\/p>\n<p><a class=\"dt-pswp-item\" href=\"https:\/\/www.radiopiu.net\/wordpress\/wp-content\/uploads\/2022\/07\/OSPEDALE-AGORDO.png\" data-dt-img-description=\"\" data-large_image_width=\"1316\" data-large_image_height=\"756\"><img loading=\"lazy\" decoding=\"async\" class=\"size-medium wp-image-289638 aligncenter\" src=\"https:\/\/www.radiopiu.net\/wordpress\/wp-content\/uploads\/2022\/07\/OSPEDALE-AGORDO-300x172.png\" alt=\"\" width=\"300\" height=\"172\" srcset=\"https:\/\/www.radiopiu.net\/wordpress\/wp-content\/uploads\/2022\/07\/OSPEDALE-AGORDO-300x172.png 300w, https:\/\/www.radiopiu.net\/wordpress\/wp-content\/uploads\/2022\/07\/OSPEDALE-AGORDO-1024x588.png 1024w, https:\/\/www.radiopiu.net\/wordpress\/wp-content\/uploads\/2022\/07\/OSPEDALE-AGORDO-768x441.png 768w, https:\/\/www.radiopiu.net\/wordpress\/wp-content\/uploads\/2022\/07\/OSPEDALE-AGORDO.png 1316w\" sizes=\"auto, (max-width: 300px) 100vw, 300px\" \/><\/a><\/p>\n<p><strong><a class=\"dt-pswp-item\" href=\"https:\/\/www.radiopiu.net\/wordpress\/wp-content\/uploads\/2022\/09\/fee652b5-4ddb-4e00-b52f-3f6b5b0ce826.jpg\" data-dt-img-description=\"AGORDO \u2013 29 giugno 1978. Il cardinale patriarca di Venezia Albino Luciani e monsignor Lino Mottes all\u2019uscita dell\u2019arcidiaconale al termine del pontificale per la festa dei santi patroni Pietro e Paolo.\" data-large_image_width=\"1102\" data-large_image_height=\"1600\"><img loading=\"lazy\" decoding=\"async\" class=\"size-medium wp-image-295627 alignleft\" src=\"https:\/\/www.radiopiu.net\/wordpress\/wp-content\/uploads\/2022\/09\/fee652b5-4ddb-4e00-b52f-3f6b5b0ce826-207x300.jpg\" alt=\"\" width=\"207\" height=\"300\" srcset=\"https:\/\/www.radiopiu.net\/wordpress\/wp-content\/uploads\/2022\/09\/fee652b5-4ddb-4e00-b52f-3f6b5b0ce826-207x300.jpg 207w, https:\/\/www.radiopiu.net\/wordpress\/wp-content\/uploads\/2022\/09\/fee652b5-4ddb-4e00-b52f-3f6b5b0ce826-705x1024.jpg 705w, https:\/\/www.radiopiu.net\/wordpress\/wp-content\/uploads\/2022\/09\/fee652b5-4ddb-4e00-b52f-3f6b5b0ce826-768x1115.jpg 768w, https:\/\/www.radiopiu.net\/wordpress\/wp-content\/uploads\/2022\/09\/fee652b5-4ddb-4e00-b52f-3f6b5b0ce826-1058x1536.jpg 1058w, https:\/\/www.radiopiu.net\/wordpress\/wp-content\/uploads\/2022\/09\/fee652b5-4ddb-4e00-b52f-3f6b5b0ce826.jpg 1102w\" sizes=\"auto, (max-width: 207px) 100vw, 207px\" \/><\/a>AGORDO<\/strong>\u00a0 Onore e commozione:\u00a0 l&#8217;Ospedale di Agordo sar\u00e0 ufficialmente intitolato al Beato Giovanni Paolo I,\u00a0 Papa Luciani. La cerimonia di intitolazione si terr\u00e0 sabato 24 giugno\u00a0 alle 11\u00a0 all&#8217;ingresso dell&#8217;Ospedale. Il Commissario dell&#8217;Ulss 1 Dolomiti, Giuseppe Dal Ben, sar\u00e0 presente alla cerimonia insieme all&#8217;assessore regionale Manuela Lanzarin e agli amministratori agordini. L&#8217;intitolazione dell&#8217;ospedale rappresenta un omaggio al pontefice originario di Canale d&#8217;Agordo e un riconoscimento del suo prezioso contributo nella promozione della pace, della giustizia sociale e della compassione.\u00a0 Giovanni Paolo I, nato Albino Luciani, \u00e8 stato il 263\u00ba Papa della Chiesa Cattolica e l&#8217;ultimo pontefice italiano del XX secolo. Il suo breve pontificato nel 1978, durato solamente 33 giorni, \u00e8 stato caratterizzato dalla sua umilt\u00e0, semplicit\u00e0 e impegno per i poveri e gli emarginati. La sua morte improvvisa ha suscitato grande tristezza e il suo ricordo \u00e8 rimasto vivo nel cuore di molte persone in tutto il mondo. L&#8217;intitolazione dell&#8217;Ospedale di Agordo a Giovanni Paolo I rappresenta un tributo significativo a un uomo di fede straordinario che ha ispirato milioni di persone durante il suo breve ma impattante pontificato. L&#8217;ospedale continuer\u00e0 ad offrire cure di qualit\u00e0 e un ambiente accogliente per i pazienti, perpetuando cos\u00ec lo spirito di amore e dedizione incarnato da Papa Luciani.<\/p>\n<p><em>foto: \u00a029 giugno 1978. Il cardinale patriarca di Venezia Albino Luciani e monsignor Lino Mottes all\u2019uscita dell\u2019arcidiaconale al termine del pontificale per la festa dei santi patroni Pietro e Paolo.<\/em><\/p>\n<p>&nbsp;<\/p>\n<p>___<\/p>\n","protected":false},"excerpt":{"rendered":"<p>&nbsp; AGORDO\u00a0 Onore e commozione:\u00a0 l&#8217;Ospedale di Agordo sar\u00e0 ufficialmente intitolato al Beato Giovanni Paolo I,\u00a0 Papa Luciani. La cerimonia di intitolazione si terr\u00e0 sabato 24 giugno\u00a0 alle 11\u00a0 all&#8217;ingresso dell&#8217;Ospedale. Il Commissario dell&#8217;Ulss 1 Dolomiti, Giuseppe Dal Ben, sar\u00e0 presente alla cerimonia insieme all&#8217;assessore regionale Manuela Lanzarin e agli amministratori agordini. L&#8217;intitolazione dell&#8217;ospedale rappresenta&hellip;<\/p>\n","protected":false},"author":4,"featured_media":340010,"comment_status":"closed","ping_status":"closed","sticky":false,"template":"","format":"standard","meta":{"_monsterinsights_skip_tracking":false,"_monsterinsights_sitenote_active":false,"_monsterinsights_sitenote_note":"","_monsterinsights_sitenote_category":0,"footnotes":""},"categories":[51,49],"tags":[],"class_list":["post-340007","post","type-post","status-publish","format-standard","has-post-thumbnail","hentry","category-evidenza-top","category-news-18","category-51","category-49","description-off"],"img_url":"https:\/\/www.radiopiu.net\/wordpress\/wp-content\/uploads\/2023\/06\/Senza-nome-27.png","_links":{"self":[{"href":"https:\/\/www.radiopiu.net\/wordpress\/wp-json\/wp\/v2\/posts\/340007","targetHints":{"allow":["GET"]}}],"collection":[{"href":"https:\/\/www.radiopiu.net\/wordpress\/wp-json\/wp\/v2\/posts"}],"about":[{"href":"https:\/\/www.radiopiu.net\/wordpress\/wp-json\/wp\/v2\/types\/post"}],"author":[{"embeddable":true,"href":"https:\/\/www.radiopiu.net\/wordpress\/wp-json\/wp\/v2\/users\/4"}],"replies":[{"embeddable":true,"href":"https:\/\/www.radiopiu.net\/wordpress\/wp-json\/wp\/v2\/comments?post=340007"}],"version-history":[{"count":0,"href":"https:\/\/www.radiopiu.net\/wordpress\/wp-json\/wp\/v2\/posts\/340007\/revisions"}],"wp:featuredmedia":[{"embeddable":true,"href":"https:\/\/www.radiopiu.net\/wordpress\/wp-json\/wp\/v2\/media\/340010"}],"wp:attachment":[{"href":"https:\/\/www.radiopiu.net\/wordpress\/wp-json\/wp\/v2\/media?parent=340007"}],"wp:term":[{"taxonomy":"category","embeddable":true,"href":"https:\/\/www.radiopiu.net\/wordpress\/wp-json\/wp\/v2\/categories?post=340007"},{"taxonomy":"post_tag","embeddable":true,"href":"https:\/\/www.radiopiu.net\/wordpress\/wp-json\/wp\/v2\/tags?post=340007"}],"curies":[{"name":"wp","href":"https:\/\/api.w.org\/{rel}","templated":true}]}}