{"id":340020,"date":"2023-06-13T23:59:10","date_gmt":"2023-06-13T21:59:10","guid":{"rendered":"https:\/\/www.radiopiu.net\/wordpress\/?p=340020"},"modified":"2023-06-14T04:48:55","modified_gmt":"2023-06-14T02:48:55","slug":"el-bon-de-lansuda-due-giorni-in-valle-del-biois-con-la-festa-di-primavera","status":"publish","type":"post","link":"https:\/\/www.radiopiu.net\/wordpress\/el-bon-de-lansuda-due-giorni-in-valle-del-biois-con-la-festa-di-primavera\/","title":{"rendered":"EL BON DE L&#8217;ANSUDA, DUE GIORNI IN VALLE DEL BIOIS CON LA FESTA DI PRIMAVERA"},"content":{"rendered":"<p>&nbsp;<\/p>\n<p><strong><a class=\"dt-pswp-item\" href=\"https:\/\/www.radiopiu.net\/wordpress\/wp-content\/uploads\/2023\/06\/75b3bac8-d749-479d-95fd-f5882cc001a1.jpg\" data-dt-img-description=\"\" data-large_image_width=\"1024\" data-large_image_height=\"768\"><img loading=\"lazy\" decoding=\"async\" class=\"size-medium wp-image-340022 alignleft\" src=\"https:\/\/www.radiopiu.net\/wordpress\/wp-content\/uploads\/2023\/06\/75b3bac8-d749-479d-95fd-f5882cc001a1-300x225.jpg\" alt=\"\" width=\"300\" height=\"225\" srcset=\"https:\/\/www.radiopiu.net\/wordpress\/wp-content\/uploads\/2023\/06\/75b3bac8-d749-479d-95fd-f5882cc001a1-300x225.jpg 300w, https:\/\/www.radiopiu.net\/wordpress\/wp-content\/uploads\/2023\/06\/75b3bac8-d749-479d-95fd-f5882cc001a1-768x576.jpg 768w, https:\/\/www.radiopiu.net\/wordpress\/wp-content\/uploads\/2023\/06\/75b3bac8-d749-479d-95fd-f5882cc001a1.jpg 1024w\" sizes=\"auto, (max-width: 300px) 100vw, 300px\" \/><\/a><\/strong><\/p>\n<p>&nbsp;<\/p>\n<p>&nbsp;<\/p>\n<p><strong>L&#8217;INTERVISTA ALLA RADIO<\/strong><\/p>\n<p><strong>OSPITI: ANTONELLA SCHENA_FLORA MINOTTO<\/strong><\/p>\n<p>&nbsp;<\/p>\n<p>&nbsp;<\/p>\n<p>&nbsp;<\/p>\n<p>&nbsp;<\/p>\n<p><strong>di Mirko Mezzacasa<\/strong><\/p>\n<audio class=\"wp-audio-shortcode\" id=\"audio-340020-1\" preload=\"none\" style=\"width: 100%;\" controls=\"controls\"><source type=\"audio\/mpeg\" src=\"https:\/\/www.radiopiu.net\/wordpress\/wp-content\/uploads\/2023\/06\/ANTONELLA-E-FLORA.mp3?_=1\" \/><a href=\"https:\/\/www.radiopiu.net\/wordpress\/wp-content\/uploads\/2023\/06\/ANTONELLA-E-FLORA.mp3\">https:\/\/www.radiopiu.net\/wordpress\/wp-content\/uploads\/2023\/06\/ANTONELLA-E-FLORA.mp3<\/a><\/audio>\n<p>&nbsp;<\/p>\n<p><img loading=\"lazy\" decoding=\"async\" class=\"aligncenter\" src=\"https:\/\/www.radiopiu.net\/wordpress\/wp-content\/uploads\/2023\/06\/198215946_326495772513085_2170281794971180345_n-300x300.jpg\" width=\"161\" height=\"161\" \/><\/p>\n<p>&nbsp;<\/p>\n<blockquote>\n<h3 align=\"JUSTIFY\"><span style=\"font-size: large;\"><b>El bon de l\u2019ansuda &#8211; Festa di primavera 2023<\/b><\/span><\/h3>\n<\/blockquote>\n<p align=\"JUSTIFY\"><a class=\"dt-pswp-item\" href=\"https:\/\/www.radiopiu.net\/wordpress\/wp-content\/uploads\/2023\/06\/IMG_6291-scaled.jpg\" data-dt-img-description=\"\" data-large_image_width=\"2560\" data-large_image_height=\"1707\"><img loading=\"lazy\" decoding=\"async\" class=\"size-medium wp-image-340138 alignleft\" src=\"https:\/\/www.radiopiu.net\/wordpress\/wp-content\/uploads\/2023\/06\/IMG_6291-300x200.jpg\" alt=\"\" width=\"300\" height=\"200\" srcset=\"https:\/\/www.radiopiu.net\/wordpress\/wp-content\/uploads\/2023\/06\/IMG_6291-300x200.jpg 300w, https:\/\/www.radiopiu.net\/wordpress\/wp-content\/uploads\/2023\/06\/IMG_6291-1024x683.jpg 1024w, https:\/\/www.radiopiu.net\/wordpress\/wp-content\/uploads\/2023\/06\/IMG_6291-768x512.jpg 768w, https:\/\/www.radiopiu.net\/wordpress\/wp-content\/uploads\/2023\/06\/IMG_6291-1536x1024.jpg 1536w, https:\/\/www.radiopiu.net\/wordpress\/wp-content\/uploads\/2023\/06\/IMG_6291-2048x1365.jpg 2048w\" sizes=\"auto, (max-width: 300px) 100vw, 300px\" \/><\/a>Per la quinta edizione torna a Falcade, in Valle del Biois, El bon de l\u2019ansuda, la festa di primavera che celebra in tutte le sue forme il buono che questa stagione sa offrire tra le Dolomiti. Sabato 17 e domenica 18 giugno l\u2019evento si svolger\u00e0 all\u2019aria aperta nella suggestiva Piana di Falcade, salotto verde delle Dolomiti, luogo ideale in cui cimentarsi nel riconoscimento delle erbe spontanee, sono proprio loro infatti uno dei fulcri della festa. Saranno utilizzate nella gastronomia, nei men\u00f9 dei ristoranti aderenti e nel punto ristoro sulla Piana e l\u2019agrichef Fabrizio Pescosta ci insegner\u00e0 come utilizzarle in cucina con il corso presso l\u2019agriturismo Piccola Baita di Sappade sabato mattina. Le piante dei nostri prati saranno inoltre utilizzate per creare saponi e unguenti per la cosmesi e due esperti di botanica, Ester Andrich e Piero della coop. La Lioda di Calalzo ci insegneranno a riconoscerle. Tantissime sono anche le attivit\u00e0 per i bambini, quest\u2019anno ospite <a class=\"dt-pswp-item\" href=\"https:\/\/www.radiopiu.net\/wordpress\/wp-content\/uploads\/2023\/06\/IMG_6291-scaled.jpg\" data-dt-img-description=\"\" data-large_image_width=\"2560\" data-large_image_height=\"1707\"><img loading=\"lazy\" decoding=\"async\" class=\"size-medium wp-image-340138 alignright\" src=\"https:\/\/www.radiopiu.net\/wordpress\/wp-content\/uploads\/2023\/06\/IMG_6291-300x200.jpg\" alt=\"\" width=\"300\" height=\"200\" srcset=\"https:\/\/www.radiopiu.net\/wordpress\/wp-content\/uploads\/2023\/06\/IMG_6291-300x200.jpg 300w, https:\/\/www.radiopiu.net\/wordpress\/wp-content\/uploads\/2023\/06\/IMG_6291-1024x683.jpg 1024w, https:\/\/www.radiopiu.net\/wordpress\/wp-content\/uploads\/2023\/06\/IMG_6291-768x512.jpg 768w, https:\/\/www.radiopiu.net\/wordpress\/wp-content\/uploads\/2023\/06\/IMG_6291-1536x1024.jpg 1536w, https:\/\/www.radiopiu.net\/wordpress\/wp-content\/uploads\/2023\/06\/IMG_6291-2048x1365.jpg 2048w\" sizes=\"auto, (max-width: 300px) 100vw, 300px\" \/><\/a>d\u2019eccezione sar\u00e0 Merino Mattiuzzi, il guardiano delle terre alte che ci parler\u00e0 dei segreti del bosco, ci saranno inoltre passeggiate con gi asini, laboratori di creativit\u00e0 manuale e un angolo in ammirare da vicino gli animali da cortile dell\u2019azienda agricola di Edwige Deola. La domenica mattina ci sar\u00e0 un concorso per il cane pi\u00f9 simatico on cui la guida sar\u00e0 formata di soli bambini. Il mercatino di prodotti artigianali e di specialit\u00e0 gastronomiche bellunesi quest\u2019anno ospiter\u00e0 ben 60 espositori dislocati sulla verde Piana di Falcade dove trover\u00e0 posto anche l\u2019oasi del benessere, uno spazio di relax in cui farsi coccolare dalle mani esperte delle professioniste dell\u2019estetica la Fenice, sar\u00e0 inoltre possibile fare una lezione di pilates o concedersi un massaggio shiatzu con Liliana Piccolin. Nel weekend della festa sar\u00e0 possibile visitare il museo Murer di Falcade, il museo Papa Luciani di Canale d\u2019Agordo o fare una visita guidata presso il nuovissimo centro Orti rupestri di San Tomaso Agordino in cui sar\u00e0 illustrata l\u2019agricoltura di montagna. Le dimostrazioni di lavori di una volta e di artisti prosegue sulla Piana con la realizzazione di una scultura a opera di Marco Valt, la costruzione di <a class=\"dt-pswp-item\" href=\"https:\/\/www.radiopiu.net\/wordpress\/wp-content\/uploads\/2023\/06\/IMG_6266-scaled.jpg\" data-dt-img-description=\"\" data-large_image_width=\"2560\" data-large_image_height=\"1707\"><img loading=\"lazy\" decoding=\"async\" class=\"size-medium wp-image-340137 alignleft\" src=\"https:\/\/www.radiopiu.net\/wordpress\/wp-content\/uploads\/2023\/06\/IMG_6266-300x200.jpg\" alt=\"\" width=\"300\" height=\"200\" srcset=\"https:\/\/www.radiopiu.net\/wordpress\/wp-content\/uploads\/2023\/06\/IMG_6266-300x200.jpg 300w, https:\/\/www.radiopiu.net\/wordpress\/wp-content\/uploads\/2023\/06\/IMG_6266-1024x683.jpg 1024w, https:\/\/www.radiopiu.net\/wordpress\/wp-content\/uploads\/2023\/06\/IMG_6266-768x512.jpg 768w, https:\/\/www.radiopiu.net\/wordpress\/wp-content\/uploads\/2023\/06\/IMG_6266-1536x1024.jpg 1536w, https:\/\/www.radiopiu.net\/wordpress\/wp-content\/uploads\/2023\/06\/IMG_6266-2048x1365.jpg 2048w\" sizes=\"auto, (max-width: 300px) 100vw, 300px\" \/><\/a>arco e frecce con Guerrino Piedimonte, la squadratura a mano di una trave, l\u2019illustrazione del mondo delle api con Mirco Tanco di Dolomiele e il taglio manuale del fieno con una divertente competizione tra i pi\u00f9 bravi contadini che si terr\u00e0 domenica pomeriggio. Ci saranno inoltre due prestazioni con gli autori: sabato sera presso la sala consiliare Roberto Sorama\u00e8 proietter\u00e0 il suo documentario che parla del viaggio in Etiopia da titolo \u201cSete d\u2019Africa, l\u2019ansuda risponde e domenica pomeriggio Vincenzo Agostini ci parler\u00e0 del suo libro \u201cLa montagna di Quentin, immaginari e regole di una terra confinaria. Ci saranno tre momenti di approfondimento del territorio con la passeggiata sul sentiero geologico del torrente Gavon il geologo Vittorio Fenti e il dott. Mauro Valt, la passeggiata tra i tabi\u00e0 e il centro storico di Falcade e l\u2019escursione guidata a Vallada Agordina tra i suoi borghi e la millenaria chiesa di San Simon. Sulla Piana di Falcade ci sar\u00e0 un locale d\u2019eccezione, allestito sotto agli abeti troverete l\u2019AperiPez, un luogo di incontro in cui gustare bon vino, birre e degustare golosi panini dolomitici arricchiti con erbe spontanee, domenica a pranzo ci saranno anche piatti caldo sempre nel segno della tipicit\u00e0.<\/p>\n<p align=\"JUSTIFY\">\u00c8 possibile visionare l\u2019intero programma sul sito www.falcadedolomiti.it. Per le attivit\u00e0 su prenotazione \u00e8 possibile iscriversi tramite whatsapp al numero 3494919355 o tramite email associar.valbioisgmail.com o nei giorni della festa presso l\u2019info point sulla Piana di Falcade, davanti al municipio. Per maggiori informazioni visitate la pagina facebook e instagram <i>El bon de l\u2018ansuda.<\/i><\/p>\n<p>&nbsp;<\/p>\n<p>&nbsp;<\/p>\n<hr \/>\n<p>&nbsp;<\/p>\n<p>&nbsp;<\/p>\n<hr \/>\n<p>&nbsp;<\/p>\n","protected":false},"excerpt":{"rendered":"<p>&nbsp; &nbsp; &nbsp; L&#8217;INTERVISTA ALLA RADIO OSPITI: ANTONELLA SCHENA_FLORA MINOTTO &nbsp; &nbsp; &nbsp; &nbsp; di Mirko Mezzacasa &nbsp; &nbsp; El bon de l\u2019ansuda &#8211; Festa di primavera 2023 Per la quinta edizione torna a Falcade, in Valle del Biois, El bon de l\u2019ansuda, la festa di primavera che celebra in tutte le sue forme il&hellip;<\/p>\n","protected":false},"author":4,"featured_media":340023,"comment_status":"closed","ping_status":"closed","sticky":false,"template":"","format":"standard","meta":{"_monsterinsights_skip_tracking":false,"_monsterinsights_sitenote_active":false,"_monsterinsights_sitenote_note":"","_monsterinsights_sitenote_category":0,"footnotes":""},"categories":[104,49],"tags":[],"class_list":["post-340020","post","type-post","status-publish","format-standard","has-post-thumbnail","hentry","category-evidenza_3","category-news-18","category-104","category-49","description-off"],"img_url":"https:\/\/www.radiopiu.net\/wordpress\/wp-content\/uploads\/2023\/06\/198215946_326495772513085_2170281794971180345_n.jpg","_links":{"self":[{"href":"https:\/\/www.radiopiu.net\/wordpress\/wp-json\/wp\/v2\/posts\/340020","targetHints":{"allow":["GET"]}}],"collection":[{"href":"https:\/\/www.radiopiu.net\/wordpress\/wp-json\/wp\/v2\/posts"}],"about":[{"href":"https:\/\/www.radiopiu.net\/wordpress\/wp-json\/wp\/v2\/types\/post"}],"author":[{"embeddable":true,"href":"https:\/\/www.radiopiu.net\/wordpress\/wp-json\/wp\/v2\/users\/4"}],"replies":[{"embeddable":true,"href":"https:\/\/www.radiopiu.net\/wordpress\/wp-json\/wp\/v2\/comments?post=340020"}],"version-history":[{"count":0,"href":"https:\/\/www.radiopiu.net\/wordpress\/wp-json\/wp\/v2\/posts\/340020\/revisions"}],"wp:featuredmedia":[{"embeddable":true,"href":"https:\/\/www.radiopiu.net\/wordpress\/wp-json\/wp\/v2\/media\/340023"}],"wp:attachment":[{"href":"https:\/\/www.radiopiu.net\/wordpress\/wp-json\/wp\/v2\/media?parent=340020"}],"wp:term":[{"taxonomy":"category","embeddable":true,"href":"https:\/\/www.radiopiu.net\/wordpress\/wp-json\/wp\/v2\/categories?post=340020"},{"taxonomy":"post_tag","embeddable":true,"href":"https:\/\/www.radiopiu.net\/wordpress\/wp-json\/wp\/v2\/tags?post=340020"}],"curies":[{"name":"wp","href":"https:\/\/api.w.org\/{rel}","templated":true}]}}