{"id":340032,"date":"2023-06-13T11:02:09","date_gmt":"2023-06-13T09:02:09","guid":{"rendered":"https:\/\/www.radiopiu.net\/wordpress\/?p=340032"},"modified":"2023-06-13T11:02:09","modified_gmt":"2023-06-13T09:02:09","slug":"il-team-tre-gambe-alla-conquista-del-monte-rosa","status":"publish","type":"post","link":"https:\/\/www.radiopiu.net\/wordpress\/il-team-tre-gambe-alla-conquista-del-monte-rosa\/","title":{"rendered":"IL TEAM TRE GAMBE ALLA CONQUISTA DEL MONTE ROSA"},"content":{"rendered":"<p align=\"JUSTIFY\"><span style=\"color: #000000;\"><span style=\"font-family: Cambria, serif;\"><a class=\"dt-pswp-item\" href=\"https:\/\/www.radiopiu.net\/wordpress\/wp-content\/uploads\/2023\/06\/IMG_9254.jpg\" data-dt-img-description=\"\" data-large_image_width=\"853\" data-large_image_height=\"1280\"><img loading=\"lazy\" decoding=\"async\" class=\"size-medium wp-image-340034 alignleft\" src=\"https:\/\/www.radiopiu.net\/wordpress\/wp-content\/uploads\/2023\/06\/IMG_9254-200x300.jpg\" alt=\"\" width=\"200\" height=\"300\" srcset=\"https:\/\/www.radiopiu.net\/wordpress\/wp-content\/uploads\/2023\/06\/IMG_9254-200x300.jpg 200w, https:\/\/www.radiopiu.net\/wordpress\/wp-content\/uploads\/2023\/06\/IMG_9254-682x1024.jpg 682w, https:\/\/www.radiopiu.net\/wordpress\/wp-content\/uploads\/2023\/06\/IMG_9254-768x1152.jpg 768w, https:\/\/www.radiopiu.net\/wordpress\/wp-content\/uploads\/2023\/06\/IMG_9254.jpg 853w\" sizes=\"auto, (max-width: 200px) 100vw, 200px\" \/><\/a><strong>REDAZIONE<\/strong> A due anni esatti dalla prima riuscita salita a <\/span><\/span><span style=\"color: #000000;\"><span style=\"font-family: Cambria, serif;\">Capanna Margherita, punta Gnifetti<\/span><\/span><span style=\"color: #000000;\"><span style=\"font-family: Cambria, serif;\">, rifugio pi\u00f9 alto d\u2019Europa (4.554 m.), <\/span><\/span><span style=\"color: #000000;\"><span style=\"font-family: Cambria, serif;\">Moreno Pesce, atleta paralimpico veneto<\/span><\/span><span style=\"color: #000000;\"><span style=\"font-family: Cambria, serif;\">, fresco della nomina a Cavaliere della Repubblica Italiana, reduce dalla recente salita all\u2019Etna, torna sul <\/span><\/span><span style=\"color: #000000;\"><span style=\"font-family: Cambria, serif;\">Monte Rosa insieme ai compagni disabili<\/span><\/span><span style=\"color: #000000;\"><span style=\"font-family: Cambria, serif;\"> del <\/span><\/span><span style=\"color: #000000;\"><span style=\"font-family: Cambria, serif;\">Team 3Gambe, per rilanciare il progetto AMA-BILMENTE. <\/span><\/span><span style=\"color: #000000;\"><span style=\"font-family: Cambria, serif;\">Da oggi incominceranno l\u2019avvicinamento al <\/span><\/span><span style=\"color: #000000;\"><span style=\"font-family: Cambria, serif;\">Monte Rosa<\/span><\/span><span style=\"color: #000000;\"><span style=\"font-family: Cambria, serif;\">, seconda montagna pi\u00f9 alta delle Alpi. Poi in base alle condizioni meteo la salita dovrebbe avvenire nella giornata di mercoled\u00ec. E\u2019 nevicato molto nelle ultime settimane, sul Monte Rosa ma la via \u00e8 gi\u00e0 stata tracciata e percorsa dalle guide anche perch\u00e9 <\/span><\/span><span style=\"color: #000000;\"><span style=\"font-family: Cambria, serif;\">sabato 17 si svolger\u00e0 la Monte Rosa Skymarathon<\/span><\/span><span style=\"color: #000000;\"><span style=\"font-family: Cambria, serif;\">. Raggiunto l\u2019obiettivo diverso come sempre per ognuno del gruppo, in base alle proprie risorse e capacit\u00e0, gioved\u00ec \u00e8 prevista la discesa di tutti ad Alagna. <\/span><\/span><span style=\"color: #000000;\"><span style=\"font-family: Cambria, serif;\">Moreno Pesce, gruppo \u201cTransfemorale + Sensoriale\u201d sar\u00e0 insieme a Fabia Cossutta (atleta sorda) e Danilo Fornasieri, <\/span><\/span><span style=\"color: #000000;\"><span style=\"font-family: Cambria, serif;\">una cordata di disabilit\u00e0 miste, accompagnati da Lio de Nes: si sono posti l\u2019obiettivo avanzato di raggiungere Punta Zumstein a 4.563m. La terza pi\u00f9 alta del massiccio del Monte Rosa. <\/span><\/span><span style=\"color: #000000;\"><span style=\"font-family: Cambria, serif;\">Ieri sera sentito <\/span><\/span><span style=\"color: #000000;\"><span style=\"font-family: Cambria, serif;\">Lio de Nes<\/span><\/span><span style=\"color: #000000;\"><span style=\"font-family: Cambria, serif;\">:\u201d E\u2019 nevicato tanto, lo mostrano tutte le immagini di questi giorni, se la neve avr\u00e0 una consistenza adatta per procedere agevolmente, con prudenza e soprattutto se ci saranno le condizioni meteo, noi proveremo a salire e raggiungere Punta Zumstein\u201d.<\/span><\/span><\/p>\n<p align=\"JUSTIFY\"><span style=\"color: #3d3c3b;\"><span style=\"font-family: Cambria, serif;\"><b>IL PROGETTO AMA-BILMENTE <\/b><\/span><\/span><span style=\"color: #3d3c3b;\">\u201c<\/span><span style=\"color: #3d3c3b; font-family: Cambria, serif;\">Lo scopo del progetto \u00e8 di trasmettere un messaggio sia alle persone diversamente <\/span><span style=\"color: #3d3c3b;\"><span style=\"font-family: Cambria, serif;\">abili che alle persone normodotate. L\u2019invalidit\u00e0 non va pi\u00f9 vista come limite un fisico, n\u00e9 delle possibilit\u00e0. Lo scopo \u00e8 la visione di una possibilit\u00e0, per abbattere l\u2019immensa montagna psicologica della disabilit\u00e0, affrontando \u201cla vera montagna\u201d come da anni mostra Moreno Pesce con le sue performance. <\/span><\/span><\/p>\n<p align=\"JUSTIFY\"><span style=\"color: #3d3c3b;\"><span style=\"font-family: Cambria, serif;\"><b>IL GRUPPO NEL DETTAGLIO <\/b><\/span><\/span><span style=\"font-family: Cambria, serif; color: #000000;\">Gruppo TRANSTIBIALI <\/span><span style=\"color: #000000;\"><span style=\"font-family: Cambria, serif;\">-Cesare Galli + Cristina Chiarolini &#8211; GUIDA Matteo Gaudiosi <\/span><\/span><span style=\"color: #000000;\"><span style=\"font-family: Cambria, serif;\">-Luca Mazzola + GUIDA Luigi Zignone <\/span><\/span><span style=\"color: #000000;\"><span style=\"font-family: Cambria, serif;\">Gruppo TRANSFEMORALI <\/span><\/span><span style=\"color: #000000;\"><span style=\"font-family: Cambria, serif;\">-Loris Miloni &#8211; GUIDA Paolo Della Valentina <\/span><\/span><span style=\"color: #000000;\"><span style=\"font-family: Cambria, serif;\">Gruppo TRANSFEMORALI + SENSORIALE (sorda) <\/span><\/span><span style=\"color: #000000;\"><span style=\"font-family: Cambria, serif;\">-Moreno Pesce + Fabia Cossutta + GUIDA Lio De Nes\u00a0<\/span><\/span><span style=\"color: #000000;\"><span style=\"font-family: Cambria, serif;\">Team di supporto: <\/span><\/span><span style=\"color: #000000;\"><span style=\"font-family: Cambria, serif;\">Lorenzo Fornasieri+Gianluca Pollara + GUIDA Pietro Garanzini\u00a0<\/span><\/span><\/p>\n<p align=\"JUSTIFY\">\n<p align=\"JUSTIFY\">\n<p>&nbsp;<\/p>\n<hr \/>\n<p align=\"JUSTIFY\">\n","protected":false},"excerpt":{"rendered":"<p>REDAZIONE A due anni esatti dalla prima riuscita salita a Capanna Margherita, punta Gnifetti, rifugio pi\u00f9 alto d\u2019Europa (4.554 m.), Moreno Pesce, atleta paralimpico veneto, fresco della nomina a Cavaliere della Repubblica Italiana, reduce dalla recente salita all\u2019Etna, torna sul Monte Rosa insieme ai compagni disabili del Team 3Gambe, per rilanciare il progetto AMA-BILMENTE. Da&hellip;<\/p>\n","protected":false},"author":4,"featured_media":340034,"comment_status":"closed","ping_status":"closed","sticky":false,"template":"","format":"standard","meta":{"_monsterinsights_skip_tracking":false,"_monsterinsights_sitenote_active":false,"_monsterinsights_sitenote_note":"","_monsterinsights_sitenote_category":0,"footnotes":""},"categories":[104,49],"tags":[],"class_list":["post-340032","post","type-post","status-publish","format-standard","has-post-thumbnail","hentry","category-evidenza_3","category-news-18","category-104","category-49","description-off"],"img_url":"https:\/\/www.radiopiu.net\/wordpress\/wp-content\/uploads\/2023\/06\/IMG_9254.jpg","_links":{"self":[{"href":"https:\/\/www.radiopiu.net\/wordpress\/wp-json\/wp\/v2\/posts\/340032","targetHints":{"allow":["GET"]}}],"collection":[{"href":"https:\/\/www.radiopiu.net\/wordpress\/wp-json\/wp\/v2\/posts"}],"about":[{"href":"https:\/\/www.radiopiu.net\/wordpress\/wp-json\/wp\/v2\/types\/post"}],"author":[{"embeddable":true,"href":"https:\/\/www.radiopiu.net\/wordpress\/wp-json\/wp\/v2\/users\/4"}],"replies":[{"embeddable":true,"href":"https:\/\/www.radiopiu.net\/wordpress\/wp-json\/wp\/v2\/comments?post=340032"}],"version-history":[{"count":0,"href":"https:\/\/www.radiopiu.net\/wordpress\/wp-json\/wp\/v2\/posts\/340032\/revisions"}],"wp:featuredmedia":[{"embeddable":true,"href":"https:\/\/www.radiopiu.net\/wordpress\/wp-json\/wp\/v2\/media\/340034"}],"wp:attachment":[{"href":"https:\/\/www.radiopiu.net\/wordpress\/wp-json\/wp\/v2\/media?parent=340032"}],"wp:term":[{"taxonomy":"category","embeddable":true,"href":"https:\/\/www.radiopiu.net\/wordpress\/wp-json\/wp\/v2\/categories?post=340032"},{"taxonomy":"post_tag","embeddable":true,"href":"https:\/\/www.radiopiu.net\/wordpress\/wp-json\/wp\/v2\/tags?post=340032"}],"curies":[{"name":"wp","href":"https:\/\/api.w.org\/{rel}","templated":true}]}}