{"id":340051,"date":"2023-06-13T12:13:44","date_gmt":"2023-06-13T10:13:44","guid":{"rendered":"https:\/\/www.radiopiu.net\/wordpress\/?p=340051"},"modified":"2023-06-13T21:06:04","modified_gmt":"2023-06-13T19:06:04","slug":"cordoglio-per-la-scomparsa-dellarchitetto-ferruccio-franzoia","status":"publish","type":"post","link":"https:\/\/www.radiopiu.net\/wordpress\/cordoglio-per-la-scomparsa-dellarchitetto-ferruccio-franzoia\/","title":{"rendered":"Cordoglio per la scomparsa dell&#8217;architetto Ferruccio Franzoia."},"content":{"rendered":"<p style=\"text-align: left;\"><strong><a class=\"dt-pswp-item\" href=\"https:\/\/www.radiopiu.net\/wordpress\/wp-content\/uploads\/2023\/06\/Senza-nome-28.png\" data-dt-img-description=\"\" data-large_image_width=\"202\" data-large_image_height=\"168\"><img loading=\"lazy\" decoding=\"async\" class=\"size-full wp-image-340052 alignleft\" src=\"https:\/\/www.radiopiu.net\/wordpress\/wp-content\/uploads\/2023\/06\/Senza-nome-28.png\" alt=\"\" width=\"202\" height=\"168\" \/><\/a>FELTRE<\/strong><em> \u201cLa scomparsa di Ferruccio Franzoia segna per la comunit\u00e0 feltrina tutta, ma non solo, la perdita di un uomo letteralmente innamorato della Bellezza e della sua citt\u00e0, nella quale come pochi ha\u00a0 saputo scovare ed esaltare il patrimonio artistico, archeologico e storico\u201d.<\/em> Cos\u00ec il sindaco di Feltre, Viviana Fusaro, esprime a nome personale e di tutta l&#8217;Amministrazione comunale il cordoglio per la morte dell&#8217;architetto Ferruccio Franzoia, avvenuta quest&#8217;oggi. <em>\u201cDell&#8217;architetto Franzoia non possiamo non ricordare la grande passione personale e professionale, infusa in molti decenni di attivit\u00e0 sia a Feltre che in altri prestigiosi ambiti, unita ad una straordinaria generosit\u00e0 che lo ha portato, tra l&#8217;altro, alla duplice donazione che compone oggi la collezione di vetri veneziani presso la Galleria \u201cRizzarda\u201d, di cui ha tra l&#8217;altro curato l&#8217;allestimento. Molti altri sono stati peraltro i suoi interventi a beneficio del patrimonio comunale e in particolare delle sue strutture museali, cos\u00ec come gli ambiti della vita culturale in cui Franzoia ha fatto sentire la sua presenza competente e appassionata, nata alla scuola del celebre architetto di Carlo Scarpa. <\/em><em>Con lui, conclude il sindaco Fusaro, la citt\u00e0 perde uno dei suoi concittadini pi\u00f9 illustri e rappresentativi, ma non la sua eredit\u00e0 di uomo di grande cultura contraddistinto da un innato amore per la propria citt\u00e0; citt\u00e0 che sapr\u00e0 certamente ricordarlo e onorarlo come merita\u201d.<\/em><\/p>\n<blockquote><p><strong><em>Un ricordo della figura di Ferruccio Franzoia sar\u00e0 tracciato questa sera in occasione della seduta del consiglio comunale.\u00a0<\/em><\/strong><\/p><\/blockquote>\n<p>&nbsp;<\/p>\n<hr \/>\n<p>&nbsp;<\/p>\n","protected":false},"excerpt":{"rendered":"<p>FELTRE \u201cLa scomparsa di Ferruccio Franzoia segna per la comunit\u00e0 feltrina tutta, ma non solo, la perdita di un uomo letteralmente innamorato della Bellezza e della sua citt\u00e0, nella quale come pochi ha\u00a0 saputo scovare ed esaltare il patrimonio artistico, archeologico e storico\u201d. Cos\u00ec il sindaco di Feltre, Viviana Fusaro, esprime a nome personale e&hellip;<\/p>\n","protected":false},"author":4,"featured_media":340052,"comment_status":"closed","ping_status":"closed","sticky":false,"template":"","format":"standard","meta":{"_monsterinsights_skip_tracking":false,"_monsterinsights_sitenote_active":false,"_monsterinsights_sitenote_note":"","_monsterinsights_sitenote_category":0,"footnotes":""},"categories":[51,49],"tags":[],"class_list":["post-340051","post","type-post","status-publish","format-standard","has-post-thumbnail","hentry","category-evidenza-top","category-news-18","category-51","category-49","description-off"],"img_url":"https:\/\/www.radiopiu.net\/wordpress\/wp-content\/uploads\/2023\/06\/Senza-nome-28.png","_links":{"self":[{"href":"https:\/\/www.radiopiu.net\/wordpress\/wp-json\/wp\/v2\/posts\/340051","targetHints":{"allow":["GET"]}}],"collection":[{"href":"https:\/\/www.radiopiu.net\/wordpress\/wp-json\/wp\/v2\/posts"}],"about":[{"href":"https:\/\/www.radiopiu.net\/wordpress\/wp-json\/wp\/v2\/types\/post"}],"author":[{"embeddable":true,"href":"https:\/\/www.radiopiu.net\/wordpress\/wp-json\/wp\/v2\/users\/4"}],"replies":[{"embeddable":true,"href":"https:\/\/www.radiopiu.net\/wordpress\/wp-json\/wp\/v2\/comments?post=340051"}],"version-history":[{"count":0,"href":"https:\/\/www.radiopiu.net\/wordpress\/wp-json\/wp\/v2\/posts\/340051\/revisions"}],"wp:featuredmedia":[{"embeddable":true,"href":"https:\/\/www.radiopiu.net\/wordpress\/wp-json\/wp\/v2\/media\/340052"}],"wp:attachment":[{"href":"https:\/\/www.radiopiu.net\/wordpress\/wp-json\/wp\/v2\/media?parent=340051"}],"wp:term":[{"taxonomy":"category","embeddable":true,"href":"https:\/\/www.radiopiu.net\/wordpress\/wp-json\/wp\/v2\/categories?post=340051"},{"taxonomy":"post_tag","embeddable":true,"href":"https:\/\/www.radiopiu.net\/wordpress\/wp-json\/wp\/v2\/tags?post=340051"}],"curies":[{"name":"wp","href":"https:\/\/api.w.org\/{rel}","templated":true}]}}