{"id":340060,"date":"2023-06-13T14:32:48","date_gmt":"2023-06-13T12:32:48","guid":{"rendered":"https:\/\/www.radiopiu.net\/wordpress\/?p=340060"},"modified":"2023-06-13T14:34:02","modified_gmt":"2023-06-13T12:34:02","slug":"340060-2","status":"publish","type":"post","link":"https:\/\/www.radiopiu.net\/wordpress\/340060-2\/","title":{"rendered":"RIQUALIFICATA LA ROTONDA DEL NEVEGAL, EREDITA&#8217; PER CHI VERRA&#8217;"},"content":{"rendered":"<div class=\"flex-1 overflow-hidden\">\n<div class=\"react-scroll-to-bottom--css-oybts-79elbk h-full dark:bg-gray-800\">\n<div class=\"react-scroll-to-bottom--css-oybts-1n7m0yu\">\n<div class=\"flex flex-col text-sm dark:bg-gray-800\">\n<div class=\"group w-full text-gray-800 dark:text-gray-100 border-b border-black\/10 dark:border-gray-900\/50 bg-gray-50 dark:bg-[#444654]\">\n<div class=\"flex p-4 gap-4 text-base md:gap-6 md:max-w-2xl lg:max-w-[38rem] xl:max-w-3xl md:py-6 lg:px-0 m-auto\">\n<div class=\"relative flex w-[calc(100%-50px)] flex-col gap-1 md:gap-3 lg:w-[calc(100%-115px)]\">\n<div class=\"flex flex-grow flex-col gap-3\">\n<div class=\"min-h-[20px] flex flex-col items-start gap-4 whitespace-pre-wrap break-words\">\n<div class=\"markdown prose w-full break-words dark:prose-invert light\">\n<p>&nbsp;<\/p>\n<blockquote><p><em>Un&#8217;opera di valorizzazione territoriale e un lascito per le nuove generazioni<\/em><\/p><\/blockquote>\n<p style=\"text-align: left;\"><strong><a class=\"dt-pswp-item\" href=\"https:\/\/www.radiopiu.net\/wordpress\/wp-content\/uploads\/2023\/06\/Rotonda-Nevegal-4-1.jpeg\" data-dt-img-description=\"\" data-large_image_width=\"2048\" data-large_image_height=\"1152\"><img loading=\"lazy\" decoding=\"async\" class=\"size-medium wp-image-340062 alignleft\" src=\"https:\/\/www.radiopiu.net\/wordpress\/wp-content\/uploads\/2023\/06\/Rotonda-Nevegal-4-1-300x169.jpeg\" alt=\"\" width=\"300\" height=\"169\" srcset=\"https:\/\/www.radiopiu.net\/wordpress\/wp-content\/uploads\/2023\/06\/Rotonda-Nevegal-4-1-300x169.jpeg 300w, https:\/\/www.radiopiu.net\/wordpress\/wp-content\/uploads\/2023\/06\/Rotonda-Nevegal-4-1-1024x576.jpeg 1024w, https:\/\/www.radiopiu.net\/wordpress\/wp-content\/uploads\/2023\/06\/Rotonda-Nevegal-4-1-768x432.jpeg 768w, https:\/\/www.radiopiu.net\/wordpress\/wp-content\/uploads\/2023\/06\/Rotonda-Nevegal-4-1-1536x864.jpeg 1536w, https:\/\/www.radiopiu.net\/wordpress\/wp-content\/uploads\/2023\/06\/Rotonda-Nevegal-4-1.jpeg 2048w\" sizes=\"auto, (max-width: 300px) 100vw, 300px\" \/><\/a>BELLUNO<\/strong>\u00a0 Vivaio Dolomiti ha concluso l&#8217;opera di riqualificazione della rotonda del Nevegal recuperando le piante di rododendro previste nel progetto iniziale.\u00a0 La scelta di utilizzare le tre piante autoctone del colle, come rododendri, eriche e ginestre, \u00e8 stata fatta dopo uno studio e una valutazione dei diversi periodi di fioritura, al fine di conferire un&#8217;identit\u00e0 precisa e territoriale a quello che abbiamo sempre desiderato fosse il biglietto da visita del piazzale. L&#8217;associazione Vivaio Dolomiti,\u00a0 \u00a0con un accordo di programma,\u00a0 ha la responsabilit\u00e0 della manutenzione per altri 3 anni (la rotatoria \u00e8 stata completata a luglio 2021) poi sar\u00e0 ceduta alle amministrazioni comunali.\u00a0<em> &#8220;Lasciamo in eredit\u00e0\u00a0 &#8211; dice Vivaio Dolomiti &#8211;\u00a0 un piccolo angolo riqualificato e molte idee,\u00a0 che altri hanno abbracciato dopo averle discusse, togliendole dai cassetti in cui erano rimaste dimenticate&#8221;. <\/em>Vivaio Dolomiti rimarca che senza lo\u00a0 sci il colle muore, auspicando una nuova stagione che inverta il trand degli ultimi decenni.<em> &#8220;Appena cade la prima neve o spunta il primo raggio di sole, il colle si riempie di turisti. Evidentemente, le potenzialit\u00e0 ci sono&#8221;.<\/em> Con uno sguardo alle nuove generazioni, infine, Vivaio Dolomiti culla la speranza che le nuove generazioni superino individualismi e\u00a0 personalismi &#8220;Noi &#8211; concludeo no &#8211;\u00a0 abbiamo lasciato un segnale. Ora spazio a tutti gli altri che possono fare di pi\u00f9 e meglio, speriamo che non rimanga solo una dichiarazione, ma si traduca in azioni concrete&#8221;<\/p>\n<\/div>\n<\/div>\n<\/div>\n<\/div>\n<\/div>\n<\/div>\n<\/div>\n<\/div>\n<\/div>\n<\/div>\n<div><\/div>\n<div><\/div>\n<div><\/div>\n<div><\/div>\n<div><\/div>\n<div><\/div>\n<div>\n<hr \/>\n<\/div>\n<div><\/div>\n<div><\/div>\n<div><\/div>\n<div><\/div>\n","protected":false},"excerpt":{"rendered":"<p>&nbsp; Un&#8217;opera di valorizzazione territoriale e un lascito per le nuove generazioni BELLUNO\u00a0 Vivaio Dolomiti ha concluso l&#8217;opera di riqualificazione della rotonda del Nevegal recuperando le piante di rododendro previste nel progetto iniziale.\u00a0 La scelta di utilizzare le tre piante autoctone del colle, come rododendri, eriche e ginestre, \u00e8 stata fatta dopo uno studio e&hellip;<\/p>\n","protected":false},"author":4,"featured_media":340062,"comment_status":"closed","ping_status":"closed","sticky":false,"template":"","format":"standard","meta":{"_monsterinsights_skip_tracking":false,"_monsterinsights_sitenote_active":false,"_monsterinsights_sitenote_note":"","_monsterinsights_sitenote_category":0,"footnotes":""},"categories":[104,49],"tags":[],"class_list":["post-340060","post","type-post","status-publish","format-standard","has-post-thumbnail","hentry","category-evidenza_3","category-news-18","category-104","category-49","description-off"],"img_url":"https:\/\/www.radiopiu.net\/wordpress\/wp-content\/uploads\/2023\/06\/Rotonda-Nevegal-4-1.jpeg","_links":{"self":[{"href":"https:\/\/www.radiopiu.net\/wordpress\/wp-json\/wp\/v2\/posts\/340060","targetHints":{"allow":["GET"]}}],"collection":[{"href":"https:\/\/www.radiopiu.net\/wordpress\/wp-json\/wp\/v2\/posts"}],"about":[{"href":"https:\/\/www.radiopiu.net\/wordpress\/wp-json\/wp\/v2\/types\/post"}],"author":[{"embeddable":true,"href":"https:\/\/www.radiopiu.net\/wordpress\/wp-json\/wp\/v2\/users\/4"}],"replies":[{"embeddable":true,"href":"https:\/\/www.radiopiu.net\/wordpress\/wp-json\/wp\/v2\/comments?post=340060"}],"version-history":[{"count":0,"href":"https:\/\/www.radiopiu.net\/wordpress\/wp-json\/wp\/v2\/posts\/340060\/revisions"}],"wp:featuredmedia":[{"embeddable":true,"href":"https:\/\/www.radiopiu.net\/wordpress\/wp-json\/wp\/v2\/media\/340062"}],"wp:attachment":[{"href":"https:\/\/www.radiopiu.net\/wordpress\/wp-json\/wp\/v2\/media?parent=340060"}],"wp:term":[{"taxonomy":"category","embeddable":true,"href":"https:\/\/www.radiopiu.net\/wordpress\/wp-json\/wp\/v2\/categories?post=340060"},{"taxonomy":"post_tag","embeddable":true,"href":"https:\/\/www.radiopiu.net\/wordpress\/wp-json\/wp\/v2\/tags?post=340060"}],"curies":[{"name":"wp","href":"https:\/\/api.w.org\/{rel}","templated":true}]}}