{"id":340072,"date":"2023-06-13T14:56:10","date_gmt":"2023-06-13T12:56:10","guid":{"rendered":"https:\/\/www.radiopiu.net\/wordpress\/?p=340072"},"modified":"2023-06-13T21:05:55","modified_gmt":"2023-06-13T19:05:55","slug":"la-cisl-fp-denuncia-grave-carenza-di-personale-amministrativo-negli-uffici-giudiziari","status":"publish","type":"post","link":"https:\/\/www.radiopiu.net\/wordpress\/la-cisl-fp-denuncia-grave-carenza-di-personale-amministrativo-negli-uffici-giudiziari\/","title":{"rendered":"LA CISL FP  DENUNCIA &#8220;GRAVE CARENZA DI PERSONALE AMMINISTRATIVO NEGLI UFFICI GIUDIZIARI&#8221;"},"content":{"rendered":"<p><strong><a class=\"dt-pswp-item\" href=\"https:\/\/www.radiopiu.net\/wordpress\/wp-content\/uploads\/2022\/06\/TRIBUNALE-2.jpg\" data-dt-img-description=\"\" data-large_image_width=\"960\" data-large_image_height=\"720\"><img loading=\"lazy\" decoding=\"async\" class=\"size-medium wp-image-282908 alignleft\" src=\"https:\/\/www.radiopiu.net\/wordpress\/wp-content\/uploads\/2022\/06\/TRIBUNALE-2-300x225.jpg\" alt=\"\" width=\"300\" height=\"225\" srcset=\"https:\/\/www.radiopiu.net\/wordpress\/wp-content\/uploads\/2022\/06\/TRIBUNALE-2-300x225.jpg 300w, https:\/\/www.radiopiu.net\/wordpress\/wp-content\/uploads\/2022\/06\/TRIBUNALE-2-768x576.jpg 768w, https:\/\/www.radiopiu.net\/wordpress\/wp-content\/uploads\/2022\/06\/TRIBUNALE-2.jpg 960w\" sizes=\"auto, (max-width: 300px) 100vw, 300px\" \/><\/a>TREVISO_BELLUNO<\/strong> La Cisl Fp Belluno Treviso ha presentato una nuova segnalazione al Ministero della Giustizia riguardo alla carenza di personale amministrativo negli uffici giudiziari bellunesi. Dopo un incontro con il sottosegretario alla Giustizia Andrea Ostellari, la federazione sindacale ha inviato un documento al ministro Carlo Nordio evidenziando la grave situazione che sta compromettendo l&#8217;efficacia dell&#8217;attivit\u00e0 giudiziaria nella zona. Secondo la segnalazione della Cisl Fp, la Procura della Repubblica conta solo 16 unit\u00e0 di personale rispetto alle 26 previste, con una scopertura del 38,5%. Questa situazione peggiorer\u00e0 nel corso dell&#8217;anno a causa dell&#8217;uscita di altre due unit\u00e0, portando la scopertura al 46%. Tale carenza di personale rischia di avere conseguenze disastrose sul funzionamento dell&#8217;Ufficio, che fornisce servizi essenziali alla comunit\u00e0 bellunese. La situazione presso il Tribunale e l&#8217;Ufficio del Giudice di Pace \u00e8 ancora peggiore. Rispetto alle 44 risorse previste, solo 23 sono effettivamente presenti (una delle quali si trasferir\u00e0 presto per vincita di altro concorso), il che significa una scopertura che si avvicina al 50%. Inoltre, nell&#8217;Ufficio del Giudice di Pace ci sono solo 3 lavoratori rispetto ai 5 previsti. La Casa circondariale, infine, ha solo 8 dipendenti invece dei 15 previsti, con una scopertura del 47%. La Cisl Fp sottolinea che, nonostante la piena copertura dei magistrati, l&#8217;attivit\u00e0 giudiziaria \u00e8 rallentata dall&#8217;apparato amministrativo incompleto con lunghi tempi di attesa. Secondo la Fp, \u00e8 necessario un piano straordinario di assunzioni e interventi economici per migliorare le condizioni dei lavoratori e stabilizzarli nell&#8217;ufficio giudiziario di Belluno.<\/p>\n<p><strong>IL DOCUMENTO INVIATO AL MINISTRO NORDIO<\/strong><\/p>\n<a href=\"https:\/\/www.radiopiu.net\/wordpress\/wp-content\/uploads\/2023\/06\/Documento-per-ministro-Nordio-del-9-giugno-2023-CISL-FP.pdf\" class=\"pdfemb-viewer\" style=\"\" data-width=\"max\" data-height=\"max\" data-toolbar=\"top\" data-toolbar-fixed=\"on\">Documento per ministro Nordio del 9 giugno 2023 CISL-FP<\/a>\n","protected":false},"excerpt":{"rendered":"<p>TREVISO_BELLUNO La Cisl Fp Belluno Treviso ha presentato una nuova segnalazione al Ministero della Giustizia riguardo alla carenza di personale amministrativo negli uffici giudiziari bellunesi. Dopo un incontro con il sottosegretario alla Giustizia Andrea Ostellari, la federazione sindacale ha inviato un documento al ministro Carlo Nordio evidenziando la grave situazione che sta compromettendo l&#8217;efficacia dell&#8217;attivit\u00e0&hellip;<\/p>\n","protected":false},"author":4,"featured_media":232453,"comment_status":"closed","ping_status":"closed","sticky":false,"template":"","format":"standard","meta":{"_monsterinsights_skip_tracking":false,"_monsterinsights_sitenote_active":false,"_monsterinsights_sitenote_note":"","_monsterinsights_sitenote_category":0,"footnotes":""},"categories":[51,49],"tags":[],"class_list":["post-340072","post","type-post","status-publish","format-standard","has-post-thumbnail","hentry","category-evidenza-top","category-news-18","category-51","category-49","description-off"],"img_url":"https:\/\/www.radiopiu.net\/wordpress\/wp-content\/uploads\/2021\/09\/tribunale-belluno.jpg","_links":{"self":[{"href":"https:\/\/www.radiopiu.net\/wordpress\/wp-json\/wp\/v2\/posts\/340072","targetHints":{"allow":["GET"]}}],"collection":[{"href":"https:\/\/www.radiopiu.net\/wordpress\/wp-json\/wp\/v2\/posts"}],"about":[{"href":"https:\/\/www.radiopiu.net\/wordpress\/wp-json\/wp\/v2\/types\/post"}],"author":[{"embeddable":true,"href":"https:\/\/www.radiopiu.net\/wordpress\/wp-json\/wp\/v2\/users\/4"}],"replies":[{"embeddable":true,"href":"https:\/\/www.radiopiu.net\/wordpress\/wp-json\/wp\/v2\/comments?post=340072"}],"version-history":[{"count":0,"href":"https:\/\/www.radiopiu.net\/wordpress\/wp-json\/wp\/v2\/posts\/340072\/revisions"}],"wp:featuredmedia":[{"embeddable":true,"href":"https:\/\/www.radiopiu.net\/wordpress\/wp-json\/wp\/v2\/media\/232453"}],"wp:attachment":[{"href":"https:\/\/www.radiopiu.net\/wordpress\/wp-json\/wp\/v2\/media?parent=340072"}],"wp:term":[{"taxonomy":"category","embeddable":true,"href":"https:\/\/www.radiopiu.net\/wordpress\/wp-json\/wp\/v2\/categories?post=340072"},{"taxonomy":"post_tag","embeddable":true,"href":"https:\/\/www.radiopiu.net\/wordpress\/wp-json\/wp\/v2\/tags?post=340072"}],"curies":[{"name":"wp","href":"https:\/\/api.w.org\/{rel}","templated":true}]}}