{"id":340077,"date":"2023-06-13T15:27:34","date_gmt":"2023-06-13T13:27:34","guid":{"rendered":"https:\/\/www.radiopiu.net\/wordpress\/?p=340077"},"modified":"2023-06-13T21:05:49","modified_gmt":"2023-06-13T19:05:49","slug":"stagione-al-via-in-marmolada-svolta-4-0-e-nuovi-servizi-con-app-e-qr-code","status":"publish","type":"post","link":"https:\/\/www.radiopiu.net\/wordpress\/stagione-al-via-in-marmolada-svolta-4-0-e-nuovi-servizi-con-app-e-qr-code\/","title":{"rendered":"STAGIONE AL VIA IN MARMOLADA, SVOLTA 4.0 E NUOVI SERVIZI CON APP E QR CODE"},"content":{"rendered":"<p><strong><a class=\"dt-pswp-item\" href=\"https:\/\/www.radiopiu.net\/wordpress\/wp-content\/uploads\/2023\/06\/FUNIVIE-MARMOLADA.jpg\" data-dt-img-description=\"\" data-large_image_width=\"1920\" data-large_image_height=\"1280\"><img loading=\"lazy\" decoding=\"async\" class=\" wp-image-340078 alignleft\" src=\"https:\/\/www.radiopiu.net\/wordpress\/wp-content\/uploads\/2023\/06\/FUNIVIE-MARMOLADA-300x200.jpg\" alt=\"\" width=\"162\" height=\"108\" srcset=\"https:\/\/www.radiopiu.net\/wordpress\/wp-content\/uploads\/2023\/06\/FUNIVIE-MARMOLADA-300x200.jpg 300w, https:\/\/www.radiopiu.net\/wordpress\/wp-content\/uploads\/2023\/06\/FUNIVIE-MARMOLADA-1024x683.jpg 1024w, https:\/\/www.radiopiu.net\/wordpress\/wp-content\/uploads\/2023\/06\/FUNIVIE-MARMOLADA-768x512.jpg 768w, https:\/\/www.radiopiu.net\/wordpress\/wp-content\/uploads\/2023\/06\/FUNIVIE-MARMOLADA-1536x1024.jpg 1536w, https:\/\/www.radiopiu.net\/wordpress\/wp-content\/uploads\/2023\/06\/FUNIVIE-MARMOLADA.jpg 1920w\" sizes=\"auto, (max-width: 162px) 100vw, 162px\" \/><\/a>ROCCA PIETORE <\/strong>Stagione al via in Marmolada tra paesaggi mozzafiato e la grande storia: riaprono infatti sabato 17 giugno \u2013 e per tutta l&#8217;estate &#8211; gli impianti funiviari tra Malga Ciapela e Punta Rocca. La macchina organizzativa \u00e8 in moto da settimane, impiantisti e operatori sono al lavoro per garantire una stagione ai massimi livelli e che si preannuncia dai grandi numeri. Anche per questo, sono state introdotte e potenziate le nuove tecnologie: tramite Qr Code, per esempio, sar\u00e0 possibile consultare una brochure interattiva dedicata al massiccio, ai servizi offerti e alle tante iniziative previste per tutta l&#8217;estate. Con l&#8217;app Geochip \u2013 su tutti gli store digitali \u2013 sar\u00e0 invece disponibile un&#8217;audioguida. Semplificate anche le procedure per l&#8217;acquisto on line dei biglietti e saltare la coda. \u201cE&#8217; una svolta 4.0 che vuole avvicinare ulteriormente i visitatori al luogo, prepararli a una esperienza unica\u201d, spiega il direttore di Marmolada srl Patrick Pomar\u00e8. \u201cNatura, storia, cultura, rispetto per questi luoghi sono e saranno sempre i nostri valori di riferimento\u201d. La Marmolada resta il punto di osservazione principale sulle Dolomiti Patrimonio Unesco con la sua terrazza panoramica a 3265 metri: una visuale a 360 gradi che regala emozioni uniche, cos\u00ec come rimane immutato il fascino della grotta-cappella che ospita la statua della Madonna consacrata da Giovanni Paolo II, in occasione della sua visita del 26 agosto 1979. A Serauta, invece, rimarr\u00e0 visitabile per tutta l&#8217;estate il Museo della Grande Guerra, che racconta la quotidianit\u00e0 di migliaia di soldati in quota nel corso del primo conflitto mondiale, con la possibilit\u00e0 di scoprire le Zone Monumentali Sacre di Forcella a Vu con la Galleria Rosso e di Punta Serauta con il vecchio percorso del Fortilizio Italiano che comprendono posti di comando, osservatori, postazioni, ricoveri, baracche, trincee e camminamenti realizzati dai soldati italiani. Tante le proposte e le iniziative previste per l&#8217;estate 2023, come la possibilit\u00e0 di praticare yoga in quota. \u201cLa nostra societ\u00e0 \u00e8 pronta a partire e lo far\u00e0 garantendo la massima sicurezza di tutti. La tragedia che ha colpito le nostre comunit\u00e0 l&#8217;anno scorso \u00e8 una ferita aperta, che ci spinge a presidiare questa montagna \u2013 meravigliosa quanto fragile &#8211; e farla continuare a vivere con i suoi abitanti e le sue imprese\u201d, conclude Pomar\u00e8. Per tutte le info consultare il sito <a href=\"http:\/\/funiviemarmolada.com\">funiviemarmolada.com<\/a><\/p>\n<p>&nbsp;<\/p>\n<p>&nbsp;<\/p>\n<p>*******<\/p>\n","protected":false},"excerpt":{"rendered":"<p>ROCCA PIETORE Stagione al via in Marmolada tra paesaggi mozzafiato e la grande storia: riaprono infatti sabato 17 giugno \u2013 e per tutta l&#8217;estate &#8211; gli impianti funiviari tra Malga Ciapela e Punta Rocca. La macchina organizzativa \u00e8 in moto da settimane, impiantisti e operatori sono al lavoro per garantire una stagione ai massimi livelli&hellip;<\/p>\n","protected":false},"author":4,"featured_media":340078,"comment_status":"closed","ping_status":"closed","sticky":false,"template":"","format":"standard","meta":{"_monsterinsights_skip_tracking":false,"_monsterinsights_sitenote_active":false,"_monsterinsights_sitenote_note":"","_monsterinsights_sitenote_category":0,"footnotes":""},"categories":[51,49],"tags":[],"class_list":["post-340077","post","type-post","status-publish","format-standard","has-post-thumbnail","hentry","category-evidenza-top","category-news-18","category-51","category-49","description-off"],"img_url":"https:\/\/www.radiopiu.net\/wordpress\/wp-content\/uploads\/2023\/06\/FUNIVIE-MARMOLADA.jpg","_links":{"self":[{"href":"https:\/\/www.radiopiu.net\/wordpress\/wp-json\/wp\/v2\/posts\/340077","targetHints":{"allow":["GET"]}}],"collection":[{"href":"https:\/\/www.radiopiu.net\/wordpress\/wp-json\/wp\/v2\/posts"}],"about":[{"href":"https:\/\/www.radiopiu.net\/wordpress\/wp-json\/wp\/v2\/types\/post"}],"author":[{"embeddable":true,"href":"https:\/\/www.radiopiu.net\/wordpress\/wp-json\/wp\/v2\/users\/4"}],"replies":[{"embeddable":true,"href":"https:\/\/www.radiopiu.net\/wordpress\/wp-json\/wp\/v2\/comments?post=340077"}],"version-history":[{"count":0,"href":"https:\/\/www.radiopiu.net\/wordpress\/wp-json\/wp\/v2\/posts\/340077\/revisions"}],"wp:featuredmedia":[{"embeddable":true,"href":"https:\/\/www.radiopiu.net\/wordpress\/wp-json\/wp\/v2\/media\/340078"}],"wp:attachment":[{"href":"https:\/\/www.radiopiu.net\/wordpress\/wp-json\/wp\/v2\/media?parent=340077"}],"wp:term":[{"taxonomy":"category","embeddable":true,"href":"https:\/\/www.radiopiu.net\/wordpress\/wp-json\/wp\/v2\/categories?post=340077"},{"taxonomy":"post_tag","embeddable":true,"href":"https:\/\/www.radiopiu.net\/wordpress\/wp-json\/wp\/v2\/tags?post=340077"}],"curies":[{"name":"wp","href":"https:\/\/api.w.org\/{rel}","templated":true}]}}