{"id":340100,"date":"2023-06-13T21:05:19","date_gmt":"2023-06-13T19:05:19","guid":{"rendered":"https:\/\/www.radiopiu.net\/wordpress\/?p=340100"},"modified":"2023-06-13T21:05:18","modified_gmt":"2023-06-13T19:05:18","slug":"ad-un-anno-dalla-scomparsa-luxottica-ricorda-il-suo-fondatore-leonardo-del-vecchio-con-una-messa-al-palaluxottica","status":"publish","type":"post","link":"https:\/\/www.radiopiu.net\/wordpress\/ad-un-anno-dalla-scomparsa-luxottica-ricorda-il-suo-fondatore-leonardo-del-vecchio-con-una-messa-al-palaluxottica\/","title":{"rendered":"AD UN ANNO DALLA SCOMPARSA, LUXOTTICA RICORDA IL SUO FONDATORE LEONARDO DEL VECCHIO CON UNA MESSA AL PALALUXOTTICA"},"content":{"rendered":"<p><strong><a class=\"dt-pswp-item\" href=\"https:\/\/www.radiopiu.net\/wordpress\/wp-content\/uploads\/2023\/03\/leonardo_del_vecchio_1300x400_0.jpg\" data-dt-img-description=\"\" data-large_image_width=\"1366\" data-large_image_height=\"625\"><img loading=\"lazy\" decoding=\"async\" class=\" wp-image-324828 alignleft\" src=\"https:\/\/www.radiopiu.net\/wordpress\/wp-content\/uploads\/2023\/03\/leonardo_del_vecchio_1300x400_0-300x137.jpg\" alt=\"\" width=\"212\" height=\"97\" srcset=\"https:\/\/www.radiopiu.net\/wordpress\/wp-content\/uploads\/2023\/03\/leonardo_del_vecchio_1300x400_0-300x137.jpg 300w, https:\/\/www.radiopiu.net\/wordpress\/wp-content\/uploads\/2023\/03\/leonardo_del_vecchio_1300x400_0-1024x469.jpg 1024w, https:\/\/www.radiopiu.net\/wordpress\/wp-content\/uploads\/2023\/03\/leonardo_del_vecchio_1300x400_0-768x351.jpg 768w, https:\/\/www.radiopiu.net\/wordpress\/wp-content\/uploads\/2023\/03\/leonardo_del_vecchio_1300x400_0.jpg 1366w\" sizes=\"auto, (max-width: 212px) 100vw, 212px\" \/><\/a>AGORDO <\/strong>Ad un anno dalla morte del suo fondatore, Luxottica ricorda Leonardo Del Vecchio in una messa commemorativa al PalaLuxottica di Agordo. La funzione commemorativa si terr\u00e0 marted\u00ec 27 giugno alle 18:30 e tutte le maestranze sono invitate per rendere omaggio a Del Vecchio. La Santa Messa sar\u00e0 officiata da Monsignor Renato Marangoni, vescovo di Belluno-Feltre, insieme al parroco di Agordo, don Cesare Larese De Pol. Al fine di consentire un ambiente di raccoglimento, le attivit\u00e0 produttive dello stabilimento di Agordo saranno sospese dalle 18 alle 20, ad eccezione dei servizi essenziali legati alla sicurezza. Per agevolare gli spostamenti dei partecipanti, sar\u00e0 disponibile un servizio navetta continuativo tra lo stabilimento di Agordo e il PalaLuxottica. Questo servizio garantir\u00e0 sia l&#8217;andata che il ritorno dalla struttura, e sar\u00e0 accessibile anche a coloro che decideranno di utilizzare i parcheggi nelle vicinanze dello stabilimento. Le maestranze degli altri stabilimenti che vorranno prendere parte all&#8217;omaggio potranno osservare un minuto di raccoglimento. Leonardo Del Vecchio ha dedicato la sua vita all&#8217;azienda e alle persone che ne facevano parte. Era un mentore per tutti, con straordinarie qualit\u00e0 umane, e il suo esempio continua a guidare l&#8217;eredit\u00e0 morale, i valori, la visione del futuro e l&#8217;impegno verso l&#8217;eccellenza portata avanti dal gruppo.<\/p>\n<p>&nbsp;<\/p>\n<p>&nbsp;<\/p>\n<p>*******<\/p>\n","protected":false},"excerpt":{"rendered":"<p>AGORDO Ad un anno dalla morte del suo fondatore, Luxottica ricorda Leonardo Del Vecchio in una messa commemorativa al PalaLuxottica di Agordo. La funzione commemorativa si terr\u00e0 marted\u00ec 27 giugno alle 18:30 e tutte le maestranze sono invitate per rendere omaggio a Del Vecchio. La Santa Messa sar\u00e0 officiata da Monsignor Renato Marangoni, vescovo di&hellip;<\/p>\n","protected":false},"author":4,"featured_media":316004,"comment_status":"closed","ping_status":"closed","sticky":false,"template":"","format":"standard","meta":{"_monsterinsights_skip_tracking":false,"_monsterinsights_sitenote_active":false,"_monsterinsights_sitenote_note":"","_monsterinsights_sitenote_category":0,"footnotes":""},"categories":[51,49],"tags":[],"class_list":["post-340100","post","type-post","status-publish","format-standard","has-post-thumbnail","hentry","category-evidenza-top","category-news-18","category-51","category-49","description-off"],"img_url":"https:\/\/www.radiopiu.net\/wordpress\/wp-content\/uploads\/2023\/01\/th-9.jpg","_links":{"self":[{"href":"https:\/\/www.radiopiu.net\/wordpress\/wp-json\/wp\/v2\/posts\/340100","targetHints":{"allow":["GET"]}}],"collection":[{"href":"https:\/\/www.radiopiu.net\/wordpress\/wp-json\/wp\/v2\/posts"}],"about":[{"href":"https:\/\/www.radiopiu.net\/wordpress\/wp-json\/wp\/v2\/types\/post"}],"author":[{"embeddable":true,"href":"https:\/\/www.radiopiu.net\/wordpress\/wp-json\/wp\/v2\/users\/4"}],"replies":[{"embeddable":true,"href":"https:\/\/www.radiopiu.net\/wordpress\/wp-json\/wp\/v2\/comments?post=340100"}],"version-history":[{"count":0,"href":"https:\/\/www.radiopiu.net\/wordpress\/wp-json\/wp\/v2\/posts\/340100\/revisions"}],"wp:featuredmedia":[{"embeddable":true,"href":"https:\/\/www.radiopiu.net\/wordpress\/wp-json\/wp\/v2\/media\/316004"}],"wp:attachment":[{"href":"https:\/\/www.radiopiu.net\/wordpress\/wp-json\/wp\/v2\/media?parent=340100"}],"wp:term":[{"taxonomy":"category","embeddable":true,"href":"https:\/\/www.radiopiu.net\/wordpress\/wp-json\/wp\/v2\/categories?post=340100"},{"taxonomy":"post_tag","embeddable":true,"href":"https:\/\/www.radiopiu.net\/wordpress\/wp-json\/wp\/v2\/tags?post=340100"}],"curies":[{"name":"wp","href":"https:\/\/api.w.org\/{rel}","templated":true}]}}