{"id":340108,"date":"2023-06-13T19:06:23","date_gmt":"2023-06-13T17:06:23","guid":{"rendered":"https:\/\/www.radiopiu.net\/wordpress\/?p=340108"},"modified":"2023-06-13T21:04:53","modified_gmt":"2023-06-13T19:04:53","slug":"fantasia-da-parcheggio","status":"publish","type":"post","link":"https:\/\/www.radiopiu.net\/wordpress\/fantasia-da-parcheggio\/","title":{"rendered":"FANTASIA DA PARCHEGGIO"},"content":{"rendered":"<p><strong>AGORDO<\/strong> Chi ha detto che in localit\u00e0 Valcozzena &#8211; in lux Valley &#8211; non c&#8217;\u00e8 posto per le auto?<\/p>\n<p><a class=\"dt-pswp-item\" href=\"https:\/\/www.radiopiu.net\/wordpress\/wp-content\/uploads\/2023\/06\/7e892479-c397-47e7-92c5-339f6ca7d75b.jpg\" data-dt-img-description=\"\" data-large_image_width=\"1600\" data-large_image_height=\"720\"><img loading=\"lazy\" decoding=\"async\" class=\"size-medium wp-image-340109 aligncenter\" src=\"https:\/\/www.radiopiu.net\/wordpress\/wp-content\/uploads\/2023\/06\/7e892479-c397-47e7-92c5-339f6ca7d75b-300x135.jpg\" alt=\"\" width=\"300\" height=\"135\" srcset=\"https:\/\/www.radiopiu.net\/wordpress\/wp-content\/uploads\/2023\/06\/7e892479-c397-47e7-92c5-339f6ca7d75b-300x135.jpg 300w, https:\/\/www.radiopiu.net\/wordpress\/wp-content\/uploads\/2023\/06\/7e892479-c397-47e7-92c5-339f6ca7d75b-1024x461.jpg 1024w, https:\/\/www.radiopiu.net\/wordpress\/wp-content\/uploads\/2023\/06\/7e892479-c397-47e7-92c5-339f6ca7d75b-768x346.jpg 768w, https:\/\/www.radiopiu.net\/wordpress\/wp-content\/uploads\/2023\/06\/7e892479-c397-47e7-92c5-339f6ca7d75b-1536x691.jpg 1536w, https:\/\/www.radiopiu.net\/wordpress\/wp-content\/uploads\/2023\/06\/7e892479-c397-47e7-92c5-339f6ca7d75b.jpg 1600w\" sizes=\"auto, (max-width: 300px) 100vw, 300px\" \/><\/a><\/p>\n<p>&nbsp;<\/p>\n<p>Definizione di Camper: Un camper \u00e8 un veicolo abitabile progettato per offrire comfort e alloggio temporaneo durante i viaggi. \u00c8 una sorta di casa su ruote che consente alle persone di esplorare diverse destinazioni senza dover prenotare hotel o trovare alloggi alternativi. I camper sono spesso utilizzati per il campeggio, le vacanze o le gite in famiglia. I camper possono variare in dimensioni e design, ma di norma non sono per nulla simili alle auto&#8230;<\/p>\n<div class=\"group w-full text-gray-800 dark:text-gray-100 border-b border-black\/10 dark:border-gray-900\/50 bg-gray-50 dark:bg-[#444654]\">\n<div class=\"flex p-4 gap-4 text-base md:gap-6 md:max-w-2xl lg:max-w-[38rem] xl:max-w-3xl md:py-6 lg:px-0 m-auto\">\n<div class=\"relative flex w-[calc(100%-50px)] flex-col gap-1 md:gap-3 lg:w-[calc(100%-115px)]\">\n<div class=\"flex justify-between lg:block\">\n<div class=\"text-xs flex items-center justify-center gap-1 self-center pt-2 !invisible\"><a class=\"dt-pswp-item\" href=\"https:\/\/www.radiopiu.net\/wordpress\/wp-content\/uploads\/2023\/06\/50a0704b-feb4-4190-974a-a31ce3fad398.jpg\" data-dt-img-description=\"\" data-large_image_width=\"2000\" data-large_image_height=\"900\"><img loading=\"lazy\" decoding=\"async\" class=\"size-medium wp-image-340113 aligncenter\" src=\"https:\/\/www.radiopiu.net\/wordpress\/wp-content\/uploads\/2023\/06\/50a0704b-feb4-4190-974a-a31ce3fad398-300x135.jpg\" alt=\"\" width=\"300\" height=\"135\" srcset=\"https:\/\/www.radiopiu.net\/wordpress\/wp-content\/uploads\/2023\/06\/50a0704b-feb4-4190-974a-a31ce3fad398-300x135.jpg 300w, https:\/\/www.radiopiu.net\/wordpress\/wp-content\/uploads\/2023\/06\/50a0704b-feb4-4190-974a-a31ce3fad398-1024x461.jpg 1024w, https:\/\/www.radiopiu.net\/wordpress\/wp-content\/uploads\/2023\/06\/50a0704b-feb4-4190-974a-a31ce3fad398-768x346.jpg 768w, https:\/\/www.radiopiu.net\/wordpress\/wp-content\/uploads\/2023\/06\/50a0704b-feb4-4190-974a-a31ce3fad398-1536x691.jpg 1536w, https:\/\/www.radiopiu.net\/wordpress\/wp-content\/uploads\/2023\/06\/50a0704b-feb4-4190-974a-a31ce3fad398.jpg 2000w\" sizes=\"auto, (max-width: 300px) 100vw, 300px\" \/><\/a><\/div>\n<\/div>\n<div><\/div>\n<div class=\"flex justify-between lg:block\">\n<div class=\"text-gray-400 flex self-end lg:self-center justify-center mt-2 gap-2 md:gap-3 lg:gap-1 lg:absolute lg:top-0 lg:translate-x-full lg:right-0 lg:mt-0 lg:pl-2 invisible\">\n<div class=\"flex gap-1\"><\/div>\n<\/div>\n<\/div>\n<\/div>\n<\/div>\n<\/div>\n<p>&nbsp;<\/p>\n<p>******<\/p>\n","protected":false},"excerpt":{"rendered":"<p>AGORDO Chi ha detto che in localit\u00e0 Valcozzena &#8211; in lux Valley &#8211; non c&#8217;\u00e8 posto per le auto? &nbsp; Definizione di Camper: Un camper \u00e8 un veicolo abitabile progettato per offrire comfort e alloggio temporaneo durante i viaggi. \u00c8 una sorta di casa su ruote che consente alle persone di esplorare diverse destinazioni senza&hellip;<\/p>\n","protected":false},"author":4,"featured_media":340109,"comment_status":"closed","ping_status":"closed","sticky":false,"template":"","format":"standard","meta":{"_monsterinsights_skip_tracking":false,"_monsterinsights_sitenote_active":false,"_monsterinsights_sitenote_note":"","_monsterinsights_sitenote_category":0,"footnotes":""},"categories":[51,49],"tags":[],"class_list":["post-340108","post","type-post","status-publish","format-standard","has-post-thumbnail","hentry","category-evidenza-top","category-news-18","category-51","category-49","description-off"],"img_url":"https:\/\/www.radiopiu.net\/wordpress\/wp-content\/uploads\/2023\/06\/7e892479-c397-47e7-92c5-339f6ca7d75b.jpg","_links":{"self":[{"href":"https:\/\/www.radiopiu.net\/wordpress\/wp-json\/wp\/v2\/posts\/340108","targetHints":{"allow":["GET"]}}],"collection":[{"href":"https:\/\/www.radiopiu.net\/wordpress\/wp-json\/wp\/v2\/posts"}],"about":[{"href":"https:\/\/www.radiopiu.net\/wordpress\/wp-json\/wp\/v2\/types\/post"}],"author":[{"embeddable":true,"href":"https:\/\/www.radiopiu.net\/wordpress\/wp-json\/wp\/v2\/users\/4"}],"replies":[{"embeddable":true,"href":"https:\/\/www.radiopiu.net\/wordpress\/wp-json\/wp\/v2\/comments?post=340108"}],"version-history":[{"count":0,"href":"https:\/\/www.radiopiu.net\/wordpress\/wp-json\/wp\/v2\/posts\/340108\/revisions"}],"wp:featuredmedia":[{"embeddable":true,"href":"https:\/\/www.radiopiu.net\/wordpress\/wp-json\/wp\/v2\/media\/340109"}],"wp:attachment":[{"href":"https:\/\/www.radiopiu.net\/wordpress\/wp-json\/wp\/v2\/media?parent=340108"}],"wp:term":[{"taxonomy":"category","embeddable":true,"href":"https:\/\/www.radiopiu.net\/wordpress\/wp-json\/wp\/v2\/categories?post=340108"},{"taxonomy":"post_tag","embeddable":true,"href":"https:\/\/www.radiopiu.net\/wordpress\/wp-json\/wp\/v2\/tags?post=340108"}],"curies":[{"name":"wp","href":"https:\/\/api.w.org\/{rel}","templated":true}]}}