{"id":340129,"date":"2023-06-15T05:29:43","date_gmt":"2023-06-15T03:29:43","guid":{"rendered":"https:\/\/www.radiopiu.net\/wordpress\/?p=340129"},"modified":"2023-06-15T12:51:14","modified_gmt":"2023-06-15T10:51:14","slug":"giornale-radiopiu-15-giugno-2023-direttore-mirko-mezzacasaverso-i-40-anni-25-giugno-1983-25-giugno-2023","status":"publish","type":"post","link":"https:\/\/www.radiopiu.net\/wordpress\/giornale-radiopiu-15-giugno-2023-direttore-mirko-mezzacasaverso-i-40-anni-25-giugno-1983-25-giugno-2023\/","title":{"rendered":"GIORNALE RADIOPIU 15 GIUGNO 2023 DIRETTORE MIRKO MEZZACASA\u2026VERSO I 40 ANNI 25 GIUGNO 1983-25 GIUGNO 2023"},"content":{"rendered":"<h2 style=\"text-align: left;\"><span style=\"font-size: 14px; font-weight: normal;\">\u00a0<\/span><\/h2>\n<div class=\"page-title-head hgroup\">\n<h2 style=\"text-align: left;\"><span style=\"color: #ff0000;\"><span style=\"vertical-align: inherit;\"><a class=\"dt-pswp-item\" href=\"https:\/\/www.radiopiu.net\/wordpress\/wp-content\/uploads\/2023\/04\/e0aad41d-951e-47b9-9fae-1a879a9bcb7e-1.jpg\" data-dt-img-description=\"\" data-large_image_width=\"1200\" data-large_image_height=\"1200\"><img loading=\"lazy\" decoding=\"async\" class=\"wp-image-333205 alignleft\" src=\"https:\/\/www.radiopiu.net\/wordpress\/wp-content\/uploads\/2023\/04\/e0aad41d-951e-47b9-9fae-1a879a9bcb7e-1-300x300.jpg\" alt=\"\" width=\"110\" height=\"110\" srcset=\"https:\/\/www.radiopiu.net\/wordpress\/wp-content\/uploads\/2023\/04\/e0aad41d-951e-47b9-9fae-1a879a9bcb7e-1-300x300.jpg 300w, https:\/\/www.radiopiu.net\/wordpress\/wp-content\/uploads\/2023\/04\/e0aad41d-951e-47b9-9fae-1a879a9bcb7e-1-1024x1024.jpg 1024w, https:\/\/www.radiopiu.net\/wordpress\/wp-content\/uploads\/2023\/04\/e0aad41d-951e-47b9-9fae-1a879a9bcb7e-1-150x150.jpg 150w, https:\/\/www.radiopiu.net\/wordpress\/wp-content\/uploads\/2023\/04\/e0aad41d-951e-47b9-9fae-1a879a9bcb7e-1-768x768.jpg 768w, https:\/\/www.radiopiu.net\/wordpress\/wp-content\/uploads\/2023\/04\/e0aad41d-951e-47b9-9fae-1a879a9bcb7e-1.jpg 1200w\" sizes=\"auto, (max-width: 110px) 100vw, 110px\" \/><\/a><\/span><\/span><\/h2>\n<h1 class=\"entry-title\">40esimo di RADIOPIU\u2026. LA VOCE DELL\u2019EMOZIONE<\/h1>\n<\/div>\n<p>&nbsp;<\/p>\n<p>&nbsp;<\/p>\n<hr \/>\n<p>&nbsp;<\/p>\n<h2 style=\"text-align: left;\"><span style=\"color: #ff0000;\"><span style=\"vertical-align: inherit;\">ISCRIVITI AL NOSTRO CANALE\u00a0 <\/span><\/span><span style=\"vertical-align: inherit;\"> YOUTUBE PER SEGUIRE IN DIRETTA I PRINCIPALI PROGRAMMI DI RADIO PIU&#8217; E LE FUTURE DIRETTE IN ESTERNA. PER ISCRIVERTI <\/span><a style=\"color: #ff0000;\" href=\"https:\/\/youtube.com\/@radiopiu1527\"><span style=\"vertical-align: inherit;\">CLICCA QUI <\/span><\/a><span style=\"color: #ff0000; font-size: 14px; font-weight: normal;\"><span style=\"vertical-align: inherit;\">E PREMI\u00a0 &#8220;Iscriviti&#8221;\u00a0 \u00a0<\/span><\/span><\/h2>\n<p>&nbsp;<\/p>\n<p>&nbsp;<\/p>\n<hr \/>\n<p>&nbsp;<\/p>\n<blockquote>\n<h2>CHIUDE LA PRINCIPALE PER IL DURAN, DEVIAZIONI IN LOCO<\/h2>\n<\/blockquote>\n<p><strong>SP347 DEL DURAN E CEREDA:<\/strong> localit\u00e0 Lantrago La Valle. <span style=\"color: #ff0000;\">Fino\u00a0al 13 luglio<\/span> chiusura totale al traffico della strada per il Passo Duran per lavori di allargamento del Ponte Lantrago e sistemazione della carreggiata. percorso alternativo consigliato: CROSTOLIN-GAIDON\u00a0 strada comunale interdetta al transito dei veicoli con larghezza superiore ai 2 metri e 40 centimetri.<\/p>\n<p>&nbsp;<\/p>\n<hr \/>\n<p>&nbsp;<\/p>\n<blockquote>\n<h3>SAVINER-DIGONERA: LE CHIUSURE<\/h3>\n<\/blockquote>\n<p>Veneto strade comunica che la SP 563 di Salesei sar\u00e0 interessata da un&#8217;interdizione totale alla circolazione in localit\u00e0 Digonera nel comune di Rocca Pietore. Dal 19 al 23 giugno la strada sar\u00e0 chiusa dalle 7:30 alle 18, negli altri orari istituzione di un senso unico alternato regolato da semaforo e limite di velocit\u00e0 a 30 km\/h. Dal 23 giugno al 28 luglio la strada sar\u00e0 di nuovo interdetta al traffico dalle 8 del luned\u00ec alle 18 di venerd\u00ec e nel fine settimana istituzione di un senso unico alternato regolato da semaforo e limite di velocit\u00e0 a 30 km\/h.<\/p>\n<p>&nbsp;<\/p>\n<hr \/>\n<p>&nbsp;<\/p>\n<p><a class=\"dt-pswp-item\" href=\"https:\/\/www.radiopiu.net\/wordpress\/wp-content\/uploads\/2023\/06\/0678064d-5508-4cf4-9bf8-cfb3ad461f42.jpg\" data-dt-img-description=\"\" data-large_image_width=\"1080\" data-large_image_height=\"901\"><img loading=\"lazy\" decoding=\"async\" class=\"size-medium wp-image-340302 aligncenter\" src=\"https:\/\/www.radiopiu.net\/wordpress\/wp-content\/uploads\/2023\/06\/0678064d-5508-4cf4-9bf8-cfb3ad461f42-300x250.jpg\" alt=\"\" width=\"300\" height=\"250\" srcset=\"https:\/\/www.radiopiu.net\/wordpress\/wp-content\/uploads\/2023\/06\/0678064d-5508-4cf4-9bf8-cfb3ad461f42-300x250.jpg 300w, https:\/\/www.radiopiu.net\/wordpress\/wp-content\/uploads\/2023\/06\/0678064d-5508-4cf4-9bf8-cfb3ad461f42-1024x854.jpg 1024w, https:\/\/www.radiopiu.net\/wordpress\/wp-content\/uploads\/2023\/06\/0678064d-5508-4cf4-9bf8-cfb3ad461f42-768x641.jpg 768w, https:\/\/www.radiopiu.net\/wordpress\/wp-content\/uploads\/2023\/06\/0678064d-5508-4cf4-9bf8-cfb3ad461f42.jpg 1080w\" sizes=\"auto, (max-width: 300px) 100vw, 300px\" \/><\/a><\/p>\n<p>&nbsp;<\/p>\n<hr \/>\n<p>&nbsp;<\/p>\n<blockquote>\n<h3>OGGI CANACEDE SENZ&#8217;ACQUA<\/h3>\n<\/blockquote>\n<p><strong>SAN TOMASO<\/strong> Gestione Servizi Pubblici informa che, per lavori alla rete idrica comunale, oggi dalle 10 a fine lavori verr\u00e0 sospesa l\u2019erogazione dell\u2019acqua\u00a0 in localit\u00e0 Canacede.<\/p>\n<p>&nbsp;<\/p>\n<p>&nbsp;<\/p>\n<hr \/>\n<p>&nbsp;<\/p>\n<blockquote>\n<h3 class=\"entry-title\">DOPPIO RECUPERO A CORTINA<\/h3>\n<\/blockquote>\n<p><img loading=\"lazy\" decoding=\"async\" class=\" wp-image-340243 alignleft\" src=\"https:\/\/www.radiopiu.net\/wordpress\/wp-content\/uploads\/2023\/06\/Watermark_20230614_174509_192-225x300.jpg\" sizes=\"auto, (max-width: 170px) 100vw, 170px\" srcset=\"https:\/\/www.radiopiu.net\/wordpress\/wp-content\/uploads\/2023\/06\/Watermark_20230614_174509_192-225x300.jpg 225w, https:\/\/www.radiopiu.net\/wordpress\/wp-content\/uploads\/2023\/06\/Watermark_20230614_174509_192-768x1024.jpg 768w, https:\/\/www.radiopiu.net\/wordpress\/wp-content\/uploads\/2023\/06\/Watermark_20230614_174509_192-1152x1536.jpg 1152w, https:\/\/www.radiopiu.net\/wordpress\/wp-content\/uploads\/2023\/06\/Watermark_20230614_174509_192-1536x2048.jpg 1536w, https:\/\/www.radiopiu.net\/wordpress\/wp-content\/uploads\/2023\/06\/Watermark_20230614_174509_192.jpg 1773w\" alt=\"\" width=\"101\" height=\"135\" \/><strong>CORTINA<\/strong> Passate da poco le 14 di ieri , la Centrale del 118 \u00e8 stata contattata da un\u2019escursionista in difficolt\u00e0, incrodata in uno stretto canale. La ragazza, partita con l\u2019intenzione di salire la Ferrata Strobel alla Punta Fiames, aveva inavvertitamente superato l\u2019attacco, iniziando a risalire e finendo bloccata in un diedro. Allertato il Soccorso alpino di Cortina, dopo aver imbarcato due soccorritori della Guardia di Finanza in supporto alle operazioni, l\u2019elicottero del Suem di Pieve di Cadore ha individuato il punto in cui si trovava la giovane e ha sbarcato i due soccorritori e il tecnico di elisoccorso una sessantina di metri pi\u00f9 in alto. Raggiunta, la ragazza \u00e8 stata recuperata con il verricello e trasportata a valle. Successivamente l\u2019eliambulanza ha recuperato una turista straniera, che era stata colta da paura mentre si trovava nei pressi di Forcella Negra, sull\u2019Averau, e non era pi\u00f9 in grado di muoversi.<\/p>\n<p>&nbsp;<\/p>\n<hr \/>\n<p>&nbsp;<\/p>\n<blockquote>\n<h3>COCAINA NEL FURGONE, IL SEQUESTRO ALL&#8217;USCITA DELL&#8217;A27<\/h3>\n<\/blockquote>\n<p><strong>BELLUNO<\/strong> A.E.G. cittadino marocchino residente in Lombardia \u00e8 stato pizzicato con 60 grammi di cocaina nello zaino. L&#8217;uomo \u00e8 stato arrestato e portato in carcere a Baldenich poi scarcerato dal giudice Elisabetta Scolozzi. Il pubblico Ministero Alberto Primavera avrebbe invece preferito la custodia cautelare, di certo il marocchino ha incassato il foglio di via &#8211; divieto di dimora compreso &#8211; in provincia di Belluno. Alla Polizia l&#8217;uomo ha spiegato di aver comperato la droga a Milano spendendo 1600 euro,<\/p>\n<p>&nbsp;<\/p>\n<hr \/>\n<p>&nbsp;<\/p>\n<blockquote>\n<h3>LA LITE CONDOMINIALE. LE INDAGINI DEI CARABINIERI ANCHE SU UN PRESUNTO COLTELLO<\/h3>\n<\/blockquote>\n<p><strong><a class=\"dt-pswp-item\" href=\"https:\/\/www.radiopiu.net\/wordpress\/wp-content\/uploads\/2023\/06\/be14ad19-34f1-43b0-9cda-9fbda7015d15.jpg\" data-dt-img-description=\"\" data-large_image_width=\"2000\" data-large_image_height=\"1500\"><img loading=\"lazy\" decoding=\"async\" class=\"wp-image-340143 alignleft\" src=\"https:\/\/www.radiopiu.net\/wordpress\/wp-content\/uploads\/2023\/06\/be14ad19-34f1-43b0-9cda-9fbda7015d15-300x225.jpg\" alt=\"\" width=\"185\" height=\"139\" srcset=\"https:\/\/www.radiopiu.net\/wordpress\/wp-content\/uploads\/2023\/06\/be14ad19-34f1-43b0-9cda-9fbda7015d15-300x225.jpg 300w, https:\/\/www.radiopiu.net\/wordpress\/wp-content\/uploads\/2023\/06\/be14ad19-34f1-43b0-9cda-9fbda7015d15-1024x768.jpg 1024w, https:\/\/www.radiopiu.net\/wordpress\/wp-content\/uploads\/2023\/06\/be14ad19-34f1-43b0-9cda-9fbda7015d15-768x576.jpg 768w, https:\/\/www.radiopiu.net\/wordpress\/wp-content\/uploads\/2023\/06\/be14ad19-34f1-43b0-9cda-9fbda7015d15-1536x1152.jpg 1536w, https:\/\/www.radiopiu.net\/wordpress\/wp-content\/uploads\/2023\/06\/be14ad19-34f1-43b0-9cda-9fbda7015d15.jpg 2000w\" sizes=\"auto, (max-width: 185px) 100vw, 185px\" \/><\/a>AGORDO <\/strong>\u00abLe botte le ho prese io\u00bb. Mentre il caff\u00e8 Agordo ha rialzato la saracinesca dopo alcuni giorni di chiusura. Oggi sul Corriere delle Alpi la versione del condomino coinvolto nella baruffa\u00a0 di sabato con il titolare\u00a0 del Bar. Questa l&#8217;altra versione:\u00a0 &#8220;Non ho alzato alzato le mani, se non per difendermi e andr\u00f2 a presentare una querela dai carabinieri\u00bb. I militari della stazione di Agordo sono andati ieri al centro commerciale &#8220;La Corte Agordina&#8221;, per acquisire le immagini delle telecamere.<\/p>\n<p>&nbsp;<\/p>\n<p>&nbsp;<\/p>\n<p>&nbsp;<\/p>\n<hr \/>\n<p>&nbsp;<\/p>\n<blockquote>\n<h3>CHE NE SARA&#8217; DEI 43 MILA METRI CUBI DI CEMENTO PREVISTI SULLA PIANA DI FALCADE?<\/h3>\n<\/blockquote>\n<p><strong><a class=\"dt-pswp-item\" href=\"https:\/\/www.radiopiu.net\/wordpress\/wp-content\/uploads\/2020\/09\/FALCADE-5.jpg\" data-dt-img-description=\"\" data-large_image_width=\"960\" data-large_image_height=\"720\"><img loading=\"lazy\" decoding=\"async\" class=\" wp-image-163181 alignleft\" src=\"https:\/\/www.radiopiu.net\/wordpress\/wp-content\/uploads\/2020\/09\/FALCADE-5-300x225.jpg\" alt=\"\" width=\"169\" height=\"127\" srcset=\"https:\/\/www.radiopiu.net\/wordpress\/wp-content\/uploads\/2020\/09\/FALCADE-5-300x225.jpg 300w, https:\/\/www.radiopiu.net\/wordpress\/wp-content\/uploads\/2020\/09\/FALCADE-5-768x576.jpg 768w, https:\/\/www.radiopiu.net\/wordpress\/wp-content\/uploads\/2020\/09\/FALCADE-5-640x480.jpg 640w, https:\/\/www.radiopiu.net\/wordpress\/wp-content\/uploads\/2020\/09\/FALCADE-5.jpg 960w\" sizes=\"auto, (max-width: 169px) 100vw, 169px\" \/><\/a>FALCADE<\/strong><\/p>\n<p>di Gianni Santomaso<\/p>\n<audio class=\"wp-audio-shortcode\" id=\"audio-340129-1\" preload=\"none\" style=\"width: 100%;\" controls=\"controls\"><source type=\"audio\/mpeg\" src=\"https:\/\/www.radiopiu.net\/wordpress\/wp-content\/uploads\/2023\/06\/GIANNI-CHE-NE-SARA-DEI-43-MILA-METRI-CUBI-DI-CEMENTO-PREVISTI-SULLA-PIANA-DI-FALCADE.mp3?_=1\" \/><a href=\"https:\/\/www.radiopiu.net\/wordpress\/wp-content\/uploads\/2023\/06\/GIANNI-CHE-NE-SARA-DEI-43-MILA-METRI-CUBI-DI-CEMENTO-PREVISTI-SULLA-PIANA-DI-FALCADE.mp3\">https:\/\/www.radiopiu.net\/wordpress\/wp-content\/uploads\/2023\/06\/GIANNI-CHE-NE-SARA-DEI-43-MILA-METRI-CUBI-DI-CEMENTO-PREVISTI-SULLA-PIANA-DI-FALCADE.mp3<\/a><\/audio>\n<p>&nbsp;<\/p>\n<hr \/>\n<p>&nbsp;<\/p>\n<blockquote>\n<h3>ACCORDO TRA PROVINCIA ED ENEL PER IL RIPOPOLAMENTO ITTICO DEI FIUMI BELLUNESI<\/h3>\n<\/blockquote>\n<p><strong><a class=\"dt-pswp-item\" href=\"https:\/\/www.radiopiu.net\/wordpress\/wp-content\/uploads\/2023\/06\/TROTA.png\" data-dt-img-description=\"\" data-large_image_width=\"774\" data-large_image_height=\"551\"><img loading=\"lazy\" decoding=\"async\" class=\" wp-image-340215 alignleft\" src=\"https:\/\/www.radiopiu.net\/wordpress\/wp-content\/uploads\/2023\/06\/TROTA-300x214.png\" alt=\"\" width=\"153\" height=\"109\" srcset=\"https:\/\/www.radiopiu.net\/wordpress\/wp-content\/uploads\/2023\/06\/TROTA-300x214.png 300w, https:\/\/www.radiopiu.net\/wordpress\/wp-content\/uploads\/2023\/06\/TROTA-768x547.png 768w, https:\/\/www.radiopiu.net\/wordpress\/wp-content\/uploads\/2023\/06\/TROTA.png 774w\" sizes=\"auto, (max-width: 153px) 100vw, 153px\" \/><\/a>BELLUNO\u00a0<\/strong>60mila euro all&#8217;anno per il ripopolamento ittico dei fiumi bellunesi: questo il contributo economico frutto della convenzione tra Provincia di Belluno, Enel Produzione ed Enel Green Power in merito agli obblighi ittiogenici dei titolari di grandi derivazioni idroelettriche.<\/p>\n<p><strong>di Daniele Dalvit<\/strong><\/p>\n<audio class=\"wp-audio-shortcode\" id=\"audio-340129-2\" preload=\"none\" style=\"width: 100%;\" controls=\"controls\"><source type=\"audio\/mpeg\" src=\"https:\/\/www.radiopiu.net\/wordpress\/wp-content\/uploads\/2023\/06\/Radio-Piu-Servizio-Provincia-Enel-ripopolamenti-ittici.mp3?_=2\" \/><a href=\"https:\/\/www.radiopiu.net\/wordpress\/wp-content\/uploads\/2023\/06\/Radio-Piu-Servizio-Provincia-Enel-ripopolamenti-ittici.mp3\">https:\/\/www.radiopiu.net\/wordpress\/wp-content\/uploads\/2023\/06\/Radio-Piu-Servizio-Provincia-Enel-ripopolamenti-ittici.mp3<\/a><\/audio>\n<p>&nbsp;<\/p>\n<hr \/>\n<p>&nbsp;<\/p>\n<blockquote>\n<h3>BUREL DA BRIVIDO: RESOCONTO DI UN\u2019ESERCITAZIONE E SOPRALLUOGO SULLA VIA ITALO-POLACCA AL BUREL DELLA STAZIONE DEL SOCCORSO ALPINO DI BELLUNO<\/h3>\n<\/blockquote>\n<p><strong>BELLUNO <\/strong>L&#8217;11 giugno, nel corso di un\u2019esercitazione della Stazione di Belluno del Soccorso Alpino, \u00e8 stato effettuata un\u2019importante esplorazione lungo la storica Via Italo-Polacca sulla parete sud-ovest del Bur\u00e8l, divenuta negli anni \u201860 un problema alpinistico di primordine nelle Dolomiti, tale da suscitare le mire di alpinisti italiani e stranieri. La cosiddetta Via Italo-polacca o Via Centrale, per la dirittura dell\u2019enorme diedro, situato nel mezzo della parete che caratterizza i 1480 metri di baratro divisi a met\u00e0 da una stretta cengia, fu scalata per la prima volta da una cordata formata da due alpinisti italiani (Giorgio Garna e Gianni Gianeselli) e sette alpinisti polacchi, tra il 15 agosto e il 25 agosto del 1967. L\u2019ascensione fu epica, celebrata e fece storia, seppur non priva di uno strascico polemico in merito alla conquista della parte alta della parete, dovuto ad un malinteso nel gruppo dei polacchi. Piero Rossi, che fu tra i promotori dell\u2019assalto alla grande parete nel binomio italiano-polacco, in un\u2019ottica d\u2019internazionalizzazione della Schiara, fu tra i pacieri delle polemiche e successivamente scriver\u00e0 la cronaca quotidiana di un\u2019ascensione quanto mai flagellata da maltempo, infortuni, roccia friabile e difficolt\u00e0 sostenute. La Stazione di Belluno ha dunque indagato sulla storia di questa via, simulando il raggiungimento e il recupero di una cordata in difficolt\u00e0, proprio alla base dei grandi soffitti superiori, quelli rimasti \u201cinviolati\u201d dal 1979. Tredici volontari, sbarcati con l\u2019elicottero sul Van del Bur\u00e8l, sono saliti ad un intaglio di cresta, sono passati in versante sud, hanno attrezzato una cengia sospesa sugli alti appicchi della Val de Piero fino all\u2019uscita della Via Italo-polacca. Sono seguite cinque calate a corda doppia, l\u2019ultima delle quali di 80 metri, fino alla sottile cengia dove fu ritratto Gianeselli nel corso della prima ascensione (26esimo tiro di corda), finora l\u2019unica fotografia nota che documenti quei luoghi. Sono stati rivenuti i chiodi originali della prima ascensione e un cuneo, probabilmente infisso nel corso della prima invernale. \u00c8 stato confermato un enorme franamento che ha trascinato a valle tre tetti di roccia e detriti, lasciando miracolosamente intatta la ventottesima sosta della via, quella determinante per fuggire dai grandi soffitti che chiudono la parete. In un ambiente di impressionate per la verticalit\u00e0 e l\u2019esposizione al vuoto, si confermano le difficolt\u00e0 tecniche dei passaggi e la precariet\u00e0 della roccia, nonch\u00e9 la profonda stima per chi ha affrontato quei luoghi per la prima volta e, successivamente, in invernale e in solitaria.<\/p>\n\n\t\t\t<style type='text\/css'>\n\t\t\t\t#gallery-1 {\n\t\t\t\t\tmargin: auto;\n\t\t\t\t}\n\t\t\t\t#gallery-1 .gallery-item {\n\t\t\t\t\tfloat: left;\n\t\t\t\t\tmargin-top: 10px;\n\t\t\t\t\ttext-align: center;\n\t\t\t\t\twidth: 20%;\n\t\t\t\t}\n\t\t\t\t#gallery-1 img {\n\t\t\t\t\tborder: 2px solid #cfcfcf;\n\t\t\t\t}\n\t\t\t\t#gallery-1 .gallery-caption {\n\t\t\t\t\tmargin-left: 0;\n\t\t\t\t}\n\t\t\t\t\/* see gallery_shortcode() in wp-includes\/media.php *\/\n\t\t\t<\/style>\n\t\t<div id='gallery-1' class='dt-gallery-container gallery galleryid-340129 gallery-columns-5 gallery-size-thumbnail'><dl class='gallery-item'>\n\t\t\t\t<dt class='gallery-icon portrait'>\n\t\t\t\t\t<a class=\"rollover rollover-zoom dt-pswp-item\" title=\"Burel.calata\" data-dt-img-description=\"\" data-large_image_width=\"1500\" data-large_image_height=\"2000\"href='https:\/\/www.radiopiu.net\/wordpress\/wp-content\/uploads\/2023\/06\/Burel.calata.jpg'><img loading=\"lazy\" decoding=\"async\" width=\"150\" height=\"150\" src=\"https:\/\/www.radiopiu.net\/wordpress\/wp-content\/uploads\/2023\/06\/Burel.calata-150x150.jpg\" class=\"attachment-thumbnail size-thumbnail\" alt=\"\" \/><\/a>\n\t\t\t\t<\/dt><\/dl><dl class='gallery-item'>\n\t\t\t\t<dt class='gallery-icon portrait'>\n\t\t\t\t\t<a class=\"rollover rollover-zoom dt-pswp-item\" title=\"Burel.cengia superiore\" data-dt-img-description=\"\" data-large_image_width=\"768\" data-large_image_height=\"1024\"href='https:\/\/www.radiopiu.net\/wordpress\/wp-content\/uploads\/2023\/06\/Burel.cengia-superiore.jpg'><img loading=\"lazy\" decoding=\"async\" width=\"150\" height=\"150\" src=\"https:\/\/www.radiopiu.net\/wordpress\/wp-content\/uploads\/2023\/06\/Burel.cengia-superiore-150x150.jpg\" class=\"attachment-thumbnail size-thumbnail\" alt=\"\" \/><\/a>\n\t\t\t\t<\/dt><\/dl><dl class='gallery-item'>\n\t\t\t\t<dt class='gallery-icon landscape'>\n\t\t\t\t\t<a class=\"rollover rollover-zoom dt-pswp-item\" title=\"Burel\" data-dt-img-description=\"\" data-large_image_width=\"1600\" data-large_image_height=\"1288\"href='https:\/\/www.radiopiu.net\/wordpress\/wp-content\/uploads\/2023\/06\/Burel.jpg'><img loading=\"lazy\" decoding=\"async\" width=\"150\" height=\"150\" src=\"https:\/\/www.radiopiu.net\/wordpress\/wp-content\/uploads\/2023\/06\/Burel-150x150.jpg\" class=\"attachment-thumbnail size-thumbnail\" alt=\"\" \/><\/a>\n\t\t\t\t<\/dt><\/dl><dl class='gallery-item'>\n\t\t\t\t<dt class='gallery-icon portrait'>\n\t\t\t\t\t<a class=\"rollover rollover-zoom dt-pswp-item\" title=\"cd576ea2-3130-40e3-8969-2269da1848cf\" data-dt-img-description=\"\" data-large_image_width=\"1500\" data-large_image_height=\"2000\"href='https:\/\/www.radiopiu.net\/wordpress\/wp-content\/uploads\/2023\/06\/cd576ea2-3130-40e3-8969-2269da1848cf.jpg'><img loading=\"lazy\" decoding=\"async\" width=\"150\" height=\"150\" src=\"https:\/\/www.radiopiu.net\/wordpress\/wp-content\/uploads\/2023\/06\/cd576ea2-3130-40e3-8969-2269da1848cf-150x150.jpg\" class=\"attachment-thumbnail size-thumbnail\" alt=\"\" \/><\/a>\n\t\t\t\t<\/dt><\/dl><dl class='gallery-item'>\n\t\t\t\t<dt class='gallery-icon portrait'>\n\t\t\t\t\t<a class=\"rollover rollover-zoom dt-pswp-item\" title=\"DSCN0002\" data-dt-img-description=\"\" data-large_image_width=\"1420\" data-large_image_height=\"1700\"href='https:\/\/www.radiopiu.net\/wordpress\/wp-content\/uploads\/2023\/06\/DSCN0002.jpg'><img loading=\"lazy\" decoding=\"async\" width=\"150\" height=\"150\" src=\"https:\/\/www.radiopiu.net\/wordpress\/wp-content\/uploads\/2023\/06\/DSCN0002-150x150.jpg\" class=\"attachment-thumbnail size-thumbnail\" alt=\"\" \/><\/a>\n\t\t\t\t<\/dt><\/dl><br style=\"clear: both\" \/>\n\t\t\t<\/div>\n\n<p>&nbsp;<\/p>\n<hr \/>\n<p>&nbsp;<\/p>\n<blockquote>\n<h3>L&#8217;ASSEMBLEA DEI SOCI DOLOMITIBUS APPROVA IL BILANCIO e intanto crolla la presenza degli utenti sugli autobus: -16%<\/h3>\n<\/blockquote>\n<p><strong><a class=\"dt-pswp-item\" href=\"https:\/\/www.radiopiu.net\/wordpress\/wp-content\/uploads\/2018\/08\/dolomitibus.jpeg\" data-dt-img-description=\"\" data-large_image_width=\"621\" data-large_image_height=\"414\"><img loading=\"lazy\" decoding=\"async\" class=\" wp-image-59158 alignleft\" src=\"https:\/\/www.radiopiu.net\/wordpress\/wp-content\/uploads\/2018\/08\/dolomitibus-300x200.jpeg\" alt=\"\" width=\"156\" height=\"104\" srcset=\"https:\/\/www.radiopiu.net\/wordpress\/wp-content\/uploads\/2018\/08\/dolomitibus-300x200.jpeg 300w, https:\/\/www.radiopiu.net\/wordpress\/wp-content\/uploads\/2018\/08\/dolomitibus.jpeg 621w\" sizes=\"auto, (max-width: 156px) 100vw, 156px\" \/><\/a>BELLUNO <\/strong>L\u2019assemblea dei soci di Dolomitibus, riunita a Palazzo Piloni sede della Provincia di Belluno, ha approvato oggi il bilancio d\u2019esercizio 2022. Presenti per l\u2019ente Provincia il presidente Roberto Padrin e il consigliere delegato ai trasporti, Dario Scopel. Sul tavolo dell\u2019assemblea anche il problema della carenza di autisti diventata ormai cronica. Per quanto riguarda il 2022, l\u2019esercizio di attivit\u00e0 \u00e8 stato caratterizzato dagli strascichi della pandemia e dal rincaro dei prezzi energetici. Il conto economico si \u00e8 chiuso al 31 dicembre con un utile di 392.150 euro (quasi la met\u00e0 rispetto al 2021) per effetto della fiscalit\u00e0 e dei ristori Covid entrati in cassa.<\/p>\n<p>&nbsp;<\/p>\n<p>&nbsp;<\/p>\n<hr \/>\n<p>&nbsp;<\/p>\n<blockquote>\n<h3>IL COMMISSARIO DAL BEN AD ALANO DI PIAVE<\/h3>\n<\/blockquote>\n<p><strong><a class=\"dt-pswp-item\" href=\"https:\/\/www.radiopiu.net\/wordpress\/wp-content\/uploads\/2023\/06\/WhatsApp-Image-2023-06-14-at-16.09.57.jpeg\" data-dt-img-description=\"\" data-large_image_width=\"1496\" data-large_image_height=\"1359\"><img loading=\"lazy\" decoding=\"async\" class=\" wp-image-340222 alignleft\" src=\"https:\/\/www.radiopiu.net\/wordpress\/wp-content\/uploads\/2023\/06\/WhatsApp-Image-2023-06-14-at-16.09.57-300x273.jpeg\" alt=\"\" width=\"131\" height=\"119\" srcset=\"https:\/\/www.radiopiu.net\/wordpress\/wp-content\/uploads\/2023\/06\/WhatsApp-Image-2023-06-14-at-16.09.57-300x273.jpeg 300w, https:\/\/www.radiopiu.net\/wordpress\/wp-content\/uploads\/2023\/06\/WhatsApp-Image-2023-06-14-at-16.09.57-1024x930.jpeg 1024w, https:\/\/www.radiopiu.net\/wordpress\/wp-content\/uploads\/2023\/06\/WhatsApp-Image-2023-06-14-at-16.09.57-768x698.jpeg 768w, https:\/\/www.radiopiu.net\/wordpress\/wp-content\/uploads\/2023\/06\/WhatsApp-Image-2023-06-14-at-16.09.57.jpeg 1496w\" sizes=\"auto, (max-width: 131px) 100vw, 131px\" \/><\/a>BELLUNO<\/strong> Nella giornata di Marted\u00ec il Commissario Giuseppe Dal Ben ha visitato il distretto di Fener ad Alano di Piave, ultimo avamposto a sud dell&#8217;Ulss Dolomiti, e ha incontrato I Sindaci di Alano e Quero Vas. Nella sede distrettuale di Alano trovano posto gli ambulatori dei medici di medicina generale e della pediatria oltre a servizi ulss come il punto prelievi, l&#8217;assistenza domiciliare che si integra con l&#8217;assistente sociale anche attraverso l&#8217;infermiere di famiglia, prendendo in carico a tutto tondo in particolare le situazioni di fragilit\u00e0. Nella sede vengono erogate anche alcune prestazioni di specialistica ambulatoriale del consultorio familiare e dell&#8217;et\u00e0 evolutiva. Nel confronto con gli amministratori sono emersi diversi temi da sviluppare, nel comune interesse di offrire in prossimit\u00e0 servizi ai cittadini, per quanto possibile.<\/p>\n<p>&nbsp;<\/p>\n<p>&nbsp;<\/p>\n<hr \/>\n<p>&nbsp;<\/p>\n<blockquote>\n<h3>MALATTIE TRASMESSE DA VETTORI. FARO PUNTATO SULLA WEST NILE<\/h3>\n<\/blockquote>\n<p><strong><a class=\"dt-pswp-item\" href=\"https:\/\/www.radiopiu.net\/wordpress\/wp-content\/uploads\/2018\/08\/zanzara.jpg\" data-dt-img-description=\"\" data-large_image_width=\"1280\" data-large_image_height=\"851\"><img loading=\"lazy\" decoding=\"async\" class=\" wp-image-58981 alignleft\" src=\"https:\/\/www.radiopiu.net\/wordpress\/wp-content\/uploads\/2018\/08\/zanzara-300x199.jpg\" alt=\"\" width=\"152\" height=\"101\" srcset=\"https:\/\/www.radiopiu.net\/wordpress\/wp-content\/uploads\/2018\/08\/zanzara-300x199.jpg 300w, https:\/\/www.radiopiu.net\/wordpress\/wp-content\/uploads\/2018\/08\/zanzara-768x511.jpg 768w, https:\/\/www.radiopiu.net\/wordpress\/wp-content\/uploads\/2018\/08\/zanzara-1024x681.jpg 1024w, https:\/\/www.radiopiu.net\/wordpress\/wp-content\/uploads\/2018\/08\/zanzara.jpg 1280w\" sizes=\"auto, (max-width: 152px) 100vw, 152px\" \/><\/a>VENEZIA <\/strong>Come a ogni inizio estate, in molti cittadini si diffonde la paura delle malattie trasmesse da vettori, come zecche e zanzare (in particolare la west nile, che negli scorsi anni ha creato numerosi allarmi). Un fronte che la Regione Veneto intende presidiare con la massima attenzione. Su input dell\u2019Assessore alla Sanit\u00e0 Manuela Lanzarin, attraverso la Direzione Prevenzione, \u00e8 stata infatti attivata un\u2019articolata serie di iniziative e di piani per fronteggiare il presentarsi, come ogni estate, di queste malattie. Obiettivo principale della sorveglianza \u00e8 la malattia legata a West Nile, il virus trasmesso dalle zanzare epidemiologicamente pi\u00f9 rilevante, presente in maniera diffusa e stabile dal \u00a0 2008\u00a0 nel territorio regionale. Questo virus causa una infezione che decorre in gran parte in maniera asintomatica. Nel 20% dei casi si manifesta con febbre, mal di testa, dolori articolari. In alcuni casi pu\u00f2 comportare il coinvolgimento del sistema nervoso centrale con conseguenze anche gravi, in particolare per i soggetti anziani e fragili. L&#8217;identificazione rapida della circolazione del virus \u00e8 inoltre fondamentale a garantire la sicurezza delle trasfusioni e dei trapianti.<\/p>\n<p>&nbsp;<\/p>\n<p>&nbsp;<\/p>\n<hr \/>\n<p>&nbsp;<\/p>\n<blockquote>\n<h3>DETTATE LE LINEE GUIDA PER UNIFORMARE I DEHORS<\/h3>\n<\/blockquote>\n<p><strong><a class=\"dt-pswp-item\" href=\"https:\/\/www.radiopiu.net\/wordpress\/wp-content\/uploads\/2021\/10\/PIAZZA-MARTIRI-BELLUNO.jpg\" data-dt-img-description=\"\" data-large_image_width=\"1364\" data-large_image_height=\"908\"><img loading=\"lazy\" decoding=\"async\" class=\" wp-image-235813 alignleft\" src=\"https:\/\/www.radiopiu.net\/wordpress\/wp-content\/uploads\/2021\/10\/PIAZZA-MARTIRI-BELLUNO-300x200.jpg\" alt=\"\" width=\"128\" height=\"85\" srcset=\"https:\/\/www.radiopiu.net\/wordpress\/wp-content\/uploads\/2021\/10\/PIAZZA-MARTIRI-BELLUNO-300x200.jpg 300w, https:\/\/www.radiopiu.net\/wordpress\/wp-content\/uploads\/2021\/10\/PIAZZA-MARTIRI-BELLUNO-1024x682.jpg 1024w, https:\/\/www.radiopiu.net\/wordpress\/wp-content\/uploads\/2021\/10\/PIAZZA-MARTIRI-BELLUNO-768x511.jpg 768w, https:\/\/www.radiopiu.net\/wordpress\/wp-content\/uploads\/2021\/10\/PIAZZA-MARTIRI-BELLUNO.jpg 1364w\" sizes=\"auto, (max-width: 128px) 100vw, 128px\" \/><\/a>BELLUNO<\/strong> Concordate le linee guida per uniformare i dehors della piazza. Le prescrizioni della Soprintendenza saranno inserite in un documento a disposizione degli esercenti del centro storico perch\u00e9 vi facciano riferimento per ogni futura installazione. L\u2019obiettivo \u00e8 quello di arrivare, negli anni, ad una maggiore armonia nell\u2019utilizzo dei plateatici.<\/p>\n<p><strong>PAOLO GAMBA, ASSESSORE ALL&#8217;URBANISTICA DI BELLUNO<\/strong><\/p>\n<audio class=\"wp-audio-shortcode\" id=\"audio-340129-3\" preload=\"none\" style=\"width: 100%;\" controls=\"controls\"><source type=\"audio\/mpeg\" src=\"https:\/\/www.radiopiu.net\/wordpress\/wp-content\/uploads\/2023\/06\/Gamba-Dehors.mp3?_=3\" \/><a href=\"https:\/\/www.radiopiu.net\/wordpress\/wp-content\/uploads\/2023\/06\/Gamba-Dehors.mp3\">https:\/\/www.radiopiu.net\/wordpress\/wp-content\/uploads\/2023\/06\/Gamba-Dehors.mp3<\/a><\/audio>\n<p>&nbsp;<\/p>\n<p>&nbsp;<\/p>\n<hr \/>\n<p>&nbsp;<\/p>\n<blockquote>\n<h3>DILLO A RADIO PIU&#8217;&#8230; LE PRECISAZIONI DI GIANLUIGI DAL CAMPO DI MAIS DOVE E&#8217; ATTERRATO L&#8217;ELICOTTERO.<\/h3>\n<\/blockquote>\n<p><strong><span class=\"x4k7w5x x1h91t0o x1h9r5lt x1jfb8zj xv2umb2 x1beo9mf xaigb6o x12ejxvf x3igimt xarpa2k xedcshv x1lytzrv x1t2pt76 x7ja8zs x1qrby5j\"><a class=\"dt-pswp-item\" href=\"https:\/\/www.radiopiu.net\/wordpress\/wp-content\/uploads\/2023\/06\/Senza-nome-30-300x164-1.png\" data-dt-img-description=\"\" data-large_image_width=\"300\" data-large_image_height=\"164\"><img loading=\"lazy\" decoding=\"async\" class=\"size-full wp-image-340264 alignleft\" src=\"https:\/\/www.radiopiu.net\/wordpress\/wp-content\/uploads\/2023\/06\/Senza-nome-30-300x164-1.png\" alt=\"\" width=\"300\" height=\"164\" \/><\/a><\/span>REDAZIONE<\/strong> Dopo la prima lettera di ieri e i numerosi commenti social che ne sono seguiti, ecco una ripresa dell&#8217;argomento con il proprietario del campo di mais di Landris che precisa:<\/p>\n<p><span class=\"x4k7w5x x1h91t0o x1h9r5lt x1jfb8zj xv2umb2 x1beo9mf xaigb6o x12ejxvf x3igimt xarpa2k xedcshv x1lytzrv x1t2pt76 x7ja8zs x1qrby5j\">Mi sento in dovere di ritornare sulla lettera inviata ieri. Purtroppo, malgrado abbia letto e riletto il testo, ho dato l&#8217;impressione che il problema principale fosse l&#8217;eventuale danno alla coltivazione del mais ( presa come testimone involontaria del luogo di atterraggio). Le mie osservazioni erano relative a due fatti principali: mi sembra che il mezzo si debba avvicinare il pi\u00f9 possibile al luogo dell&#8217;incidente e che sia poi accessibile con facilit\u00e0 da altri mezzi di soccorso. Per arrivare sul luogo dell&#8217;incidente bisogna passare obbligatoriamente per il piazzale superiore a meno di non arrampicarsi lungo la scarpata che costeggia la strada (cosa difficoltosa penso con l&#8217;attrezzatura) e anche per raggiungere l&#8217;elicottero con l&#8217;ambulanza bisogna necessariamente passare per il piazzale. Questo voleva essere il motivo della mia &#8220;protesta&#8221;. Mi scuso per essermi espresso in malo modo e per aver dato l&#8217;impressione di tenere pi\u00f9 al mio mais che alla vita delle persone, non era assolutamente mia intenzione. Mi sembrava pi\u00f9 logico e veloce un approccio diverso alla situazione. E se fosse scoppiato un incendio non chi se la sarebbe cavata visto che i vigili del fuoco sono arrivati chi da Agordo e chi da Feltre?<\/span><\/p>\n<p>&nbsp;<\/p>\n<p><strong>IERI ALLA RADIO\u00a0<\/strong><\/p>\n<div class=\"page-title-head hgroup\">\n<blockquote>\n<h3 class=\"entry-title\">DILLO A RADIO PIU\u2019\u2026 ELICOTTERO NEL CAMPO DI MAIS<\/h3>\n<\/blockquote>\n<\/div>\n<p><strong>SEDICO<\/strong> Sono il proprietario del capannone vicino al quale l\u2019altro ieri \u00e8 atterrato l\u2019elicottero del SUEM a Landris. Volevo far semplicemente notare\u00a0 l\u2019effetto sul mais, gi\u00e0 di per se in difficolt\u00e0 per le abbondanti precipitazioni, adiacente alla zona di atterraggio,\u00a0 tenendo presente che sopra vi \u00e8 uno spiazzo libero di oltre 1.000 mq completamente libero. Evidentemente si \u00e8 preferito atterrare sulla stradina di accesso a pochi metri dell\u2019edificio con sulla destra una collinetta e alla sinistra il mais. Io non sono un pilota di elicottero ma in ogni caso la scelta mi \u00e8 sembrata alquanto singolare. Faccio presente che anche il piazzale antistante il fabbricato che da accesso alla regionale 203 agordina \u00e8 di mia propriet\u00e0, quindi non \u00e8 mia intenzione disquisire sulla necessit\u00e0 di atterraggio in loco o su propriet\u00e0 altrui ma sulla scelta del luogo.<\/p>\n<p>&nbsp;<\/p>\n<p>&nbsp;<\/p>\n<hr \/>\n<p>&nbsp;<\/p>\n<blockquote>\n<h3>UN CONTRIBUTO PER RIPRISTINARE INVESTISCUOLA<\/h3>\n<\/blockquote>\n<p><strong><a class=\"dt-pswp-item\" href=\"https:\/\/www.radiopiu.net\/wordpress\/wp-content\/uploads\/2020\/05\/Luca-De-Carlo.jpg\" data-dt-img-description=\"\" data-large_image_width=\"165\" data-large_image_height=\"228\"><img loading=\"lazy\" decoding=\"async\" class=\" wp-image-138787 alignleft\" src=\"https:\/\/www.radiopiu.net\/wordpress\/wp-content\/uploads\/2020\/05\/Luca-De-Carlo.jpg\" alt=\"\" width=\"95\" height=\"131\" \/><\/a>CALALZO<\/strong> Il Comune di Calalzo di Cadore va in aiuto alle famiglie degli studenti del suo territorio, grazie anche alle maggiori entrate derivanti dai dividendi di Bim Infrastrutture che si attesteranno attorno ai 33mila euro: lo fa destinando una parte delle risorse alla copertura degli abbonamenti del trasporto pubblico, con il futuro di InvestiScuola e rischio, e una parte al sostegno alle spese di iscrizione ai centri estivi. \u201cAbbiamo creato un fondo che pu\u00f2 contare complessivamente su 20mila euro: 12mila serviranno per consentire alle famiglie calaltine di affrontare le spese di abbonamento al servizio di trasporto pubblico, visto che non si conosce destino e struttura dell&#8217;InvestiScuola per il prossimo anno scolastico; una cifra che ci permetter\u00e0 di coprire anche gli annunciati aumenti, stimati attorno al 20%\u201d, spiega il sindaco Luca De Carlo.<\/p>\n<p>&nbsp;<\/p>\n<p>&nbsp;<\/p>\n<hr \/>\n<p>&nbsp;<\/p>\n<blockquote>\n<h3>NUOVI SPORTELLI UIL A BELLUNO<\/h3>\n<\/blockquote>\n<p><strong><a class=\"dt-pswp-item\" href=\"https:\/\/www.radiopiu.net\/wordpress\/wp-content\/uploads\/2023\/06\/IMG20230613121738-scaled.jpg\" data-dt-img-description=\"\" data-large_image_width=\"1928\" data-large_image_height=\"2560\"><img loading=\"lazy\" decoding=\"async\" class=\" wp-image-340211 alignleft\" src=\"https:\/\/www.radiopiu.net\/wordpress\/wp-content\/uploads\/2023\/06\/IMG20230613121738-226x300.jpg\" alt=\"\" width=\"108\" height=\"143\" srcset=\"https:\/\/www.radiopiu.net\/wordpress\/wp-content\/uploads\/2023\/06\/IMG20230613121738-226x300.jpg 226w, https:\/\/www.radiopiu.net\/wordpress\/wp-content\/uploads\/2023\/06\/IMG20230613121738-771x1024.jpg 771w, https:\/\/www.radiopiu.net\/wordpress\/wp-content\/uploads\/2023\/06\/IMG20230613121738-768x1020.jpg 768w, https:\/\/www.radiopiu.net\/wordpress\/wp-content\/uploads\/2023\/06\/IMG20230613121738-1157x1536.jpg 1157w, https:\/\/www.radiopiu.net\/wordpress\/wp-content\/uploads\/2023\/06\/IMG20230613121738-1542x2048.jpg 1542w, https:\/\/www.radiopiu.net\/wordpress\/wp-content\/uploads\/2023\/06\/IMG20230613121738-scaled.jpg 1928w\" sizes=\"auto, (max-width: 108px) 100vw, 108px\" \/><\/a>BELLUNO<\/strong> La UIL di Belluno potenzia i servizi sul territorio. \u00c8 stato avviato uno sportello tutti i marted\u00ec su appuntamento in UIL\u00a0 a Belluno o Feltre per i lavoratori del comparto agricolo alimentare florovivaistico con un operatore della UILA la categoria che segue appunto questi comparti. Sar\u00e0 offerta assistenza contrattuale, disoccupazione agricola, assistenza con gli enti bilaterali e sanitari di categoria. Altra novit\u00e0 ogni primo marted\u00ec in sede UIL di Feltre e ogni primo mercoled\u00ec a Belluno \u00e8 avviato lo sportello per le adesioni al fondo di previdenza complementare Solidariet\u00e0 Veneto, vogliamo\u00a0 informare le persone sulle possibilit\u00e0 che offre la previdenza complementare e i suoi benefici. Da mesi invece avviati gli sportelli per i dipendenti dell&#8217; artigianato Veneto con assistenza su EBAV ente bilaterale e Sani in Veneto fondo sanitario dei lavoratori artigiani.<\/p>\n<p>&nbsp;<\/p>\n<p>&nbsp;<\/p>\n<hr \/>\n<p>&nbsp;<\/p>\n<blockquote>\n<h3>SPORTELLO ONLINE DI VALPE AMBIENTE ATTIVO ANCHE PER LE UTENZE DI SEDICO<\/h3>\n<\/blockquote>\n<p><strong><a class=\"dt-pswp-item\" href=\"https:\/\/www.radiopiu.net\/wordpress\/wp-content\/uploads\/2021\/10\/VALPE.png\" data-dt-img-description=\"\" data-large_image_width=\"800\" data-large_image_height=\"400\"><img loading=\"lazy\" decoding=\"async\" class=\" wp-image-236977 alignleft\" src=\"https:\/\/www.radiopiu.net\/wordpress\/wp-content\/uploads\/2021\/10\/VALPE-300x150.png\" alt=\"\" width=\"172\" height=\"86\" srcset=\"https:\/\/www.radiopiu.net\/wordpress\/wp-content\/uploads\/2021\/10\/VALPE-300x150.png 300w, https:\/\/www.radiopiu.net\/wordpress\/wp-content\/uploads\/2021\/10\/VALPE-768x384.png 768w, https:\/\/www.radiopiu.net\/wordpress\/wp-content\/uploads\/2021\/10\/VALPE.png 800w\" sizes=\"auto, (max-width: 172px) 100vw, 172px\" \/><\/a>SEDICO <\/strong><span style=\"font-family: 'Arial',sans-serif;\">Lo <strong>\u201c<\/strong>Sportello Online\u201d \u00e8 ora disponibile anche per le utenze di Sedico: si tratta di un importante strumento che consente di visualizzare dal proprio pc i dati del contratto per i rifiuti, come contenitori in uso, svuotamenti effettuati, fatture emesse e dati anagrafici. <\/span><span style=\"font-family: 'Arial',sans-serif;\">Attraverso questa piattaforma web \u00e8 possibile anche aprire un nuovo contratto o chiuderne uno vecchio, inviare richieste per modificare e aggiornare le proprie informazioni, cambiare i contenitori e molto altro ancora.<\/span><\/p>\n<p>&nbsp;<\/p>\n<p>&nbsp;<\/p>\n<p>&nbsp;<\/p>\n<hr \/>\n<p>&nbsp;<\/p>\n<blockquote>\n<h3>LABORATORI IN LINGUA PER FAVORIRE L\u2019INTEGRAZIONE E COMBATTERE GLI SPRECHI DI CIBI<\/h3>\n<\/blockquote>\n<p><strong><a class=\"dt-pswp-item\" href=\"https:\/\/www.radiopiu.net\/wordpress\/wp-content\/uploads\/2018\/08\/CSV.png\" data-dt-img-description=\"\" data-large_image_width=\"296\" data-large_image_height=\"170\"><img loading=\"lazy\" decoding=\"async\" class=\" wp-image-57221 alignleft\" src=\"https:\/\/www.radiopiu.net\/wordpress\/wp-content\/uploads\/2018\/08\/CSV.png\" alt=\"\" width=\"153\" height=\"88\" \/><\/a>BELLUNO <\/strong>Laboratori didattici in lingua, programmi radiofonici, raccolte di alimenti, tutto con la finalit\u00e0 di sensibilizzare la comunit\u00e0 locale, e in particolare i giovani, sull\u2019importanza di combattere e prevenire lo spreco alimentare oltre a promuovere valori come l&#8217;interculturalit\u00e0 e la solidariet\u00e0. Sono molte le attivit\u00e0 gi\u00e0 messe a segno per il progetto di volontariato annuale \u201cTogether against Food Waste\u201d, promosso dall\u2019Area Europa del Comitato d\u2019Intesa e finanziato da Agenzia Nazionale per i Giovani grazie ai fondi stanziati dal programma Corpo Europeo di Solidariet\u00e0. Decollato lo scorso settembre, il progetto avr\u00e0 durata annuale e vede coinvolti quattro volontari ospiti a Belluno presso la sede del Comitato d\u2019Intesa: Ana Molina Trillo dalla Spagna, Zo\u00e9 Larose dalla Francia, Balkis Jaidi e Iheb Bousselmi dalla Tunisia.<\/p>\n<p>&nbsp;<\/p>\n<p>&nbsp;<\/p>\n<hr \/>\n<p>&nbsp;<\/p>\n<blockquote>\n<h3>LUNEDI CONSIGLIO FIUME, 13 I PUNTI IN DISCUSSIONE<\/h3>\n<p><em><a class=\"dt-pswp-item\" href=\"https:\/\/www.radiopiu.net\/wordpress\/wp-content\/uploads\/2022\/12\/MUNICIPIO-FALCADE.png\" data-dt-img-description=\"\" data-large_image_width=\"941\" data-large_image_height=\"655\"><img loading=\"lazy\" decoding=\"async\" class=\"wp-image-314065 alignleft\" src=\"https:\/\/www.radiopiu.net\/wordpress\/wp-content\/uploads\/2022\/12\/MUNICIPIO-FALCADE-300x209.png\" alt=\"\" width=\"185\" height=\"129\" srcset=\"https:\/\/www.radiopiu.net\/wordpress\/wp-content\/uploads\/2022\/12\/MUNICIPIO-FALCADE-300x209.png 300w, https:\/\/www.radiopiu.net\/wordpress\/wp-content\/uploads\/2022\/12\/MUNICIPIO-FALCADE-768x535.png 768w, https:\/\/www.radiopiu.net\/wordpress\/wp-content\/uploads\/2022\/12\/MUNICIPIO-FALCADE.png 941w\" sizes=\"auto, (max-width: 185px) 100vw, 185px\" \/><\/a>Anche una mozione della minoranza a \u00a0firma dei consiglieri Axel Pellegrini, Hermann Follador e Vani Savio relativa alla riattivazione del collegamento estivo tra Falcade e il Passo Valles tramite bus di linea.<\/em><\/p><\/blockquote>\n<p><strong>FALCADE<\/strong> Impegnativa seduta per i consiglieri di Falcade, convocati dal sindaco Mauro Salvaterra per lunedi alle 20 in Municipio. All&#8217;ordine del giorno: il bilancio Asca, rendiconto finanziario 2022, variazione al bilancio, concessioni immobili destinati all&#8217;ecocentro all&#8217;Unione Montana, bilancio di previsione, aumento capitale nella societ\u00e0 Col Margherita Spa, regolamento per le attivit\u00e0 di estetista-tatuaggio-acconciatore<\/p>\n<p><strong>di Gianni Santomaso<\/strong><\/p>\n<audio class=\"wp-audio-shortcode\" id=\"audio-340129-4\" preload=\"none\" style=\"width: 100%;\" controls=\"controls\"><source type=\"audio\/mpeg\" src=\"https:\/\/www.radiopiu.net\/wordpress\/wp-content\/uploads\/2023\/06\/GIANNI-IL-CONSIGLIO-COMUNALE-DI-FALCADE.mp3?_=4\" \/><a href=\"https:\/\/www.radiopiu.net\/wordpress\/wp-content\/uploads\/2023\/06\/GIANNI-IL-CONSIGLIO-COMUNALE-DI-FALCADE.mp3\">https:\/\/www.radiopiu.net\/wordpress\/wp-content\/uploads\/2023\/06\/GIANNI-IL-CONSIGLIO-COMUNALE-DI-FALCADE.mp3<\/a><\/audio>\n<p>&nbsp;<\/p>\n<hr \/>\n<p>&nbsp;<\/p>\n<blockquote>\n<h3>MANUTENZIONE DELLE STRADE NEL CONSIGLIO ALLEGHESE<\/h3>\n<\/blockquote>\n<p><strong>ALLEGHE<\/strong> Lunedi alle 20 consiglio comunale, all&#8217;ordine del giorno: variazioni al bilancio, programma biennale per l&#8217;acquisizione di forniture e servizi, contributi per investimenti finalizzati alla manutenzione delle strade.<\/p>\n<p>&nbsp;<\/p>\n<p>&nbsp;<\/p>\n<hr \/>\n<p>&nbsp;<\/p>\n<blockquote>\n<h3><a class=\"dt-pswp-item\" href=\"https:\/\/www.radiopiu.net\/wordpress\/wp-content\/uploads\/2023\/06\/b3c59799-dcbe-48f4-9d1e-ee32b585a760.jpg\" data-dt-img-description=\"\" data-large_image_width=\"515\" data-large_image_height=\"720\"><img loading=\"lazy\" decoding=\"async\" class=\" wp-image-340130 alignleft\" src=\"https:\/\/www.radiopiu.net\/wordpress\/wp-content\/uploads\/2023\/06\/b3c59799-dcbe-48f4-9d1e-ee32b585a760-215x300.jpg\" alt=\"\" width=\"79\" height=\"110\" srcset=\"https:\/\/www.radiopiu.net\/wordpress\/wp-content\/uploads\/2023\/06\/b3c59799-dcbe-48f4-9d1e-ee32b585a760-215x300.jpg 215w, https:\/\/www.radiopiu.net\/wordpress\/wp-content\/uploads\/2023\/06\/b3c59799-dcbe-48f4-9d1e-ee32b585a760.jpg 515w\" sizes=\"auto, (max-width: 79px) 100vw, 79px\" \/><\/a>GIORNATA ECOLOGICA A CASA PIANDISON<\/h3>\n<\/blockquote>\n<p><strong>VOLTAGO<\/strong> Sabato alle 8 i volontari di Voltago sono chiamati a rapporto alla Casa Piandison per la giornata ecologica di primavera. Chi volesse dare una mano alla pulizia pu\u00f2 recarsi munito di decespugliatore, rastrello e cariola. A met\u00e0 mattinata merenda con panino e a pranzo la spaghettata per tutti. Le prenotazioni entro oggi al 330 491274<\/p>\n<p>&nbsp;<\/p>\n<hr \/>\n<p>&nbsp;<\/p>\n<blockquote>\n<h3>IERI SERA PIAZZA LIBERTA&#8217; GREMITA: E&#8217; TORNATO IL MINIERE SUNSET<\/h3>\n<\/blockquote>\n<h3><a class=\"dt-pswp-item\" href=\"https:\/\/www.radiopiu.net\/wordpress\/wp-content\/uploads\/2023\/06\/353845973_10231328822510652_2315205806419402017_n.jpg\" data-dt-img-description=\"\" data-large_image_width=\"843\" data-large_image_height=\"503\"><img loading=\"lazy\" decoding=\"async\" class=\"size-medium wp-image-340269 aligncenter\" src=\"https:\/\/www.radiopiu.net\/wordpress\/wp-content\/uploads\/2023\/06\/353845973_10231328822510652_2315205806419402017_n-300x179.jpg\" alt=\"\" width=\"300\" height=\"179\" srcset=\"https:\/\/www.radiopiu.net\/wordpress\/wp-content\/uploads\/2023\/06\/353845973_10231328822510652_2315205806419402017_n-300x179.jpg 300w, https:\/\/www.radiopiu.net\/wordpress\/wp-content\/uploads\/2023\/06\/353845973_10231328822510652_2315205806419402017_n-768x458.jpg 768w, https:\/\/www.radiopiu.net\/wordpress\/wp-content\/uploads\/2023\/06\/353845973_10231328822510652_2315205806419402017_n.jpg 843w\" sizes=\"auto, (max-width: 300px) 100vw, 300px\" \/><\/a><\/h3>\n<p>https:\/\/www.facebook.com\/marco.baghy.1\/videos\/161749713554314<\/p>\n<p>&nbsp;<\/p>\n<hr \/>\n<p>&nbsp;<\/p>\n<blockquote>\n<h3>TORNA EL BON DE L&#8217;ANSUDA IN VALLE DEL BIOIS<\/h3>\n<\/blockquote>\n<p><strong><a class=\"dt-pswp-item\" href=\"https:\/\/www.radiopiu.net\/wordpress\/wp-content\/uploads\/2023\/06\/EL-BON-DE-LANSUDA.jpeg\" data-dt-img-description=\"\" data-large_image_width=\"1890\" data-large_image_height=\"1310\"><img loading=\"lazy\" decoding=\"async\" class=\" wp-image-340252 alignleft\" src=\"https:\/\/www.radiopiu.net\/wordpress\/wp-content\/uploads\/2023\/06\/EL-BON-DE-LANSUDA-300x208.jpeg\" alt=\"\" width=\"167\" height=\"116\" srcset=\"https:\/\/www.radiopiu.net\/wordpress\/wp-content\/uploads\/2023\/06\/EL-BON-DE-LANSUDA-300x208.jpeg 300w, https:\/\/www.radiopiu.net\/wordpress\/wp-content\/uploads\/2023\/06\/EL-BON-DE-LANSUDA-1024x710.jpeg 1024w, https:\/\/www.radiopiu.net\/wordpress\/wp-content\/uploads\/2023\/06\/EL-BON-DE-LANSUDA-768x532.jpeg 768w, https:\/\/www.radiopiu.net\/wordpress\/wp-content\/uploads\/2023\/06\/EL-BON-DE-LANSUDA-1536x1065.jpeg 1536w, https:\/\/www.radiopiu.net\/wordpress\/wp-content\/uploads\/2023\/06\/EL-BON-DE-LANSUDA.jpeg 1890w\" sizes=\"auto, (max-width: 167px) 100vw, 167px\" \/><\/a>FALCADE<\/strong><\/p>\n<p>di Gianni Santomaso<\/p>\n<audio class=\"wp-audio-shortcode\" id=\"audio-340129-5\" preload=\"none\" style=\"width: 100%;\" controls=\"controls\"><source type=\"audio\/mpeg\" src=\"https:\/\/www.radiopiu.net\/wordpress\/wp-content\/uploads\/2023\/06\/GIANNI-TORNA-EL-BON-DE-LANSUDA.mp3?_=5\" \/><a href=\"https:\/\/www.radiopiu.net\/wordpress\/wp-content\/uploads\/2023\/06\/GIANNI-TORNA-EL-BON-DE-LANSUDA.mp3\">https:\/\/www.radiopiu.net\/wordpress\/wp-content\/uploads\/2023\/06\/GIANNI-TORNA-EL-BON-DE-LANSUDA.mp3<\/a><\/audio>\n<p>&nbsp;<\/p>\n<hr \/>\n<p>&nbsp;<\/p>\n<blockquote>\n<h3><a class=\"dt-pswp-item\" href=\"https:\/\/www.radiopiu.net\/wordpress\/wp-content\/uploads\/2023\/06\/6d275920-d536-4982-9105-b53026b11638.jpg\" data-dt-img-description=\"\" data-large_image_width=\"1156\" data-large_image_height=\"1600\"><img loading=\"lazy\" decoding=\"async\" class=\" wp-image-339406 alignleft\" src=\"https:\/\/www.radiopiu.net\/wordpress\/wp-content\/uploads\/2023\/06\/6d275920-d536-4982-9105-b53026b11638-217x300.jpg\" alt=\"\" width=\"107\" height=\"148\" srcset=\"https:\/\/www.radiopiu.net\/wordpress\/wp-content\/uploads\/2023\/06\/6d275920-d536-4982-9105-b53026b11638-217x300.jpg 217w, https:\/\/www.radiopiu.net\/wordpress\/wp-content\/uploads\/2023\/06\/6d275920-d536-4982-9105-b53026b11638-740x1024.jpg 740w, https:\/\/www.radiopiu.net\/wordpress\/wp-content\/uploads\/2023\/06\/6d275920-d536-4982-9105-b53026b11638-768x1063.jpg 768w, https:\/\/www.radiopiu.net\/wordpress\/wp-content\/uploads\/2023\/06\/6d275920-d536-4982-9105-b53026b11638-1110x1536.jpg 1110w, https:\/\/www.radiopiu.net\/wordpress\/wp-content\/uploads\/2023\/06\/6d275920-d536-4982-9105-b53026b11638.jpg 1156w\" sizes=\"auto, (max-width: 107px) 100vw, 107px\" \/><\/a>UNA GRANDE FESTA PER I PRIMI 60 ANNI DEL FIORI BARP<\/h3>\n<\/blockquote>\n<p>&nbsp;<\/p>\n<p>&nbsp;<\/p>\n<p><strong>di ROBERTO BONA<\/strong><\/p>\n<audio class=\"wp-audio-shortcode\" id=\"audio-340129-6\" preload=\"none\" style=\"width: 100%;\" controls=\"controls\"><source type=\"audio\/mpeg\" src=\"https:\/\/www.radiopiu.net\/wordpress\/wp-content\/uploads\/2023\/06\/DalCinMas.mp3?_=6\" \/><a href=\"https:\/\/www.radiopiu.net\/wordpress\/wp-content\/uploads\/2023\/06\/DalCinMas.mp3\">https:\/\/www.radiopiu.net\/wordpress\/wp-content\/uploads\/2023\/06\/DalCinMas.mp3<\/a><\/audio>\n<p>&nbsp;<\/p>\n<p>&nbsp;<\/p>\n<p>&nbsp;<\/p>\n<p>&nbsp;<\/p>\n<hr \/>\n<p>&nbsp;<\/p>\n<h2><span style=\"color: #ff00ff;\">IERI ALLA RADIO<\/span><\/h2>\n<h2><a class=\"dt-pswp-item\" href=\"https:\/\/www.radiopiu.net\/wordpress\/wp-content\/uploads\/2022\/06\/Luxottica-firmato-il-contratto-aziendale-per-lo-stabilimento-di-Pederobba_articleimage.jpg\" data-dt-img-description=\"\" data-large_image_width=\"770\" data-large_image_height=\"473\"><img loading=\"lazy\" decoding=\"async\" class=\" wp-image-281229 alignleft\" src=\"https:\/\/www.radiopiu.net\/wordpress\/wp-content\/uploads\/2022\/06\/Luxottica-firmato-il-contratto-aziendale-per-lo-stabilimento-di-Pederobba_articleimage-300x184.jpg\" alt=\"\" width=\"184\" height=\"113\" srcset=\"https:\/\/www.radiopiu.net\/wordpress\/wp-content\/uploads\/2022\/06\/Luxottica-firmato-il-contratto-aziendale-per-lo-stabilimento-di-Pederobba_articleimage-300x184.jpg 300w, https:\/\/www.radiopiu.net\/wordpress\/wp-content\/uploads\/2022\/06\/Luxottica-firmato-il-contratto-aziendale-per-lo-stabilimento-di-Pederobba_articleimage-768x472.jpg 768w, https:\/\/www.radiopiu.net\/wordpress\/wp-content\/uploads\/2022\/06\/Luxottica-firmato-il-contratto-aziendale-per-lo-stabilimento-di-Pederobba_articleimage.jpg 770w\" sizes=\"auto, (max-width: 184px) 100vw, 184px\" \/><\/a><span style=\"color: #008000;\">CISL E FEMCA CISL LA VOCE PER I LAVORATORI<\/span><\/h2>\n<p><strong>PUNTATA 25, DAVIDE MONTAGNER LUXOTTICA PEDEROBBA<\/strong><\/p>\n<audio class=\"wp-audio-shortcode\" id=\"audio-340129-7\" preload=\"none\" style=\"width: 100%;\" controls=\"controls\"><source type=\"audio\/mpeg\" src=\"https:\/\/www.radiopiu.net\/wordpress\/wp-content\/uploads\/2023\/06\/FEMCA-CISL-1.mp3?_=7\" \/><a href=\"https:\/\/www.radiopiu.net\/wordpress\/wp-content\/uploads\/2023\/06\/FEMCA-CISL-1.mp3\">https:\/\/www.radiopiu.net\/wordpress\/wp-content\/uploads\/2023\/06\/FEMCA-CISL-1.mp3<\/a><\/audio>\n<p>&nbsp;<\/p>\n<p><strong>LA RACCOLTA COMPLETA<\/strong><\/p>\n<blockquote class=\"wp-embedded-content\" data-secret=\"9summnPK3u\"><p><a href=\"https:\/\/www.radiopiu.net\/wordpress\/cisl-e-femca-cisl-la-vocef\/\">CISL E FEMCA CISL  LA VOCE PER I LAVORATORI<\/a><\/p><\/blockquote>\n<p><iframe loading=\"lazy\" class=\"wp-embedded-content\" sandbox=\"allow-scripts\" security=\"restricted\" style=\"position: absolute; clip: rect(1px, 1px, 1px, 1px);\" title=\"&#8220;CISL E FEMCA CISL  LA VOCE PER I LAVORATORI&#8221; &#8212; Radio Pi\u00f9\" src=\"https:\/\/www.radiopiu.net\/wordpress\/cisl-e-femca-cisl-la-vocef\/embed\/#?secret=mUrByGGGmz#?secret=9summnPK3u\" data-secret=\"9summnPK3u\" width=\"600\" height=\"338\" frameborder=\"0\" marginwidth=\"0\" marginheight=\"0\" scrolling=\"no\"><\/iframe><\/p>\n<p>&nbsp;<\/p>\n<h2><a class=\"dt-pswp-item\" href=\"https:\/\/www.radiopiu.net\/wordpress\/wp-content\/uploads\/2022\/11\/scuola-zaino.jpeg\" data-dt-img-description=\"\" data-large_image_width=\"626\" data-large_image_height=\"417\"><img loading=\"lazy\" decoding=\"async\" class=\" wp-image-306830 alignleft\" src=\"https:\/\/www.radiopiu.net\/wordpress\/wp-content\/uploads\/2022\/11\/scuola-zaino-300x200.jpeg\" alt=\"\" width=\"156\" height=\"104\" srcset=\"https:\/\/www.radiopiu.net\/wordpress\/wp-content\/uploads\/2022\/11\/scuola-zaino-300x200.jpeg 300w, https:\/\/www.radiopiu.net\/wordpress\/wp-content\/uploads\/2022\/11\/scuola-zaino.jpeg 626w\" sizes=\"auto, (max-width: 156px) 100vw, 156px\" \/><\/a><span style=\"color: #ff6600;\">SE NON LA SMETTI TI MANDO DAL PRESIDE<\/span><\/h2>\n<p><strong><span style=\"color: #ff0000;\">PUNTATA DEL 14 GIUGNO 2023<\/span><\/strong><\/p>\n<p><strong>DI MIRKO MEZZACASA<\/strong><\/p>\n<p>Con Mari Rosa Salmazo<\/p>\n<audio class=\"wp-audio-shortcode\" id=\"audio-340129-8\" preload=\"none\" style=\"width: 100%;\" controls=\"controls\"><source type=\"audio\/mpeg\" src=\"https:\/\/www.radiopiu.net\/wordpress\/wp-content\/uploads\/2023\/06\/SE-NON-SMETTI-NUMERO33-PUNTATA.mp3?_=8\" \/><a href=\"https:\/\/www.radiopiu.net\/wordpress\/wp-content\/uploads\/2023\/06\/SE-NON-SMETTI-NUMERO33-PUNTATA.mp3\">https:\/\/www.radiopiu.net\/wordpress\/wp-content\/uploads\/2023\/06\/SE-NON-SMETTI-NUMERO33-PUNTATA.mp3<\/a><\/audio>\n<p>&nbsp;<\/p>\n<p><strong>LA RACCOLTA COMPLETA<\/strong><\/p>\n<blockquote class=\"wp-embedded-content\" data-secret=\"Mk0vitpN6f\"><p><a href=\"https:\/\/www.radiopiu.net\/wordpress\/se-non-la-smetti-di-mando-dal-preside\/\">SE NON LA SMETTI TI MANDO DAL PRESIDE<\/a><\/p><\/blockquote>\n<p><iframe loading=\"lazy\" class=\"wp-embedded-content\" sandbox=\"allow-scripts\" security=\"restricted\" style=\"position: absolute; clip: rect(1px, 1px, 1px, 1px);\" title=\"&#8220;SE NON LA SMETTI TI MANDO DAL PRESIDE&#8221; &#8212; Radio Pi\u00f9\" src=\"https:\/\/www.radiopiu.net\/wordpress\/se-non-la-smetti-di-mando-dal-preside\/embed\/#?secret=HtW3NFTJPv#?secret=Mk0vitpN6f\" data-secret=\"Mk0vitpN6f\" width=\"600\" height=\"338\" frameborder=\"0\" marginwidth=\"0\" marginheight=\"0\" scrolling=\"no\"><\/iframe><\/p>\n<p>&nbsp;<\/p>\n<h2><span style=\"color: #3366ff;\">I RACCONTI DI SKY CIELO BLU, CON GIULIANA DA RONCH E MORENA<\/span><\/h2>\n<p><strong>Puntata 3 &#8211; EL CUC<\/strong><\/p>\n<audio class=\"wp-audio-shortcode\" id=\"audio-340129-9\" preload=\"none\" style=\"width: 100%;\" controls=\"controls\"><source type=\"audio\/mpeg\" src=\"https:\/\/www.radiopiu.net\/wordpress\/wp-content\/uploads\/2023\/06\/EL-CUC-GIULIANA-E-MORENA.mp3?_=9\" \/><a href=\"https:\/\/www.radiopiu.net\/wordpress\/wp-content\/uploads\/2023\/06\/EL-CUC-GIULIANA-E-MORENA.mp3\">https:\/\/www.radiopiu.net\/wordpress\/wp-content\/uploads\/2023\/06\/EL-CUC-GIULIANA-E-MORENA.mp3<\/a><\/audio>\n<p><strong>\u00a0<\/strong><\/p>\n<p><strong>LA RACCOLTA COMPLET<\/strong><strong>A<\/strong><\/p>\n<blockquote class=\"wp-embedded-content\" data-secret=\"ufepwaygGn\"><p><a href=\"https:\/\/www.radiopiu.net\/wordpress\/i-racconti-di-sky-cielo-blu-con-giuliana-da-ronch-e-morena-pagina-in-aggiornamento\/\">I RACCONTI DI SKY CIELO BLU, CON GIULIANA DA RONCH E MORENA, pagina in aggiornamento<\/a><\/p><\/blockquote>\n<p><iframe loading=\"lazy\" class=\"wp-embedded-content\" sandbox=\"allow-scripts\" security=\"restricted\" style=\"position: absolute; clip: rect(1px, 1px, 1px, 1px);\" title=\"&#8220;I RACCONTI DI SKY CIELO BLU, CON GIULIANA DA RONCH E MORENA, pagina in aggiornamento&#8221; &#8212; Radio Pi\u00f9\" src=\"https:\/\/www.radiopiu.net\/wordpress\/i-racconti-di-sky-cielo-blu-con-giuliana-da-ronch-e-morena-pagina-in-aggiornamento\/embed\/#?secret=eaKrDTjXQf#?secret=ufepwaygGn\" data-secret=\"ufepwaygGn\" width=\"600\" height=\"338\" frameborder=\"0\" marginwidth=\"0\" marginheight=\"0\" scrolling=\"no\"><\/iframe><\/p>\n<p>&nbsp;<\/p>\n<h2><span style=\"color: #808080;\">&#8220;RIMASTI PIU&#8217; AVANTI&#8221;, ALLA SCOPERTA DELLA MUSICA BELLUNESE CON MARCO V. DAL FARRA<\/span><\/h2>\n<p><span style=\"color: #ff0000;\"><strong><a class=\"dt-pswp-item\" href=\"https:\/\/www.radiopiu.net\/wordpress\/wp-content\/uploads\/2023\/06\/2196beba-ce23-45ae-90df-33965634cbed.jpg\" data-dt-img-description=\"\" data-large_image_width=\"1420\" data-large_image_height=\"930\"><img loading=\"lazy\" decoding=\"async\" class=\" wp-image-340208 alignleft\" src=\"https:\/\/www.radiopiu.net\/wordpress\/wp-content\/uploads\/2023\/06\/2196beba-ce23-45ae-90df-33965634cbed-300x196.jpg\" alt=\"\" width=\"167\" height=\"109\" srcset=\"https:\/\/www.radiopiu.net\/wordpress\/wp-content\/uploads\/2023\/06\/2196beba-ce23-45ae-90df-33965634cbed-300x196.jpg 300w, https:\/\/www.radiopiu.net\/wordpress\/wp-content\/uploads\/2023\/06\/2196beba-ce23-45ae-90df-33965634cbed-1024x671.jpg 1024w, https:\/\/www.radiopiu.net\/wordpress\/wp-content\/uploads\/2023\/06\/2196beba-ce23-45ae-90df-33965634cbed-768x503.jpg 768w, https:\/\/www.radiopiu.net\/wordpress\/wp-content\/uploads\/2023\/06\/2196beba-ce23-45ae-90df-33965634cbed.jpg 1420w\" sizes=\"auto, (max-width: 167px) 100vw, 167px\" \/><\/a>TERZA PUNTATA DEL 14 GIUGNO 2023<\/strong><\/span><\/p>\n<p><span style=\"color: #0000ff;\"><strong>MSQ &amp; FREEHAND<\/strong><\/span><\/p>\n<p><strong>PRIMA PARTE<\/strong><\/p>\n<audio class=\"wp-audio-shortcode\" id=\"audio-340129-10\" preload=\"none\" style=\"width: 100%;\" controls=\"controls\"><source type=\"audio\/mpeg\" src=\"https:\/\/www.radiopiu.net\/wordpress\/wp-content\/uploads\/2023\/06\/M1-1.mp3?_=10\" \/><a href=\"https:\/\/www.radiopiu.net\/wordpress\/wp-content\/uploads\/2023\/06\/M1-1.mp3\">https:\/\/www.radiopiu.net\/wordpress\/wp-content\/uploads\/2023\/06\/M1-1.mp3<\/a><\/audio>\n<p>&nbsp;<\/p>\n<p><strong>SECONDA PARTE<\/strong><\/p>\n<audio class=\"wp-audio-shortcode\" id=\"audio-340129-11\" preload=\"none\" style=\"width: 100%;\" controls=\"controls\"><source type=\"audio\/mpeg\" src=\"https:\/\/www.radiopiu.net\/wordpress\/wp-content\/uploads\/2023\/06\/M2-1.mp3?_=11\" \/><a href=\"https:\/\/www.radiopiu.net\/wordpress\/wp-content\/uploads\/2023\/06\/M2-1.mp3\">https:\/\/www.radiopiu.net\/wordpress\/wp-content\/uploads\/2023\/06\/M2-1.mp3<\/a><\/audio>\n<p>&nbsp;<\/p>\n<p><strong>TERZA PARTE<\/strong><\/p>\n<audio class=\"wp-audio-shortcode\" id=\"audio-340129-12\" preload=\"none\" style=\"width: 100%;\" controls=\"controls\"><source type=\"audio\/mpeg\" src=\"https:\/\/www.radiopiu.net\/wordpress\/wp-content\/uploads\/2023\/06\/M3-1.mp3?_=12\" \/><a href=\"https:\/\/www.radiopiu.net\/wordpress\/wp-content\/uploads\/2023\/06\/M3-1.mp3\">https:\/\/www.radiopiu.net\/wordpress\/wp-content\/uploads\/2023\/06\/M3-1.mp3<\/a><\/audio>\n<p><span style=\"color: #0000ff;\"><strong>\u00a0\u00a0<\/strong><\/span><\/p>\n<p><em><strong>LA RACCOLTA COMPLETA<\/strong><\/em><\/p>\n<blockquote class=\"wp-embedded-content\" data-secret=\"hLCoAgmKA4\"><p><a href=\"https:\/\/www.radiopiu.net\/wordpress\/rimasti-piu-avanti-p3\/\">&#8220;RIMASTI PIU&#8217; AVANTI&#8221;, ALLA SCOPERTA DELLA MUSICA BELLUNESE CON MARCO V. DAL FARRA<\/a><\/p><\/blockquote>\n<p><iframe loading=\"lazy\" class=\"wp-embedded-content\" sandbox=\"allow-scripts\" security=\"restricted\" style=\"position: absolute; clip: rect(1px, 1px, 1px, 1px);\" title=\"&#8220;&#8220;RIMASTI PIU&#8217; AVANTI&#8221;, ALLA SCOPERTA DELLA MUSICA BELLUNESE CON MARCO V. DAL FARRA&#8221; &#8212; Radio Pi\u00f9\" src=\"https:\/\/www.radiopiu.net\/wordpress\/rimasti-piu-avanti-p3\/embed\/#?secret=5LryDtG8bW#?secret=hLCoAgmKA4\" data-secret=\"hLCoAgmKA4\" width=\"600\" height=\"338\" frameborder=\"0\" marginwidth=\"0\" marginheight=\"0\" scrolling=\"no\"><\/iframe><\/p>\n<p>&nbsp;<\/p>\n<hr \/>\n<p>&nbsp;<\/p>\n<blockquote>\n<h2 class=\"entry-title\" style=\"text-align: center;\"><span style=\"color: #ff0000;\">100 ANNI DI RADIO \u2013 40 ANNI DI RADIO PI\u00d9<\/span><\/h2>\n<\/blockquote>\n<p class=\"photoswipe-wrapper\"><a class=\"dt-pswp-item pspw-wrap-ready\" href=\"https:\/\/www.radiopiu.net\/wordpress\/wp-content\/uploads\/2023\/06\/Senza-nome-1.jpg\" data-dt-img-description=\"\" data-large_image_width=\"549\" data-large_image_height=\"429\"><img loading=\"lazy\" decoding=\"async\" class=\"size-medium wp-image-338505 alignleft\" src=\"https:\/\/www.radiopiu.net\/wordpress\/wp-content\/uploads\/2023\/06\/Senza-nome-1-300x234.jpg\" sizes=\"auto, (max-width: 300px) 100vw, 300px\" srcset=\"https:\/\/www.radiopiu.net\/wordpress\/wp-content\/uploads\/2023\/06\/Senza-nome-1-300x234.jpg 300w, https:\/\/www.radiopiu.net\/wordpress\/wp-content\/uploads\/2023\/06\/Senza-nome-1.jpg 549w\" alt=\"\" width=\"300\" height=\"234\" \/><\/a>Da quando l\u2019Eiar diede il via alla sua prima trasmissione radiofonica nel lontano 1923, sono trascorsi ben cento anni dalla nascita di un mezzo di comunicazione che ha segnato la storia dell\u2019umanit\u00e0. La radio, con la sua capacit\u00e0 di informare, intrattenere e connettere le persone, ha mantenuto la sua importanza nel corso dei decenni, adattandosi ai cambiamenti tecnologici e sociali. Dall\u2019Eiar alla Rai, dalle radio locali ai gruppi nazionali privati, fino alle moderne radio web, l\u2019evoluzione del panorama radiofonico ha seguito il mutare dei tempi. Sono stati quarant\u2019anni dalla nascita di Radio Pi\u00f9, emittente che ha saputo\u00a0<a class=\"dt-pswp-item pspw-wrap-ready\" href=\"https:\/\/www.radiopiu.net\/wordpress\/wp-content\/uploads\/2023\/06\/c4f41af3-b1f7-424a-a20c-3563652ec6a0.jpg\" data-dt-img-description=\"\" data-large_image_width=\"1024\" data-large_image_height=\"768\"><img loading=\"lazy\" decoding=\"async\" class=\"size-medium wp-image-338506 alignright\" src=\"https:\/\/www.radiopiu.net\/wordpress\/wp-content\/uploads\/2023\/06\/c4f41af3-b1f7-424a-a20c-3563652ec6a0-300x225.jpg\" sizes=\"auto, (max-width: 300px) 100vw, 300px\" srcset=\"https:\/\/www.radiopiu.net\/wordpress\/wp-content\/uploads\/2023\/06\/c4f41af3-b1f7-424a-a20c-3563652ec6a0-300x225.jpg 300w, https:\/\/www.radiopiu.net\/wordpress\/wp-content\/uploads\/2023\/06\/c4f41af3-b1f7-424a-a20c-3563652ec6a0-768x576.jpg 768w, https:\/\/www.radiopiu.net\/wordpress\/wp-content\/uploads\/2023\/06\/c4f41af3-b1f7-424a-a20c-3563652ec6a0.jpg 1024w\" alt=\"\" width=\"300\" height=\"225\" \/><\/a>raccontare il territorio e diventare un punto di riferimento per gli appassionati di musica, notizie e intrattenimento (foto in alto in esposizione a RADIOPIU della Pizzeria Costa, Canale d\u2019Agordo).\u00a0\u00a0<strong>Per celebrare il valore intramontabile della radio, Radio Pi\u00f9 ha organizzato un evento speciale. Sabato 24, domenica 25 e luned\u00ec 26, nella suggestiva cornice di Taibon Agordino, in Piazza San Rocco, si terr\u00e0 \u201cLa Mostra delle Radio \u2013 Dal Secolo Scorso ad Oggi\u201d. Un\u2019iniziativa unica, nata dall\u2019idea di Ivano Benvegn\u00f9, Franco Gnel Ben e Mirko Mezzacasa, che vuole ripercorrere la storia della radio attraverso le sue diverse epoche.<\/strong><\/p>\n<p class=\"photoswipe-wrapper\"><a class=\"dt-pswp-item pspw-wrap-ready\" href=\"https:\/\/www.radiopiu.net\/wordpress\/wp-content\/uploads\/2023\/06\/490861a5-5a3d-4404-8e46-65b0e77576bb.jpg\" data-dt-img-description=\"\" data-large_image_width=\"1500\" data-large_image_height=\"2000\"><img loading=\"lazy\" decoding=\"async\" class=\"size-medium wp-image-338508 alignleft\" src=\"https:\/\/www.radiopiu.net\/wordpress\/wp-content\/uploads\/2023\/06\/490861a5-5a3d-4404-8e46-65b0e77576bb-225x300.jpg\" sizes=\"auto, (max-width: 225px) 100vw, 225px\" srcset=\"https:\/\/www.radiopiu.net\/wordpress\/wp-content\/uploads\/2023\/06\/490861a5-5a3d-4404-8e46-65b0e77576bb-225x300.jpg 225w, https:\/\/www.radiopiu.net\/wordpress\/wp-content\/uploads\/2023\/06\/490861a5-5a3d-4404-8e46-65b0e77576bb-768x1024.jpg 768w, https:\/\/www.radiopiu.net\/wordpress\/wp-content\/uploads\/2023\/06\/490861a5-5a3d-4404-8e46-65b0e77576bb-1152x1536.jpg 1152w, https:\/\/www.radiopiu.net\/wordpress\/wp-content\/uploads\/2023\/06\/490861a5-5a3d-4404-8e46-65b0e77576bb.jpg 1500w\" alt=\"\" width=\"225\" height=\"300\" \/><\/a>La mostra sar\u00e0 un viaggio affascinante nel tempo, offrendo ai visitatori l\u2019opportunit\u00e0 di esplorare l\u2019evoluzione dei dispositivi radiofonici e delle trasmissioni nel corso dei decenni. Dagli antichi apparecchi a valvole fino ai moderni dispositivi digitali, sar\u00e0 possibile ammirare la tecnologia che ha reso possibile l\u2019ascolto delle voci e delle storie provenienti da tutto il mondo. Oltre alla componente tecnologica, la mostra metter\u00e0 in luce l\u2019impatto sociale e culturale della radio. Attraverso immagini, documenti d\u2019epoca e testimonianze, si cercher\u00e0 di trasmettere l\u2019importanza di questo mezzo di comunicazione nella vita quotidiana delle persone. La radio ha saputo accompagnare gli ascoltatori nelle loro giornate, diventando compagna di viaggio, fonte di informazione e stimolo per l\u2019immaginazione e il sogno. Radio Pi\u00f9, con la sua lunga storia nel panorama radiofonico, \u00e8 orgogliosa di celebrare l\u2019eredit\u00e0 della radio e il suo impatto duraturo sulla societ\u00e0. L\u2019evento in Piazza San Rocco rappresenta un\u2019occasione unica per rivivere i momenti salienti della radiofonia e per riflettere su come questo strumento abbia saputo evolversi e reinventarsi nel corso dei decenni. La radio continua ad essere un mezzo di comunicazione privilegiato, capace di creare un legame intimo tra le persone e di stimolare la fantasia. Proprio per questa ragione, Radio Pi\u00f9 invita tutti a partecipare a questa straordinaria mostra, per riscoprire insieme il fascino intramontabile della radio e per celebrare cento anni di storia e cultura radiofonica (foto a lato di Franco Ben)<\/p>\n<p>&nbsp;<\/p>\n<hr \/>\n<p>&nbsp;<\/p>\n<blockquote class=\"wp-embedded-content\" data-secret=\"jamv08v8pM\"><p><a href=\"https:\/\/www.radiopiu.net\/wordpress\/sentimental-le-storie-damore-di-paola-lanciato\/\">SENTIMENTAL,\u00a0 &#8220;le storie d&#8217;amore&#8221; DI PAOLA LANCIATO<\/a><\/p><\/blockquote>\n<p><iframe loading=\"lazy\" class=\"wp-embedded-content\" sandbox=\"allow-scripts\" security=\"restricted\" style=\"position: absolute; clip: rect(1px, 1px, 1px, 1px);\" title=\"&#8220;SENTIMENTAL,\u00a0 &#8220;le storie d&#8217;amore&#8221; DI PAOLA LANCIATO&#8221; &#8212; Radio Pi\u00f9\" src=\"https:\/\/www.radiopiu.net\/wordpress\/sentimental-le-storie-damore-di-paola-lanciato\/embed\/#?secret=hHKHsIMz3P#?secret=jamv08v8pM\" data-secret=\"jamv08v8pM\" width=\"600\" height=\"338\" frameborder=\"0\" marginwidth=\"0\" marginheight=\"0\" scrolling=\"no\"><\/iframe><\/p>\n<p>&nbsp;<\/p>\n<hr \/>\n<p>&nbsp;<\/p>\n<blockquote>\n<h2>&#8220;NCONTONSE&#8221; IN LADINO SU RADIO PI\u00d9<\/h2>\n<\/blockquote>\n<blockquote class=\"wp-embedded-content\" data-secret=\"psY7XAKf68\"><p><a href=\"https:\/\/www.radiopiu.net\/wordpress\/lad05\/\">&#8220;NCONTONSE&#8221; IN LADINO SU RADIO PI\u00d9, quinta   puntata<\/a><\/p><\/blockquote>\n<p><iframe loading=\"lazy\" class=\"wp-embedded-content\" sandbox=\"allow-scripts\" security=\"restricted\" style=\"position: absolute; clip: rect(1px, 1px, 1px, 1px);\" title=\"&#8220;&#8220;NCONTONSE&#8221; IN LADINO SU RADIO PI\u00d9, quinta   puntata&#8221; &#8212; Radio Pi\u00f9\" src=\"https:\/\/www.radiopiu.net\/wordpress\/lad05\/embed\/#?secret=YlPI19sA0u#?secret=psY7XAKf68\" data-secret=\"psY7XAKf68\" width=\"600\" height=\"338\" frameborder=\"0\" marginwidth=\"0\" marginheight=\"0\" scrolling=\"no\"><\/iframe><\/p>\n<p>&nbsp;<\/p>\n<hr \/>\n<p>&nbsp;<\/p>\n<p><a class=\"dt-pswp-item\" href=\"https:\/\/www.radiopiu.net\/wordpress\/wp-content\/uploads\/2023\/05\/07b370aa-6c88-4a9c-929f-e4e6e20e615b.jpg\" data-dt-img-description=\"\" data-large_image_width=\"832\" data-large_image_height=\"1024\"><img loading=\"lazy\" decoding=\"async\" class=\"size-medium wp-image-337511 aligncenter\" src=\"https:\/\/www.radiopiu.net\/wordpress\/wp-content\/uploads\/2023\/05\/07b370aa-6c88-4a9c-929f-e4e6e20e615b-244x300.jpg\" alt=\"\" width=\"244\" height=\"300\" srcset=\"https:\/\/www.radiopiu.net\/wordpress\/wp-content\/uploads\/2023\/05\/07b370aa-6c88-4a9c-929f-e4e6e20e615b-244x300.jpg 244w, https:\/\/www.radiopiu.net\/wordpress\/wp-content\/uploads\/2023\/05\/07b370aa-6c88-4a9c-929f-e4e6e20e615b-768x945.jpg 768w, https:\/\/www.radiopiu.net\/wordpress\/wp-content\/uploads\/2023\/05\/07b370aa-6c88-4a9c-929f-e4e6e20e615b.jpg 832w\" sizes=\"auto, (max-width: 244px) 100vw, 244px\" \/><\/a><\/p>\n<blockquote>\n<h3>TORNA IL &#8220;MINIERE SUNSET&#8221; NELL&#8217;ESTATE DEL CAFFE&#8217; MINIERE DI AGORDO<\/h3>\n<\/blockquote>\n<p><strong><a class=\"dt-pswp-item\" href=\"https:\/\/www.radiopiu.net\/wordpress\/wp-content\/uploads\/2023\/05\/SCR-20230525-kofy.jpeg\" data-dt-img-description=\"\" data-large_image_width=\"1166\" data-large_image_height=\"646\"><img loading=\"lazy\" decoding=\"async\" class=\" wp-image-337439 alignleft\" src=\"https:\/\/www.radiopiu.net\/wordpress\/wp-content\/uploads\/2023\/05\/SCR-20230525-kofy-300x166.jpeg\" alt=\"\" width=\"154\" height=\"85\" srcset=\"https:\/\/www.radiopiu.net\/wordpress\/wp-content\/uploads\/2023\/05\/SCR-20230525-kofy-300x166.jpeg 300w, https:\/\/www.radiopiu.net\/wordpress\/wp-content\/uploads\/2023\/05\/SCR-20230525-kofy-1024x567.jpeg 1024w, https:\/\/www.radiopiu.net\/wordpress\/wp-content\/uploads\/2023\/05\/SCR-20230525-kofy-768x425.jpeg 768w, https:\/\/www.radiopiu.net\/wordpress\/wp-content\/uploads\/2023\/05\/SCR-20230525-kofy.jpeg 1166w\" sizes=\"auto, (max-width: 154px) 100vw, 154px\" \/><\/a>AGORDO<\/strong> Si torna a ballare nell&#8217;estate 2023. Il Caff\u00e8 Miniere di Agordo organizza il &#8220;Miniere Sunset&#8221;, un appuntamento a cadenza mensile con cocktail bar e DJ Set dalle 18 alle 24. Il 19 luglio e il 30 agosto con Morgan &amp; Battaglia DJ&#8217;s. Tutte le serate saranno in diretta su Radio Pi\u00f9 con ospiti a sorpresa.<\/p>\n<p>&nbsp;<\/p>\n<p>&nbsp;<\/p>\n<hr \/>\n<p>&nbsp;<\/p>\n<h2><span style=\"color: #ff0000;\">GLI APPUNTAMENTI DELLA SETTIMANA\u00a0<\/span><\/h2>\n<div class=\"page-title-breadcrumbs\">\n<blockquote>\n<h3>LA PRESENTAZIONE DEL NUOVO LIBRO DI IRENE LOPEZ<\/h3>\n<\/blockquote>\n<p><strong>BELLUNO<\/strong> Sabato alle 17:00 in Sala Bianchi, viale Fantuzzi a Belluno, si terr\u00e0 la presentazione del libro \u201cMemorie del fiume Niger \u2013 Il sogno di Timbuct\u00f9 \u2013 Quadri di viaggio dal cuore del Mali\u201d di Irene L\u00f2pez de Castro. Presenta la dottoressa Flavia Lombardi.<\/p>\n<\/div>\n<div class=\"page-title-breadcrumbs\">\n<p>&nbsp;<\/p>\n<hr \/>\n<p>&nbsp;<\/p>\n<h2><span style=\"color: #ff0000;\">PROSSIMAMENTE&#8230;<\/span><\/h2>\n<p><img decoding=\"async\" class=\"aligncenter\" src=\"https:\/\/www.radiopiu.net\/wordpress\/wp-content\/uploads\/2023\/05\/42abf5ad-ee3c-42c9-9043-e91339305204-214x300.jpg\" \/><\/p>\n<p>&nbsp;<\/p>\n<blockquote>\n<h3>AD AGORDO E&#8217; COSI&#8217;: L&#8217;ESPOSIZIONE DEI VOLTI LIGNEI<\/h3>\n<\/blockquote>\n<p><strong>AGORDO<\/strong> Sar\u00e0 inaugurata sabato 24 giugno alle 17:30 l&#8217;esposizione di volti lignei della tradizione agordina dal titolo &#8220;Ad Agordo \u00e8 cos\u00ec&#8221;. La mostra alla sala Don Tamis di Agordo sar\u00e0 visitabile fino al 2 luglio. Saranno presenti anche alcuni Olt Da Riva dell&#8217;artista Tita Bressan. Gioved\u00ec 29 giugno anche la dimostrazione di ideazione e sviluppo di una maschera in legno.<\/p>\n<p>&nbsp;<\/p>\n<blockquote>\n<h3>FESTA EUROPEA DELLA MUSICA<\/h3>\n<\/blockquote>\n<p><strong>BELLUNO<\/strong> La Scuola di Musica A. Miari, in collaborazione con il Conservatorio di Musica Steffani di Castelfranco Veneto e il Comune di Belluno, organizza il concerto &#8220;Antiche Radici e nuove foglie&#8221;. Mercoled\u00ec 21 giugno nel chiostro di Palazzo Fulcis, alle 21<\/p>\n<p>&nbsp;<\/p>\n<blockquote>\n<h3>\u00a0IL RITORNO DEL LUPO<\/h3>\n<\/blockquote>\n<p><strong>SEDICO<\/strong> Mercoledi 21 giugno alle 20 nella sala conferenze del polo culturale di Sedico incontro informativo sul lupo, previsti tre interventi:\u00a0Enrico Vettorazzo, funzionario del Parco,\u00a0Renato Semenzato, consulente del Parco e Stefano Mariech, funzionario del Parco La serata rientra tra le attivit\u00e0 previste dal progetto europeo LIFE Wolfalps EU, partner il Parco Nazionale delle Dolomiti che organizza la serata con il Comune di Sedico.<\/p>\n<p>&nbsp;<\/p>\n<blockquote>\n<h3>QUATTRO PASSI LUNGO LA VIA DELLA DOLOMIA<\/h3>\n<\/blockquote>\n<p><strong>AGORDO<\/strong> Domenica 25 giugno \u00e8 in programma una visita guidata lungo la Via della Dolomia in Valle di San Lucano con il geologo Danilo Giordano docente all\u2019Istituto Minerario \u201cU. Follador\u201d di Agordo. Ritrovo ore 8.30 parcheggio di Tamonich (Agordo). Iscrizioni presso Ufficio turistico di Agordo ,da Luned\u00ec 19 giugno a Gioved\u00ec 22 giugno<\/p>\n<p>&nbsp;<\/p>\n<blockquote>\n<h3><a class=\"dt-pswp-item\" href=\"https:\/\/www.radiopiu.net\/wordpress\/wp-content\/uploads\/2023\/06\/IMG-20230506-WA0029-scaled.jpeg\" data-dt-img-description=\"\" data-large_image_width=\"2560\" data-large_image_height=\"1440\"><img loading=\"lazy\" decoding=\"async\" class=\" wp-image-340091 alignleft\" src=\"https:\/\/www.radiopiu.net\/wordpress\/wp-content\/uploads\/2023\/06\/IMG-20230506-WA0029-300x169.jpeg\" alt=\"\" width=\"209\" height=\"118\" srcset=\"https:\/\/www.radiopiu.net\/wordpress\/wp-content\/uploads\/2023\/06\/IMG-20230506-WA0029-300x169.jpeg 300w, https:\/\/www.radiopiu.net\/wordpress\/wp-content\/uploads\/2023\/06\/IMG-20230506-WA0029-1024x576.jpeg 1024w, https:\/\/www.radiopiu.net\/wordpress\/wp-content\/uploads\/2023\/06\/IMG-20230506-WA0029-768x432.jpeg 768w, https:\/\/www.radiopiu.net\/wordpress\/wp-content\/uploads\/2023\/06\/IMG-20230506-WA0029-1536x864.jpeg 1536w, https:\/\/www.radiopiu.net\/wordpress\/wp-content\/uploads\/2023\/06\/IMG-20230506-WA0029-2048x1152.jpeg 2048w\" sizes=\"auto, (max-width: 209px) 100vw, 209px\" \/><\/a>\u201cFAI UN GIRO IN VILLA\u201d APERTURA STRAORDINARIA DI VILLA ZUPPANI A PASA DI SEDICO<\/h3>\n<\/blockquote>\n<p><strong>BELLUNO <\/strong>Torna anche quest\u2019anno \u201cFAI un giro in villa\u201d, il Festival Laboratorio del Vivere la Villa Veneta organizzato dalla Presidenza FAI Veneto in collaborazione con i Gruppi FAI Giovani del territorio e giunto alla sua VII edizione. Domenica 25 giugno il Gruppo FAI Giovani di Belluno aprir\u00e0 Villa Zuppani a Pasa, frazione del comune di Sedico, ultimo evento di un ciclo di aperture di ville in Veneto<\/p>\n<p>&nbsp;<\/p>\n<p>&nbsp;<\/p>\n<hr \/>\n<p><a class=\"dt-pswp-item\" href=\"https:\/\/www.radiopiu.net\/wordpress\/wp-content\/uploads\/2023\/06\/202785aa-66c0-4341-b830-82eecf220239.jpg\" data-dt-img-description=\"\" data-large_image_width=\"1600\" data-large_image_height=\"1200\"><img loading=\"lazy\" decoding=\"async\" class=\"size-medium wp-image-340262 aligncenter\" src=\"https:\/\/www.radiopiu.net\/wordpress\/wp-content\/uploads\/2023\/06\/202785aa-66c0-4341-b830-82eecf220239-300x225.jpg\" alt=\"\" width=\"300\" height=\"225\" srcset=\"https:\/\/www.radiopiu.net\/wordpress\/wp-content\/uploads\/2023\/06\/202785aa-66c0-4341-b830-82eecf220239-300x225.jpg 300w, https:\/\/www.radiopiu.net\/wordpress\/wp-content\/uploads\/2023\/06\/202785aa-66c0-4341-b830-82eecf220239-1024x768.jpg 1024w, https:\/\/www.radiopiu.net\/wordpress\/wp-content\/uploads\/2023\/06\/202785aa-66c0-4341-b830-82eecf220239-768x576.jpg 768w, https:\/\/www.radiopiu.net\/wordpress\/wp-content\/uploads\/2023\/06\/202785aa-66c0-4341-b830-82eecf220239-1536x1152.jpg 1536w, https:\/\/www.radiopiu.net\/wordpress\/wp-content\/uploads\/2023\/06\/202785aa-66c0-4341-b830-82eecf220239.jpg 1600w\" sizes=\"auto, (max-width: 300px) 100vw, 300px\" \/><\/a><\/p>\n<p><strong>Pensiero\u00a0<\/strong><\/p>\n<p>di\u00a0 JOHN FRANCIS DELLA PIETRA<\/p>\n<p>Siamo agli sgoccioli<br \/>\nDi quest umida primavera<br \/>\nIl cielo permane coperto<br \/>\nDa uno strato di grigia nuvolaglia<br \/>\nChe impedisce la vista<br \/>\nDelle montagne<br \/>\nChe ci sovrastano<br \/>\nCome sentinelle<br \/>\nA nostra protezione<br \/>\nTutta l acqua rilasciata<br \/>\nA volte calma e quieta<br \/>\nAltre burrascosa aspra e minacciosa<br \/>\nA dato perlopi\u00f9<br \/>\nBuoni frutti<br \/>\nLa natura \u00e8 rigogliosa<br \/>\nNel suoi verdi cromatismi<br \/>\nHa ceduto pure<br \/>\nUna serie di moniti<br \/>\nAll umana stirpe<br \/>\nPerch\u00e9 possa comprendere e perseguire<br \/>\nLa retta via<br \/>\nDell universale equilibrio<br \/>\nFra pochi giorni<br \/>\nIl sole all apice<br \/>\nDel suo annuale percorso<br \/>\nNell apoteosi<br \/>\nDel solstizio d estate<br \/>\nSperiamo ci porti<br \/>\nQuesta nuova stagione<br \/>\nForiera d un calore giusto<br \/>\nNecessario a maturare<br \/>\nGl acerbi frutti<br \/>\nGuardo oltre le nubi<br \/>\nNell infinito<br \/>\nVi ricerco<br \/>\nUn buon auspicio<br \/>\nEccolo<br \/>\nS \u00e8 aperto un squarcio<br \/>\nD azzurro<br \/>\nVi filtra l ultimo tardivo<br \/>\nRaggio di sole<br \/>\nNon ha pi\u00f9 forza n\u00e9 calore<br \/>\nMa illumina con tenerezza<br \/>\nIl nostro spirito<br \/>\nSino nel profondo&#8230;<\/p>\n<p>&nbsp;<\/p>\n<p>&nbsp;<\/p>\n<hr \/>\n<p>&nbsp;<\/p>\n<div dir=\"auto\">\n<div class=\"message spoilers-container\" dir=\"auto\">\n<div>\n<div class=\"b654a4as d2edcug0\">\n<div class=\"rq0escxv hkbzh7o3 jwdofwj8 n8tt0mok r8blr3vg hyh9befq\">\n<p><a class=\"dt-pswp-item\" href=\"https:\/\/www.radiopiu.net\/wordpress\/wp-content\/uploads\/2020\/10\/pp.jpg\" data-dt-img-description=\"\" data-large_image_width=\"640\" data-large_image_height=\"640\"><img loading=\"lazy\" decoding=\"async\" class=\"wp-image-163678 alignleft\" src=\"https:\/\/www.radiopiu.net\/wordpress\/wp-content\/uploads\/2020\/10\/pp-300x300.jpg\" alt=\"\" width=\"106\" height=\"106\" srcset=\"https:\/\/www.radiopiu.net\/wordpress\/wp-content\/uploads\/2020\/10\/pp-300x300.jpg 300w, https:\/\/www.radiopiu.net\/wordpress\/wp-content\/uploads\/2020\/10\/pp-150x150.jpg 150w, https:\/\/www.radiopiu.net\/wordpress\/wp-content\/uploads\/2020\/10\/pp-125x125.jpg 125w, https:\/\/www.radiopiu.net\/wordpress\/wp-content\/uploads\/2020\/10\/pp-200x200.jpg 200w, https:\/\/www.radiopiu.net\/wordpress\/wp-content\/uploads\/2020\/10\/pp-80x80.jpg 80w, https:\/\/www.radiopiu.net\/wordpress\/wp-content\/uploads\/2020\/10\/pp-480x480.jpg 480w, https:\/\/www.radiopiu.net\/wordpress\/wp-content\/uploads\/2020\/10\/pp.jpg 640w\" sizes=\"auto, (max-width: 106px) 100vw, 106px\" \/><\/a><\/p>\n<\/div>\n<\/div>\n<\/div>\n<\/div>\n<div class=\"message spoilers-container\" dir=\"auto\">\n<div class=\"page-title-head hgroup\">\n<div class=\"page-title-head hgroup\">\n<div class=\"b654a4as d2edcug0\">\n<div class=\"j83agx80 btwxx1t3 lhclo0ds hop8lmos nkwizq5d scwd0bx6 roh60bw9\">\n<div class=\"rq0escxv hkbzh7o3 jwdofwj8 n8tt0mok r8blr3vg hyh9befq\">\n<div class=\"do00u71z l9j0dhe7 k4urcfbm\" style=\"text-align: left;\">\n<h2><span style=\"color: #000080;\">DON CESARE, IL PENSIERO DEL GIORNO. ALLA RADIO ALLE 7 DEL MATTINO E ALLE 19.30 DELLA SERA<\/span><\/h2>\n<\/div>\n<audio class=\"wp-audio-shortcode\" id=\"audio-340129-13\" preload=\"none\" style=\"width: 100%;\" controls=\"controls\"><source type=\"audio\/mpeg\" src=\"https:\/\/www.radiopiu.net\/wordpress\/wp-content\/uploads\/2023\/06\/CESARE-10.mp3?_=13\" \/><a href=\"https:\/\/www.radiopiu.net\/wordpress\/wp-content\/uploads\/2023\/06\/CESARE-10.mp3\">https:\/\/www.radiopiu.net\/wordpress\/wp-content\/uploads\/2023\/06\/CESARE-10.mp3<\/a><\/audio>\n<p>&nbsp;<\/p>\n<div class=\"do00u71z l9j0dhe7 k4urcfbm\" style=\"text-align: left;\">\n<p>&nbsp;<\/p>\n<p>&nbsp;<\/p>\n<\/div>\n<\/div>\n<\/div>\n<\/div>\n<\/div>\n<\/div>\n<\/div>\n<\/div>\n<div class=\"message spoilers-container\" dir=\"auto\">\n<div class=\"column\">\n<hr \/>\n<p>&nbsp;<\/p>\n<div class=\"message spoilers-container\" dir=\"auto\">\n<div class=\"column\">\n<p>&nbsp;<\/p>\n<p><img loading=\"lazy\" decoding=\"async\" class=\"aligncenter wp-image-61954 size-full\" src=\"https:\/\/www.radiopiu.net\/wordpress\/wp-content\/uploads\/2018\/09\/viabilita.jpeg\" sizes=\"auto, (max-width: 800px) 100vw, 800px\" srcset=\"https:\/\/www.radiopiu.net\/wordpress\/wp-content\/uploads\/2018\/09\/viabilita.jpeg 800w, https:\/\/www.radiopiu.net\/wordpress\/wp-content\/uploads\/2018\/09\/viabilita-300x38.jpeg 300w, https:\/\/www.radiopiu.net\/wordpress\/wp-content\/uploads\/2018\/09\/viabilita-768x96.jpeg 768w\" alt=\"\" width=\"800\" height=\"100\" \/><\/p>\n<\/div>\n<\/div>\n<div class=\"message spoilers-container\" dir=\"auto\">\n<div class=\"column\">\n<p>&nbsp;<\/p>\n<\/div>\n<\/div>\n<div class=\"message spoilers-container\" dir=\"auto\">\n<div class=\"column\">\n<div>\n<div dir=\"ltr\">\n<div class=\"gmail_quote\">\n<div dir=\"ltr\">\n<div>\n<blockquote class=\"wp-embedded-content\" data-secret=\"ShxX8A9Rhg\"><p><a href=\"https:\/\/www.radiopiu.net\/wordpress\/viabilita\/\">viabilita<\/a><\/p><\/blockquote>\n<p><iframe loading=\"lazy\" class=\"wp-embedded-content\" sandbox=\"allow-scripts\" security=\"restricted\" style=\"position: absolute; clip: rect(1px, 1px, 1px, 1px);\" title=\"&#8220;viabilita&#8221; &#8212; Radio Pi\u00f9\" src=\"https:\/\/www.radiopiu.net\/wordpress\/viabilita\/embed\/#?secret=TVmKjfaUbo#?secret=ShxX8A9Rhg\" data-secret=\"ShxX8A9Rhg\" width=\"600\" height=\"338\" frameborder=\"0\" marginwidth=\"0\" marginheight=\"0\" scrolling=\"no\"><\/iframe><\/p>\n<\/div>\n<div><\/div>\n<div><\/div>\n<div>\n<hr \/>\n<\/div>\n<div><a class=\"dt-pswp-item\" href=\"https:\/\/www.radiopiu.net\/wordpress\/wp-content\/uploads\/2023\/06\/07493af4-f8e1-4ce3-bb99-e0a40362939f.jpg\" data-dt-img-description=\"\" data-large_image_width=\"1417\" data-large_image_height=\"1481\"><img loading=\"lazy\" decoding=\"async\" class=\"wp-image-339869 aligncenter\" src=\"https:\/\/www.radiopiu.net\/wordpress\/wp-content\/uploads\/2023\/06\/07493af4-f8e1-4ce3-bb99-e0a40362939f-980x1024.jpg\" alt=\"\" width=\"382\" height=\"399\" srcset=\"https:\/\/www.radiopiu.net\/wordpress\/wp-content\/uploads\/2023\/06\/07493af4-f8e1-4ce3-bb99-e0a40362939f-980x1024.jpg 980w, https:\/\/www.radiopiu.net\/wordpress\/wp-content\/uploads\/2023\/06\/07493af4-f8e1-4ce3-bb99-e0a40362939f-287x300.jpg 287w, https:\/\/www.radiopiu.net\/wordpress\/wp-content\/uploads\/2023\/06\/07493af4-f8e1-4ce3-bb99-e0a40362939f-768x803.jpg 768w, https:\/\/www.radiopiu.net\/wordpress\/wp-content\/uploads\/2023\/06\/07493af4-f8e1-4ce3-bb99-e0a40362939f.jpg 1417w\" sizes=\"auto, (max-width: 382px) 100vw, 382px\" \/><\/a><\/div>\n<div><\/div>\n<\/div>\n<\/div>\n<\/div>\n<\/div>\n<hr \/>\n<p>&nbsp;<\/p>\n<p><a class=\"dt-pswp-item\" href=\"https:\/\/www.radiopiu.net\/wordpress\/wp-content\/uploads\/2018\/09\/WhatsApp-Image-2018-09-20-at-16.04.06.jpeg\" data-dt-img-description=\"\" data-large_image_width=\"800\" data-large_image_height=\"100\"><img loading=\"lazy\" decoding=\"async\" class=\"wp-image-61378 size-full aligncenter\" src=\"https:\/\/www.radiopiu.net\/wordpress\/wp-content\/uploads\/2018\/09\/WhatsApp-Image-2018-09-20-at-16.04.06.jpeg\" alt=\"\" width=\"800\" height=\"100\" srcset=\"https:\/\/www.radiopiu.net\/wordpress\/wp-content\/uploads\/2018\/09\/WhatsApp-Image-2018-09-20-at-16.04.06.jpeg 800w, https:\/\/www.radiopiu.net\/wordpress\/wp-content\/uploads\/2018\/09\/WhatsApp-Image-2018-09-20-at-16.04.06-300x38.jpeg 300w, https:\/\/www.radiopiu.net\/wordpress\/wp-content\/uploads\/2018\/09\/WhatsApp-Image-2018-09-20-at-16.04.06-768x96.jpeg 768w\" sizes=\"auto, (max-width: 800px) 100vw, 800px\" \/><\/a><\/p>\n<\/div>\n<\/div>\n<div class=\"message spoilers-container\" dir=\"auto\">\n<p>&nbsp;<\/p>\n<\/div>\n<p><center><\/center><center><\/center><center><b>OGGI<\/b><\/center><b>Tempo atteso: <\/b>Tempo ancora variabile a tratti instabile. Al mattino parzialmente soleggiato per i primi cumuli in prossimit\u00e0 delle cime e per temporanee nubi basse in alcune valli nelle ore fredde; in seguito, ulteriore e graduale riduzione del soleggiamento per convezione diurna associata a fenomeni convettivi perlopi\u00f9 sparsi.<br \/>\n<b>Precipitazioni: <\/b>Al mattino generalmente assenti, anche se non sar\u00e0 del tutto esclusa (10-20%) qualche sporadica e breve precipitazione intorno alle ore centrali. Nel pomeriggio probabilit\u00e0 in aumento fino a medio-alta (50-75%) specie su Prealpi, per fenomeni sparsi, anche a carattere di rovescio o temporale<br \/>\n<b>Temperature: <\/b>Minime in lieve calo, massime in contenuto aumento, con escursione termica giornaliera pi\u00f9 importante rispetto ai giorni precedenti.<\/p>\n<hr \/>\n<p><center><b>DOMANI<\/b><\/center><b>Tempo atteso: <\/b>Tempo variabile ma meno instabile rispetto ai giorni precedenti e pi\u00f9 soleggiato specie al mattino, salvo temporanee nubi basse in formazione nelle ore fredde in alcune valli. Nelle ore calde tempo parzialmente soleggiato con annuvolamenti irregolari, eventualmente associati a brevi fenomeni perlopi\u00f9 locali o sparsi specie sulle zone prealpine; schiarite nella sera\/notte.<br \/>\n<b>Precipitazioni: <\/b>Al mattino assenti (0%); nella seconda parte della giornata possibili precipitazioni sparse (25-50%) anche a carattere di rovescio o di temporale specie sulle zone prealpine, perlopi\u00f9 locali e modeste sulle Dolomiti, specie nella parte pi\u00f9 settentrionale.<br \/>\n<b>Temperature: <\/b>Senza variazioni di rilievo, salvo qualche lieve aumento delle massime, su valori di qualche grado superiori alla norma.<\/p>\n<hr \/>\n<p><center><b>SABATO<\/b><\/center>Mattinata con tempo stabile e cielo generalmente poco nuvoloso per presenza di qualche nube bassa in alcune valle nelle ore fredde e modesti addensamenti in prossimit\u00e0 delle cime. Pomeriggio all&#8217;insegna della variabilit\u00e0 con addensamenti nuvolosi irregolari associati ad eventuali e sporadiche precipitazioni, specie sulle Prealpi. Temperature minime senza notevoli variazioni, massime in contenuto aumento con clima diurno di stampo quasi estivo.<\/p>\n<hr \/>\n<p><center><b>DOMENICA<\/b><\/center>Cielo sereno o poco nuvoloso con tempo in prevalenza stabile. Possibili annuvolamenti pomeridiani specie in prossimit\u00e0 delle cime e non \u00e8 escluso qualche sporadico piovasco lungo i pendii. Temperature in aumento specie le massime con clima di stampo estivo.<\/p>\n<p>&nbsp;<\/p>\n<div class=\"message spoilers-container\" dir=\"auto\">\n<hr \/>\n<p>&nbsp;<\/p>\n<p><a class=\"dt-pswp-item\" href=\"https:\/\/www.radiopiu.net\/wordpress\/wp-content\/uploads\/2018\/09\/sport.jpg\" data-dt-img-description=\"\" data-large_image_width=\"800\" data-large_image_height=\"100\"><img loading=\"lazy\" decoding=\"async\" class=\"aligncenter wp-image-60761 size-full\" src=\"https:\/\/www.radiopiu.net\/wordpress\/wp-content\/uploads\/2018\/09\/sport.jpg\" alt=\"\" width=\"800\" height=\"100\" srcset=\"https:\/\/www.radiopiu.net\/wordpress\/wp-content\/uploads\/2018\/09\/sport.jpg 800w, https:\/\/www.radiopiu.net\/wordpress\/wp-content\/uploads\/2018\/09\/sport-300x38.jpg 300w, https:\/\/www.radiopiu.net\/wordpress\/wp-content\/uploads\/2018\/09\/sport-768x96.jpg 768w\" sizes=\"auto, (max-width: 800px) 100vw, 800px\" \/><\/a><\/p>\n<\/div>\n<div class=\"message spoilers-container\" dir=\"auto\">\n<h3><\/h3>\n<p><span style=\"color: #0000ff;\"><strong>CALCIO\u00a0<\/strong><\/span><\/p>\n<blockquote>\n<h3>AGORDINA CALCIO, LE NUOVE CARICHE SOCIALI<\/h3>\n<\/blockquote>\n<blockquote><p><em>Il grazie a Cosmo Forcella per il suo impegno venticinquennale. Il nuovo direttivo eletto si impegna a portare avanti la tradizione di successo della Societ\u00e0.<\/em><\/p><\/blockquote>\n<p><a class=\"dt-pswp-item\" href=\"https:\/\/www.radiopiu.net\/wordpress\/wp-content\/uploads\/2019\/09\/AGORDINA-CALCIO.jpeg\" data-dt-img-description=\"\" data-large_image_width=\"225\" data-large_image_height=\"225\"><img loading=\"lazy\" decoding=\"async\" class=\"size-full wp-image-97575 alignleft\" src=\"https:\/\/www.radiopiu.net\/wordpress\/wp-content\/uploads\/2019\/09\/AGORDINA-CALCIO.jpeg\" alt=\"\" width=\"225\" height=\"225\" srcset=\"https:\/\/www.radiopiu.net\/wordpress\/wp-content\/uploads\/2019\/09\/AGORDINA-CALCIO.jpeg 225w, https:\/\/www.radiopiu.net\/wordpress\/wp-content\/uploads\/2019\/09\/AGORDINA-CALCIO-150x150.jpeg 150w\" sizes=\"auto, (max-width: 225px) 100vw, 225px\" \/><\/a><strong>AGORDO<\/strong> Ieri sera si \u00e8 svolta ad Agordo l&#8217;assemblea straordinaria dell&#8217;USD Agordina, durante la quale sono state rinnovate le cariche sociali. Al termine della riunione, \u00e8 stato eletto il nuovo direttivo che guider\u00e0 la Societ\u00e0 nei prossimi anni. Il presidente uscente, Cosmo Forcella, ha lasciato un segno indelebile nella storia dell&#8217;USD Agordina grazie alla sua dedizione e al suo amore per la Societ\u00e0. Durante i suoi 25 anni di presidenza, ha dedicato tempo ed energia a ogni aspetto della Societ\u00e0, contribuendo al suo sviluppo e successo. Il nuovo direttivo, composto da figure di grande esperienza nel panorama sportivo e associativo, \u00e8 pronto ad assumere la guida dell&#8217;USD Agordina. A capo della squadra dirigenziale \u00e8 stato eletto\u00a0 Paolo Del Din, che ricoprir\u00e0 il ruolo di presidente. Accanto a lui, il vicepresidente\u00a0 Carlo Bedont, il segretario Massimo Miana e il tesoriere\u00a0 Marino Maschio, formeranno una solida squadra di gestione. I membri del direttivo Romeo Casera\u00a0 e Marco Da Ruos completeranno la compagine dirigenziale, apportando competenze e idee preziose per il futuro della Societ\u00e0.<\/p>\n<div class=\"flex-1 overflow-hidden\">\n<div class=\"react-scroll-to-bottom--css-wwqxa-79elbk h-full dark:bg-gray-800\">\n<div class=\"react-scroll-to-bottom--css-wwqxa-1n7m0yu\">\n<div class=\"flex flex-col text-sm dark:bg-gray-800\">\n<div class=\"group w-full text-gray-800 dark:text-gray-100 border-b border-black\/10 dark:border-gray-900\/50 bg-gray-50 dark:bg-[#444654]\">\n<div class=\"flex p-4 gap-4 text-base md:gap-6 md:max-w-2xl lg:max-w-[38rem] xl:max-w-3xl md:py-6 lg:px-0 m-auto\">\n<div class=\"relative flex w-[calc(100%-50px)] flex-col gap-1 md:gap-3 lg:w-[calc(100%-115px)]\">\n<div class=\"flex flex-grow flex-col gap-3\">\n<div class=\"min-h-[20px] flex flex-col items-start gap-4 whitespace-pre-wrap break-words\">\n<div class=\"markdown prose w-full break-words dark:prose-invert light\">\n<p><a class=\"dt-pswp-item\" href=\"https:\/\/www.radiopiu.net\/wordpress\/wp-content\/uploads\/2018\/03\/COSMO-FORCELLA.jpg\" data-dt-img-description=\"\" data-large_image_width=\"256\" data-large_image_height=\"197\"><img loading=\"lazy\" decoding=\"async\" class=\"size-full wp-image-44471 alignleft\" src=\"https:\/\/www.radiopiu.net\/wordpress\/wp-content\/uploads\/2018\/03\/COSMO-FORCELLA.jpg\" alt=\"\" width=\"256\" height=\"197\" \/><\/a>L&#8217;USD Agordina vuole esprimere un sentito ringraziamento a Cosmo Forcella per la sua lunga e dedicata presidenza. Il suo impegno ha contribuito a forgiare l&#8217;identit\u00e0 e il successo della Societ\u00e0, lasciando un&#8217;eredit\u00e0 importante per le generazioni future. Il nuovo direttivo si impegna a continuare sulla strada tracciata da Forcella, promettendo di preservare i valori fondamentali della Societ\u00e0 e di lavorare instancabilmente per il suo progresso. L&#8217;USD Agordina guarda al futuro con ottimismo, sicura di poter raggiungere nuovi traguardi grazie alla passione e all&#8217;impegno di tutti i suoi membri. L&#8217;assemblea straordinaria segna un momento di transizione significativo per l&#8217;USD Agordina, che si apre a una nuova fase della sua storia. La Societ\u00e0 ringrazia Cosmo Forcella per la sua dedizione senza pari e guarda con fiducia verso il futuro, pronto a scrivere nuove pagine di successo e a portare avanti la sua gloriosa tradizione sportiva.<\/p>\n<\/div>\n<\/div>\n<\/div>\n<div class=\"flex justify-between lg:block\">\n<div class=\"text-xs flex items-center justify-center gap-1 self-center pt-2 !invisible\"><\/div>\n<div><\/div>\n<\/div>\n<\/div>\n<\/div>\n<\/div>\n<\/div>\n<\/div>\n<\/div>\n<\/div>\n<p><span style=\"color: #0000ff;\"><strong>HOCKEY SU GHIACCIO<\/strong><\/span><\/p>\n<blockquote>\n<h3>NHL, BRUCE CASSIDY VINCE LA SUA PRIMA STANLEY CUP<\/h3>\n<\/blockquote>\n<p><strong><a class=\"dt-pswp-item\" href=\"https:\/\/www.radiopiu.net\/wordpress\/wp-content\/uploads\/2023\/06\/69818630_1702337366570662_2522454234473955328_n.jpg\" data-dt-img-description=\"\" data-large_image_width=\"206\" data-large_image_height=\"206\"><img loading=\"lazy\" decoding=\"async\" class=\"size-full wp-image-340182 alignleft\" src=\"https:\/\/www.radiopiu.net\/wordpress\/wp-content\/uploads\/2023\/06\/69818630_1702337366570662_2522454234473955328_n.jpg\" alt=\"\" width=\"206\" height=\"206\" srcset=\"https:\/\/www.radiopiu.net\/wordpress\/wp-content\/uploads\/2023\/06\/69818630_1702337366570662_2522454234473955328_n.jpg 206w, https:\/\/www.radiopiu.net\/wordpress\/wp-content\/uploads\/2023\/06\/69818630_1702337366570662_2522454234473955328_n-150x150.jpg 150w\" sizes=\"auto, (max-width: 206px) 100vw, 206px\" \/><\/a>REDAZIONE<\/strong> Mi emoziona al solo pensiero di vederlo sul ghiaccio anche senza pattini, lui Bruce Cassidy, amore a prima vista ai tempi dell&#8217;Alleghe di AlpenLiga 92 \u00e8 non solo. Ci e&#8217; andato vicino negli anni scorsi, ha preso le distanze e questa notte \u00e8 partita la festa.<\/p>\n<h2 class=\"article-sub-heading\">Decisiva la vittoria in gara 5: 9-3 il finale a favore dei Golden Knights<\/h2>\n<p>Las Vegas ha vinto la sua prima Stanley Cup. Avanti 3-1 nella serie con i Panthers, i Golden Knights si sono imposti in gara 5, davanti al pubblico amico, con un secco 9-3, chiudendo la serie finale sul 4-1. Dopo solo sei anni dal suo ingresso in NHL, Las Vegas festeggia il primo titolo NHL. Sfiorato il titolo nel 2018, all&#8217;esordio in NHL, Las Vegas non fallisce alla seconda occasione.<\/p>\n<div style=\"width: 848px;\" class=\"wp-video\"><video class=\"wp-video-shortcode\" id=\"video-340129-1\" width=\"848\" height=\"384\" preload=\"metadata\" controls=\"controls\"><source type=\"video\/mp4\" src=\"https:\/\/www.radiopiu.net\/wordpress\/wp-content\/uploads\/2023\/06\/WhatsApp-Video-2023-06-14-at-10.10.57.mp4?_=1\" \/><a href=\"https:\/\/www.radiopiu.net\/wordpress\/wp-content\/uploads\/2023\/06\/WhatsApp-Video-2023-06-14-at-10.10.57.mp4\">https:\/\/www.radiopiu.net\/wordpress\/wp-content\/uploads\/2023\/06\/WhatsApp-Video-2023-06-14-at-10.10.57.mp4<\/a><\/video><\/div>\n<p>&nbsp;<\/p>\n<p>&nbsp;<\/p>\n<p><span style=\"color: #0000ff;\"><strong>PALLAVOLO<\/strong><\/span><\/p>\n<blockquote>\n<h3>CANDEAGO SALUTA LA PALLAVOLO BELLUNO MASCHILE<\/h3>\n<\/blockquote>\n<p><strong><a class=\"dt-pswp-item\" href=\"https:\/\/www.radiopiu.net\/wordpress\/wp-content\/uploads\/2023\/06\/Candeago_pronto_a_vivere_una_nuova_esperienza.jpg\" data-dt-img-description=\"\" data-large_image_width=\"439\" data-large_image_height=\"658\"><img loading=\"lazy\" decoding=\"async\" class=\" wp-image-340185 alignleft\" src=\"https:\/\/www.radiopiu.net\/wordpress\/wp-content\/uploads\/2023\/06\/Candeago_pronto_a_vivere_una_nuova_esperienza-200x300.jpg\" alt=\"\" width=\"94\" height=\"141\" srcset=\"https:\/\/www.radiopiu.net\/wordpress\/wp-content\/uploads\/2023\/06\/Candeago_pronto_a_vivere_una_nuova_esperienza-200x300.jpg 200w, https:\/\/www.radiopiu.net\/wordpress\/wp-content\/uploads\/2023\/06\/Candeago_pronto_a_vivere_una_nuova_esperienza.jpg 439w\" sizes=\"auto, (max-width: 94px) 100vw, 94px\" \/><\/a>BELLUNO <\/strong>Per la Pallavolo Belluno Maschile, Giovanni Candeago non \u00e8 un giocatore qualunque: \u00e8 parte della storia recente del club.<span class=\"gmail-Apple-converted-space\"> \u00a0<\/span>Perch\u00e9 a Belluno ha conquistato una promozione (e mezza) e scritto pagine indimenticabili nel grande romanzo delle schiacciate dolomitiche. Ma, come in ogni romanzo, c\u2019\u00e8 un inizio e una conclusione. E il momento di vergare il finale di una storia comunque indimenticabile \u00e8 arrivato: dopo cinque annate di intense emozioni, Candeago saluta la DRL. Ed \u00e8 pronto a vivere una nuova esperienza, destinata a coniugare l\u2019attivit\u00e0 lavorativa con quella sportiva. La societ\u00e0 guidata dal presidente Sandro Da Rold ringrazia profondamente Giovanni per il contributo offerto e per essere stato un esempio di tenacia, anche di fronte a una serie di infortuni che hanno condizionato, ma non intaccato il percorso dello schiacciatore sotto le volte della Spes Arena.<span class=\"gmail-Apple-converted-space\">\u00a0<\/span><\/p>\n<p>&nbsp;<\/p>\n<p>&nbsp;<\/p>\n<\/div>\n<\/div>\n<\/div>\n<\/div>\n","protected":false},"excerpt":{"rendered":"<p>\u00a0 40esimo di RADIOPIU\u2026. LA VOCE DELL\u2019EMOZIONE &nbsp; &nbsp; &nbsp; ISCRIVITI AL NOSTRO CANALE\u00a0 YOUTUBE PER SEGUIRE IN DIRETTA I PRINCIPALI PROGRAMMI DI RADIO PIU&#8217; E LE FUTURE DIRETTE IN ESTERNA. PER ISCRIVERTI CLICCA QUI E PREMI\u00a0 &#8220;Iscriviti&#8221;\u00a0 \u00a0 &nbsp; &nbsp; &nbsp; CHIUDE LA PRINCIPALE PER IL DURAN, DEVIAZIONI IN LOCO SP347 DEL DURAN E&hellip;<\/p>\n","protected":false},"author":4,"featured_media":340227,"comment_status":"closed","ping_status":"closed","sticky":false,"template":"","format":"standard","meta":{"_monsterinsights_skip_tracking":false,"_monsterinsights_sitenote_active":false,"_monsterinsights_sitenote_note":"","_monsterinsights_sitenote_category":0,"footnotes":""},"categories":[51,86,49],"tags":[],"class_list":["post-340129","post","type-post","status-publish","format-standard","has-post-thumbnail","hentry","category-evidenza-top","category-gr","category-news-18","category-51","category-86","category-49","description-off"],"img_url":"https:\/\/www.radiopiu.net\/wordpress\/wp-content\/uploads\/2023\/06\/cd576ea2-3130-40e3-8969-2269da1848cf.jpg","_links":{"self":[{"href":"https:\/\/www.radiopiu.net\/wordpress\/wp-json\/wp\/v2\/posts\/340129","targetHints":{"allow":["GET"]}}],"collection":[{"href":"https:\/\/www.radiopiu.net\/wordpress\/wp-json\/wp\/v2\/posts"}],"about":[{"href":"https:\/\/www.radiopiu.net\/wordpress\/wp-json\/wp\/v2\/types\/post"}],"author":[{"embeddable":true,"href":"https:\/\/www.radiopiu.net\/wordpress\/wp-json\/wp\/v2\/users\/4"}],"replies":[{"embeddable":true,"href":"https:\/\/www.radiopiu.net\/wordpress\/wp-json\/wp\/v2\/comments?post=340129"}],"version-history":[{"count":0,"href":"https:\/\/www.radiopiu.net\/wordpress\/wp-json\/wp\/v2\/posts\/340129\/revisions"}],"wp:featuredmedia":[{"embeddable":true,"href":"https:\/\/www.radiopiu.net\/wordpress\/wp-json\/wp\/v2\/media\/340227"}],"wp:attachment":[{"href":"https:\/\/www.radiopiu.net\/wordpress\/wp-json\/wp\/v2\/media?parent=340129"}],"wp:term":[{"taxonomy":"category","embeddable":true,"href":"https:\/\/www.radiopiu.net\/wordpress\/wp-json\/wp\/v2\/categories?post=340129"},{"taxonomy":"post_tag","embeddable":true,"href":"https:\/\/www.radiopiu.net\/wordpress\/wp-json\/wp\/v2\/tags?post=340129"}],"curies":[{"name":"wp","href":"https:\/\/api.w.org\/{rel}","templated":true}]}}