{"id":340155,"date":"2023-06-15T05:24:13","date_gmt":"2023-06-15T03:24:13","guid":{"rendered":"https:\/\/www.radiopiu.net\/wordpress\/?p=340155"},"modified":"2023-06-15T05:37:06","modified_gmt":"2023-06-15T03:37:06","slug":"rilse","status":"publish","type":"post","link":"https:\/\/www.radiopiu.net\/wordpress\/rilse\/","title":{"rendered":"DILLO A RADIO PIU&#8217;&#8230; LE PRECISAZIONI DAL CAMPO DI MAIS DOVE E&#8217; ATTERRATO L&#8217;ELICOTTERO"},"content":{"rendered":"<div class=\"x1tlxs6b x1g8br2z x1gn5b1j x230xth x14ctfv x1okitfd x6ikm8r x10wlt62 x1mzt3pk x1y1aw1k xn6708d xwib8y2 x1ye3gou x1n2onr6 x13faqbe x1vjfegm\" role=\"none\">\n<div class=\"x9f619 x1n2onr6 x1ja2u2z __fb-light-mode\" role=\"none\">\n<div dir=\"auto\" role=\"none\">\n<blockquote>\n<h3><\/h3>\n<\/blockquote>\n<p><strong><span class=\"x4k7w5x x1h91t0o x1h9r5lt x1jfb8zj xv2umb2 x1beo9mf xaigb6o x12ejxvf x3igimt xarpa2k xedcshv x1lytzrv x1t2pt76 x7ja8zs x1qrby5j\"><a class=\"dt-pswp-item\" href=\"https:\/\/www.radiopiu.net\/wordpress\/wp-content\/uploads\/2023\/06\/Senza-nome-30-300x164-1.png\" data-dt-img-description=\"\" data-large_image_width=\"300\" data-large_image_height=\"164\"><img loading=\"lazy\" decoding=\"async\" class=\"size-full wp-image-340264 alignleft\" src=\"https:\/\/www.radiopiu.net\/wordpress\/wp-content\/uploads\/2023\/06\/Senza-nome-30-300x164-1.png\" alt=\"\" width=\"300\" height=\"164\" \/><\/a><\/span>REDAZIONE<\/strong> Dopo la prima lettera di ieri e i numerosi commenti social che ne sono seguiti, ecco una ripresa dell&#8217;argomento con il proprietario del campo di mais di Landris che precisa:<\/p>\n<p><span class=\"x4k7w5x x1h91t0o x1h9r5lt x1jfb8zj xv2umb2 x1beo9mf xaigb6o x12ejxvf x3igimt xarpa2k xedcshv x1lytzrv x1t2pt76 x7ja8zs x1qrby5j\">Mi sento in dovere di ritornare sulla lettera inviata ieri. Purtroppo, malgrado abbia letto e riletto il testo, ho dato l&#8217;impressione che il problema principale fosse l&#8217;eventuale danno alla coltivazione del mais ( presa come testimone involontaria del luogo di atterraggio). Le mie osservazioni erano relative a due fatti principali: mi sembra che il mezzo si debba avvicinare il pi\u00f9 possibile al luogo dell&#8217;incidente e che sia poi accessibile con facilit\u00e0 da altri mezzi di soccorso. Per arrivare sul luogo dell&#8217;incidente bisogna passare obbligatoriamente per il piazzale superiore a meno di non arrampicarsi lungo la scarpata che costeggia la strada (cosa difficoltosa penso con l&#8217;attrezzatura) e anche per raggiungere l&#8217;elicottero con l&#8217;ambulanza bisogna necessariamente passare per il piazzale. Questo voleva essere il motivo della mia &#8220;protesta&#8221;. Mi scuso per essermi espresso in malo modo e per aver dato l&#8217;impressione di tenere pi\u00f9 al mio mais che alla vita delle persone, non era assolutamente mia intenzione. Mi sembrava pi\u00f9 logico e veloce un approccio diverso alla situazione. E se fosse scoppiato un incendio non chi se la sarebbe cavata visto che i vigili del fuoco sono arrivati chi da Agordo e chi da Feltre?<\/span><\/p>\n<p>&nbsp;<\/p>\n<p><strong>IERI ALLA RADIO\u00a0<\/strong><\/p>\n<div class=\"page-title-head hgroup\">\n<blockquote>\n<h3 class=\"entry-title\">DILLO A RADIO PIU\u2019\u2026 ELICOTTERO NEL CAMPO DI MAIS<\/h3>\n<\/blockquote>\n<\/div>\n<p><strong>SEDICO<\/strong> Sono il proprietario del capannone vicino al quale l\u2019altro ieri \u00e8 atterrato l\u2019elicottero del SUEM a Landris. Volevo far semplicemente notare\u00a0 l\u2019effetto sul mais, gi\u00e0 di per se in difficolt\u00e0 per le abbondanti precipitazioni, adiacente alla zona di atterraggio,\u00a0 tenendo presente che sopra vi \u00e8 uno spiazzo libero di oltre 1.000 mq completamente libero. Evidentemente si \u00e8 preferito atterrare sulla stradina di accesso a pochi metri dell\u2019edificio con sulla destra una collinetta e alla sinistra il mais. Io non sono un pilota di elicottero ma in ogni caso la scelta mi \u00e8 sembrata alquanto singolare. Faccio presente che anche il piazzale antistante il fabbricato che da accesso alla regionale 203 agordina \u00e8 di mia propriet\u00e0, quindi non \u00e8 mia intenzione disquisire sulla necessit\u00e0 di atterraggio in loco o su propriet\u00e0 altrui ma sulla scelta del luogo.<\/p>\n<p>&nbsp;<\/p>\n<\/div>\n<div dir=\"auto\" role=\"none\"><\/div>\n<div dir=\"auto\" role=\"none\"><\/div>\n<div dir=\"auto\" role=\"none\"><\/div>\n<div class=\"x6prxxf x1fc57z9 x1yc453h x126k92a xzsf02u\" dir=\"auto\" role=\"none\"><\/div>\n<div dir=\"auto\" role=\"none\">\n<p>___<\/p>\n<\/div>\n<\/div>\n<\/div>\n","protected":false},"excerpt":{"rendered":"<p>REDAZIONE Dopo la prima lettera di ieri e i numerosi commenti social che ne sono seguiti, ecco una ripresa dell&#8217;argomento con il proprietario del campo di mais di Landris che precisa: Mi sento in dovere di ritornare sulla lettera inviata ieri. Purtroppo, malgrado abbia letto e riletto il testo, ho dato l&#8217;impressione che il problema&hellip;<\/p>\n","protected":false},"author":4,"featured_media":340156,"comment_status":"closed","ping_status":"closed","sticky":false,"template":"","format":"standard","meta":{"_monsterinsights_skip_tracking":false,"_monsterinsights_sitenote_active":false,"_monsterinsights_sitenote_note":"","_monsterinsights_sitenote_category":0,"footnotes":""},"categories":[51,49],"tags":[],"class_list":["post-340155","post","type-post","status-publish","format-standard","has-post-thumbnail","hentry","category-evidenza-top","category-news-18","category-51","category-49","description-off"],"img_url":"https:\/\/www.radiopiu.net\/wordpress\/wp-content\/uploads\/2023\/06\/Senza-nome-30.png","_links":{"self":[{"href":"https:\/\/www.radiopiu.net\/wordpress\/wp-json\/wp\/v2\/posts\/340155","targetHints":{"allow":["GET"]}}],"collection":[{"href":"https:\/\/www.radiopiu.net\/wordpress\/wp-json\/wp\/v2\/posts"}],"about":[{"href":"https:\/\/www.radiopiu.net\/wordpress\/wp-json\/wp\/v2\/types\/post"}],"author":[{"embeddable":true,"href":"https:\/\/www.radiopiu.net\/wordpress\/wp-json\/wp\/v2\/users\/4"}],"replies":[{"embeddable":true,"href":"https:\/\/www.radiopiu.net\/wordpress\/wp-json\/wp\/v2\/comments?post=340155"}],"version-history":[{"count":0,"href":"https:\/\/www.radiopiu.net\/wordpress\/wp-json\/wp\/v2\/posts\/340155\/revisions"}],"wp:featuredmedia":[{"embeddable":true,"href":"https:\/\/www.radiopiu.net\/wordpress\/wp-json\/wp\/v2\/media\/340156"}],"wp:attachment":[{"href":"https:\/\/www.radiopiu.net\/wordpress\/wp-json\/wp\/v2\/media?parent=340155"}],"wp:term":[{"taxonomy":"category","embeddable":true,"href":"https:\/\/www.radiopiu.net\/wordpress\/wp-json\/wp\/v2\/categories?post=340155"},{"taxonomy":"post_tag","embeddable":true,"href":"https:\/\/www.radiopiu.net\/wordpress\/wp-json\/wp\/v2\/tags?post=340155"}],"curies":[{"name":"wp","href":"https:\/\/api.w.org\/{rel}","templated":true}]}}