{"id":340163,"date":"2023-06-14T07:55:03","date_gmt":"2023-06-14T05:55:03","guid":{"rendered":"https:\/\/www.radiopiu.net\/wordpress\/?p=340163"},"modified":"2023-06-14T09:37:30","modified_gmt":"2023-06-14T07:37:30","slug":"la-rassegna-stampa-il-quotidiano-appuntamento-alle-8-del-mattino-dal-1983","status":"publish","type":"post","link":"https:\/\/www.radiopiu.net\/wordpress\/la-rassegna-stampa-il-quotidiano-appuntamento-alle-8-del-mattino-dal-1983\/","title":{"rendered":"la rassegna stampa il quotidiano appuntamento alle 8 del mattino. dal 1983"},"content":{"rendered":"<p>&nbsp;<\/p>\n<p>&nbsp;<\/p>\n<p>&nbsp;<\/p>\n<p><strong>SP347 DEL DURAN E CEREDA<\/strong>: localit\u00e0 Lantrago La Valle. Fino\u00a0al 13 luglio chiusura totale al traffico della strada per il Passo Duran percorso alternativo consigliato: CROSTOLIN-GAIDON\u00a0 strada comunale interdetta al transito dei veicoli con larghezza superiore ai 2 metri e 40 centimetri.<br \/>\n<strong>SAVINER-DIGONERA, SP 563<\/strong> di Salesei interdizione totale alla circolazione in localit\u00e0 Digonera dalle 7:30 alle 18, negli altri orari istituzione di un senso unico alternato regolato da semaforo.<br \/>\n<strong>SAN TOMASO<\/strong> Gestione Servizi Pubblici informa che, per lavori alla rete idrica comunale, domani dalle 10 a fine lavori verr\u00e0 sospesa l\u2019erogazione dell\u2019acqua\u00a0 in localit\u00e0 Canacede.<\/p>\n<p><strong>FELTRE<\/strong> cordoglio per la morte dell&#8217;architetto Ferruccio Franzoia. \u201cDell&#8217;architetto &#8211; ricorda il sindaco &#8211; Franzoia non possiamo non ricordare la grande passione personale e professionale, con lui la citt\u00e0 perde uno dei suoi concittadini pi\u00f9 illustri e rappresentativi&#8221; dice il sindaco Viviana Fusaro.<br \/>\n<strong>COMELICO<\/strong> E&#8217;morto l&#8217;amato professore di ginnastica Alessandro De Rigo, classe 1952. Ieri si era recato dal medico per una visita, l&#8217;arresto cardiaco sulla soglia dell&#8217;ambulatorio. Nonostante gli istantanei soccorsi, con rianimazione cardiopolmonare Il &#8220;prof&#8221; di educazione fisica di tante generazioni non ce l&#8217;ha fatta.<br \/>\n<strong>PONTE NELLE ALPI<\/strong> Ieri alle 13:30, i vigili del fuoco sono intervenuti in localit\u00e0 Paiane a Ponte nelle Alpi per l&#8217;incendio di un&#8217;autovettura. Fortunatamente, non si sono registrate persone ferite<br \/>\n<strong>LONGARONE<\/strong> Venerd\u00ec con due ore di presidio\u00a0 in Ecorav,\u00a0 per inviare un segnale alla propriet\u00e0 e alla comunit\u00e0, affinch\u00e9 non si sottovalutino gli incidenti sul lavoro.<\/p>\n<p>&nbsp;<\/p>\n<p><strong>IN SEGUITO ALLA PUBBLICAZIONE DELL&#8217;ARTICOLO SOPRA RIPORTATO, RICEVIAMO E VOLENTIERI PUBBLICHIAMO\u00a0<\/strong><\/p>\n<p>Con riferimento all&#8217;articolo pubblicato questa mattina per l&#8217;aggressione ad Agordo avvenuta al locale del Centro commerciale della Coop. Non concordo per l&#8217;errata narrazione del fatto (titolo, persona lesa, reali motivazioni ed effettivi accadimenti). Vi chiedo se sono stati letti i verbali rilasciati alle forze dell&#8217;ordine e i referti del Pronto Soccorso, e sentite tutte e due le campane, prima di sbandierare a tutti il Vostri lettori le sentenze che dovrebbero essere emesse da un Giudice che ne ha le effettive competenze.<\/p>\n<p><strong>LONGARONE<\/strong> \u00c8 stato un tragico epilogo per il piccolo Nicol\u00f2, il cui decesso prematuro \u00e8 stato attribuito all&#8217;ingestione di hashish. Il pubblico ministero Simone Marcon ha tra le mani l&#8217;autopsia\u00a0 del medico legale Antonello Cirnelli,\u00a0 consulenza\u00a0 dello scorso 3 agosto. Elementi\u00a0 che consentiranno al magistrato di concludere le indagini sul padre del bambino, Diego Feltrin.<br \/>\n<strong>BELLUNO<\/strong> Diciotto furti consumati e altri sette tentati nelle province di Pordenone, Udine e Belluno fra il 14 novembre 2021 e il 10 aprile scorso, hanno portato luned\u00ec all&#8217;alba a tre arresti e a una quarta misure cautelare. A eseguire l&#8217;ordinanza del gip Giorgio Cozzarini, richiesta dal pm Marco Faion, i carabinieri della stazione di Maniago. A Belluno la banda aveva tentato il furto\u00a0 l&#8217;11 novembre e il 10 dicembre a Limana<br \/>\n<strong>AGORDO<\/strong> Ad un anno dalla morte del suo fondatore, Luxottica ricorda Leonardo Del Vecchio in una messa commemorativa al PalaLuxottica di Agordo. La funzione commemorativa si terr\u00e0 marted\u00ec 27 giugno alle 18:30<br \/>\n<strong>AGORDO<\/strong>\u00a0 Onore e commozione:\u00a0 l&#8217;Ospedale di Agordo sar\u00e0 ufficialmente intitolato al Beato Giovanni Paolo I,\u00a0 Papa Luciani. La cerimonia di intitolazione si terr\u00e0 sabato 24 giugno\u00a0 alle 11\u00a0 all&#8217;ingresso dell&#8217;Ospedale<br \/>\n<strong>BELLUNO<\/strong>\u00a0 Vivaio Dolomiti ha concluso l&#8217;opera di riqualificazione della rotonda del Nevegal recuperando le piante di rododendro previste nel progetto iniziale.<br \/>\n<strong>VENEZIA<\/strong> Giacomo Possamai del PD ha\u00a0 rassegnato le dimissioni. Il saluto all&#8217;Aula e poi via verso il Municipio di Vicenza per la nuova carica da sindaco<br \/>\n<strong>TREVISO_BELLUNO<\/strong> La Cisl Fp Belluno Treviso ha presentato una nuova segnalazione al Ministero della Giustizia riguardo alla carenza di personale amministrativo negli uffici giudiziari bellunesi evidenziando la grave situazione che sta compromettendo l&#8217;efficacia dell&#8217;attivit\u00e0 giudiziaria nella zona.<br \/>\n<strong>VOLTAGO<\/strong> Sabato alle 8 i volontari di Voltago sono chiamati a rapporto alla Casa Piandison per la giornata ecologica di primavera.<br \/>\n<strong>ROCCA PIETORE<\/strong> Stagione al via in Marmolada tra paesaggi mozzafiato e la grande storia: riaprono infatti sabato 17 giugno \u2013 e per tutta l&#8217;estate &#8211; gli impianti funiviari tra Malga Ciapela e Punta Rocca.<br \/>\n<strong>SOSPIROLO<\/strong>\u00a0 Cento posti macchina a pagamento in riva al lago del Mis<br \/>\nIMPRESE IL TEAM TRE GAMBE ALLA CONQUISTA DEL MONTE ROSA<\/p>\n","protected":false},"excerpt":{"rendered":"<p>&nbsp; &nbsp; &nbsp; SP347 DEL DURAN E CEREDA: localit\u00e0 Lantrago La Valle. Fino\u00a0al 13 luglio chiusura totale al traffico della strada per il Passo Duran percorso alternativo consigliato: CROSTOLIN-GAIDON\u00a0 strada comunale interdetta al transito dei veicoli con larghezza superiore ai 2 metri e 40 centimetri. SAVINER-DIGONERA, SP 563 di Salesei interdizione totale alla circolazione in&hellip;<\/p>\n","protected":false},"author":4,"featured_media":340164,"comment_status":"closed","ping_status":"closed","sticky":false,"template":"","format":"standard","meta":{"_monsterinsights_skip_tracking":false,"_monsterinsights_sitenote_active":false,"_monsterinsights_sitenote_note":"","_monsterinsights_sitenote_category":0,"footnotes":""},"categories":[104,49,142],"tags":[],"class_list":["post-340163","post","type-post","status-publish","format-standard","has-post-thumbnail","hentry","category-evidenza_3","category-news-18","category-rassegna-stampa","category-104","category-49","category-142","description-off"],"img_url":"https:\/\/www.radiopiu.net\/wordpress\/wp-content\/uploads\/2023\/06\/Senza-nome-31.png","_links":{"self":[{"href":"https:\/\/www.radiopiu.net\/wordpress\/wp-json\/wp\/v2\/posts\/340163","targetHints":{"allow":["GET"]}}],"collection":[{"href":"https:\/\/www.radiopiu.net\/wordpress\/wp-json\/wp\/v2\/posts"}],"about":[{"href":"https:\/\/www.radiopiu.net\/wordpress\/wp-json\/wp\/v2\/types\/post"}],"author":[{"embeddable":true,"href":"https:\/\/www.radiopiu.net\/wordpress\/wp-json\/wp\/v2\/users\/4"}],"replies":[{"embeddable":true,"href":"https:\/\/www.radiopiu.net\/wordpress\/wp-json\/wp\/v2\/comments?post=340163"}],"version-history":[{"count":0,"href":"https:\/\/www.radiopiu.net\/wordpress\/wp-json\/wp\/v2\/posts\/340163\/revisions"}],"wp:featuredmedia":[{"embeddable":true,"href":"https:\/\/www.radiopiu.net\/wordpress\/wp-json\/wp\/v2\/media\/340164"}],"wp:attachment":[{"href":"https:\/\/www.radiopiu.net\/wordpress\/wp-json\/wp\/v2\/media?parent=340163"}],"wp:term":[{"taxonomy":"category","embeddable":true,"href":"https:\/\/www.radiopiu.net\/wordpress\/wp-json\/wp\/v2\/categories?post=340163"},{"taxonomy":"post_tag","embeddable":true,"href":"https:\/\/www.radiopiu.net\/wordpress\/wp-json\/wp\/v2\/tags?post=340163"}],"curies":[{"name":"wp","href":"https:\/\/api.w.org\/{rel}","templated":true}]}}