{"id":340260,"date":"2023-06-15T05:25:58","date_gmt":"2023-06-15T03:25:58","guid":{"rendered":"https:\/\/www.radiopiu.net\/wordpress\/?p=340260"},"modified":"2023-06-15T05:38:58","modified_gmt":"2023-06-15T03:38:58","slug":"agordina-calcio-le-nuove-cariche-sociali","status":"publish","type":"post","link":"https:\/\/www.radiopiu.net\/wordpress\/agordina-calcio-le-nuove-cariche-sociali\/","title":{"rendered":"AGORDINA CALCIO, LE NUOVE CARICHE SOCIALI"},"content":{"rendered":"<blockquote><p><em>Il grazie a Cosmo Forcella per il suo impegno venticinquennale. Il nuovo direttivo eletto si impegna a portare avanti la tradizione di successo della Societ\u00e0.<\/em><\/p><\/blockquote>\n<p><a class=\"dt-pswp-item\" href=\"https:\/\/www.radiopiu.net\/wordpress\/wp-content\/uploads\/2019\/09\/AGORDINA-CALCIO.jpeg\" data-dt-img-description=\"\" data-large_image_width=\"225\" data-large_image_height=\"225\"><img loading=\"lazy\" decoding=\"async\" class=\"size-full wp-image-97575 alignleft\" src=\"https:\/\/www.radiopiu.net\/wordpress\/wp-content\/uploads\/2019\/09\/AGORDINA-CALCIO.jpeg\" alt=\"\" width=\"225\" height=\"225\" srcset=\"https:\/\/www.radiopiu.net\/wordpress\/wp-content\/uploads\/2019\/09\/AGORDINA-CALCIO.jpeg 225w, https:\/\/www.radiopiu.net\/wordpress\/wp-content\/uploads\/2019\/09\/AGORDINA-CALCIO-150x150.jpeg 150w\" sizes=\"auto, (max-width: 225px) 100vw, 225px\" \/><\/a><strong>AGORDO<\/strong> Ieri sera si \u00e8 svolta ad Agordo l&#8217;assemblea straordinaria dell&#8217;USD Agordina, durante la quale sono state rinnovate le cariche sociali. Al termine della riunione, \u00e8 stato eletto il nuovo direttivo che guider\u00e0 la Societ\u00e0 nei prossimi anni. Il presidente uscente, Cosmo Forcella, ha lasciato un segno indelebile nella storia dell&#8217;USD Agordina grazie alla sua dedizione e al suo amore per la Societ\u00e0. Durante i suoi 25 anni di presidenza, ha dedicato tempo ed energia a ogni aspetto della Societ\u00e0, contribuendo al suo sviluppo e successo. Il nuovo direttivo, composto da figure di grande esperienza nel panorama sportivo e associativo, \u00e8 pronto ad assumere la guida dell&#8217;USD Agordina. A capo della squadra dirigenziale \u00e8 stato eletto\u00a0 Paolo Del Din, che ricoprir\u00e0 il ruolo di presidente. Accanto a lui, il vicepresidente\u00a0 Carlo Bedont, il segretario Massimo Miana e il tesoriere\u00a0 Marino Maschio, formeranno una solida squadra di gestione. I membri del direttivo Romeo Casera\u00a0 e Marco Da Ruos completeranno la compagine dirigenziale, apportando competenze e idee preziose per il futuro della Societ\u00e0.<\/p>\n<div class=\"flex-1 overflow-hidden\">\n<div class=\"react-scroll-to-bottom--css-wwqxa-79elbk h-full dark:bg-gray-800\">\n<div class=\"react-scroll-to-bottom--css-wwqxa-1n7m0yu\">\n<div class=\"flex flex-col text-sm dark:bg-gray-800\">\n<div class=\"group w-full text-gray-800 dark:text-gray-100 border-b border-black\/10 dark:border-gray-900\/50 bg-gray-50 dark:bg-[#444654]\">\n<div class=\"flex p-4 gap-4 text-base md:gap-6 md:max-w-2xl lg:max-w-[38rem] xl:max-w-3xl md:py-6 lg:px-0 m-auto\">\n<div class=\"relative flex w-[calc(100%-50px)] flex-col gap-1 md:gap-3 lg:w-[calc(100%-115px)]\">\n<div class=\"flex flex-grow flex-col gap-3\">\n<div class=\"min-h-[20px] flex flex-col items-start gap-4 whitespace-pre-wrap break-words\">\n<div class=\"markdown prose w-full break-words dark:prose-invert light\">\n<p><a class=\"dt-pswp-item\" href=\"https:\/\/www.radiopiu.net\/wordpress\/wp-content\/uploads\/2018\/03\/COSMO-FORCELLA.jpg\" data-dt-img-description=\"\" data-large_image_width=\"256\" data-large_image_height=\"197\"><img loading=\"lazy\" decoding=\"async\" class=\"size-full wp-image-44471 alignleft\" src=\"https:\/\/www.radiopiu.net\/wordpress\/wp-content\/uploads\/2018\/03\/COSMO-FORCELLA.jpg\" alt=\"\" width=\"256\" height=\"197\" \/><\/a>L&#8217;USD Agordina vuole esprimere un sentito ringraziamento a Cosmo Forcella per la sua lunga e dedicata presidenza. Il suo impegno ha contribuito a forgiare l&#8217;identit\u00e0 e il successo della Societ\u00e0, lasciando un&#8217;eredit\u00e0 importante per le generazioni future. Il nuovo direttivo si impegna a continuare sulla strada tracciata da Forcella, promettendo di preservare i valori fondamentali della Societ\u00e0 e di lavorare instancabilmente per il suo progresso. L&#8217;USD Agordina guarda al futuro con ottimismo, sicura di poter raggiungere nuovi traguardi grazie alla passione e all&#8217;impegno di tutti i suoi membri. L&#8217;assemblea straordinaria segna un momento di transizione significativo per l&#8217;USD Agordina, che si apre a una nuova fase della sua storia. La Societ\u00e0 ringrazia Cosmo Forcella per la sua dedizione senza pari e guarda con fiducia verso il futuro, pronto a scrivere nuove pagine di successo e a portare avanti la sua gloriosa tradizione sportiva.<\/p>\n<\/div>\n<\/div>\n<\/div>\n<div class=\"flex justify-between lg:block\">\n<div class=\"text-xs flex items-center justify-center gap-1 self-center pt-2 !invisible\"><\/div>\n<\/div>\n<\/div>\n<\/div>\n<\/div>\n<\/div>\n<\/div>\n<\/div>\n<\/div>\n<div class=\"absolute bottom-0 left-0 w-full border-t md:border-t-0 dark:border-white\/20 md:border-transparent md:dark:border-transparent md:bg-vert-light-gradient bg-white dark:bg-gray-800 md:!bg-transparent dark:md:bg-vert-dark-gradient pt-2 md:-left-2\">\n<form class=\"stretch mx-2 flex flex-row gap-3 last:mb-2 md:mx-4 md:last:mb-6 lg:mx-auto lg:max-w-2xl xl:max-w-3xl\">\n<div class=\"relative flex h-full flex-1 items-stretch md:flex-col\" role=\"presentation\">\n<div class=\"\">\n<div class=\"h-full flex ml-1 md:w-full md:m-auto md:mb-2 gap-0 md:gap-2 justify-center\">\n<div class=\"flex w-full gap-2 items-center justify-center\">\n<hr \/>\n<\/div>\n<\/div>\n<\/div>\n<\/div>\n<\/form>\n<\/div>\n<p>&nbsp;<\/p>\n","protected":false},"excerpt":{"rendered":"<p>Il grazie a Cosmo Forcella per il suo impegno venticinquennale. Il nuovo direttivo eletto si impegna a portare avanti la tradizione di successo della Societ\u00e0. AGORDO Ieri sera si \u00e8 svolta ad Agordo l&#8217;assemblea straordinaria dell&#8217;USD Agordina, durante la quale sono state rinnovate le cariche sociali. Al termine della riunione, \u00e8 stato eletto il nuovo&hellip;<\/p>\n","protected":false},"author":4,"featured_media":97575,"comment_status":"closed","ping_status":"closed","sticky":false,"template":"","format":"standard","meta":{"_monsterinsights_skip_tracking":false,"_monsterinsights_sitenote_active":false,"_monsterinsights_sitenote_note":"","_monsterinsights_sitenote_category":0,"footnotes":""},"categories":[51,49],"tags":[],"class_list":["post-340260","post","type-post","status-publish","format-standard","has-post-thumbnail","hentry","category-evidenza-top","category-news-18","category-51","category-49","description-off"],"img_url":"https:\/\/www.radiopiu.net\/wordpress\/wp-content\/uploads\/2019\/09\/AGORDINA-CALCIO.jpeg","_links":{"self":[{"href":"https:\/\/www.radiopiu.net\/wordpress\/wp-json\/wp\/v2\/posts\/340260","targetHints":{"allow":["GET"]}}],"collection":[{"href":"https:\/\/www.radiopiu.net\/wordpress\/wp-json\/wp\/v2\/posts"}],"about":[{"href":"https:\/\/www.radiopiu.net\/wordpress\/wp-json\/wp\/v2\/types\/post"}],"author":[{"embeddable":true,"href":"https:\/\/www.radiopiu.net\/wordpress\/wp-json\/wp\/v2\/users\/4"}],"replies":[{"embeddable":true,"href":"https:\/\/www.radiopiu.net\/wordpress\/wp-json\/wp\/v2\/comments?post=340260"}],"version-history":[{"count":0,"href":"https:\/\/www.radiopiu.net\/wordpress\/wp-json\/wp\/v2\/posts\/340260\/revisions"}],"wp:featuredmedia":[{"embeddable":true,"href":"https:\/\/www.radiopiu.net\/wordpress\/wp-json\/wp\/v2\/media\/97575"}],"wp:attachment":[{"href":"https:\/\/www.radiopiu.net\/wordpress\/wp-json\/wp\/v2\/media?parent=340260"}],"wp:term":[{"taxonomy":"category","embeddable":true,"href":"https:\/\/www.radiopiu.net\/wordpress\/wp-json\/wp\/v2\/categories?post=340260"},{"taxonomy":"post_tag","embeddable":true,"href":"https:\/\/www.radiopiu.net\/wordpress\/wp-json\/wp\/v2\/tags?post=340260"}],"curies":[{"name":"wp","href":"https:\/\/api.w.org\/{rel}","templated":true}]}}