{"id":340291,"date":"2023-06-15T07:55:56","date_gmt":"2023-06-15T05:55:56","guid":{"rendered":"https:\/\/www.radiopiu.net\/wordpress\/?p=340291"},"modified":"2023-06-16T08:51:36","modified_gmt":"2023-06-16T06:51:36","slug":"dal-1983-ogni-giorno-alle-8-del-mattino-la-rassegna-stampa-locale-di-mirko-mezzacasa","status":"publish","type":"post","link":"https:\/\/www.radiopiu.net\/wordpress\/dal-1983-ogni-giorno-alle-8-del-mattino-la-rassegna-stampa-locale-di-mirko-mezzacasa\/","title":{"rendered":"dal 1983 ogni giorno alle 8 del mattino, la rassegna stampa locale di Mirko Mezzacasa"},"content":{"rendered":"<p>&nbsp;<\/p>\n<p>&nbsp;<\/p>\n<p><iframe loading=\"lazy\" title=\"RASSEGNA STAMPA LOCALE\" width=\"1200\" height=\"675\" src=\"https:\/\/www.youtube.com\/embed\/p26pZDwNKk0?feature=oembed\" frameborder=\"0\" allow=\"accelerometer; autoplay; clipboard-write; encrypted-media; gyroscope; picture-in-picture; web-share\" allowfullscreen><\/iframe><\/p>\n<p>&nbsp;<\/p>\n<p>&nbsp;<\/p>\n<p>&nbsp;<\/p>\n<p><strong>CORTINA<\/strong> escursionista in difficolt\u00e0, incrodata in uno stretto canale. La ragazza, partita con l\u2019intenzione di salire la Ferrata Strobel alla Punta Fiames, aveva inavvertitamente superato l\u2019attacco, iniziando a risalire e finendo bloccata in un diedro. Allertato il Soccorso alpino di Cortina che l&#8217;ha tolta dai guai.<br \/>\n<strong>BELLUNO<\/strong> A.E.G. cittadino marocchino residente in Lombardia \u00e8 stato pizzicato con 60 grammi di cocaina nello zaino. L\u2019uomo \u00e8 stata arrestato e portata in carcere a Baldenich poi scarcerato dal giudice Elisabetta Scolozzi. Il pubblico Ministero Alberto Primavera avrebbe invece preferito la custodia cautelare, di certo il marocchino ha incassato il foglio di via \u2013 divieto di dimora compreso \u2013 in provincia di Belluno. Alla Polizia l\u2019uomo ha spiegato di aver comperato la droga a Milano spendendo 1600 euro<br \/>\n<strong>AGORDO<\/strong> \u00abLe botte le ho prese io\u00bb. Mentre il caff\u00e8 Agordo ha rialzato la saracinesca dopo alcuni giorni di chiusura. Oggi sul Corriere delle Alpi la versione del condomino coinvolto nella baruffa di sabato con il titolare del Bar, l\u2019altra versione<br \/>\n<strong>CHE NE SARA\u2019 DEI 43 MILA METRI CUBI DI CEMENTO PREVISTI SULLA PIANA DI FALCADE? <\/strong>dopo la raccolta firme del 2007 \u00e8 di nuovo argomento di attualit\u00e0.<br \/>\n<strong>BELLUNO<\/strong> Concordate le linee guida per uniformare i dehors della piazza. Le prescrizioni della Soprintendenza saranno inserite in un documento a disposizione degli esercenti del centro storico perch\u00e9 vi facciano riferimento per ogni futura installazione. L\u2019obiettivo \u00e8 quello di arrivare, negli anni, ad una maggiore armonia nell\u2019utilizzo dei plateatici.<br \/>\n<strong>BELLUNO<\/strong> Sabato alle 17:00 in Sala Bianchi, viale Fantuzzi a Belluno, si terr\u00e0 la presentazione del libro \u201cMemorie del fiume Niger \u2013 Il sogno di Timbuct\u00f9<br \/>\n<strong>AGORDO<\/strong> Sar\u00e0 inaugurata sabato 24 giugno alle 17:30 l&#8217;esposizione di volti lignei della tradizione agordina dal titolo &#8220;Ad Agordo \u00e8 cos\u00ec&#8221;. La mostra alla sala Don Tamis di Agordo sar\u00e0 visitabile fino al 2 luglio. Saranno presenti anche alcuni Olt Da Riva dell&#8217;artista Tita Bressan. Gioved\u00ec 29 giugno anche la dimostrazione di ideazione e sviluppo di una maschera in legno<br \/>\n<strong>AGORDO<\/strong> Domenica 25 giugno \u00e8 in programma una visita guidata lungo la Via della Dolomia in Valle di San Lucano con il geologo Danilo Giordano docente all\u2019Istituto Minerario \u201cU. Follador\u201d di Agordo. Ritrovo ore 8.30 parcheggio di Tamonich (Agordo). Iscrizioni presso Ufficio turistico di Agordo,da Luned\u00ec 19 giugno a Gioved\u00ec 22 giugno<br \/>\n<strong>AGORDINA CALCIO,<\/strong> LE NUOVE CARICHE SOCIALI Il grazie a Cosmo Forcella per il suo impegno venticinquennale. Il nuovo direttivo eletto si impegna a portare avanti la tradizione di successo della Societ\u00e0.<br \/>\n<strong>HOCKEY SU GHIACCIO NHL<\/strong>, BRUCE CASSIDY VINCE LA SUA PRIMA STANLEY CUP Alleghe festeggia, lacrime di emozione a notte fonda mentre Bruce alza il trofeo.<br \/>\n<strong>PALLAVOLO<\/strong> CANDEAGO SALUTA LA PALLAVOLO BELLUNO MASCHILE<\/p>\n","protected":false},"excerpt":{"rendered":"<p>&nbsp; &nbsp; &nbsp; &nbsp; &nbsp; CORTINA escursionista in difficolt\u00e0, incrodata in uno stretto canale. La ragazza, partita con l\u2019intenzione di salire la Ferrata Strobel alla Punta Fiames, aveva inavvertitamente superato l\u2019attacco, iniziando a risalire e finendo bloccata in un diedro. Allertato il Soccorso alpino di Cortina che l&#8217;ha tolta dai guai. BELLUNO A.E.G. cittadino marocchino&hellip;<\/p>\n","protected":false},"author":4,"featured_media":340289,"comment_status":"closed","ping_status":"closed","sticky":false,"template":"","format":"standard","meta":{"_monsterinsights_skip_tracking":false,"_monsterinsights_sitenote_active":false,"_monsterinsights_sitenote_note":"","_monsterinsights_sitenote_category":0,"footnotes":""},"categories":[104,49,142],"tags":[],"class_list":["post-340291","post","type-post","status-publish","format-standard","has-post-thumbnail","hentry","category-evidenza_3","category-news-18","category-rassegna-stampa","category-104","category-49","category-142","description-off"],"img_url":"https:\/\/www.radiopiu.net\/wordpress\/wp-content\/uploads\/2023\/06\/Senza-nome-32.png","_links":{"self":[{"href":"https:\/\/www.radiopiu.net\/wordpress\/wp-json\/wp\/v2\/posts\/340291","targetHints":{"allow":["GET"]}}],"collection":[{"href":"https:\/\/www.radiopiu.net\/wordpress\/wp-json\/wp\/v2\/posts"}],"about":[{"href":"https:\/\/www.radiopiu.net\/wordpress\/wp-json\/wp\/v2\/types\/post"}],"author":[{"embeddable":true,"href":"https:\/\/www.radiopiu.net\/wordpress\/wp-json\/wp\/v2\/users\/4"}],"replies":[{"embeddable":true,"href":"https:\/\/www.radiopiu.net\/wordpress\/wp-json\/wp\/v2\/comments?post=340291"}],"version-history":[{"count":0,"href":"https:\/\/www.radiopiu.net\/wordpress\/wp-json\/wp\/v2\/posts\/340291\/revisions"}],"wp:featuredmedia":[{"embeddable":true,"href":"https:\/\/www.radiopiu.net\/wordpress\/wp-json\/wp\/v2\/media\/340289"}],"wp:attachment":[{"href":"https:\/\/www.radiopiu.net\/wordpress\/wp-json\/wp\/v2\/media?parent=340291"}],"wp:term":[{"taxonomy":"category","embeddable":true,"href":"https:\/\/www.radiopiu.net\/wordpress\/wp-json\/wp\/v2\/categories?post=340291"},{"taxonomy":"post_tag","embeddable":true,"href":"https:\/\/www.radiopiu.net\/wordpress\/wp-json\/wp\/v2\/tags?post=340291"}],"curies":[{"name":"wp","href":"https:\/\/api.w.org\/{rel}","templated":true}]}}