{"id":340329,"date":"2023-06-16T05:18:48","date_gmt":"2023-06-16T03:18:48","guid":{"rendered":"https:\/\/www.radiopiu.net\/wordpress\/?p=340329"},"modified":"2023-06-16T05:26:15","modified_gmt":"2023-06-16T03:26:15","slug":"iniziati-i-lavori-per-un-nuovo-tratto-fognario-lungo-il-lago-di-alleghe","status":"publish","type":"post","link":"https:\/\/www.radiopiu.net\/wordpress\/iniziati-i-lavori-per-un-nuovo-tratto-fognario-lungo-il-lago-di-alleghe\/","title":{"rendered":"INIZIATI I LAVORI PER UN NUOVO TRATTO FOGNARIO LUNGO IL LAGO DI ALLEGHE"},"content":{"rendered":"<p><strong>ALLEGHE\u00a0 <\/strong>Sono partiti in questi giorni i lavori di posa di un nuovo tratto di rete fognaria ad Alleghe, a servizio del centro cittadino. Bim Gsp, con un investimento di 160mila euro, provveder\u00e0 a posare circa 130 metri di fognatura lungo il lago di Alleghe, per raccogliere i reflui provenienti dalla parte alta del paese (da via Lungolago in direzione del Garn\u00ec La Nava fino al Municipio). La tubazione si andr\u00e0 ad innestare alla condotta a gravit\u00e0 posata anni fa dal Comune ma mai integralmente attivata. Particolarmente complessa l\u2019esecuzione delle attivit\u00e0, per l\u2019elevata pendenza dei luoghi in alcuni tratti di scavo e per la tipologia di area di lavoro, inserita in un contesto altamente urbanizzato con ridotti spazi di manovra. Il cantiere, il quinto dal 2019, rientra in una progettualit\u00e0 molto pi\u00f9 ampia volta ad attivare, con gradualit\u00e0, la rete esistente a gravit\u00e0 e a dismettere, nel giro di qualche anno, la fognatura in depressione attualmente in esercizio. Una rete, quella in depressione, non adatta alla realt\u00e0 montana del territorio, spesso soggetta a malfunzionamenti tecnici e molto onerosa in termini di gestione, manutenzioni e costi energetici. Cinque gli interventi ad oggi gi\u00e0 eseguiti in questo macro-progetto da 1 milione di euro, a cui ne seguiranno altri quattro nelle prossime annualit\u00e0. I lavori, eseguiti dall\u2019impresa DM di Arsi\u00e8 e al momento sospesi per la pausa estiva, riprenderanno a settembre e comporteranno attivit\u00e0 in notturna nei punti di attraversamento della strada regionale 203 Agordina, unica via d\u2019accesso, da l\u00ec, per raggiungere i comuni dell\u2019Alto Agordino.<\/p>\n\n\t\t\t<style type='text\/css'>\n\t\t\t\t#gallery-1 {\n\t\t\t\t\tmargin: auto;\n\t\t\t\t}\n\t\t\t\t#gallery-1 .gallery-item {\n\t\t\t\t\tfloat: left;\n\t\t\t\t\tmargin-top: 10px;\n\t\t\t\t\ttext-align: center;\n\t\t\t\t\twidth: 33%;\n\t\t\t\t}\n\t\t\t\t#gallery-1 img {\n\t\t\t\t\tborder: 2px solid #cfcfcf;\n\t\t\t\t}\n\t\t\t\t#gallery-1 .gallery-caption {\n\t\t\t\t\tmargin-left: 0;\n\t\t\t\t}\n\t\t\t\t\/* see gallery_shortcode() in wp-includes\/media.php *\/\n\t\t\t<\/style>\n\t\t<div id='gallery-1' class='dt-gallery-container gallery galleryid-340329 gallery-columns-3 gallery-size-thumbnail'><dl class='gallery-item'>\n\t\t\t\t<dt class='gallery-icon landscape'>\n\t\t\t\t\t<a class=\"rollover rollover-zoom dt-pswp-item\" title=\"il cantiere_1\" data-dt-img-description=\"\" data-large_image_width=\"1134\" data-large_image_height=\"850\"href='https:\/\/www.radiopiu.net\/wordpress\/wp-content\/uploads\/2023\/06\/il-cantiere_1.jpg'><img loading=\"lazy\" decoding=\"async\" width=\"150\" height=\"150\" src=\"https:\/\/www.radiopiu.net\/wordpress\/wp-content\/uploads\/2023\/06\/il-cantiere_1-150x150.jpg\" class=\"attachment-thumbnail size-thumbnail\" alt=\"\" \/><\/a>\n\t\t\t\t<\/dt><\/dl><dl class='gallery-item'>\n\t\t\t\t<dt class='gallery-icon landscape'>\n\t\t\t\t\t<a class=\"rollover rollover-zoom dt-pswp-item\" title=\"il cantiere_2\" data-dt-img-description=\"\" data-large_image_width=\"1134\" data-large_image_height=\"850\"href='https:\/\/www.radiopiu.net\/wordpress\/wp-content\/uploads\/2023\/06\/il-cantiere_2.jpg'><img loading=\"lazy\" decoding=\"async\" width=\"150\" height=\"150\" src=\"https:\/\/www.radiopiu.net\/wordpress\/wp-content\/uploads\/2023\/06\/il-cantiere_2-150x150.jpg\" class=\"attachment-thumbnail size-thumbnail\" alt=\"\" \/><\/a>\n\t\t\t\t<\/dt><\/dl><dl class='gallery-item'>\n\t\t\t\t<dt class='gallery-icon landscape'>\n\t\t\t\t\t<a class=\"rollover rollover-zoom dt-pswp-item\" title=\"il cantiere_3\" data-dt-img-description=\"\" data-large_image_width=\"1134\" data-large_image_height=\"850\"href='https:\/\/www.radiopiu.net\/wordpress\/wp-content\/uploads\/2023\/06\/il-cantiere_3.jpg'><img loading=\"lazy\" decoding=\"async\" width=\"150\" height=\"150\" src=\"https:\/\/www.radiopiu.net\/wordpress\/wp-content\/uploads\/2023\/06\/il-cantiere_3-150x150.jpg\" class=\"attachment-thumbnail size-thumbnail\" alt=\"\" \/><\/a>\n\t\t\t\t<\/dt><\/dl><br style=\"clear: both\" \/>\n\t\t\t<\/div>\n\n<p>&nbsp;<\/p>\n<p>&nbsp;<\/p>\n<p>******<\/p>\n","protected":false},"excerpt":{"rendered":"<p>ALLEGHE\u00a0 Sono partiti in questi giorni i lavori di posa di un nuovo tratto di rete fognaria ad Alleghe, a servizio del centro cittadino. Bim Gsp, con un investimento di 160mila euro, provveder\u00e0 a posare circa 130 metri di fognatura lungo il lago di Alleghe, per raccogliere i reflui provenienti dalla parte alta del paese&hellip;<\/p>\n","protected":false},"author":4,"featured_media":340332,"comment_status":"closed","ping_status":"closed","sticky":false,"template":"","format":"standard","meta":{"_monsterinsights_skip_tracking":false,"_monsterinsights_sitenote_active":false,"_monsterinsights_sitenote_note":"","_monsterinsights_sitenote_category":0,"footnotes":""},"categories":[51,49],"tags":[],"class_list":["post-340329","post","type-post","status-publish","format-standard","has-post-thumbnail","hentry","category-evidenza-top","category-news-18","category-51","category-49","description-off"],"img_url":"https:\/\/www.radiopiu.net\/wordpress\/wp-content\/uploads\/2023\/06\/il-cantiere_3.jpg","_links":{"self":[{"href":"https:\/\/www.radiopiu.net\/wordpress\/wp-json\/wp\/v2\/posts\/340329","targetHints":{"allow":["GET"]}}],"collection":[{"href":"https:\/\/www.radiopiu.net\/wordpress\/wp-json\/wp\/v2\/posts"}],"about":[{"href":"https:\/\/www.radiopiu.net\/wordpress\/wp-json\/wp\/v2\/types\/post"}],"author":[{"embeddable":true,"href":"https:\/\/www.radiopiu.net\/wordpress\/wp-json\/wp\/v2\/users\/4"}],"replies":[{"embeddable":true,"href":"https:\/\/www.radiopiu.net\/wordpress\/wp-json\/wp\/v2\/comments?post=340329"}],"version-history":[{"count":0,"href":"https:\/\/www.radiopiu.net\/wordpress\/wp-json\/wp\/v2\/posts\/340329\/revisions"}],"wp:featuredmedia":[{"embeddable":true,"href":"https:\/\/www.radiopiu.net\/wordpress\/wp-json\/wp\/v2\/media\/340332"}],"wp:attachment":[{"href":"https:\/\/www.radiopiu.net\/wordpress\/wp-json\/wp\/v2\/media?parent=340329"}],"wp:term":[{"taxonomy":"category","embeddable":true,"href":"https:\/\/www.radiopiu.net\/wordpress\/wp-json\/wp\/v2\/categories?post=340329"},{"taxonomy":"post_tag","embeddable":true,"href":"https:\/\/www.radiopiu.net\/wordpress\/wp-json\/wp\/v2\/tags?post=340329"}],"curies":[{"name":"wp","href":"https:\/\/api.w.org\/{rel}","templated":true}]}}