{"id":340419,"date":"2023-06-17T04:59:40","date_gmt":"2023-06-17T02:59:40","guid":{"rendered":"https:\/\/www.radiopiu.net\/wordpress\/?p=340419"},"modified":"2023-06-17T05:11:34","modified_gmt":"2023-06-17T03:11:34","slug":"dillo-a-radio-piu-speravo-in-un-inizio-diverso","status":"publish","type":"post","link":"https:\/\/www.radiopiu.net\/wordpress\/dillo-a-radio-piu-speravo-in-un-inizio-diverso\/","title":{"rendered":"DILLO A RADIO PIU&#8217; &#8220;SPERAVO IN UN INIZIO DIVERSO&#8221;"},"content":{"rendered":"<p><strong><a class=\"dt-pswp-item\" href=\"https:\/\/www.radiopiu.net\/wordpress\/wp-content\/uploads\/2023\/06\/5faad071-a53a-42d8-b538-e88223dce360.jpg\" data-dt-img-description=\"\" data-large_image_width=\"768\" data-large_image_height=\"1024\"><img loading=\"lazy\" decoding=\"async\" class=\"size-medium wp-image-340420 alignleft\" src=\"https:\/\/www.radiopiu.net\/wordpress\/wp-content\/uploads\/2023\/06\/5faad071-a53a-42d8-b538-e88223dce360-225x300.jpg\" alt=\"\" width=\"225\" height=\"300\" srcset=\"https:\/\/www.radiopiu.net\/wordpress\/wp-content\/uploads\/2023\/06\/5faad071-a53a-42d8-b538-e88223dce360-225x300.jpg 225w, https:\/\/www.radiopiu.net\/wordpress\/wp-content\/uploads\/2023\/06\/5faad071-a53a-42d8-b538-e88223dce360.jpg 768w\" sizes=\"auto, (max-width: 225px) 100vw, 225px\" \/><\/a>REDAZIONE<\/strong> Da La Valle Agordina dove \u00e8 in fase di allestimento il cantiere che ha portato alla chiusura della 347 del Duran e Cereda, riceviamo una segnalazione di chi vive sul territorio e nonostante tutto tiene ancora aperte le porte della proprie attivit\u00e0, invitando ad una maggiore attenzione per la carenza segnaletica (come leggeremo) La Vall\u00e8 Agordina \u00e8 comunque raggiungibile. Anche se questa mattina un \u00a0camion s&#8217;\u00e8 incastrato a Torsas e ieri 15 motociclisti tedeschi a Conaggia hanno fatto ricorso alla vecchi cartina stradale dopo la fregata da Gps<\/p>\n<p>&nbsp;<\/p>\n<p><strong>LA SEGNALAZIONE<\/strong><\/p>\n<blockquote><p><em>A La Valle procedono i lavori per l\u2019allargamento del ponte in centro al paese.\u00a0 A mio parere la segnaletica\u00a0 \u00e8 approssimativa rende complicato il traffico nelle vie laterali che dovrebbero facilitare il transito di moto, camper e furgoni. Mi preoccupa il fatto che &#8230;siamo appena agli inizi<\/em><\/p><\/blockquote>\n<p>&nbsp;<\/p>\n<hr \/>\n<p>&nbsp;<\/p>\n<p>&nbsp;<\/p>\n<hr \/>\n<p>&nbsp;<\/p>\n","protected":false},"excerpt":{"rendered":"<p>REDAZIONE Da La Valle Agordina dove \u00e8 in fase di allestimento il cantiere che ha portato alla chiusura della 347 del Duran e Cereda, riceviamo una segnalazione di chi vive sul territorio e nonostante tutto tiene ancora aperte le porte della proprie attivit\u00e0, invitando ad una maggiore attenzione per la carenza segnaletica (come leggeremo) La&hellip;<\/p>\n","protected":false},"author":4,"featured_media":340420,"comment_status":"closed","ping_status":"closed","sticky":false,"template":"","format":"standard","meta":{"_monsterinsights_skip_tracking":false,"_monsterinsights_sitenote_active":false,"_monsterinsights_sitenote_note":"","_monsterinsights_sitenote_category":0,"footnotes":""},"categories":[51,49],"tags":[],"class_list":["post-340419","post","type-post","status-publish","format-standard","has-post-thumbnail","hentry","category-evidenza-top","category-news-18","category-51","category-49","description-off"],"img_url":"https:\/\/www.radiopiu.net\/wordpress\/wp-content\/uploads\/2023\/06\/5faad071-a53a-42d8-b538-e88223dce360.jpg","_links":{"self":[{"href":"https:\/\/www.radiopiu.net\/wordpress\/wp-json\/wp\/v2\/posts\/340419","targetHints":{"allow":["GET"]}}],"collection":[{"href":"https:\/\/www.radiopiu.net\/wordpress\/wp-json\/wp\/v2\/posts"}],"about":[{"href":"https:\/\/www.radiopiu.net\/wordpress\/wp-json\/wp\/v2\/types\/post"}],"author":[{"embeddable":true,"href":"https:\/\/www.radiopiu.net\/wordpress\/wp-json\/wp\/v2\/users\/4"}],"replies":[{"embeddable":true,"href":"https:\/\/www.radiopiu.net\/wordpress\/wp-json\/wp\/v2\/comments?post=340419"}],"version-history":[{"count":0,"href":"https:\/\/www.radiopiu.net\/wordpress\/wp-json\/wp\/v2\/posts\/340419\/revisions"}],"wp:featuredmedia":[{"embeddable":true,"href":"https:\/\/www.radiopiu.net\/wordpress\/wp-json\/wp\/v2\/media\/340420"}],"wp:attachment":[{"href":"https:\/\/www.radiopiu.net\/wordpress\/wp-json\/wp\/v2\/media?parent=340419"}],"wp:term":[{"taxonomy":"category","embeddable":true,"href":"https:\/\/www.radiopiu.net\/wordpress\/wp-json\/wp\/v2\/categories?post=340419"},{"taxonomy":"post_tag","embeddable":true,"href":"https:\/\/www.radiopiu.net\/wordpress\/wp-json\/wp\/v2\/tags?post=340419"}],"curies":[{"name":"wp","href":"https:\/\/api.w.org\/{rel}","templated":true}]}}