{"id":340429,"date":"2023-06-17T04:00:09","date_gmt":"2023-06-17T02:00:09","guid":{"rendered":"https:\/\/www.radiopiu.net\/wordpress\/?p=340429"},"modified":"2023-06-17T05:37:36","modified_gmt":"2023-06-17T03:37:36","slug":"agli-alpini-del-raduno-triveneto-con-dedica","status":"publish","type":"post","link":"https:\/\/www.radiopiu.net\/wordpress\/agli-alpini-del-raduno-triveneto-con-dedica\/","title":{"rendered":"AGLI ALPINI DEL RADUNO TRIVENETO: CON DEDICA"},"content":{"rendered":"<div class=\"flex-1 overflow-hidden\">\n<div class=\"react-scroll-to-bottom--css-gpkad-79elbk h-full dark:bg-gray-800\">\n<div class=\"react-scroll-to-bottom--css-gpkad-1n7m0yu\">\n<div class=\"flex flex-col text-sm dark:bg-gray-800\">\n<div class=\"group w-full text-gray-800 dark:text-gray-100 border-b border-black\/10 dark:border-gray-900\/50 bg-gray-50 dark:bg-[#444654]\">\n<div class=\"flex p-4 gap-4 text-base md:gap-6 md:max-w-2xl lg:max-w-[38rem] xl:max-w-3xl md:py-6 lg:px-0 m-auto\">\n<div class=\"relative flex w-[calc(100%-50px)] flex-col gap-1 md:gap-3 lg:w-[calc(100%-115px)]\">\n<div class=\"flex flex-grow flex-col gap-3\">\n<div class=\"min-h-[20px] flex flex-col items-start gap-4 whitespace-pre-wrap break-words\">\n<div class=\"markdown prose w-full break-words dark:prose-invert light\">\n<p><strong><a class=\"dt-pswp-item\" href=\"https:\/\/www.radiopiu.net\/wordpress\/wp-content\/uploads\/2023\/06\/Senza-nome-35.png\" data-dt-img-description=\"\" data-large_image_width=\"378\" data-large_image_height=\"319\"><img loading=\"lazy\" decoding=\"async\" class=\"size-medium wp-image-340432 alignleft\" src=\"https:\/\/www.radiopiu.net\/wordpress\/wp-content\/uploads\/2023\/06\/Senza-nome-35-300x253.png\" alt=\"\" width=\"300\" height=\"253\" srcset=\"https:\/\/www.radiopiu.net\/wordpress\/wp-content\/uploads\/2023\/06\/Senza-nome-35-300x253.png 300w, https:\/\/www.radiopiu.net\/wordpress\/wp-content\/uploads\/2023\/06\/Senza-nome-35.png 378w\" sizes=\"auto, (max-width: 300px) 100vw, 300px\" \/><\/a>REDAZIONE<\/strong> \u00c8 un momento di grande importanza e di profonda <em>camaraderia<\/em> per tutti voi. Come Alpini, rappresentate un gruppo di uomini e donne straordinari che hanno dimostrato coraggio, sacrificio e spirito di servizio nei momenti pi\u00f9 difficili.<\/p>\n<p>Il raduno Triveneto \u00e8 un&#8217;occasione per rafforzare i legami tra i vari reparti alpini e per celebrare l&#8217;eredit\u00e0 di queste montagne, che avete imparato a conoscere e rispettare. \u00c8 un momento di festa, di condivisione di esperienze e di ricordi, ma anche di riflessione sul valore della solidariet\u00e0 e dell&#8217;impegno per il bene comune.<\/p>\n<p>Grazie per il vostro servizio, per il vostro impegno a difesa dei valori della Patria e per la vostra dedizione alla montagna. Le vostre esperienze e le vostre storie sono fonte di ispirazione per tutti noi. Auguro a tutti gli Alpini che partecipano al raduno Triveneto di trascorrere momenti indimenticabili, di stringere <strong><a class=\"dt-pswp-item\" href=\"https:\/\/www.radiopiu.net\/wordpress\/wp-content\/uploads\/2023\/06\/MI-2.jpg\" data-dt-img-description=\"\" data-large_image_width=\"298\" data-large_image_height=\"169\"><img loading=\"lazy\" decoding=\"async\" class=\"size-full wp-image-340436 alignright\" src=\"https:\/\/www.radiopiu.net\/wordpress\/wp-content\/uploads\/2023\/06\/MI-2.jpg\" alt=\"\" width=\"298\" height=\"169\" \/><\/a><\/strong>nuove amicizie e di rafforzare i legami di fratellanza che vi uniscono. Un caloroso saluto a voi tutti! Avanti Alpini!<\/p>\n<\/div>\n<\/div>\n<\/div>\n<div class=\"flex justify-between lg:block\"><\/div>\n<\/div>\n<\/div>\n<\/div>\n<div class=\"group w-full text-gray-800 dark:text-gray-100 border-b border-black\/10 dark:border-gray-900\/50 bg-gray-50 dark:bg-[#444654]\">\n<div class=\"flex p-4 gap-4 text-base md:gap-6 md:max-w-2xl lg:max-w-[38rem] xl:max-w-3xl md:py-6 lg:px-0 m-auto\">\n<div class=\"text-gray-400 flex self-end lg:self-center justify-center mt-2 gap-2 md:gap-3 lg:gap-1 lg:absolute lg:top-0 lg:translate-x-full lg:right-0 lg:mt-0 lg:pl-2 visible\"><em>mirko mezzacasa, 5 scaglione 1985, radiofonista conduttore Caserma XXII Marzo 1848_Agordo con dedica a nome di tutta la RADIOPIU<\/em><\/div>\n<div><\/div>\n<div><\/div>\n<\/div>\n<\/div>\n<div class=\"h-32 md:h-48 flex-shrink-0\"><\/div>\n<\/div>\n<\/div>\n<hr \/>\n<p>&nbsp;<\/p>\n<\/div>\n<\/div>\n","protected":false},"excerpt":{"rendered":"<p>REDAZIONE \u00c8 un momento di grande importanza e di profonda camaraderia per tutti voi. Come Alpini, rappresentate un gruppo di uomini e donne straordinari che hanno dimostrato coraggio, sacrificio e spirito di servizio nei momenti pi\u00f9 difficili. Il raduno Triveneto \u00e8 un&#8217;occasione per rafforzare i legami tra i vari reparti alpini e per celebrare l&#8217;eredit\u00e0&hellip;<\/p>\n","protected":false},"author":4,"featured_media":340432,"comment_status":"closed","ping_status":"closed","sticky":false,"template":"","format":"standard","meta":{"_monsterinsights_skip_tracking":false,"_monsterinsights_sitenote_active":false,"_monsterinsights_sitenote_note":"","_monsterinsights_sitenote_category":0,"footnotes":""},"categories":[104,49],"tags":[],"class_list":["post-340429","post","type-post","status-publish","format-standard","has-post-thumbnail","hentry","category-evidenza_3","category-news-18","category-104","category-49","description-off"],"img_url":"https:\/\/www.radiopiu.net\/wordpress\/wp-content\/uploads\/2023\/06\/Senza-nome-35.png","_links":{"self":[{"href":"https:\/\/www.radiopiu.net\/wordpress\/wp-json\/wp\/v2\/posts\/340429","targetHints":{"allow":["GET"]}}],"collection":[{"href":"https:\/\/www.radiopiu.net\/wordpress\/wp-json\/wp\/v2\/posts"}],"about":[{"href":"https:\/\/www.radiopiu.net\/wordpress\/wp-json\/wp\/v2\/types\/post"}],"author":[{"embeddable":true,"href":"https:\/\/www.radiopiu.net\/wordpress\/wp-json\/wp\/v2\/users\/4"}],"replies":[{"embeddable":true,"href":"https:\/\/www.radiopiu.net\/wordpress\/wp-json\/wp\/v2\/comments?post=340429"}],"version-history":[{"count":0,"href":"https:\/\/www.radiopiu.net\/wordpress\/wp-json\/wp\/v2\/posts\/340429\/revisions"}],"wp:featuredmedia":[{"embeddable":true,"href":"https:\/\/www.radiopiu.net\/wordpress\/wp-json\/wp\/v2\/media\/340432"}],"wp:attachment":[{"href":"https:\/\/www.radiopiu.net\/wordpress\/wp-json\/wp\/v2\/media?parent=340429"}],"wp:term":[{"taxonomy":"category","embeddable":true,"href":"https:\/\/www.radiopiu.net\/wordpress\/wp-json\/wp\/v2\/categories?post=340429"},{"taxonomy":"post_tag","embeddable":true,"href":"https:\/\/www.radiopiu.net\/wordpress\/wp-json\/wp\/v2\/tags?post=340429"}],"curies":[{"name":"wp","href":"https:\/\/api.w.org\/{rel}","templated":true}]}}