{"id":340463,"date":"2023-06-17T05:00:01","date_gmt":"2023-06-17T03:00:01","guid":{"rendered":"https:\/\/www.radiopiu.net\/wordpress\/?p=340463"},"modified":"2023-06-17T08:29:15","modified_gmt":"2023-06-17T06:29:15","slug":"centri-estivi-si-ai-rimborsi-parziali-per-i-centri-estivi","status":"publish","type":"post","link":"https:\/\/www.radiopiu.net\/wordpress\/centri-estivi-si-ai-rimborsi-parziali-per-i-centri-estivi\/","title":{"rendered":"RIMBORSI PARZIALI PER I CENTRI ESTIVI"},"content":{"rendered":"<div class=\"flex-1 overflow-hidden\">\n<div class=\"react-scroll-to-bottom--css-dwrxx-79elbk h-full dark:bg-gray-800\">\n<div class=\"react-scroll-to-bottom--css-dwrxx-1n7m0yu\">\n<div class=\"flex flex-col text-sm dark:bg-gray-800\">\n<div class=\"group w-full text-gray-800 dark:text-gray-100 border-b border-black\/10 dark:border-gray-900\/50 bg-gray-50 dark:bg-[#444654]\">\n<div class=\"flex p-4 gap-4 text-base md:gap-6 md:max-w-2xl lg:max-w-[38rem] xl:max-w-3xl md:py-6 lg:px-0 m-auto\">\n<div class=\"relative flex w-[calc(100%-50px)] flex-col gap-1 md:gap-3 lg:w-[calc(100%-115px)]\">\n<div class=\"flex flex-grow flex-col gap-3\">\n<div class=\"min-h-[20px] flex flex-col items-start gap-4 whitespace-pre-wrap break-words\">\n<div class=\"markdown prose w-full break-words dark:prose-invert light\">\n<p><strong><img loading=\"lazy\" decoding=\"async\" class=\"alignleft\" src=\"https:\/\/www.radiopiu.net\/wordpress\/wp-content\/uploads\/2022\/06\/LUXOTTICA-LUTTO-4.jpg\" width=\"298\" height=\"168\" \/>AGORDO<\/strong>\u00a0In un importante sviluppo per il benessere delle famiglie, il Comitato di Governance del Welfare Luxottica ha annunciato la certezza del\u00a0 parziale rimborso dei Centri Estivi in Italia per i figli dai 3 agli 8 anni. Secondo l&#8217;accordo, sar\u00e0 previsto un importo aggiuntivo per il 2023, aggiuntivo all&#8217;iniziativa del Summer Camp, che andr\u00e0 a coprire parte delle spese sostenute dalle famiglie. L&#8217;importo stabilito per il rimborso dei Centri Estivi sar\u00e0 di 250 euro a figlio per i livelli dal 1\u00b0 al 4\u00b0S, mentre per i livelli dal 5\u00b0 al 6\u00b0 sar\u00e0 di 150 euro a figlio. Questa misura mira a sostenere le famiglie nel fornire un ambiente estivo sicuro e divertente per i propri figli, consentendo loro di partecipare a programmi educativi e ricreativi durante la pausa estiva. Per quanto riguarda le modalit\u00e0 di erogazione del rimborso, l&#8217;azienda Luxottica si occuper\u00e0 di fornire le dovute comunicazioni nei prossimi giorni. Saranno probabilmente fornite istruzioni su come presentare la documentazione necessaria per ottenere il rimborso e i tempi previsti per l&#8217;erogazione delle somme.<\/p>\n<\/div>\n<p>&#8211;<\/p>\n<\/div>\n<\/div>\n<\/div>\n<\/div>\n<\/div>\n<\/div>\n<\/div>\n<\/div>\n<\/div>\n","protected":false},"excerpt":{"rendered":"<p>AGORDO\u00a0In un importante sviluppo per il benessere delle famiglie, il Comitato di Governance del Welfare Luxottica ha annunciato la certezza del\u00a0 parziale rimborso dei Centri Estivi in Italia per i figli dai 3 agli 8 anni. Secondo l&#8217;accordo, sar\u00e0 previsto un importo aggiuntivo per il 2023, aggiuntivo all&#8217;iniziativa del Summer Camp, che andr\u00e0 a coprire&hellip;<\/p>\n","protected":false},"author":4,"featured_media":284134,"comment_status":"closed","ping_status":"closed","sticky":false,"template":"","format":"standard","meta":{"_monsterinsights_skip_tracking":false,"_monsterinsights_sitenote_active":false,"_monsterinsights_sitenote_note":"","_monsterinsights_sitenote_category":0,"footnotes":""},"categories":[104,49],"tags":[],"class_list":["post-340463","post","type-post","status-publish","format-standard","has-post-thumbnail","hentry","category-evidenza_3","category-news-18","category-104","category-49","description-off"],"img_url":"https:\/\/www.radiopiu.net\/wordpress\/wp-content\/uploads\/2022\/06\/LUXOTTICA-LUTTO-4.jpg","_links":{"self":[{"href":"https:\/\/www.radiopiu.net\/wordpress\/wp-json\/wp\/v2\/posts\/340463","targetHints":{"allow":["GET"]}}],"collection":[{"href":"https:\/\/www.radiopiu.net\/wordpress\/wp-json\/wp\/v2\/posts"}],"about":[{"href":"https:\/\/www.radiopiu.net\/wordpress\/wp-json\/wp\/v2\/types\/post"}],"author":[{"embeddable":true,"href":"https:\/\/www.radiopiu.net\/wordpress\/wp-json\/wp\/v2\/users\/4"}],"replies":[{"embeddable":true,"href":"https:\/\/www.radiopiu.net\/wordpress\/wp-json\/wp\/v2\/comments?post=340463"}],"version-history":[{"count":0,"href":"https:\/\/www.radiopiu.net\/wordpress\/wp-json\/wp\/v2\/posts\/340463\/revisions"}],"wp:featuredmedia":[{"embeddable":true,"href":"https:\/\/www.radiopiu.net\/wordpress\/wp-json\/wp\/v2\/media\/284134"}],"wp:attachment":[{"href":"https:\/\/www.radiopiu.net\/wordpress\/wp-json\/wp\/v2\/media?parent=340463"}],"wp:term":[{"taxonomy":"category","embeddable":true,"href":"https:\/\/www.radiopiu.net\/wordpress\/wp-json\/wp\/v2\/categories?post=340463"},{"taxonomy":"post_tag","embeddable":true,"href":"https:\/\/www.radiopiu.net\/wordpress\/wp-json\/wp\/v2\/tags?post=340463"}],"curies":[{"name":"wp","href":"https:\/\/api.w.org\/{rel}","templated":true}]}}