{"id":340470,"date":"2023-06-17T05:06:53","date_gmt":"2023-06-17T03:06:53","guid":{"rendered":"https:\/\/www.radiopiu.net\/wordpress\/?p=340470"},"modified":"2023-06-17T05:09:02","modified_gmt":"2023-06-17T03:09:02","slug":"operazione-antidroga-carabinieri-sgominano-spaccio-di-stupefacenti","status":"publish","type":"post","link":"https:\/\/www.radiopiu.net\/wordpress\/operazione-antidroga-carabinieri-sgominano-spaccio-di-stupefacenti\/","title":{"rendered":"Operazione antidroga: Carabinieri sgominano spaccio di stupefacenti"},"content":{"rendered":"<p><strong><img loading=\"lazy\" decoding=\"async\" class=\"alignleft\" src=\"https:\/\/www.radiopiu.net\/wordpress\/wp-content\/uploads\/2023\/06\/7783524a-6554-47c2-a230-a933cb632fd1.jpg\" width=\"358\" height=\"201\" \/>CALALZO<\/strong> I Carabinieri della Compagnia di Cortina d&#8217;Ampezzo hanno inflitto un duro colpo al traffico di droga nell&#8217;area di Pieve di Cadore. Durante i servizi di controllo del territorio, finalizzati alla lotta contro l&#8217;uso di sostanze stupefacenti, \u00e8 stato fermato un giovane di Calalzo di Cadore. I militari, coordinati dal Capitano Alessandro Bui, hanno intensificato la loro presenza in diverse localit\u00e0, tra cui Pieve di Cadore, Calalzo, Domegge e Lorenzago, al fine di garantire legalit\u00e0 e tranquillit\u00e0 ai cittadini. Sono stati effettuati controlli e verifiche mirate in aree dove erano state riscontrate attivit\u00e0 sospette. Durante un controllo presso la Stazione ferroviaria di Calalzo di Cadore, luogo frequentato da numerosi giovani, i Carabinieri hanno notato il comportamento nervoso e fuggente di uno di loro. Dopo averlo identificato, hanno deciso di procedere a una perquisizione. Nel suo zaino \u00e8 stato scoperto quasi mezzo chilo di hashish, suddiviso in diversi panetti, probabilmente destinato al mercato locale. La perquisizione \u00e8 stata estesa anche alla sua abitazione, dove \u00e8 stato trovato un bilancino di precisione utilizzato per il confezionamento della droga. Tutto il materiale sequestrato \u00e8 stato posto sotto sequestro e messo a disposizione dell&#8217;autorit\u00e0 giudiziaria per le successive analisi di laboratorio. Il giovane \u00e8 stato posto agli arresti domiciliari su disposizione della Procura della Repubblica di Belluno, con l&#8217;accusa di detenzione ai fini di spaccio di sostanze stupefacenti. Con questa operazione, i Carabinieri hanno dimostrato il loro impegno nella lotta al traffico di droga e hanno contribuito a garantire maggiore sicurezza nella zona di Calalzo di Cadore.<\/p>\n<div class=\"flex-1 overflow-hidden\">\n<div class=\"react-scroll-to-bottom--css-dwrxx-79elbk h-full dark:bg-gray-800\">\n<div class=\"react-scroll-to-bottom--css-dwrxx-1n7m0yu\">\n<div class=\"flex flex-col text-sm dark:bg-gray-800\">\n<div class=\"group w-full text-gray-800 dark:text-gray-100 border-b border-black\/10 dark:border-gray-900\/50 bg-gray-50 dark:bg-[#444654]\">\n<div class=\"flex p-4 gap-4 text-base md:gap-6 md:max-w-2xl lg:max-w-[38rem] xl:max-w-3xl md:py-6 lg:px-0 m-auto\">\n<div class=\"relative flex w-[calc(100%-50px)] flex-col gap-1 md:gap-3 lg:w-[calc(100%-115px)]\">\n<div class=\"flex justify-between lg:block\">\n<div class=\"text-xs flex items-center justify-center gap-1 self-center pt-2 !invisible\">\n<blockquote>\n<p align=\"JUSTIFY\">Si tratta di un ulteriore, importante risultato nell\u2019attivit\u00e0 di prevenzione e contrasto al mercato della droga dell\u2019Arma, che dimostra come siano efficaci i controlli e quanto sia importante mantenere sempre alta l\u2019attenzione su un fenomeno che deve essere infrenato, per la sua pericolosit\u00e0 per la salute pubblica. \u201c<i>Continueremo ancora con i controlli <\/i>\u2013 ha commentato il Colonnello Pigozzo, Comandante Provinciale dei Carabinieri \u2013<i> perch\u00e9 per noi il contrasto a questa forma di criminalit\u00e0, ma ancora di pi\u00f9 la salute dei nostri giovani e la sicurezza delle nostre comunit\u00e0 sono una priorit\u00e0\u201d<\/i><\/p>\n<\/blockquote>\n<\/div>\n<\/div>\n<\/div>\n<\/div>\n<\/div>\n<\/div>\n<\/div>\n<\/div>\n<\/div>\n<div class=\"absolute bottom-0 left-0 w-full border-t md:border-t-0 dark:border-white\/20 md:border-transparent md:dark:border-transparent md:bg-vert-light-gradient bg-white dark:bg-gray-800 md:!bg-transparent dark:md:bg-vert-dark-gradient pt-2 md:-left-2\">\n<form class=\"stretch mx-2 flex flex-row gap-3 last:mb-2 md:mx-4 md:last:mb-6 lg:mx-auto lg:max-w-2xl xl:max-w-3xl\">\n<div class=\"relative flex h-full flex-1 items-stretch md:flex-col\" role=\"presentation\">\n<div class=\"\">\n<div class=\"h-full flex ml-1 md:w-full md:m-auto md:mb-2 gap-0 md:gap-2 justify-center\"><\/div>\n<\/div>\n<\/div>\n<\/form>\n<\/div>\n","protected":false},"excerpt":{"rendered":"<p>CALALZO I Carabinieri della Compagnia di Cortina d&#8217;Ampezzo hanno inflitto un duro colpo al traffico di droga nell&#8217;area di Pieve di Cadore. Durante i servizi di controllo del territorio, finalizzati alla lotta contro l&#8217;uso di sostanze stupefacenti, \u00e8 stato fermato un giovane di Calalzo di Cadore. I militari, coordinati dal Capitano Alessandro Bui, hanno intensificato&hellip;<\/p>\n","protected":false},"author":4,"featured_media":340471,"comment_status":"closed","ping_status":"closed","sticky":false,"template":"","format":"standard","meta":{"_monsterinsights_skip_tracking":false,"_monsterinsights_sitenote_active":false,"_monsterinsights_sitenote_note":"","_monsterinsights_sitenote_category":0,"footnotes":""},"categories":[51,49],"tags":[],"class_list":["post-340470","post","type-post","status-publish","format-standard","has-post-thumbnail","hentry","category-evidenza-top","category-news-18","category-51","category-49","description-off"],"img_url":"https:\/\/www.radiopiu.net\/wordpress\/wp-content\/uploads\/2023\/06\/7783524a-6554-47c2-a230-a933cb632fd1.jpg","_links":{"self":[{"href":"https:\/\/www.radiopiu.net\/wordpress\/wp-json\/wp\/v2\/posts\/340470","targetHints":{"allow":["GET"]}}],"collection":[{"href":"https:\/\/www.radiopiu.net\/wordpress\/wp-json\/wp\/v2\/posts"}],"about":[{"href":"https:\/\/www.radiopiu.net\/wordpress\/wp-json\/wp\/v2\/types\/post"}],"author":[{"embeddable":true,"href":"https:\/\/www.radiopiu.net\/wordpress\/wp-json\/wp\/v2\/users\/4"}],"replies":[{"embeddable":true,"href":"https:\/\/www.radiopiu.net\/wordpress\/wp-json\/wp\/v2\/comments?post=340470"}],"version-history":[{"count":0,"href":"https:\/\/www.radiopiu.net\/wordpress\/wp-json\/wp\/v2\/posts\/340470\/revisions"}],"wp:featuredmedia":[{"embeddable":true,"href":"https:\/\/www.radiopiu.net\/wordpress\/wp-json\/wp\/v2\/media\/340471"}],"wp:attachment":[{"href":"https:\/\/www.radiopiu.net\/wordpress\/wp-json\/wp\/v2\/media?parent=340470"}],"wp:term":[{"taxonomy":"category","embeddable":true,"href":"https:\/\/www.radiopiu.net\/wordpress\/wp-json\/wp\/v2\/categories?post=340470"},{"taxonomy":"post_tag","embeddable":true,"href":"https:\/\/www.radiopiu.net\/wordpress\/wp-json\/wp\/v2\/tags?post=340470"}],"curies":[{"name":"wp","href":"https:\/\/api.w.org\/{rel}","templated":true}]}}