{"id":340484,"date":"2023-06-17T04:55:57","date_gmt":"2023-06-17T02:55:57","guid":{"rendered":"https:\/\/www.radiopiu.net\/wordpress\/?p=340484"},"modified":"2023-06-17T05:12:55","modified_gmt":"2023-06-17T03:12:55","slug":"gli-amighi-di-listolade-ripristinano-le-strutture-esterne-della-casera-corpassa","status":"publish","type":"post","link":"https:\/\/www.radiopiu.net\/wordpress\/gli-amighi-di-listolade-ripristinano-le-strutture-esterne-della-casera-corpassa\/","title":{"rendered":"&#8220;GLI AMIGHI DI LISTOLADE&#8221; RIPRISTINANO LE STRUTTURE ESTERNE DELLA CASERA CORPASSA"},"content":{"rendered":"<p><strong>TAIBON <\/strong>Non si interrompe l\u2019attivit\u00e0 volontaristica de \u201cGli Amighi di Listolade\u201d che dopo aver dovuto forzatamente rinunciare alla Festa dei Zuch\u00e9r (una delle conseguenze della tempesta Vaia ) ha concentrato la propria attivit\u00e0 nel ripristino delle strutture esterne della Casera Corpassa.\u00a0 Il primo intervento gi\u00e0 effettuato \u00e8 stato quello di liberare tutta l\u2019area prativa dagli alberi sradicati e fatti cadere dalla furia di Vaia. Ora l\u2019attivit\u00e0 si \u00e8 concentrata nel rifare completamente il set tavolo e panche anch\u2019esso distrutto dalla tempesta e adiacente all\u2019ingresso della Casera. Il Comune ha fornito il materiale necessario e il resto lo ha fatto la buona volont\u00e0 e l\u2019intraprendenza dei volontari di Listolade. Con l\u2019occasione \u00e8 sembrato giusto confermare la tradizione che prevedeva la Santa Messa sempre celebrata nelle Festa dei Zuch\u00e9r e cos\u00ec \u00e8 stato. La celebrazione officiata da Don Virgilio ha visto una numerosa partecipazione da parte dei frazionisti e non solo che hanno apprezzato l\u2019 iniziativa.\u00a0 L\u2019attenzione dei Zuch\u00e9r \u00e8 ora nuovamente rivolta alla necessit\u00e0 di porre mano alla ristrutturazione della Casera che \u00e8 di propriet\u00e0 del Comune. In queste ultime settimane i cosiddetti esperti e portatori di interesse hanno abbondantemente dibattuto sullo sviluppo , non solo turistico, della Valle di San Lucano e della Val Corpassa. Un lavoro dal quale dovrebbero scaturire progetti di lavori ed interventi ben definiti e finanziati. Ben vengano gli esperti e le loro proposte ma crediamo che chi vive il territorio conosca bene cosa serve fare, al di l\u00e0 di interventi innovativi e strategici di lungo respiro. Salvaguardare e rimodernare in primis il patrimonio pubblico e la Casera Corpassa \u00e8 patrimonio pubblico. E\u2019 vero che\u00a0 Vaia ha ribaltato tutte le priorit\u00e0 e forse anche il progetto della Casera ha subito uno stop. Ma c\u2019\u00e8 da sperare ora che fra gli interventi che scaturiranno da questo studio ed approfondimento, cui si faceva cenno prima, una delle priorit\u00e0 sia proprio quella di riprendere seriamente in mano il progetto, peraltro gi\u00e0 elaborato dal compianto Geometra Orsolin ed in possesso degli uffici comunali, e con un certo interesse anche dal Piochec di Taibon che ha avuto modo di approfondirlo, della ristrutturazione della Casera Corpassa.<\/p>\n\n\t\t\t<style type='text\/css'>\n\t\t\t\t#gallery-1 {\n\t\t\t\t\tmargin: auto;\n\t\t\t\t}\n\t\t\t\t#gallery-1 .gallery-item {\n\t\t\t\t\tfloat: left;\n\t\t\t\t\tmargin-top: 10px;\n\t\t\t\t\ttext-align: center;\n\t\t\t\t\twidth: 50%;\n\t\t\t\t}\n\t\t\t\t#gallery-1 img {\n\t\t\t\t\tborder: 2px solid #cfcfcf;\n\t\t\t\t}\n\t\t\t\t#gallery-1 .gallery-caption {\n\t\t\t\t\tmargin-left: 0;\n\t\t\t\t}\n\t\t\t\t\/* see gallery_shortcode() in wp-includes\/media.php *\/\n\t\t\t<\/style>\n\t\t<div id='gallery-1' class='dt-gallery-container gallery galleryid-340484 gallery-columns-2 gallery-size-medium'><dl class='gallery-item'>\n\t\t\t\t<dt class='gallery-icon landscape'>\n\t\t\t\t\t<a class=\"rollover rollover-zoom dt-pswp-item\" title=\"Nuovo set tavolo e panche\" data-dt-img-description=\"\" data-large_image_width=\"1600\" data-large_image_height=\"1204\"href='https:\/\/www.radiopiu.net\/wordpress\/wp-content\/uploads\/2023\/06\/Nuovo-set-tavolo-e-panche.jpg'><img loading=\"lazy\" decoding=\"async\" width=\"300\" height=\"226\" src=\"https:\/\/www.radiopiu.net\/wordpress\/wp-content\/uploads\/2023\/06\/Nuovo-set-tavolo-e-panche-300x226.jpg\" class=\"attachment-medium size-medium\" alt=\"\" srcset=\"https:\/\/www.radiopiu.net\/wordpress\/wp-content\/uploads\/2023\/06\/Nuovo-set-tavolo-e-panche-300x226.jpg 300w, https:\/\/www.radiopiu.net\/wordpress\/wp-content\/uploads\/2023\/06\/Nuovo-set-tavolo-e-panche-1024x771.jpg 1024w, https:\/\/www.radiopiu.net\/wordpress\/wp-content\/uploads\/2023\/06\/Nuovo-set-tavolo-e-panche-768x578.jpg 768w, https:\/\/www.radiopiu.net\/wordpress\/wp-content\/uploads\/2023\/06\/Nuovo-set-tavolo-e-panche-1536x1156.jpg 1536w, https:\/\/www.radiopiu.net\/wordpress\/wp-content\/uploads\/2023\/06\/Nuovo-set-tavolo-e-panche.jpg 1600w\" sizes=\"auto, (max-width: 300px) 100vw, 300px\" \/><\/a>\n\t\t\t\t<\/dt><\/dl><dl class='gallery-item'>\n\t\t\t\t<dt class='gallery-icon landscape'>\n\t\t\t\t\t<a class=\"rollover rollover-zoom dt-pswp-item\" title=\"Santa Messa\" data-dt-img-description=\"\" data-large_image_width=\"1600\" data-large_image_height=\"1204\"href='https:\/\/www.radiopiu.net\/wordpress\/wp-content\/uploads\/2023\/06\/Santa-Messa.jpg'><img loading=\"lazy\" decoding=\"async\" width=\"300\" height=\"226\" src=\"https:\/\/www.radiopiu.net\/wordpress\/wp-content\/uploads\/2023\/06\/Santa-Messa-300x226.jpg\" class=\"attachment-medium size-medium\" alt=\"\" srcset=\"https:\/\/www.radiopiu.net\/wordpress\/wp-content\/uploads\/2023\/06\/Santa-Messa-300x226.jpg 300w, https:\/\/www.radiopiu.net\/wordpress\/wp-content\/uploads\/2023\/06\/Santa-Messa-1024x771.jpg 1024w, https:\/\/www.radiopiu.net\/wordpress\/wp-content\/uploads\/2023\/06\/Santa-Messa-768x578.jpg 768w, https:\/\/www.radiopiu.net\/wordpress\/wp-content\/uploads\/2023\/06\/Santa-Messa-1536x1156.jpg 1536w, https:\/\/www.radiopiu.net\/wordpress\/wp-content\/uploads\/2023\/06\/Santa-Messa.jpg 1600w\" sizes=\"auto, (max-width: 300px) 100vw, 300px\" \/><\/a>\n\t\t\t\t<\/dt><\/dl><br style=\"clear: both\" \/>\n\t\t\t<\/div>\n\n<p>&nbsp;<\/p>\n<p>&nbsp;<\/p>\n<p>*****<\/p>\n","protected":false},"excerpt":{"rendered":"<p>TAIBON Non si interrompe l\u2019attivit\u00e0 volontaristica de \u201cGli Amighi di Listolade\u201d che dopo aver dovuto forzatamente rinunciare alla Festa dei Zuch\u00e9r (una delle conseguenze della tempesta Vaia ) ha concentrato la propria attivit\u00e0 nel ripristino delle strutture esterne della Casera Corpassa.\u00a0 Il primo intervento gi\u00e0 effettuato \u00e8 stato quello di liberare tutta l\u2019area prativa dagli&hellip;<\/p>\n","protected":false},"author":4,"featured_media":340485,"comment_status":"closed","ping_status":"closed","sticky":false,"template":"","format":"standard","meta":{"_monsterinsights_skip_tracking":false,"_monsterinsights_sitenote_active":false,"_monsterinsights_sitenote_note":"","_monsterinsights_sitenote_category":0,"footnotes":""},"categories":[51,49],"tags":[],"class_list":["post-340484","post","type-post","status-publish","format-standard","has-post-thumbnail","hentry","category-evidenza-top","category-news-18","category-51","category-49","description-off"],"img_url":"https:\/\/www.radiopiu.net\/wordpress\/wp-content\/uploads\/2023\/06\/Nuovo-set-tavolo-e-panche.jpg","_links":{"self":[{"href":"https:\/\/www.radiopiu.net\/wordpress\/wp-json\/wp\/v2\/posts\/340484","targetHints":{"allow":["GET"]}}],"collection":[{"href":"https:\/\/www.radiopiu.net\/wordpress\/wp-json\/wp\/v2\/posts"}],"about":[{"href":"https:\/\/www.radiopiu.net\/wordpress\/wp-json\/wp\/v2\/types\/post"}],"author":[{"embeddable":true,"href":"https:\/\/www.radiopiu.net\/wordpress\/wp-json\/wp\/v2\/users\/4"}],"replies":[{"embeddable":true,"href":"https:\/\/www.radiopiu.net\/wordpress\/wp-json\/wp\/v2\/comments?post=340484"}],"version-history":[{"count":0,"href":"https:\/\/www.radiopiu.net\/wordpress\/wp-json\/wp\/v2\/posts\/340484\/revisions"}],"wp:featuredmedia":[{"embeddable":true,"href":"https:\/\/www.radiopiu.net\/wordpress\/wp-json\/wp\/v2\/media\/340485"}],"wp:attachment":[{"href":"https:\/\/www.radiopiu.net\/wordpress\/wp-json\/wp\/v2\/media?parent=340484"}],"wp:term":[{"taxonomy":"category","embeddable":true,"href":"https:\/\/www.radiopiu.net\/wordpress\/wp-json\/wp\/v2\/categories?post=340484"},{"taxonomy":"post_tag","embeddable":true,"href":"https:\/\/www.radiopiu.net\/wordpress\/wp-json\/wp\/v2\/tags?post=340484"}],"curies":[{"name":"wp","href":"https:\/\/api.w.org\/{rel}","templated":true}]}}